{"id":17433,"date":"2019-08-13T21:52:52","date_gmt":"2019-08-13T19:52:52","guid":{"rendered":"https:\/\/marekkuchcinski.pl\/?p=17433"},"modified":"2019-08-13T21:52:53","modified_gmt":"2019-08-13T19:52:53","slug":"wyborcy-sygnalizuja-w-badaniach-ze-chca-kontynuacji-rzadow-pis-w-nastepnej-kadencji","status":"publish","type":"post","link":"https:\/\/marekkuchcinski.pl\/sk\/wydarzenia\/wyborcy-sygnalizuja-w-badaniach-ze-chca-kontynuacji-rzadow-pis-w-nastepnej-kadencji\/","title":{"rendered":"Voli\u010di v prieskumoch signalizuj\u00fa, \u017ee si \u017eelaj\u00fa pokra\u010dovanie vl\u00e1dy PiS aj v \u010fal\u0161om volebnom obdob\u00ed!"},"content":{"rendered":"<p class=\"wp-block-paragraph\"><\/p>\n\n\n\n<p class=\"wp-block-paragraph\"><\/p>\n\n\n\n<p class=\"wp-block-paragraph\"> Dva mesiace po v\u00ed\u0165azstve PiS v parlamentn\u00fdch vo\u013eb\u00e1ch do E\u00da voli\u010di v prieskumoch signalizuj\u00fa, \u017ee si \u017eelaj\u00fa pokra\u010dovanie vl\u00e1dy PiS aj v \u010fal\u0161om volebnom obdob\u00ed. Toto je v\u00fdsledok na\u0161ich mnoh\u00fdch stretnut\u00ed s ob\u010danmi v celom Po\u013esku, vr\u00e1tane Podkarpatska. Voli\u010di oce\u0148uj\u00fa pr\u00e1cu parlamentnej v\u00e4\u010d\u0161iny pri realiz\u00e1cii potrieb ob\u010danov, hospod\u00e1rskeho rastu, zni\u017eovan\u00ed nezamestnanosti. Budeme pokra\u010dova\u0165 v realiz\u00e1cii n\u00e1\u0161ho programu na zlep\u0161enie \u017eivotn\u00fdch podmienok, podporu zranite\u013en\u00fdch os\u00f4b, rozvoj hospod\u00e1rstva a posilnenie Po\u013eska.&nbsp; &nbsp;&nbsp;<\/p>\n\n\n\n<figure class=\"wp-block-image\"><img fetchpriority=\"high\" decoding=\"async\" width=\"1024\" height=\"951\" src=\"https:\/\/marekkuchcinski.pl\/wp-content\/uploads\/2019\/08\/image-1-1-1024x951.png\" alt=\"\" class=\"wp-image-17435\" srcset=\"https:\/\/marekkuchcinski.pl\/wp-content\/uploads\/2019\/08\/image-1-1-1024x951.png 1024w, https:\/\/marekkuchcinski.pl\/wp-content\/uploads\/2019\/08\/image-1-1-300x279.png 300w, https:\/\/marekkuchcinski.pl\/wp-content\/uploads\/2019\/08\/image-1-1-768x713.png 768w, https:\/\/marekkuchcinski.pl\/wp-content\/uploads\/2019\/08\/image-1-1.png 1189w\" sizes=\"(max-width: 1024px) 100vw, 1024px\" \/><\/figure>","protected":false},"excerpt":{"rendered":"<p>Po dw\u00f3ch miesi\u0105cach od wygranych przez PiS wybor\u00f3w do parlamentu UE, wyborcy sygnalizuj\u0105 w badaniach, \u017ce &nbsp;chc\u0105 kontynuacji rz\u0105d\u00f3w PiS w nast\u0119pnej kadencji. To efekt wielu naszych spotka\u0144 z obywatelami &nbsp;&nbsp;w ca\u0142ej Polsce, mi\u0119dzy innymi na Podkarpaciu. Wyborcy&nbsp; doceniaj\u0105 prac\u0119 wi\u0119kszo\u015bci sejmowej na rzecz realizowania potrzeb obywateli, wzrostu gospodarczego, spadku bezrobocia. Nadal b\u0119dziemy wprowadza\u0107 program&nbsp; [&hellip;]<\/p>\n","protected":false},"author":15,"featured_media":17434,"comment_status":"open","ping_status":"open","sticky":false,"template":"","format":"standard","meta":{"ngg_post_thumbnail":0,"footnotes":""},"categories":[83,3],"tags":[],"class_list":["post-17433","post","type-post","status-publish","format-standard","has-post-thumbnail","hentry","category-badania-spoleczne","category-wydarzenia"],"_links":{"self":[{"href":"https:\/\/marekkuchcinski.pl\/sk\/wp-json\/wp\/v2\/posts\/17433","targetHints":{"allow":["GET"]}}],"collection":[{"href":"https:\/\/marekkuchcinski.pl\/sk\/wp-json\/wp\/v2\/posts"}],"about":[{"href":"https:\/\/marekkuchcinski.pl\/sk\/wp-json\/wp\/v2\/types\/post"}],"author":[{"embeddable":true,"href":"https:\/\/marekkuchcinski.pl\/sk\/wp-json\/wp\/v2\/users\/15"}],"replies":[{"embeddable":true,"href":"https:\/\/marekkuchcinski.pl\/sk\/wp-json\/wp\/v2\/comments?post=17433"}],"version-history":[{"count":2,"href":"https:\/\/marekkuchcinski.pl\/sk\/wp-json\/wp\/v2\/posts\/17433\/revisions"}],"predecessor-version":[{"id":17437,"href":"https:\/\/marekkuchcinski.pl\/sk\/wp-json\/wp\/v2\/posts\/17433\/revisions\/17437"}],"wp:featuredmedia":[{"embeddable":true,"href":"https:\/\/marekkuchcinski.pl\/sk\/wp-json\/wp\/v2\/media\/17434"}],"wp:attachment":[{"href":"https:\/\/marekkuchcinski.pl\/sk\/wp-json\/wp\/v2\/media?parent=17433"}],"wp:term":[{"taxonomy":"category","embeddable":true,"href":"https:\/\/marekkuchcinski.pl\/sk\/wp-json\/wp\/v2\/categories?post=17433"},{"taxonomy":"post_tag","embeddable":true,"href":"https:\/\/marekkuchcinski.pl\/sk\/wp-json\/wp\/v2\/tags?post=17433"}],"curies":[{"name":"wp","href":"https:\/\/api.w.org\/{rel}","templated":true}]}}