{"id":17421,"date":"2019-08-12T16:14:57","date_gmt":"2019-08-12T14:14:57","guid":{"rendered":"https:\/\/marekkuchcinski.pl\/?p=17421"},"modified":"2019-08-12T23:15:56","modified_gmt":"2019-08-12T21:15:56","slug":"dzis-mija-11-rocznica-pamietnego-wystapienia-lecha-kaczynskiego-na-wiecu-w-tbilisi","status":"publish","type":"post","link":"https:\/\/marekkuchcinski.pl\/sk\/bez-kategorii\/dzis-mija-11-rocznica-pamietnego-wystapienia-lecha-kaczynskiego-na-wiecu-w-tbilisi\/","title":{"rendered":"Dnes si pripom\u00edname 11. v\u00fdro\u010die pam\u00e4tn\u00e9ho prejavu Lecha Kaczy\u0144sk\u00e9ho na zhroma\u017eden\u00ed v Tbilisi"},"content":{"rendered":"<p>Dnes si pripom\u00edname 11. v\u00fdro\u010die pam\u00e4tn\u00e9ho prejavu Lecha Kaczynsk\u00e9ho na zhroma\u017eden\u00ed v Tbilisi. V piaty rozhoduj\u00faci de\u0148 rusko-gruz\u00ednskej vojny, ke\u010f rusk\u00e9 vojsk\u00e1 obsadili mest\u00e1 Karaleti a Gori a postupovali smerom na Tbilisi, do Gruz\u00ednska osobne pricestoval Lech Kaczy\u0144ski a vzal so sebou ved\u00facich predstavite\u013eov Ukrajiny, Litvy, Loty\u0161ska a Est\u00f3nska. V prejave pred budovou parlamentu pred 200 000 Gruz\u00edncami zd\u00f4raznil, \u017ee je povinnos\u0165ou medzin\u00e1rodn\u00e9ho spolo\u010denstva solid\u00e1rne sa postavi\u0165 proti rusk\u00fdm imperi\u00e1lnym amb\u00edci\u00e1m. \"Chcel by som to poveda\u0165 nielen v\u00e1m, chcel by som to poveda\u0165 aj t\u00fdm z na\u0161ej spolo\u010dnej Eur\u00f3pskej \u00fanie, \u017ee stredn\u00e1 Eur\u00f3pa, Gruz\u00ednsko, \u017ee cel\u00fd n\u00e1\u0161 regi\u00f3n bude po\u010d\u00edta\u0165 s t\u00fdm, \u017ee sme subjekt,\" zd\u00f4raznil. - \"A tie\u017e ve\u013emi dobre vieme, \u017ee dnes Gruz\u00ednsko, zajtra Ukrajina, pozajtra pobaltsk\u00e9 \u0161t\u00e1ty a nesk\u00f4r mo\u017eno pr\u00edde \u010das na moju krajinu - Po\u013esko.\"   Lech Kaczy\u0144ski bol jedn\u00fdm z najv\u00e4\u010d\u0161\u00edch \u0161t\u00e1tnikov v dejin\u00e1ch Po\u013eska a vynikaj\u00faco predv\u00eddal mo\u017en\u00e9 scen\u00e1re v\u00fdvoja medzin\u00e1rodn\u00fdch udalost\u00ed. Z\u00e1rove\u0148 im dok\u00e1zal \u00fa\u010dinne a odv\u00e1\u017ene \u010deli\u0165. Pod\u013ea gruz\u00ednskych politikov a koment\u00e1torov bola n\u00e1v\u0161teva Lecha Kaczy\u0144sk\u00e9ho d\u00f4le\u017eit\u00fdm prvkom pri zastaven\u00ed ruskej agresie. Gruz\u00ednci nikdy nezabudli, \u010do pre nich Lech Kaczy\u0144ski urobil.  Na znak v\u010faky a na zachovanie jeho pamiatky a pr\u00ednosu k nez\u00e1vislosti Gruz\u00ednska po \u0148om pomenovali ulice a n\u00e1mestia a v Tbilisi postavili bustu po\u013esk\u00e9ho prezidenta.<\/p>","protected":false},"excerpt":{"rendered":"<p>Dzi\u015b mija 11. rocznica pami\u0119tnego wyst\u0105pienia Lecha Kaczy\u0144skiego na wiecu w Tbilisi. W pi\u0105tym, decyduj\u0105cym dniu rosyjsko-gruzi\u0144skiej wojny, kiedy to rosyjskie oddzia\u0142y zaj\u0119\u0142y miejscowo\u015bci Karaleti i Gori i posuwa\u0142y si\u0119 w kierunku Tbilisi, Lech Kaczy\u0144ski osobi\u015bcie przyby\u0142 do Gruzji, zabieraj\u0105c ze sob\u0105 przyw\u00f3dc\u00f3w: Ukrainy, Litwy, \u0141otwy i Estonii. Podczas przem\u00f3wienia przed budynkiem parlamentu do zgromadzonych [&hellip;]<\/p>","protected":false},"author":15,"featured_media":0,"comment_status":"open","ping_status":"open","sticky":false,"template":"","format":"standard","meta":{"ngg_post_thumbnail":0,"footnotes":""},"categories":[1],"tags":[],"class_list":["post-17421","post","type-post","status-publish","format-standard","hentry","category-bez-kategorii"],"yoast_head":"<!-- This site is optimized with the Yoast SEO plugin v24.7 - https:\/\/yoast.com\/wordpress\/plugins\/seo\/ -->\n<title>Dzi\u015b mija 11. rocznica pami\u0119tnego wyst\u0105pienia Lecha Kaczy\u0144skiego na wiecu w Tbilisi &#8211; Marek Kuchci\u0144ski<\/title>\n<meta name=\"robots\" content=\"index, follow, max-snippet:-1, max-image-preview:large, max-video-preview:-1\" \/>\n<link rel=\"canonical\" href=\"https:\/\/marekkuchcinski.pl\/sk\/bez-kategorii\/dzis-mija-11-rocznica-pamietnego-wystapienia-lecha-kaczynskiego-na-wiecu-w-tbilisi\/\" \/>\n<meta property=\"og:locale\" content=\"sk_SK\" \/>\n<meta property=\"og:type\" content=\"article\" \/>\n<meta property=\"og:title\" content=\"Dzi\u015b mija 11. rocznica pami\u0119tnego wyst\u0105pienia Lecha Kaczy\u0144skiego na wiecu w Tbilisi &#8211; Marek Kuchci\u0144ski\" \/>\n<meta property=\"og:description\" content=\"Dzi\u015b mija 11. rocznica pami\u0119tnego wyst\u0105pienia Lecha Kaczy\u0144skiego na wiecu w Tbilisi. W pi\u0105tym, decyduj\u0105cym dniu rosyjsko-gruzi\u0144skiej wojny, kiedy to rosyjskie oddzia\u0142y zaj\u0119\u0142y miejscowo\u015bci Karaleti i Gori i posuwa\u0142y si\u0119 w kierunku Tbilisi, Lech Kaczy\u0144ski osobi\u015bcie przyby\u0142 do Gruzji, zabieraj\u0105c ze sob\u0105 przyw\u00f3dc\u00f3w: Ukrainy, Litwy, \u0141otwy i Estonii. Podczas przem\u00f3wienia przed budynkiem parlamentu do zgromadzonych [&hellip;]\" \/>\n<meta property=\"og:url\" content=\"https:\/\/marekkuchcinski.pl\/sk\/bez-kategorii\/dzis-mija-11-rocznica-pamietnego-wystapienia-lecha-kaczynskiego-na-wiecu-w-tbilisi\/\" \/>\n<meta property=\"og:site_name\" content=\"Marek Kuchci\u0144ski\" \/>\n<meta property=\"article:published_time\" content=\"2019-08-12T14:14:57+00:00\" \/>\n<meta property=\"article:modified_time\" content=\"2019-08-12T21:15:56+00:00\" \/>\n<meta property=\"og:image\" content=\"https:\/\/marekkuchcinski.pl\/wp-content\/uploads\/2022\/09\/Marek.jpg\" \/>\n\t<meta property=\"og:image:width\" content=\"1600\" \/>\n\t<meta property=\"og:image:height\" content=\"971\" \/>\n\t<meta property=\"og:image:type\" content=\"image\/jpeg\" \/>\n<meta name=\"author\" content=\"Andrzej Paniw\" \/>\n<meta name=\"twitter:card\" content=\"summary_large_image\" \/>\n<meta name=\"twitter:label1\" content=\"Autor\" \/>\n\t<meta name=\"twitter:data1\" content=\"Andrzej Paniw\" \/>\n\t<meta name=\"twitter:label2\" content=\"Predpokladan\u00fd \u010das \u010d\u00edtania\" \/>\n\t<meta name=\"twitter:data2\" content=\"1 min\u00fata\" \/>\n<script type=\"application\/ld+json\" class=\"yoast-schema-graph\">{\"@context\":\"https:\/\/schema.org\",\"@graph\":[{\"@type\":\"Article\",\"@id\":\"https:\/\/marekkuchcinski.pl\/bez-kategorii\/dzis-mija-11-rocznica-pamietnego-wystapienia-lecha-kaczynskiego-na-wiecu-w-tbilisi\/#article\",\"isPartOf\":{\"@id\":\"https:\/\/marekkuchcinski.pl\/bez-kategorii\/dzis-mija-11-rocznica-pamietnego-wystapienia-lecha-kaczynskiego-na-wiecu-w-tbilisi\/\"},\"author\":{\"name\":\"Andrzej Paniw\",\"@id\":\"https:\/\/marekkuchcinski.pl\/#\/schema\/person\/0346d7f21c9bed5cf4eed3231e9f59fa\"},\"headline\":\"Dzi\u015b mija 11. rocznica pami\u0119tnego wyst\u0105pienia Lecha Kaczy\u0144skiego na wiecu w Tbilisi\",\"datePublished\":\"2019-08-12T14:14:57+00:00\",\"dateModified\":\"2019-08-12T21:15:56+00:00\",\"mainEntityOfPage\":{\"@id\":\"https:\/\/marekkuchcinski.pl\/bez-kategorii\/dzis-mija-11-rocznica-pamietnego-wystapienia-lecha-kaczynskiego-na-wiecu-w-tbilisi\/\"},\"wordCount\":276,\"commentCount\":0,\"publisher\":{\"@id\":\"https:\/\/marekkuchcinski.pl\/#organization\"},\"articleSection\":[\"Bez kategorii\"],\"inLanguage\":\"sk-SK\",\"potentialAction\":[{\"@type\":\"CommentAction\",\"name\":\"Comment\",\"target\":[\"https:\/\/marekkuchcinski.pl\/bez-kategorii\/dzis-mija-11-rocznica-pamietnego-wystapienia-lecha-kaczynskiego-na-wiecu-w-tbilisi\/#respond\"]}]},{\"@type\":\"WebPage\",\"@id\":\"https:\/\/marekkuchcinski.pl\/bez-kategorii\/dzis-mija-11-rocznica-pamietnego-wystapienia-lecha-kaczynskiego-na-wiecu-w-tbilisi\/\",\"url\":\"https:\/\/marekkuchcinski.pl\/bez-kategorii\/dzis-mija-11-rocznica-pamietnego-wystapienia-lecha-kaczynskiego-na-wiecu-w-tbilisi\/\",\"name\":\"Dzi\u015b mija 11. rocznica pami\u0119tnego wyst\u0105pienia Lecha Kaczy\u0144skiego na wiecu w Tbilisi &#8211; Marek Kuchci\u0144ski\",\"isPartOf\":{\"@id\":\"https:\/\/marekkuchcinski.pl\/#website\"},\"datePublished\":\"2019-08-12T14:14:57+00:00\",\"dateModified\":\"2019-08-12T21:15:56+00:00\",\"breadcrumb\":{\"@id\":\"https:\/\/marekkuchcinski.pl\/bez-kategorii\/dzis-mija-11-rocznica-pamietnego-wystapienia-lecha-kaczynskiego-na-wiecu-w-tbilisi\/#breadcrumb\"},\"inLanguage\":\"sk-SK\",\"potentialAction\":[{\"@type\":\"ReadAction\",\"target\":[\"https:\/\/marekkuchcinski.pl\/bez-kategorii\/dzis-mija-11-rocznica-pamietnego-wystapienia-lecha-kaczynskiego-na-wiecu-w-tbilisi\/\"]}]},{\"@type\":\"BreadcrumbList\",\"@id\":\"https:\/\/marekkuchcinski.pl\/bez-kategorii\/dzis-mija-11-rocznica-pamietnego-wystapienia-lecha-kaczynskiego-na-wiecu-w-tbilisi\/#breadcrumb\",\"itemListElement\":[{\"@type\":\"ListItem\",\"position\":1,\"name\":\"Strona g\u0142\u00f3wna\",\"item\":\"https:\/\/marekkuchcinski.pl\/\"},{\"@type\":\"ListItem\",\"position\":2,\"name\":\"Dzi\u015b mija 11. rocznica pami\u0119tnego wyst\u0105pienia Lecha Kaczy\u0144skiego na wiecu w Tbilisi\"}]},{\"@type\":\"WebSite\",\"@id\":\"https:\/\/marekkuchcinski.pl\/#website\",\"url\":\"https:\/\/marekkuchcinski.pl\/\",\"name\":\"Marek Kuchci\u0144ski\",\"description\":\"Pose\u0142 na sejm RP &ndash; okr\u0119g nr 22\",\"publisher\":{\"@id\":\"https:\/\/marekkuchcinski.pl\/#organization\"},\"potentialAction\":[{\"@type\":\"SearchAction\",\"target\":{\"@type\":\"EntryPoint\",\"urlTemplate\":\"https:\/\/marekkuchcinski.pl\/?s={search_term_string}\"},\"query-input\":{\"@type\":\"PropertyValueSpecification\",\"valueRequired\":true,\"valueName\":\"search_term_string\"}}],\"inLanguage\":\"sk-SK\"},{\"@type\":\"Organization\",\"@id\":\"https:\/\/marekkuchcinski.pl\/#organization\",\"name\":\"Marek Kuchci\u0144ski\",\"url\":\"https:\/\/marekkuchcinski.pl\/\",\"logo\":{\"@type\":\"ImageObject\",\"inLanguage\":\"sk-SK\",\"@id\":\"https:\/\/marekkuchcinski.pl\/#\/schema\/logo\/image\/\",\"url\":\"https:\/\/marekkuchcinski.pl\/wp-content\/uploads\/2022\/09\/Marek.jpg\",\"contentUrl\":\"https:\/\/marekkuchcinski.pl\/wp-content\/uploads\/2022\/09\/Marek.jpg\",\"width\":1600,\"height\":971,\"caption\":\"Marek Kuchci\u0144ski\"},\"image\":{\"@id\":\"https:\/\/marekkuchcinski.pl\/#\/schema\/logo\/image\/\"}},{\"@type\":\"Person\",\"@id\":\"https:\/\/marekkuchcinski.pl\/#\/schema\/person\/0346d7f21c9bed5cf4eed3231e9f59fa\",\"name\":\"Andrzej Paniw\",\"image\":{\"@type\":\"ImageObject\",\"inLanguage\":\"sk-SK\",\"@id\":\"https:\/\/marekkuchcinski.pl\/#\/schema\/person\/image\/\",\"url\":\"https:\/\/secure.gravatar.com\/avatar\/b68f7f24be3be59e4e54b34ffa26bdeb?s=96&d=mm&r=g\",\"contentUrl\":\"https:\/\/secure.gravatar.com\/avatar\/b68f7f24be3be59e4e54b34ffa26bdeb?s=96&d=mm&r=g\",\"caption\":\"Andrzej Paniw\"},\"url\":\"https:\/\/marekkuchcinski.pl\/sk\/author\/andrzej-paniw\/\"}]}<\/script>\n<!-- \/ Yoast SEO plugin. -->","yoast_head_json":{"title":"Dzi\u015b mija 11. rocznica pami\u0119tnego wyst\u0105pienia Lecha Kaczy\u0144skiego na wiecu w Tbilisi &#8211; Marek Kuchci\u0144ski","robots":{"index":"index","follow":"follow","max-snippet":"max-snippet:-1","max-image-preview":"max-image-preview:large","max-video-preview":"max-video-preview:-1"},"canonical":"https:\/\/marekkuchcinski.pl\/sk\/bez-kategorii\/dzis-mija-11-rocznica-pamietnego-wystapienia-lecha-kaczynskiego-na-wiecu-w-tbilisi\/","og_locale":"sk_SK","og_type":"article","og_title":"Dzi\u015b mija 11. rocznica pami\u0119tnego wyst\u0105pienia Lecha Kaczy\u0144skiego na wiecu w Tbilisi &#8211; Marek Kuchci\u0144ski","og_description":"Dzi\u015b mija 11. rocznica pami\u0119tnego wyst\u0105pienia Lecha Kaczy\u0144skiego na wiecu w Tbilisi. W pi\u0105tym, decyduj\u0105cym dniu rosyjsko-gruzi\u0144skiej wojny, kiedy to rosyjskie oddzia\u0142y zaj\u0119\u0142y miejscowo\u015bci Karaleti i Gori i posuwa\u0142y si\u0119 w kierunku Tbilisi, Lech Kaczy\u0144ski osobi\u015bcie przyby\u0142 do Gruzji, zabieraj\u0105c ze sob\u0105 przyw\u00f3dc\u00f3w: Ukrainy, Litwy, \u0141otwy i Estonii. Podczas przem\u00f3wienia przed budynkiem parlamentu do zgromadzonych [&hellip;]","og_url":"https:\/\/marekkuchcinski.pl\/sk\/bez-kategorii\/dzis-mija-11-rocznica-pamietnego-wystapienia-lecha-kaczynskiego-na-wiecu-w-tbilisi\/","og_site_name":"Marek Kuchci\u0144ski","article_published_time":"2019-08-12T14:14:57+00:00","article_modified_time":"2019-08-12T21:15:56+00:00","og_image":[{"width":1600,"height":971,"url":"https:\/\/marekkuchcinski.pl\/wp-content\/uploads\/2022\/09\/Marek.jpg","type":"image\/jpeg"}],"author":"Andrzej Paniw","twitter_card":"summary_large_image","twitter_misc":{"Autor":"Andrzej Paniw","Predpokladan\u00fd \u010das \u010d\u00edtania":"1 min\u00fata"},"schema":{"@context":"https:\/\/schema.org","@graph":[{"@type":"Article","@id":"https:\/\/marekkuchcinski.pl\/bez-kategorii\/dzis-mija-11-rocznica-pamietnego-wystapienia-lecha-kaczynskiego-na-wiecu-w-tbilisi\/#article","isPartOf":{"@id":"https:\/\/marekkuchcinski.pl\/bez-kategorii\/dzis-mija-11-rocznica-pamietnego-wystapienia-lecha-kaczynskiego-na-wiecu-w-tbilisi\/"},"author":{"name":"Andrzej Paniw","@id":"https:\/\/marekkuchcinski.pl\/#\/schema\/person\/0346d7f21c9bed5cf4eed3231e9f59fa"},"headline":"Dzi\u015b mija 11. rocznica pami\u0119tnego wyst\u0105pienia Lecha Kaczy\u0144skiego na wiecu w Tbilisi","datePublished":"2019-08-12T14:14:57+00:00","dateModified":"2019-08-12T21:15:56+00:00","mainEntityOfPage":{"@id":"https:\/\/marekkuchcinski.pl\/bez-kategorii\/dzis-mija-11-rocznica-pamietnego-wystapienia-lecha-kaczynskiego-na-wiecu-w-tbilisi\/"},"wordCount":276,"commentCount":0,"publisher":{"@id":"https:\/\/marekkuchcinski.pl\/#organization"},"articleSection":["Bez kategorii"],"inLanguage":"sk-SK","potentialAction":[{"@type":"CommentAction","name":"Comment","target":["https:\/\/marekkuchcinski.pl\/bez-kategorii\/dzis-mija-11-rocznica-pamietnego-wystapienia-lecha-kaczynskiego-na-wiecu-w-tbilisi\/#respond"]}]},{"@type":"WebPage","@id":"https:\/\/marekkuchcinski.pl\/bez-kategorii\/dzis-mija-11-rocznica-pamietnego-wystapienia-lecha-kaczynskiego-na-wiecu-w-tbilisi\/","url":"https:\/\/marekkuchcinski.pl\/bez-kategorii\/dzis-mija-11-rocznica-pamietnego-wystapienia-lecha-kaczynskiego-na-wiecu-w-tbilisi\/","name":"Dzi\u015b mija 11. rocznica pami\u0119tnego wyst\u0105pienia Lecha Kaczy\u0144skiego na wiecu w Tbilisi &#8211; Marek Kuchci\u0144ski","isPartOf":{"@id":"https:\/\/marekkuchcinski.pl\/#website"},"datePublished":"2019-08-12T14:14:57+00:00","dateModified":"2019-08-12T21:15:56+00:00","breadcrumb":{"@id":"https:\/\/marekkuchcinski.pl\/bez-kategorii\/dzis-mija-11-rocznica-pamietnego-wystapienia-lecha-kaczynskiego-na-wiecu-w-tbilisi\/#breadcrumb"},"inLanguage":"sk-SK","potentialAction":[{"@type":"ReadAction","target":["https:\/\/marekkuchcinski.pl\/bez-kategorii\/dzis-mija-11-rocznica-pamietnego-wystapienia-lecha-kaczynskiego-na-wiecu-w-tbilisi\/"]}]},{"@type":"BreadcrumbList","@id":"https:\/\/marekkuchcinski.pl\/bez-kategorii\/dzis-mija-11-rocznica-pamietnego-wystapienia-lecha-kaczynskiego-na-wiecu-w-tbilisi\/#breadcrumb","itemListElement":[{"@type":"ListItem","position":1,"name":"Strona g\u0142\u00f3wna","item":"https:\/\/marekkuchcinski.pl\/"},{"@type":"ListItem","position":2,"name":"Dzi\u015b mija 11. rocznica pami\u0119tnego wyst\u0105pienia Lecha Kaczy\u0144skiego na wiecu w Tbilisi"}]},{"@type":"WebSite","@id":"https:\/\/marekkuchcinski.pl\/#website","url":"https:\/\/marekkuchcinski.pl\/","name":"Marek Kuchci\u0144ski","description":"Pose\u0142 na sejm RP &ndash; okr\u0119g nr 22","publisher":{"@id":"https:\/\/marekkuchcinski.pl\/#organization"},"potentialAction":[{"@type":"SearchAction","target":{"@type":"EntryPoint","urlTemplate":"https:\/\/marekkuchcinski.pl\/?s={search_term_string}"},"query-input":{"@type":"PropertyValueSpecification","valueRequired":true,"valueName":"search_term_string"}}],"inLanguage":"sk-SK"},{"@type":"Organization","@id":"https:\/\/marekkuchcinski.pl\/#organization","name":"Marek Kuchci\u0144ski","url":"https:\/\/marekkuchcinski.pl\/","logo":{"@type":"ImageObject","inLanguage":"sk-SK","@id":"https:\/\/marekkuchcinski.pl\/#\/schema\/logo\/image\/","url":"https:\/\/marekkuchcinski.pl\/wp-content\/uploads\/2022\/09\/Marek.jpg","contentUrl":"https:\/\/marekkuchcinski.pl\/wp-content\/uploads\/2022\/09\/Marek.jpg","width":1600,"height":971,"caption":"Marek Kuchci\u0144ski"},"image":{"@id":"https:\/\/marekkuchcinski.pl\/#\/schema\/logo\/image\/"}},{"@type":"Person","@id":"https:\/\/marekkuchcinski.pl\/#\/schema\/person\/0346d7f21c9bed5cf4eed3231e9f59fa","name":"Andrzej Paniw","image":{"@type":"ImageObject","inLanguage":"sk-SK","@id":"https:\/\/marekkuchcinski.pl\/#\/schema\/person\/image\/","url":"https:\/\/secure.gravatar.com\/avatar\/b68f7f24be3be59e4e54b34ffa26bdeb?s=96&d=mm&r=g","contentUrl":"https:\/\/secure.gravatar.com\/avatar\/b68f7f24be3be59e4e54b34ffa26bdeb?s=96&d=mm&r=g","caption":"Andrzej Paniw"},"url":"https:\/\/marekkuchcinski.pl\/sk\/author\/andrzej-paniw\/"}]}},"_links":{"self":[{"href":"https:\/\/marekkuchcinski.pl\/sk\/wp-json\/wp\/v2\/posts\/17421","targetHints":{"allow":["GET"]}}],"collection":[{"href":"https:\/\/marekkuchcinski.pl\/sk\/wp-json\/wp\/v2\/posts"}],"about":[{"href":"https:\/\/marekkuchcinski.pl\/sk\/wp-json\/wp\/v2\/types\/post"}],"author":[{"embeddable":true,"href":"https:\/\/marekkuchcinski.pl\/sk\/wp-json\/wp\/v2\/users\/15"}],"replies":[{"embeddable":true,"href":"https:\/\/marekkuchcinski.pl\/sk\/wp-json\/wp\/v2\/comments?post=17421"}],"version-history":[{"count":6,"href":"https:\/\/marekkuchcinski.pl\/sk\/wp-json\/wp\/v2\/posts\/17421\/revisions"}],"predecessor-version":[{"id":17432,"href":"https:\/\/marekkuchcinski.pl\/sk\/wp-json\/wp\/v2\/posts\/17421\/revisions\/17432"}],"wp:attachment":[{"href":"https:\/\/marekkuchcinski.pl\/sk\/wp-json\/wp\/v2\/media?parent=17421"}],"wp:term":[{"taxonomy":"category","embeddable":true,"href":"https:\/\/marekkuchcinski.pl\/sk\/wp-json\/wp\/v2\/categories?post=17421"},{"taxonomy":"post_tag","embeddable":true,"href":"https:\/\/marekkuchcinski.pl\/sk\/wp-json\/wp\/v2\/tags?post=17421"}],"curies":[{"name":"wp","href":"https:\/\/api.w.org\/{rel}","templated":true}]}}