{"id":169,"date":"2012-03-01T11:49:22","date_gmt":"2012-03-01T10:49:22","guid":{"rendered":"https:\/\/marekkuchcinski.pl\/?p=169"},"modified":"2016-08-25T17:00:52","modified_gmt":"2016-08-25T15:00:52","slug":"uchwala-komitetu-politycznego-prawa-i-sprawiedliwosci-z-okazji-narodowego-dnia-zolnierzy-wykletych","status":"publish","type":"post","link":"https:\/\/marekkuchcinski.pl\/sk\/wydarzenia\/uchwala-komitetu-politycznego-prawa-i-sprawiedliwosci-z-okazji-narodowego-dnia-zolnierzy-wykletych\/","title":{"rendered":"Uznesenie Politick\u00e9ho v\u00fdboru strany Pr\u00e1vo a spravodlivos\u0165 pri pr\u00edle\u017eitosti N\u00e1rodn\u00e9ho d\u0148a utajovan\u00fdch vojakov"},"content":{"rendered":"<p>&nbsp;<\/p>\n<p style=\"text-align: justify;\">1. marca 1951 boli zavra\u017eden\u00ed \u010dlenovia \u0161tvrt\u00e9ho v\u00fdboru zdru\u017eenia \"Sloboda a nez\u00e1vislos\u0165\" na \u010dele s podplukovn\u00edkom \u0141ukaszom Ciepli\u0144sk\u00fdm \"P\u0142ugom\", ktor\u00e9mu prezident Lech Kaczy\u0144ski v roku 2007 posmrtne udelil najvy\u0161\u0161ie po\u013esk\u00e9 vyznamenanie Rad bieleho orla.<\/p>\n<p style=\"text-align: justify;\"><img fetchpriority=\"high\" decoding=\"async\" class=\"alignleft size-full wp-image-168\" alt=\"\" src=\"https:\/\/marekkuchcinski.pl\/wp-content\/uploads\/2012\/03\/j.%20franczak_ipn.jpg\" style=\"float: left; margin: 6px; height: 143px; width: 200px;\" width=\"265\" height=\"190\" \/><\/p>\n<p style=\"text-align: justify;\">&nbsp;<\/p>\n<p style=\"text-align: justify;\">Na pamiatku tejto udalosti si 1. marca pripom\u00edname N\u00e1rodn\u00fd de\u0148 pamiatky vys\u00eddlen\u00fdch vojakov. Vzd\u00e1vame hold 200 000 vojakom v ilegalite, ktor\u00ed bojovali v protikomunistickom povstan\u00ed v rokoch 1944 a\u017e 1955. 20 000 z nich padlo v boji, 8 000 bolo ods\u00faden\u00fdch na trest smrti, z toho 4 500 bolo popraven\u00fdch.<\/p>\n<p style=\"text-align: justify;\">&nbsp;<\/p>\n<p style=\"text-align: justify;\">Posledn\u00fd ukr\u00fdvaj\u00faci sa vojak bol zabit\u00fd v okt\u00f3bri 1963. 1. marca pri jeho pam\u00e4tn\u00edku v Piaskach pri Lubline polo\u017eia politici strany Pr\u00e1vo a spravodlivos\u0165 kvety a zap\u00e1lia svie\u010dky na po\u010des\u0165 v\u0161etk\u00fdch Wykl\u0119tymsk\u00fdch vojakov.<\/p>\n<p style=\"text-align: justify;\">&nbsp;<\/p>\n<p style=\"text-align: justify;\">Na obr\u00e1zku <a href=\"http:\/\/www.ipn.gov.pl\/portal.php?serwis=pl&amp;dzial=2&amp;id=5340&amp;poz=2\">(zdroj IPN): <\/a>z\u013eava: Stanis\u0142aw Kuchcewicz \"Wiktor\", N.N., J\u00f3zef Franczak \"Lalek\", Walenty Wa\u015bkowicz \"Strza\u0142a\" - Pozn\u00e1mka redakcie.<\/p>\n<p> <!--more--> <\/p>\n<p style=\"text-align: justify;\">&nbsp;<\/p>\n<p style=\"text-align: justify;\">Vojaci a \u00fa\u010dastn\u00edci protikomunistick\u00e9ho odboja z Vilensk\u00fdch brig\u00e1d, Zv\u00e4zu \"Sloboda a nez\u00e1vislos\u0165\", N\u00e1rodn\u00e9ho vojensk\u00e9ho zv\u00e4zu, N\u00e1rodn\u00fdch ozbrojen\u00fdch s\u00edl, Kon\u0161pira\u010dnej po\u013eskej arm\u00e1dy, Hnutia dom\u00e1ceho odboja a stoviek men\u0161\u00edch organiz\u00e1ci\u00ed a jednotiek, ktor\u00ed sa postavili do boja proti sovietskej okup\u00e1cii a komunistick\u00e9mu re\u017eimu, nap\u00edsali v dejin\u00e1ch Po\u013eska dvadsiateho storo\u010dia jednu z najheroickej\u0161\u00edch, ale aj najtragickej\u0161\u00edch str\u00e1nok. Mnoh\u00ed z nich dodnes nemaj\u00fa svoje hroby.<\/p>\n<p style=\"text-align: justify;\">&nbsp;<\/p>\n<p>Vojaci z Wykl\u0119cie zaplatili za svoju vernos\u0165 nez\u00e1visl\u00e9mu Po\u013esku nielen \u017eivotom. T\u00ed, ktor\u00fdm sa podarilo opusti\u0165 komunistick\u00e9 v\u00e4zenia, boli desa\u0165ro\u010dia prenasledovan\u00ed a \u0161ikanovan\u00ed, niektor\u00ed a\u017e do roku 1989. Represie postihli aj ich rodiny.<\/p>\n<p>&nbsp;<\/p>\n<p style=\"text-align: justify;\">V\u00fdraz \"prekliati vojaci\" dobre vystihuje ich osud. Komunistom nesta\u010dila ich smr\u0165 ani roky prenasledovania, museli ich zbavi\u0165 cti a zneucti\u0165 ich pamiatku. \u017dia\u013e, ani dnes nie je n\u00fadza o t\u00fdch, ktor\u00ed tieto obvinenia opakuj\u00fa. Vplyvn\u00e9 deti a vnuci \"vykon\u00e1vate\u013eov moci\" robia v\u0161etko pre to, aby pravda o \u00falohe ich predkov, ktor\u00ed sl\u00fa\u017eili cudzej moci, z\u00fa\u010dast\u0148ovali sa na justi\u010dn\u00fdch zlo\u010dinoch, zab\u00edjali falo\u0161n\u00fdm slovom, nevy\u0161la najavo.<\/p>\n<p style=\"text-align: justify;\">&nbsp;<\/p>\n<p style=\"text-align: justify;\">Mnoh\u00ed komunistick\u00ed zlo\u010dinci pritom st\u00e1le zost\u00e1vaj\u00fa nepotrestan\u00ed, mnoh\u00ed dost\u00e1vaj\u00fa vysok\u00e9 d\u00f4chodky a zachov\u00e1vaj\u00fa si voskov\u00e9 hodnosti a vyznamenania. B\u00fdval\u00ed aktivisti komunistickej diktat\u00fary a b\u00fdval\u00ed spolupracovn\u00edci bezpe\u010dnostn\u00e9ho apar\u00e1tu st\u00e1le p\u00f4sobia vo verejnom \u017eivote, v \u0161t\u00e1tnej spr\u00e1ve, v m\u00e9di\u00e1ch a na univerzit\u00e1ch. V t\u00fdchto kruhoch sa st\u00e1le otupuje a o\u010dier\u0148uje pamiatka na Viklefov\u00fdch vojakov.&nbsp;&nbsp;<\/p>\n<p style=\"text-align: justify;\">&nbsp;<\/p>\n<p style=\"text-align: justify;\">Strana Pr\u00e1vo a spravodlivos\u0165 vyz\u00fdva na d\u00f4stojn\u00e9 uctenie si pamiatky vojakov povojnov\u00e9ho protikomunistick\u00e9ho povstania, na vyvesenie z\u00e1stav na \u00faradoch, \u0161kol\u00e1ch a v na\u0161ich domovoch, na \u00fa\u010das\u0165 na sl\u00e1vnostiach, na modlitby za zavra\u017eden\u00fdch, zabit\u00fdch a m\u0155tvych vo v\u00e4zen\u00ed. Vyz\u00fdvame \u0161t\u00e1tne a miestne org\u00e1ny, aby zorganizovali spomienkov\u00e9 akcie.<\/p>\n<p style=\"text-align: justify;\">&nbsp;<\/p>\n<p style=\"text-align: justify;\">O\u010dak\u00e1vame, \u017ee bude zru\u0161en\u00e1 faktick\u00e1 cenz\u00fara vo verejnopr\u00e1vnych m\u00e9di\u00e1ch a vzdel\u00e1vac\u00edch in\u0161tit\u00faci\u00e1ch, ktor\u00e1 obmedzuje realiz\u00e1ciu vzdel\u00e1vac\u00edch a umeleck\u00fdch programov venovan\u00fdch vojakom z Wykl\u00eaty. O\u010dak\u00e1vame, \u017ee z\u00e1kon o miestach n\u00e1rodnej pam\u00e4ti, ktor\u00fd doteraz blokovala vl\u00e1dna koal\u00edcia, bude prijat\u00fd.<\/p>\n<p style=\"text-align: justify;\">&nbsp;<\/p>\n<p style=\"text-align: justify;\">Spomienka na t\u00fdch, ktor\u00ed bojovali za nez\u00e1vislos\u0165 republiky, je na\u0161ou n\u00e1rodnou povinnos\u0165ou. Po\u013esko nikdy nezabudne na svojich hrdinov.<\/p>\n<p>&nbsp;<\/p>\n<p>&nbsp;<\/p>\n<p align=\"center\"><strong>Politick\u00fd v\u00fdbor<\/strong><\/p>\n<p align=\"center\"><strong>Pr\u00e1vo a spravodlivos\u0165<\/strong><\/p>","protected":false},"excerpt":{"rendered":"<p>&nbsp; 1 marca 1951 roku zostali zamordowani cz\u0142onkowie IV Zarz\u0105du Zrzeszenia \u201eWolno\u015b\u0107 i Niezawis\u0142o\u015b\u0107\u201d na czele z pp\u0142k. \u0141ukaszem Ciepli\u0144skim \u201eP\u0142ugiem\u201d, w 2007 roku przez Prezydenta Lecha Kaczy\u0144skiego uhonorowanym po\u015bmiertnie Orderem Or\u0142a Bia\u0142ego, najwy\u017cszym polskim odznaczeniem. &nbsp; Aby upami\u0119tni\u0107 to zdarzenie, 1 marca obchodzimy Narodowy Dzie\u0144 Pami\u0119ci \u017bo\u0142nierzy Wykl\u0119tych. Sk\u0142adamy ho\u0142d 200 tysi\u0105com \u017co\u0142nierzy podziemia [&hellip;]<\/p>","protected":false},"author":6,"featured_media":168,"comment_status":"open","ping_status":"open","sticky":false,"template":"","format":"standard","meta":{"ngg_post_thumbnail":0,"footnotes":""},"categories":[3],"tags":[],"class_list":["post-169","post","type-post","status-publish","format-standard","has-post-thumbnail","hentry","category-wydarzenia"],"yoast_head":"<!-- This site is optimized with the Yoast SEO plugin v24.7 - https:\/\/yoast.com\/wordpress\/plugins\/seo\/ -->\n<title>Uchwa\u0142a Komitetu Politycznego Prawa i Sprawiedliwo\u015bci z okazji Narodowego Dnia \u017bo\u0142nierzy Wykl\u0119tych &#8211; Marek Kuchci\u0144ski<\/title>\n<meta name=\"robots\" content=\"index, follow, max-snippet:-1, max-image-preview:large, max-video-preview:-1\" \/>\n<link rel=\"canonical\" href=\"https:\/\/marekkuchcinski.pl\/sk\/wydarzenia\/uchwala-komitetu-politycznego-prawa-i-sprawiedliwosci-z-okazji-narodowego-dnia-zolnierzy-wykletych\/\" \/>\n<meta property=\"og:locale\" content=\"sk_SK\" \/>\n<meta property=\"og:type\" content=\"article\" \/>\n<meta property=\"og:title\" content=\"Uchwa\u0142a Komitetu Politycznego Prawa i Sprawiedliwo\u015bci z okazji Narodowego Dnia \u017bo\u0142nierzy Wykl\u0119tych &#8211; Marek Kuchci\u0144ski\" \/>\n<meta property=\"og:description\" content=\"&nbsp; 1 marca 1951 roku zostali zamordowani cz\u0142onkowie IV Zarz\u0105du Zrzeszenia \u201eWolno\u015b\u0107 i Niezawis\u0142o\u015b\u0107\u201d na czele z pp\u0142k. \u0141ukaszem Ciepli\u0144skim \u201eP\u0142ugiem\u201d, w 2007 roku przez Prezydenta Lecha Kaczy\u0144skiego uhonorowanym po\u015bmiertnie Orderem Or\u0142a Bia\u0142ego, najwy\u017cszym polskim odznaczeniem. &nbsp; Aby upami\u0119tni\u0107 to zdarzenie, 1 marca obchodzimy Narodowy Dzie\u0144 Pami\u0119ci \u017bo\u0142nierzy Wykl\u0119tych. Sk\u0142adamy ho\u0142d 200 tysi\u0105com \u017co\u0142nierzy podziemia [&hellip;]\" \/>\n<meta property=\"og:url\" content=\"https:\/\/marekkuchcinski.pl\/sk\/wydarzenia\/uchwala-komitetu-politycznego-prawa-i-sprawiedliwosci-z-okazji-narodowego-dnia-zolnierzy-wykletych\/\" \/>\n<meta property=\"og:site_name\" content=\"Marek Kuchci\u0144ski\" \/>\n<meta property=\"article:published_time\" content=\"2012-03-01T10:49:22+00:00\" \/>\n<meta property=\"article:modified_time\" content=\"2016-08-25T15:00:52+00:00\" \/>\n<meta property=\"og:image\" content=\"https:\/\/marekkuchcinski.pl\/wp-content\/uploads\/2012\/03\/j.%20franczak_ipn.jpg\" \/>\n\t<meta property=\"og:image:width\" content=\"265\" \/>\n\t<meta property=\"og:image:height\" content=\"190\" \/>\n\t<meta property=\"og:image:type\" content=\"image\/jpeg\" \/>\n<meta name=\"author\" content=\"admin\" \/>\n<meta name=\"twitter:card\" content=\"summary_large_image\" \/>\n<meta name=\"twitter:label1\" content=\"Autor\" \/>\n\t<meta name=\"twitter:data1\" content=\"admin\" \/>\n\t<meta name=\"twitter:label2\" content=\"Predpokladan\u00fd \u010das \u010d\u00edtania\" \/>\n\t<meta name=\"twitter:data2\" content=\"3 min\u00faty\" \/>\n<script type=\"application\/ld+json\" class=\"yoast-schema-graph\">{\"@context\":\"https:\/\/schema.org\",\"@graph\":[{\"@type\":\"Article\",\"@id\":\"https:\/\/marekkuchcinski.pl\/sk\/wydarzenia\/uchwala-komitetu-politycznego-prawa-i-sprawiedliwosci-z-okazji-narodowego-dnia-zolnierzy-wykletych\/#article\",\"isPartOf\":{\"@id\":\"https:\/\/marekkuchcinski.pl\/sk\/wydarzenia\/uchwala-komitetu-politycznego-prawa-i-sprawiedliwosci-z-okazji-narodowego-dnia-zolnierzy-wykletych\/\"},\"author\":{\"name\":\"admin\",\"@id\":\"https:\/\/marekkuchcinski.pl\/#\/schema\/person\/6f62700996b4d950b6ea2d1183b6c6be\"},\"headline\":\"Uchwa\u0142a Komitetu Politycznego Prawa i Sprawiedliwo\u015bci z okazji Narodowego Dnia \u017bo\u0142nierzy Wykl\u0119tych\",\"datePublished\":\"2012-03-01T10:49:22+00:00\",\"dateModified\":\"2016-08-25T15:00:52+00:00\",\"mainEntityOfPage\":{\"@id\":\"https:\/\/marekkuchcinski.pl\/sk\/wydarzenia\/uchwala-komitetu-politycznego-prawa-i-sprawiedliwosci-z-okazji-narodowego-dnia-zolnierzy-wykletych\/\"},\"wordCount\":583,\"commentCount\":0,\"publisher\":{\"@id\":\"https:\/\/marekkuchcinski.pl\/#organization\"},\"image\":{\"@id\":\"https:\/\/marekkuchcinski.pl\/sk\/wydarzenia\/uchwala-komitetu-politycznego-prawa-i-sprawiedliwosci-z-okazji-narodowego-dnia-zolnierzy-wykletych\/#primaryimage\"},\"thumbnailUrl\":\"https:\/\/marekkuchcinski.pl\/wp-content\/uploads\/2012\/03\/j. franczak_ipn.jpg\",\"articleSection\":[\"Wydarzenia\"],\"inLanguage\":\"sk-SK\",\"potentialAction\":[{\"@type\":\"CommentAction\",\"name\":\"Comment\",\"target\":[\"https:\/\/marekkuchcinski.pl\/sk\/wydarzenia\/uchwala-komitetu-politycznego-prawa-i-sprawiedliwosci-z-okazji-narodowego-dnia-zolnierzy-wykletych\/#respond\"]}]},{\"@type\":\"WebPage\",\"@id\":\"https:\/\/marekkuchcinski.pl\/sk\/wydarzenia\/uchwala-komitetu-politycznego-prawa-i-sprawiedliwosci-z-okazji-narodowego-dnia-zolnierzy-wykletych\/\",\"url\":\"https:\/\/marekkuchcinski.pl\/sk\/wydarzenia\/uchwala-komitetu-politycznego-prawa-i-sprawiedliwosci-z-okazji-narodowego-dnia-zolnierzy-wykletych\/\",\"name\":\"Uchwa\u0142a Komitetu Politycznego Prawa i Sprawiedliwo\u015bci z okazji Narodowego Dnia \u017bo\u0142nierzy Wykl\u0119tych &#8211; Marek Kuchci\u0144ski\",\"isPartOf\":{\"@id\":\"https:\/\/marekkuchcinski.pl\/#website\"},\"primaryImageOfPage\":{\"@id\":\"https:\/\/marekkuchcinski.pl\/sk\/wydarzenia\/uchwala-komitetu-politycznego-prawa-i-sprawiedliwosci-z-okazji-narodowego-dnia-zolnierzy-wykletych\/#primaryimage\"},\"image\":{\"@id\":\"https:\/\/marekkuchcinski.pl\/sk\/wydarzenia\/uchwala-komitetu-politycznego-prawa-i-sprawiedliwosci-z-okazji-narodowego-dnia-zolnierzy-wykletych\/#primaryimage\"},\"thumbnailUrl\":\"https:\/\/marekkuchcinski.pl\/wp-content\/uploads\/2012\/03\/j. franczak_ipn.jpg\",\"datePublished\":\"2012-03-01T10:49:22+00:00\",\"dateModified\":\"2016-08-25T15:00:52+00:00\",\"breadcrumb\":{\"@id\":\"https:\/\/marekkuchcinski.pl\/sk\/wydarzenia\/uchwala-komitetu-politycznego-prawa-i-sprawiedliwosci-z-okazji-narodowego-dnia-zolnierzy-wykletych\/#breadcrumb\"},\"inLanguage\":\"sk-SK\",\"potentialAction\":[{\"@type\":\"ReadAction\",\"target\":[\"https:\/\/marekkuchcinski.pl\/sk\/wydarzenia\/uchwala-komitetu-politycznego-prawa-i-sprawiedliwosci-z-okazji-narodowego-dnia-zolnierzy-wykletych\/\"]}]},{\"@type\":\"ImageObject\",\"inLanguage\":\"sk-SK\",\"@id\":\"https:\/\/marekkuchcinski.pl\/sk\/wydarzenia\/uchwala-komitetu-politycznego-prawa-i-sprawiedliwosci-z-okazji-narodowego-dnia-zolnierzy-wykletych\/#primaryimage\",\"url\":\"https:\/\/marekkuchcinski.pl\/wp-content\/uploads\/2012\/03\/j. franczak_ipn.jpg\",\"contentUrl\":\"https:\/\/marekkuchcinski.pl\/wp-content\/uploads\/2012\/03\/j. franczak_ipn.jpg\",\"width\":265,\"height\":190},{\"@type\":\"BreadcrumbList\",\"@id\":\"https:\/\/marekkuchcinski.pl\/sk\/wydarzenia\/uchwala-komitetu-politycznego-prawa-i-sprawiedliwosci-z-okazji-narodowego-dnia-zolnierzy-wykletych\/#breadcrumb\",\"itemListElement\":[{\"@type\":\"ListItem\",\"position\":1,\"name\":\"Strona g\u0142\u00f3wna\",\"item\":\"https:\/\/marekkuchcinski.pl\/\"},{\"@type\":\"ListItem\",\"position\":2,\"name\":\"Uchwa\u0142a Komitetu Politycznego Prawa i Sprawiedliwo\u015bci z okazji Narodowego Dnia \u017bo\u0142nierzy Wykl\u0119tych\"}]},{\"@type\":\"WebSite\",\"@id\":\"https:\/\/marekkuchcinski.pl\/#website\",\"url\":\"https:\/\/marekkuchcinski.pl\/\",\"name\":\"Marek Kuchci\u0144ski\",\"description\":\"Pose\u0142 na sejm RP &ndash; okr\u0119g nr 22\",\"publisher\":{\"@id\":\"https:\/\/marekkuchcinski.pl\/#organization\"},\"potentialAction\":[{\"@type\":\"SearchAction\",\"target\":{\"@type\":\"EntryPoint\",\"urlTemplate\":\"https:\/\/marekkuchcinski.pl\/?s={search_term_string}\"},\"query-input\":{\"@type\":\"PropertyValueSpecification\",\"valueRequired\":true,\"valueName\":\"search_term_string\"}}],\"inLanguage\":\"sk-SK\"},{\"@type\":\"Organization\",\"@id\":\"https:\/\/marekkuchcinski.pl\/#organization\",\"name\":\"Marek Kuchci\u0144ski\",\"url\":\"https:\/\/marekkuchcinski.pl\/\",\"logo\":{\"@type\":\"ImageObject\",\"inLanguage\":\"sk-SK\",\"@id\":\"https:\/\/marekkuchcinski.pl\/#\/schema\/logo\/image\/\",\"url\":\"https:\/\/marekkuchcinski.pl\/wp-content\/uploads\/2022\/09\/Marek.jpg\",\"contentUrl\":\"https:\/\/marekkuchcinski.pl\/wp-content\/uploads\/2022\/09\/Marek.jpg\",\"width\":1600,\"height\":971,\"caption\":\"Marek Kuchci\u0144ski\"},\"image\":{\"@id\":\"https:\/\/marekkuchcinski.pl\/#\/schema\/logo\/image\/\"}},{\"@type\":\"Person\",\"@id\":\"https:\/\/marekkuchcinski.pl\/#\/schema\/person\/6f62700996b4d950b6ea2d1183b6c6be\",\"name\":\"admin\",\"image\":{\"@type\":\"ImageObject\",\"inLanguage\":\"sk-SK\",\"@id\":\"https:\/\/marekkuchcinski.pl\/#\/schema\/person\/image\/\",\"url\":\"https:\/\/secure.gravatar.com\/avatar\/4bab693b9d55c3d6b52c0296a8765085?s=96&d=mm&r=g\",\"contentUrl\":\"https:\/\/secure.gravatar.com\/avatar\/4bab693b9d55c3d6b52c0296a8765085?s=96&d=mm&r=g\",\"caption\":\"admin\"},\"url\":\"https:\/\/marekkuchcinski.pl\/sk\/author\/marta-olejnik\/\"}]}<\/script>\n<!-- \/ Yoast SEO plugin. -->","yoast_head_json":{"title":"Uchwa\u0142a Komitetu Politycznego Prawa i Sprawiedliwo\u015bci z okazji Narodowego Dnia \u017bo\u0142nierzy Wykl\u0119tych &#8211; Marek Kuchci\u0144ski","robots":{"index":"index","follow":"follow","max-snippet":"max-snippet:-1","max-image-preview":"max-image-preview:large","max-video-preview":"max-video-preview:-1"},"canonical":"https:\/\/marekkuchcinski.pl\/sk\/wydarzenia\/uchwala-komitetu-politycznego-prawa-i-sprawiedliwosci-z-okazji-narodowego-dnia-zolnierzy-wykletych\/","og_locale":"sk_SK","og_type":"article","og_title":"Uchwa\u0142a Komitetu Politycznego Prawa i Sprawiedliwo\u015bci z okazji Narodowego Dnia \u017bo\u0142nierzy Wykl\u0119tych &#8211; Marek Kuchci\u0144ski","og_description":"&nbsp; 1 marca 1951 roku zostali zamordowani cz\u0142onkowie IV Zarz\u0105du Zrzeszenia \u201eWolno\u015b\u0107 i Niezawis\u0142o\u015b\u0107\u201d na czele z pp\u0142k. \u0141ukaszem Ciepli\u0144skim \u201eP\u0142ugiem\u201d, w 2007 roku przez Prezydenta Lecha Kaczy\u0144skiego uhonorowanym po\u015bmiertnie Orderem Or\u0142a Bia\u0142ego, najwy\u017cszym polskim odznaczeniem. &nbsp; Aby upami\u0119tni\u0107 to zdarzenie, 1 marca obchodzimy Narodowy Dzie\u0144 Pami\u0119ci \u017bo\u0142nierzy Wykl\u0119tych. Sk\u0142adamy ho\u0142d 200 tysi\u0105com \u017co\u0142nierzy podziemia [&hellip;]","og_url":"https:\/\/marekkuchcinski.pl\/sk\/wydarzenia\/uchwala-komitetu-politycznego-prawa-i-sprawiedliwosci-z-okazji-narodowego-dnia-zolnierzy-wykletych\/","og_site_name":"Marek Kuchci\u0144ski","article_published_time":"2012-03-01T10:49:22+00:00","article_modified_time":"2016-08-25T15:00:52+00:00","og_image":[{"width":265,"height":190,"url":"https:\/\/marekkuchcinski.pl\/wp-content\/uploads\/2012\/03\/j. franczak_ipn.jpg","type":"image\/jpeg"}],"author":"admin","twitter_card":"summary_large_image","twitter_misc":{"Autor":"admin","Predpokladan\u00fd \u010das \u010d\u00edtania":"3 min\u00faty"},"schema":{"@context":"https:\/\/schema.org","@graph":[{"@type":"Article","@id":"https:\/\/marekkuchcinski.pl\/sk\/wydarzenia\/uchwala-komitetu-politycznego-prawa-i-sprawiedliwosci-z-okazji-narodowego-dnia-zolnierzy-wykletych\/#article","isPartOf":{"@id":"https:\/\/marekkuchcinski.pl\/sk\/wydarzenia\/uchwala-komitetu-politycznego-prawa-i-sprawiedliwosci-z-okazji-narodowego-dnia-zolnierzy-wykletych\/"},"author":{"name":"admin","@id":"https:\/\/marekkuchcinski.pl\/#\/schema\/person\/6f62700996b4d950b6ea2d1183b6c6be"},"headline":"Uchwa\u0142a Komitetu Politycznego Prawa i Sprawiedliwo\u015bci z okazji Narodowego Dnia \u017bo\u0142nierzy Wykl\u0119tych","datePublished":"2012-03-01T10:49:22+00:00","dateModified":"2016-08-25T15:00:52+00:00","mainEntityOfPage":{"@id":"https:\/\/marekkuchcinski.pl\/sk\/wydarzenia\/uchwala-komitetu-politycznego-prawa-i-sprawiedliwosci-z-okazji-narodowego-dnia-zolnierzy-wykletych\/"},"wordCount":583,"commentCount":0,"publisher":{"@id":"https:\/\/marekkuchcinski.pl\/#organization"},"image":{"@id":"https:\/\/marekkuchcinski.pl\/sk\/wydarzenia\/uchwala-komitetu-politycznego-prawa-i-sprawiedliwosci-z-okazji-narodowego-dnia-zolnierzy-wykletych\/#primaryimage"},"thumbnailUrl":"https:\/\/marekkuchcinski.pl\/wp-content\/uploads\/2012\/03\/j. franczak_ipn.jpg","articleSection":["Wydarzenia"],"inLanguage":"sk-SK","potentialAction":[{"@type":"CommentAction","name":"Comment","target":["https:\/\/marekkuchcinski.pl\/sk\/wydarzenia\/uchwala-komitetu-politycznego-prawa-i-sprawiedliwosci-z-okazji-narodowego-dnia-zolnierzy-wykletych\/#respond"]}]},{"@type":"WebPage","@id":"https:\/\/marekkuchcinski.pl\/sk\/wydarzenia\/uchwala-komitetu-politycznego-prawa-i-sprawiedliwosci-z-okazji-narodowego-dnia-zolnierzy-wykletych\/","url":"https:\/\/marekkuchcinski.pl\/sk\/wydarzenia\/uchwala-komitetu-politycznego-prawa-i-sprawiedliwosci-z-okazji-narodowego-dnia-zolnierzy-wykletych\/","name":"Uchwa\u0142a Komitetu Politycznego Prawa i Sprawiedliwo\u015bci z okazji Narodowego Dnia \u017bo\u0142nierzy Wykl\u0119tych &#8211; Marek Kuchci\u0144ski","isPartOf":{"@id":"https:\/\/marekkuchcinski.pl\/#website"},"primaryImageOfPage":{"@id":"https:\/\/marekkuchcinski.pl\/sk\/wydarzenia\/uchwala-komitetu-politycznego-prawa-i-sprawiedliwosci-z-okazji-narodowego-dnia-zolnierzy-wykletych\/#primaryimage"},"image":{"@id":"https:\/\/marekkuchcinski.pl\/sk\/wydarzenia\/uchwala-komitetu-politycznego-prawa-i-sprawiedliwosci-z-okazji-narodowego-dnia-zolnierzy-wykletych\/#primaryimage"},"thumbnailUrl":"https:\/\/marekkuchcinski.pl\/wp-content\/uploads\/2012\/03\/j. franczak_ipn.jpg","datePublished":"2012-03-01T10:49:22+00:00","dateModified":"2016-08-25T15:00:52+00:00","breadcrumb":{"@id":"https:\/\/marekkuchcinski.pl\/sk\/wydarzenia\/uchwala-komitetu-politycznego-prawa-i-sprawiedliwosci-z-okazji-narodowego-dnia-zolnierzy-wykletych\/#breadcrumb"},"inLanguage":"sk-SK","potentialAction":[{"@type":"ReadAction","target":["https:\/\/marekkuchcinski.pl\/sk\/wydarzenia\/uchwala-komitetu-politycznego-prawa-i-sprawiedliwosci-z-okazji-narodowego-dnia-zolnierzy-wykletych\/"]}]},{"@type":"ImageObject","inLanguage":"sk-SK","@id":"https:\/\/marekkuchcinski.pl\/sk\/wydarzenia\/uchwala-komitetu-politycznego-prawa-i-sprawiedliwosci-z-okazji-narodowego-dnia-zolnierzy-wykletych\/#primaryimage","url":"https:\/\/marekkuchcinski.pl\/wp-content\/uploads\/2012\/03\/j. franczak_ipn.jpg","contentUrl":"https:\/\/marekkuchcinski.pl\/wp-content\/uploads\/2012\/03\/j. franczak_ipn.jpg","width":265,"height":190},{"@type":"BreadcrumbList","@id":"https:\/\/marekkuchcinski.pl\/sk\/wydarzenia\/uchwala-komitetu-politycznego-prawa-i-sprawiedliwosci-z-okazji-narodowego-dnia-zolnierzy-wykletych\/#breadcrumb","itemListElement":[{"@type":"ListItem","position":1,"name":"Strona g\u0142\u00f3wna","item":"https:\/\/marekkuchcinski.pl\/"},{"@type":"ListItem","position":2,"name":"Uchwa\u0142a Komitetu Politycznego Prawa i Sprawiedliwo\u015bci z okazji Narodowego Dnia \u017bo\u0142nierzy Wykl\u0119tych"}]},{"@type":"WebSite","@id":"https:\/\/marekkuchcinski.pl\/#website","url":"https:\/\/marekkuchcinski.pl\/","name":"Marek Kuchci\u0144ski","description":"Pose\u0142 na sejm RP &ndash; okr\u0119g nr 22","publisher":{"@id":"https:\/\/marekkuchcinski.pl\/#organization"},"potentialAction":[{"@type":"SearchAction","target":{"@type":"EntryPoint","urlTemplate":"https:\/\/marekkuchcinski.pl\/?s={search_term_string}"},"query-input":{"@type":"PropertyValueSpecification","valueRequired":true,"valueName":"search_term_string"}}],"inLanguage":"sk-SK"},{"@type":"Organization","@id":"https:\/\/marekkuchcinski.pl\/#organization","name":"Marek Kuchci\u0144ski","url":"https:\/\/marekkuchcinski.pl\/","logo":{"@type":"ImageObject","inLanguage":"sk-SK","@id":"https:\/\/marekkuchcinski.pl\/#\/schema\/logo\/image\/","url":"https:\/\/marekkuchcinski.pl\/wp-content\/uploads\/2022\/09\/Marek.jpg","contentUrl":"https:\/\/marekkuchcinski.pl\/wp-content\/uploads\/2022\/09\/Marek.jpg","width":1600,"height":971,"caption":"Marek Kuchci\u0144ski"},"image":{"@id":"https:\/\/marekkuchcinski.pl\/#\/schema\/logo\/image\/"}},{"@type":"Person","@id":"https:\/\/marekkuchcinski.pl\/#\/schema\/person\/6f62700996b4d950b6ea2d1183b6c6be","name":"admin","image":{"@type":"ImageObject","inLanguage":"sk-SK","@id":"https:\/\/marekkuchcinski.pl\/#\/schema\/person\/image\/","url":"https:\/\/secure.gravatar.com\/avatar\/4bab693b9d55c3d6b52c0296a8765085?s=96&d=mm&r=g","contentUrl":"https:\/\/secure.gravatar.com\/avatar\/4bab693b9d55c3d6b52c0296a8765085?s=96&d=mm&r=g","caption":"admin"},"url":"https:\/\/marekkuchcinski.pl\/sk\/author\/marta-olejnik\/"}]}},"_links":{"self":[{"href":"https:\/\/marekkuchcinski.pl\/sk\/wp-json\/wp\/v2\/posts\/169","targetHints":{"allow":["GET"]}}],"collection":[{"href":"https:\/\/marekkuchcinski.pl\/sk\/wp-json\/wp\/v2\/posts"}],"about":[{"href":"https:\/\/marekkuchcinski.pl\/sk\/wp-json\/wp\/v2\/types\/post"}],"author":[{"embeddable":true,"href":"https:\/\/marekkuchcinski.pl\/sk\/wp-json\/wp\/v2\/users\/6"}],"replies":[{"embeddable":true,"href":"https:\/\/marekkuchcinski.pl\/sk\/wp-json\/wp\/v2\/comments?post=169"}],"version-history":[{"count":1,"href":"https:\/\/marekkuchcinski.pl\/sk\/wp-json\/wp\/v2\/posts\/169\/revisions"}],"predecessor-version":[{"id":1291,"href":"https:\/\/marekkuchcinski.pl\/sk\/wp-json\/wp\/v2\/posts\/169\/revisions\/1291"}],"wp:featuredmedia":[{"embeddable":true,"href":"https:\/\/marekkuchcinski.pl\/sk\/wp-json\/wp\/v2\/media\/168"}],"wp:attachment":[{"href":"https:\/\/marekkuchcinski.pl\/sk\/wp-json\/wp\/v2\/media?parent=169"}],"wp:term":[{"taxonomy":"category","embeddable":true,"href":"https:\/\/marekkuchcinski.pl\/sk\/wp-json\/wp\/v2\/categories?post=169"},{"taxonomy":"post_tag","embeddable":true,"href":"https:\/\/marekkuchcinski.pl\/sk\/wp-json\/wp\/v2\/tags?post=169"}],"curies":[{"name":"wp","href":"https:\/\/api.w.org\/{rel}","templated":true}]}}