{"id":16552,"date":"2019-06-28T19:18:58","date_gmt":"2019-06-28T17:18:58","guid":{"rendered":"https:\/\/marekkuchcinski.pl\/?p=16552"},"modified":"2019-07-02T20:43:26","modified_gmt":"2019-07-02T18:43:26","slug":"poprad-spotkanie-przewodniczacych-parlamentow-grupy-wyszehradzkiej","status":"publish","type":"post","link":"https:\/\/marekkuchcinski.pl\/sk\/wydarzenia\/poprad-spotkanie-przewodniczacych-parlamentow-grupy-wyszehradzkiej\/","title":{"rendered":"Poprad: Stretnutie predsedov vy\u0161ehradsk\u00fdch parlamentov"},"content":{"rendered":"<p>Som za to, aby sme h\u013eadali bud\u00facnos\u0165 a budovali bud\u00facnos\u0165 E\u00da na z\u00e1klade Eur\u00f3py domov\u00edn, solidarity a suver\u00e9nnych \u0161t\u00e1tov. Pre n\u00e1s, krajiny, ktor\u00e9 posledn\u00fdch 30 rokov len obnovuj\u00fa svoje vlasteneck\u00e9 povedomie, to m\u00e1 ve\u013ek\u00fd v\u00fdznam,\" povedal Marek Kuchci\u0144ski, predseda Sejmu, po\u010das stretnutia (27. j\u00fana) predsedov parlamentov kraj\u00edn Vy\u0161ehradskej skupiny v Poprade na Slovensku. Politici z Po\u013eska, \u010ceskej republiky, Slovenska a Ma\u010farska diskutovali o bud\u00facnosti E\u00da v kontexte ned\u00e1vnych volieb do Eur\u00f3pskeho parlamentu a zhodnotili predsedn\u00edctvo Slovenska vo Vy\u0161ehradskej \u0161tvorke. Od 1. j\u00fala bude Praha ur\u010dova\u0165 smerovanie aktiv\u00edt V4. - Budem povzbudzova\u0165 Vy\u0161ehradsk\u00fa skupinu, aby vystupovala jednotne, a to aj v parlamentnej dimenzii - povedal mar\u0161al Kuchci\u0144ski pred stretnut\u00edm v Poprade. Zd\u00f4raznil tie\u017e, \u017ee ak Vy\u0161ehradsk\u00e1 skupina kon\u00e1 spolo\u010dne, \"vytv\u00e1ra jednotu a silu\". Dodal, \u017ee hlas skupiny V4 je po\u010d\u00edtan\u00fd a po\u010du\u0165 ho v celej Eur\u00f3pskej \u00fanii a \u017ee Vy\u0161ehrad je pr\u00edkladom pre ostatn\u00fdch.<\/p>\n\n\n\n<p>Po\u010das stretnutia predsedov Marek Kuchci\u0144ski uviedol, \u017ee Vy\u0161ehradsk\u00e1 skupina vo svojom parlamentnom rozmere vytv\u00e1ra z\u00e1klad pre u\u017e\u0161iu spolupr\u00e1cu a prip\u00e1ja sa tak k budovaniu lep\u0161ej spolupr\u00e1ce \u0161t\u00e1tov v r\u00e1mci Eur\u00f3pskej \u00fanie. Upozornil tie\u017e, \u017ee vysok\u00e1 \u00fa\u010das\u0165 vo vo\u013eb\u00e1ch do EP posilnila mand\u00e1t poslancov z kraj\u00edn V4, \u010do im d\u00e1va v\u00e4\u010d\u0161ie pr\u00e1vo po\u017eadova\u0165 potrebn\u00e9 korekcie vo fungovan\u00ed a \u010dinnosti \u00danie.<\/p>\n\n\n\n<p>- S\u00favis\u00ed to s potrebou prezentova\u0165 jasn\u00e9 stanovisko. Bolo by vhodn\u00e9, aby sme ako Vy\u0161ehradsk\u00e1 skupina zaujali e\u0161te u\u017e\u0161\u00ed postoj nielen k z\u00e1kladn\u00fdm ot\u00e1zkam, ktor\u00e9 n\u00e1s spojili,\" poznamenal mar\u0161al Kuchci\u0144ski. V tomto oh\u013eade s\u00fahlasil s predsedom ma\u010farsk\u00e9ho parlamentu L\u00e1szl\u00f3om K\u00f6v\u00e9rom, ktor\u00fd vyzval, aby skupina bola pri vo\u013ebe najd\u00f4le\u017eitej\u0161\u00edch poz\u00edci\u00ed E\u00da jednomyse\u013en\u00e1.<\/p>\n\n\n\n<p>N\u00e1mestn\u00edk mar\u0161ala Micha\u0142 Sewery\u0144ski, ktor\u00fd zastupoval Sen\u00e1t, zd\u00f4raznil, \u017ee v\u00fdsledky volieb do EP uk\u00e1zali, \u017ee mand\u00e1t z\u00edskali strany, ktor\u00e9 si \u017eelaj\u00fa zmenu, a nie pokra\u010dovanie s\u00fa\u010dasnej politiky. V\u010faka tomu sa v Eur\u00f3pskej \u00fanii m\u00f4\u017ee vr\u00e1ti\u0165 diskusia o bud\u00facnosti Spolo\u010denstva. Hostite\u013e stretnutia v Poprade, predseda N\u00e1rodnej rady SR Andrej Danko, zd\u00f4raznil v\u00fdznam parlamentnej spolupr\u00e1ce kraj\u00edn Vy\u0161ehradskej skupiny, najm\u00e4 v ot\u00e1zkach t\u00fdkaj\u00facich sa E\u00da. Predlo\u017eil n\u00e1vrh na zriadenie pravideln\u00fdch stretnut\u00ed poslancov.<\/p>\n\n\n\n<p>Predseda \u010deskej Poslaneckej snemovne Radek Vondr\u00e1\u010dek zasa poznamenal, \u017ee krajin\u00e1m V4 sa podarilo uk\u00e1za\u0165 svojim partnerom v \u00danii, \u017ee vy\u0161ehradsk\u00e9 krajiny s\u00fa kon\u0161trukt\u00edvne a maj\u00fa v\u00edziu, ktor\u00e1 m\u00f4\u017ee pom\u00f4c\u0165 eur\u00f3pskemu spolo\u010denstvu. Ve\u013emi dobre zhodnotil spolupr\u00e1cu v r\u00e1mci skupiny. - Mali by sme spolupracova\u0165 v r\u00e1mci volieb kandid\u00e1tov na najd\u00f4le\u017eitej\u0161ie posty v Eur\u00f3pskej \u00fanii, - povedal Radek Vondraczek. S jeho n\u00e1zorom s\u00fahlasil aj predseda ma\u010farsk\u00e9ho N\u00e1rodn\u00e9ho zhroma\u017edenia, ktor\u00fd zd\u00f4raznil, \u017ee skupina V4 by mala po\u010das volieb do najd\u00f4le\u017eitej\u0161\u00edch funkci\u00ed v E\u00da \u00fazko spolupracova\u0165. Zd\u00f4raznil, \u017ee probl\u00e9my rie\u0161ia na\u0161e krajiny a zdrojom probl\u00e9mov s\u00fa z\u00e1padoeur\u00f3pske krajiny, ktor\u00e9 prij\u00edmaj\u00fa neuv\u00e1\u017een\u00e9 rozhodnutia.<\/p>\n\n\n\n<p>\u00da\u010dastn\u00edci stretnutia vysoko ocenili slovensk\u00e9 predsedn\u00edctvo vo V4 a zd\u00f4raznili zintenz\u00edvnenie stretnut\u00ed na mnoh\u00fdch \u00farovniach, vr\u00e1tane parlamentnej. \u00daspech slovensk\u00e9ho predsedn\u00edctva definovali aj stretnutia v roz\u0161\u00edrenom zlo\u017een\u00ed, a to tak s krajinami Beneluxu, ako aj s Franc\u00fazskom a Nemeckom.<\/p>\n\n\n\n<p><strong><em>Pr\u00edhovor predsedu Sejmu Mareka Kuchci\u0144sk\u00e9ho <\/em><\/strong><strong><em>stretnutie predsedov parlamentov V4 <\/em><\/strong><\/p>\n\n\n\n<p><strong><em>Poprad,\n27. j\u00fana 2019.<\/em><\/strong><\/p>\n\n\n\n<p><strong><em>Bud\u00facnos\u0165\nE\u00da: \u00dania po vo\u013eb\u00e1ch do Eur\u00f3pskeho parlamentu 2019<\/em><\/strong><\/p>\n\n\n\n<p><strong>V\u00e1\u017een\u00fd p\u00e1n predseda,<\/strong><\/p>\n\n\n\n<p><strong>D\u00e1my a p\u00e1ni,<\/strong><\/p>\n\n\n\n<p><strong>\u010eakujeme za organiz\u00e1ciu\n\u010fal\u0161ie stretnutie na\u0161ich deleg\u00e1ci\u00ed pod slovensk\u00fdm predsedn\u00edctvom. Blaho\u017eel\u00e1m\nsvojmu kolegovi predsedovi za ve\u013emi, ve\u013emi \u00faspe\u0161n\u00fd rok predsedn\u00edctva, nie\nnielen kv\u00f4li r\u00f4znorodosti stretnut\u00ed a r\u00f4znorodosti miest, ale aj\nz d\u00f4vodu rozsahu \u0161pecifick\u00fdch ot\u00e1zok, ktor\u00e9 sme vzniesli, \u010do je pomerne n\u00e1ro\u010dn\u00e9\nsitu\u00e1cia, ke\u010f sa predsedn\u00edctvo kon\u00e1 po\u010das volebnej kampane do Eur\u00f3pskeho parlamentu, v ktorej tieto\nVo\u013eby do Eur\u00f3pskeho parlamentu, na ktor\u00fdch sa tieto krajiny z\u00fa\u010dast\u0148uj\u00fa. Bola ve\u013emi \u00faspe\u0161n\u00e1. Zd\u00e1 sa mi, \u017ee\nZd\u00e1 sa mi, \u017ee ako Vy\u0161ehradsk\u00e1 skupina m\u00f4\u017eeme na parlamentnej \u00farovni smelo poveda\u0165, \u017ee sme\nMysl\u00edm, \u017ee ako Vy\u0161ehradsk\u00e1 skupina na parlamentnej \u00farovni m\u00f4\u017eeme pokojne poveda\u0165, \u017ee v istom zmysle vytv\u00e1rame podmienky pre u\u017e\u0161iu spolupr\u00e1cu\nmedzi na\u0161imi krajinami, a t\u00fdm pom\u00e1hame vytv\u00e1ra\u0165 podmienky pre u\u017e\u0161iu a lep\u0161iu spolupr\u00e1cu\nT\u00fdm z\u00e1rove\u0148 kladieme z\u00e1klady pre u\u017e\u0161iu a lep\u0161iu spolupr\u00e1cu v r\u00e1mci Eur\u00f3pskej \u00fanie.\nAko vieme, sme si vedom\u00ed toho, \u017ee s t\u00fdm je pomerne ve\u013ea probl\u00e9mov.<\/strong><\/p>\n\n\n\n<p><strong>Chcel by som zd\u00f4razni\u0165 nieko\u013eko bodov\nstru\u010dne, s odkazom na niektor\u00e9 z t\u00fdch, ktor\u00e9 u\u017e boli spomenut\u00e9.<\/strong><\/p>\n\n\n\n<p><strong>Po prv\u00e9, z poh\u013eadu\nZ poh\u013eadu po\u013esk\u00e9ho Sejmu m\u00f4\u017eeme vidie\u0165 pomerne jasn\u00fa polariz\u00e1ciu s\u00edl v Eur\u00f3pskej \u00fanii. M\u00f4\u017eeme\nM\u00f4\u017eeme poveda\u0165, \u017ee vo\u013eby do Eur\u00f3pskeho parlamentu, ktor\u00e9 sa pr\u00e1ve konali, znamenaj\u00fa ur\u010dit\u00fd\nEur\u00f3pske vo\u013eby, ktor\u00e9 sa pr\u00e1ve uskuto\u010dnili, znamenaj\u00fa ur\u010dit\u00fd nov\u00fd poriadok a z\u00e1rove\u0148 za\u010diatok novej situ\u00e1cie. Nielen\u017ee je to\nD\u00f4vodom je nielen obrovsk\u00e1 \u00fa\u010das\u0165, ak\u00e1 tu e\u0161te nebola, ale aj\nmus\u00edme vzia\u0165 do \u00favahy, \u017ee na\u0161e spolo\u010dnosti, ob\u010dania na\u0161ich kraj\u00edn\nsa ove\u013ea viac zauj\u00edma\u0165 o eur\u00f3pske z\u00e1le\u017eitosti, ale pod\u013ea m\u00f4jho n\u00e1zoru to tie\u017e d\u00e1va\nd\u00f4vod vyhl\u00e1si\u0165, \u017ee n\u00e1\u0161 mand\u00e1t je tak silnej\u0161\u00ed. Vy\u0161\u0161ia\n\u00fa\u010das\u0165, t\u00fdm silnej\u0161\u00ed mand\u00e1t, tak\u017ee m\u00e1me v\u00e4\u010d\u0161ie pr\u00e1vo po\u017eadova\u0165\npod\u013ea m\u00f4jho n\u00e1zoru nevyhnutn\u00e9 korekcie fungovania Eur\u00f3pskej \u00fanie. T\u00e1to str\u00e1nka\nTo znamen\u00e1, \u017ee je potrebn\u00e9 prezentova\u0165 jasn\u00fa poz\u00edciu, jasnej\u0161ie\npoz\u00edciu a - to je druh\u00fd bod - mysl\u00edm, \u017ee by bolo dobr\u00e9, dokonca by bolo\nbolo by dokonca \u017eiaduce, aby sme ako Vy\u0161ehradsk\u00e1 skupina mali\npodobn\u00fd postoj, podobn\u00fd postoj nielen k z\u00e1kladn\u00fdm ot\u00e1zkam, ktor\u00e9 maj\u00fa\nnielen o z\u00e1kladn\u00fdch ot\u00e1zkach, ktor\u00e9 n\u00e1s integrovali, ako je migr\u00e1cia alebo bezpe\u010dnostn\u00e9 ot\u00e1zky, terorizmus at\u010f,\nalebo \u00fasilie o zachovanie spolo\u010dnej po\u013enohospod\u00e1rskej politiky alebo politiky s\u00fadr\u017enosti, ale\nale aj v in\u00fdch ot\u00e1zkach. Tu by som chcel navrhn\u00fa\u0165, aby sme\naj v s\u00favislosti s ot\u00e1zkou, ktor\u00fa uviedol p\u00e1n Weber a\naby sme aj v tejto ot\u00e1zke - ot\u00e1zke vo\u013eby\nnajd\u00f4le\u017eitej\u0161\u00edch postov v Eur\u00f3pskej \u00fanii. Na\u0161e hlavy \u0161t\u00e1tov si po\u010d\u00ednaj\u00fa celkom\ntu odv\u00e1dzaj\u00fa celkom dobr\u00fa pr\u00e1cu a mysl\u00edm si, \u017ee podpora t\u00fdchto aktiv\u00edt by bola potrebn\u00e1 z na\u0161ej strany.\ntieto \u010dinnosti. Ak sa Vy\u0161ehradsk\u00e1 skupina rozhodne pre jedn\u00e9ho kandid\u00e1ta, jeden pre Eur\u00f3psku komisiu\nEur\u00f3pskej komisie, \u010fal\u0161ieho pre \u0161\u00e9fa Parlamentu a tak \u010falej, potom bude\nve\u013emi ve\u013ek\u00fd a silne po\u010du\u0165 hlas, a s\u00fahlas\u00edm, \u017ee by sme nemali\nsilne prem\u00fd\u0161\u013ea\u0165 o \u013eu\u010foch alebo politikov, ktor\u00ed doteraz\nn\u00e1m ubl\u00ed\u017eili. <\/strong><\/p>\n\n\n\n<p><strong>Mysl\u00edm, \u017ee je mo\u017en\u00e9 v tom vidie\u0165\nperspekt\u00edva - tento rok oslavujeme nieko\u013eko v\u00fdro\u010d\u00ed, tie\u017e tridsa\u0165 rokov\nzmeny, jese\u0148 n\u00e1rodov: zamatov\u00e1 revol\u00facia, zmeny v Po\u013esku, Ma\u010farsku at\u010f. Mysl\u00edm, \u017ee,\nMysl\u00edm, \u017ee m\u00f4\u017eeme poveda\u0165, \u017ee v na\u0161ich krajin\u00e1ch, v na\u0161ej \u010dasti\nEur\u00f3pa, stredn\u00e1 a v\u00fdchodn\u00e1 Eur\u00f3pa, m\u00e1me do \u010dinenia s ve\u013emi zauj\u00edmav\u00fdm\nsitu\u00e1cia. Pred rokom 1989, ke\u010f bol n\u00e1\u0161 kontinent rozdelen\u00fd na dva t\u00e1bory,\nt\u00e1bora totalitn\u00e9ho socializmu a slobodn\u00e9ho, demokratick\u00e9ho sveta, sme videli\nve\u013emi jasne, \u017ee r\u00f4zni \u013eavicov\u00ed intelektu\u00e1li tej doby mali tendenciu obhajova\u0165\nprv\u00fd, hoci ak by mohli, rozhodli by sa \u017ei\u0165 v tomto\nslobodn\u00fd, demokratick\u00fd svet. Dnes t\u00e1to deliaca \u010diara prebieha trochu inak\nr\u00f4zne a dalo by sa poveda\u0165, \u017ee prebieha naprie\u010d krajinami a spolo\u010dnos\u0165ami, preto\u017ee\nniektor\u00ed si \u017eelaj\u00fa zachova\u0165 Eur\u00f3psku \u00faniu a fungova\u0165 v r\u00e1mci\nNiektor\u00ed chc\u00fa zachova\u0165 Eur\u00f3psku \u00faniu a fungova\u0165 v r\u00e1mci n\u00e1rodn\u00fdch \u0161t\u00e1tov, in\u00ed chc\u00fa smerova\u0165 k federaliz\u00e1cii. Vn\u00edmame to ako v\u00edziu n\u00e1vratu ku kozmopolitn\u00e9mu\nnadn\u00e1rodn\u00e9 spolo\u010denstvo. Som jednozna\u010dne za to, aby sme h\u013eadali bud\u00facnos\u0165 a\na budova\u0165 bud\u00facnos\u0165 Eur\u00f3pskej \u00fanie na z\u00e1klade Eur\u00f3py domov\u00edn,\nEur\u00f3pa suver\u00e9nnych \u0161t\u00e1tov zalo\u017een\u00e1 na solidarite, hoci som si vedom\u00fd, \u017ee tak\u00e1to forma je ve\u013emi komplikovan\u00e1.\nje ve\u013emi komplikovan\u00fd. Napriek tomu m\u00e1, najm\u00e4 pre n\u00e1s, \u0161t\u00e1ty,\nktor\u00e9 u\u017e tridsa\u0165 rokov len prebudov\u00e1vaj\u00fa svoje vlasteneck\u00e9 povedomie, m\u00e1 ve\u013ek\u00fd v\u00fdznam.\nv\u00fdznam. Mysl\u00edme si, \u017ee spolo\u010dnosti synt\u00e9zy, z\u00e1padnej Eur\u00f3py, tie\nu\u017e za\u017eili slobodu po mnoho gener\u00e1ci\u00ed, nemaj\u00fa toto vedomie. Ver\u00edm, \u017ee\nNa\u0161ou \u00falohou je presved\u010di\u0165 ich, uk\u00e1za\u0165 im, \u017ee \u00facta k\nvz\u00e1jomn\u00fd re\u0161pekt m\u00f4\u017ee by\u0165 zalo\u017een\u00fd na re\u0161pektovan\u00ed suverenity na\u0161ich kraj\u00edn.<\/strong><\/p>\n\n\n\n<p><strong>Mysl\u00edm si, \u017ee je ve\u013emi d\u00f4le\u017eit\u00e9.\nposilni\u0165 v\u00fdznam parlamentov \u010dlensk\u00fdch \u0161t\u00e1tov a parlamentov, snemovn\u00ed\na Sen\u00e1t. Mysl\u00edm si, \u017ee pr\u00e1ve tu by sme mali diskutova\u0165 a diskutova\u0165, aby sme mali\nprinajmen\u0161om lep\u0161ie mo\u017enosti vplyvu v pr\u00edpade z\u00e1le\u017eitost\u00ed, ako s\u00fa\nnedostato\u010dn\u00e9 rie\u0161enie probl\u00e9mov s\u00favisiacich s tzv. \u017eltou kartou, pr\u00edpad\nPr\u00edkladom je pr\u00edpad delegovan\u00fdch pracovn\u00edkov. Mysl\u00edm, \u017ee by sme mali by\u0165 viac\nd\u00f4raznej\u0161ie predostrie\u0165 t\u00fato ot\u00e1zku. <\/strong><\/p>\n\n\n\n<p><strong>Ot\u00e1zka bezpe\u010dnosti - s\u00fahlas\u00edm.\nS\u00fahlas\u00edm, \u017ee ot\u00e1zka bezpe\u010dnosti je pre Eur\u00f3psku \u00faniu jednou z najz\u00e1sadnej\u0161\u00edch.\nChcel by som v\u0161ak poveda\u0165, \u017ee z poh\u013eadu Po\u013eska a\nz poh\u013eadu po\u013esk\u00e9ho parlamentu vid\u00edme bezpe\u010dnos\u0165 v posilnen\u00ed Severoatlantickej aliancie.\nOt\u00e1zka NATO je pod\u013ea n\u00e1\u0161ho n\u00e1zoru v tomto pr\u00edpade z\u00e1sadn\u00e1. Bez posilnenia na\u0161ej poz\u00edcie v severnom Atlantiku\nbez toho, aby sme sa stali s\u00fa\u010das\u0165ou Severoatlantickej aliancie, budeme zrazu pod tlakom r\u00f4znych hrozieb,\nktor\u00e9 prich\u00e1dzaj\u00fa nielen z ohrozuj\u00facich sf\u00e9r ekonomicky a vojensky najsilnej\u0161\u00edch\nhospod\u00e1rsky a vojensky najsilnej\u0161\u00edch kraj\u00edn, ale aj od na\u0161ich r\u00f4znych susedov. To je pod\u013ea m\u00f4jho n\u00e1zoru <\/strong><strong>mali by sme<\/strong><strong> Mus\u00edme dba\u0165 na to, aby sme sa vyhli\nchyby, ku ktor\u00fdm do\u0161lo v prvej polovici 20. storo\u010dia. M\u00e1m na mysli\ndve ve\u013ek\u00e9 vojny. <\/strong><\/p>\n\n\n\n<p><strong>Obhajujeme tie\u017e\nzachova\u0165, presved\u010di\u0165 Eur\u00f3psku \u00faniu o jej politike roz\u0161irovania, jej\npolitika otvoren\u00fdch dver\u00ed. Domnievam sa, \u017ee to vypl\u00fdva z povahy veci. Ak by sme\nch\u00e1pa\u0165 solidaritu ako schopnos\u0165 podeli\u0165 sa s ostatn\u00fdmi v n\u00fadzi.\nAk ch\u00e1peme solidaritu ako schopnos\u0165 podeli\u0165 sa s druh\u00fdmi v n\u00fadzi o to, \u010do m\u00e1me k dispoz\u00edcii, nazvime to na\u0161\u00edm bohatstvom.\nEur\u00f3py, aj ke\u010f len v kres\u0165ansk\u00fdch kruhoch. Sv\u00e4t\u00fd Otec J\u00e1n Pavol II. povedal\nSv\u00e4t\u00fd Otec J\u00e1n Pavol II. \u010dasto hovoril, \u017ee Eur\u00f3pa by mala d\u00fdcha\u0165 dvoma p\u013e\u00facami: v\u00fdchodn\u00fdmi a z\u00e1padn\u00fdmi.\nPreto si mysl\u00edm, \u017ee je to pre n\u00e1s z\u00e1sadn\u00e1 vec.<\/strong><\/p>\n\n\n\n<p><strong>M\u00f4\u017eeme jasne vidie\u0165, \u017ee v ned\u00e1vnej\nrokov sa politick\u00fd z\u00e1ujem s\u00fastredil na Stredomorie.\nStredomorie. Samozrejme, je to d\u00f4le\u017eit\u00e1 ot\u00e1zka, ale napriek tomu je\nprobl\u00e9m, ktor\u00fd sa u\u017e t\u00fdka in\u00fdch kontinentov, severnej Afriky a Malej \u00c1zie.\nMal\u00e1 \u00c1zia. Naopak, na\u0161ich susedov na v\u00fdchodnej hranici na\u010falej nech\u00e1vame v neistote\nza v\u00fdchodnou hranicou. Som si vedom\u00fd, \u017ee ide o ve\u013emi \u0165a\u017ek\u00fa situ\u00e1ciu, ale\npod\u013ea m\u00f4jho n\u00e1zoru je na\u0161ou mor\u00e1lnou povinnos\u0165ou trva\u0165 na tom, aby\npolitika otvoren\u00fdch dver\u00ed vo\u010di nim by mala pokra\u010dova\u0165. <\/strong><\/p>\n\n\n\n<p><strong>E\u0161te raz by som v\u00e1m chcel po\u010fakova\u0165\nna tieto stretnutia a mnoh\u00e9 n\u00e1vrhy. Budem sa venova\u0165 len jedn\u00e9mu z nich, a to n\u00e1vrhu na\nBudem sa venova\u0165 len jedn\u00e9mu z nich, a to n\u00e1vrhu na zriadenie st\u00e1lych, cyklick\u00fdch zasadnut\u00ed. Mysl\u00edm si, \u017ee je to dobr\u00fd n\u00e1vrh.\nNach\u00e1dzame sa v \u0161t\u00e1diu spolupr\u00e1ce, v ktorom sa n\u00e1m dar\u00ed lep\u0161ie systematizova\u0165 na\u0161u pr\u00e1cu na \u00farovni parlamentn\u00fdch\nna \u00farovni parlamentn\u00fdch deleg\u00e1ci\u00ed a tie\u017e na \u00farovni v\u00fdborov n\u00e1m m\u00f4\u017ee u\u013eah\u010di\u0165\npreh\u013abi\u0165 probl\u00e9my a vyvodi\u0165 lep\u0161ie z\u00e1very. Mysl\u00edm si, \u017ee je tie\u017e dobr\u00e9 navrhn\u00fa\u0165, aby sa aspo\u0148 niektor\u00e9\nnavrhuje, aby na\u0161e parlamenty aspo\u0148 na niektor\u00fdch zasadnutiach zastupovala opoz\u00edcia.\naspo\u0148 na niektor\u00fdch stretnutiach. Mysl\u00edm, \u017ee sme v takej f\u00e1ze \u00farovne\nposilnenej demokracie v na\u0161ich krajin\u00e1ch, aby sme sa mohli zamyslie\u0165 nad touto ot\u00e1zkou.\nMysl\u00edm si, \u017ee sme v takom \u0161t\u00e1diu posilnenej demokracie v na\u0161ich krajin\u00e1ch, \u017ee sa nad touto ot\u00e1zkou m\u00f4\u017eeme zamyslie\u0165. <\/strong><\/p>\n\n\n\n<p><em>Foto: \u0141ukasz B\u0142asikiewicz<\/em><\/p>\n\n\n\n<figure class=\"wp-block-image\"><img fetchpriority=\"high\" decoding=\"async\" width=\"800\" height=\"533\" src=\"https:\/\/marekkuchcinski.pl\/wp-content\/uploads\/2019\/06\/LB1_5687.view_.jpg\" alt=\"\" class=\"wp-image-16553\" srcset=\"https:\/\/marekkuchcinski.pl\/wp-content\/uploads\/2019\/06\/LB1_5687.view_.jpg 800w, https:\/\/marekkuchcinski.pl\/wp-content\/uploads\/2019\/06\/LB1_5687.view_-300x200.jpg 300w, https:\/\/marekkuchcinski.pl\/wp-content\/uploads\/2019\/06\/LB1_5687.view_-768x512.jpg 768w\" sizes=\"(max-width: 800px) 100vw, 800px\" \/><\/figure>\n\n\n\n<figure class=\"wp-block-image\"><img decoding=\"async\" width=\"800\" height=\"533\" src=\"https:\/\/marekkuchcinski.pl\/wp-content\/uploads\/2019\/06\/LB1_5508.view_.jpg\" alt=\"\" class=\"wp-image-16554\" srcset=\"https:\/\/marekkuchcinski.pl\/wp-content\/uploads\/2019\/06\/LB1_5508.view_.jpg 800w, https:\/\/marekkuchcinski.pl\/wp-content\/uploads\/2019\/06\/LB1_5508.view_-300x200.jpg 300w, https:\/\/marekkuchcinski.pl\/wp-content\/uploads\/2019\/06\/LB1_5508.view_-768x512.jpg 768w\" sizes=\"(max-width: 800px) 100vw, 800px\" \/><\/figure>\n\n\n\n<figure class=\"wp-block-image\"><img decoding=\"async\" width=\"1024\" height=\"683\" src=\"https:\/\/marekkuchcinski.pl\/wp-content\/uploads\/2019\/06\/LB1_5766-1024x683.jpeg\" alt=\"\" class=\"wp-image-16555\" srcset=\"https:\/\/marekkuchcinski.pl\/wp-content\/uploads\/2019\/06\/LB1_5766-1024x683.jpeg 1024w, https:\/\/marekkuchcinski.pl\/wp-content\/uploads\/2019\/06\/LB1_5766-300x200.jpeg 300w, https:\/\/marekkuchcinski.pl\/wp-content\/uploads\/2019\/06\/LB1_5766-768x512.jpeg 768w, https:\/\/marekkuchcinski.pl\/wp-content\/uploads\/2019\/06\/LB1_5766.jpeg 2048w\" sizes=\"(max-width: 1024px) 100vw, 1024px\" \/><\/figure>","protected":false},"excerpt":{"rendered":"<p>Opowiadam si\u0119, za tym, \u017ceby\u015bmy szukali przysz\u0142o\u015bci i budowali przysz\u0142o\u015b\u0107 UE w oparciu o Europ\u0119 ojczyzn, solidarnych i suwerennych pa\u0144stw. Dla nas pa\u0144stw, kt\u00f3re dopiero od 30 lat odbudowuj\u0105 swoj\u0105 \u015bwiadomo\u015b\u0107 patriotyczn\u0105, ma to ogromne znaczenie \u2013 powiedzia\u0142 marsza\u0142ek Sejmu Marek Kuchci\u0144ski podczas spotkania (27.06) szef\u00f3w parlament\u00f3w kraj\u00f3w Grupy Wyszehradzkiej w Popradzie na S\u0142owacji. Politycy [&hellip;]<\/p>","protected":false},"author":6,"featured_media":16555,"comment_status":"open","ping_status":"open","sticky":false,"template":"","format":"standard","meta":{"ngg_post_thumbnail":0,"footnotes":""},"categories":[50,3],"tags":[],"class_list":["post-16552","post","type-post","status-publish","format-standard","has-post-thumbnail","hentry","category-wspolpraca-miedzynarodowa","category-wydarzenia"],"yoast_head":"<!-- This site is optimized with the Yoast SEO plugin v24.7 - https:\/\/yoast.com\/wordpress\/plugins\/seo\/ -->\n<title>Poprad: spotkanie Przewodnicz\u0105cych Parlament\u00f3w Grupy Wyszehradzkiej &#8211; Marek Kuchci\u0144ski<\/title>\n<meta name=\"robots\" content=\"index, follow, max-snippet:-1, max-image-preview:large, max-video-preview:-1\" \/>\n<link rel=\"canonical\" href=\"https:\/\/marekkuchcinski.pl\/sk\/wydarzenia\/poprad-spotkanie-przewodniczacych-parlamentow-grupy-wyszehradzkiej\/\" \/>\n<meta property=\"og:locale\" content=\"sk_SK\" \/>\n<meta property=\"og:type\" content=\"article\" \/>\n<meta property=\"og:title\" content=\"Poprad: spotkanie Przewodnicz\u0105cych Parlament\u00f3w Grupy Wyszehradzkiej &#8211; Marek Kuchci\u0144ski\" \/>\n<meta property=\"og:description\" content=\"Opowiadam si\u0119, za tym, \u017ceby\u015bmy szukali przysz\u0142o\u015bci i budowali przysz\u0142o\u015b\u0107 UE w oparciu o Europ\u0119 ojczyzn, solidarnych i suwerennych pa\u0144stw. Dla nas pa\u0144stw, kt\u00f3re dopiero od 30 lat odbudowuj\u0105 swoj\u0105 \u015bwiadomo\u015b\u0107 patriotyczn\u0105, ma to ogromne znaczenie \u2013 powiedzia\u0142 marsza\u0142ek Sejmu Marek Kuchci\u0144ski podczas spotkania (27.06) szef\u00f3w parlament\u00f3w kraj\u00f3w Grupy Wyszehradzkiej w Popradzie na S\u0142owacji. Politycy [&hellip;]\" \/>\n<meta property=\"og:url\" content=\"https:\/\/marekkuchcinski.pl\/sk\/wydarzenia\/poprad-spotkanie-przewodniczacych-parlamentow-grupy-wyszehradzkiej\/\" \/>\n<meta property=\"og:site_name\" content=\"Marek Kuchci\u0144ski\" \/>\n<meta property=\"article:published_time\" content=\"2019-06-28T17:18:58+00:00\" \/>\n<meta property=\"article:modified_time\" content=\"2019-07-02T18:43:26+00:00\" \/>\n<meta property=\"og:image\" content=\"https:\/\/marekkuchcinski.pl\/wp-content\/uploads\/2019\/06\/LB1_5766.jpeg\" \/>\n\t<meta property=\"og:image:width\" content=\"2048\" \/>\n\t<meta property=\"og:image:height\" content=\"1365\" \/>\n\t<meta property=\"og:image:type\" content=\"image\/jpeg\" \/>\n<meta name=\"author\" content=\"admin\" \/>\n<meta name=\"twitter:card\" content=\"summary_large_image\" \/>\n<meta name=\"twitter:label1\" content=\"Autor\" \/>\n\t<meta name=\"twitter:data1\" content=\"admin\" \/>\n\t<meta name=\"twitter:label2\" content=\"Predpokladan\u00fd \u010das \u010d\u00edtania\" \/>\n\t<meta name=\"twitter:data2\" content=\"9 min\u00fat\" \/>\n<script type=\"application\/ld+json\" class=\"yoast-schema-graph\">{\"@context\":\"https:\/\/schema.org\",\"@graph\":[{\"@type\":\"Article\",\"@id\":\"https:\/\/marekkuchcinski.pl\/ro\/wydarzenia\/poprad-spotkanie-przewodniczacych-parlamentow-grupy-wyszehradzkiej\/#article\",\"isPartOf\":{\"@id\":\"https:\/\/marekkuchcinski.pl\/ro\/wydarzenia\/poprad-spotkanie-przewodniczacych-parlamentow-grupy-wyszehradzkiej\/\"},\"author\":{\"name\":\"admin\",\"@id\":\"https:\/\/marekkuchcinski.pl\/#\/schema\/person\/6f62700996b4d950b6ea2d1183b6c6be\"},\"headline\":\"Poprad: spotkanie Przewodnicz\u0105cych Parlament\u00f3w Grupy Wyszehradzkiej\",\"datePublished\":\"2019-06-28T17:18:58+00:00\",\"dateModified\":\"2019-07-02T18:43:26+00:00\",\"mainEntityOfPage\":{\"@id\":\"https:\/\/marekkuchcinski.pl\/ro\/wydarzenia\/poprad-spotkanie-przewodniczacych-parlamentow-grupy-wyszehradzkiej\/\"},\"wordCount\":1906,\"commentCount\":0,\"publisher\":{\"@id\":\"https:\/\/marekkuchcinski.pl\/#organization\"},\"image\":{\"@id\":\"https:\/\/marekkuchcinski.pl\/ro\/wydarzenia\/poprad-spotkanie-przewodniczacych-parlamentow-grupy-wyszehradzkiej\/#primaryimage\"},\"thumbnailUrl\":\"https:\/\/marekkuchcinski.pl\/wp-content\/uploads\/2019\/06\/LB1_5766.jpeg\",\"articleSection\":[\"Wsp\u00f3\u0142praca mi\u0119dzynarodowa\",\"Wydarzenia\"],\"inLanguage\":\"sk-SK\",\"potentialAction\":[{\"@type\":\"CommentAction\",\"name\":\"Comment\",\"target\":[\"https:\/\/marekkuchcinski.pl\/ro\/wydarzenia\/poprad-spotkanie-przewodniczacych-parlamentow-grupy-wyszehradzkiej\/#respond\"]}]},{\"@type\":\"WebPage\",\"@id\":\"https:\/\/marekkuchcinski.pl\/ro\/wydarzenia\/poprad-spotkanie-przewodniczacych-parlamentow-grupy-wyszehradzkiej\/\",\"url\":\"https:\/\/marekkuchcinski.pl\/ro\/wydarzenia\/poprad-spotkanie-przewodniczacych-parlamentow-grupy-wyszehradzkiej\/\",\"name\":\"Poprad: spotkanie Przewodnicz\u0105cych Parlament\u00f3w Grupy Wyszehradzkiej &#8211; Marek Kuchci\u0144ski\",\"isPartOf\":{\"@id\":\"https:\/\/marekkuchcinski.pl\/#website\"},\"primaryImageOfPage\":{\"@id\":\"https:\/\/marekkuchcinski.pl\/ro\/wydarzenia\/poprad-spotkanie-przewodniczacych-parlamentow-grupy-wyszehradzkiej\/#primaryimage\"},\"image\":{\"@id\":\"https:\/\/marekkuchcinski.pl\/ro\/wydarzenia\/poprad-spotkanie-przewodniczacych-parlamentow-grupy-wyszehradzkiej\/#primaryimage\"},\"thumbnailUrl\":\"https:\/\/marekkuchcinski.pl\/wp-content\/uploads\/2019\/06\/LB1_5766.jpeg\",\"datePublished\":\"2019-06-28T17:18:58+00:00\",\"dateModified\":\"2019-07-02T18:43:26+00:00\",\"breadcrumb\":{\"@id\":\"https:\/\/marekkuchcinski.pl\/ro\/wydarzenia\/poprad-spotkanie-przewodniczacych-parlamentow-grupy-wyszehradzkiej\/#breadcrumb\"},\"inLanguage\":\"sk-SK\",\"potentialAction\":[{\"@type\":\"ReadAction\",\"target\":[\"https:\/\/marekkuchcinski.pl\/ro\/wydarzenia\/poprad-spotkanie-przewodniczacych-parlamentow-grupy-wyszehradzkiej\/\"]}]},{\"@type\":\"ImageObject\",\"inLanguage\":\"sk-SK\",\"@id\":\"https:\/\/marekkuchcinski.pl\/ro\/wydarzenia\/poprad-spotkanie-przewodniczacych-parlamentow-grupy-wyszehradzkiej\/#primaryimage\",\"url\":\"https:\/\/marekkuchcinski.pl\/wp-content\/uploads\/2019\/06\/LB1_5766.jpeg\",\"contentUrl\":\"https:\/\/marekkuchcinski.pl\/wp-content\/uploads\/2019\/06\/LB1_5766.jpeg\",\"width\":2048,\"height\":1365},{\"@type\":\"BreadcrumbList\",\"@id\":\"https:\/\/marekkuchcinski.pl\/ro\/wydarzenia\/poprad-spotkanie-przewodniczacych-parlamentow-grupy-wyszehradzkiej\/#breadcrumb\",\"itemListElement\":[{\"@type\":\"ListItem\",\"position\":1,\"name\":\"Strona g\u0142\u00f3wna\",\"item\":\"https:\/\/marekkuchcinski.pl\/\"},{\"@type\":\"ListItem\",\"position\":2,\"name\":\"Poprad: spotkanie Przewodnicz\u0105cych Parlament\u00f3w Grupy Wyszehradzkiej\"}]},{\"@type\":\"WebSite\",\"@id\":\"https:\/\/marekkuchcinski.pl\/#website\",\"url\":\"https:\/\/marekkuchcinski.pl\/\",\"name\":\"Marek Kuchci\u0144ski\",\"description\":\"Pose\u0142 na sejm RP &ndash; okr\u0119g nr 22\",\"publisher\":{\"@id\":\"https:\/\/marekkuchcinski.pl\/#organization\"},\"potentialAction\":[{\"@type\":\"SearchAction\",\"target\":{\"@type\":\"EntryPoint\",\"urlTemplate\":\"https:\/\/marekkuchcinski.pl\/?s={search_term_string}\"},\"query-input\":{\"@type\":\"PropertyValueSpecification\",\"valueRequired\":true,\"valueName\":\"search_term_string\"}}],\"inLanguage\":\"sk-SK\"},{\"@type\":\"Organization\",\"@id\":\"https:\/\/marekkuchcinski.pl\/#organization\",\"name\":\"Marek Kuchci\u0144ski\",\"url\":\"https:\/\/marekkuchcinski.pl\/\",\"logo\":{\"@type\":\"ImageObject\",\"inLanguage\":\"sk-SK\",\"@id\":\"https:\/\/marekkuchcinski.pl\/#\/schema\/logo\/image\/\",\"url\":\"https:\/\/marekkuchcinski.pl\/wp-content\/uploads\/2022\/09\/Marek.jpg\",\"contentUrl\":\"https:\/\/marekkuchcinski.pl\/wp-content\/uploads\/2022\/09\/Marek.jpg\",\"width\":1600,\"height\":971,\"caption\":\"Marek Kuchci\u0144ski\"},\"image\":{\"@id\":\"https:\/\/marekkuchcinski.pl\/#\/schema\/logo\/image\/\"}},{\"@type\":\"Person\",\"@id\":\"https:\/\/marekkuchcinski.pl\/#\/schema\/person\/6f62700996b4d950b6ea2d1183b6c6be\",\"name\":\"admin\",\"image\":{\"@type\":\"ImageObject\",\"inLanguage\":\"sk-SK\",\"@id\":\"https:\/\/marekkuchcinski.pl\/#\/schema\/person\/image\/\",\"url\":\"https:\/\/secure.gravatar.com\/avatar\/4bab693b9d55c3d6b52c0296a8765085?s=96&d=mm&r=g\",\"contentUrl\":\"https:\/\/secure.gravatar.com\/avatar\/4bab693b9d55c3d6b52c0296a8765085?s=96&d=mm&r=g\",\"caption\":\"admin\"},\"url\":\"https:\/\/marekkuchcinski.pl\/sk\/author\/marta-olejnik\/\"}]}<\/script>\n<!-- \/ Yoast SEO plugin. -->","yoast_head_json":{"title":"Poprad: spotkanie Przewodnicz\u0105cych Parlament\u00f3w Grupy Wyszehradzkiej &#8211; Marek Kuchci\u0144ski","robots":{"index":"index","follow":"follow","max-snippet":"max-snippet:-1","max-image-preview":"max-image-preview:large","max-video-preview":"max-video-preview:-1"},"canonical":"https:\/\/marekkuchcinski.pl\/sk\/wydarzenia\/poprad-spotkanie-przewodniczacych-parlamentow-grupy-wyszehradzkiej\/","og_locale":"sk_SK","og_type":"article","og_title":"Poprad: spotkanie Przewodnicz\u0105cych Parlament\u00f3w Grupy Wyszehradzkiej &#8211; Marek Kuchci\u0144ski","og_description":"Opowiadam si\u0119, za tym, \u017ceby\u015bmy szukali przysz\u0142o\u015bci i budowali przysz\u0142o\u015b\u0107 UE w oparciu o Europ\u0119 ojczyzn, solidarnych i suwerennych pa\u0144stw. Dla nas pa\u0144stw, kt\u00f3re dopiero od 30 lat odbudowuj\u0105 swoj\u0105 \u015bwiadomo\u015b\u0107 patriotyczn\u0105, ma to ogromne znaczenie \u2013 powiedzia\u0142 marsza\u0142ek Sejmu Marek Kuchci\u0144ski podczas spotkania (27.06) szef\u00f3w parlament\u00f3w kraj\u00f3w Grupy Wyszehradzkiej w Popradzie na S\u0142owacji. Politycy [&hellip;]","og_url":"https:\/\/marekkuchcinski.pl\/sk\/wydarzenia\/poprad-spotkanie-przewodniczacych-parlamentow-grupy-wyszehradzkiej\/","og_site_name":"Marek Kuchci\u0144ski","article_published_time":"2019-06-28T17:18:58+00:00","article_modified_time":"2019-07-02T18:43:26+00:00","og_image":[{"width":2048,"height":1365,"url":"https:\/\/marekkuchcinski.pl\/wp-content\/uploads\/2019\/06\/LB1_5766.jpeg","type":"image\/jpeg"}],"author":"admin","twitter_card":"summary_large_image","twitter_misc":{"Autor":"admin","Predpokladan\u00fd \u010das \u010d\u00edtania":"9 min\u00fat"},"schema":{"@context":"https:\/\/schema.org","@graph":[{"@type":"Article","@id":"https:\/\/marekkuchcinski.pl\/ro\/wydarzenia\/poprad-spotkanie-przewodniczacych-parlamentow-grupy-wyszehradzkiej\/#article","isPartOf":{"@id":"https:\/\/marekkuchcinski.pl\/ro\/wydarzenia\/poprad-spotkanie-przewodniczacych-parlamentow-grupy-wyszehradzkiej\/"},"author":{"name":"admin","@id":"https:\/\/marekkuchcinski.pl\/#\/schema\/person\/6f62700996b4d950b6ea2d1183b6c6be"},"headline":"Poprad: spotkanie Przewodnicz\u0105cych Parlament\u00f3w Grupy Wyszehradzkiej","datePublished":"2019-06-28T17:18:58+00:00","dateModified":"2019-07-02T18:43:26+00:00","mainEntityOfPage":{"@id":"https:\/\/marekkuchcinski.pl\/ro\/wydarzenia\/poprad-spotkanie-przewodniczacych-parlamentow-grupy-wyszehradzkiej\/"},"wordCount":1906,"commentCount":0,"publisher":{"@id":"https:\/\/marekkuchcinski.pl\/#organization"},"image":{"@id":"https:\/\/marekkuchcinski.pl\/ro\/wydarzenia\/poprad-spotkanie-przewodniczacych-parlamentow-grupy-wyszehradzkiej\/#primaryimage"},"thumbnailUrl":"https:\/\/marekkuchcinski.pl\/wp-content\/uploads\/2019\/06\/LB1_5766.jpeg","articleSection":["Wsp\u00f3\u0142praca mi\u0119dzynarodowa","Wydarzenia"],"inLanguage":"sk-SK","potentialAction":[{"@type":"CommentAction","name":"Comment","target":["https:\/\/marekkuchcinski.pl\/ro\/wydarzenia\/poprad-spotkanie-przewodniczacych-parlamentow-grupy-wyszehradzkiej\/#respond"]}]},{"@type":"WebPage","@id":"https:\/\/marekkuchcinski.pl\/ro\/wydarzenia\/poprad-spotkanie-przewodniczacych-parlamentow-grupy-wyszehradzkiej\/","url":"https:\/\/marekkuchcinski.pl\/ro\/wydarzenia\/poprad-spotkanie-przewodniczacych-parlamentow-grupy-wyszehradzkiej\/","name":"Poprad: spotkanie Przewodnicz\u0105cych Parlament\u00f3w Grupy Wyszehradzkiej &#8211; Marek Kuchci\u0144ski","isPartOf":{"@id":"https:\/\/marekkuchcinski.pl\/#website"},"primaryImageOfPage":{"@id":"https:\/\/marekkuchcinski.pl\/ro\/wydarzenia\/poprad-spotkanie-przewodniczacych-parlamentow-grupy-wyszehradzkiej\/#primaryimage"},"image":{"@id":"https:\/\/marekkuchcinski.pl\/ro\/wydarzenia\/poprad-spotkanie-przewodniczacych-parlamentow-grupy-wyszehradzkiej\/#primaryimage"},"thumbnailUrl":"https:\/\/marekkuchcinski.pl\/wp-content\/uploads\/2019\/06\/LB1_5766.jpeg","datePublished":"2019-06-28T17:18:58+00:00","dateModified":"2019-07-02T18:43:26+00:00","breadcrumb":{"@id":"https:\/\/marekkuchcinski.pl\/ro\/wydarzenia\/poprad-spotkanie-przewodniczacych-parlamentow-grupy-wyszehradzkiej\/#breadcrumb"},"inLanguage":"sk-SK","potentialAction":[{"@type":"ReadAction","target":["https:\/\/marekkuchcinski.pl\/ro\/wydarzenia\/poprad-spotkanie-przewodniczacych-parlamentow-grupy-wyszehradzkiej\/"]}]},{"@type":"ImageObject","inLanguage":"sk-SK","@id":"https:\/\/marekkuchcinski.pl\/ro\/wydarzenia\/poprad-spotkanie-przewodniczacych-parlamentow-grupy-wyszehradzkiej\/#primaryimage","url":"https:\/\/marekkuchcinski.pl\/wp-content\/uploads\/2019\/06\/LB1_5766.jpeg","contentUrl":"https:\/\/marekkuchcinski.pl\/wp-content\/uploads\/2019\/06\/LB1_5766.jpeg","width":2048,"height":1365},{"@type":"BreadcrumbList","@id":"https:\/\/marekkuchcinski.pl\/ro\/wydarzenia\/poprad-spotkanie-przewodniczacych-parlamentow-grupy-wyszehradzkiej\/#breadcrumb","itemListElement":[{"@type":"ListItem","position":1,"name":"Strona g\u0142\u00f3wna","item":"https:\/\/marekkuchcinski.pl\/"},{"@type":"ListItem","position":2,"name":"Poprad: spotkanie Przewodnicz\u0105cych Parlament\u00f3w Grupy Wyszehradzkiej"}]},{"@type":"WebSite","@id":"https:\/\/marekkuchcinski.pl\/#website","url":"https:\/\/marekkuchcinski.pl\/","name":"Marek Kuchci\u0144ski","description":"Pose\u0142 na sejm RP &ndash; okr\u0119g nr 22","publisher":{"@id":"https:\/\/marekkuchcinski.pl\/#organization"},"potentialAction":[{"@type":"SearchAction","target":{"@type":"EntryPoint","urlTemplate":"https:\/\/marekkuchcinski.pl\/?s={search_term_string}"},"query-input":{"@type":"PropertyValueSpecification","valueRequired":true,"valueName":"search_term_string"}}],"inLanguage":"sk-SK"},{"@type":"Organization","@id":"https:\/\/marekkuchcinski.pl\/#organization","name":"Marek Kuchci\u0144ski","url":"https:\/\/marekkuchcinski.pl\/","logo":{"@type":"ImageObject","inLanguage":"sk-SK","@id":"https:\/\/marekkuchcinski.pl\/#\/schema\/logo\/image\/","url":"https:\/\/marekkuchcinski.pl\/wp-content\/uploads\/2022\/09\/Marek.jpg","contentUrl":"https:\/\/marekkuchcinski.pl\/wp-content\/uploads\/2022\/09\/Marek.jpg","width":1600,"height":971,"caption":"Marek Kuchci\u0144ski"},"image":{"@id":"https:\/\/marekkuchcinski.pl\/#\/schema\/logo\/image\/"}},{"@type":"Person","@id":"https:\/\/marekkuchcinski.pl\/#\/schema\/person\/6f62700996b4d950b6ea2d1183b6c6be","name":"admin","image":{"@type":"ImageObject","inLanguage":"sk-SK","@id":"https:\/\/marekkuchcinski.pl\/#\/schema\/person\/image\/","url":"https:\/\/secure.gravatar.com\/avatar\/4bab693b9d55c3d6b52c0296a8765085?s=96&d=mm&r=g","contentUrl":"https:\/\/secure.gravatar.com\/avatar\/4bab693b9d55c3d6b52c0296a8765085?s=96&d=mm&r=g","caption":"admin"},"url":"https:\/\/marekkuchcinski.pl\/sk\/author\/marta-olejnik\/"}]}},"_links":{"self":[{"href":"https:\/\/marekkuchcinski.pl\/sk\/wp-json\/wp\/v2\/posts\/16552","targetHints":{"allow":["GET"]}}],"collection":[{"href":"https:\/\/marekkuchcinski.pl\/sk\/wp-json\/wp\/v2\/posts"}],"about":[{"href":"https:\/\/marekkuchcinski.pl\/sk\/wp-json\/wp\/v2\/types\/post"}],"author":[{"embeddable":true,"href":"https:\/\/marekkuchcinski.pl\/sk\/wp-json\/wp\/v2\/users\/6"}],"replies":[{"embeddable":true,"href":"https:\/\/marekkuchcinski.pl\/sk\/wp-json\/wp\/v2\/comments?post=16552"}],"version-history":[{"count":10,"href":"https:\/\/marekkuchcinski.pl\/sk\/wp-json\/wp\/v2\/posts\/16552\/revisions"}],"predecessor-version":[{"id":16743,"href":"https:\/\/marekkuchcinski.pl\/sk\/wp-json\/wp\/v2\/posts\/16552\/revisions\/16743"}],"wp:featuredmedia":[{"embeddable":true,"href":"https:\/\/marekkuchcinski.pl\/sk\/wp-json\/wp\/v2\/media\/16555"}],"wp:attachment":[{"href":"https:\/\/marekkuchcinski.pl\/sk\/wp-json\/wp\/v2\/media?parent=16552"}],"wp:term":[{"taxonomy":"category","embeddable":true,"href":"https:\/\/marekkuchcinski.pl\/sk\/wp-json\/wp\/v2\/categories?post=16552"},{"taxonomy":"post_tag","embeddable":true,"href":"https:\/\/marekkuchcinski.pl\/sk\/wp-json\/wp\/v2\/tags?post=16552"}],"curies":[{"name":"wp","href":"https:\/\/api.w.org\/{rel}","templated":true}]}}