{"id":16265,"date":"2019-06-08T16:48:51","date_gmt":"2019-06-08T14:48:51","guid":{"rendered":"https:\/\/marekkuchcinski.pl\/?p=16265"},"modified":"2019-06-08T16:48:51","modified_gmt":"2019-06-08T14:48:51","slug":"kongres-polska-wielki-projekt-marszalek-sejmu-wreczyl-medal-odwaga-i-wiarygodnosc","status":"publish","type":"post","link":"https:\/\/marekkuchcinski.pl\/sk\/wydarzenia\/kongres-polska-wielki-projekt-marszalek-sejmu-wreczyl-medal-odwaga-i-wiarygodnosc\/","title":{"rendered":"Kongres \"Ve\u013ek\u00fd projekt Po\u013esko\": predseda Sejmu udelil medailu \"Odvaha a d\u00f4veryhodnos\u0165\""},"content":{"rendered":"<p>Po\u010das deviateho kongresu \"Po\u013esko - ve\u013ek\u00fd projekt\", ktor\u00fd sa za\u010dal v piatok v Ark\u00e1dach Kubicki v hlavnom meste, predseda Sejmu Marek Kuchci\u0144ski odovzdal medailu \"Odvaha a d\u00f4veryhodnos\u0165\" p\u00e1novi Fabiovi Biondimu. - Maestro Fabio Biondi dost\u00e1va medailu \"Za odvahu a d\u00f4veryhodnos\u0165\" v mimoriadnom roku - v roku Stanislava Moniuszka, ktor\u00fd ustanovil Sejm Po\u013eskej republiky a z\u00e1rove\u0148 vyhl\u00e1silo UNESCO na \u017eiados\u0165 troch kraj\u00edn: Po\u013eska, Litvy a Bieloruska. Sme v\u010fa\u010dn\u00ed, maestro, za va\u0161e nasadenie, pr\u00edpravu a vynikaj\u00face koncertn\u00e9 prevedenie \"Halky\" v janu\u00e1ri tohto roku vo Ve\u013ekom divadle N\u00e1rodnej opery vo Var\u0161ave. Sme v\u010fa\u010dn\u00ed za to, \u017ee ste v Po\u013esku umelecky pr\u00edtomn\u00ed u\u017e nieko\u013eko rokov,\" povedal predseda Sejmu.<\/p>\n\n\n\n<p>Na sl\u00e1vnosti sa okrem in\u00fdch z\u00fa\u010dastnili aj: Julia Przy\u0142\u0119bska - predsedn\u00ed\u010dka \u00dastavn\u00e9ho tribun\u00e1lu, Wanda Zwinogrodzka a Jaros\u0142aw Sellin - n\u00e1mestn\u00edci ministra kult\u00fary a n\u00e1rodn\u00e9ho dedi\u010dstva, Dr. Artur Szklener - riadite\u013e In\u0161tit\u00fatu Fryderyka Chopina a Stanis\u0142aw Leszczy\u0144ski - umeleck\u00fd riadite\u013e festivalu \"Chopin a jeho Eur\u00f3pa\".<\/p>\n\n\n\n<p>Fabio Biondi je jedn\u00fdm z najv\u00fdznamnej\u0161\u00edch interpretov starej hudby. Vytvoril s\u00fabor Europa Galante, ktor\u00fd hr\u00e1 na dobov\u00fdch n\u00e1strojoch a ktor\u00e9ho je ved\u00facim. V janu\u00e1ri tohto roku orchester usporiadal koncert vo Ve\u013ekom divadle N\u00e1rodnej opery, ktor\u00fdm otvoril rok Stanislava Moniuszka. Vtedy sa uskuto\u010dnilo koncertn\u00e9 predstavenie Halky v talian\u010dine. T\u00e1to verzia opery mala premi\u00e9ru po\u010das minuloro\u010dn\u00e9ho festivalu \"Chopin a jeho Eur\u00f3pa\". V tom \u010dase z\u00edskala v\u00fdborn\u00e9 recenzie a l\u00e1mala rekordy v ob\u013e\u00fabenosti.<\/p>\n\n\n\n<p>Medaila \"Za odvahu a d\u00f4veryhodnos\u0165\" sa ude\u013euje u\u017e p\u00e4\u0165 rokov. Jej n\u00e1zov je odkazom na volebn\u00e9 heslo zosnul\u00e9ho Lecha Kaczy\u0144sk\u00e9ho z roku 2005. Jeho laure\u00e1tmi s\u00fa t\u00ed, ktor\u00ed akt\u00edvne pracuj\u00fa v prospech Kongresu a obrazu Po\u013eska a jeho ob\u010danov vo svete. Prvou laure\u00e1tkou, ktor\u00e1 bola ocenen\u00e1 medailou, bola profesorka Ewa Thomsonov\u00e1. Na zozname s\u00fa aj tak\u00e9 osobnosti ako Sir Roger Scruton alebo Anca Maria-Cernea.<\/p>\n\n\n\n<p>Hlavn\u00fdm organiz\u00e1torom kongresu je Nad\u00e1cia Ve\u013ek\u00fd projekt Po\u013esko. Spoluorganiz\u00e1tormi s\u00fa In\u0161tit\u00fat verejn\u00fdch iniciat\u00edv, Centrum politick\u00e9ho myslenia, Zdru\u017eenie tvorcov pre Po\u013esk\u00fa republiku a zdru\u017eenie Mlad\u00ed pre Po\u013esko. Kongres sa kon\u00e1 pod \u010destnou z\u00e1\u0161titou prezidenta Andrzeja Dudu. Z\u00e1merom kongresu - ako uviedli jeho organiz\u00e1tori - je diskutova\u0165 o strategick\u00fdch rozvojov\u00fdch v\u00fdzvach, ktor\u00fdm bude Po\u013esko \u010deli\u0165 v nasleduj\u00facich desa\u0165ro\u010diach. Kongres bol rozdelen\u00fd do nieko\u013ek\u00fdch tematick\u00fdch diskusn\u00fdch panelov.<br>Medzi tohtoro\u010dn\u00fdmi re\u010dn\u00edkmi s\u00fa minister zahrani\u010dn\u00fdch vec\u00ed Prof. Jacek Czaputowicz, Prof. Zdzis\u0142aw Krasnod\u0119bski, Prof. Ryszard Legutko, Prof. Andrzej Zybertowicz a Prof. Zbigniew Stawrowski. \u00davodn\u00fa predn\u00e1\u0161ku predniesol predseda vl\u00e1dy Mateusz Morawiecki.<\/p>\n\n\n\n<p><em>CIS<\/em><\/p>\n\n\n\n<p><em>Foto: Rafa\u0142 Zambrzycki<\/em><\/p>\n\n\n\n<figure class=\"wp-block-image\"><img fetchpriority=\"high\" decoding=\"async\" width=\"800\" height=\"533\" src=\"https:\/\/marekkuchcinski.pl\/wp-content\/uploads\/2019\/06\/RZ__4223.view_.jpg\" alt=\"\" class=\"wp-image-16267\" srcset=\"https:\/\/marekkuchcinski.pl\/wp-content\/uploads\/2019\/06\/RZ__4223.view_.jpg 800w, https:\/\/marekkuchcinski.pl\/wp-content\/uploads\/2019\/06\/RZ__4223.view_-300x200.jpg 300w, https:\/\/marekkuchcinski.pl\/wp-content\/uploads\/2019\/06\/RZ__4223.view_-768x512.jpg 768w\" sizes=\"(max-width: 800px) 100vw, 800px\" \/><\/figure>\n\n\n\n<figure class=\"wp-block-image\"><img decoding=\"async\" width=\"800\" height=\"533\" src=\"https:\/\/marekkuchcinski.pl\/wp-content\/uploads\/2019\/06\/RZ__4174.view_.jpg\" alt=\"\" class=\"wp-image-16271\" srcset=\"https:\/\/marekkuchcinski.pl\/wp-content\/uploads\/2019\/06\/RZ__4174.view_.jpg 800w, https:\/\/marekkuchcinski.pl\/wp-content\/uploads\/2019\/06\/RZ__4174.view_-300x200.jpg 300w, https:\/\/marekkuchcinski.pl\/wp-content\/uploads\/2019\/06\/RZ__4174.view_-768x512.jpg 768w\" sizes=\"(max-width: 800px) 100vw, 800px\" \/><\/figure>","protected":false},"excerpt":{"rendered":"<p>Podczas IX Kongresu \u201ePolska Wielki Projekt\u201d, kt\u00f3ry w pi\u0105tek rozpocz\u0105\u0142 si\u0119 w sto\u0142ecznych Arkadach Kubickiego, marsza\u0142ek Sejmu Marek Kuchci\u0144ski wr\u0119czy\u0142 Medal \u201eOdwaga i Wiarygodno\u015b\u0107\u201d Panu Fabio Biondi. \u2013 Maestro Fabio Biondi otrzymuje Medal \u201eOdwaga i Wiarygodno\u015b\u0107\u201d w roku szczeg\u00f3lnym \u2013 roku Stanis\u0142awa Moniuszki ustanowionym przez Sejm Rzeczypospolitej, a jednocze\u015bnie og\u0142oszonym przez UNESCO na wniosek trzech [&hellip;]<\/p>","protected":false},"author":6,"featured_media":16271,"comment_status":"open","ping_status":"open","sticky":false,"template":"","format":"standard","meta":{"ngg_post_thumbnail":0,"footnotes":""},"categories":[3],"tags":[],"class_list":["post-16265","post","type-post","status-publish","format-standard","has-post-thumbnail","hentry","category-wydarzenia"],"yoast_head":"<!-- This site is optimized with the Yoast SEO plugin v24.7 - https:\/\/yoast.com\/wordpress\/plugins\/seo\/ -->\n<title>Kongres \u201ePolska Wielki Projekt\u201d: Marsza\u0142ek Sejmu wr\u0119czy\u0142 medal \u201eOdwaga i Wiarygodno\u015b\u0107\u201d &#8211; Marek Kuchci\u0144ski<\/title>\n<meta name=\"robots\" content=\"index, follow, max-snippet:-1, max-image-preview:large, max-video-preview:-1\" \/>\n<link rel=\"canonical\" href=\"https:\/\/marekkuchcinski.pl\/sk\/wydarzenia\/kongres-polska-wielki-projekt-marszalek-sejmu-wreczyl-medal-odwaga-i-wiarygodnosc\/\" \/>\n<meta property=\"og:locale\" content=\"sk_SK\" \/>\n<meta property=\"og:type\" content=\"article\" \/>\n<meta property=\"og:title\" content=\"Kongres \u201ePolska Wielki Projekt\u201d: Marsza\u0142ek Sejmu wr\u0119czy\u0142 medal \u201eOdwaga i Wiarygodno\u015b\u0107\u201d &#8211; Marek Kuchci\u0144ski\" \/>\n<meta property=\"og:description\" content=\"Podczas IX Kongresu \u201ePolska Wielki Projekt\u201d, kt\u00f3ry w pi\u0105tek rozpocz\u0105\u0142 si\u0119 w sto\u0142ecznych Arkadach Kubickiego, marsza\u0142ek Sejmu Marek Kuchci\u0144ski wr\u0119czy\u0142 Medal \u201eOdwaga i Wiarygodno\u015b\u0107\u201d Panu Fabio Biondi. \u2013 Maestro Fabio Biondi otrzymuje Medal \u201eOdwaga i Wiarygodno\u015b\u0107\u201d w roku szczeg\u00f3lnym \u2013 roku Stanis\u0142awa Moniuszki ustanowionym przez Sejm Rzeczypospolitej, a jednocze\u015bnie og\u0142oszonym przez UNESCO na wniosek trzech [&hellip;]\" \/>\n<meta property=\"og:url\" content=\"https:\/\/marekkuchcinski.pl\/sk\/wydarzenia\/kongres-polska-wielki-projekt-marszalek-sejmu-wreczyl-medal-odwaga-i-wiarygodnosc\/\" \/>\n<meta property=\"og:site_name\" content=\"Marek Kuchci\u0144ski\" \/>\n<meta property=\"article:published_time\" content=\"2019-06-08T14:48:51+00:00\" \/>\n<meta property=\"og:image\" content=\"https:\/\/marekkuchcinski.pl\/wp-content\/uploads\/2019\/06\/RZ__4174.view_.jpg\" \/>\n\t<meta property=\"og:image:width\" content=\"800\" \/>\n\t<meta property=\"og:image:height\" content=\"533\" \/>\n\t<meta property=\"og:image:type\" content=\"image\/jpeg\" \/>\n<meta name=\"author\" content=\"admin\" \/>\n<meta name=\"twitter:card\" content=\"summary_large_image\" \/>\n<meta name=\"twitter:label1\" content=\"Autor\" \/>\n\t<meta name=\"twitter:data1\" content=\"admin\" \/>\n\t<meta name=\"twitter:label2\" content=\"Predpokladan\u00fd \u010das \u010d\u00edtania\" \/>\n\t<meta name=\"twitter:data2\" content=\"2 min\u00faty\" \/>\n<script type=\"application\/ld+json\" class=\"yoast-schema-graph\">{\"@context\":\"https:\/\/schema.org\",\"@graph\":[{\"@type\":\"Article\",\"@id\":\"https:\/\/marekkuchcinski.pl\/ro\/wydarzenia\/kongres-polska-wielki-projekt-marszalek-sejmu-wreczyl-medal-odwaga-i-wiarygodnosc\/#article\",\"isPartOf\":{\"@id\":\"https:\/\/marekkuchcinski.pl\/ro\/wydarzenia\/kongres-polska-wielki-projekt-marszalek-sejmu-wreczyl-medal-odwaga-i-wiarygodnosc\/\"},\"author\":{\"name\":\"admin\",\"@id\":\"https:\/\/marekkuchcinski.pl\/#\/schema\/person\/6f62700996b4d950b6ea2d1183b6c6be\"},\"headline\":\"Kongres \u201ePolska Wielki Projekt\u201d: Marsza\u0142ek Sejmu wr\u0119czy\u0142 medal \u201eOdwaga i Wiarygodno\u015b\u0107\u201d\",\"datePublished\":\"2019-06-08T14:48:51+00:00\",\"mainEntityOfPage\":{\"@id\":\"https:\/\/marekkuchcinski.pl\/ro\/wydarzenia\/kongres-polska-wielki-projekt-marszalek-sejmu-wreczyl-medal-odwaga-i-wiarygodnosc\/\"},\"wordCount\":445,\"commentCount\":0,\"publisher\":{\"@id\":\"https:\/\/marekkuchcinski.pl\/#organization\"},\"image\":{\"@id\":\"https:\/\/marekkuchcinski.pl\/ro\/wydarzenia\/kongres-polska-wielki-projekt-marszalek-sejmu-wreczyl-medal-odwaga-i-wiarygodnosc\/#primaryimage\"},\"thumbnailUrl\":\"https:\/\/marekkuchcinski.pl\/wp-content\/uploads\/2019\/06\/RZ__4174.view_.jpg\",\"articleSection\":[\"Wydarzenia\"],\"inLanguage\":\"sk-SK\",\"potentialAction\":[{\"@type\":\"CommentAction\",\"name\":\"Comment\",\"target\":[\"https:\/\/marekkuchcinski.pl\/ro\/wydarzenia\/kongres-polska-wielki-projekt-marszalek-sejmu-wreczyl-medal-odwaga-i-wiarygodnosc\/#respond\"]}]},{\"@type\":\"WebPage\",\"@id\":\"https:\/\/marekkuchcinski.pl\/ro\/wydarzenia\/kongres-polska-wielki-projekt-marszalek-sejmu-wreczyl-medal-odwaga-i-wiarygodnosc\/\",\"url\":\"https:\/\/marekkuchcinski.pl\/ro\/wydarzenia\/kongres-polska-wielki-projekt-marszalek-sejmu-wreczyl-medal-odwaga-i-wiarygodnosc\/\",\"name\":\"Kongres \u201ePolska Wielki Projekt\u201d: Marsza\u0142ek Sejmu wr\u0119czy\u0142 medal \u201eOdwaga i Wiarygodno\u015b\u0107\u201d &#8211; Marek Kuchci\u0144ski\",\"isPartOf\":{\"@id\":\"https:\/\/marekkuchcinski.pl\/#website\"},\"primaryImageOfPage\":{\"@id\":\"https:\/\/marekkuchcinski.pl\/ro\/wydarzenia\/kongres-polska-wielki-projekt-marszalek-sejmu-wreczyl-medal-odwaga-i-wiarygodnosc\/#primaryimage\"},\"image\":{\"@id\":\"https:\/\/marekkuchcinski.pl\/ro\/wydarzenia\/kongres-polska-wielki-projekt-marszalek-sejmu-wreczyl-medal-odwaga-i-wiarygodnosc\/#primaryimage\"},\"thumbnailUrl\":\"https:\/\/marekkuchcinski.pl\/wp-content\/uploads\/2019\/06\/RZ__4174.view_.jpg\",\"datePublished\":\"2019-06-08T14:48:51+00:00\",\"breadcrumb\":{\"@id\":\"https:\/\/marekkuchcinski.pl\/ro\/wydarzenia\/kongres-polska-wielki-projekt-marszalek-sejmu-wreczyl-medal-odwaga-i-wiarygodnosc\/#breadcrumb\"},\"inLanguage\":\"sk-SK\",\"potentialAction\":[{\"@type\":\"ReadAction\",\"target\":[\"https:\/\/marekkuchcinski.pl\/ro\/wydarzenia\/kongres-polska-wielki-projekt-marszalek-sejmu-wreczyl-medal-odwaga-i-wiarygodnosc\/\"]}]},{\"@type\":\"ImageObject\",\"inLanguage\":\"sk-SK\",\"@id\":\"https:\/\/marekkuchcinski.pl\/ro\/wydarzenia\/kongres-polska-wielki-projekt-marszalek-sejmu-wreczyl-medal-odwaga-i-wiarygodnosc\/#primaryimage\",\"url\":\"https:\/\/marekkuchcinski.pl\/wp-content\/uploads\/2019\/06\/RZ__4174.view_.jpg\",\"contentUrl\":\"https:\/\/marekkuchcinski.pl\/wp-content\/uploads\/2019\/06\/RZ__4174.view_.jpg\",\"width\":800,\"height\":533},{\"@type\":\"BreadcrumbList\",\"@id\":\"https:\/\/marekkuchcinski.pl\/ro\/wydarzenia\/kongres-polska-wielki-projekt-marszalek-sejmu-wreczyl-medal-odwaga-i-wiarygodnosc\/#breadcrumb\",\"itemListElement\":[{\"@type\":\"ListItem\",\"position\":1,\"name\":\"Strona g\u0142\u00f3wna\",\"item\":\"https:\/\/marekkuchcinski.pl\/\"},{\"@type\":\"ListItem\",\"position\":2,\"name\":\"Kongres \u201ePolska Wielki Projekt\u201d: Marsza\u0142ek Sejmu wr\u0119czy\u0142 medal \u201eOdwaga i Wiarygodno\u015b\u0107\u201d\"}]},{\"@type\":\"WebSite\",\"@id\":\"https:\/\/marekkuchcinski.pl\/#website\",\"url\":\"https:\/\/marekkuchcinski.pl\/\",\"name\":\"Marek Kuchci\u0144ski\",\"description\":\"Pose\u0142 na sejm RP &ndash; okr\u0119g nr 22\",\"publisher\":{\"@id\":\"https:\/\/marekkuchcinski.pl\/#organization\"},\"potentialAction\":[{\"@type\":\"SearchAction\",\"target\":{\"@type\":\"EntryPoint\",\"urlTemplate\":\"https:\/\/marekkuchcinski.pl\/?s={search_term_string}\"},\"query-input\":{\"@type\":\"PropertyValueSpecification\",\"valueRequired\":true,\"valueName\":\"search_term_string\"}}],\"inLanguage\":\"sk-SK\"},{\"@type\":\"Organization\",\"@id\":\"https:\/\/marekkuchcinski.pl\/#organization\",\"name\":\"Marek Kuchci\u0144ski\",\"url\":\"https:\/\/marekkuchcinski.pl\/\",\"logo\":{\"@type\":\"ImageObject\",\"inLanguage\":\"sk-SK\",\"@id\":\"https:\/\/marekkuchcinski.pl\/#\/schema\/logo\/image\/\",\"url\":\"https:\/\/marekkuchcinski.pl\/wp-content\/uploads\/2022\/09\/Marek.jpg\",\"contentUrl\":\"https:\/\/marekkuchcinski.pl\/wp-content\/uploads\/2022\/09\/Marek.jpg\",\"width\":1600,\"height\":971,\"caption\":\"Marek Kuchci\u0144ski\"},\"image\":{\"@id\":\"https:\/\/marekkuchcinski.pl\/#\/schema\/logo\/image\/\"}},{\"@type\":\"Person\",\"@id\":\"https:\/\/marekkuchcinski.pl\/#\/schema\/person\/6f62700996b4d950b6ea2d1183b6c6be\",\"name\":\"admin\",\"image\":{\"@type\":\"ImageObject\",\"inLanguage\":\"sk-SK\",\"@id\":\"https:\/\/marekkuchcinski.pl\/#\/schema\/person\/image\/\",\"url\":\"https:\/\/secure.gravatar.com\/avatar\/4bab693b9d55c3d6b52c0296a8765085?s=96&d=mm&r=g\",\"contentUrl\":\"https:\/\/secure.gravatar.com\/avatar\/4bab693b9d55c3d6b52c0296a8765085?s=96&d=mm&r=g\",\"caption\":\"admin\"},\"url\":\"https:\/\/marekkuchcinski.pl\/sk\/author\/marta-olejnik\/\"}]}<\/script>\n<!-- \/ Yoast SEO plugin. -->","yoast_head_json":{"title":"Kongres \u201ePolska Wielki Projekt\u201d: Marsza\u0142ek Sejmu wr\u0119czy\u0142 medal \u201eOdwaga i Wiarygodno\u015b\u0107\u201d &#8211; Marek Kuchci\u0144ski","robots":{"index":"index","follow":"follow","max-snippet":"max-snippet:-1","max-image-preview":"max-image-preview:large","max-video-preview":"max-video-preview:-1"},"canonical":"https:\/\/marekkuchcinski.pl\/sk\/wydarzenia\/kongres-polska-wielki-projekt-marszalek-sejmu-wreczyl-medal-odwaga-i-wiarygodnosc\/","og_locale":"sk_SK","og_type":"article","og_title":"Kongres \u201ePolska Wielki Projekt\u201d: Marsza\u0142ek Sejmu wr\u0119czy\u0142 medal \u201eOdwaga i Wiarygodno\u015b\u0107\u201d &#8211; Marek Kuchci\u0144ski","og_description":"Podczas IX Kongresu \u201ePolska Wielki Projekt\u201d, kt\u00f3ry w pi\u0105tek rozpocz\u0105\u0142 si\u0119 w sto\u0142ecznych Arkadach Kubickiego, marsza\u0142ek Sejmu Marek Kuchci\u0144ski wr\u0119czy\u0142 Medal \u201eOdwaga i Wiarygodno\u015b\u0107\u201d Panu Fabio Biondi. \u2013 Maestro Fabio Biondi otrzymuje Medal \u201eOdwaga i Wiarygodno\u015b\u0107\u201d w roku szczeg\u00f3lnym \u2013 roku Stanis\u0142awa Moniuszki ustanowionym przez Sejm Rzeczypospolitej, a jednocze\u015bnie og\u0142oszonym przez UNESCO na wniosek trzech [&hellip;]","og_url":"https:\/\/marekkuchcinski.pl\/sk\/wydarzenia\/kongres-polska-wielki-projekt-marszalek-sejmu-wreczyl-medal-odwaga-i-wiarygodnosc\/","og_site_name":"Marek Kuchci\u0144ski","article_published_time":"2019-06-08T14:48:51+00:00","og_image":[{"width":800,"height":533,"url":"https:\/\/marekkuchcinski.pl\/wp-content\/uploads\/2019\/06\/RZ__4174.view_.jpg","type":"image\/jpeg"}],"author":"admin","twitter_card":"summary_large_image","twitter_misc":{"Autor":"admin","Predpokladan\u00fd \u010das \u010d\u00edtania":"2 min\u00faty"},"schema":{"@context":"https:\/\/schema.org","@graph":[{"@type":"Article","@id":"https:\/\/marekkuchcinski.pl\/ro\/wydarzenia\/kongres-polska-wielki-projekt-marszalek-sejmu-wreczyl-medal-odwaga-i-wiarygodnosc\/#article","isPartOf":{"@id":"https:\/\/marekkuchcinski.pl\/ro\/wydarzenia\/kongres-polska-wielki-projekt-marszalek-sejmu-wreczyl-medal-odwaga-i-wiarygodnosc\/"},"author":{"name":"admin","@id":"https:\/\/marekkuchcinski.pl\/#\/schema\/person\/6f62700996b4d950b6ea2d1183b6c6be"},"headline":"Kongres \u201ePolska Wielki Projekt\u201d: Marsza\u0142ek Sejmu wr\u0119czy\u0142 medal \u201eOdwaga i Wiarygodno\u015b\u0107\u201d","datePublished":"2019-06-08T14:48:51+00:00","mainEntityOfPage":{"@id":"https:\/\/marekkuchcinski.pl\/ro\/wydarzenia\/kongres-polska-wielki-projekt-marszalek-sejmu-wreczyl-medal-odwaga-i-wiarygodnosc\/"},"wordCount":445,"commentCount":0,"publisher":{"@id":"https:\/\/marekkuchcinski.pl\/#organization"},"image":{"@id":"https:\/\/marekkuchcinski.pl\/ro\/wydarzenia\/kongres-polska-wielki-projekt-marszalek-sejmu-wreczyl-medal-odwaga-i-wiarygodnosc\/#primaryimage"},"thumbnailUrl":"https:\/\/marekkuchcinski.pl\/wp-content\/uploads\/2019\/06\/RZ__4174.view_.jpg","articleSection":["Wydarzenia"],"inLanguage":"sk-SK","potentialAction":[{"@type":"CommentAction","name":"Comment","target":["https:\/\/marekkuchcinski.pl\/ro\/wydarzenia\/kongres-polska-wielki-projekt-marszalek-sejmu-wreczyl-medal-odwaga-i-wiarygodnosc\/#respond"]}]},{"@type":"WebPage","@id":"https:\/\/marekkuchcinski.pl\/ro\/wydarzenia\/kongres-polska-wielki-projekt-marszalek-sejmu-wreczyl-medal-odwaga-i-wiarygodnosc\/","url":"https:\/\/marekkuchcinski.pl\/ro\/wydarzenia\/kongres-polska-wielki-projekt-marszalek-sejmu-wreczyl-medal-odwaga-i-wiarygodnosc\/","name":"Kongres \u201ePolska Wielki Projekt\u201d: Marsza\u0142ek Sejmu wr\u0119czy\u0142 medal \u201eOdwaga i Wiarygodno\u015b\u0107\u201d &#8211; Marek Kuchci\u0144ski","isPartOf":{"@id":"https:\/\/marekkuchcinski.pl\/#website"},"primaryImageOfPage":{"@id":"https:\/\/marekkuchcinski.pl\/ro\/wydarzenia\/kongres-polska-wielki-projekt-marszalek-sejmu-wreczyl-medal-odwaga-i-wiarygodnosc\/#primaryimage"},"image":{"@id":"https:\/\/marekkuchcinski.pl\/ro\/wydarzenia\/kongres-polska-wielki-projekt-marszalek-sejmu-wreczyl-medal-odwaga-i-wiarygodnosc\/#primaryimage"},"thumbnailUrl":"https:\/\/marekkuchcinski.pl\/wp-content\/uploads\/2019\/06\/RZ__4174.view_.jpg","datePublished":"2019-06-08T14:48:51+00:00","breadcrumb":{"@id":"https:\/\/marekkuchcinski.pl\/ro\/wydarzenia\/kongres-polska-wielki-projekt-marszalek-sejmu-wreczyl-medal-odwaga-i-wiarygodnosc\/#breadcrumb"},"inLanguage":"sk-SK","potentialAction":[{"@type":"ReadAction","target":["https:\/\/marekkuchcinski.pl\/ro\/wydarzenia\/kongres-polska-wielki-projekt-marszalek-sejmu-wreczyl-medal-odwaga-i-wiarygodnosc\/"]}]},{"@type":"ImageObject","inLanguage":"sk-SK","@id":"https:\/\/marekkuchcinski.pl\/ro\/wydarzenia\/kongres-polska-wielki-projekt-marszalek-sejmu-wreczyl-medal-odwaga-i-wiarygodnosc\/#primaryimage","url":"https:\/\/marekkuchcinski.pl\/wp-content\/uploads\/2019\/06\/RZ__4174.view_.jpg","contentUrl":"https:\/\/marekkuchcinski.pl\/wp-content\/uploads\/2019\/06\/RZ__4174.view_.jpg","width":800,"height":533},{"@type":"BreadcrumbList","@id":"https:\/\/marekkuchcinski.pl\/ro\/wydarzenia\/kongres-polska-wielki-projekt-marszalek-sejmu-wreczyl-medal-odwaga-i-wiarygodnosc\/#breadcrumb","itemListElement":[{"@type":"ListItem","position":1,"name":"Strona g\u0142\u00f3wna","item":"https:\/\/marekkuchcinski.pl\/"},{"@type":"ListItem","position":2,"name":"Kongres \u201ePolska Wielki Projekt\u201d: Marsza\u0142ek Sejmu wr\u0119czy\u0142 medal \u201eOdwaga i Wiarygodno\u015b\u0107\u201d"}]},{"@type":"WebSite","@id":"https:\/\/marekkuchcinski.pl\/#website","url":"https:\/\/marekkuchcinski.pl\/","name":"Marek Kuchci\u0144ski","description":"Pose\u0142 na sejm RP &ndash; okr\u0119g nr 22","publisher":{"@id":"https:\/\/marekkuchcinski.pl\/#organization"},"potentialAction":[{"@type":"SearchAction","target":{"@type":"EntryPoint","urlTemplate":"https:\/\/marekkuchcinski.pl\/?s={search_term_string}"},"query-input":{"@type":"PropertyValueSpecification","valueRequired":true,"valueName":"search_term_string"}}],"inLanguage":"sk-SK"},{"@type":"Organization","@id":"https:\/\/marekkuchcinski.pl\/#organization","name":"Marek Kuchci\u0144ski","url":"https:\/\/marekkuchcinski.pl\/","logo":{"@type":"ImageObject","inLanguage":"sk-SK","@id":"https:\/\/marekkuchcinski.pl\/#\/schema\/logo\/image\/","url":"https:\/\/marekkuchcinski.pl\/wp-content\/uploads\/2022\/09\/Marek.jpg","contentUrl":"https:\/\/marekkuchcinski.pl\/wp-content\/uploads\/2022\/09\/Marek.jpg","width":1600,"height":971,"caption":"Marek Kuchci\u0144ski"},"image":{"@id":"https:\/\/marekkuchcinski.pl\/#\/schema\/logo\/image\/"}},{"@type":"Person","@id":"https:\/\/marekkuchcinski.pl\/#\/schema\/person\/6f62700996b4d950b6ea2d1183b6c6be","name":"admin","image":{"@type":"ImageObject","inLanguage":"sk-SK","@id":"https:\/\/marekkuchcinski.pl\/#\/schema\/person\/image\/","url":"https:\/\/secure.gravatar.com\/avatar\/4bab693b9d55c3d6b52c0296a8765085?s=96&d=mm&r=g","contentUrl":"https:\/\/secure.gravatar.com\/avatar\/4bab693b9d55c3d6b52c0296a8765085?s=96&d=mm&r=g","caption":"admin"},"url":"https:\/\/marekkuchcinski.pl\/sk\/author\/marta-olejnik\/"}]}},"_links":{"self":[{"href":"https:\/\/marekkuchcinski.pl\/sk\/wp-json\/wp\/v2\/posts\/16265","targetHints":{"allow":["GET"]}}],"collection":[{"href":"https:\/\/marekkuchcinski.pl\/sk\/wp-json\/wp\/v2\/posts"}],"about":[{"href":"https:\/\/marekkuchcinski.pl\/sk\/wp-json\/wp\/v2\/types\/post"}],"author":[{"embeddable":true,"href":"https:\/\/marekkuchcinski.pl\/sk\/wp-json\/wp\/v2\/users\/6"}],"replies":[{"embeddable":true,"href":"https:\/\/marekkuchcinski.pl\/sk\/wp-json\/wp\/v2\/comments?post=16265"}],"version-history":[{"count":2,"href":"https:\/\/marekkuchcinski.pl\/sk\/wp-json\/wp\/v2\/posts\/16265\/revisions"}],"predecessor-version":[{"id":16272,"href":"https:\/\/marekkuchcinski.pl\/sk\/wp-json\/wp\/v2\/posts\/16265\/revisions\/16272"}],"wp:featuredmedia":[{"embeddable":true,"href":"https:\/\/marekkuchcinski.pl\/sk\/wp-json\/wp\/v2\/media\/16271"}],"wp:attachment":[{"href":"https:\/\/marekkuchcinski.pl\/sk\/wp-json\/wp\/v2\/media?parent=16265"}],"wp:term":[{"taxonomy":"category","embeddable":true,"href":"https:\/\/marekkuchcinski.pl\/sk\/wp-json\/wp\/v2\/categories?post=16265"},{"taxonomy":"post_tag","embeddable":true,"href":"https:\/\/marekkuchcinski.pl\/sk\/wp-json\/wp\/v2\/tags?post=16265"}],"curies":[{"name":"wp","href":"https:\/\/api.w.org\/{rel}","templated":true}]}}