{"id":16178,"date":"2019-06-06T14:25:28","date_gmt":"2019-06-06T12:25:28","guid":{"rendered":"https:\/\/marekkuchcinski.pl\/?p=16178"},"modified":"2019-06-06T16:48:37","modified_gmt":"2019-06-06T14:48:37","slug":"marek-kuchcinski-odmiennosc-wspanialej-kultury-europy-srodkowej-i-wschodniej-zwiazanej-z-chrzescijanstwem-tradycja-antyku-grecko-rzymskiego-oraz-wartosciami-wolnosci-jednostkowej-i-narodowej-okaz","status":"publish","type":"post","link":"https:\/\/marekkuchcinski.pl\/sk\/wydarzenia\/marek-kuchcinski-odmiennosc-wspanialej-kultury-europy-srodkowej-i-wschodniej-zwiazanej-z-chrzescijanstwem-tradycja-antyku-grecko-rzymskiego-oraz-wartosciami-wolnosci-jednostkowej-i-narodowej-okaz\/","title":{"rendered":"Marek Kuchci\u0144ski: Diferenci\u00e1cia ve\u013ekolepej kult\u00fary strednej a v\u00fdchodnej Eur\u00f3py, spojen\u00e1 s kres\u0165anstvom, trad\u00edciou gr\u00e9cko-r\u00edmskej antiky a hodnotami individu\u00e1lnej a n\u00e1rodnej slobody, sa uk\u00e1zala ako ove\u013ea trvalej\u0161ia ne\u017e totalitn\u00fd re\u017eim"},"content":{"rendered":"<p class=\"has-text-color has-vivid-cyan-blue-color\"><strong>Pr\u00edhovor predsedu Sejmu Mareka Kuchci\u0144sk\u00e9ho, ktor\u00fdm otvoril 4. parlamentn\u00fd samit kraj\u00edn strednej a v\u00fdchodnej Eur\u00f3py:<\/strong><\/p>\n\n\n\n<p>T\u00e9ma prv\u00e9ho panelu na\u0161ich rokovan\u00ed nebola zvolen\u00e1 n\u00e1hodou. P\u00e1d komunizmu je ur\u010dite najd\u00f4le\u017eitej\u0161ou historickou sk\u00fasenos\u0165ou celej povojnovej Eur\u00f3py. Vtedy sme za\u017eili z\u00e1sadn\u00e9 zmeny, ktor\u00e9 formovali s\u00fa\u010dasn\u00fa tv\u00e1r na\u0161ej \u010dasti Eur\u00f3py a jej \u0161t\u00e1tov.<\/p>\n\n\n\n<p>N\u00e1rody na\u0161ej\nRegi\u00f3n v\u017edy preuk\u00e1zali ve\u013ek\u00fa duchovn\u00fa dynamiku vo svojich domovsk\u00fdch krajin\u00e1ch a v\nemigr\u00e1cia. Prejavilo sa to charakteristick\u00fdm d\u00f4razom na vz\u0165ah\npolitika s hodnotami. Sved\u010d\u00ed o tom\nSved\u010dia o tom postavy sv\u00e4t\u00fdch panovn\u00edkov a tvorcov \u0161t\u00e1tnosti a n\u00e1rodnej identity\n\u0161t\u00e1tov strednej a v\u00fdchodnej Eur\u00f3py: sv\u00e4t\u00fd V\u00e1clav v \u010cech\u00e1ch alebo sv\u00e4t\u00fd \u0160tefan\nVe\u013ek\u00e9ho v Ma\u010farsku, sv\u00e4tej kr\u00e1\u013eovnej Jadvigy v Po\u013esku, sv\u00e4t\u00e9ho Kazim\u00edra v Litve a\nP\u00e1pe\u017e J\u00e1n Pavol II., ktor\u00fd z prepojenia ducha a politiky urobil d\u00f4le\u017eit\u00fd prvok\njeho glob\u00e1lnej pastora\u010dnej slu\u017eby.<\/p>\n\n\n\n<p>Pr\u00e1ve t\u00e1to perspekt\u00edva bola mo\u017eno z\u00e1kladom odmietnutia ideol\u00f3gie a\nkomunistick\u00fd syst\u00e9m n\u00e1rodmi n\u00e1\u0161ho regi\u00f3nu. Rozdielnos\u0165 ve\u013ekolepej kult\u00fary strednej a v\u00fdchodnej Eur\u00f3py,\nspojen\u00e9 s kres\u0165anstvom, trad\u00edcie gr\u00e9cko-r\u00edmskej antiky a\nhodnoty individu\u00e1lnej a n\u00e1rodnej slobody sa uk\u00e1zali by\u0165 ove\u013ea trvalej\u0161ie ako\ntotalitn\u00fd re\u017eim. Stalin navy\u0161e opakovane poukazoval na \u0165a\u017ekosti\nvnucovanie komunistick\u00e9ho re\u017eimu krajin\u00e1m n\u00e1\u0161ho regi\u00f3nu, a to pr\u00e1ve kv\u00f4li ich kult\u00farnym a n\u00e1rodn\u00fdm\nvzh\u013eadom na ich kult\u00farnu silu a identitu.<\/p>\n\n\n\n<p class=\"has-text-color has-vivid-cyan-blue-color\"><strong>Na proces rozpadu komunistick\u00e9ho bloku mo\u017eno nazera\u0165 z viacer\u00fdch h\u013ead\u00edsk:<\/strong><\/p>\n\n\n\n<p>Prv\u00fdm je poh\u013ead \u0161t\u00e1tov\/n\u00e1rodov, ktor\u00e9 za\u017eili \u00fa\u010dinky komunizmu, t. j. boli priamymi \u00fa\u010dastn\u00edkmi transform\u00e1cie. Pre niektor\u00fdch znamenal p\u00e1d komunizmu vznik vlastnej nez\u00e1vislej \u0161t\u00e1tnosti. Pre in\u00fdch to znamenalo znovuz\u00edskanie plnej suverenity po rokoch cudzej nadvl\u00e1dy. V\u0161etky v\u0161ak prech\u00e1dzali procesom zmeny politick\u00e9ho, soci\u00e1lneho a hospod\u00e1rskeho syst\u00e9mu.<\/p>\n\n\n\n<p>A dnes m\u00f4\u017eeme\nblaho\u017eel\u00e1me si k tomu, \u017ee sme stato\u010dne pre\u0161li t\u00fdmto n\u00e1ro\u010dn\u00fdm procesom. Ka\u017ed\u00fd z na\u0161ich\nkrajiny svoj\u00edm \u00fasil\u00edm o transform\u00e1ciu dok\u00e1zali, \u017ee s\u00fa schopn\u00e9 n\u00e1js\u0165 svoju cestu\nv zlo\u017eit\u00fdch geopolitick\u00fdch podmienkach a zasl\u00fa\u017eia si by\u0165 plnohodnotn\u00fdmi\n\u00fa\u010dastn\u00edk medzin\u00e1rodn\u00fdch vz\u0165ahov.<\/p>\n\n\n\n<p>Druh\u00fdm poh\u013eadom je nov\u00fd poriadok v strednej a v\u00fdchodnej Eur\u00f3pe. Rok 1989 bol jese\u0148ou n\u00e1rodov (ako hovor\u00edme, liter\u00e1rne odli\u0161uj\u00fac toto obdobie od jari n\u00e1rodov prvej svetovej vojny). Nov\u00e9 \u0161t\u00e1ty vznikali na z\u00e1klade nov\u00fdch \u00fastavn\u00fdch poriadkov, nov\u00fdch str\u00e1n, nov\u00fdch obchodn\u00fdch pravidiel a nov\u00fdch spolo\u010densk\u00fdch \u0161trukt\u00far. Takto sa za\u010dala modern\u00e1 politika stredoeur\u00f3pskych a v\u00fdchodoeur\u00f3pskych \u0161t\u00e1tov. V na\u0161om regi\u00f3ne sa op\u00e4\u0165 presadzuje model Eur\u00f3py n\u00e1rodov zalo\u017een\u00fd na pravidle: <em>maxim\u00e1lna rozmanitos\u0165 na minim\u00e1lnom priestore,<\/em> \u010co bolo v \u00faplnom rozpore s komunistick\u00fdm modelom, ktor\u00fd sa sna\u017eil udr\u017ea\u0165 <em>minim\u00e1lna rozmanitos\u0165 pre maxim\u00e1lny priestor<\/em>.<\/p>\n\n\n\n<p>Tret\u00ed\nperspekt\u00edva je tvorba\nnov\u00fdch postojov a postsovietskych sveton\u00e1zorov v na\u0161ich spolo\u010dnostiach,\npo p\u00e1de komunizmu pred 30 rokmi a postoj\nku komunistickej minulosti.  Toto je pre\nv\u00e4\u010d\u0161iny kraj\u00edn strednej a v\u00fdchodnej Eur\u00f3py d\u00f4le\u017eit\u00fdm prvkom pri formovan\u00ed historickej pam\u00e4ti.\nhistorick\u00e1 pam\u00e4\u0165. Hr\u00e1 ve\u013ek\u00fa \u00falohu v procese budovania\nkolekt\u00edvnu pam\u00e4\u0165, upev\u0148uje spolo\u010dnosti a posil\u0148uje ich identitu.<\/p>\n\n\n\n<p>V kontexte na\u0161ich sk\u00fasenost\u00ed historick\u00e1 politika zd\u00f4raz\u0148uje dve skuto\u010dnosti\nprvky. Po prv\u00e9, zobrazuje \u00e9ru\nkomunizmus ako \u0165a\u017ek\u00e9 obdobie v dejin\u00e1ch, ktor\u00e9 sa nem\u00f4\u017ee opakova\u0165. Po str\u00e1nke\npo druh\u00e9, ukazuje, \u017ee kolaps tohto syst\u00e9mu\nv Eur\u00f3pe bol skuto\u010dn\u00fdm prelomom, ak\u00fdmsi m\u00ed\u013enikom pri budovan\u00ed nov\u00fdch politick\u00fdch syst\u00e9mov.\nbudovanie nov\u00fdch politick\u00fdch syst\u00e9mov. Pam\u00e4\u0165\nkomunizmu a ve\u013ek\u00e9 zmeny spojen\u00e9 s jese\u0148ou n\u00e1rodov, predstavuj\u00fa\npokladnice sk\u00fasenost\u00ed na\u0161ich \u0161t\u00e1tov, ktor\u00e9 formuj\u00fa ich s\u00fa\u010dasn\u00fd\nfungovanie na medzin\u00e1rodnej sc\u00e9ne.<\/p>\n\n\n\n<p>M\u00f4\u017eeme ma\u0165 r\u00f4zne hodnotenia komunistickej minulosti na\u0161ej\nkrajiny. Pova\u017euje sa v\u0161ak za\nspolo\u010dn\u00fdm menovate\u013eom pre cel\u00fd regi\u00f3n, \u010do sp\u00f4sobuje, \u017ee probl\u00e9my, ktor\u00e9 vznikaj\u00fa\nniektor\u00e9 v\u00fdzvy s\u00fa dnes podobn\u00e9.\nMedzi najd\u00f4le\u017eitej\u0161ie z nich by som zaradil\nspolupr\u00e1cu pri budovan\u00ed bezpe\u010dnosti regi\u00f3nu, ako aj diskusiu o syst\u00e9me hodn\u00f4t v s\u00fa\u010dasnom\nEur\u00f3py, vr\u00e1tane v\u00fdznamu\nslobodu a suverenitu \u0161t\u00e1tov. To s\u00fa najd\u00f4le\u017eitej\u0161ie ot\u00e1zky, nad ktor\u00fdmi sa oplat\u00ed zamyslie\u0165 aj dnes.\ndnes. <\/p>\n\n\n\n<p>Preto\u017ee v\u0161etky ostatn\u00e9 ot\u00e1zky - hospod\u00e1rske, infra\u0161trukt\u00farne at\u010f. - sa vyv\u00edjaj\u00fa na z\u00e1klade t\u00fdchto z\u00e1kladn\u00fdch vec\u00ed. V tejto s\u00favislosti by som chcel e\u0161te raz srde\u010dne priv\u00edta\u0165 v\u0161etk\u00fdch pr\u00edtomn\u00fdch a za\u017eela\u0165 im plodn\u00e9 rokovania v duchu \"jednoty v rozmanitosti\".&nbsp;&nbsp;&nbsp;&nbsp;<\/p>\n\n\n\n<p class=\"has-text-color has-vivid-cyan-blue-color\"><strong>\u010eal\u0161\u00edm re\u010dn\u00edkom bol profesor Roger Scruton, filozof a priate\u013e Po\u013eska, ktor\u00fd v 80. rokoch podporoval protikomunistick\u00fa opoz\u00edciu.  <\/strong><\/p>\n\n\n\n<figure class=\"wp-block-embed is-type-rich is-provider-marek-kuchcinski\"><div class=\"wp-block-embed__wrapper\">\n<blockquote class=\"wp-embedded-content\" data-secret=\"oW7nJ0orzk\"><a href=\"https:\/\/marekkuchcinski.pl\/sk\/wspolpraca-miedzynarodowa\/roger-scruton-wyzwania-dla-rzadow-europy-srodkowej-i-wschodniej-iv-szczyt-przewodniczacych-parlamentow-panstw-europy-srodkowej-i-wschodniej\/\">Roger Scruton: V\u00fdzvy pre vl\u00e1dy strednej a v\u00fdchodnej Eur\u00f3py - \u0160tvrt\u00fd samit predsedov parlamentov strednej a v\u00fdchodnej Eur\u00f3py<\/a><\/blockquote><iframe class=\"wp-embedded-content\" sandbox=\"allow-scripts\" security=\"restricted\" style=\"position: absolute; clip: rect(1px, 1px, 1px, 1px);\" title=\"&quot;Roger Scruton: V\u00fdzvy pre vl\u00e1dy strednej a v\u00fdchodnej Eur\u00f3py - \u0160tvrt\u00fd samit predsedov parlamentov strednej a v\u00fdchodnej Eur\u00f3py&quot; - Marek Kuchci\u0144ski\" src=\"https:\/\/marekkuchcinski.pl\/wspolpraca-miedzynarodowa\/roger-scruton-wyzwania-dla-rzadow-europy-srodkowej-i-wschodniej-iv-szczyt-przewodniczacych-parlamentow-panstw-europy-srodkowej-i-wschodniej\/embed\/#?secret=oW7nJ0orzk\" data-secret=\"oW7nJ0orzk\" width=\"600\" height=\"338\" frameborder=\"0\" marginwidth=\"0\" marginheight=\"0\" scrolling=\"no\"><\/iframe>\n<\/div><\/figure>\n\n\n\n<p style=\"color:#760b0b\" class=\"has-text-color\">  <br><strong>Parlamentn\u00fd samit kraj\u00edn strednej a v\u00fdchodnej Eur\u00f3py, Var\u0161ava 5.6. 2019 Kolaps komunizmu v strednej a v\u00fdchodnej Eur\u00f3pe, formovanie spolo\u010dnej historickej pam\u00e4te. Panely:<\/strong><\/p>\n\n\n\n<ul class=\"wp-block-list\"><li>Odmietnutie komunizmu vo vedom\u00ed \u013eud\u00ed.<\/li><li>Stredoeur\u00f3pske spolo\u010denstvo sk\u00fasenost\u00ed z jesene n\u00e1rodov ako cesta k \u00faspechu<\/li><li>S\u00fa sloboda a suverenita \u0161t\u00e1tov st\u00e1le hodnotami?<\/li><li>Spolupr\u00e1ca kraj\u00edn v regi\u00f3ne ako z\u00e1ruka rozvoja a bezpe\u010dnosti<\/li><\/ul>\n\n\n\n<p style=\"color:#961010\" class=\"has-text-color\"><strong>Podrobn\u00fd opis samitu:  <\/strong><br><\/p>\n\n\n\n<p><br><a href=\"http:\/\/www.sejm.gov.pl\/Sejm8.nsf\/komunikat.xsp?documentId=AA9CA24450BAA560C1258411003FA6DC\">http:\/\/www.sejm.gov.pl\/Sejm8.nsf\/komunikat.xsp?documentId=AA9CA24450BAA560C1258411003FA6DC<\/a> <\/p>\n\n\n\n<figure class=\"wp-block-image\"><img fetchpriority=\"high\" decoding=\"async\" width=\"1024\" height=\"727\" src=\"https:\/\/marekkuchcinski.pl\/wp-content\/uploads\/2019\/06\/s6-4-1024x727.jpg\" alt=\"\" class=\"wp-image-16179\" srcset=\"https:\/\/marekkuchcinski.pl\/wp-content\/uploads\/2019\/06\/s6-4-1024x727.jpg 1024w, https:\/\/marekkuchcinski.pl\/wp-content\/uploads\/2019\/06\/s6-4-300x213.jpg 300w, https:\/\/marekkuchcinski.pl\/wp-content\/uploads\/2019\/06\/s6-4-768x545.jpg 768w, https:\/\/marekkuchcinski.pl\/wp-content\/uploads\/2019\/06\/s6-4.jpg 2048w\" sizes=\"(max-width: 1024px) 100vw, 1024px\" \/><\/figure>\n\n\n\n<figure class=\"wp-block-image\"><img decoding=\"async\" width=\"1024\" height=\"682\" src=\"https:\/\/marekkuchcinski.pl\/wp-content\/uploads\/2019\/06\/s7-2-1024x682.jpg\" alt=\"\" class=\"wp-image-16191\" srcset=\"https:\/\/marekkuchcinski.pl\/wp-content\/uploads\/2019\/06\/s7-2-1024x682.jpg 1024w, https:\/\/marekkuchcinski.pl\/wp-content\/uploads\/2019\/06\/s7-2-300x200.jpg 300w, https:\/\/marekkuchcinski.pl\/wp-content\/uploads\/2019\/06\/s7-2-768x511.jpg 768w, https:\/\/marekkuchcinski.pl\/wp-content\/uploads\/2019\/06\/s7-2.jpg 2048w\" sizes=\"(max-width: 1024px) 100vw, 1024px\" \/><\/figure>\n\n\n\n<figure class=\"wp-block-image\"><img decoding=\"async\" width=\"1024\" height=\"634\" src=\"https:\/\/marekkuchcinski.pl\/wp-content\/uploads\/2019\/06\/s3-4-1024x634.jpg\" alt=\"\" class=\"wp-image-16203\" srcset=\"https:\/\/marekkuchcinski.pl\/wp-content\/uploads\/2019\/06\/s3-4-1024x634.jpg 1024w, https:\/\/marekkuchcinski.pl\/wp-content\/uploads\/2019\/06\/s3-4-300x186.jpg 300w, https:\/\/marekkuchcinski.pl\/wp-content\/uploads\/2019\/06\/s3-4-768x475.jpg 768w, https:\/\/marekkuchcinski.pl\/wp-content\/uploads\/2019\/06\/s3-4.jpg 2048w\" sizes=\"(max-width: 1024px) 100vw, 1024px\" \/><\/figure>\n\n\n\n<ul class=\"wp-block-gallery columns-1 is-cropped wp-block-gallery-1 is-layout-flex wp-block-gallery-is-layout-flex\"><li class=\"blocks-gallery-item\"><figure><img loading=\"lazy\" decoding=\"async\" width=\"1024\" height=\"683\" src=\"https:\/\/marekkuchcinski.pl\/wp-content\/uploads\/2019\/06\/14-1-1024x683.jpg\" alt=\"\" data-id=\"16182\" data-link=\"https:\/\/marekkuchcinski.pl\/wydarzenia\/marek-kuchcinski-odmiennosc-wspanialej-kultury-europy-srodkowej-i-wschodniej-zwiazanej-z-chrzescijanstwem-tradycja-antyku-grecko-rzymskiego-oraz-wartosciami-wolnosci-jednostkowej-i-narodowej-okaz\/attachment\/14-7\/\" class=\"wp-image-16182\" srcset=\"https:\/\/marekkuchcinski.pl\/wp-content\/uploads\/2019\/06\/14-1-1024x683.jpg 1024w, https:\/\/marekkuchcinski.pl\/wp-content\/uploads\/2019\/06\/14-1-300x200.jpg 300w, https:\/\/marekkuchcinski.pl\/wp-content\/uploads\/2019\/06\/14-1-768x512.jpg 768w, https:\/\/marekkuchcinski.pl\/wp-content\/uploads\/2019\/06\/14-1.jpg 2048w\" sizes=\"(max-width: 1024px) 100vw, 1024px\" \/><\/figure><\/li><li class=\"blocks-gallery-item\"><figure><img loading=\"lazy\" decoding=\"async\" width=\"1024\" height=\"683\" src=\"https:\/\/marekkuchcinski.pl\/wp-content\/uploads\/2019\/06\/IMG_8460_Fotor-1-1024x683.jpg\" alt=\"\" data-id=\"16184\" data-link=\"https:\/\/marekkuchcinski.pl\/wydarzenia\/marek-kuchcinski-odmiennosc-wspanialej-kultury-europy-srodkowej-i-wschodniej-zwiazanej-z-chrzescijanstwem-tradycja-antyku-grecko-rzymskiego-oraz-wartosciami-wolnosci-jednostkowej-i-narodowej-okaz\/attachment\/img_8460_fotor-2\/\" class=\"wp-image-16184\" srcset=\"https:\/\/marekkuchcinski.pl\/wp-content\/uploads\/2019\/06\/IMG_8460_Fotor-1-1024x683.jpg 1024w, https:\/\/marekkuchcinski.pl\/wp-content\/uploads\/2019\/06\/IMG_8460_Fotor-1-300x200.jpg 300w, https:\/\/marekkuchcinski.pl\/wp-content\/uploads\/2019\/06\/IMG_8460_Fotor-1-768x512.jpg 768w, https:\/\/marekkuchcinski.pl\/wp-content\/uploads\/2019\/06\/IMG_8460_Fotor-1.jpg 2048w\" sizes=\"(max-width: 1024px) 100vw, 1024px\" \/><\/figure><\/li><li class=\"blocks-gallery-item\"><figure><img loading=\"lazy\" decoding=\"async\" width=\"1024\" height=\"677\" src=\"https:\/\/marekkuchcinski.pl\/wp-content\/uploads\/2019\/06\/IMG_8703_Fotor-1-1024x677.jpg\" alt=\"\" data-id=\"16186\" data-link=\"https:\/\/marekkuchcinski.pl\/wydarzenia\/marek-kuchcinski-odmiennosc-wspanialej-kultury-europy-srodkowej-i-wschodniej-zwiazanej-z-chrzescijanstwem-tradycja-antyku-grecko-rzymskiego-oraz-wartosciami-wolnosci-jednostkowej-i-narodowej-okaz\/attachment\/img_8703_fotor-2\/\" class=\"wp-image-16186\" srcset=\"https:\/\/marekkuchcinski.pl\/wp-content\/uploads\/2019\/06\/IMG_8703_Fotor-1-1024x677.jpg 1024w, https:\/\/marekkuchcinski.pl\/wp-content\/uploads\/2019\/06\/IMG_8703_Fotor-1-300x198.jpg 300w, https:\/\/marekkuchcinski.pl\/wp-content\/uploads\/2019\/06\/IMG_8703_Fotor-1-768x508.jpg 768w, https:\/\/marekkuchcinski.pl\/wp-content\/uploads\/2019\/06\/IMG_8703_Fotor-1.jpg 2048w\" sizes=\"(max-width: 1024px) 100vw, 1024px\" \/><\/figure><\/li><li class=\"blocks-gallery-item\"><figure><img loading=\"lazy\" decoding=\"async\" width=\"1024\" height=\"683\" src=\"https:\/\/marekkuchcinski.pl\/wp-content\/uploads\/2019\/06\/mal-1-1024x683.jpg\" alt=\"\" data-id=\"16188\" data-link=\"https:\/\/marekkuchcinski.pl\/wydarzenia\/marek-kuchcinski-odmiennosc-wspanialej-kultury-europy-srodkowej-i-wschodniej-zwiazanej-z-chrzescijanstwem-tradycja-antyku-grecko-rzymskiego-oraz-wartosciami-wolnosci-jednostkowej-i-narodowej-okaz\/attachment\/mal-2\/\" class=\"wp-image-16188\" srcset=\"https:\/\/marekkuchcinski.pl\/wp-content\/uploads\/2019\/06\/mal-1-1024x683.jpg 1024w, https:\/\/marekkuchcinski.pl\/wp-content\/uploads\/2019\/06\/mal-1-300x200.jpg 300w, https:\/\/marekkuchcinski.pl\/wp-content\/uploads\/2019\/06\/mal-1-768x512.jpg 768w, https:\/\/marekkuchcinski.pl\/wp-content\/uploads\/2019\/06\/mal-1.jpg 2048w\" sizes=\"(max-width: 1024px) 100vw, 1024px\" \/><\/figure><\/li><li class=\"blocks-gallery-item\"><figure><img loading=\"lazy\" decoding=\"async\" width=\"1024\" height=\"683\" src=\"https:\/\/marekkuchcinski.pl\/wp-content\/uploads\/2019\/06\/s1-2-1024x683.jpg\" alt=\"\" data-id=\"16189\" data-link=\"https:\/\/marekkuchcinski.pl\/wydarzenia\/marek-kuchcinski-odmiennosc-wspanialej-kultury-europy-srodkowej-i-wschodniej-zwiazanej-z-chrzescijanstwem-tradycja-antyku-grecko-rzymskiego-oraz-wartosciami-wolnosci-jednostkowej-i-narodowej-okaz\/attachment\/s1-3\/\" class=\"wp-image-16189\" srcset=\"https:\/\/marekkuchcinski.pl\/wp-content\/uploads\/2019\/06\/s1-2-1024x683.jpg 1024w, https:\/\/marekkuchcinski.pl\/wp-content\/uploads\/2019\/06\/s1-2-300x200.jpg 300w, https:\/\/marekkuchcinski.pl\/wp-content\/uploads\/2019\/06\/s1-2-768x512.jpg 768w, https:\/\/marekkuchcinski.pl\/wp-content\/uploads\/2019\/06\/s1-2.jpg 2048w\" sizes=\"(max-width: 1024px) 100vw, 1024px\" \/><\/figure><\/li><li class=\"blocks-gallery-item\"><figure><img loading=\"lazy\" decoding=\"async\" width=\"1024\" height=\"678\" src=\"https:\/\/marekkuchcinski.pl\/wp-content\/uploads\/2019\/06\/s8-2-1024x678.jpg\" alt=\"\" data-id=\"16192\" data-link=\"https:\/\/marekkuchcinski.pl\/wydarzenia\/marek-kuchcinski-odmiennosc-wspanialej-kultury-europy-srodkowej-i-wschodniej-zwiazanej-z-chrzescijanstwem-tradycja-antyku-grecko-rzymskiego-oraz-wartosciami-wolnosci-jednostkowej-i-narodowej-okaz\/attachment\/s8-3\/\" class=\"wp-image-16192\" srcset=\"https:\/\/marekkuchcinski.pl\/wp-content\/uploads\/2019\/06\/s8-2-1024x678.jpg 1024w, https:\/\/marekkuchcinski.pl\/wp-content\/uploads\/2019\/06\/s8-2-300x199.jpg 300w, https:\/\/marekkuchcinski.pl\/wp-content\/uploads\/2019\/06\/s8-2-768x508.jpg 768w, https:\/\/marekkuchcinski.pl\/wp-content\/uploads\/2019\/06\/s8-2.jpg 2048w\" sizes=\"(max-width: 1024px) 100vw, 1024px\" \/><\/figure><\/li><li class=\"blocks-gallery-item\"><figure><img loading=\"lazy\" decoding=\"async\" width=\"1024\" height=\"630\" src=\"https:\/\/marekkuchcinski.pl\/wp-content\/uploads\/2019\/06\/s10-2-1024x630.jpg\" alt=\"\" data-id=\"16194\" data-link=\"https:\/\/marekkuchcinski.pl\/wydarzenia\/marek-kuchcinski-odmiennosc-wspanialej-kultury-europy-srodkowej-i-wschodniej-zwiazanej-z-chrzescijanstwem-tradycja-antyku-grecko-rzymskiego-oraz-wartosciami-wolnosci-jednostkowej-i-narodowej-okaz\/attachment\/s10-3\/\" class=\"wp-image-16194\" srcset=\"https:\/\/marekkuchcinski.pl\/wp-content\/uploads\/2019\/06\/s10-2-1024x630.jpg 1024w, https:\/\/marekkuchcinski.pl\/wp-content\/uploads\/2019\/06\/s10-2-300x185.jpg 300w, https:\/\/marekkuchcinski.pl\/wp-content\/uploads\/2019\/06\/s10-2-768x473.jpg 768w, https:\/\/marekkuchcinski.pl\/wp-content\/uploads\/2019\/06\/s10-2.jpg 2048w\" sizes=\"(max-width: 1024px) 100vw, 1024px\" \/><\/figure><\/li><li class=\"blocks-gallery-item\"><figure><img loading=\"lazy\" decoding=\"async\" width=\"1024\" height=\"657\" src=\"https:\/\/marekkuchcinski.pl\/wp-content\/uploads\/2019\/06\/s13-1-1024x657.jpg\" alt=\"\" data-id=\"16195\" data-link=\"https:\/\/marekkuchcinski.pl\/wydarzenia\/marek-kuchcinski-odmiennosc-wspanialej-kultury-europy-srodkowej-i-wschodniej-zwiazanej-z-chrzescijanstwem-tradycja-antyku-grecko-rzymskiego-oraz-wartosciami-wolnosci-jednostkowej-i-narodowej-okaz\/attachment\/s13-2\/\" class=\"wp-image-16195\" srcset=\"https:\/\/marekkuchcinski.pl\/wp-content\/uploads\/2019\/06\/s13-1-1024x657.jpg 1024w, https:\/\/marekkuchcinski.pl\/wp-content\/uploads\/2019\/06\/s13-1-300x193.jpg 300w, https:\/\/marekkuchcinski.pl\/wp-content\/uploads\/2019\/06\/s13-1-768x493.jpg 768w, https:\/\/marekkuchcinski.pl\/wp-content\/uploads\/2019\/06\/s13-1.jpg 2048w\" sizes=\"(max-width: 1024px) 100vw, 1024px\" \/><\/figure><\/li><li class=\"blocks-gallery-item\"><figure><img loading=\"lazy\" decoding=\"async\" width=\"1024\" height=\"683\" src=\"https:\/\/marekkuchcinski.pl\/wp-content\/uploads\/2019\/06\/Rafa\u0142Z-1024x683.jpg\" alt=\"\" data-id=\"16196\" data-link=\"https:\/\/marekkuchcinski.pl\/wydarzenia\/marek-kuchcinski-odmiennosc-wspanialej-kultury-europy-srodkowej-i-wschodniej-zwiazanej-z-chrzescijanstwem-tradycja-antyku-grecko-rzymskiego-oraz-wartosciami-wolnosci-jednostkowej-i-narodowej-okaz\/attachment\/rafalz\/\" class=\"wp-image-16196\" srcset=\"https:\/\/marekkuchcinski.pl\/wp-content\/uploads\/2019\/06\/Rafa\u0142Z-1024x683.jpg 1024w, https:\/\/marekkuchcinski.pl\/wp-content\/uploads\/2019\/06\/Rafa\u0142Z-300x200.jpg 300w, https:\/\/marekkuchcinski.pl\/wp-content\/uploads\/2019\/06\/Rafa\u0142Z-768x512.jpg 768w, https:\/\/marekkuchcinski.pl\/wp-content\/uploads\/2019\/06\/Rafa\u0142Z.jpg 1200w\" sizes=\"(max-width: 1024px) 100vw, 1024px\" \/><figcaption>Foto: Rafa\u0142 Zambrzycki<\/figcaption><\/figure><\/li><\/ul>","protected":false},"excerpt":{"rendered":"<p>Przem\u00f3wienie marsza\u0142ka Sejmu Marka Kuchci\u0144skiego, otwieraj\u0105ce IV Szczyt Parlamentarny Europy \u015arodkowo-Wschodniej: Temat pierwszego panelu naszych obrad zosta\u0142 wybrany nieprzypadkowo. Upadek komunizmu jest z pewno\u015bci\u0105 najwa\u017cniejszym do\u015bwiadczeniem historycznym ca\u0142ej Europy powojennej. To w\u0142a\u015bnie wtedy dokona\u0142y si\u0119 u nas fundamentalne przemiany, kt\u00f3re ukszta\u0142towa\u0142y wsp\u00f3\u0142czesne oblicze naszej cz\u0119\u015bci Europy i jej pa\u0144stw. Narody naszego regionu od zawsze wykazywa\u0142y [&hellip;]<\/p>","protected":false},"author":6,"featured_media":16179,"comment_status":"open","ping_status":"open","sticky":false,"template":"","format":"standard","meta":{"ngg_post_thumbnail":0,"footnotes":""},"categories":[81,50,3],"tags":[],"class_list":["post-16178","post","type-post","status-publish","format-standard","has-post-thumbnail","hentry","category-wiesci-z-sejmu","category-wspolpraca-miedzynarodowa","category-wydarzenia"],"yoast_head":"<!-- This site is optimized with the Yoast SEO plugin v24.7 - https:\/\/yoast.com\/wordpress\/plugins\/seo\/ -->\n<title>Marek Kuchci\u0144ski: Odmienno\u015b\u0107 wspania\u0142ej kultury Europy \u015arodkowej i Wschodniej, zwi\u0105zanej z chrze\u015bcija\u0144stwem, tradycj\u0105 antyku grecko-rzymskiego oraz warto\u015bciami wolno\u015bci jednostkowej i narodowej okaza\u0142a si\u0119 du\u017co trwalsza ni\u017c re\u017cim totalitarny &#8211; Marek Kuchci\u0144ski<\/title>\n<meta name=\"robots\" content=\"index, follow, max-snippet:-1, max-image-preview:large, max-video-preview:-1\" \/>\n<link rel=\"canonical\" href=\"https:\/\/marekkuchcinski.pl\/sk\/wydarzenia\/marek-kuchcinski-odmiennosc-wspanialej-kultury-europy-srodkowej-i-wschodniej-zwiazanej-z-chrzescijanstwem-tradycja-antyku-grecko-rzymskiego-oraz-wartosciami-wolnosci-jednostkowej-i-narodowej-okaz\/\" \/>\n<meta property=\"og:locale\" content=\"sk_SK\" \/>\n<meta property=\"og:type\" content=\"article\" \/>\n<meta property=\"og:title\" content=\"Marek Kuchci\u0144ski: Odmienno\u015b\u0107 wspania\u0142ej kultury Europy \u015arodkowej i Wschodniej, zwi\u0105zanej z chrze\u015bcija\u0144stwem, tradycj\u0105 antyku grecko-rzymskiego oraz warto\u015bciami wolno\u015bci jednostkowej i narodowej okaza\u0142a si\u0119 du\u017co trwalsza ni\u017c re\u017cim totalitarny &#8211; Marek Kuchci\u0144ski\" \/>\n<meta property=\"og:description\" content=\"Przem\u00f3wienie marsza\u0142ka Sejmu Marka Kuchci\u0144skiego, otwieraj\u0105ce IV Szczyt Parlamentarny Europy \u015arodkowo-Wschodniej: Temat pierwszego panelu naszych obrad zosta\u0142 wybrany nieprzypadkowo. Upadek komunizmu jest z pewno\u015bci\u0105 najwa\u017cniejszym do\u015bwiadczeniem historycznym ca\u0142ej Europy powojennej. To w\u0142a\u015bnie wtedy dokona\u0142y si\u0119 u nas fundamentalne przemiany, kt\u00f3re ukszta\u0142towa\u0142y wsp\u00f3\u0142czesne oblicze naszej cz\u0119\u015bci Europy i jej pa\u0144stw. Narody naszego regionu od zawsze wykazywa\u0142y [&hellip;]\" \/>\n<meta property=\"og:url\" content=\"https:\/\/marekkuchcinski.pl\/sk\/wydarzenia\/marek-kuchcinski-odmiennosc-wspanialej-kultury-europy-srodkowej-i-wschodniej-zwiazanej-z-chrzescijanstwem-tradycja-antyku-grecko-rzymskiego-oraz-wartosciami-wolnosci-jednostkowej-i-narodowej-okaz\/\" \/>\n<meta property=\"og:site_name\" content=\"Marek Kuchci\u0144ski\" \/>\n<meta property=\"article:published_time\" content=\"2019-06-06T12:25:28+00:00\" \/>\n<meta property=\"article:modified_time\" content=\"2019-06-06T14:48:37+00:00\" \/>\n<meta property=\"og:image\" content=\"https:\/\/marekkuchcinski.pl\/wp-content\/uploads\/2019\/06\/s6-4.jpg\" \/>\n\t<meta property=\"og:image:width\" content=\"2048\" \/>\n\t<meta property=\"og:image:height\" content=\"1454\" \/>\n\t<meta property=\"og:image:type\" content=\"image\/jpeg\" \/>\n<meta name=\"author\" content=\"admin\" \/>\n<meta name=\"twitter:card\" content=\"summary_large_image\" \/>\n<meta name=\"twitter:label1\" content=\"Autor\" \/>\n\t<meta name=\"twitter:data1\" content=\"admin\" \/>\n\t<meta name=\"twitter:label2\" content=\"Predpokladan\u00fd \u010das \u010d\u00edtania\" \/>\n\t<meta name=\"twitter:data2\" content=\"4 min\u00faty\" \/>\n<script type=\"application\/ld+json\" class=\"yoast-schema-graph\">{\"@context\":\"https:\/\/schema.org\",\"@graph\":[{\"@type\":\"Article\",\"@id\":\"https:\/\/marekkuchcinski.pl\/wydarzenia\/marek-kuchcinski-odmiennosc-wspanialej-kultury-europy-srodkowej-i-wschodniej-zwiazanej-z-chrzescijanstwem-tradycja-antyku-grecko-rzymskiego-oraz-wartosciami-wolnosci-jednostkowej-i-narodowej-okaz\/#article\",\"isPartOf\":{\"@id\":\"https:\/\/marekkuchcinski.pl\/wydarzenia\/marek-kuchcinski-odmiennosc-wspanialej-kultury-europy-srodkowej-i-wschodniej-zwiazanej-z-chrzescijanstwem-tradycja-antyku-grecko-rzymskiego-oraz-wartosciami-wolnosci-jednostkowej-i-narodowej-okaz\/\"},\"author\":{\"name\":\"admin\",\"@id\":\"https:\/\/marekkuchcinski.pl\/#\/schema\/person\/6f62700996b4d950b6ea2d1183b6c6be\"},\"headline\":\"Marek Kuchci\u0144ski: Odmienno\u015b\u0107 wspania\u0142ej kultury Europy \u015arodkowej i Wschodniej, zwi\u0105zanej z chrze\u015bcija\u0144stwem, tradycj\u0105 antyku grecko-rzymskiego oraz warto\u015bciami wolno\u015bci jednostkowej i narodowej okaza\u0142a si\u0119 du\u017co trwalsza ni\u017c re\u017cim totalitarny\",\"datePublished\":\"2019-06-06T12:25:28+00:00\",\"dateModified\":\"2019-06-06T14:48:37+00:00\",\"mainEntityOfPage\":{\"@id\":\"https:\/\/marekkuchcinski.pl\/wydarzenia\/marek-kuchcinski-odmiennosc-wspanialej-kultury-europy-srodkowej-i-wschodniej-zwiazanej-z-chrzescijanstwem-tradycja-antyku-grecko-rzymskiego-oraz-wartosciami-wolnosci-jednostkowej-i-narodowej-okaz\/\"},\"wordCount\":917,\"commentCount\":0,\"publisher\":{\"@id\":\"https:\/\/marekkuchcinski.pl\/#organization\"},\"image\":{\"@id\":\"https:\/\/marekkuchcinski.pl\/wydarzenia\/marek-kuchcinski-odmiennosc-wspanialej-kultury-europy-srodkowej-i-wschodniej-zwiazanej-z-chrzescijanstwem-tradycja-antyku-grecko-rzymskiego-oraz-wartosciami-wolnosci-jednostkowej-i-narodowej-okaz\/#primaryimage\"},\"thumbnailUrl\":\"https:\/\/marekkuchcinski.pl\/wp-content\/uploads\/2019\/06\/s6-4.jpg\",\"articleSection\":[\"Wie\u015bci z Sejmu\",\"Wsp\u00f3\u0142praca mi\u0119dzynarodowa\",\"Wydarzenia\"],\"inLanguage\":\"sk-SK\",\"potentialAction\":[{\"@type\":\"CommentAction\",\"name\":\"Comment\",\"target\":[\"https:\/\/marekkuchcinski.pl\/wydarzenia\/marek-kuchcinski-odmiennosc-wspanialej-kultury-europy-srodkowej-i-wschodniej-zwiazanej-z-chrzescijanstwem-tradycja-antyku-grecko-rzymskiego-oraz-wartosciami-wolnosci-jednostkowej-i-narodowej-okaz\/#respond\"]}]},{\"@type\":\"WebPage\",\"@id\":\"https:\/\/marekkuchcinski.pl\/wydarzenia\/marek-kuchcinski-odmiennosc-wspanialej-kultury-europy-srodkowej-i-wschodniej-zwiazanej-z-chrzescijanstwem-tradycja-antyku-grecko-rzymskiego-oraz-wartosciami-wolnosci-jednostkowej-i-narodowej-okaz\/\",\"url\":\"https:\/\/marekkuchcinski.pl\/wydarzenia\/marek-kuchcinski-odmiennosc-wspanialej-kultury-europy-srodkowej-i-wschodniej-zwiazanej-z-chrzescijanstwem-tradycja-antyku-grecko-rzymskiego-oraz-wartosciami-wolnosci-jednostkowej-i-narodowej-okaz\/\",\"name\":\"Marek Kuchci\u0144ski: Odmienno\u015b\u0107 wspania\u0142ej kultury Europy \u015arodkowej i Wschodniej, zwi\u0105zanej z chrze\u015bcija\u0144stwem, tradycj\u0105 antyku grecko-rzymskiego oraz warto\u015bciami wolno\u015bci jednostkowej i narodowej okaza\u0142a si\u0119 du\u017co trwalsza ni\u017c re\u017cim totalitarny &#8211; Marek Kuchci\u0144ski\",\"isPartOf\":{\"@id\":\"https:\/\/marekkuchcinski.pl\/#website\"},\"primaryImageOfPage\":{\"@id\":\"https:\/\/marekkuchcinski.pl\/wydarzenia\/marek-kuchcinski-odmiennosc-wspanialej-kultury-europy-srodkowej-i-wschodniej-zwiazanej-z-chrzescijanstwem-tradycja-antyku-grecko-rzymskiego-oraz-wartosciami-wolnosci-jednostkowej-i-narodowej-okaz\/#primaryimage\"},\"image\":{\"@id\":\"https:\/\/marekkuchcinski.pl\/wydarzenia\/marek-kuchcinski-odmiennosc-wspanialej-kultury-europy-srodkowej-i-wschodniej-zwiazanej-z-chrzescijanstwem-tradycja-antyku-grecko-rzymskiego-oraz-wartosciami-wolnosci-jednostkowej-i-narodowej-okaz\/#primaryimage\"},\"thumbnailUrl\":\"https:\/\/marekkuchcinski.pl\/wp-content\/uploads\/2019\/06\/s6-4.jpg\",\"datePublished\":\"2019-06-06T12:25:28+00:00\",\"dateModified\":\"2019-06-06T14:48:37+00:00\",\"breadcrumb\":{\"@id\":\"https:\/\/marekkuchcinski.pl\/wydarzenia\/marek-kuchcinski-odmiennosc-wspanialej-kultury-europy-srodkowej-i-wschodniej-zwiazanej-z-chrzescijanstwem-tradycja-antyku-grecko-rzymskiego-oraz-wartosciami-wolnosci-jednostkowej-i-narodowej-okaz\/#breadcrumb\"},\"inLanguage\":\"sk-SK\",\"potentialAction\":[{\"@type\":\"ReadAction\",\"target\":[\"https:\/\/marekkuchcinski.pl\/wydarzenia\/marek-kuchcinski-odmiennosc-wspanialej-kultury-europy-srodkowej-i-wschodniej-zwiazanej-z-chrzescijanstwem-tradycja-antyku-grecko-rzymskiego-oraz-wartosciami-wolnosci-jednostkowej-i-narodowej-okaz\/\"]}]},{\"@type\":\"ImageObject\",\"inLanguage\":\"sk-SK\",\"@id\":\"https:\/\/marekkuchcinski.pl\/wydarzenia\/marek-kuchcinski-odmiennosc-wspanialej-kultury-europy-srodkowej-i-wschodniej-zwiazanej-z-chrzescijanstwem-tradycja-antyku-grecko-rzymskiego-oraz-wartosciami-wolnosci-jednostkowej-i-narodowej-okaz\/#primaryimage\",\"url\":\"https:\/\/marekkuchcinski.pl\/wp-content\/uploads\/2019\/06\/s6-4.jpg\",\"contentUrl\":\"https:\/\/marekkuchcinski.pl\/wp-content\/uploads\/2019\/06\/s6-4.jpg\",\"width\":2048,\"height\":1454},{\"@type\":\"BreadcrumbList\",\"@id\":\"https:\/\/marekkuchcinski.pl\/wydarzenia\/marek-kuchcinski-odmiennosc-wspanialej-kultury-europy-srodkowej-i-wschodniej-zwiazanej-z-chrzescijanstwem-tradycja-antyku-grecko-rzymskiego-oraz-wartosciami-wolnosci-jednostkowej-i-narodowej-okaz\/#breadcrumb\",\"itemListElement\":[{\"@type\":\"ListItem\",\"position\":1,\"name\":\"Strona g\u0142\u00f3wna\",\"item\":\"https:\/\/marekkuchcinski.pl\/\"},{\"@type\":\"ListItem\",\"position\":2,\"name\":\"Marek Kuchci\u0144ski: Odmienno\u015b\u0107 wspania\u0142ej kultury Europy \u015arodkowej i Wschodniej, zwi\u0105zanej z chrze\u015bcija\u0144stwem, tradycj\u0105 antyku grecko-rzymskiego oraz warto\u015bciami wolno\u015bci jednostkowej i narodowej okaza\u0142a si\u0119 du\u017co trwalsza ni\u017c re\u017cim totalitarny\"}]},{\"@type\":\"WebSite\",\"@id\":\"https:\/\/marekkuchcinski.pl\/#website\",\"url\":\"https:\/\/marekkuchcinski.pl\/\",\"name\":\"Marek Kuchci\u0144ski\",\"description\":\"Pose\u0142 na sejm RP &ndash; okr\u0119g nr 22\",\"publisher\":{\"@id\":\"https:\/\/marekkuchcinski.pl\/#organization\"},\"potentialAction\":[{\"@type\":\"SearchAction\",\"target\":{\"@type\":\"EntryPoint\",\"urlTemplate\":\"https:\/\/marekkuchcinski.pl\/?s={search_term_string}\"},\"query-input\":{\"@type\":\"PropertyValueSpecification\",\"valueRequired\":true,\"valueName\":\"search_term_string\"}}],\"inLanguage\":\"sk-SK\"},{\"@type\":\"Organization\",\"@id\":\"https:\/\/marekkuchcinski.pl\/#organization\",\"name\":\"Marek Kuchci\u0144ski\",\"url\":\"https:\/\/marekkuchcinski.pl\/\",\"logo\":{\"@type\":\"ImageObject\",\"inLanguage\":\"sk-SK\",\"@id\":\"https:\/\/marekkuchcinski.pl\/#\/schema\/logo\/image\/\",\"url\":\"https:\/\/marekkuchcinski.pl\/wp-content\/uploads\/2022\/09\/Marek.jpg\",\"contentUrl\":\"https:\/\/marekkuchcinski.pl\/wp-content\/uploads\/2022\/09\/Marek.jpg\",\"width\":1600,\"height\":971,\"caption\":\"Marek Kuchci\u0144ski\"},\"image\":{\"@id\":\"https:\/\/marekkuchcinski.pl\/#\/schema\/logo\/image\/\"}},{\"@type\":\"Person\",\"@id\":\"https:\/\/marekkuchcinski.pl\/#\/schema\/person\/6f62700996b4d950b6ea2d1183b6c6be\",\"name\":\"admin\",\"image\":{\"@type\":\"ImageObject\",\"inLanguage\":\"sk-SK\",\"@id\":\"https:\/\/marekkuchcinski.pl\/#\/schema\/person\/image\/\",\"url\":\"https:\/\/secure.gravatar.com\/avatar\/4bab693b9d55c3d6b52c0296a8765085?s=96&d=mm&r=g\",\"contentUrl\":\"https:\/\/secure.gravatar.com\/avatar\/4bab693b9d55c3d6b52c0296a8765085?s=96&d=mm&r=g\",\"caption\":\"admin\"},\"url\":\"https:\/\/marekkuchcinski.pl\/sk\/author\/marta-olejnik\/\"}]}<\/script>\n<!-- \/ Yoast SEO plugin. -->","yoast_head_json":{"title":"Marek Kuchci\u0144ski: Odmienno\u015b\u0107 wspania\u0142ej kultury Europy \u015arodkowej i Wschodniej, zwi\u0105zanej z chrze\u015bcija\u0144stwem, tradycj\u0105 antyku grecko-rzymskiego oraz warto\u015bciami wolno\u015bci jednostkowej i narodowej okaza\u0142a si\u0119 du\u017co trwalsza ni\u017c re\u017cim totalitarny &#8211; Marek Kuchci\u0144ski","robots":{"index":"index","follow":"follow","max-snippet":"max-snippet:-1","max-image-preview":"max-image-preview:large","max-video-preview":"max-video-preview:-1"},"canonical":"https:\/\/marekkuchcinski.pl\/sk\/wydarzenia\/marek-kuchcinski-odmiennosc-wspanialej-kultury-europy-srodkowej-i-wschodniej-zwiazanej-z-chrzescijanstwem-tradycja-antyku-grecko-rzymskiego-oraz-wartosciami-wolnosci-jednostkowej-i-narodowej-okaz\/","og_locale":"sk_SK","og_type":"article","og_title":"Marek Kuchci\u0144ski: Odmienno\u015b\u0107 wspania\u0142ej kultury Europy \u015arodkowej i Wschodniej, zwi\u0105zanej z chrze\u015bcija\u0144stwem, tradycj\u0105 antyku grecko-rzymskiego oraz warto\u015bciami wolno\u015bci jednostkowej i narodowej okaza\u0142a si\u0119 du\u017co trwalsza ni\u017c re\u017cim totalitarny &#8211; Marek Kuchci\u0144ski","og_description":"Przem\u00f3wienie marsza\u0142ka Sejmu Marka Kuchci\u0144skiego, otwieraj\u0105ce IV Szczyt Parlamentarny Europy \u015arodkowo-Wschodniej: Temat pierwszego panelu naszych obrad zosta\u0142 wybrany nieprzypadkowo. Upadek komunizmu jest z pewno\u015bci\u0105 najwa\u017cniejszym do\u015bwiadczeniem historycznym ca\u0142ej Europy powojennej. To w\u0142a\u015bnie wtedy dokona\u0142y si\u0119 u nas fundamentalne przemiany, kt\u00f3re ukszta\u0142towa\u0142y wsp\u00f3\u0142czesne oblicze naszej cz\u0119\u015bci Europy i jej pa\u0144stw. Narody naszego regionu od zawsze wykazywa\u0142y [&hellip;]","og_url":"https:\/\/marekkuchcinski.pl\/sk\/wydarzenia\/marek-kuchcinski-odmiennosc-wspanialej-kultury-europy-srodkowej-i-wschodniej-zwiazanej-z-chrzescijanstwem-tradycja-antyku-grecko-rzymskiego-oraz-wartosciami-wolnosci-jednostkowej-i-narodowej-okaz\/","og_site_name":"Marek Kuchci\u0144ski","article_published_time":"2019-06-06T12:25:28+00:00","article_modified_time":"2019-06-06T14:48:37+00:00","og_image":[{"width":2048,"height":1454,"url":"https:\/\/marekkuchcinski.pl\/wp-content\/uploads\/2019\/06\/s6-4.jpg","type":"image\/jpeg"}],"author":"admin","twitter_card":"summary_large_image","twitter_misc":{"Autor":"admin","Predpokladan\u00fd \u010das \u010d\u00edtania":"4 min\u00faty"},"schema":{"@context":"https:\/\/schema.org","@graph":[{"@type":"Article","@id":"https:\/\/marekkuchcinski.pl\/wydarzenia\/marek-kuchcinski-odmiennosc-wspanialej-kultury-europy-srodkowej-i-wschodniej-zwiazanej-z-chrzescijanstwem-tradycja-antyku-grecko-rzymskiego-oraz-wartosciami-wolnosci-jednostkowej-i-narodowej-okaz\/#article","isPartOf":{"@id":"https:\/\/marekkuchcinski.pl\/wydarzenia\/marek-kuchcinski-odmiennosc-wspanialej-kultury-europy-srodkowej-i-wschodniej-zwiazanej-z-chrzescijanstwem-tradycja-antyku-grecko-rzymskiego-oraz-wartosciami-wolnosci-jednostkowej-i-narodowej-okaz\/"},"author":{"name":"admin","@id":"https:\/\/marekkuchcinski.pl\/#\/schema\/person\/6f62700996b4d950b6ea2d1183b6c6be"},"headline":"Marek Kuchci\u0144ski: Odmienno\u015b\u0107 wspania\u0142ej kultury Europy \u015arodkowej i Wschodniej, zwi\u0105zanej z chrze\u015bcija\u0144stwem, tradycj\u0105 antyku grecko-rzymskiego oraz warto\u015bciami wolno\u015bci jednostkowej i narodowej okaza\u0142a si\u0119 du\u017co trwalsza ni\u017c re\u017cim totalitarny","datePublished":"2019-06-06T12:25:28+00:00","dateModified":"2019-06-06T14:48:37+00:00","mainEntityOfPage":{"@id":"https:\/\/marekkuchcinski.pl\/wydarzenia\/marek-kuchcinski-odmiennosc-wspanialej-kultury-europy-srodkowej-i-wschodniej-zwiazanej-z-chrzescijanstwem-tradycja-antyku-grecko-rzymskiego-oraz-wartosciami-wolnosci-jednostkowej-i-narodowej-okaz\/"},"wordCount":917,"commentCount":0,"publisher":{"@id":"https:\/\/marekkuchcinski.pl\/#organization"},"image":{"@id":"https:\/\/marekkuchcinski.pl\/wydarzenia\/marek-kuchcinski-odmiennosc-wspanialej-kultury-europy-srodkowej-i-wschodniej-zwiazanej-z-chrzescijanstwem-tradycja-antyku-grecko-rzymskiego-oraz-wartosciami-wolnosci-jednostkowej-i-narodowej-okaz\/#primaryimage"},"thumbnailUrl":"https:\/\/marekkuchcinski.pl\/wp-content\/uploads\/2019\/06\/s6-4.jpg","articleSection":["Wie\u015bci z Sejmu","Wsp\u00f3\u0142praca mi\u0119dzynarodowa","Wydarzenia"],"inLanguage":"sk-SK","potentialAction":[{"@type":"CommentAction","name":"Comment","target":["https:\/\/marekkuchcinski.pl\/wydarzenia\/marek-kuchcinski-odmiennosc-wspanialej-kultury-europy-srodkowej-i-wschodniej-zwiazanej-z-chrzescijanstwem-tradycja-antyku-grecko-rzymskiego-oraz-wartosciami-wolnosci-jednostkowej-i-narodowej-okaz\/#respond"]}]},{"@type":"WebPage","@id":"https:\/\/marekkuchcinski.pl\/wydarzenia\/marek-kuchcinski-odmiennosc-wspanialej-kultury-europy-srodkowej-i-wschodniej-zwiazanej-z-chrzescijanstwem-tradycja-antyku-grecko-rzymskiego-oraz-wartosciami-wolnosci-jednostkowej-i-narodowej-okaz\/","url":"https:\/\/marekkuchcinski.pl\/wydarzenia\/marek-kuchcinski-odmiennosc-wspanialej-kultury-europy-srodkowej-i-wschodniej-zwiazanej-z-chrzescijanstwem-tradycja-antyku-grecko-rzymskiego-oraz-wartosciami-wolnosci-jednostkowej-i-narodowej-okaz\/","name":"Marek Kuchci\u0144ski: Odmienno\u015b\u0107 wspania\u0142ej kultury Europy \u015arodkowej i Wschodniej, zwi\u0105zanej z chrze\u015bcija\u0144stwem, tradycj\u0105 antyku grecko-rzymskiego oraz warto\u015bciami wolno\u015bci jednostkowej i narodowej okaza\u0142a si\u0119 du\u017co trwalsza ni\u017c re\u017cim totalitarny &#8211; Marek Kuchci\u0144ski","isPartOf":{"@id":"https:\/\/marekkuchcinski.pl\/#website"},"primaryImageOfPage":{"@id":"https:\/\/marekkuchcinski.pl\/wydarzenia\/marek-kuchcinski-odmiennosc-wspanialej-kultury-europy-srodkowej-i-wschodniej-zwiazanej-z-chrzescijanstwem-tradycja-antyku-grecko-rzymskiego-oraz-wartosciami-wolnosci-jednostkowej-i-narodowej-okaz\/#primaryimage"},"image":{"@id":"https:\/\/marekkuchcinski.pl\/wydarzenia\/marek-kuchcinski-odmiennosc-wspanialej-kultury-europy-srodkowej-i-wschodniej-zwiazanej-z-chrzescijanstwem-tradycja-antyku-grecko-rzymskiego-oraz-wartosciami-wolnosci-jednostkowej-i-narodowej-okaz\/#primaryimage"},"thumbnailUrl":"https:\/\/marekkuchcinski.pl\/wp-content\/uploads\/2019\/06\/s6-4.jpg","datePublished":"2019-06-06T12:25:28+00:00","dateModified":"2019-06-06T14:48:37+00:00","breadcrumb":{"@id":"https:\/\/marekkuchcinski.pl\/wydarzenia\/marek-kuchcinski-odmiennosc-wspanialej-kultury-europy-srodkowej-i-wschodniej-zwiazanej-z-chrzescijanstwem-tradycja-antyku-grecko-rzymskiego-oraz-wartosciami-wolnosci-jednostkowej-i-narodowej-okaz\/#breadcrumb"},"inLanguage":"sk-SK","potentialAction":[{"@type":"ReadAction","target":["https:\/\/marekkuchcinski.pl\/wydarzenia\/marek-kuchcinski-odmiennosc-wspanialej-kultury-europy-srodkowej-i-wschodniej-zwiazanej-z-chrzescijanstwem-tradycja-antyku-grecko-rzymskiego-oraz-wartosciami-wolnosci-jednostkowej-i-narodowej-okaz\/"]}]},{"@type":"ImageObject","inLanguage":"sk-SK","@id":"https:\/\/marekkuchcinski.pl\/wydarzenia\/marek-kuchcinski-odmiennosc-wspanialej-kultury-europy-srodkowej-i-wschodniej-zwiazanej-z-chrzescijanstwem-tradycja-antyku-grecko-rzymskiego-oraz-wartosciami-wolnosci-jednostkowej-i-narodowej-okaz\/#primaryimage","url":"https:\/\/marekkuchcinski.pl\/wp-content\/uploads\/2019\/06\/s6-4.jpg","contentUrl":"https:\/\/marekkuchcinski.pl\/wp-content\/uploads\/2019\/06\/s6-4.jpg","width":2048,"height":1454},{"@type":"BreadcrumbList","@id":"https:\/\/marekkuchcinski.pl\/wydarzenia\/marek-kuchcinski-odmiennosc-wspanialej-kultury-europy-srodkowej-i-wschodniej-zwiazanej-z-chrzescijanstwem-tradycja-antyku-grecko-rzymskiego-oraz-wartosciami-wolnosci-jednostkowej-i-narodowej-okaz\/#breadcrumb","itemListElement":[{"@type":"ListItem","position":1,"name":"Strona g\u0142\u00f3wna","item":"https:\/\/marekkuchcinski.pl\/"},{"@type":"ListItem","position":2,"name":"Marek Kuchci\u0144ski: Odmienno\u015b\u0107 wspania\u0142ej kultury Europy \u015arodkowej i Wschodniej, zwi\u0105zanej z chrze\u015bcija\u0144stwem, tradycj\u0105 antyku grecko-rzymskiego oraz warto\u015bciami wolno\u015bci jednostkowej i narodowej okaza\u0142a si\u0119 du\u017co trwalsza ni\u017c re\u017cim totalitarny"}]},{"@type":"WebSite","@id":"https:\/\/marekkuchcinski.pl\/#website","url":"https:\/\/marekkuchcinski.pl\/","name":"Marek Kuchci\u0144ski","description":"Pose\u0142 na sejm RP &ndash; okr\u0119g nr 22","publisher":{"@id":"https:\/\/marekkuchcinski.pl\/#organization"},"potentialAction":[{"@type":"SearchAction","target":{"@type":"EntryPoint","urlTemplate":"https:\/\/marekkuchcinski.pl\/?s={search_term_string}"},"query-input":{"@type":"PropertyValueSpecification","valueRequired":true,"valueName":"search_term_string"}}],"inLanguage":"sk-SK"},{"@type":"Organization","@id":"https:\/\/marekkuchcinski.pl\/#organization","name":"Marek Kuchci\u0144ski","url":"https:\/\/marekkuchcinski.pl\/","logo":{"@type":"ImageObject","inLanguage":"sk-SK","@id":"https:\/\/marekkuchcinski.pl\/#\/schema\/logo\/image\/","url":"https:\/\/marekkuchcinski.pl\/wp-content\/uploads\/2022\/09\/Marek.jpg","contentUrl":"https:\/\/marekkuchcinski.pl\/wp-content\/uploads\/2022\/09\/Marek.jpg","width":1600,"height":971,"caption":"Marek Kuchci\u0144ski"},"image":{"@id":"https:\/\/marekkuchcinski.pl\/#\/schema\/logo\/image\/"}},{"@type":"Person","@id":"https:\/\/marekkuchcinski.pl\/#\/schema\/person\/6f62700996b4d950b6ea2d1183b6c6be","name":"admin","image":{"@type":"ImageObject","inLanguage":"sk-SK","@id":"https:\/\/marekkuchcinski.pl\/#\/schema\/person\/image\/","url":"https:\/\/secure.gravatar.com\/avatar\/4bab693b9d55c3d6b52c0296a8765085?s=96&d=mm&r=g","contentUrl":"https:\/\/secure.gravatar.com\/avatar\/4bab693b9d55c3d6b52c0296a8765085?s=96&d=mm&r=g","caption":"admin"},"url":"https:\/\/marekkuchcinski.pl\/sk\/author\/marta-olejnik\/"}]}},"_links":{"self":[{"href":"https:\/\/marekkuchcinski.pl\/sk\/wp-json\/wp\/v2\/posts\/16178","targetHints":{"allow":["GET"]}}],"collection":[{"href":"https:\/\/marekkuchcinski.pl\/sk\/wp-json\/wp\/v2\/posts"}],"about":[{"href":"https:\/\/marekkuchcinski.pl\/sk\/wp-json\/wp\/v2\/types\/post"}],"author":[{"embeddable":true,"href":"https:\/\/marekkuchcinski.pl\/sk\/wp-json\/wp\/v2\/users\/6"}],"replies":[{"embeddable":true,"href":"https:\/\/marekkuchcinski.pl\/sk\/wp-json\/wp\/v2\/comments?post=16178"}],"version-history":[{"count":10,"href":"https:\/\/marekkuchcinski.pl\/sk\/wp-json\/wp\/v2\/posts\/16178\/revisions"}],"predecessor-version":[{"id":16211,"href":"https:\/\/marekkuchcinski.pl\/sk\/wp-json\/wp\/v2\/posts\/16178\/revisions\/16211"}],"wp:featuredmedia":[{"embeddable":true,"href":"https:\/\/marekkuchcinski.pl\/sk\/wp-json\/wp\/v2\/media\/16179"}],"wp:attachment":[{"href":"https:\/\/marekkuchcinski.pl\/sk\/wp-json\/wp\/v2\/media?parent=16178"}],"wp:term":[{"taxonomy":"category","embeddable":true,"href":"https:\/\/marekkuchcinski.pl\/sk\/wp-json\/wp\/v2\/categories?post=16178"},{"taxonomy":"post_tag","embeddable":true,"href":"https:\/\/marekkuchcinski.pl\/sk\/wp-json\/wp\/v2\/tags?post=16178"}],"curies":[{"name":"wp","href":"https:\/\/api.w.org\/{rel}","templated":true}]}}