{"id":16035,"date":"2019-06-05T14:48:57","date_gmt":"2019-06-05T12:48:57","guid":{"rendered":"https:\/\/marekkuchcinski.pl\/?p=16035"},"modified":"2020-01-25T11:26:08","modified_gmt":"2020-01-25T10:26:08","slug":"prof-roger-scruton-odznaczony-krzyzem-wielkim-orderu-zaslugi-rzeczypospolitej-polskiej","status":"publish","type":"post","link":"https:\/\/marekkuchcinski.pl\/sk\/wydarzenia\/prof-roger-scruton-odznaczony-krzyzem-wielkim-orderu-zaslugi-rzeczypospolitej-polskiej\/","title":{"rendered":"Prof. Roger Scruton vyznamenan\u00fd Ve\u013ek\u00fdm kr\u00ed\u017eom R\u00e1du za z\u00e1sluhy Po\u013eskej republiky"},"content":{"rendered":"<p>Prezident Po\u013eskej republiky udelil Ve\u013ek\u00fd kr\u00ed\u017e R\u00e1du za z\u00e1sluhy Po\u013eskej republiky Rogerovi Scrutonovi, ob\u010danovi Spojen\u00e9ho kr\u00e1\u013eovstva Ve\u013ekej Brit\u00e1nie a Severn\u00e9ho \u00cdrska, za jeho mimoriadny pr\u00ednos k podpore demokratick\u00fdch zmien v Po\u013esku a za rozvoj po\u013esko-britskej vedeckej a akademickej spolupr\u00e1ce. <\/p>\n\n\n\n<p>- Komunizmus skon\u010dil v\u010faka viere a vlastenectvu po\u013esk\u00e9ho n\u00e1roda. Je mi c\u0165ou, \u017ee som sa na tom mohol skromne podie\u013ea\u0165,\" povedal profesor Roger Scruton. - \"Je d\u00f4le\u017eit\u00e9 br\u00e1ni\u0165 idey v opoz\u00edcii vo\u010di ideol\u00f3gi\u00e1m... Nezab\u00fadajme, \u017ee komunizmus bol n\u00e1rodu vn\u00faten\u00fd Sovietmi, ktor\u00fdm boli Poliaci podriaden\u00ed... Podarilo sa to v\u010faka trad\u00edci\u00e1m a identite, katol\u00edckej viere, zmyslu pre hist\u00f3riu a odvahe. Poliaci s\u00fa ve\u013emi dobr\u00fdm pr\u00edkladom. A tak ako sme sa my na Z\u00e1pade kedysi sna\u017eili pom\u00f4c\u0165 Po\u013esku, teraz potrebujeme va\u0161u pomoc,\" tvrd\u00ed Scruton.<\/p>\n\n\n\n<p><strong>V 80. rokoch Scruton podporoval protikomunistick\u00fa opoz\u00edciu. Okrem in\u00e9ho spolupracoval so s\u00fa\u010dasn\u00fdm predsedom Sejmu Marekom Kuchcinsk\u00fdm. V \u00favode k reed\u00edcii \u010dasopisu, ktor\u00fd vydal Kuchcinski, nap\u00edsal:<\/strong><\/p>\n\n\n\n<p>Cestoval som a h\u013eadal mal\u00e9 skupiny \u013eud\u00ed, ktor\u00ed chceli diskutova\u0165, u\u010di\u0165 sa, kl\u00e1s\u0165 ot\u00e1zky a obnovi\u0165 aspo\u0148 \u010das\u0165 intelektu\u00e1lneho \u017eivota, ktor\u00fd kedysi v Po\u013esku prekvital. St\u00e1le ma sledovali a dareb\u00e1kov, ktor\u00ed ma mali za \u00falohu, som v\u00e4\u010d\u0161inou spoznal pod\u013ea ve\u013ek\u00fdch karfiolov\u00fdch u\u0161\u00ed a nosov, z ktor\u00fdch im kvapkalo do vlhk\u00fdch f\u00fazov. Boli to \u013eudia, ak\u00fdch mohla zamestna\u0165 len bezpe\u010dnostn\u00e1 pol\u00edcia. V\u0161ade, kam som pri\u0161iel, bolo jasn\u00e9, ako \u00fa\u010dinne komunistick\u00e1 strana op\u00e4\u0165 zlikvidovala ob\u010diansku spolo\u010dnos\u0165 v Po\u013esku a jej zvy\u0161ky prenechala cirkvi. \u013dudia si pochm\u00farne uvedomovali, \u017ee nem\u00e1 zmysel sa h\u00e1da\u0165, preto\u017ee v d\u00f4sledku sporu sa nikdy ni\u010d nezmen\u00ed. Najlep\u0161ie bolo postara\u0165 sa o rodinu a zosta\u0165 v bl\u00edzkosti Cirkvi.<\/p>\n\n\n\n<p>V 80. rokoch 20. storo\u010dia u\u017e bolo obdobie Solidarity\npam\u00e4ti a vojnov\u00fd stav zmenil Po\u013esko na druh\nsomnambuln\u00e9 ticho. Cestoval som a h\u013eadal mal\u00e9 skupiny \u013eud\u00ed, ktor\u00ed\nchceli diskutova\u0165, u\u010di\u0165 sa, kl\u00e1s\u0165 ot\u00e1zky a obnovi\u0165 aspo\u0148 \u010das\u0165 intelektu\u00e1lneho \u017eivota, ktor\u00fd kedysi prekvital\nintelektu\u00e1lny \u017eivot, ktor\u00fd kedysi v Po\u013esku prekvital. V\u017edy som bol sledovan\u00fd a\nv\u0161eobecne som mohol rozpozna\u0165 dareb\u00e1kov, ktor\u00ed mali na m\u0148a \u00falohu pod\u013ea ich ve\u013ekej\nkarfiolov\u00e9 u\u0161i a nosy, z ktor\u00fdch im kvapk\u00e1 do vlhk\u00fdch f\u00fazov. Boli to\n\u013eud\u00ed, ktor\u00ed by mohli by\u0165 zamestnan\u00ed len v bezpe\u010dnostnej pol\u00edcii. V\u0161ade\nNe\u0161iel som to bolo jasn\u00e9, ako \u00fa\u010dinne komunistick\u00e1 strana mala op\u00e4\u0165\nzlikvidoval po\u013esk\u00fa ob\u010diansku spolo\u010dnos\u0165 a jej zvy\u0161ky ponechal cirkvi.\n\u013dudia si pochm\u00farne uvedomili, \u017ee nem\u00e1 zmysel sa h\u00e1da\u0165, preto\u017ee ni\u010d\nby sa v d\u00f4sledku tohto sporu nikdy nezmenila. Najlep\u0161ie bolo postara\u0165 sa o svoju rodinu a\nzosta\u0165 v bl\u00edzkosti Cirkvi.<\/p>\n\n\n\n<p>A potom som narazil na Przemy\u015bl. V\u010faka\nMark Matraszek, sme sa dozvedeli o spolo\u010dnosti ob\u010danov v\nv tomto starom a kedysi prosperuj\u00facom gal\u00edcijskom meste, ktor\u00fd vyd\u00e1val podzemn\u00fd \u010dasopis,\n<em>Kult\u00farne podkrovie<\/em>a ktor\u00ed sa stretli, nie ako na\u0161i priatelia z\n\u010cesk\u00e1 republika, v nejakej pivnici alebo kotolni pod zemou, ale na vrchole budov,\nakoby im bolo jedno, kto ich vid\u00ed. Ich diskusn\u00e1 skupina bola\nop\u00edsan\u00fd ako <em>podkrovie<\/em>,\nmiesto pod strechou, a ke\u010f som ich stretol, ocitol som sa v otvorenej spolo\u010dnosti\nnorm\u00e1lnych malome\u0161tiackych \u013eud\u00ed, ktor\u00ed boli odhodlan\u00ed \u017ei\u0165,\nma\u013eova\u0165, p\u00edsa\u0165 a diskutova\u0165, ako keby strana nebola ni\u010d viac ako pr\u00fad\n\u0161pinavej vody te\u010d\u00facej do kanaliz\u00e1cie pod n\u00edm.<\/p>\n\n\n\n<p>Na str\u00e1nke\nNa ich \u010dele st\u00e1l Marek Kuchcinski, b\u00fdval\u00fd \u0161tudent dej\u00edn umenia, ktor\u00fd \u017eil mimo\na bol horliv\u00fdm vyzn\u00e1va\u010dom kult\u00fary ako oslobodenia ducha a\nopoz\u00edcia vo\u010di totalitn\u00e9mu poriadku. Okolo neho sa zhroma\u017edili\nspisovate\u013eov, maliarov, u\u010dite\u013eov a v\u010faka nemu som mohol zorganizova\u0165\ns\u00e9riu n\u00e1v\u0161tev z\u00e1padn\u00fdch intelektu\u00e1lov, ktor\u00ed v t\u00fdchto podkrovn\u00fdch priestoroch diskutovali o\nnajd\u00f4le\u017eitej\u0161ie ot\u00e1zky s\u00fa\u010dasnosti.<\/p>\n\n\n\n<p>Veci\n\u010doskoro za\u010dal meni\u0165, ale vo mne obraz Przemy\u015bl ako\n\u00fato\u010disko ob\u010dianskej spolo\u010dnosti v bez\u00fate\u0161nom socialistickom \u0161t\u00e1te. Bolo to\nmiesto odhodlan\u00e9 zachova\u0165 si svoju identitu ako mesto, kult\u00faru a sp\u00f4sob \u017eivota.\nsp\u00f4sob \u017eivota. Ke\u010f komunisti kone\u010dne kapitulovali, s rados\u0165ou som \u010d\u00edtal, \u017ee Marek\nKuchci\u0144ski bol zvolen\u00fd za poslanca mestskej rady a nesk\u00f4r za poslanca mesta, v ktorom sa tak\ntak ve\u013emi staral po\u010das rokov \u00fatlaku. S rados\u0165ou spom\u00ednam na \u010dasy, ke\u010f\numenie a kult\u00fara boli symbolmi slobody \u013eudsk\u00e9ho ducha a ja si spom\u00ednam, ak\u00e9 d\u00f4le\u017eit\u00e9 bolo\nbolo, \u017ee mal\u00e9 podzemn\u00e9 \u010dasopisy, ako je <em>Kult\u00farne podkrovie<\/em>Udr\u017eiavali \u017eiv\u00fa spomienku na\nslobodu a boli z\u00e1kladom ob\u010dianskej spolo\u010dnosti, ktor\u00e1 sa \u010doskoro\nznovu vykl\u00ed\u010di\u0165.<\/p>\n\n\n\n<p><em>Text<\/em>\/ <em>Foto: M. Olejnik<\/em><\/p>\n\n\n\n<figure class=\"wp-block-embed-youtube wp-block-embed is-type-video is-provider-youtube wp-embed-aspect-16-9 wp-has-aspect-ratio\"><div class=\"wp-block-embed__wrapper\">\n<iframe title=\"Roger Scruton dost\u00e1va Ve\u013ek\u00fd kr\u00ed\u017e R\u00e1du za z\u00e1sluhy Po\u013eskej republiky\" width=\"800\" height=\"450\" src=\"https:\/\/www.youtube.com\/embed\/lj-6xVtlrkw?start=787&#038;feature=oembed\" frameborder=\"0\" allow=\"accelerometer; autoplay; clipboard-write; encrypted-media; gyroscope; picture-in-picture\" allowfullscreen><\/iframe>\n<\/div><\/figure>\n\n\n\n<figure class=\"wp-block-image\"><img fetchpriority=\"high\" decoding=\"async\" width=\"1024\" height=\"726\" src=\"https:\/\/marekkuchcinski.pl\/wp-content\/uploads\/2019\/06\/sr-1-1024x726.jpg\" alt=\"\" class=\"wp-image-16087\" srcset=\"https:\/\/marekkuchcinski.pl\/wp-content\/uploads\/2019\/06\/sr-1-1024x726.jpg 1024w, https:\/\/marekkuchcinski.pl\/wp-content\/uploads\/2019\/06\/sr-1-300x213.jpg 300w, https:\/\/marekkuchcinski.pl\/wp-content\/uploads\/2019\/06\/sr-1-768x545.jpg 768w, https:\/\/marekkuchcinski.pl\/wp-content\/uploads\/2019\/06\/sr-1.jpg 2048w\" sizes=\"(max-width: 1024px) 100vw, 1024px\" \/><\/figure>\n\n\n\n<ul class=\"wp-block-gallery columns-1 is-cropped wp-block-gallery-1 is-layout-flex wp-block-gallery-is-layout-flex\"><li class=\"blocks-gallery-item\"><figure><img decoding=\"async\" width=\"1024\" height=\"682\" src=\"https:\/\/marekkuchcinski.pl\/wp-content\/uploads\/2019\/06\/msc-1-1024x682.jpg\" alt=\"\" data-id=\"16076\" data-link=\"https:\/\/marekkuchcinski.pl\/?attachment_id=16076\" class=\"wp-image-16076\" srcset=\"https:\/\/marekkuchcinski.pl\/wp-content\/uploads\/2019\/06\/msc-1-1024x682.jpg 1024w, https:\/\/marekkuchcinski.pl\/wp-content\/uploads\/2019\/06\/msc-1-300x200.jpg 300w, https:\/\/marekkuchcinski.pl\/wp-content\/uploads\/2019\/06\/msc-1-768x512.jpg 768w, https:\/\/marekkuchcinski.pl\/wp-content\/uploads\/2019\/06\/msc-1.jpg 2048w\" sizes=\"(max-width: 1024px) 100vw, 1024px\" \/><\/figure><\/li><li class=\"blocks-gallery-item\"><figure><img decoding=\"async\" width=\"1024\" height=\"683\" src=\"https:\/\/marekkuchcinski.pl\/wp-content\/uploads\/2019\/06\/s6-2-1024x683.jpg\" alt=\"\" data-id=\"16082\" data-link=\"https:\/\/marekkuchcinski.pl\/?attachment_id=16082\" class=\"wp-image-16082\" srcset=\"https:\/\/marekkuchcinski.pl\/wp-content\/uploads\/2019\/06\/s6-2-1024x683.jpg 1024w, https:\/\/marekkuchcinski.pl\/wp-content\/uploads\/2019\/06\/s6-2-300x200.jpg 300w, https:\/\/marekkuchcinski.pl\/wp-content\/uploads\/2019\/06\/s6-2-768x512.jpg 768w, https:\/\/marekkuchcinski.pl\/wp-content\/uploads\/2019\/06\/s6-2.jpg 2048w\" sizes=\"(max-width: 1024px) 100vw, 1024px\" \/><\/figure><\/li><li class=\"blocks-gallery-item\"><figure><img loading=\"lazy\" decoding=\"async\" width=\"1024\" height=\"683\" src=\"https:\/\/marekkuchcinski.pl\/wp-content\/uploads\/2019\/06\/sr2-1024x683.jpg\" alt=\"\" data-id=\"16085\" data-link=\"https:\/\/marekkuchcinski.pl\/?attachment_id=16085\" class=\"wp-image-16085\" srcset=\"https:\/\/marekkuchcinski.pl\/wp-content\/uploads\/2019\/06\/sr2-1024x683.jpg 1024w, https:\/\/marekkuchcinski.pl\/wp-content\/uploads\/2019\/06\/sr2-300x200.jpg 300w, https:\/\/marekkuchcinski.pl\/wp-content\/uploads\/2019\/06\/sr2-768x512.jpg 768w, https:\/\/marekkuchcinski.pl\/wp-content\/uploads\/2019\/06\/sr2.jpg 2048w\" sizes=\"(max-width: 1024px) 100vw, 1024px\" \/><\/figure><\/li><li class=\"blocks-gallery-item\"><figure><img loading=\"lazy\" decoding=\"async\" width=\"1024\" height=\"702\" src=\"https:\/\/marekkuchcinski.pl\/wp-content\/uploads\/2019\/06\/scrut-1-1024x702.jpg\" alt=\"\" data-id=\"16086\" data-link=\"https:\/\/marekkuchcinski.pl\/?attachment_id=16086\" class=\"wp-image-16086\" srcset=\"https:\/\/marekkuchcinski.pl\/wp-content\/uploads\/2019\/06\/scrut-1-1024x702.jpg 1024w, https:\/\/marekkuchcinski.pl\/wp-content\/uploads\/2019\/06\/scrut-1-300x206.jpg 300w, https:\/\/marekkuchcinski.pl\/wp-content\/uploads\/2019\/06\/scrut-1-768x527.jpg 768w, https:\/\/marekkuchcinski.pl\/wp-content\/uploads\/2019\/06\/scrut-1.jpg 2048w\" sizes=\"(max-width: 1024px) 100vw, 1024px\" \/><\/figure><\/li><li class=\"blocks-gallery-item\"><figure><img loading=\"lazy\" decoding=\"async\" width=\"1024\" height=\"683\" src=\"https:\/\/marekkuchcinski.pl\/wp-content\/uploads\/2019\/06\/rog-1-1024x683.jpg\" alt=\"\" data-id=\"16136\" data-link=\"https:\/\/marekkuchcinski.pl\/wydarzenia\/prof-roger-scruton-odznaczony-krzyzem-wielkim-orderu-zaslugi-rzeczypospolitej-polskiej\/attachment\/rog-2\/\" class=\"wp-image-16136\" srcset=\"https:\/\/marekkuchcinski.pl\/wp-content\/uploads\/2019\/06\/rog-1-1024x683.jpg 1024w, https:\/\/marekkuchcinski.pl\/wp-content\/uploads\/2019\/06\/rog-1-300x200.jpg 300w, https:\/\/marekkuchcinski.pl\/wp-content\/uploads\/2019\/06\/rog-1-768x512.jpg 768w, https:\/\/marekkuchcinski.pl\/wp-content\/uploads\/2019\/06\/rog-1.jpg 2048w\" sizes=\"(max-width: 1024px) 100vw, 1024px\" \/><\/figure><\/li><\/ul>\n\n\n\n<figure class=\"wp-block-image\"><img loading=\"lazy\" decoding=\"async\" width=\"599\" height=\"900\" src=\"https:\/\/marekkuchcinski.pl\/wp-content\/uploads\/2019\/06\/RS_Fotor.jpg\" alt=\"\" class=\"wp-image-16329\" srcset=\"https:\/\/marekkuchcinski.pl\/wp-content\/uploads\/2019\/06\/RS_Fotor.jpg 599w, https:\/\/marekkuchcinski.pl\/wp-content\/uploads\/2019\/06\/RS_Fotor-200x300.jpg 200w\" sizes=\"(max-width: 599px) 100vw, 599px\" \/><\/figure>","protected":false},"excerpt":{"rendered":"<p>Prezydent RP nada\u0142 Krzy\u017c Wielki Orderu Zas\u0142ugi Rzeczypospolitej Polskiej obywatelowi Zjednoczonego Kr\u00f3lestwa Wielkiej Brytanii i Irlandii P\u00f3\u0142nocnej Rogerowi Scrutonowi \u2013 w uznaniu wybitnych zas\u0142ug we wspieraniu przemian demokratycznych w Polsce, za rozwijanie polsko-brytyjskiej wsp\u00f3\u0142pracy naukowej i uczelnianej. &#8211; Komunizm sko\u0144czy\u0142 si\u0119 dzi\u0119ki wierze i patriotyzmowi polskiego narodu. Jestem zaszczycony, \u017ce mog\u0142em odegra\u0107 w tym skromn\u0105 [&hellip;]<\/p>","protected":false},"author":6,"featured_media":16082,"comment_status":"open","ping_status":"open","sticky":false,"template":"","format":"standard","meta":{"ngg_post_thumbnail":0,"footnotes":""},"categories":[50,3],"tags":[153,154,88,152],"class_list":["post-16035","post","type-post","status-publish","format-standard","has-post-thumbnail","hentry","category-wspolpraca-miedzynarodowa","category-wydarzenia","tag-kuchcinski","tag-lata-80","tag-marszalek-sejmu","tag-scruton"],"yoast_head":"<!-- This site is optimized with the Yoast SEO plugin v24.7 - https:\/\/yoast.com\/wordpress\/plugins\/seo\/ -->\n<title>Prof. Roger Scruton odznaczony Krzy\u017cem Wielkim Orderu Zas\u0142ugi Rzeczypospolitej Polskiej &#8211; Marek Kuchci\u0144ski<\/title>\n<meta name=\"robots\" content=\"index, follow, max-snippet:-1, max-image-preview:large, max-video-preview:-1\" \/>\n<link rel=\"canonical\" href=\"https:\/\/marekkuchcinski.pl\/sk\/wydarzenia\/prof-roger-scruton-odznaczony-krzyzem-wielkim-orderu-zaslugi-rzeczypospolitej-polskiej\/\" \/>\n<meta property=\"og:locale\" content=\"sk_SK\" \/>\n<meta property=\"og:type\" content=\"article\" \/>\n<meta property=\"og:title\" content=\"Prof. Roger Scruton odznaczony Krzy\u017cem Wielkim Orderu Zas\u0142ugi Rzeczypospolitej Polskiej &#8211; Marek Kuchci\u0144ski\" \/>\n<meta property=\"og:description\" content=\"Prezydent RP nada\u0142 Krzy\u017c Wielki Orderu Zas\u0142ugi Rzeczypospolitej Polskiej obywatelowi Zjednoczonego Kr\u00f3lestwa Wielkiej Brytanii i Irlandii P\u00f3\u0142nocnej Rogerowi Scrutonowi \u2013 w uznaniu wybitnych zas\u0142ug we wspieraniu przemian demokratycznych w Polsce, za rozwijanie polsko-brytyjskiej wsp\u00f3\u0142pracy naukowej i uczelnianej. &#8211; Komunizm sko\u0144czy\u0142 si\u0119 dzi\u0119ki wierze i patriotyzmowi polskiego narodu. Jestem zaszczycony, \u017ce mog\u0142em odegra\u0107 w tym skromn\u0105 [&hellip;]\" \/>\n<meta property=\"og:url\" content=\"https:\/\/marekkuchcinski.pl\/sk\/wydarzenia\/prof-roger-scruton-odznaczony-krzyzem-wielkim-orderu-zaslugi-rzeczypospolitej-polskiej\/\" \/>\n<meta property=\"og:site_name\" content=\"Marek Kuchci\u0144ski\" \/>\n<meta property=\"article:published_time\" content=\"2019-06-05T12:48:57+00:00\" \/>\n<meta property=\"article:modified_time\" content=\"2020-01-25T10:26:08+00:00\" \/>\n<meta property=\"og:image\" content=\"https:\/\/marekkuchcinski.pl\/wp-content\/uploads\/2019\/06\/s6-2.jpg\" \/>\n\t<meta property=\"og:image:width\" content=\"2048\" \/>\n\t<meta property=\"og:image:height\" content=\"1365\" \/>\n\t<meta property=\"og:image:type\" content=\"image\/jpeg\" \/>\n<meta name=\"author\" content=\"admin\" \/>\n<meta name=\"twitter:card\" content=\"summary_large_image\" \/>\n<meta name=\"twitter:label1\" content=\"Autor\" \/>\n\t<meta name=\"twitter:data1\" content=\"admin\" \/>\n\t<meta name=\"twitter:label2\" content=\"Predpokladan\u00fd \u010das \u010d\u00edtania\" \/>\n\t<meta name=\"twitter:data2\" content=\"4 min\u00faty\" \/>\n<script type=\"application\/ld+json\" class=\"yoast-schema-graph\">{\"@context\":\"https:\/\/schema.org\",\"@graph\":[{\"@type\":\"Article\",\"@id\":\"https:\/\/marekkuchcinski.pl\/uk\/wydarzenia\/prof-roger-scruton-odznaczony-krzyzem-wielkim-orderu-zaslugi-rzeczypospolitej-polskiej\/#article\",\"isPartOf\":{\"@id\":\"https:\/\/marekkuchcinski.pl\/uk\/wydarzenia\/prof-roger-scruton-odznaczony-krzyzem-wielkim-orderu-zaslugi-rzeczypospolitej-polskiej\/\"},\"author\":{\"name\":\"admin\",\"@id\":\"https:\/\/marekkuchcinski.pl\/#\/schema\/person\/6f62700996b4d950b6ea2d1183b6c6be\"},\"headline\":\"Prof. Roger Scruton odznaczony Krzy\u017cem Wielkim Orderu Zas\u0142ugi Rzeczypospolitej Polskiej\",\"datePublished\":\"2019-06-05T12:48:57+00:00\",\"dateModified\":\"2020-01-25T10:26:08+00:00\",\"mainEntityOfPage\":{\"@id\":\"https:\/\/marekkuchcinski.pl\/uk\/wydarzenia\/prof-roger-scruton-odznaczony-krzyzem-wielkim-orderu-zaslugi-rzeczypospolitej-polskiej\/\"},\"wordCount\":810,\"commentCount\":0,\"publisher\":{\"@id\":\"https:\/\/marekkuchcinski.pl\/#organization\"},\"image\":{\"@id\":\"https:\/\/marekkuchcinski.pl\/uk\/wydarzenia\/prof-roger-scruton-odznaczony-krzyzem-wielkim-orderu-zaslugi-rzeczypospolitej-polskiej\/#primaryimage\"},\"thumbnailUrl\":\"https:\/\/marekkuchcinski.pl\/wp-content\/uploads\/2019\/06\/s6-2.jpg\",\"keywords\":[\"Kuchci\u0144ski\",\"lata 80.\",\"marsza\u0142ek Sejmu\",\"Scruton\"],\"articleSection\":[\"Wsp\u00f3\u0142praca mi\u0119dzynarodowa\",\"Wydarzenia\"],\"inLanguage\":\"sk-SK\",\"potentialAction\":[{\"@type\":\"CommentAction\",\"name\":\"Comment\",\"target\":[\"https:\/\/marekkuchcinski.pl\/uk\/wydarzenia\/prof-roger-scruton-odznaczony-krzyzem-wielkim-orderu-zaslugi-rzeczypospolitej-polskiej\/#respond\"]}]},{\"@type\":\"WebPage\",\"@id\":\"https:\/\/marekkuchcinski.pl\/uk\/wydarzenia\/prof-roger-scruton-odznaczony-krzyzem-wielkim-orderu-zaslugi-rzeczypospolitej-polskiej\/\",\"url\":\"https:\/\/marekkuchcinski.pl\/uk\/wydarzenia\/prof-roger-scruton-odznaczony-krzyzem-wielkim-orderu-zaslugi-rzeczypospolitej-polskiej\/\",\"name\":\"Prof. Roger Scruton odznaczony Krzy\u017cem Wielkim Orderu Zas\u0142ugi Rzeczypospolitej Polskiej &#8211; Marek Kuchci\u0144ski\",\"isPartOf\":{\"@id\":\"https:\/\/marekkuchcinski.pl\/#website\"},\"primaryImageOfPage\":{\"@id\":\"https:\/\/marekkuchcinski.pl\/uk\/wydarzenia\/prof-roger-scruton-odznaczony-krzyzem-wielkim-orderu-zaslugi-rzeczypospolitej-polskiej\/#primaryimage\"},\"image\":{\"@id\":\"https:\/\/marekkuchcinski.pl\/uk\/wydarzenia\/prof-roger-scruton-odznaczony-krzyzem-wielkim-orderu-zaslugi-rzeczypospolitej-polskiej\/#primaryimage\"},\"thumbnailUrl\":\"https:\/\/marekkuchcinski.pl\/wp-content\/uploads\/2019\/06\/s6-2.jpg\",\"datePublished\":\"2019-06-05T12:48:57+00:00\",\"dateModified\":\"2020-01-25T10:26:08+00:00\",\"breadcrumb\":{\"@id\":\"https:\/\/marekkuchcinski.pl\/uk\/wydarzenia\/prof-roger-scruton-odznaczony-krzyzem-wielkim-orderu-zaslugi-rzeczypospolitej-polskiej\/#breadcrumb\"},\"inLanguage\":\"sk-SK\",\"potentialAction\":[{\"@type\":\"ReadAction\",\"target\":[\"https:\/\/marekkuchcinski.pl\/uk\/wydarzenia\/prof-roger-scruton-odznaczony-krzyzem-wielkim-orderu-zaslugi-rzeczypospolitej-polskiej\/\"]}]},{\"@type\":\"ImageObject\",\"inLanguage\":\"sk-SK\",\"@id\":\"https:\/\/marekkuchcinski.pl\/uk\/wydarzenia\/prof-roger-scruton-odznaczony-krzyzem-wielkim-orderu-zaslugi-rzeczypospolitej-polskiej\/#primaryimage\",\"url\":\"https:\/\/marekkuchcinski.pl\/wp-content\/uploads\/2019\/06\/s6-2.jpg\",\"contentUrl\":\"https:\/\/marekkuchcinski.pl\/wp-content\/uploads\/2019\/06\/s6-2.jpg\",\"width\":2048,\"height\":1365},{\"@type\":\"BreadcrumbList\",\"@id\":\"https:\/\/marekkuchcinski.pl\/uk\/wydarzenia\/prof-roger-scruton-odznaczony-krzyzem-wielkim-orderu-zaslugi-rzeczypospolitej-polskiej\/#breadcrumb\",\"itemListElement\":[{\"@type\":\"ListItem\",\"position\":1,\"name\":\"Strona g\u0142\u00f3wna\",\"item\":\"https:\/\/marekkuchcinski.pl\/\"},{\"@type\":\"ListItem\",\"position\":2,\"name\":\"Prof. Roger Scruton odznaczony Krzy\u017cem Wielkim Orderu Zas\u0142ugi Rzeczypospolitej Polskiej\"}]},{\"@type\":\"WebSite\",\"@id\":\"https:\/\/marekkuchcinski.pl\/#website\",\"url\":\"https:\/\/marekkuchcinski.pl\/\",\"name\":\"Marek Kuchci\u0144ski\",\"description\":\"Pose\u0142 na sejm RP &ndash; okr\u0119g nr 22\",\"publisher\":{\"@id\":\"https:\/\/marekkuchcinski.pl\/#organization\"},\"potentialAction\":[{\"@type\":\"SearchAction\",\"target\":{\"@type\":\"EntryPoint\",\"urlTemplate\":\"https:\/\/marekkuchcinski.pl\/?s={search_term_string}\"},\"query-input\":{\"@type\":\"PropertyValueSpecification\",\"valueRequired\":true,\"valueName\":\"search_term_string\"}}],\"inLanguage\":\"sk-SK\"},{\"@type\":\"Organization\",\"@id\":\"https:\/\/marekkuchcinski.pl\/#organization\",\"name\":\"Marek Kuchci\u0144ski\",\"url\":\"https:\/\/marekkuchcinski.pl\/\",\"logo\":{\"@type\":\"ImageObject\",\"inLanguage\":\"sk-SK\",\"@id\":\"https:\/\/marekkuchcinski.pl\/#\/schema\/logo\/image\/\",\"url\":\"https:\/\/marekkuchcinski.pl\/wp-content\/uploads\/2022\/09\/Marek.jpg\",\"contentUrl\":\"https:\/\/marekkuchcinski.pl\/wp-content\/uploads\/2022\/09\/Marek.jpg\",\"width\":1600,\"height\":971,\"caption\":\"Marek Kuchci\u0144ski\"},\"image\":{\"@id\":\"https:\/\/marekkuchcinski.pl\/#\/schema\/logo\/image\/\"}},{\"@type\":\"Person\",\"@id\":\"https:\/\/marekkuchcinski.pl\/#\/schema\/person\/6f62700996b4d950b6ea2d1183b6c6be\",\"name\":\"admin\",\"image\":{\"@type\":\"ImageObject\",\"inLanguage\":\"sk-SK\",\"@id\":\"https:\/\/marekkuchcinski.pl\/#\/schema\/person\/image\/\",\"url\":\"https:\/\/secure.gravatar.com\/avatar\/4bab693b9d55c3d6b52c0296a8765085?s=96&d=mm&r=g\",\"contentUrl\":\"https:\/\/secure.gravatar.com\/avatar\/4bab693b9d55c3d6b52c0296a8765085?s=96&d=mm&r=g\",\"caption\":\"admin\"},\"url\":\"https:\/\/marekkuchcinski.pl\/sk\/author\/marta-olejnik\/\"}]}<\/script>\n<!-- \/ Yoast SEO plugin. -->","yoast_head_json":{"title":"Prof. Roger Scruton odznaczony Krzy\u017cem Wielkim Orderu Zas\u0142ugi Rzeczypospolitej Polskiej &#8211; Marek Kuchci\u0144ski","robots":{"index":"index","follow":"follow","max-snippet":"max-snippet:-1","max-image-preview":"max-image-preview:large","max-video-preview":"max-video-preview:-1"},"canonical":"https:\/\/marekkuchcinski.pl\/sk\/wydarzenia\/prof-roger-scruton-odznaczony-krzyzem-wielkim-orderu-zaslugi-rzeczypospolitej-polskiej\/","og_locale":"sk_SK","og_type":"article","og_title":"Prof. Roger Scruton odznaczony Krzy\u017cem Wielkim Orderu Zas\u0142ugi Rzeczypospolitej Polskiej &#8211; Marek Kuchci\u0144ski","og_description":"Prezydent RP nada\u0142 Krzy\u017c Wielki Orderu Zas\u0142ugi Rzeczypospolitej Polskiej obywatelowi Zjednoczonego Kr\u00f3lestwa Wielkiej Brytanii i Irlandii P\u00f3\u0142nocnej Rogerowi Scrutonowi \u2013 w uznaniu wybitnych zas\u0142ug we wspieraniu przemian demokratycznych w Polsce, za rozwijanie polsko-brytyjskiej wsp\u00f3\u0142pracy naukowej i uczelnianej. &#8211; Komunizm sko\u0144czy\u0142 si\u0119 dzi\u0119ki wierze i patriotyzmowi polskiego narodu. Jestem zaszczycony, \u017ce mog\u0142em odegra\u0107 w tym skromn\u0105 [&hellip;]","og_url":"https:\/\/marekkuchcinski.pl\/sk\/wydarzenia\/prof-roger-scruton-odznaczony-krzyzem-wielkim-orderu-zaslugi-rzeczypospolitej-polskiej\/","og_site_name":"Marek Kuchci\u0144ski","article_published_time":"2019-06-05T12:48:57+00:00","article_modified_time":"2020-01-25T10:26:08+00:00","og_image":[{"width":2048,"height":1365,"url":"https:\/\/marekkuchcinski.pl\/wp-content\/uploads\/2019\/06\/s6-2.jpg","type":"image\/jpeg"}],"author":"admin","twitter_card":"summary_large_image","twitter_misc":{"Autor":"admin","Predpokladan\u00fd \u010das \u010d\u00edtania":"4 min\u00faty"},"schema":{"@context":"https:\/\/schema.org","@graph":[{"@type":"Article","@id":"https:\/\/marekkuchcinski.pl\/uk\/wydarzenia\/prof-roger-scruton-odznaczony-krzyzem-wielkim-orderu-zaslugi-rzeczypospolitej-polskiej\/#article","isPartOf":{"@id":"https:\/\/marekkuchcinski.pl\/uk\/wydarzenia\/prof-roger-scruton-odznaczony-krzyzem-wielkim-orderu-zaslugi-rzeczypospolitej-polskiej\/"},"author":{"name":"admin","@id":"https:\/\/marekkuchcinski.pl\/#\/schema\/person\/6f62700996b4d950b6ea2d1183b6c6be"},"headline":"Prof. Roger Scruton odznaczony Krzy\u017cem Wielkim Orderu Zas\u0142ugi Rzeczypospolitej Polskiej","datePublished":"2019-06-05T12:48:57+00:00","dateModified":"2020-01-25T10:26:08+00:00","mainEntityOfPage":{"@id":"https:\/\/marekkuchcinski.pl\/uk\/wydarzenia\/prof-roger-scruton-odznaczony-krzyzem-wielkim-orderu-zaslugi-rzeczypospolitej-polskiej\/"},"wordCount":810,"commentCount":0,"publisher":{"@id":"https:\/\/marekkuchcinski.pl\/#organization"},"image":{"@id":"https:\/\/marekkuchcinski.pl\/uk\/wydarzenia\/prof-roger-scruton-odznaczony-krzyzem-wielkim-orderu-zaslugi-rzeczypospolitej-polskiej\/#primaryimage"},"thumbnailUrl":"https:\/\/marekkuchcinski.pl\/wp-content\/uploads\/2019\/06\/s6-2.jpg","keywords":["Kuchci\u0144ski","lata 80.","marsza\u0142ek Sejmu","Scruton"],"articleSection":["Wsp\u00f3\u0142praca mi\u0119dzynarodowa","Wydarzenia"],"inLanguage":"sk-SK","potentialAction":[{"@type":"CommentAction","name":"Comment","target":["https:\/\/marekkuchcinski.pl\/uk\/wydarzenia\/prof-roger-scruton-odznaczony-krzyzem-wielkim-orderu-zaslugi-rzeczypospolitej-polskiej\/#respond"]}]},{"@type":"WebPage","@id":"https:\/\/marekkuchcinski.pl\/uk\/wydarzenia\/prof-roger-scruton-odznaczony-krzyzem-wielkim-orderu-zaslugi-rzeczypospolitej-polskiej\/","url":"https:\/\/marekkuchcinski.pl\/uk\/wydarzenia\/prof-roger-scruton-odznaczony-krzyzem-wielkim-orderu-zaslugi-rzeczypospolitej-polskiej\/","name":"Prof. Roger Scruton odznaczony Krzy\u017cem Wielkim Orderu Zas\u0142ugi Rzeczypospolitej Polskiej &#8211; Marek Kuchci\u0144ski","isPartOf":{"@id":"https:\/\/marekkuchcinski.pl\/#website"},"primaryImageOfPage":{"@id":"https:\/\/marekkuchcinski.pl\/uk\/wydarzenia\/prof-roger-scruton-odznaczony-krzyzem-wielkim-orderu-zaslugi-rzeczypospolitej-polskiej\/#primaryimage"},"image":{"@id":"https:\/\/marekkuchcinski.pl\/uk\/wydarzenia\/prof-roger-scruton-odznaczony-krzyzem-wielkim-orderu-zaslugi-rzeczypospolitej-polskiej\/#primaryimage"},"thumbnailUrl":"https:\/\/marekkuchcinski.pl\/wp-content\/uploads\/2019\/06\/s6-2.jpg","datePublished":"2019-06-05T12:48:57+00:00","dateModified":"2020-01-25T10:26:08+00:00","breadcrumb":{"@id":"https:\/\/marekkuchcinski.pl\/uk\/wydarzenia\/prof-roger-scruton-odznaczony-krzyzem-wielkim-orderu-zaslugi-rzeczypospolitej-polskiej\/#breadcrumb"},"inLanguage":"sk-SK","potentialAction":[{"@type":"ReadAction","target":["https:\/\/marekkuchcinski.pl\/uk\/wydarzenia\/prof-roger-scruton-odznaczony-krzyzem-wielkim-orderu-zaslugi-rzeczypospolitej-polskiej\/"]}]},{"@type":"ImageObject","inLanguage":"sk-SK","@id":"https:\/\/marekkuchcinski.pl\/uk\/wydarzenia\/prof-roger-scruton-odznaczony-krzyzem-wielkim-orderu-zaslugi-rzeczypospolitej-polskiej\/#primaryimage","url":"https:\/\/marekkuchcinski.pl\/wp-content\/uploads\/2019\/06\/s6-2.jpg","contentUrl":"https:\/\/marekkuchcinski.pl\/wp-content\/uploads\/2019\/06\/s6-2.jpg","width":2048,"height":1365},{"@type":"BreadcrumbList","@id":"https:\/\/marekkuchcinski.pl\/uk\/wydarzenia\/prof-roger-scruton-odznaczony-krzyzem-wielkim-orderu-zaslugi-rzeczypospolitej-polskiej\/#breadcrumb","itemListElement":[{"@type":"ListItem","position":1,"name":"Strona g\u0142\u00f3wna","item":"https:\/\/marekkuchcinski.pl\/"},{"@type":"ListItem","position":2,"name":"Prof. Roger Scruton odznaczony Krzy\u017cem Wielkim Orderu Zas\u0142ugi Rzeczypospolitej Polskiej"}]},{"@type":"WebSite","@id":"https:\/\/marekkuchcinski.pl\/#website","url":"https:\/\/marekkuchcinski.pl\/","name":"Marek Kuchci\u0144ski","description":"Pose\u0142 na sejm RP &ndash; okr\u0119g nr 22","publisher":{"@id":"https:\/\/marekkuchcinski.pl\/#organization"},"potentialAction":[{"@type":"SearchAction","target":{"@type":"EntryPoint","urlTemplate":"https:\/\/marekkuchcinski.pl\/?s={search_term_string}"},"query-input":{"@type":"PropertyValueSpecification","valueRequired":true,"valueName":"search_term_string"}}],"inLanguage":"sk-SK"},{"@type":"Organization","@id":"https:\/\/marekkuchcinski.pl\/#organization","name":"Marek Kuchci\u0144ski","url":"https:\/\/marekkuchcinski.pl\/","logo":{"@type":"ImageObject","inLanguage":"sk-SK","@id":"https:\/\/marekkuchcinski.pl\/#\/schema\/logo\/image\/","url":"https:\/\/marekkuchcinski.pl\/wp-content\/uploads\/2022\/09\/Marek.jpg","contentUrl":"https:\/\/marekkuchcinski.pl\/wp-content\/uploads\/2022\/09\/Marek.jpg","width":1600,"height":971,"caption":"Marek Kuchci\u0144ski"},"image":{"@id":"https:\/\/marekkuchcinski.pl\/#\/schema\/logo\/image\/"}},{"@type":"Person","@id":"https:\/\/marekkuchcinski.pl\/#\/schema\/person\/6f62700996b4d950b6ea2d1183b6c6be","name":"admin","image":{"@type":"ImageObject","inLanguage":"sk-SK","@id":"https:\/\/marekkuchcinski.pl\/#\/schema\/person\/image\/","url":"https:\/\/secure.gravatar.com\/avatar\/4bab693b9d55c3d6b52c0296a8765085?s=96&d=mm&r=g","contentUrl":"https:\/\/secure.gravatar.com\/avatar\/4bab693b9d55c3d6b52c0296a8765085?s=96&d=mm&r=g","caption":"admin"},"url":"https:\/\/marekkuchcinski.pl\/sk\/author\/marta-olejnik\/"}]}},"_links":{"self":[{"href":"https:\/\/marekkuchcinski.pl\/sk\/wp-json\/wp\/v2\/posts\/16035","targetHints":{"allow":["GET"]}}],"collection":[{"href":"https:\/\/marekkuchcinski.pl\/sk\/wp-json\/wp\/v2\/posts"}],"about":[{"href":"https:\/\/marekkuchcinski.pl\/sk\/wp-json\/wp\/v2\/types\/post"}],"author":[{"embeddable":true,"href":"https:\/\/marekkuchcinski.pl\/sk\/wp-json\/wp\/v2\/users\/6"}],"replies":[{"embeddable":true,"href":"https:\/\/marekkuchcinski.pl\/sk\/wp-json\/wp\/v2\/comments?post=16035"}],"version-history":[{"count":13,"href":"https:\/\/marekkuchcinski.pl\/sk\/wp-json\/wp\/v2\/posts\/16035\/revisions"}],"predecessor-version":[{"id":18302,"href":"https:\/\/marekkuchcinski.pl\/sk\/wp-json\/wp\/v2\/posts\/16035\/revisions\/18302"}],"wp:featuredmedia":[{"embeddable":true,"href":"https:\/\/marekkuchcinski.pl\/sk\/wp-json\/wp\/v2\/media\/16082"}],"wp:attachment":[{"href":"https:\/\/marekkuchcinski.pl\/sk\/wp-json\/wp\/v2\/media?parent=16035"}],"wp:term":[{"taxonomy":"category","embeddable":true,"href":"https:\/\/marekkuchcinski.pl\/sk\/wp-json\/wp\/v2\/categories?post=16035"},{"taxonomy":"post_tag","embeddable":true,"href":"https:\/\/marekkuchcinski.pl\/sk\/wp-json\/wp\/v2\/tags?post=16035"}],"curies":[{"name":"wp","href":"https:\/\/api.w.org\/{rel}","templated":true}]}}