{"id":15534,"date":"2019-05-16T15:17:30","date_gmt":"2019-05-16T13:17:30","guid":{"rendered":"https:\/\/marekkuchcinski.pl\/?p=15534"},"modified":"2019-05-16T15:17:31","modified_gmt":"2019-05-16T13:17:31","slug":"500-zl-na-kazde-dziecko-juz-od-1-lipca-prezydent-podpisal-nowelizacje-ustawy","status":"publish","type":"post","link":"https:\/\/marekkuchcinski.pl\/sk\/wydarzenia\/500-zl-na-kazde-dziecko-juz-od-1-lipca-prezydent-podpisal-nowelizacje-ustawy\/","title":{"rendered":"500 PLN na ka\u017ed\u00e9 die\u0165a od 1. j\u00fala - prezident podp\u00edsal novelu z\u00e1kona"},"content":{"rendered":"<p><strong>Prezident podp\u00edsal vl\u00e1dnu novelu z\u00e1kona, pod\u013ea ktorej bud\u00fa ma\u0165 n\u00e1rok na d\u00e1vku 500 plus v\u0161etky deti a mladistv\u00ed do 18 rokov. \u017diadosti o pr\u00edspevok je mo\u017en\u00e9 pod\u00e1va\u0165 od 1. j\u00fala. Program v novej verzii sa bude vz\u0165ahova\u0165 na 6,8 mili\u00f3na det\u00ed.<\/strong><\/p>\n\n\n\n<p>Roz\u0161\u00edrenie programu \"Rodina 500 plus\" aj na prv\u00e9 a jedin\u00e9 die\u0165a je jedn\u00fdm z projektov, ktor\u00e9 s\u00fa s\u00fa\u010das\u0165ou tzv. novej p\u00e4\u0165ky PiS.<\/p>\n\n\n\n<p>V od\u00f4vodnen\u00ed z\u00e1kona sa uv\u00e1dza, \u017ee rodinn\u00e1 politika je jednou z najd\u00f4le\u017eitej\u0161\u00edch oblast\u00ed \u010dinnosti s\u00fa\u010dasnej vl\u00e1dy. Program Rodina 500 plus, ktor\u00fd vst\u00fapil do platnosti 1. apr\u00edla 2016, je prv\u00fdm programom od syst\u00e9movej transform\u00e1cie, ktor\u00fd tak jasne zd\u00f4raz\u0148uje potrebu invest\u00edci\u00ed do rodiny, ktor\u00e9 predstavuj\u00fa jej skuto\u010dn\u00fa podporu.<\/p>\n\n\n\n<p>Rodina 500 plus \u00faplne zmenila poh\u013ead na \u0161t\u00e1tnu podporu rod\u00edn a stala sa referen\u010dn\u00fdm bodom v diskusii o rodinnej politike. V\u010faka programu a miliardov\u00fdm pe\u0148a\u017en\u00fdm prevodom rodin\u00e1m sme otvorili mo\u017enosti rozvoja pre \u013eud\u00ed, ktor\u00ed boli doteraz na okraji spolo\u010dnosti. Vr\u00e1tili sme im d\u00f4stojnos\u0165. Podpora rod\u00edn prostredn\u00edctvom n\u00e1strojov rodinnej politiky je invest\u00edciou do \u013eudsk\u00e9ho kapit\u00e1lu, od ktor\u00e9ho do ve\u013ekej miery z\u00e1vis\u00ed zdravie \u0161t\u00e1tu.<\/p>\n\n\n\n<p> - 500 plus pre ka\u017ed\u00e9 die\u0165a je prosoci\u00e1lny, solid\u00e1rny program; je to program, ktor\u00fd v tejto novej verzii potvrd\u00ed na\u0161u t\u00e9zu, \u017ee podnikate\u013esk\u00e9 Po\u013esko a solid\u00e1rne Po\u013esko si nemusia protire\u010di\u0165, \u017ee solid\u00e1rne Po\u013esko a podnikate\u013esk\u00e9 Po\u013esko je jedno Po\u013esko. Programy, ako je tento, vytv\u00e1raj\u00fa pr\u00edle\u017eitos\u0165 pre rozvoj na\u0161ej vlasti, preto som ve\u013emi r\u00e1d, \u017ee tento program z\u00edskava \u010doraz v\u00e4\u010d\u0161iu podporu celej opoz\u00edcie,\" uviedol premi\u00e9r Mateusz Morawiecki. <\/p>\n\n\n\n<figure class=\"wp-block-embed is-type-rich is-provider-marek-kuchcinski\"><div class=\"wp-block-embed__wrapper\">\n<blockquote class=\"wp-embedded-content\" data-secret=\"aXRiCFM5fr\"><a href=\"https:\/\/marekkuchcinski.pl\/uk\/wydarzenia\/pis-skutecznie-pomaga-ludziom-i-ogranicza-biede-i-nierownosci\/\">Po\u013esko je l\u00eddrom v oblasti vyrovn\u00e1vania \u017eivotnej \u00farovne. PiS \u00fa\u010dinne zni\u017euje rozdiely medzi bohat\u00fdmi a chudobn\u00fdmi<\/a><\/blockquote><iframe class=\"wp-embedded-content\" sandbox=\"allow-scripts\" security=\"restricted\" style=\"position: absolute; clip: rect(1px, 1px, 1px, 1px);\" title=\"&quot;Po\u013esko je l\u00eddrom v oblasti vyrovn\u00e1vania \u017eivotnej \u00farovne. Strana Pr\u00e1vo a spravodlivos\u0165 \u00fa\u010dinne zni\u017euje rozdiely medzi chudobn\u00fdmi a bohat\u00fdmi&quot; - Marek Kuchci\u0144ski\" src=\"https:\/\/marekkuchcinski.pl\/uk\/wydarzenia\/pis-skutecznie-pomaga-ludziom-i-ogranicza-biede-i-nierownosci\/embed\/#?secret=aXRiCFM5fr\" data-secret=\"aXRiCFM5fr\" width=\"600\" height=\"338\" frameborder=\"0\" marginwidth=\"0\" marginheight=\"0\" scrolling=\"no\"><\/iframe>\n<\/div><\/figure>","protected":false},"excerpt":{"rendered":"<p>Prezydent podpisa\u0142 rz\u0105dow\u0105 nowelizacj\u0119 ustawy, zgodnie z kt\u00f3r\u0105 prawo do \u015bwiadczenia 500 plus b\u0119d\u0105 mia\u0142y wszystkie dzieci i nastolatkowie do 18 lat. Wnioski o \u015bwiadczenie mo\u017cna sk\u0142ada\u0107 od 1 lipca. Program w nowej ods\u0142onie obejmie 6,8 mln dzieci. Rozszerzenie programu &#8222;Rodzina 500 plus&#8221; tak\u017ce na pierwsze i jedyne dziecko to jeden z projekt\u00f3w wchodz\u0105cych w [&hellip;]<\/p>","protected":false},"author":6,"featured_media":15535,"comment_status":"open","ping_status":"open","sticky":false,"template":"","format":"standard","meta":{"ngg_post_thumbnail":0,"footnotes":""},"categories":[82,3],"tags":[],"class_list":["post-15534","post","type-post","status-publish","format-standard","has-post-thumbnail","hentry","category-prawo-i-sprawiedliwosc","category-wydarzenia"],"yoast_head":"<!-- This site is optimized with the Yoast SEO plugin v24.7 - https:\/\/yoast.com\/wordpress\/plugins\/seo\/ -->\n<title>500 z\u0142 na ka\u017cde dziecko ju\u017c od 1 lipca - prezydent podpisa\u0142 nowelizacj\u0119 ustawy &#8211; Marek Kuchci\u0144ski<\/title>\n<meta name=\"robots\" content=\"index, follow, max-snippet:-1, max-image-preview:large, max-video-preview:-1\" \/>\n<link rel=\"canonical\" href=\"https:\/\/marekkuchcinski.pl\/sk\/wydarzenia\/500-zl-na-kazde-dziecko-juz-od-1-lipca-prezydent-podpisal-nowelizacje-ustawy\/\" \/>\n<meta property=\"og:locale\" content=\"sk_SK\" \/>\n<meta property=\"og:type\" content=\"article\" \/>\n<meta property=\"og:title\" content=\"500 z\u0142 na ka\u017cde dziecko ju\u017c od 1 lipca - prezydent podpisa\u0142 nowelizacj\u0119 ustawy &#8211; Marek Kuchci\u0144ski\" \/>\n<meta property=\"og:description\" content=\"Prezydent podpisa\u0142 rz\u0105dow\u0105 nowelizacj\u0119 ustawy, zgodnie z kt\u00f3r\u0105 prawo do \u015bwiadczenia 500 plus b\u0119d\u0105 mia\u0142y wszystkie dzieci i nastolatkowie do 18 lat. Wnioski o \u015bwiadczenie mo\u017cna sk\u0142ada\u0107 od 1 lipca. Program w nowej ods\u0142onie obejmie 6,8 mln dzieci. Rozszerzenie programu &#8222;Rodzina 500 plus&#8221; tak\u017ce na pierwsze i jedyne dziecko to jeden z projekt\u00f3w wchodz\u0105cych w [&hellip;]\" \/>\n<meta property=\"og:url\" content=\"https:\/\/marekkuchcinski.pl\/sk\/wydarzenia\/500-zl-na-kazde-dziecko-juz-od-1-lipca-prezydent-podpisal-nowelizacje-ustawy\/\" \/>\n<meta property=\"og:site_name\" content=\"Marek Kuchci\u0144ski\" \/>\n<meta property=\"article:published_time\" content=\"2019-05-16T13:17:30+00:00\" \/>\n<meta property=\"article:modified_time\" content=\"2019-05-16T13:17:31+00:00\" \/>\n<meta property=\"og:image\" content=\"https:\/\/marekkuchcinski.pl\/wp-content\/uploads\/2019\/05\/500.jpg\" \/>\n\t<meta property=\"og:image:width\" content=\"609\" \/>\n\t<meta property=\"og:image:height\" content=\"370\" \/>\n\t<meta property=\"og:image:type\" content=\"image\/jpeg\" \/>\n<meta name=\"author\" content=\"admin\" \/>\n<meta name=\"twitter:card\" content=\"summary_large_image\" \/>\n<meta name=\"twitter:label1\" content=\"Autor\" \/>\n\t<meta name=\"twitter:data1\" content=\"admin\" \/>\n\t<meta name=\"twitter:label2\" content=\"Predpokladan\u00fd \u010das \u010d\u00edtania\" \/>\n\t<meta name=\"twitter:data2\" content=\"1 min\u00fata\" \/>\n<script type=\"application\/ld+json\" class=\"yoast-schema-graph\">{\"@context\":\"https:\/\/schema.org\",\"@graph\":[{\"@type\":\"Article\",\"@id\":\"https:\/\/marekkuchcinski.pl\/en\/wydarzenia\/500-zl-na-kazde-dziecko-juz-od-1-lipca-prezydent-podpisal-nowelizacje-ustawy\/#article\",\"isPartOf\":{\"@id\":\"https:\/\/marekkuchcinski.pl\/en\/wydarzenia\/500-zl-na-kazde-dziecko-juz-od-1-lipca-prezydent-podpisal-nowelizacje-ustawy\/\"},\"author\":{\"name\":\"admin\",\"@id\":\"https:\/\/marekkuchcinski.pl\/#\/schema\/person\/6f62700996b4d950b6ea2d1183b6c6be\"},\"headline\":\"500 z\u0142 na ka\u017cde dziecko ju\u017c od 1 lipca &#8211; prezydent podpisa\u0142 nowelizacj\u0119 ustawy\",\"datePublished\":\"2019-05-16T13:17:30+00:00\",\"dateModified\":\"2019-05-16T13:17:31+00:00\",\"mainEntityOfPage\":{\"@id\":\"https:\/\/marekkuchcinski.pl\/en\/wydarzenia\/500-zl-na-kazde-dziecko-juz-od-1-lipca-prezydent-podpisal-nowelizacje-ustawy\/\"},\"wordCount\":300,\"commentCount\":0,\"publisher\":{\"@id\":\"https:\/\/marekkuchcinski.pl\/#organization\"},\"image\":{\"@id\":\"https:\/\/marekkuchcinski.pl\/en\/wydarzenia\/500-zl-na-kazde-dziecko-juz-od-1-lipca-prezydent-podpisal-nowelizacje-ustawy\/#primaryimage\"},\"thumbnailUrl\":\"https:\/\/marekkuchcinski.pl\/wp-content\/uploads\/2019\/05\/500.jpg\",\"articleSection\":[\"Prawo i Sprawiedliwo\u015b\u0107\",\"Wydarzenia\"],\"inLanguage\":\"sk-SK\",\"potentialAction\":[{\"@type\":\"CommentAction\",\"name\":\"Comment\",\"target\":[\"https:\/\/marekkuchcinski.pl\/en\/wydarzenia\/500-zl-na-kazde-dziecko-juz-od-1-lipca-prezydent-podpisal-nowelizacje-ustawy\/#respond\"]}]},{\"@type\":\"WebPage\",\"@id\":\"https:\/\/marekkuchcinski.pl\/en\/wydarzenia\/500-zl-na-kazde-dziecko-juz-od-1-lipca-prezydent-podpisal-nowelizacje-ustawy\/\",\"url\":\"https:\/\/marekkuchcinski.pl\/en\/wydarzenia\/500-zl-na-kazde-dziecko-juz-od-1-lipca-prezydent-podpisal-nowelizacje-ustawy\/\",\"name\":\"500 z\u0142 na ka\u017cde dziecko ju\u017c od 1 lipca - prezydent podpisa\u0142 nowelizacj\u0119 ustawy &#8211; Marek Kuchci\u0144ski\",\"isPartOf\":{\"@id\":\"https:\/\/marekkuchcinski.pl\/#website\"},\"primaryImageOfPage\":{\"@id\":\"https:\/\/marekkuchcinski.pl\/en\/wydarzenia\/500-zl-na-kazde-dziecko-juz-od-1-lipca-prezydent-podpisal-nowelizacje-ustawy\/#primaryimage\"},\"image\":{\"@id\":\"https:\/\/marekkuchcinski.pl\/en\/wydarzenia\/500-zl-na-kazde-dziecko-juz-od-1-lipca-prezydent-podpisal-nowelizacje-ustawy\/#primaryimage\"},\"thumbnailUrl\":\"https:\/\/marekkuchcinski.pl\/wp-content\/uploads\/2019\/05\/500.jpg\",\"datePublished\":\"2019-05-16T13:17:30+00:00\",\"dateModified\":\"2019-05-16T13:17:31+00:00\",\"breadcrumb\":{\"@id\":\"https:\/\/marekkuchcinski.pl\/en\/wydarzenia\/500-zl-na-kazde-dziecko-juz-od-1-lipca-prezydent-podpisal-nowelizacje-ustawy\/#breadcrumb\"},\"inLanguage\":\"sk-SK\",\"potentialAction\":[{\"@type\":\"ReadAction\",\"target\":[\"https:\/\/marekkuchcinski.pl\/en\/wydarzenia\/500-zl-na-kazde-dziecko-juz-od-1-lipca-prezydent-podpisal-nowelizacje-ustawy\/\"]}]},{\"@type\":\"ImageObject\",\"inLanguage\":\"sk-SK\",\"@id\":\"https:\/\/marekkuchcinski.pl\/en\/wydarzenia\/500-zl-na-kazde-dziecko-juz-od-1-lipca-prezydent-podpisal-nowelizacje-ustawy\/#primaryimage\",\"url\":\"https:\/\/marekkuchcinski.pl\/wp-content\/uploads\/2019\/05\/500.jpg\",\"contentUrl\":\"https:\/\/marekkuchcinski.pl\/wp-content\/uploads\/2019\/05\/500.jpg\",\"width\":609,\"height\":370},{\"@type\":\"BreadcrumbList\",\"@id\":\"https:\/\/marekkuchcinski.pl\/en\/wydarzenia\/500-zl-na-kazde-dziecko-juz-od-1-lipca-prezydent-podpisal-nowelizacje-ustawy\/#breadcrumb\",\"itemListElement\":[{\"@type\":\"ListItem\",\"position\":1,\"name\":\"Strona g\u0142\u00f3wna\",\"item\":\"https:\/\/marekkuchcinski.pl\/\"},{\"@type\":\"ListItem\",\"position\":2,\"name\":\"500 z\u0142 na ka\u017cde dziecko ju\u017c od 1 lipca &#8211; prezydent podpisa\u0142 nowelizacj\u0119 ustawy\"}]},{\"@type\":\"WebSite\",\"@id\":\"https:\/\/marekkuchcinski.pl\/#website\",\"url\":\"https:\/\/marekkuchcinski.pl\/\",\"name\":\"Marek Kuchci\u0144ski\",\"description\":\"Pose\u0142 na sejm RP &ndash; okr\u0119g nr 22\",\"publisher\":{\"@id\":\"https:\/\/marekkuchcinski.pl\/#organization\"},\"potentialAction\":[{\"@type\":\"SearchAction\",\"target\":{\"@type\":\"EntryPoint\",\"urlTemplate\":\"https:\/\/marekkuchcinski.pl\/?s={search_term_string}\"},\"query-input\":{\"@type\":\"PropertyValueSpecification\",\"valueRequired\":true,\"valueName\":\"search_term_string\"}}],\"inLanguage\":\"sk-SK\"},{\"@type\":\"Organization\",\"@id\":\"https:\/\/marekkuchcinski.pl\/#organization\",\"name\":\"Marek Kuchci\u0144ski\",\"url\":\"https:\/\/marekkuchcinski.pl\/\",\"logo\":{\"@type\":\"ImageObject\",\"inLanguage\":\"sk-SK\",\"@id\":\"https:\/\/marekkuchcinski.pl\/#\/schema\/logo\/image\/\",\"url\":\"https:\/\/marekkuchcinski.pl\/wp-content\/uploads\/2022\/09\/Marek.jpg\",\"contentUrl\":\"https:\/\/marekkuchcinski.pl\/wp-content\/uploads\/2022\/09\/Marek.jpg\",\"width\":1600,\"height\":971,\"caption\":\"Marek Kuchci\u0144ski\"},\"image\":{\"@id\":\"https:\/\/marekkuchcinski.pl\/#\/schema\/logo\/image\/\"}},{\"@type\":\"Person\",\"@id\":\"https:\/\/marekkuchcinski.pl\/#\/schema\/person\/6f62700996b4d950b6ea2d1183b6c6be\",\"name\":\"admin\",\"image\":{\"@type\":\"ImageObject\",\"inLanguage\":\"sk-SK\",\"@id\":\"https:\/\/marekkuchcinski.pl\/#\/schema\/person\/image\/\",\"url\":\"https:\/\/secure.gravatar.com\/avatar\/4bab693b9d55c3d6b52c0296a8765085?s=96&d=mm&r=g\",\"contentUrl\":\"https:\/\/secure.gravatar.com\/avatar\/4bab693b9d55c3d6b52c0296a8765085?s=96&d=mm&r=g\",\"caption\":\"admin\"},\"url\":\"https:\/\/marekkuchcinski.pl\/sk\/author\/marta-olejnik\/\"}]}<\/script>\n<!-- \/ Yoast SEO plugin. -->","yoast_head_json":{"title":"500 z\u0142 na ka\u017cde dziecko ju\u017c od 1 lipca - prezydent podpisa\u0142 nowelizacj\u0119 ustawy &#8211; Marek Kuchci\u0144ski","robots":{"index":"index","follow":"follow","max-snippet":"max-snippet:-1","max-image-preview":"max-image-preview:large","max-video-preview":"max-video-preview:-1"},"canonical":"https:\/\/marekkuchcinski.pl\/sk\/wydarzenia\/500-zl-na-kazde-dziecko-juz-od-1-lipca-prezydent-podpisal-nowelizacje-ustawy\/","og_locale":"sk_SK","og_type":"article","og_title":"500 z\u0142 na ka\u017cde dziecko ju\u017c od 1 lipca - prezydent podpisa\u0142 nowelizacj\u0119 ustawy &#8211; Marek Kuchci\u0144ski","og_description":"Prezydent podpisa\u0142 rz\u0105dow\u0105 nowelizacj\u0119 ustawy, zgodnie z kt\u00f3r\u0105 prawo do \u015bwiadczenia 500 plus b\u0119d\u0105 mia\u0142y wszystkie dzieci i nastolatkowie do 18 lat. Wnioski o \u015bwiadczenie mo\u017cna sk\u0142ada\u0107 od 1 lipca. Program w nowej ods\u0142onie obejmie 6,8 mln dzieci. Rozszerzenie programu &#8222;Rodzina 500 plus&#8221; tak\u017ce na pierwsze i jedyne dziecko to jeden z projekt\u00f3w wchodz\u0105cych w [&hellip;]","og_url":"https:\/\/marekkuchcinski.pl\/sk\/wydarzenia\/500-zl-na-kazde-dziecko-juz-od-1-lipca-prezydent-podpisal-nowelizacje-ustawy\/","og_site_name":"Marek Kuchci\u0144ski","article_published_time":"2019-05-16T13:17:30+00:00","article_modified_time":"2019-05-16T13:17:31+00:00","og_image":[{"width":609,"height":370,"url":"https:\/\/marekkuchcinski.pl\/wp-content\/uploads\/2019\/05\/500.jpg","type":"image\/jpeg"}],"author":"admin","twitter_card":"summary_large_image","twitter_misc":{"Autor":"admin","Predpokladan\u00fd \u010das \u010d\u00edtania":"1 min\u00fata"},"schema":{"@context":"https:\/\/schema.org","@graph":[{"@type":"Article","@id":"https:\/\/marekkuchcinski.pl\/en\/wydarzenia\/500-zl-na-kazde-dziecko-juz-od-1-lipca-prezydent-podpisal-nowelizacje-ustawy\/#article","isPartOf":{"@id":"https:\/\/marekkuchcinski.pl\/en\/wydarzenia\/500-zl-na-kazde-dziecko-juz-od-1-lipca-prezydent-podpisal-nowelizacje-ustawy\/"},"author":{"name":"admin","@id":"https:\/\/marekkuchcinski.pl\/#\/schema\/person\/6f62700996b4d950b6ea2d1183b6c6be"},"headline":"500 z\u0142 na ka\u017cde dziecko ju\u017c od 1 lipca &#8211; prezydent podpisa\u0142 nowelizacj\u0119 ustawy","datePublished":"2019-05-16T13:17:30+00:00","dateModified":"2019-05-16T13:17:31+00:00","mainEntityOfPage":{"@id":"https:\/\/marekkuchcinski.pl\/en\/wydarzenia\/500-zl-na-kazde-dziecko-juz-od-1-lipca-prezydent-podpisal-nowelizacje-ustawy\/"},"wordCount":300,"commentCount":0,"publisher":{"@id":"https:\/\/marekkuchcinski.pl\/#organization"},"image":{"@id":"https:\/\/marekkuchcinski.pl\/en\/wydarzenia\/500-zl-na-kazde-dziecko-juz-od-1-lipca-prezydent-podpisal-nowelizacje-ustawy\/#primaryimage"},"thumbnailUrl":"https:\/\/marekkuchcinski.pl\/wp-content\/uploads\/2019\/05\/500.jpg","articleSection":["Prawo i Sprawiedliwo\u015b\u0107","Wydarzenia"],"inLanguage":"sk-SK","potentialAction":[{"@type":"CommentAction","name":"Comment","target":["https:\/\/marekkuchcinski.pl\/en\/wydarzenia\/500-zl-na-kazde-dziecko-juz-od-1-lipca-prezydent-podpisal-nowelizacje-ustawy\/#respond"]}]},{"@type":"WebPage","@id":"https:\/\/marekkuchcinski.pl\/en\/wydarzenia\/500-zl-na-kazde-dziecko-juz-od-1-lipca-prezydent-podpisal-nowelizacje-ustawy\/","url":"https:\/\/marekkuchcinski.pl\/en\/wydarzenia\/500-zl-na-kazde-dziecko-juz-od-1-lipca-prezydent-podpisal-nowelizacje-ustawy\/","name":"500 z\u0142 na ka\u017cde dziecko ju\u017c od 1 lipca - prezydent podpisa\u0142 nowelizacj\u0119 ustawy &#8211; Marek Kuchci\u0144ski","isPartOf":{"@id":"https:\/\/marekkuchcinski.pl\/#website"},"primaryImageOfPage":{"@id":"https:\/\/marekkuchcinski.pl\/en\/wydarzenia\/500-zl-na-kazde-dziecko-juz-od-1-lipca-prezydent-podpisal-nowelizacje-ustawy\/#primaryimage"},"image":{"@id":"https:\/\/marekkuchcinski.pl\/en\/wydarzenia\/500-zl-na-kazde-dziecko-juz-od-1-lipca-prezydent-podpisal-nowelizacje-ustawy\/#primaryimage"},"thumbnailUrl":"https:\/\/marekkuchcinski.pl\/wp-content\/uploads\/2019\/05\/500.jpg","datePublished":"2019-05-16T13:17:30+00:00","dateModified":"2019-05-16T13:17:31+00:00","breadcrumb":{"@id":"https:\/\/marekkuchcinski.pl\/en\/wydarzenia\/500-zl-na-kazde-dziecko-juz-od-1-lipca-prezydent-podpisal-nowelizacje-ustawy\/#breadcrumb"},"inLanguage":"sk-SK","potentialAction":[{"@type":"ReadAction","target":["https:\/\/marekkuchcinski.pl\/en\/wydarzenia\/500-zl-na-kazde-dziecko-juz-od-1-lipca-prezydent-podpisal-nowelizacje-ustawy\/"]}]},{"@type":"ImageObject","inLanguage":"sk-SK","@id":"https:\/\/marekkuchcinski.pl\/en\/wydarzenia\/500-zl-na-kazde-dziecko-juz-od-1-lipca-prezydent-podpisal-nowelizacje-ustawy\/#primaryimage","url":"https:\/\/marekkuchcinski.pl\/wp-content\/uploads\/2019\/05\/500.jpg","contentUrl":"https:\/\/marekkuchcinski.pl\/wp-content\/uploads\/2019\/05\/500.jpg","width":609,"height":370},{"@type":"BreadcrumbList","@id":"https:\/\/marekkuchcinski.pl\/en\/wydarzenia\/500-zl-na-kazde-dziecko-juz-od-1-lipca-prezydent-podpisal-nowelizacje-ustawy\/#breadcrumb","itemListElement":[{"@type":"ListItem","position":1,"name":"Strona g\u0142\u00f3wna","item":"https:\/\/marekkuchcinski.pl\/"},{"@type":"ListItem","position":2,"name":"500 z\u0142 na ka\u017cde dziecko ju\u017c od 1 lipca &#8211; prezydent podpisa\u0142 nowelizacj\u0119 ustawy"}]},{"@type":"WebSite","@id":"https:\/\/marekkuchcinski.pl\/#website","url":"https:\/\/marekkuchcinski.pl\/","name":"Marek Kuchci\u0144ski","description":"Pose\u0142 na sejm RP &ndash; okr\u0119g nr 22","publisher":{"@id":"https:\/\/marekkuchcinski.pl\/#organization"},"potentialAction":[{"@type":"SearchAction","target":{"@type":"EntryPoint","urlTemplate":"https:\/\/marekkuchcinski.pl\/?s={search_term_string}"},"query-input":{"@type":"PropertyValueSpecification","valueRequired":true,"valueName":"search_term_string"}}],"inLanguage":"sk-SK"},{"@type":"Organization","@id":"https:\/\/marekkuchcinski.pl\/#organization","name":"Marek Kuchci\u0144ski","url":"https:\/\/marekkuchcinski.pl\/","logo":{"@type":"ImageObject","inLanguage":"sk-SK","@id":"https:\/\/marekkuchcinski.pl\/#\/schema\/logo\/image\/","url":"https:\/\/marekkuchcinski.pl\/wp-content\/uploads\/2022\/09\/Marek.jpg","contentUrl":"https:\/\/marekkuchcinski.pl\/wp-content\/uploads\/2022\/09\/Marek.jpg","width":1600,"height":971,"caption":"Marek Kuchci\u0144ski"},"image":{"@id":"https:\/\/marekkuchcinski.pl\/#\/schema\/logo\/image\/"}},{"@type":"Person","@id":"https:\/\/marekkuchcinski.pl\/#\/schema\/person\/6f62700996b4d950b6ea2d1183b6c6be","name":"admin","image":{"@type":"ImageObject","inLanguage":"sk-SK","@id":"https:\/\/marekkuchcinski.pl\/#\/schema\/person\/image\/","url":"https:\/\/secure.gravatar.com\/avatar\/4bab693b9d55c3d6b52c0296a8765085?s=96&d=mm&r=g","contentUrl":"https:\/\/secure.gravatar.com\/avatar\/4bab693b9d55c3d6b52c0296a8765085?s=96&d=mm&r=g","caption":"admin"},"url":"https:\/\/marekkuchcinski.pl\/sk\/author\/marta-olejnik\/"}]}},"_links":{"self":[{"href":"https:\/\/marekkuchcinski.pl\/sk\/wp-json\/wp\/v2\/posts\/15534","targetHints":{"allow":["GET"]}}],"collection":[{"href":"https:\/\/marekkuchcinski.pl\/sk\/wp-json\/wp\/v2\/posts"}],"about":[{"href":"https:\/\/marekkuchcinski.pl\/sk\/wp-json\/wp\/v2\/types\/post"}],"author":[{"embeddable":true,"href":"https:\/\/marekkuchcinski.pl\/sk\/wp-json\/wp\/v2\/users\/6"}],"replies":[{"embeddable":true,"href":"https:\/\/marekkuchcinski.pl\/sk\/wp-json\/wp\/v2\/comments?post=15534"}],"version-history":[{"count":1,"href":"https:\/\/marekkuchcinski.pl\/sk\/wp-json\/wp\/v2\/posts\/15534\/revisions"}],"predecessor-version":[{"id":15536,"href":"https:\/\/marekkuchcinski.pl\/sk\/wp-json\/wp\/v2\/posts\/15534\/revisions\/15536"}],"wp:featuredmedia":[{"embeddable":true,"href":"https:\/\/marekkuchcinski.pl\/sk\/wp-json\/wp\/v2\/media\/15535"}],"wp:attachment":[{"href":"https:\/\/marekkuchcinski.pl\/sk\/wp-json\/wp\/v2\/media?parent=15534"}],"wp:term":[{"taxonomy":"category","embeddable":true,"href":"https:\/\/marekkuchcinski.pl\/sk\/wp-json\/wp\/v2\/categories?post=15534"},{"taxonomy":"post_tag","embeddable":true,"href":"https:\/\/marekkuchcinski.pl\/sk\/wp-json\/wp\/v2\/tags?post=15534"}],"curies":[{"name":"wp","href":"https:\/\/api.w.org\/{rel}","templated":true}]}}