{"id":15466,"date":"2019-05-13T16:15:03","date_gmt":"2019-05-13T14:15:03","guid":{"rendered":"https:\/\/marekkuchcinski.pl\/?p=15466"},"modified":"2019-05-13T16:31:18","modified_gmt":"2019-05-13T14:31:18","slug":"15466","status":"publish","type":"post","link":"https:\/\/marekkuchcinski.pl\/sk\/wydarzenia\/15466\/","title":{"rendered":"V\u00fdro\u010dn\u00e9 stretnutie predsedu Sejmu s diplomatick\u00fdm zborom"},"content":{"rendered":"<p>Pri pr\u00edle\u017eitosti \u0161t\u00e1tneho sviatku \u00dastavy 3. m\u00e1ja sa predseda Sejmu Marek Kuchci\u0144ski v pondelok stretol s diplomatick\u00fdm zborom v St\u013apovej sieni. Predseda Sejmu po\u010fakoval diplomatom za ich pr\u00edtomnos\u0165 a pouk\u00e1zal na v\u00fdro\u010dia d\u00f4le\u017eit\u00e9 pre snemov\u0148u: 450. v\u00fdro\u010die pripojenia k Lublinskej \u00fanii v roku 1569 a 100. v\u00fdro\u010die vyhl\u00e1senia D\u0148a \u00fastavy 3. m\u00e1ja vo febru\u00e1ri 1919. - Modern\u00fd parlament je z\u00e1kladnou s\u00fa\u010das\u0165ou politick\u00e9ho syst\u00e9mu Po\u013eskej republiky. V minulom roku sa pri pr\u00edle\u017eitosti osl\u00e1v 550. v\u00fdro\u010dia po\u013esk\u00e9ho parlamentarizmu uskuto\u010dnilo mno\u017estvo stretnut\u00ed, symp\u00f3zi\u00ed a konferenci\u00ed, ktor\u00e9 uk\u00e1zali, \u017ee prijatie \u00dastavy 3. m\u00e1ja z roku 1791 pova\u017euj\u00fa politici aj ob\u010dania za najv\u00fdznamnej\u0161\u00ed \u00faspech po\u013esk\u00e9ho parlamentarizmu,\" povedal mar\u0161al Kuchci\u0144ski. Pripomenul, \u017ee 30. j\u00fana sa v Lubline uskuto\u010dnia spolo\u010dn\u00e9 po\u013esko-litovsk\u00e9 oslavy 450. v\u00fdro\u010dia Lublinskej \u00fanie. &nbsp;<\/p>\n\n\n\n<p>Na stretnut\u00ed sa z\u00fa\u010dastnili aj Ryszard Terlecki, podpredseda Sejmu, Agnieszka Kaczmarska, ved\u00faca Kancel\u00e1rie Sejmu, spolu so svojimi z\u00e1stupcami a dekan diplomatick\u00e9ho zboru, arcibiskup Salvatore Pennacchio, apo\u0161tolsk\u00fd nuncius.<\/p>\n\n\n\n<p>Predseda Sejmu vo svojom prejave pripomenul 15. v\u00fdro\u010die \u010dlenstva Po\u013eska a \u010fal\u0161\u00edch stredoeur\u00f3pskych kraj\u00edn v Eur\u00f3pskej \u00fanii a 20. v\u00fdro\u010die ich \u010dlenstva v NATO. - Predov\u0161etk\u00fdm je to koniec povojnov\u00e9ho rozdelenia Eur\u00f3py. A d\u00fafam, \u017ee v bl\u00edzkej bud\u00facnosti bud\u00fa do Severoatlantickej aliancie a E\u00da prijat\u00e9 aj \u010fal\u0161ie \u0161t\u00e1ty z na\u0161ej \u010dasti Eur\u00f3py.<\/p>\n\n\n\n<p>Na zasadnut\u00ed nech\u00fdbali zmienky o podujatiach, ktor\u00e9 realizoval Sejm. Predseda Kuchci\u0144ski upozornil na iniciat\u00edvu Sejmu z roku 2016 zvola\u0165 samity predsedov parlamentov strednej a v\u00fdchodnej Eur\u00f3py, ktor\u00fdch zasadnutia sa ka\u017edoro\u010dne konaj\u00fa vo Var\u0161ave. - V s\u00fa\u010dasnosti prebiehaj\u00fa pr\u00edpravy na \u0161tvrt\u00fd samit, ktor\u00fd sa uskuto\u010dn\u00ed 4. - 5. j\u00fana. Mnoh\u00ed z v\u00e1s sa preto s nami stretn\u00fa na samite. Summit je pre n\u00e1s d\u00f4le\u017eit\u00fd kv\u00f4li d\u00e1tumu. Pred tridsiatimi rokmi, 4. j\u00fana, sa v Po\u013esku konali prv\u00e9 \u010diasto\u010dne slobodn\u00e9 vo\u013eby do Sejmu a \u00faplne slobodn\u00e9 vo\u013eby do Sen\u00e1tu. V Po\u013esku si n\u00e1rod \u017eelal z\u00e1sadn\u00fa historick\u00fa zmenu a vyjadril ju pri volebn\u00fdch urn\u00e1ch,\" zhodnotil predseda Sejmu. &nbsp;<\/p>\n\n\n\n<p>Marek Kuchci\u0144ski tie\u017e pripomenul, \u017ee Sejm v\u017edy podporuje spolupr\u00e1cu v r\u00e1mci bilater\u00e1lnych skup\u00edn priate\u013estva. Zd\u00f4raznil tie\u017e v\u00fdznam medzin\u00e1rodn\u00fdch iniciat\u00edv, ako je iniciat\u00edva Trojmestia, ako aj medzin\u00e1rodnej spolupr\u00e1ce s parlamentmi in\u00fdch kraj\u00edn, nielen eur\u00f3pskych, \u010di \u00fa\u010dasti po\u013esk\u00fdch deleg\u00e1ci\u00ed na zasadnutiach NATO, Rady Eur\u00f3py, OBSE, Vy\u0161ehradskej skupiny a Karpatskej Eur\u00f3py. - Na\u0161a diplomatick\u00e1 \u010dinnos\u0165 presahuje r\u00e1mec \u010disto parlamentnej spolupr\u00e1ce. Prejavuje sa aj v spolupr\u00e1ci karpatsk\u00fdch \u0161t\u00e1tov. Jedn\u00fdm z prvkov je konferencia Eur\u00f3pa Karp\u00e1t, ktor\u00e1 sa pravidelne kon\u00e1 na mnoh\u00fdch miestach v Po\u013esku. Ned\u00e1vno sa konalo v Krasiczyne, \u010fal\u0161ie organizujeme v Krynici v r\u00e1mci Hospod\u00e1rskeho f\u00f3ra 4. - 6. septembra, na ktor\u00e9 v\u00e1s srde\u010dne poz\u00fdvam - povedal mar\u0161al Kuchci\u0144ski.<\/p>\n\n\n\n<p>Stretnutia \u010dlenov diplomatick\u00e9ho zboru s predsedom Sejmu sa konaj\u00fa pravidelne u\u017e mnoho rokov. S\u00fa pr\u00edle\u017eitos\u0165ou na diskusiu o aktu\u00e1lnych ot\u00e1zkach, aktivit\u00e1ch Sejmu v oblasti medzin\u00e1rodnej spolupr\u00e1ce, ako aj na neform\u00e1lne rozhovory.<\/p>\n\n\n\n<p><\/p>\n\n\n\n<p><strong>Cel\u00fd prejav predsedu Sejmu Mareka Kuchci\u0144sk\u00e9ho:<\/strong><\/p>\n\n\n\n<p>Va\u0161a excelencia, arcibiskup, dekan diplomatick\u00e9ho zboru v Po\u013esku,<\/p>\n\n\n\n<p>Excelencie, v\u00e1\u017een\u00e9 d\u00e1my a p\u00e1ni ve\u013evyslanci,<\/p>\n\n\n\n<p>\tVitajte a \u010fakujeme, \u017ee ste prijali pozvanie do Sejmu na dne\u0161n\u00fa <strong>stretnutie, ktor\u00e9 sa kon\u00e1 v roku ve\u013ek\u00fdch v\u00fdro\u010d\u00ed<\/strong> dej\u00edn parlamentarizmu pri pr\u00edle\u017eitosti 450. v\u00fdro\u010dia Lublinskej \u00fanie, ktor\u00e1 bola uzavret\u00e1 v roku 1569. <\/p>\n\n\n\n<p> &nbsp;&nbsp;&nbsp;&nbsp;&nbsp;&nbsp;&nbsp;<strong>B\u00fdval\u00fd parlament <\/strong>Plnil \u00falohu reprezentanta politick\u00e9ho n\u00e1roda, ktor\u00fd od stredoveku, od vl\u00e1dy kr\u00e1\u013ea Kazim\u00edra Ve\u013ek\u00e9ho, tvorila \u0161\u013eachta, aby za \u013dudov\u00edta Uhorsk\u00e9ho, Ladislava Jagelovsk\u00e9ho a Kazim\u00edra Jagelovsk\u00e9ho prevzala z\u00e1konodarn\u00e9 a kontroln\u00e9 funkcie. <strong>Dne\u0161n\u00fd parlament<\/strong> je z\u00e1kladnou s\u00fa\u010das\u0165ou politick\u00e9ho syst\u00e9mu Po\u013eskej republiky, ktor\u00fd ur\u010duje jej demokratick\u00fa tv\u00e1r. <\/p>\n\n\n\n<p>V minulom roku sa pri pr\u00edle\u017eitosti osl\u00e1v 550. v\u00fdro\u010dia po\u013esk\u00e9ho parlamentarizmu uskuto\u010dnilo mno\u017estvo stretnut\u00ed, symp\u00f3zi\u00ed a konferenci\u00ed, ktor\u00e9 uk\u00e1zali, \u017ee prijatie \u00dastavy 3. m\u00e1ja v roku 1791 sa pova\u017euje za najv\u00fdznamnej\u0161\u00ed \u00faspech po\u013esk\u00e9ho parlamentarizmu.<\/p>\n\n\n\n<p>\t<strong>\u00dastava z 3. m\u00e1ja<\/strong> bol pre Poliakov tak\u00fdm d\u00f4le\u017eit\u00fdm aktom, \u017ee vo febru\u00e1ri 1919 z\u00e1konodarn\u00e9 zhroma\u017edenie, ktor\u00e9ho 100. v\u00fdro\u010die pr\u00e1ve oslavujeme, vyhl\u00e1silo 3. m\u00e1j za \u0161t\u00e1tny sviatok. <\/p>\n\n\n\n<p>\u00dastava bola spolo\u010dn\u00fdm dielom z\u00e1stupcov n\u00e1rodov \u017eij\u00facich v jednom \u0161t\u00e1te - Spolo\u010dnosti po\u013esko-litovskej. Dne\u0161n\u00fd 3. m\u00e1j, De\u0148 \u00fastavy, je sviatkom aj v Litve.<\/p>\n\n\n\n<p>\t<strong>V roku 1569 sa Po\u013esko a Litva spojili Lublinskou \u00faniou<\/strong> - rovnocenn\u00fd a dobrovo\u013en\u00fd \u0161t\u00e1tny zv\u00e4zok. Jeho 450. v\u00fdro\u010die sa bude spolo\u010dne oslavova\u0165 30. j\u00fana v Lubline. Na oslavy sme pozvali predsedov parlamentov kraj\u00edn, ktor\u00fdch krajiny a n\u00e1rody boli v tom \u010dase tie\u017e s\u00fa\u010das\u0165ou Po\u013esko-litovsk\u00e9ho spolo\u010denstva. Na toto podujatie by som r\u00e1d pozval aj v\u00e1s, z\u00e1stupcov diplomatick\u00e9ho zboru. &nbsp;<\/p>\n\n\n\n<p>\tD\u00e1my a p\u00e1ni, mysl\u00edm, \u017ee tu m\u00f4\u017eeme prirodzene pokra\u010dova\u0165 <strong>z Lublinskej \u00fanie do Eur\u00f3pskej \u00fanie.<\/strong> <\/p>\n\n\n\n<p>Tento rok oslavujeme <strong>15. v\u00fdro\u010die vstupu Po\u013eska a \u010fal\u0161\u00edch stredoeur\u00f3pskych kraj\u00edn do Eur\u00f3pskej \u00fanie a 20. v\u00fdro\u010die vstupu Po\u013eska do NATO<\/strong>. T\u00e1to udalos\u0165 m\u00e1 historick\u00fd v\u00fdznam v ka\u017edom zmysle, predov\u0161etk\u00fdm znamen\u00e1 koniec povojnov\u00e9ho rozdelenia Eur\u00f3py. A d\u00fafam, \u017ee v bl\u00edzkej bud\u00facnosti bud\u00fa do NATO a E\u00da prijat\u00e9 aj \u010fal\u0161ie krajiny v na\u0161ej \u010dasti Eur\u00f3py.<br><\/p>\n\n\n\n<p>R\u00e1d by som pripomenul ned\u00e1vne podujatie, konferenciu predsedov parlamentov E\u00da vo Viedni. Odr\u00e1\u017ea pru\u017en\u00fa reakciu na vznikaj\u00face probl\u00e9my a sna\u017e\u00ed sa ich kon\u0161trukt\u00edvne rie\u0161i\u0165. <\/p>\n\n\n\n<p>\tPo\u013esk\u00fd parlament si v\u00e1\u017ei ka\u017ed\u00fa formu medzin\u00e1rodnej spolupr\u00e1ce, ale s ve\u013ek\u00fdm uspokojen\u00edm podporuje multilater\u00e1lne iniciat\u00edvy. M\u00e1m na mysli iniciat\u00edvu z roku 2016 na zvolanie <strong>Summit predsedov parlamentov strednej a v\u00fdchodnej Eur\u00f3py<\/strong>. Samit sa kon\u00e1 ka\u017edoro\u010dne vo Var\u0161ave. V s\u00fa\u010dasnosti prebiehaj\u00fa pr\u00edpravy na \u0161tvrt\u00fd samit, ktor\u00fd sa uskuto\u010dn\u00ed 4. - 5. j\u00fana. S mnoh\u00fdmi z v\u00e1s sa preto stretneme na samite, ke\u010f budete sprev\u00e1dza\u0165 svoje deleg\u00e1cie.<\/p>\n\n\n\n<p>\tSamit je d\u00f4le\u017eit\u00fd aj vzh\u013eadom na d\u00e1tum 4. j\u00fana 1989, ke\u010f sa pred tridsiatimi rokmi v Po\u013esku konali prv\u00e9 \u010diasto\u010dne slobodn\u00e9 parlamentn\u00e9 vo\u013eby. V tom istom roku sa uskuto\u010dnili zmeny v Ma\u010farsku a vtedaj\u0161om \u010ceskoslovensku v podobe zamatovej revol\u00facie. Tieto udalosti sa odohrali e\u0161te pred p\u00e1dom Berl\u00ednskeho m\u00faru. <br><\/p>\n\n\n\n<p>V Po\u013esku si n\u00e1rod \u017eelal historick\u00fa zmenu a jednozna\u010dne to vyjadril pri volebn\u00fdch urn\u00e1ch. <br><\/p>\n\n\n\n<p>Za zmienku stoj\u00ed aj iniciat\u00edva troch marock\u00fdch \u0161t\u00e1tov, ktor\u00e1 akoby v objekt\u00edve s\u00fastre\u010fuje to najd\u00f4le\u017eitej\u0161ie: my\u0161lienku integr\u00e1cie s opatreniami na zaistenie bezpe\u010dnosti \u0161t\u00e1tov a n\u00e1rodov, vr\u00e1tane energetickej bezpe\u010dnosti a rozvoja komunika\u010dn\u00fdch siet\u00ed.<br><\/p>\n\n\n\n<p>Po\u013esk\u00fd Sejm rozv\u00edja parlamentn\u00fa diplomaciu vo v\u0161etk\u00fdch mo\u017en\u00fdch a d\u00f4le\u017eit\u00fdch oblastiach. Pr\u00edkladom je minuloro\u010dn\u00e9 jarn\u00e9 zasadnutie Parlamentn\u00e9ho zhroma\u017edenia NATO vo Var\u0161ave. Zasadnutie prebehlo dobre a bolo \u00faspe\u0161n\u00e9. <\/p>\n\n\n\n<p>\tChcel by som tie\u017e pouk\u00e1za\u0165 na \u010dinnos\u0165 po\u013esk\u00fdch parlamentn\u00fdch deleg\u00e1ci\u00ed pri NATO, Rade Eur\u00f3py a OBSE. Vysielame na\u0161e deleg\u00e1cie na pozorovanie volieb do mnoh\u00fdch kraj\u00edn. <\/p>\n\n\n\n<p>(PL) V\u00e1\u017een\u00fd p\u00e1n predseda, po\u013esk\u00e1 deleg\u00e1cia v Parlamentnom zhroma\u017eden\u00ed Rady Eur\u00f3py iniciovala prijatie rezol\u00facie o vr\u00e1ten\u00ed trosiek lietadla zo smolenskej leteckej katastrofy Ruskom. T\u00e1to z\u00e1le\u017eitos\u0165 st\u00e1le nie je vyrie\u0161en\u00e1.<\/p>\n\n\n\n<p>\tAkt\u00edvne zapojenie <strong>Parlamentn\u00e9 zhroma\u017edenia<\/strong>. V novembri minul\u00e9ho roka sa konalo Trojstrann\u00e9 zhroma\u017edenie Po\u013esko-Litva-Ukrajina. Vo febru\u00e1ri tohto roku sa po desa\u0165ro\u010dnej prest\u00e1vke konalo zasadnutie Parlamentn\u00e9ho zhroma\u017edenia Sejmu a Sen\u00e1tu Po\u013eska a Sejmu Litvy.<\/p>\n\n\n\n<p>\tDo zoznamu zhroma\u017eden\u00ed ned\u00e1vno pribudlo nov\u00e9 po\u013esko-gruz\u00ednske parlamentn\u00e9 zhroma\u017edenie. Jej prv\u00e9 zasadnutie sa uskuto\u010dnilo vo febru\u00e1ri tohto roku a predch\u00e1dzala mu moja n\u00e1v\u0161teva Gruz\u00ednska v novembri 2018. <\/p>\n\n\n\n<p>\tDobre prebieha aj spolupr\u00e1ca medzi Po\u013esko-moldavsk\u00fdm parlamentn\u00fdm zhroma\u017eden\u00edm, ktor\u00e9 sa v j\u00fali 2018 stretlo u\u017e po piatykr\u00e1t, tentoraz v Ki\u0161i\u0148ove. Pokra\u010dujeme aj v po\u013esko-ukrajinskej parlamentnej spolupr\u00e1ci, \u010doho d\u00f4kazom bolo 11. zasadnutie Parlamentn\u00e9ho zhroma\u017edenia Po\u013eska a Ukrajiny v marci tohto roku v Kyjeve a spolupr\u00e1ca v r\u00e1mci bilater\u00e1lnych parlamentn\u00fdch skup\u00edn.<\/p>\n\n\n\n<p>\tM\u00e1m mimoriadne dobr\u00e9 spr\u00e1vy o na\u0161ej spolupr\u00e1ci v oblasti <strong>Vy\u0161ehradsk\u00e1 skupina<\/strong>Po\u010das slovensk\u00e9ho predsedn\u00edctva sme sa stretli trikr\u00e1t na \u00farovni predsedov parlamentov. Po\u010das slovensk\u00e9ho predsedn\u00edctva sme sa stretli trikr\u00e1t na \u00farovni predsedov parlamentov a vzorec stretnut\u00ed sa neust\u00e1le roz\u0161iruje o nov\u00e9 krajiny, \u010do m\u00f4\u017ee sved\u010di\u0165 o jeho atraktivite pre regi\u00f3n. <\/p>\n\n\n\n<p>\t\u00dazka spolupr\u00e1ca v r\u00e1mci Vy\u0161ehradskej skupiny nevylu\u010duje ani neobmedzuje bilater\u00e1lnu spolupr\u00e1cu medzi jednotliv\u00fdmi vy\u0161ehradsk\u00fdmi parlamentmi. Na\u010falej sa stret\u00e1vame s predsedn\u00edctvami Sejmu a Poslaneckej snemovne \u010ceskej republiky a vz\u0165ahy s ma\u010farsk\u00fdm parlamentom s\u00fa neust\u00e1le ve\u013emi akt\u00edvne, vr\u00e1tane \u010disto parlamentn\u00fdch stretnut\u00ed, ale aj podujat\u00ed \u0161ir\u0161ieho charakteru, ako bola moja \u00fa\u010das\u0165 na konferencii v ma\u010farskom N\u00e1rodnom zhroma\u017eden\u00ed pri pr\u00edle\u017eitosti st\u00e9ho v\u00fdro\u010dia nez\u00e1vislosti Po\u013eska.<br><\/p>\n\n\n\n<p>Na\u0161a spolupr\u00e1ca sa t\u00fdka aj mimoparlamentn\u00fdch oblast\u00ed, \u010do sa prejavuje napr\u00edklad v spolupr\u00e1ci medzi karpatsk\u00fdmi krajinami. St\u00e1lym a rozv\u00edjaj\u00facim sa prvkom tejto spolupr\u00e1ce je konferencia <strong>Karpatsk\u00e1 Eur\u00f3pa.<\/strong> Tohtoro\u010dn\u00fd ro\u010dn\u00edk s bohatou tematikou sa konal vo febru\u00e1ri v Krasiczyne. V septembri pokra\u010dujeme v s\u00e9rii stretnut\u00ed Eur\u00f3pa Karp\u00e1t v Krynici Zdroji v r\u00e1mci Ekonomick\u00e9ho f\u00f3ra (3. - 5. septembra 2019). Poz\u00fdvame v\u00e1s, aby ste sa zapojili.<br><\/p>\n\n\n\n<p>Jedn\u00fdm z efektov zv\u00fd\u0161enia v\u00fdznamu stredoeur\u00f3pskeho regi\u00f3nu a multilater\u00e1lnej karpatskej spolupr\u00e1ce je vytvorenie pracovnej dohody skupiny univerz\u00edt z karpatsk\u00fdch kraj\u00edn - V4 plus Rumunsko a Ukrajina. Prijal latinsk\u00fd n\u00e1zov Collegium Carpathicum. Podporujeme tento typ aktiv\u00edt v regi\u00f3ne.<br><\/p>\n\n\n\n<p>\tD\u00f4le\u017eit\u00e1 je aj dvojstrann\u00e1 spolupr\u00e1ca prostredn\u00edctvom bilater\u00e1lnych stretnut\u00ed. Pr\u00edkladom takejto iniciat\u00edvy je minuloro\u010dn\u00e9 6. po\u013esko-\u0161panielske parlamentn\u00e9 f\u00f3rum v Santiagu de Compostela.<\/p>\n\n\n\n<p>\u017div\u00e1 a dynamick\u00e1 spolupr\u00e1ca sp\u00e1ja po\u013esk\u00fd Sejm s parlamentmi balk\u00e1nskych kraj\u00edn. Chcel by som zd\u00f4razni\u0165 akt\u00edvnu \u00fa\u010das\u0165 predsedov a z\u00e1stupcov parlamentov na var\u0161avsk\u00fdch samitoch, ktor\u00e1 podporuje bilater\u00e1lne stretnutia a konzult\u00e1cie. Parlamentn\u00e1 spolupr\u00e1ca a \u00fa\u010das\u0165 na multilater\u00e1lnych stretnutiach politick\u00e9ho a historick\u00e9ho charakteru je ve\u013emi dynamick\u00e1. R\u00e1d by som v\u00e1s informoval, \u017ee k existuj\u00facej spolupr\u00e1ci bilater\u00e1lnych skup\u00edn sme pridali nov\u00fa formu spolupr\u00e1ce, a to region\u00e1lnu po\u013esko-balk\u00e1nsku parlamentn\u00fa skupinu, ktor\u00e1 bola zalo\u017een\u00e1 v janu\u00e1ri tohto roku. V marci nav\u0161t\u00edvila deleg\u00e1cia skupiny Srbsko a Severn\u00e9 Maced\u00f3nsko.<\/p>\n\n\n\n<p>\tV\u017edy sme d\u00f4razne podporovali spolupr\u00e1cu v r\u00e1mci bilater\u00e1lnych priate\u013esk\u00fdch skup\u00edn. Neust\u00e1le vznikaj\u00fa nov\u00e9 skupiny a v s\u00fa\u010dasnosti ich je v Parlamente 85. <\/p>\n\n\n\n<p>Za posledn\u00fdch 12 mesiacov Sejm hostil mnoho n\u00e1v\u0161tev, ale na\u0161e deleg\u00e1cie nav\u0161t\u00edvili aj spriatelen\u00e9 parlamenty. Na spolupr\u00e1ci sa okrem in\u00fdch podie\u013eali parlamenty Alb\u00e1nska, Saudskej Ar\u00e1bie, Arm\u00e9nska, Austr\u00e1lie, Bieloruska, Bulharska, Chorv\u00e1tska, \u010ciernej Hory, \u010ceskej republiky, Filip\u00edn, Ir\u00e1nu, \u00cdrska, Kazachstanu, Severn\u00e9ho Maced\u00f3nska, Maroka, Mongolska, Nemecka, N\u00f3rska, Slovenska, \u0160vaj\u010diarskej konfeder\u00e1cie, Ukrajiny a Vietnamu. <\/p>\n\n\n\n<p>\tZo zoznamu v\u00fdvoja vo vz\u0165ahoch s in\u00fdmi krajinami by som r\u00e1d spomenul aktivity vo vz\u0165ahoch s japonsk\u00fdm parlamentom, ako aj organiz\u00e1ciu D\u0148a \u00c1zie a Tichomoria.<\/p>\n\n\n\n<p>\tNa\u0161a medzin\u00e1rodn\u00e1 spolupr\u00e1ca presahuje \u010disto parlamentn\u00fd rozmer. Po\u010das uplynul\u00fdch 12 mesiacov som sa stretol s hlavami \u0161t\u00e1tov a vl\u00e1d: \u010cesk\u00e1 republika, Slovensko, Ma\u010farsko, Litva, Gruz\u00ednsko a predsedovia parlamentov uveden\u00fdch kraj\u00edn, ako aj: Sen\u00e1t Rumunska, \u0160t\u00e1tna rada Slovinska, Rada Bieloruskej republiky a \u0161v\u00e9dsky Riksdag.<\/p>\n\n\n\n<p> Va\u0161e excelencie, d\u00e1my a p\u00e1ni, predlo\u017een\u00e9 inform\u00e1cie uv\u00e1dzaj\u00fa len niektor\u00e9 n\u00e1v\u0161tevy, stretnutia a konferencie. Spomenul som hlavne tie, ktor\u00e9 potvrdzuj\u00fa a ilustruj\u00fa ur\u010dit\u00fa tendenciu alebo smer. Som r\u00e1d, \u017ee som tak mohol urobi\u0165 po\u010das osl\u00e1v pri pr\u00edle\u017eitosti n\u00e1\u0161ho \u0161t\u00e1tneho sviatku, na ktor\u00e9 ste pri\u0161li, aby ste spolo\u010dne vzdali hold tomuto ve\u013ek\u00e9mu dielu po\u013esk\u00e9ho parlamentarizmu a vyjadrili svoje priate\u013estvo a podporu Po\u013esku, za \u010do v\u00e1m \u00faprimne \u010fakujem.<\/p>\n\n\n\n<p><em>Foto: Rafa\u0142 Zambrzycki<\/em><\/p>\n\n\n\n<figure class=\"wp-block-image\"><img fetchpriority=\"high\" decoding=\"async\" width=\"800\" height=\"533\" src=\"https:\/\/marekkuchcinski.pl\/wp-content\/uploads\/2019\/05\/RZ__6011.view_.jpg\" alt=\"\" class=\"wp-image-15467\" srcset=\"https:\/\/marekkuchcinski.pl\/wp-content\/uploads\/2019\/05\/RZ__6011.view_.jpg 800w, https:\/\/marekkuchcinski.pl\/wp-content\/uploads\/2019\/05\/RZ__6011.view_-300x200.jpg 300w, https:\/\/marekkuchcinski.pl\/wp-content\/uploads\/2019\/05\/RZ__6011.view_-768x512.jpg 768w\" sizes=\"(max-width: 800px) 100vw, 800px\" \/><\/figure>\n\n\n\n<figure class=\"wp-block-image\"><img decoding=\"async\" width=\"1024\" height=\"683\" src=\"https:\/\/marekkuchcinski.pl\/wp-content\/uploads\/2019\/05\/RZ__5985-1024x683.jpeg\" alt=\"\" class=\"wp-image-15471\" srcset=\"https:\/\/marekkuchcinski.pl\/wp-content\/uploads\/2019\/05\/RZ__5985-1024x683.jpeg 1024w, https:\/\/marekkuchcinski.pl\/wp-content\/uploads\/2019\/05\/RZ__5985-300x200.jpeg 300w, https:\/\/marekkuchcinski.pl\/wp-content\/uploads\/2019\/05\/RZ__5985-768x512.jpeg 768w, https:\/\/marekkuchcinski.pl\/wp-content\/uploads\/2019\/05\/RZ__5985.jpeg 2048w\" sizes=\"(max-width: 1024px) 100vw, 1024px\" \/><\/figure>\n\n\n\n<figure class=\"wp-block-image\"><img decoding=\"async\" width=\"1024\" height=\"683\" src=\"https:\/\/marekkuchcinski.pl\/wp-content\/uploads\/2019\/05\/60057138_2735601806481159_3430266499573481472_n-1024x683.jpg\" alt=\"\" class=\"wp-image-15474\" srcset=\"https:\/\/marekkuchcinski.pl\/wp-content\/uploads\/2019\/05\/60057138_2735601806481159_3430266499573481472_n-1024x683.jpg 1024w, https:\/\/marekkuchcinski.pl\/wp-content\/uploads\/2019\/05\/60057138_2735601806481159_3430266499573481472_n-300x200.jpg 300w, https:\/\/marekkuchcinski.pl\/wp-content\/uploads\/2019\/05\/60057138_2735601806481159_3430266499573481472_n-768x512.jpg 768w, https:\/\/marekkuchcinski.pl\/wp-content\/uploads\/2019\/05\/60057138_2735601806481159_3430266499573481472_n.jpg 2048w\" sizes=\"(max-width: 1024px) 100vw, 1024px\" \/><\/figure>","protected":false},"excerpt":{"rendered":"<p>Z okazji \u015awi\u0119ta Narodowego Konstytucji 3 Maja marsza\u0142ek Sejmu Marek Kuchci\u0144ski spotka\u0142 si\u0119 w poniedzia\u0142ek w Sali Kolumnowej z korpusem dyplomatycznym. Dzi\u0119kuj\u0105c dyplomatom za obecno\u015b\u0107 Marsza\u0142ek Sejmu wskaza\u0142 na wa\u017cne dla Izby rocznice: 450-lecia przyst\u0105pienia do Unii Lubelskiej w 1569 roku oraz 100-lecia og\u0142oszenia Dnia Konstytucji 3 Maja w lutym 1919 r. \u2013 Wsp\u00f3\u0142czesny Parlament [&hellip;]<\/p>","protected":false},"author":6,"featured_media":15467,"comment_status":"open","ping_status":"open","sticky":false,"template":"","format":"standard","meta":{"ngg_post_thumbnail":0,"footnotes":""},"categories":[81,50,3],"tags":[],"class_list":["post-15466","post","type-post","status-publish","format-standard","has-post-thumbnail","hentry","category-wiesci-z-sejmu","category-wspolpraca-miedzynarodowa","category-wydarzenia"],"yoast_head":"<!-- This site is optimized with the Yoast SEO plugin v24.7 - https:\/\/yoast.com\/wordpress\/plugins\/seo\/ -->\n<title>Doroczne spotkanie marsza\u0142ka Sejmu z korpusem dyplomatycznym &#8211; Marek Kuchci\u0144ski<\/title>\n<meta name=\"robots\" content=\"index, follow, max-snippet:-1, max-image-preview:large, max-video-preview:-1\" \/>\n<link rel=\"canonical\" href=\"https:\/\/marekkuchcinski.pl\/sk\/wydarzenia\/15466\/\" \/>\n<meta property=\"og:locale\" content=\"sk_SK\" \/>\n<meta property=\"og:type\" content=\"article\" \/>\n<meta property=\"og:title\" content=\"Doroczne spotkanie marsza\u0142ka Sejmu z korpusem dyplomatycznym &#8211; Marek Kuchci\u0144ski\" \/>\n<meta property=\"og:description\" content=\"Z okazji \u015awi\u0119ta Narodowego Konstytucji 3 Maja marsza\u0142ek Sejmu Marek Kuchci\u0144ski spotka\u0142 si\u0119 w poniedzia\u0142ek w Sali Kolumnowej z korpusem dyplomatycznym. Dzi\u0119kuj\u0105c dyplomatom za obecno\u015b\u0107 Marsza\u0142ek Sejmu wskaza\u0142 na wa\u017cne dla Izby rocznice: 450-lecia przyst\u0105pienia do Unii Lubelskiej w 1569 roku oraz 100-lecia og\u0142oszenia Dnia Konstytucji 3 Maja w lutym 1919 r. \u2013 Wsp\u00f3\u0142czesny Parlament [&hellip;]\" \/>\n<meta property=\"og:url\" content=\"https:\/\/marekkuchcinski.pl\/sk\/wydarzenia\/15466\/\" \/>\n<meta property=\"og:site_name\" content=\"Marek Kuchci\u0144ski\" \/>\n<meta property=\"article:published_time\" content=\"2019-05-13T14:15:03+00:00\" \/>\n<meta property=\"article:modified_time\" content=\"2019-05-13T14:31:18+00:00\" \/>\n<meta property=\"og:image\" content=\"https:\/\/marekkuchcinski.pl\/wp-content\/uploads\/2019\/05\/RZ__6011.view_.jpg\" \/>\n\t<meta property=\"og:image:width\" content=\"800\" \/>\n\t<meta property=\"og:image:height\" content=\"533\" \/>\n\t<meta property=\"og:image:type\" content=\"image\/jpeg\" \/>\n<meta name=\"author\" content=\"admin\" \/>\n<meta name=\"twitter:card\" content=\"summary_large_image\" \/>\n<meta name=\"twitter:label1\" content=\"Autor\" \/>\n\t<meta name=\"twitter:data1\" content=\"admin\" \/>\n\t<meta name=\"twitter:label2\" content=\"Predpokladan\u00fd \u010das \u010d\u00edtania\" \/>\n\t<meta name=\"twitter:data2\" content=\"10 min\u00fat\" \/>\n<script type=\"application\/ld+json\" class=\"yoast-schema-graph\">{\"@context\":\"https:\/\/schema.org\",\"@graph\":[{\"@type\":\"Article\",\"@id\":\"https:\/\/marekkuchcinski.pl\/hu\/wydarzenia\/15466\/#article\",\"isPartOf\":{\"@id\":\"https:\/\/marekkuchcinski.pl\/hu\/wydarzenia\/15466\/\"},\"author\":{\"name\":\"admin\",\"@id\":\"https:\/\/marekkuchcinski.pl\/#\/schema\/person\/6f62700996b4d950b6ea2d1183b6c6be\"},\"headline\":\"Doroczne spotkanie marsza\u0142ka Sejmu z korpusem dyplomatycznym\",\"datePublished\":\"2019-05-13T14:15:03+00:00\",\"dateModified\":\"2019-05-13T14:31:18+00:00\",\"mainEntityOfPage\":{\"@id\":\"https:\/\/marekkuchcinski.pl\/hu\/wydarzenia\/15466\/\"},\"wordCount\":2042,\"commentCount\":0,\"publisher\":{\"@id\":\"https:\/\/marekkuchcinski.pl\/#organization\"},\"image\":{\"@id\":\"https:\/\/marekkuchcinski.pl\/hu\/wydarzenia\/15466\/#primaryimage\"},\"thumbnailUrl\":\"https:\/\/marekkuchcinski.pl\/wp-content\/uploads\/2019\/05\/RZ__6011.view_.jpg\",\"articleSection\":[\"Wie\u015bci z Sejmu\",\"Wsp\u00f3\u0142praca mi\u0119dzynarodowa\",\"Wydarzenia\"],\"inLanguage\":\"sk-SK\",\"potentialAction\":[{\"@type\":\"CommentAction\",\"name\":\"Comment\",\"target\":[\"https:\/\/marekkuchcinski.pl\/hu\/wydarzenia\/15466\/#respond\"]}]},{\"@type\":\"WebPage\",\"@id\":\"https:\/\/marekkuchcinski.pl\/hu\/wydarzenia\/15466\/\",\"url\":\"https:\/\/marekkuchcinski.pl\/hu\/wydarzenia\/15466\/\",\"name\":\"Doroczne spotkanie marsza\u0142ka Sejmu z korpusem dyplomatycznym &#8211; Marek Kuchci\u0144ski\",\"isPartOf\":{\"@id\":\"https:\/\/marekkuchcinski.pl\/#website\"},\"primaryImageOfPage\":{\"@id\":\"https:\/\/marekkuchcinski.pl\/hu\/wydarzenia\/15466\/#primaryimage\"},\"image\":{\"@id\":\"https:\/\/marekkuchcinski.pl\/hu\/wydarzenia\/15466\/#primaryimage\"},\"thumbnailUrl\":\"https:\/\/marekkuchcinski.pl\/wp-content\/uploads\/2019\/05\/RZ__6011.view_.jpg\",\"datePublished\":\"2019-05-13T14:15:03+00:00\",\"dateModified\":\"2019-05-13T14:31:18+00:00\",\"breadcrumb\":{\"@id\":\"https:\/\/marekkuchcinski.pl\/hu\/wydarzenia\/15466\/#breadcrumb\"},\"inLanguage\":\"sk-SK\",\"potentialAction\":[{\"@type\":\"ReadAction\",\"target\":[\"https:\/\/marekkuchcinski.pl\/hu\/wydarzenia\/15466\/\"]}]},{\"@type\":\"ImageObject\",\"inLanguage\":\"sk-SK\",\"@id\":\"https:\/\/marekkuchcinski.pl\/hu\/wydarzenia\/15466\/#primaryimage\",\"url\":\"https:\/\/marekkuchcinski.pl\/wp-content\/uploads\/2019\/05\/RZ__6011.view_.jpg\",\"contentUrl\":\"https:\/\/marekkuchcinski.pl\/wp-content\/uploads\/2019\/05\/RZ__6011.view_.jpg\",\"width\":800,\"height\":533},{\"@type\":\"BreadcrumbList\",\"@id\":\"https:\/\/marekkuchcinski.pl\/hu\/wydarzenia\/15466\/#breadcrumb\",\"itemListElement\":[{\"@type\":\"ListItem\",\"position\":1,\"name\":\"Strona g\u0142\u00f3wna\",\"item\":\"https:\/\/marekkuchcinski.pl\/\"},{\"@type\":\"ListItem\",\"position\":2,\"name\":\"Doroczne spotkanie marsza\u0142ka Sejmu z korpusem dyplomatycznym\"}]},{\"@type\":\"WebSite\",\"@id\":\"https:\/\/marekkuchcinski.pl\/#website\",\"url\":\"https:\/\/marekkuchcinski.pl\/\",\"name\":\"Marek Kuchci\u0144ski\",\"description\":\"Pose\u0142 na sejm RP &ndash; okr\u0119g nr 22\",\"publisher\":{\"@id\":\"https:\/\/marekkuchcinski.pl\/#organization\"},\"potentialAction\":[{\"@type\":\"SearchAction\",\"target\":{\"@type\":\"EntryPoint\",\"urlTemplate\":\"https:\/\/marekkuchcinski.pl\/?s={search_term_string}\"},\"query-input\":{\"@type\":\"PropertyValueSpecification\",\"valueRequired\":true,\"valueName\":\"search_term_string\"}}],\"inLanguage\":\"sk-SK\"},{\"@type\":\"Organization\",\"@id\":\"https:\/\/marekkuchcinski.pl\/#organization\",\"name\":\"Marek Kuchci\u0144ski\",\"url\":\"https:\/\/marekkuchcinski.pl\/\",\"logo\":{\"@type\":\"ImageObject\",\"inLanguage\":\"sk-SK\",\"@id\":\"https:\/\/marekkuchcinski.pl\/#\/schema\/logo\/image\/\",\"url\":\"https:\/\/marekkuchcinski.pl\/wp-content\/uploads\/2022\/09\/Marek.jpg\",\"contentUrl\":\"https:\/\/marekkuchcinski.pl\/wp-content\/uploads\/2022\/09\/Marek.jpg\",\"width\":1600,\"height\":971,\"caption\":\"Marek Kuchci\u0144ski\"},\"image\":{\"@id\":\"https:\/\/marekkuchcinski.pl\/#\/schema\/logo\/image\/\"}},{\"@type\":\"Person\",\"@id\":\"https:\/\/marekkuchcinski.pl\/#\/schema\/person\/6f62700996b4d950b6ea2d1183b6c6be\",\"name\":\"admin\",\"image\":{\"@type\":\"ImageObject\",\"inLanguage\":\"sk-SK\",\"@id\":\"https:\/\/marekkuchcinski.pl\/#\/schema\/person\/image\/\",\"url\":\"https:\/\/secure.gravatar.com\/avatar\/4bab693b9d55c3d6b52c0296a8765085?s=96&d=mm&r=g\",\"contentUrl\":\"https:\/\/secure.gravatar.com\/avatar\/4bab693b9d55c3d6b52c0296a8765085?s=96&d=mm&r=g\",\"caption\":\"admin\"},\"url\":\"https:\/\/marekkuchcinski.pl\/sk\/author\/marta-olejnik\/\"}]}<\/script>\n<!-- \/ Yoast SEO plugin. -->","yoast_head_json":{"title":"Doroczne spotkanie marsza\u0142ka Sejmu z korpusem dyplomatycznym &#8211; Marek Kuchci\u0144ski","robots":{"index":"index","follow":"follow","max-snippet":"max-snippet:-1","max-image-preview":"max-image-preview:large","max-video-preview":"max-video-preview:-1"},"canonical":"https:\/\/marekkuchcinski.pl\/sk\/wydarzenia\/15466\/","og_locale":"sk_SK","og_type":"article","og_title":"Doroczne spotkanie marsza\u0142ka Sejmu z korpusem dyplomatycznym &#8211; Marek Kuchci\u0144ski","og_description":"Z okazji \u015awi\u0119ta Narodowego Konstytucji 3 Maja marsza\u0142ek Sejmu Marek Kuchci\u0144ski spotka\u0142 si\u0119 w poniedzia\u0142ek w Sali Kolumnowej z korpusem dyplomatycznym. Dzi\u0119kuj\u0105c dyplomatom za obecno\u015b\u0107 Marsza\u0142ek Sejmu wskaza\u0142 na wa\u017cne dla Izby rocznice: 450-lecia przyst\u0105pienia do Unii Lubelskiej w 1569 roku oraz 100-lecia og\u0142oszenia Dnia Konstytucji 3 Maja w lutym 1919 r. \u2013 Wsp\u00f3\u0142czesny Parlament [&hellip;]","og_url":"https:\/\/marekkuchcinski.pl\/sk\/wydarzenia\/15466\/","og_site_name":"Marek Kuchci\u0144ski","article_published_time":"2019-05-13T14:15:03+00:00","article_modified_time":"2019-05-13T14:31:18+00:00","og_image":[{"width":800,"height":533,"url":"https:\/\/marekkuchcinski.pl\/wp-content\/uploads\/2019\/05\/RZ__6011.view_.jpg","type":"image\/jpeg"}],"author":"admin","twitter_card":"summary_large_image","twitter_misc":{"Autor":"admin","Predpokladan\u00fd \u010das \u010d\u00edtania":"10 min\u00fat"},"schema":{"@context":"https:\/\/schema.org","@graph":[{"@type":"Article","@id":"https:\/\/marekkuchcinski.pl\/hu\/wydarzenia\/15466\/#article","isPartOf":{"@id":"https:\/\/marekkuchcinski.pl\/hu\/wydarzenia\/15466\/"},"author":{"name":"admin","@id":"https:\/\/marekkuchcinski.pl\/#\/schema\/person\/6f62700996b4d950b6ea2d1183b6c6be"},"headline":"Doroczne spotkanie marsza\u0142ka Sejmu z korpusem dyplomatycznym","datePublished":"2019-05-13T14:15:03+00:00","dateModified":"2019-05-13T14:31:18+00:00","mainEntityOfPage":{"@id":"https:\/\/marekkuchcinski.pl\/hu\/wydarzenia\/15466\/"},"wordCount":2042,"commentCount":0,"publisher":{"@id":"https:\/\/marekkuchcinski.pl\/#organization"},"image":{"@id":"https:\/\/marekkuchcinski.pl\/hu\/wydarzenia\/15466\/#primaryimage"},"thumbnailUrl":"https:\/\/marekkuchcinski.pl\/wp-content\/uploads\/2019\/05\/RZ__6011.view_.jpg","articleSection":["Wie\u015bci z Sejmu","Wsp\u00f3\u0142praca mi\u0119dzynarodowa","Wydarzenia"],"inLanguage":"sk-SK","potentialAction":[{"@type":"CommentAction","name":"Comment","target":["https:\/\/marekkuchcinski.pl\/hu\/wydarzenia\/15466\/#respond"]}]},{"@type":"WebPage","@id":"https:\/\/marekkuchcinski.pl\/hu\/wydarzenia\/15466\/","url":"https:\/\/marekkuchcinski.pl\/hu\/wydarzenia\/15466\/","name":"Doroczne spotkanie marsza\u0142ka Sejmu z korpusem dyplomatycznym &#8211; Marek Kuchci\u0144ski","isPartOf":{"@id":"https:\/\/marekkuchcinski.pl\/#website"},"primaryImageOfPage":{"@id":"https:\/\/marekkuchcinski.pl\/hu\/wydarzenia\/15466\/#primaryimage"},"image":{"@id":"https:\/\/marekkuchcinski.pl\/hu\/wydarzenia\/15466\/#primaryimage"},"thumbnailUrl":"https:\/\/marekkuchcinski.pl\/wp-content\/uploads\/2019\/05\/RZ__6011.view_.jpg","datePublished":"2019-05-13T14:15:03+00:00","dateModified":"2019-05-13T14:31:18+00:00","breadcrumb":{"@id":"https:\/\/marekkuchcinski.pl\/hu\/wydarzenia\/15466\/#breadcrumb"},"inLanguage":"sk-SK","potentialAction":[{"@type":"ReadAction","target":["https:\/\/marekkuchcinski.pl\/hu\/wydarzenia\/15466\/"]}]},{"@type":"ImageObject","inLanguage":"sk-SK","@id":"https:\/\/marekkuchcinski.pl\/hu\/wydarzenia\/15466\/#primaryimage","url":"https:\/\/marekkuchcinski.pl\/wp-content\/uploads\/2019\/05\/RZ__6011.view_.jpg","contentUrl":"https:\/\/marekkuchcinski.pl\/wp-content\/uploads\/2019\/05\/RZ__6011.view_.jpg","width":800,"height":533},{"@type":"BreadcrumbList","@id":"https:\/\/marekkuchcinski.pl\/hu\/wydarzenia\/15466\/#breadcrumb","itemListElement":[{"@type":"ListItem","position":1,"name":"Strona g\u0142\u00f3wna","item":"https:\/\/marekkuchcinski.pl\/"},{"@type":"ListItem","position":2,"name":"Doroczne spotkanie marsza\u0142ka Sejmu z korpusem dyplomatycznym"}]},{"@type":"WebSite","@id":"https:\/\/marekkuchcinski.pl\/#website","url":"https:\/\/marekkuchcinski.pl\/","name":"Marek Kuchci\u0144ski","description":"Pose\u0142 na sejm RP &ndash; okr\u0119g nr 22","publisher":{"@id":"https:\/\/marekkuchcinski.pl\/#organization"},"potentialAction":[{"@type":"SearchAction","target":{"@type":"EntryPoint","urlTemplate":"https:\/\/marekkuchcinski.pl\/?s={search_term_string}"},"query-input":{"@type":"PropertyValueSpecification","valueRequired":true,"valueName":"search_term_string"}}],"inLanguage":"sk-SK"},{"@type":"Organization","@id":"https:\/\/marekkuchcinski.pl\/#organization","name":"Marek Kuchci\u0144ski","url":"https:\/\/marekkuchcinski.pl\/","logo":{"@type":"ImageObject","inLanguage":"sk-SK","@id":"https:\/\/marekkuchcinski.pl\/#\/schema\/logo\/image\/","url":"https:\/\/marekkuchcinski.pl\/wp-content\/uploads\/2022\/09\/Marek.jpg","contentUrl":"https:\/\/marekkuchcinski.pl\/wp-content\/uploads\/2022\/09\/Marek.jpg","width":1600,"height":971,"caption":"Marek Kuchci\u0144ski"},"image":{"@id":"https:\/\/marekkuchcinski.pl\/#\/schema\/logo\/image\/"}},{"@type":"Person","@id":"https:\/\/marekkuchcinski.pl\/#\/schema\/person\/6f62700996b4d950b6ea2d1183b6c6be","name":"admin","image":{"@type":"ImageObject","inLanguage":"sk-SK","@id":"https:\/\/marekkuchcinski.pl\/#\/schema\/person\/image\/","url":"https:\/\/secure.gravatar.com\/avatar\/4bab693b9d55c3d6b52c0296a8765085?s=96&d=mm&r=g","contentUrl":"https:\/\/secure.gravatar.com\/avatar\/4bab693b9d55c3d6b52c0296a8765085?s=96&d=mm&r=g","caption":"admin"},"url":"https:\/\/marekkuchcinski.pl\/sk\/author\/marta-olejnik\/"}]}},"_links":{"self":[{"href":"https:\/\/marekkuchcinski.pl\/sk\/wp-json\/wp\/v2\/posts\/15466","targetHints":{"allow":["GET"]}}],"collection":[{"href":"https:\/\/marekkuchcinski.pl\/sk\/wp-json\/wp\/v2\/posts"}],"about":[{"href":"https:\/\/marekkuchcinski.pl\/sk\/wp-json\/wp\/v2\/types\/post"}],"author":[{"embeddable":true,"href":"https:\/\/marekkuchcinski.pl\/sk\/wp-json\/wp\/v2\/users\/6"}],"replies":[{"embeddable":true,"href":"https:\/\/marekkuchcinski.pl\/sk\/wp-json\/wp\/v2\/comments?post=15466"}],"version-history":[{"count":5,"href":"https:\/\/marekkuchcinski.pl\/sk\/wp-json\/wp\/v2\/posts\/15466\/revisions"}],"predecessor-version":[{"id":15475,"href":"https:\/\/marekkuchcinski.pl\/sk\/wp-json\/wp\/v2\/posts\/15466\/revisions\/15475"}],"wp:featuredmedia":[{"embeddable":true,"href":"https:\/\/marekkuchcinski.pl\/sk\/wp-json\/wp\/v2\/media\/15467"}],"wp:attachment":[{"href":"https:\/\/marekkuchcinski.pl\/sk\/wp-json\/wp\/v2\/media?parent=15466"}],"wp:term":[{"taxonomy":"category","embeddable":true,"href":"https:\/\/marekkuchcinski.pl\/sk\/wp-json\/wp\/v2\/categories?post=15466"},{"taxonomy":"post_tag","embeddable":true,"href":"https:\/\/marekkuchcinski.pl\/sk\/wp-json\/wp\/v2\/tags?post=15466"}],"curies":[{"name":"wp","href":"https:\/\/api.w.org\/{rel}","templated":true}]}}