{"id":15434,"date":"2019-05-13T14:00:23","date_gmt":"2019-05-13T12:00:23","guid":{"rendered":"https:\/\/marekkuchcinski.pl\/?p=15434"},"modified":"2019-05-13T16:44:46","modified_gmt":"2019-05-13T14:44:46","slug":"marek-kuchcinski-w-lubaczowie-jestesmy-pierwsza-partia-po-wyborach-89-roku-ktora-swoj-program-realizuje","status":"publish","type":"post","link":"https:\/\/marekkuchcinski.pl\/sk\/wydarzenia\/marek-kuchcinski-w-lubaczowie-jestesmy-pierwsza-partia-po-wyborach-89-roku-ktora-swoj-program-realizuje\/","title":{"rendered":"Marek Kuchci\u0144ski v Lubaczowe: - Sme prvou stranou po vo\u013eb\u00e1ch v roku 89, ktor\u00e1 realizuje svoj program"},"content":{"rendered":"<p>Na volebnom zhroma\u017eden\u00ed do Eur\u00f3pskeho parlamentu v Lubaczowe boli pr\u00edtomn\u00ed: Marek Kuchci\u0144ski, predseda Sejmu a predseda podkarpatskej strany Pr\u00e1vo a spravodlivos\u0165 (PiS), Lucyna Podhaliczov\u00e1, z\u00e1stupky\u0148a guvern\u00e9ra Podkarpatsk\u00e9ho vojvodstva, Piotr Pilch, z\u00e1stupca mar\u0161\u00e1lka Podkarpatsk\u00e9ho vojvodstva, Teresa Pamu\u0142a, podpredsedn\u00ed\u010dka Sejmu a riadite\u013eka podkarpatskej pobo\u010dky ARMA. Podkarpatsk\u00e9ho vojvodstva Piotr Pilch, Teresa Pamu\u0142a - podpredsedn\u00ed\u010dka Zhroma\u017edenia Podkarpatsk\u00e9ho vojvodstva a z\u00e1rove\u0148 riadite\u013eka Podkarpatskej pobo\u010dky ARMA, Maria Fajger - predsedn\u00ed\u010dka Agent\u00fary pre re\u0161trukturaliz\u00e1ciu a moderniz\u00e1ciu po\u013enohospod\u00e1rstva vo Var\u0161ave, Marta Tabaczek, predsedn\u00ed\u010dka Rady okresu Lubacz\u00f3w, a lubaczowsk\u00fd starosta Zenon Swatek.<\/p>\n\n\n\n<p>Marek Kuchci\u0144ski v \u00favode pripomenul v\u00fdznamn\u00e9 v\u00fdro\u010dia 12. marca, t. j. zalo\u017eenie Nez\u00e1visl\u00e9ho samospr\u00e1vneho odborov\u00e9ho zv\u00e4zu samostatne hospod\u00e1riacich ro\u013en\u00edkov (NSZZ \"Solidarno\u015b\u0107\"), zalo\u017eenie Dohody o strede, ktor\u00e1 spustila zmeny po roku 1989. D\u0148a 12. j\u00fala zomrel J\u00f3zef Pi\u0142sudski a gener\u00e1l W\u0142adys\u0142aw Anders. Mar\u0161al pripomenul boje Poliakov a deport\u00e1cie po\u010das sovietskej okup\u00e1cie, potom nemeckej okup\u00e1cie... Hovoril tie\u017e o ve\u013ek\u00fdch v\u00fdro\u010diach tohto roku, ako je vznik dvojkomorov\u00e9ho Sejmu, Po\u013esko-litovskej \u00fanie a Z\u00e1konodarn\u00e9ho Sejmu, ktor\u00e9 tvoria na\u0161e dedi\u010dstvo.<\/p>\n\n\n\n<p>- Hovor\u00edm to preto, aby sme si uvedomili, ak\u00fa ve\u013ek\u00fa bato\u017einu sk\u00fasenost\u00ed si dnes na\u0161a gener\u00e1cia nesie so sebou,\" zd\u00f4raznil predseda parlamentu. <\/p>\n\n\n\n<p>Kuchci\u0144ski zd\u00f4raznil, \u017ee Pr\u00e1vo a spravodlivos\u0165, bez toho, aby sa odtrhlo od svojich kore\u0148ov, mysl\u00ed na hist\u00f3riu i bud\u00facnos\u0165, mysl\u00ed na intelekt, kult\u00faru a hospod\u00e1rstvo, na kres\u0165ansk\u00e9 hodnoty a hospod\u00e1rsky rozvoj, ako aj na bezpe\u010dnos\u0165 Poliakov.<\/p>\n\n\n\n<p>- Sme prvou stranou po vo\u013eb\u00e1ch v roku 89, ktor\u00e1 splnila svoj program. In\u00e9 mali pekn\u00e9 slogany, ale nedok\u00e1zali ich naplni\u0165. V 90. rokoch sa spolu s \u013eavicou rozpred\u00e1val n\u00e1rodn\u00fd majetok, likvidovali sa pracovisk\u00e1 a strategick\u00e9 odvetvia... Sme d\u00f4veryhodn\u00ed, \u010do sme dok\u00e1zali realiz\u00e1ciou n\u00e1\u0161ho programu,\" argumentoval predseda Sejmu. <\/p>\n\n\n\n<p>Marek Kuchci\u0144ski tie\u017e vymenoval body takzvanej Kaczy\u0144sk\u00e9ho p\u00e4\u0165ky: <\/p>\n\n\n\n<ul class=\"wp-block-list\"><li>\"Trin\u00e1sty d\u00f4chodok\" vo v\u00fd\u0161ke 888 PLN na ruku pre ka\u017ed\u00e9ho z 10 mili\u00f3nov d\u00f4chodcov. Z\u00e1kon bol prijat\u00fd a peniaze sa u\u017e vypl\u00e1caj\u00fa.<\/li><li>\"500 plus\" za ka\u017ed\u00e9 die\u0165a, po zaplaten\u00ed \u017eiadosti od 1. j\u00fala.<\/li><li>Zn\u00ed\u017eenie n\u00e1kladov na pracovn\u00fa silu. Zv\u00fd\u0161enie odpo\u010d\u00edtate\u013en\u00fdch n\u00e1kladov a zn\u00ed\u017eenie dane z pr\u00edjmu z 18 na 17 % pre v\u0161etk\u00fdch pracuj\u00facich zn\u00ed\u017ei da\u0148ov\u00e9 za\u0165a\u017eenie a umo\u017en\u00ed zv\u00fd\u0161i\u0165 re\u00e1lne mzdy, ktor\u00e9 Poliaci dost\u00e1vaj\u00fa.<\/li><li>\u017diadne PIT pre zamestnancov mlad\u0161\u00edch ako 26 rokov. \u00da\u013eava sa bude vz\u0165ahova\u0165 na v\u0161etk\u00fdch zamestnancov do 26 rokov, ktor\u00ed maj\u00fa pracovn\u00fa zmluvu alebo poverenie. T\u00e1to zmena zabezpe\u010d\u00ed mlad\u00fdm \u013eu\u010fom stabiln\u00e9 zamestnanie a u\u013eah\u010d\u00ed im za\u010diatok kari\u00e9ry.<\/li><li>Obnovenie miestnej autobusovej dopravy - osobitn\u00fd fond pre miestne org\u00e1ny na miestnu dopravu. N\u00e1vrh v Sejme.<\/li><\/ul>\n\n\n\n<p>Predseda podkarpatskej strany Pr\u00e1vo a spravodlivos\u0165 zd\u00f4raznil, \u017ee \u00faspech, ktor\u00fd strana dosiahla v komun\u00e1lnych vo\u013eb\u00e1ch do krajinsk\u00e9ho zastupite\u013estva a vo v\u00e4\u010d\u0161ine okresov, je v\u00fdsledkom tvrdej pr\u00e1ce. Vo vo\u013eb\u00e1ch do Eur\u00f3pskeho parlamentu, ktor\u00e9 sa bud\u00fa kona\u0165 26. m\u00e1ja, by sa tento \u00faspech mal zopakova\u0165. Mus\u00edme zabezpe\u010di\u0165 \u010do najvy\u0161\u0161iu \u00fa\u010das\u0165. Po\u013esko potrebuje siln\u00e9 zast\u00fapenie v Bruseli, ktor\u00e9 n\u00e1s bude d\u00f4stojne zastupova\u0165.<\/p>\n\n\n\n<p>- Z\u00e1kladom n\u00e1\u0161ho konania bola a je d\u00f4veryhodnos\u0165. Dr\u017e\u00edme slovo. Niektor\u00e9 z ozn\u00e1men\u00fdch po\u017eiadaviek u\u017e boli implementovan\u00e9 a \u010fal\u0161ie bud\u00fa prijat\u00e9 v nasleduj\u00facich t\u00fd\u017ed\u0148och. Predt\u00fdm sa s\u013euby neplnili: zv\u00fd\u0161il sa vek odchodu do d\u00f4chodku, zv\u00fd\u0161ila sa DPH, odobrali sa prostriedky z otvoren\u00fdch d\u00f4chodkov\u00fdch fondov,\" povedal Kuchci\u0144ski.<\/p>\n\n\n\n<p>Predseda Sejmu pripomenul spolo\u010densky d\u00f4le\u017eit\u00e9 a rozvojov\u00e9 programy zaveden\u00e9 stranou Pr\u00e1vo a spravodlivos\u0165, ktor\u00e9 sa u\u017e realizuj\u00fa:<\/p>\n\n\n\n<ul class=\"wp-block-list\"><li>\u0160kolsk\u00e1 \u0161tartovacia sada - Dobr\u00fd za\u010diatok<\/li><\/ul>\n\n\n\n<p>Program podpory 300 PLN pre \u0161tudentov do 18 rokov. Ka\u017ed\u00fd rok v auguste dostan\u00fa rodi\u010dia 300 PLN na \u0161tartovaciu \u0161kolsk\u00fa s\u00fapravu pre ka\u017ed\u00e9 \u0161tuduj\u00face die\u0165a.&nbsp;<em>w&nbsp;<\/em>2017 - 4,6 mili\u00f3na \u017eiakov<\/p>\n\n\n\n<ul class=\"wp-block-list\"><li>Zni\u017eujeme CIT - zni\u017eujeme dane<\/li><\/ul>\n\n\n\n<p>V roku 2016. Pr\u00e1vo a spravodlivos\u0165 zn\u00ed\u017eilo da\u0148 z pr\u00edjmu pre mal\u00e9 a stredn\u00e9 podniky z 19 na 15 %. 1. janu\u00e1ra 2019 vst\u00fapi do platnosti \u010fal\u0161ie zn\u00ed\u017eenie dane z pr\u00edjmu - z 15 na 9 %! Na jednu z najni\u017e\u0161\u00edch \u00farovn\u00ed v Eur\u00f3pe! V Ma\u010farsku a \u010ciernej Hore st\u00e1le plat\u00ed 9-percentn\u00e1 sadzba. Zaveden\u00e1 zmena sa t\u00fdka pribli\u017ene 400 000 spolo\u010dnost\u00ed.<\/p>\n\n\n\n<ul class=\"wp-block-list\"><li>Dostupnos\u0165 plus na 8 rokov - 23 mili\u00e1rd PLN<\/li><\/ul>\n\n\n\n<p>Program pre seniorov a v\u0161etk\u00fdch, ktor\u00ed potrebuj\u00fa pomoc v ka\u017edodennom \u017eivote. Jeho cie\u013eom je zabezpe\u010di\u0165 skuto\u010dn\u00fa dostupnos\u0165 miest, na ktor\u00e9 sa dnes mnoh\u00ed Poliaci be\u017ene nedostan\u00fa. Autobusy, vlakov\u00e9 stanice, obytn\u00e9 bloky musia by\u0165 pr\u00edstupn\u00e9 pre v\u0161etk\u00fdch. V Po\u013esku \u017eije 4,3 mili\u00f3na \u013eud\u00ed so zdravotn\u00fdm postihnut\u00edm.<\/p>\n\n\n\n<p>Okrem toho sa zaviedlo minim\u00e1lne d\u00f4chodkov\u00e9 zabezpe\u010denie pre \u017eeny, ktor\u00e9 porodili a vychovali aspo\u0148 \u0161tyri deti. Bud\u00fa dost\u00e1va\u0165 minim\u00e1lny d\u00f4chodok bez oh\u013eadu na to, ko\u013eko profesion\u00e1lne pracovali. Rodiny so \u0161tyrmi a viac de\u0165mi v roku 2011. 184,7 tis\u00edc vo vidieckych oblastiach a 88,6 tis\u00edc v mestsk\u00fdch oblastiach.<\/p>\n\n\n\n<ul class=\"wp-block-list\"><li>Mal\u00e9 podniky - Mal\u00e9 soci\u00e1lne zabezpe\u010denie<\/li><\/ul>\n\n\n\n<p>Ni\u017e\u0161ia ZUS pre firmy s mesa\u010dn\u00fdm obratom do 2,5 minim\u00e1lnej mzdy v Po\u013esku. Teraz mal\u00e1 spolo\u010dnos\u0165 plat\u00ed 1230 PLN. Po zmene - 660 PLN.<\/p>\n\n\n\n<ul class=\"wp-block-list\"><li>Miestne cesty<\/li><\/ul>\n\n\n\n<p>Na opravu a v\u00fdstavbu miestnych komunik\u00e1ci\u00ed bol vytvoren\u00fd fond na v\u00fdstavbu miestnych komunik\u00e1ci\u00ed vo v\u00fd\u0161ke najmenej 6 mili\u00e1rd PLN. Pod\u013ea \u00fadajov \u00dastredn\u00e9ho \u0161tatistick\u00e9ho \u00faradu malo v roku 2016 len pribli\u017ene 60 % mestsk\u00fdch verejn\u00fdch komunik\u00e1ci\u00ed spevnen\u00fd povrch.<\/p>\n\n\n\n<p>V roku 2016 bolo v Po\u013esku 420 236 km verejn\u00fdch ciest, z toho dia\u013enice a r\u00fdchlostn\u00e9 cesty predstavovali 3171 km.<\/p>\n\n\n\n<p><strong>&nbsp;&nbsp; \u00dalohy, ktor\u00e9 splnila strana Pr\u00e1vo a spravodlivos\u0165:<\/strong><\/p>\n\n\n\n<p>Programy: Rodina 500+, 15 % da\u0148 z pr\u00edjmu pre podnikate\u013eov, lieky zadarmo od 75 rokov, zn\u00ed\u017eenie veku odchodu do d\u00f4chodku, zv\u00fd\u0161enie minim\u00e1lnej hodinovej mzdy na viac ako 13 PLN, zv\u00fd\u0161enie minim\u00e1lnych d\u00f4chodkov, zru\u0161enie povinn\u00e9ho posielania \u0161es\u0165ro\u010dn\u00fdch det\u00ed do \u0161koly, \u00fastava pre podnikate\u013eov, z\u00e1kaz skupovania po\u013eskej p\u00f4dy, reforma Dobrej \u0161koly - to s\u00fa len niektor\u00e9 z ohl\u00e1sen\u00fdch projektov, ktor\u00e9 sa podarilo zrealizova\u0165 za tieto viac ako dva roky;<\/p>\n\n\n\n<p>&nbsp;&nbsp;&nbsp;&nbsp;&nbsp;&nbsp;<strong>Zoznam splnen\u00fdch volebn\u00fdch z\u00e1v\u00e4zkov:<\/strong><\/p>\n\n\n\n<p><strong>\u0160t\u00e1tne reformy<\/strong><\/p>\n\n\n\n<ul class=\"wp-block-list\"><li>Reforma \u0161kolstva - Dobr\u00e1 \u0161kola - 8-ro\u010dn\u00e1 z\u00e1kladn\u00e1 \u0161kola, 4-ro\u010dn\u00e9 gymn\u00e1zium, 5-ro\u010dn\u00e9 technick\u00e9 \u0161koly, obchodn\u00e9 \u0161koly.<\/li><li>Reforma da\u0148ovej spr\u00e1vy a zriadenie N\u00e1rodnej da\u0148ovej spr\u00e1vy,<\/li><li>&nbsp;Reforma s\u00fadnictva.<\/li><\/ul>\n\n\n\n<p><strong>Soci\u00e1lne reformy<\/strong><\/p>\n\n\n\n<ul class=\"wp-block-list\"><li>Program Rodina 500 plus (2,5 mili\u00f3na rod\u00edn, 3,7 mili\u00f3na det\u00ed),<\/li><li>Zn\u00ed\u017eenie veku odchodu do d\u00f4chodku na 60 a 65 rokov (350 000 v roku 2017),<\/li><li>bezplatn\u00e9 lieky pre star\u0161\u00edch ob\u010danov,<\/li><li>Zv\u00fd\u0161enie minim\u00e1lnej mzdy na 2250 PLN a hodinovej sadzby na 14,7 PLN,<\/li><li>Zv\u00fd\u0161enie najni\u017e\u0161\u00edch d\u00f4chodkov na 1063 PLN,<\/li><li>obmedzenie obchodu v nede\u013eu,<\/li><li>Zv\u00fd\u0161enie v\u00fddavkov na zdravotn\u00edctvo na 6% HDP v nasleduj\u00facich rokoch,<\/li><\/ul>\n\n\n\n<p><strong>Reforma vzdel\u00e1vania<\/strong><\/p>\n\n\n\n<ul class=\"wp-block-list\"><li>Dobr\u00e1 \u0161kola - 8-ro\u010dn\u00e1 z\u00e1kladn\u00e1 \u0161kola, 4-ro\u010dn\u00e9 gymn\u00e1zium, 5-ro\u010dn\u00e9 technick\u00e9 \u0161koly, obchodn\u00e9 \u0161koly,<\/li><li>Zru\u0161enie povinnej \u0161kolskej doch\u00e1dzky pre \u0161es\u0165ro\u010dn\u00e9 deti,<\/li><li>Z\u00e1kaz odoberania det\u00ed rodi\u010dom z d\u00f4vodu chudoby.<\/li><\/ul>\n\n\n\n<p><strong>Mana\u017ement<\/strong><\/p>\n\n\n\n<ul class=\"wp-block-list\"><li>Boj proti podvodom s DPH - len v roku 2017 n\u00e1rast pr\u00edjmov o 30 mili\u00e1rd PLN<\/li><li>Zn\u00ed\u017eenie dane z pr\u00edjmu pr\u00e1vnick\u00fdch os\u00f4b z 19 na 9% pre mal\u00e9 spolo\u010dnosti a za\u010d\u00ednaj\u00face podniky<\/li><li>reforma da\u0148ovej spr\u00e1vy a zriadenie KAS - N\u00e1rodnej da\u0148ovej spr\u00e1vy<\/li><li>zv\u00fd\u0161enie nezdanite\u013enej sumy na 8 000 PLN.<\/li><li>obmedzenie obchodu v nede\u013eu,<\/li><li>Kon\u0161tituovanie podnikania - okrem in\u00e9ho zmena vz\u0165ahu podnikate\u013e - \u00farad, mo\u017enos\u0165 neregistrovanej \u010dinnosti pre drobn\u00e9 z\u00e1robkov\u00e9 \u010dinnosti, 6-mesa\u010dn\u00e1 \u00fa\u013eava z odvodov do ZU\u0160 pre za\u010d\u00ednaj\u00facich podnikate\u013eov.<\/li><\/ul>\n\n\n\n<p><strong>Zabezpe\u010denie<\/strong><\/p>\n\n\n\n<ul class=\"wp-block-list\"><li>Zriadenie s\u00edl \u00fazemnej obrany,<\/li><li>Moderniz\u00e1cia uniformovan\u00fdch zlo\u017eiek (napr. pol\u00edcie, arm\u00e1dy) - vy\u010dlenen\u00fdch 9,2 miliardy PLN, z toho viac ako 4 miliardy PLN na zv\u00fd\u0161enie platov,<\/li><li>Zv\u00fd\u0161enie energetickej bezpe\u010dnosti (napr. spustenie prepravy plynu do plynov\u00e9ho pr\u00edstavu vo \u015awinouj\u015bcie, v\u00fdstavba Baltic Pipe).<\/li><\/ul>\n\n\n\n<p><strong>Po\u013enohospod\u00e1rstvo<\/strong><\/p>\n\n\n\n<ul class=\"wp-block-list\"><li>Zv\u00fd\u0161enie v\u00fddavkov na po\u013enohospod\u00e1rstvo a rozvoj vidieka - 49 mili\u00e1rd GBP v roku 2018,<\/li><li>Poistenie pre po\u013enohospod\u00e1rov,<\/li><li>Ochrana po\u013eskej p\u00f4dy pred v\u00fdkupom,<\/li><li>Otvorenie 30 nov\u00fdch zahrani\u010dn\u00fdch trhov pre po\u013esk\u00e9 v\u00fdrobky.<\/li><\/ul>\n\n\n\n<p><em>Foto: Marta Olejnik<\/em><\/p>\n\n\n\n<ul class=\"wp-block-gallery columns-1 is-cropped wp-block-gallery-1 is-layout-flex wp-block-gallery-is-layout-flex\"><li class=\"blocks-gallery-item\"><figure><img fetchpriority=\"high\" decoding=\"async\" width=\"1024\" height=\"683\" src=\"https:\/\/marekkuchcinski.pl\/wp-content\/uploads\/2019\/05\/IMG_1699-1024x683.jpg\" alt=\"\" data-id=\"15435\" data-link=\"https:\/\/marekkuchcinski.pl\/?attachment_id=15435\" class=\"wp-image-15435\" srcset=\"https:\/\/marekkuchcinski.pl\/wp-content\/uploads\/2019\/05\/IMG_1699-1024x683.jpg 1024w, https:\/\/marekkuchcinski.pl\/wp-content\/uploads\/2019\/05\/IMG_1699-300x200.jpg 300w, https:\/\/marekkuchcinski.pl\/wp-content\/uploads\/2019\/05\/IMG_1699-768x512.jpg 768w, https:\/\/marekkuchcinski.pl\/wp-content\/uploads\/2019\/05\/IMG_1699.jpg 2048w\" sizes=\"(max-width: 1024px) 100vw, 1024px\" \/><\/figure><\/li><li class=\"blocks-gallery-item\"><figure><img decoding=\"async\" width=\"1024\" height=\"615\" src=\"https:\/\/marekkuchcinski.pl\/wp-content\/uploads\/2019\/05\/IMG_1788-1024x615.jpg\" alt=\"\" data-id=\"15438\" data-link=\"https:\/\/marekkuchcinski.pl\/?attachment_id=15438\" class=\"wp-image-15438\" srcset=\"https:\/\/marekkuchcinski.pl\/wp-content\/uploads\/2019\/05\/IMG_1788-1024x615.jpg 1024w, https:\/\/marekkuchcinski.pl\/wp-content\/uploads\/2019\/05\/IMG_1788-300x180.jpg 300w, https:\/\/marekkuchcinski.pl\/wp-content\/uploads\/2019\/05\/IMG_1788-768x461.jpg 768w, https:\/\/marekkuchcinski.pl\/wp-content\/uploads\/2019\/05\/IMG_1788.jpg 2048w\" sizes=\"(max-width: 1024px) 100vw, 1024px\" \/><\/figure><\/li><\/ul>\n\n\n\n<p><\/p>","protected":false},"excerpt":{"rendered":"<p>Podczas konwencji wyborczej do Parlamentu Europejskiego w Lubaczowie obecni byli m.in. marsza\u0142ek Sejmu i prezes podkarpackiego PiS Marek Kuchci\u0144ski, wicewojewoda podkarpacki Lucyna Podhalicz, wicemarsza\u0142ek woj. podkarpackiego Piotr Pilch, Teresa Pamu\u0142a \u2013 wiceprzewodnicz\u0105ca Sejmiku Wojew\u00f3dztwa Podkarpackiego, a zarazem dyrektor podkarpackiego Oddzia\u0142u ARiMR, Maria Fajger \u2013 prezes Agencji Restrukturyzacji i Modernizacji Rolnictwa w Warszawie, Marta Tabaczek, przewodnicz\u0105ca [&hellip;]<\/p>","protected":false},"author":6,"featured_media":15435,"comment_status":"open","ping_status":"open","sticky":false,"template":"","format":"standard","meta":{"ngg_post_thumbnail":0,"footnotes":""},"categories":[49,82,3],"tags":[],"class_list":["post-15434","post","type-post","status-publish","format-standard","has-post-thumbnail","hentry","category-podkarpacie","category-prawo-i-sprawiedliwosc","category-wydarzenia"],"yoast_head":"<!-- This site is optimized with the Yoast SEO plugin v24.7 - https:\/\/yoast.com\/wordpress\/plugins\/seo\/ -->\n<title>Marek Kuchci\u0144ski w Lubaczowie: \u2013 Jeste\u015bmy pierwsz\u0105 parti\u0105 po wyborach \u201989 roku, kt\u00f3ra sw\u00f3j program realizuje &#8211; Marek Kuchci\u0144ski<\/title>\n<meta name=\"robots\" content=\"index, follow, max-snippet:-1, max-image-preview:large, max-video-preview:-1\" \/>\n<link rel=\"canonical\" href=\"https:\/\/marekkuchcinski.pl\/sk\/wydarzenia\/marek-kuchcinski-w-lubaczowie-jestesmy-pierwsza-partia-po-wyborach-89-roku-ktora-swoj-program-realizuje\/\" \/>\n<meta property=\"og:locale\" content=\"sk_SK\" \/>\n<meta property=\"og:type\" content=\"article\" \/>\n<meta property=\"og:title\" content=\"Marek Kuchci\u0144ski w Lubaczowie: \u2013 Jeste\u015bmy pierwsz\u0105 parti\u0105 po wyborach \u201989 roku, kt\u00f3ra sw\u00f3j program realizuje &#8211; Marek Kuchci\u0144ski\" \/>\n<meta property=\"og:description\" content=\"Podczas konwencji wyborczej do Parlamentu Europejskiego w Lubaczowie obecni byli m.in. marsza\u0142ek Sejmu i prezes podkarpackiego PiS Marek Kuchci\u0144ski, wicewojewoda podkarpacki Lucyna Podhalicz, wicemarsza\u0142ek woj. podkarpackiego Piotr Pilch, Teresa Pamu\u0142a \u2013 wiceprzewodnicz\u0105ca Sejmiku Wojew\u00f3dztwa Podkarpackiego, a zarazem dyrektor podkarpackiego Oddzia\u0142u ARiMR, Maria Fajger \u2013 prezes Agencji Restrukturyzacji i Modernizacji Rolnictwa w Warszawie, Marta Tabaczek, przewodnicz\u0105ca [&hellip;]\" \/>\n<meta property=\"og:url\" content=\"https:\/\/marekkuchcinski.pl\/sk\/wydarzenia\/marek-kuchcinski-w-lubaczowie-jestesmy-pierwsza-partia-po-wyborach-89-roku-ktora-swoj-program-realizuje\/\" \/>\n<meta property=\"og:site_name\" content=\"Marek Kuchci\u0144ski\" \/>\n<meta property=\"article:published_time\" content=\"2019-05-13T12:00:23+00:00\" \/>\n<meta property=\"article:modified_time\" content=\"2019-05-13T14:44:46+00:00\" \/>\n<meta property=\"og:image\" content=\"https:\/\/marekkuchcinski.pl\/wp-content\/uploads\/2019\/05\/IMG_1699.jpg\" \/>\n\t<meta property=\"og:image:width\" content=\"2048\" \/>\n\t<meta property=\"og:image:height\" content=\"1365\" \/>\n\t<meta property=\"og:image:type\" content=\"image\/jpeg\" \/>\n<meta name=\"author\" content=\"admin\" \/>\n<meta name=\"twitter:card\" content=\"summary_large_image\" \/>\n<meta name=\"twitter:label1\" content=\"Autor\" \/>\n\t<meta name=\"twitter:data1\" content=\"admin\" \/>\n\t<meta name=\"twitter:label2\" content=\"Predpokladan\u00fd \u010das \u010d\u00edtania\" \/>\n\t<meta name=\"twitter:data2\" content=\"6 min\u00fat\" \/>\n<script type=\"application\/ld+json\" class=\"yoast-schema-graph\">{\"@context\":\"https:\/\/schema.org\",\"@graph\":[{\"@type\":\"Article\",\"@id\":\"https:\/\/marekkuchcinski.pl\/en\/wydarzenia\/marek-kuchcinski-w-lubaczowie-jestesmy-pierwsza-partia-po-wyborach-89-roku-ktora-swoj-program-realizuje\/#article\",\"isPartOf\":{\"@id\":\"https:\/\/marekkuchcinski.pl\/en\/wydarzenia\/marek-kuchcinski-w-lubaczowie-jestesmy-pierwsza-partia-po-wyborach-89-roku-ktora-swoj-program-realizuje\/\"},\"author\":{\"name\":\"admin\",\"@id\":\"https:\/\/marekkuchcinski.pl\/#\/schema\/person\/6f62700996b4d950b6ea2d1183b6c6be\"},\"headline\":\"Marek Kuchci\u0144ski w Lubaczowie: \u2013 Jeste\u015bmy pierwsz\u0105 parti\u0105 po wyborach \u201989 roku, kt\u00f3ra sw\u00f3j program realizuje\",\"datePublished\":\"2019-05-13T12:00:23+00:00\",\"dateModified\":\"2019-05-13T14:44:46+00:00\",\"mainEntityOfPage\":{\"@id\":\"https:\/\/marekkuchcinski.pl\/en\/wydarzenia\/marek-kuchcinski-w-lubaczowie-jestesmy-pierwsza-partia-po-wyborach-89-roku-ktora-swoj-program-realizuje\/\"},\"wordCount\":1285,\"commentCount\":0,\"publisher\":{\"@id\":\"https:\/\/marekkuchcinski.pl\/#organization\"},\"image\":{\"@id\":\"https:\/\/marekkuchcinski.pl\/en\/wydarzenia\/marek-kuchcinski-w-lubaczowie-jestesmy-pierwsza-partia-po-wyborach-89-roku-ktora-swoj-program-realizuje\/#primaryimage\"},\"thumbnailUrl\":\"https:\/\/marekkuchcinski.pl\/wp-content\/uploads\/2019\/05\/IMG_1699.jpg\",\"articleSection\":[\"Podkarpacie\",\"Prawo i Sprawiedliwo\u015b\u0107\",\"Wydarzenia\"],\"inLanguage\":\"sk-SK\",\"potentialAction\":[{\"@type\":\"CommentAction\",\"name\":\"Comment\",\"target\":[\"https:\/\/marekkuchcinski.pl\/en\/wydarzenia\/marek-kuchcinski-w-lubaczowie-jestesmy-pierwsza-partia-po-wyborach-89-roku-ktora-swoj-program-realizuje\/#respond\"]}]},{\"@type\":\"WebPage\",\"@id\":\"https:\/\/marekkuchcinski.pl\/en\/wydarzenia\/marek-kuchcinski-w-lubaczowie-jestesmy-pierwsza-partia-po-wyborach-89-roku-ktora-swoj-program-realizuje\/\",\"url\":\"https:\/\/marekkuchcinski.pl\/en\/wydarzenia\/marek-kuchcinski-w-lubaczowie-jestesmy-pierwsza-partia-po-wyborach-89-roku-ktora-swoj-program-realizuje\/\",\"name\":\"Marek Kuchci\u0144ski w Lubaczowie: \u2013 Jeste\u015bmy pierwsz\u0105 parti\u0105 po wyborach \u201989 roku, kt\u00f3ra sw\u00f3j program realizuje &#8211; Marek Kuchci\u0144ski\",\"isPartOf\":{\"@id\":\"https:\/\/marekkuchcinski.pl\/#website\"},\"primaryImageOfPage\":{\"@id\":\"https:\/\/marekkuchcinski.pl\/en\/wydarzenia\/marek-kuchcinski-w-lubaczowie-jestesmy-pierwsza-partia-po-wyborach-89-roku-ktora-swoj-program-realizuje\/#primaryimage\"},\"image\":{\"@id\":\"https:\/\/marekkuchcinski.pl\/en\/wydarzenia\/marek-kuchcinski-w-lubaczowie-jestesmy-pierwsza-partia-po-wyborach-89-roku-ktora-swoj-program-realizuje\/#primaryimage\"},\"thumbnailUrl\":\"https:\/\/marekkuchcinski.pl\/wp-content\/uploads\/2019\/05\/IMG_1699.jpg\",\"datePublished\":\"2019-05-13T12:00:23+00:00\",\"dateModified\":\"2019-05-13T14:44:46+00:00\",\"breadcrumb\":{\"@id\":\"https:\/\/marekkuchcinski.pl\/en\/wydarzenia\/marek-kuchcinski-w-lubaczowie-jestesmy-pierwsza-partia-po-wyborach-89-roku-ktora-swoj-program-realizuje\/#breadcrumb\"},\"inLanguage\":\"sk-SK\",\"potentialAction\":[{\"@type\":\"ReadAction\",\"target\":[\"https:\/\/marekkuchcinski.pl\/en\/wydarzenia\/marek-kuchcinski-w-lubaczowie-jestesmy-pierwsza-partia-po-wyborach-89-roku-ktora-swoj-program-realizuje\/\"]}]},{\"@type\":\"ImageObject\",\"inLanguage\":\"sk-SK\",\"@id\":\"https:\/\/marekkuchcinski.pl\/en\/wydarzenia\/marek-kuchcinski-w-lubaczowie-jestesmy-pierwsza-partia-po-wyborach-89-roku-ktora-swoj-program-realizuje\/#primaryimage\",\"url\":\"https:\/\/marekkuchcinski.pl\/wp-content\/uploads\/2019\/05\/IMG_1699.jpg\",\"contentUrl\":\"https:\/\/marekkuchcinski.pl\/wp-content\/uploads\/2019\/05\/IMG_1699.jpg\",\"width\":2048,\"height\":1365},{\"@type\":\"BreadcrumbList\",\"@id\":\"https:\/\/marekkuchcinski.pl\/en\/wydarzenia\/marek-kuchcinski-w-lubaczowie-jestesmy-pierwsza-partia-po-wyborach-89-roku-ktora-swoj-program-realizuje\/#breadcrumb\",\"itemListElement\":[{\"@type\":\"ListItem\",\"position\":1,\"name\":\"Strona g\u0142\u00f3wna\",\"item\":\"https:\/\/marekkuchcinski.pl\/\"},{\"@type\":\"ListItem\",\"position\":2,\"name\":\"Marek Kuchci\u0144ski w Lubaczowie: \u2013 Jeste\u015bmy pierwsz\u0105 parti\u0105 po wyborach \u201989 roku, kt\u00f3ra sw\u00f3j program realizuje\"}]},{\"@type\":\"WebSite\",\"@id\":\"https:\/\/marekkuchcinski.pl\/#website\",\"url\":\"https:\/\/marekkuchcinski.pl\/\",\"name\":\"Marek Kuchci\u0144ski\",\"description\":\"Pose\u0142 na sejm RP &ndash; okr\u0119g nr 22\",\"publisher\":{\"@id\":\"https:\/\/marekkuchcinski.pl\/#organization\"},\"potentialAction\":[{\"@type\":\"SearchAction\",\"target\":{\"@type\":\"EntryPoint\",\"urlTemplate\":\"https:\/\/marekkuchcinski.pl\/?s={search_term_string}\"},\"query-input\":{\"@type\":\"PropertyValueSpecification\",\"valueRequired\":true,\"valueName\":\"search_term_string\"}}],\"inLanguage\":\"sk-SK\"},{\"@type\":\"Organization\",\"@id\":\"https:\/\/marekkuchcinski.pl\/#organization\",\"name\":\"Marek Kuchci\u0144ski\",\"url\":\"https:\/\/marekkuchcinski.pl\/\",\"logo\":{\"@type\":\"ImageObject\",\"inLanguage\":\"sk-SK\",\"@id\":\"https:\/\/marekkuchcinski.pl\/#\/schema\/logo\/image\/\",\"url\":\"https:\/\/marekkuchcinski.pl\/wp-content\/uploads\/2022\/09\/Marek.jpg\",\"contentUrl\":\"https:\/\/marekkuchcinski.pl\/wp-content\/uploads\/2022\/09\/Marek.jpg\",\"width\":1600,\"height\":971,\"caption\":\"Marek Kuchci\u0144ski\"},\"image\":{\"@id\":\"https:\/\/marekkuchcinski.pl\/#\/schema\/logo\/image\/\"}},{\"@type\":\"Person\",\"@id\":\"https:\/\/marekkuchcinski.pl\/#\/schema\/person\/6f62700996b4d950b6ea2d1183b6c6be\",\"name\":\"admin\",\"image\":{\"@type\":\"ImageObject\",\"inLanguage\":\"sk-SK\",\"@id\":\"https:\/\/marekkuchcinski.pl\/#\/schema\/person\/image\/\",\"url\":\"https:\/\/secure.gravatar.com\/avatar\/4bab693b9d55c3d6b52c0296a8765085?s=96&d=mm&r=g\",\"contentUrl\":\"https:\/\/secure.gravatar.com\/avatar\/4bab693b9d55c3d6b52c0296a8765085?s=96&d=mm&r=g\",\"caption\":\"admin\"},\"url\":\"https:\/\/marekkuchcinski.pl\/sk\/author\/marta-olejnik\/\"}]}<\/script>\n<!-- \/ Yoast SEO plugin. -->","yoast_head_json":{"title":"Marek Kuchci\u0144ski w Lubaczowie: \u2013 Jeste\u015bmy pierwsz\u0105 parti\u0105 po wyborach \u201989 roku, kt\u00f3ra sw\u00f3j program realizuje &#8211; Marek Kuchci\u0144ski","robots":{"index":"index","follow":"follow","max-snippet":"max-snippet:-1","max-image-preview":"max-image-preview:large","max-video-preview":"max-video-preview:-1"},"canonical":"https:\/\/marekkuchcinski.pl\/sk\/wydarzenia\/marek-kuchcinski-w-lubaczowie-jestesmy-pierwsza-partia-po-wyborach-89-roku-ktora-swoj-program-realizuje\/","og_locale":"sk_SK","og_type":"article","og_title":"Marek Kuchci\u0144ski w Lubaczowie: \u2013 Jeste\u015bmy pierwsz\u0105 parti\u0105 po wyborach \u201989 roku, kt\u00f3ra sw\u00f3j program realizuje &#8211; Marek Kuchci\u0144ski","og_description":"Podczas konwencji wyborczej do Parlamentu Europejskiego w Lubaczowie obecni byli m.in. marsza\u0142ek Sejmu i prezes podkarpackiego PiS Marek Kuchci\u0144ski, wicewojewoda podkarpacki Lucyna Podhalicz, wicemarsza\u0142ek woj. podkarpackiego Piotr Pilch, Teresa Pamu\u0142a \u2013 wiceprzewodnicz\u0105ca Sejmiku Wojew\u00f3dztwa Podkarpackiego, a zarazem dyrektor podkarpackiego Oddzia\u0142u ARiMR, Maria Fajger \u2013 prezes Agencji Restrukturyzacji i Modernizacji Rolnictwa w Warszawie, Marta Tabaczek, przewodnicz\u0105ca [&hellip;]","og_url":"https:\/\/marekkuchcinski.pl\/sk\/wydarzenia\/marek-kuchcinski-w-lubaczowie-jestesmy-pierwsza-partia-po-wyborach-89-roku-ktora-swoj-program-realizuje\/","og_site_name":"Marek Kuchci\u0144ski","article_published_time":"2019-05-13T12:00:23+00:00","article_modified_time":"2019-05-13T14:44:46+00:00","og_image":[{"width":2048,"height":1365,"url":"https:\/\/marekkuchcinski.pl\/wp-content\/uploads\/2019\/05\/IMG_1699.jpg","type":"image\/jpeg"}],"author":"admin","twitter_card":"summary_large_image","twitter_misc":{"Autor":"admin","Predpokladan\u00fd \u010das \u010d\u00edtania":"6 min\u00fat"},"schema":{"@context":"https:\/\/schema.org","@graph":[{"@type":"Article","@id":"https:\/\/marekkuchcinski.pl\/en\/wydarzenia\/marek-kuchcinski-w-lubaczowie-jestesmy-pierwsza-partia-po-wyborach-89-roku-ktora-swoj-program-realizuje\/#article","isPartOf":{"@id":"https:\/\/marekkuchcinski.pl\/en\/wydarzenia\/marek-kuchcinski-w-lubaczowie-jestesmy-pierwsza-partia-po-wyborach-89-roku-ktora-swoj-program-realizuje\/"},"author":{"name":"admin","@id":"https:\/\/marekkuchcinski.pl\/#\/schema\/person\/6f62700996b4d950b6ea2d1183b6c6be"},"headline":"Marek Kuchci\u0144ski w Lubaczowie: \u2013 Jeste\u015bmy pierwsz\u0105 parti\u0105 po wyborach \u201989 roku, kt\u00f3ra sw\u00f3j program realizuje","datePublished":"2019-05-13T12:00:23+00:00","dateModified":"2019-05-13T14:44:46+00:00","mainEntityOfPage":{"@id":"https:\/\/marekkuchcinski.pl\/en\/wydarzenia\/marek-kuchcinski-w-lubaczowie-jestesmy-pierwsza-partia-po-wyborach-89-roku-ktora-swoj-program-realizuje\/"},"wordCount":1285,"commentCount":0,"publisher":{"@id":"https:\/\/marekkuchcinski.pl\/#organization"},"image":{"@id":"https:\/\/marekkuchcinski.pl\/en\/wydarzenia\/marek-kuchcinski-w-lubaczowie-jestesmy-pierwsza-partia-po-wyborach-89-roku-ktora-swoj-program-realizuje\/#primaryimage"},"thumbnailUrl":"https:\/\/marekkuchcinski.pl\/wp-content\/uploads\/2019\/05\/IMG_1699.jpg","articleSection":["Podkarpacie","Prawo i Sprawiedliwo\u015b\u0107","Wydarzenia"],"inLanguage":"sk-SK","potentialAction":[{"@type":"CommentAction","name":"Comment","target":["https:\/\/marekkuchcinski.pl\/en\/wydarzenia\/marek-kuchcinski-w-lubaczowie-jestesmy-pierwsza-partia-po-wyborach-89-roku-ktora-swoj-program-realizuje\/#respond"]}]},{"@type":"WebPage","@id":"https:\/\/marekkuchcinski.pl\/en\/wydarzenia\/marek-kuchcinski-w-lubaczowie-jestesmy-pierwsza-partia-po-wyborach-89-roku-ktora-swoj-program-realizuje\/","url":"https:\/\/marekkuchcinski.pl\/en\/wydarzenia\/marek-kuchcinski-w-lubaczowie-jestesmy-pierwsza-partia-po-wyborach-89-roku-ktora-swoj-program-realizuje\/","name":"Marek Kuchci\u0144ski w Lubaczowie: \u2013 Jeste\u015bmy pierwsz\u0105 parti\u0105 po wyborach \u201989 roku, kt\u00f3ra sw\u00f3j program realizuje &#8211; Marek Kuchci\u0144ski","isPartOf":{"@id":"https:\/\/marekkuchcinski.pl\/#website"},"primaryImageOfPage":{"@id":"https:\/\/marekkuchcinski.pl\/en\/wydarzenia\/marek-kuchcinski-w-lubaczowie-jestesmy-pierwsza-partia-po-wyborach-89-roku-ktora-swoj-program-realizuje\/#primaryimage"},"image":{"@id":"https:\/\/marekkuchcinski.pl\/en\/wydarzenia\/marek-kuchcinski-w-lubaczowie-jestesmy-pierwsza-partia-po-wyborach-89-roku-ktora-swoj-program-realizuje\/#primaryimage"},"thumbnailUrl":"https:\/\/marekkuchcinski.pl\/wp-content\/uploads\/2019\/05\/IMG_1699.jpg","datePublished":"2019-05-13T12:00:23+00:00","dateModified":"2019-05-13T14:44:46+00:00","breadcrumb":{"@id":"https:\/\/marekkuchcinski.pl\/en\/wydarzenia\/marek-kuchcinski-w-lubaczowie-jestesmy-pierwsza-partia-po-wyborach-89-roku-ktora-swoj-program-realizuje\/#breadcrumb"},"inLanguage":"sk-SK","potentialAction":[{"@type":"ReadAction","target":["https:\/\/marekkuchcinski.pl\/en\/wydarzenia\/marek-kuchcinski-w-lubaczowie-jestesmy-pierwsza-partia-po-wyborach-89-roku-ktora-swoj-program-realizuje\/"]}]},{"@type":"ImageObject","inLanguage":"sk-SK","@id":"https:\/\/marekkuchcinski.pl\/en\/wydarzenia\/marek-kuchcinski-w-lubaczowie-jestesmy-pierwsza-partia-po-wyborach-89-roku-ktora-swoj-program-realizuje\/#primaryimage","url":"https:\/\/marekkuchcinski.pl\/wp-content\/uploads\/2019\/05\/IMG_1699.jpg","contentUrl":"https:\/\/marekkuchcinski.pl\/wp-content\/uploads\/2019\/05\/IMG_1699.jpg","width":2048,"height":1365},{"@type":"BreadcrumbList","@id":"https:\/\/marekkuchcinski.pl\/en\/wydarzenia\/marek-kuchcinski-w-lubaczowie-jestesmy-pierwsza-partia-po-wyborach-89-roku-ktora-swoj-program-realizuje\/#breadcrumb","itemListElement":[{"@type":"ListItem","position":1,"name":"Strona g\u0142\u00f3wna","item":"https:\/\/marekkuchcinski.pl\/"},{"@type":"ListItem","position":2,"name":"Marek Kuchci\u0144ski w Lubaczowie: \u2013 Jeste\u015bmy pierwsz\u0105 parti\u0105 po wyborach \u201989 roku, kt\u00f3ra sw\u00f3j program realizuje"}]},{"@type":"WebSite","@id":"https:\/\/marekkuchcinski.pl\/#website","url":"https:\/\/marekkuchcinski.pl\/","name":"Marek Kuchci\u0144ski","description":"Pose\u0142 na sejm RP &ndash; okr\u0119g nr 22","publisher":{"@id":"https:\/\/marekkuchcinski.pl\/#organization"},"potentialAction":[{"@type":"SearchAction","target":{"@type":"EntryPoint","urlTemplate":"https:\/\/marekkuchcinski.pl\/?s={search_term_string}"},"query-input":{"@type":"PropertyValueSpecification","valueRequired":true,"valueName":"search_term_string"}}],"inLanguage":"sk-SK"},{"@type":"Organization","@id":"https:\/\/marekkuchcinski.pl\/#organization","name":"Marek Kuchci\u0144ski","url":"https:\/\/marekkuchcinski.pl\/","logo":{"@type":"ImageObject","inLanguage":"sk-SK","@id":"https:\/\/marekkuchcinski.pl\/#\/schema\/logo\/image\/","url":"https:\/\/marekkuchcinski.pl\/wp-content\/uploads\/2022\/09\/Marek.jpg","contentUrl":"https:\/\/marekkuchcinski.pl\/wp-content\/uploads\/2022\/09\/Marek.jpg","width":1600,"height":971,"caption":"Marek Kuchci\u0144ski"},"image":{"@id":"https:\/\/marekkuchcinski.pl\/#\/schema\/logo\/image\/"}},{"@type":"Person","@id":"https:\/\/marekkuchcinski.pl\/#\/schema\/person\/6f62700996b4d950b6ea2d1183b6c6be","name":"admin","image":{"@type":"ImageObject","inLanguage":"sk-SK","@id":"https:\/\/marekkuchcinski.pl\/#\/schema\/person\/image\/","url":"https:\/\/secure.gravatar.com\/avatar\/4bab693b9d55c3d6b52c0296a8765085?s=96&d=mm&r=g","contentUrl":"https:\/\/secure.gravatar.com\/avatar\/4bab693b9d55c3d6b52c0296a8765085?s=96&d=mm&r=g","caption":"admin"},"url":"https:\/\/marekkuchcinski.pl\/sk\/author\/marta-olejnik\/"}]}},"_links":{"self":[{"href":"https:\/\/marekkuchcinski.pl\/sk\/wp-json\/wp\/v2\/posts\/15434","targetHints":{"allow":["GET"]}}],"collection":[{"href":"https:\/\/marekkuchcinski.pl\/sk\/wp-json\/wp\/v2\/posts"}],"about":[{"href":"https:\/\/marekkuchcinski.pl\/sk\/wp-json\/wp\/v2\/types\/post"}],"author":[{"embeddable":true,"href":"https:\/\/marekkuchcinski.pl\/sk\/wp-json\/wp\/v2\/users\/6"}],"replies":[{"embeddable":true,"href":"https:\/\/marekkuchcinski.pl\/sk\/wp-json\/wp\/v2\/comments?post=15434"}],"version-history":[{"count":15,"href":"https:\/\/marekkuchcinski.pl\/sk\/wp-json\/wp\/v2\/posts\/15434\/revisions"}],"predecessor-version":[{"id":15477,"href":"https:\/\/marekkuchcinski.pl\/sk\/wp-json\/wp\/v2\/posts\/15434\/revisions\/15477"}],"wp:featuredmedia":[{"embeddable":true,"href":"https:\/\/marekkuchcinski.pl\/sk\/wp-json\/wp\/v2\/media\/15435"}],"wp:attachment":[{"href":"https:\/\/marekkuchcinski.pl\/sk\/wp-json\/wp\/v2\/media?parent=15434"}],"wp:term":[{"taxonomy":"category","embeddable":true,"href":"https:\/\/marekkuchcinski.pl\/sk\/wp-json\/wp\/v2\/categories?post=15434"},{"taxonomy":"post_tag","embeddable":true,"href":"https:\/\/marekkuchcinski.pl\/sk\/wp-json\/wp\/v2\/tags?post=15434"}],"curies":[{"name":"wp","href":"https:\/\/api.w.org\/{rel}","templated":true}]}}