{"id":15401,"date":"2019-05-13T11:13:07","date_gmt":"2019-05-13T09:13:07","guid":{"rendered":"https:\/\/marekkuchcinski.pl\/?p=15401"},"modified":"2019-05-13T14:11:15","modified_gmt":"2019-05-13T12:11:15","slug":"muzeum-narodowe-ziemi-przemyskiej-zapomniana-wojna-polsko-ukrainska-1918-1919","status":"publish","type":"post","link":"https:\/\/marekkuchcinski.pl\/sk\/wydarzenia\/muzeum-narodowe-ziemi-przemyskiej-zapomniana-wojna-polsko-ukrainska-1918-1919\/","title":{"rendered":"N\u00e1rodn\u00e9 m\u00fazeum Przemysla: Zabudnut\u00e1 po\u013esko-ukrajinsk\u00e1 vojna 1918-1919"},"content":{"rendered":"<p>Foto: Marta Olejnik<\/p>\n\n\n\n<ul class=\"wp-block-gallery columns-1 is-cropped wp-block-gallery-1 is-layout-flex wp-block-gallery-is-layout-flex\"><li class=\"blocks-gallery-item\"><figure><img fetchpriority=\"high\" decoding=\"async\" width=\"1024\" height=\"683\" src=\"https:\/\/marekkuchcinski.pl\/wp-content\/uploads\/2019\/05\/IMG_0091-1024x683.jpg\" alt=\"\" data-id=\"15402\" data-link=\"https:\/\/marekkuchcinski.pl\/?attachment_id=15402\" class=\"wp-image-15402\" srcset=\"https:\/\/marekkuchcinski.pl\/wp-content\/uploads\/2019\/05\/IMG_0091-1024x683.jpg 1024w, https:\/\/marekkuchcinski.pl\/wp-content\/uploads\/2019\/05\/IMG_0091-300x200.jpg 300w, https:\/\/marekkuchcinski.pl\/wp-content\/uploads\/2019\/05\/IMG_0091-768x512.jpg 768w, https:\/\/marekkuchcinski.pl\/wp-content\/uploads\/2019\/05\/IMG_0091.jpg 2048w\" sizes=\"(max-width: 1024px) 100vw, 1024px\" \/><\/figure><\/li><li class=\"blocks-gallery-item\"><figure><img decoding=\"async\" width=\"1024\" height=\"705\" src=\"https:\/\/marekkuchcinski.pl\/wp-content\/uploads\/2019\/05\/IMG_0092-1024x705.jpg\" alt=\"\" data-id=\"15403\" data-link=\"https:\/\/marekkuchcinski.pl\/?attachment_id=15403\" class=\"wp-image-15403\" srcset=\"https:\/\/marekkuchcinski.pl\/wp-content\/uploads\/2019\/05\/IMG_0092-1024x705.jpg 1024w, https:\/\/marekkuchcinski.pl\/wp-content\/uploads\/2019\/05\/IMG_0092-300x207.jpg 300w, https:\/\/marekkuchcinski.pl\/wp-content\/uploads\/2019\/05\/IMG_0092-768x529.jpg 768w, https:\/\/marekkuchcinski.pl\/wp-content\/uploads\/2019\/05\/IMG_0092.jpg 2048w\" sizes=\"(max-width: 1024px) 100vw, 1024px\" \/><\/figure><\/li><li class=\"blocks-gallery-item\"><figure><img decoding=\"async\" width=\"1024\" height=\"829\" src=\"https:\/\/marekkuchcinski.pl\/wp-content\/uploads\/2019\/05\/IMG_0089-1024x829.jpg\" alt=\"\" data-id=\"15404\" data-link=\"https:\/\/marekkuchcinski.pl\/?attachment_id=15404\" class=\"wp-image-15404\" srcset=\"https:\/\/marekkuchcinski.pl\/wp-content\/uploads\/2019\/05\/IMG_0089-1024x829.jpg 1024w, https:\/\/marekkuchcinski.pl\/wp-content\/uploads\/2019\/05\/IMG_0089-300x243.jpg 300w, https:\/\/marekkuchcinski.pl\/wp-content\/uploads\/2019\/05\/IMG_0089-768x622.jpg 768w, https:\/\/marekkuchcinski.pl\/wp-content\/uploads\/2019\/05\/IMG_0089.jpg 2048w\" sizes=\"(max-width: 1024px) 100vw, 1024px\" \/><\/figure><\/li><li class=\"blocks-gallery-item\"><figure><img loading=\"lazy\" decoding=\"async\" width=\"1024\" height=\"683\" src=\"https:\/\/marekkuchcinski.pl\/wp-content\/uploads\/2019\/05\/IMG_0086-1024x683.jpg\" alt=\"\" data-id=\"15405\" data-link=\"https:\/\/marekkuchcinski.pl\/?attachment_id=15405\" class=\"wp-image-15405\" srcset=\"https:\/\/marekkuchcinski.pl\/wp-content\/uploads\/2019\/05\/IMG_0086-1024x683.jpg 1024w, https:\/\/marekkuchcinski.pl\/wp-content\/uploads\/2019\/05\/IMG_0086-300x200.jpg 300w, https:\/\/marekkuchcinski.pl\/wp-content\/uploads\/2019\/05\/IMG_0086-768x512.jpg 768w, https:\/\/marekkuchcinski.pl\/wp-content\/uploads\/2019\/05\/IMG_0086.jpg 2048w\" sizes=\"(max-width: 1024px) 100vw, 1024px\" \/><\/figure><\/li><li class=\"blocks-gallery-item\"><figure><img loading=\"lazy\" decoding=\"async\" width=\"1024\" height=\"683\" src=\"https:\/\/marekkuchcinski.pl\/wp-content\/uploads\/2019\/05\/IMG_0078-1024x683.jpg\" alt=\"\" data-id=\"15406\" data-link=\"https:\/\/marekkuchcinski.pl\/?attachment_id=15406\" class=\"wp-image-15406\" srcset=\"https:\/\/marekkuchcinski.pl\/wp-content\/uploads\/2019\/05\/IMG_0078-1024x683.jpg 1024w, https:\/\/marekkuchcinski.pl\/wp-content\/uploads\/2019\/05\/IMG_0078-300x200.jpg 300w, https:\/\/marekkuchcinski.pl\/wp-content\/uploads\/2019\/05\/IMG_0078-768x512.jpg 768w, https:\/\/marekkuchcinski.pl\/wp-content\/uploads\/2019\/05\/IMG_0078.jpg 2048w\" sizes=\"(max-width: 1024px) 100vw, 1024px\" \/><\/figure><\/li><li class=\"blocks-gallery-item\"><figure><img loading=\"lazy\" decoding=\"async\" width=\"1024\" height=\"683\" src=\"https:\/\/marekkuchcinski.pl\/wp-content\/uploads\/2019\/05\/IMG_0075-1024x683.jpg\" alt=\"\" data-id=\"15407\" data-link=\"https:\/\/marekkuchcinski.pl\/?attachment_id=15407\" class=\"wp-image-15407\" srcset=\"https:\/\/marekkuchcinski.pl\/wp-content\/uploads\/2019\/05\/IMG_0075-1024x683.jpg 1024w, https:\/\/marekkuchcinski.pl\/wp-content\/uploads\/2019\/05\/IMG_0075-300x200.jpg 300w, https:\/\/marekkuchcinski.pl\/wp-content\/uploads\/2019\/05\/IMG_0075-768x512.jpg 768w, https:\/\/marekkuchcinski.pl\/wp-content\/uploads\/2019\/05\/IMG_0075.jpg 2048w\" sizes=\"(max-width: 1024px) 100vw, 1024px\" \/><\/figure><\/li><li class=\"blocks-gallery-item\"><figure><img loading=\"lazy\" decoding=\"async\" width=\"1024\" height=\"686\" src=\"https:\/\/marekkuchcinski.pl\/wp-content\/uploads\/2019\/05\/IMG_0073-1024x686.jpg\" alt=\"\" data-id=\"15408\" data-link=\"https:\/\/marekkuchcinski.pl\/?attachment_id=15408\" class=\"wp-image-15408\" srcset=\"https:\/\/marekkuchcinski.pl\/wp-content\/uploads\/2019\/05\/IMG_0073-1024x686.jpg 1024w, https:\/\/marekkuchcinski.pl\/wp-content\/uploads\/2019\/05\/IMG_0073-300x201.jpg 300w, https:\/\/marekkuchcinski.pl\/wp-content\/uploads\/2019\/05\/IMG_0073-768x514.jpg 768w, https:\/\/marekkuchcinski.pl\/wp-content\/uploads\/2019\/05\/IMG_0073.jpg 2048w\" sizes=\"(max-width: 1024px) 100vw, 1024px\" \/><\/figure><\/li><li class=\"blocks-gallery-item\"><figure><img loading=\"lazy\" decoding=\"async\" width=\"1024\" height=\"683\" src=\"https:\/\/marekkuchcinski.pl\/wp-content\/uploads\/2019\/05\/IMG_0063-1024x683.jpg\" alt=\"\" data-id=\"15411\" data-link=\"https:\/\/marekkuchcinski.pl\/?attachment_id=15411\" class=\"wp-image-15411\" srcset=\"https:\/\/marekkuchcinski.pl\/wp-content\/uploads\/2019\/05\/IMG_0063-1024x683.jpg 1024w, https:\/\/marekkuchcinski.pl\/wp-content\/uploads\/2019\/05\/IMG_0063-300x200.jpg 300w, https:\/\/marekkuchcinski.pl\/wp-content\/uploads\/2019\/05\/IMG_0063-768x512.jpg 768w, https:\/\/marekkuchcinski.pl\/wp-content\/uploads\/2019\/05\/IMG_0063.jpg 2048w\" sizes=\"(max-width: 1024px) 100vw, 1024px\" \/><\/figure><\/li><li class=\"blocks-gallery-item\"><figure><img loading=\"lazy\" decoding=\"async\" width=\"1024\" height=\"683\" src=\"https:\/\/marekkuchcinski.pl\/wp-content\/uploads\/2019\/05\/IMG_0051-1024x683.jpg\" alt=\"\" data-id=\"15412\" data-link=\"https:\/\/marekkuchcinski.pl\/?attachment_id=15412\" class=\"wp-image-15412\" srcset=\"https:\/\/marekkuchcinski.pl\/wp-content\/uploads\/2019\/05\/IMG_0051-1024x683.jpg 1024w, https:\/\/marekkuchcinski.pl\/wp-content\/uploads\/2019\/05\/IMG_0051-300x200.jpg 300w, https:\/\/marekkuchcinski.pl\/wp-content\/uploads\/2019\/05\/IMG_0051-768x512.jpg 768w, https:\/\/marekkuchcinski.pl\/wp-content\/uploads\/2019\/05\/IMG_0051.jpg 2048w\" sizes=\"(max-width: 1024px) 100vw, 1024px\" \/><\/figure><\/li><li class=\"blocks-gallery-item\"><figure><img loading=\"lazy\" decoding=\"async\" width=\"1024\" height=\"692\" src=\"https:\/\/marekkuchcinski.pl\/wp-content\/uploads\/2019\/05\/IMG_0043-1024x692.jpg\" alt=\"\" data-id=\"15413\" data-link=\"https:\/\/marekkuchcinski.pl\/?attachment_id=15413\" class=\"wp-image-15413\" srcset=\"https:\/\/marekkuchcinski.pl\/wp-content\/uploads\/2019\/05\/IMG_0043-1024x692.jpg 1024w, https:\/\/marekkuchcinski.pl\/wp-content\/uploads\/2019\/05\/IMG_0043-300x203.jpg 300w, https:\/\/marekkuchcinski.pl\/wp-content\/uploads\/2019\/05\/IMG_0043-768x519.jpg 768w, https:\/\/marekkuchcinski.pl\/wp-content\/uploads\/2019\/05\/IMG_0043.jpg 2048w\" sizes=\"(max-width: 1024px) 100vw, 1024px\" \/><\/figure><\/li><li class=\"blocks-gallery-item\"><figure><img loading=\"lazy\" decoding=\"async\" width=\"1024\" height=\"683\" src=\"https:\/\/marekkuchcinski.pl\/wp-content\/uploads\/2019\/05\/IMG_0040-1024x683.jpg\" alt=\"\" data-id=\"15414\" data-link=\"https:\/\/marekkuchcinski.pl\/?attachment_id=15414\" class=\"wp-image-15414\" srcset=\"https:\/\/marekkuchcinski.pl\/wp-content\/uploads\/2019\/05\/IMG_0040-1024x683.jpg 1024w, https:\/\/marekkuchcinski.pl\/wp-content\/uploads\/2019\/05\/IMG_0040-300x200.jpg 300w, https:\/\/marekkuchcinski.pl\/wp-content\/uploads\/2019\/05\/IMG_0040-768x512.jpg 768w, https:\/\/marekkuchcinski.pl\/wp-content\/uploads\/2019\/05\/IMG_0040.jpg 2048w\" sizes=\"(max-width: 1024px) 100vw, 1024px\" \/><\/figure><\/li><li class=\"blocks-gallery-item\"><figure><img loading=\"lazy\" decoding=\"async\" width=\"1024\" height=\"683\" src=\"https:\/\/marekkuchcinski.pl\/wp-content\/uploads\/2019\/05\/IMG_0035-1024x683.jpg\" alt=\"\" data-id=\"15416\" data-link=\"https:\/\/marekkuchcinski.pl\/?attachment_id=15416\" class=\"wp-image-15416\" srcset=\"https:\/\/marekkuchcinski.pl\/wp-content\/uploads\/2019\/05\/IMG_0035-1024x683.jpg 1024w, https:\/\/marekkuchcinski.pl\/wp-content\/uploads\/2019\/05\/IMG_0035-300x200.jpg 300w, https:\/\/marekkuchcinski.pl\/wp-content\/uploads\/2019\/05\/IMG_0035-768x512.jpg 768w, https:\/\/marekkuchcinski.pl\/wp-content\/uploads\/2019\/05\/IMG_0035.jpg 2048w\" sizes=\"(max-width: 1024px) 100vw, 1024px\" \/><\/figure><\/li><\/ul>\n\n\n\n<p>Zabudnut\u00e9 alebo nezn\u00e1me?<\/p>\n\n\n\n<p>To je naj\u010dastej\u0161ie kladen\u00e1 ot\u00e1zka sprev\u00e1dzaj\u00faca v\u00fdstavu, ktor\u00fa si m\u00f4\u017eete pozrie\u0165 od 5. apr\u00edla v N\u00e1rodnom m\u00fazeu Przemysla. Mysl\u00edm si, \u017ee je to oboje. Trochu zabudnut\u00fd, ale zv\u00e4\u010d\u0161a nezn\u00e1my. Zn\u00e1ma je v kruhoch historikov a odborn\u00edkov, v \u0161ir\u0161\u00edch spolo\u010densk\u00fdch kruhoch sa jej zn\u00e1mos\u0165 to\u010d\u00ed sk\u00f4r okolo roku 1918 a pr\u00e1ve v novembri si pri pr\u00edle\u017eitosti D\u0148a nez\u00e1vislosti pripom\u00edname tieto udalosti akoby z povinnosti. St\u00e9 v\u00fdro\u010die tejto vojny n\u00e1s zav\u00e4zuje k tomu, aby sme ju pripomenuli \u013eu\u010fom a pod\u013ea mo\u017enost\u00ed ju lep\u0161ie zvidite\u013enili. Pre vzbudenie z\u00e1ujmu je tu fragment delostreleck\u00e9ho voz\u0148a obrnen\u00e9ho vlaku \"Bold\" v mierke 1:1, ktor\u00fd sa stal najvidite\u013enej\u0161\u00edm akcentom v\u00fdstavy. Druhou v porad\u00ed je expoz\u00edcia gu\u013eometn\u00e9ho stanovi\u0161\u0165a Schwarzlose, ktor\u00e1 sa vz\u0165ahuje na konkr\u00e9tnu situ\u00e1ciu: vojaci 2. \u013evovsk\u00e9ho streleck\u00e9ho pluku v bojoch na Persenkovke. Nieko\u013eko artefaktov zo zbierky faleristiky m\u00fazea, napr\u00edklad odznaky jednotliv\u00fdch oddielov obrany \u013dvova po\u010das novembrov\u00fdch bojov: Centr\u00e1lna stanica, Schrammova rota at\u010f. legion\u00e1rske uniformy, zbrane a vojensk\u00e9 vybavenie. Na preh\u013abenie poznatkov sl\u00fa\u017ei bohat\u00e1 popisn\u00e1 \u010das\u0165 na viac ako tridsiatich grafoch. Poskytuje v\u0161eobecn\u00e9 poznatky o konflikte a z\u00e1rove\u0148 poukazuje na niektor\u00e9 epiz\u00f3dy vojny, ako napr\u00edklad na \u017densk\u00fd dobrovo\u013en\u00edcky legion, hist\u00f3riu 1. a 2. \u013evovsk\u00e9ho streleck\u00e9ho pluku, Orl\u0119tu. Kamienie na Szaniec Lwowskie, Matka a syn o Aleksandre Zag\u00f3rskej a jej synovi Jerzym Bitschanovi, v\u0161etky \u00faseky obrany Lwowa, obrnen\u00e9 vozidl\u00e1 tohto konfliktu, slony tejto vojny, teda vec o obrnen\u00fdch vlakoch at\u010f. Ve\u013ek\u00e1 pozornos\u0165 je venovan\u00e1 aj letectvu tejto vojny, najm\u00e4 letisk\u00e1m Levandivka a Hurechk pri Przemy\u015bli. Dva monitory zobrazuj\u00face jednotliv\u00e9 epiz\u00f3dy vojny v\u00e1m umo\u017enia nahliadnu\u0165 do bohatej ikonografie konfliktu. Zvl\u00e1\u0161tnos\u0165ou je ve\u013ek\u00e1 mapa \u013dvova s rozmermi 3 x 4 m na podlahe. Pon\u00faka mo\u017enos\u0165 akejsi prech\u00e1dzky po \u013dvove. Mapa zobrazuje jednotliv\u00e9 \u00faseky po\u013eskej obrany v meste, ako aj najzn\u00e1mej\u0161ie miesta bojov, napr\u00edklad Persenkowku - redutu smrti, Poprav\u010diu horu, Lewandowku, Pi\u0142sudsk\u00e9ho redutu, Citadelu, Riadite\u013estvo \u017eelezn\u00edc, N\u00e1rodn\u00fd snem, Sienkiewiczovu \u0161kolu, Bemovo n\u00e1mestie, Kadetovu \u0161kolu at\u010f. \u013dvov Semper Fidelis je popri Var\u0161ave a Verdune jedn\u00fdm z troch miest, ktor\u00fdm bol udelen\u00fd Rad Virtuti Militari. Jeho obyvatelia boli kolekt\u00edvnymi hrdinami tejto bratovra\u017eednej vojny, ktor\u00e1 sa v \u017eiadnom pr\u00edpade neskon\u010dila v novembri. T\u00fdm sa skon\u010dila prv\u00e1 etapa, ktor\u00e1 trvala od 1. do 22. novembra a bola zn\u00e1ma ako \"rus\u00ednsky mesiac\". V druhej f\u00e1ze za\u010dali ukrajinsk\u00e9 jednotky pravidelne oblieha\u0165 mesto a za ka\u017ed\u00fa cenu sa sna\u017eili prelomi\u0165 komunika\u010dn\u00fa l\u00edniu sp\u00e1jaj\u00facu \u013dvov s Przemy\u0161lom. Tre\u0165ou etapou bola po\u013esk\u00e1 ofenz\u00edva, ktor\u00e1 trvala od apr\u00edla do j\u00fala 1919. Po \u0165a\u017ek\u00fdch bojoch predsa len priniesla posun frontu na l\u00edniu Zbrucz.<\/p>\n\n\n\n<p>V\u00fdstava je poctou \u00fa\u010dastn\u00edkom a obetiam tejto vojny. Je to pokus pripomen\u00fa\u0165 aspo\u0148 nieko\u013eko miest, ako napr\u00edklad Persenkovku, a \u013eud\u00ed, ako napr\u00edklad Iwo Na\u0142\u0119cz Ska\u0142kowski, ktor\u00fdch pam\u00e4\u0165 u\u017e, \u017eia\u013e, vybledla. V meste ako Przemy\u015bl, ktor\u00e9ho historick\u00e9 v\u00e4zby so \u013dvovom boli v\u017edy ve\u013emi siln\u00e9, sa spomienka na t\u00fato spolo\u010dn\u00fa minulos\u0165 zd\u00e1 by\u0165 samozrejm\u00e1. Zd\u00e1 sa n\u00e1m, \u017ee m\u00f4\u017ee sl\u00fa\u017ei\u0165 aj ako dobr\u00fd \u00favod do prehliadky \u013dvova v nadch\u00e1dzaj\u00facej dovolenkovej, pr\u00e1zdninovej sez\u00f3ne.<\/p>\n\n\n\n<p><em>Lucjan Fac<\/em><\/p>","protected":false},"excerpt":{"rendered":"<p>fot. Marta Olejnik Zapomniana czy nieznana? To najcz\u0119\u015bciej zadawane pytanie towarzysz\u0105ce wystawie jak\u0105 od 5 kwietnia mo\u017cemy ogl\u0105da\u0107 w Muzeum Narodowym Ziemi Przemyskiej. My\u015bl\u0119, \u017ce i jedno i drugie. Troch\u0119 zapomniana, ale w bardzo du\u017cym stopniu nieznana. Znana jest w kr\u0119gach historyk\u00f3w i specjalist\u00f3w, w szerszych kr\u0119gach spo\u0142ecznych jej znajomo\u015b\u0107 raczej obraca si\u0119 wok\u00f3\u0142 roku [&hellip;]<\/p>","protected":false},"author":6,"featured_media":15415,"comment_status":"open","ping_status":"open","sticky":false,"template":"","format":"standard","meta":{"ngg_post_thumbnail":0,"footnotes":""},"categories":[49,77,3],"tags":[],"class_list":["post-15401","post","type-post","status-publish","format-standard","has-post-thumbnail","hentry","category-podkarpacie","category-wazne-daty","category-wydarzenia"],"yoast_head":"<!-- This site is optimized with the Yoast SEO plugin v24.7 - https:\/\/yoast.com\/wordpress\/plugins\/seo\/ -->\n<title>Muzeum Narodowe Ziemi Przemyskiej: Zapomniana Wojna Polsko-Ukrai\u0144ska 1918-1919 &#8211; Marek Kuchci\u0144ski<\/title>\n<meta name=\"robots\" content=\"index, follow, max-snippet:-1, max-image-preview:large, max-video-preview:-1\" \/>\n<link rel=\"canonical\" href=\"https:\/\/marekkuchcinski.pl\/sk\/wydarzenia\/muzeum-narodowe-ziemi-przemyskiej-zapomniana-wojna-polsko-ukrainska-1918-1919\/\" \/>\n<meta property=\"og:locale\" content=\"sk_SK\" \/>\n<meta property=\"og:type\" content=\"article\" \/>\n<meta property=\"og:title\" content=\"Muzeum Narodowe Ziemi Przemyskiej: Zapomniana Wojna Polsko-Ukrai\u0144ska 1918-1919 &#8211; Marek Kuchci\u0144ski\" \/>\n<meta property=\"og:description\" content=\"fot. Marta Olejnik Zapomniana czy nieznana? To najcz\u0119\u015bciej zadawane pytanie towarzysz\u0105ce wystawie jak\u0105 od 5 kwietnia mo\u017cemy ogl\u0105da\u0107 w Muzeum Narodowym Ziemi Przemyskiej. My\u015bl\u0119, \u017ce i jedno i drugie. Troch\u0119 zapomniana, ale w bardzo du\u017cym stopniu nieznana. Znana jest w kr\u0119gach historyk\u00f3w i specjalist\u00f3w, w szerszych kr\u0119gach spo\u0142ecznych jej znajomo\u015b\u0107 raczej obraca si\u0119 wok\u00f3\u0142 roku [&hellip;]\" \/>\n<meta property=\"og:url\" content=\"https:\/\/marekkuchcinski.pl\/sk\/wydarzenia\/muzeum-narodowe-ziemi-przemyskiej-zapomniana-wojna-polsko-ukrainska-1918-1919\/\" \/>\n<meta property=\"og:site_name\" content=\"Marek Kuchci\u0144ski\" \/>\n<meta property=\"article:published_time\" content=\"2019-05-13T09:13:07+00:00\" \/>\n<meta property=\"article:modified_time\" content=\"2019-05-13T12:11:15+00:00\" \/>\n<meta property=\"og:image\" content=\"https:\/\/marekkuchcinski.pl\/wp-content\/uploads\/2019\/05\/IMG_0043-1.jpg\" \/>\n\t<meta property=\"og:image:width\" content=\"2048\" \/>\n\t<meta property=\"og:image:height\" content=\"1384\" \/>\n\t<meta property=\"og:image:type\" content=\"image\/jpeg\" \/>\n<meta name=\"author\" content=\"admin\" \/>\n<meta name=\"twitter:card\" content=\"summary_large_image\" \/>\n<meta name=\"twitter:label1\" content=\"Autor\" \/>\n\t<meta name=\"twitter:data1\" content=\"admin\" \/>\n\t<meta name=\"twitter:label2\" content=\"Predpokladan\u00fd \u010das \u010d\u00edtania\" \/>\n\t<meta name=\"twitter:data2\" content=\"3 min\u00faty\" \/>\n<script type=\"application\/ld+json\" class=\"yoast-schema-graph\">{\"@context\":\"https:\/\/schema.org\",\"@graph\":[{\"@type\":\"Article\",\"@id\":\"https:\/\/marekkuchcinski.pl\/uk\/wydarzenia\/muzeum-narodowe-ziemi-przemyskiej-zapomniana-wojna-polsko-ukrainska-1918-1919\/#article\",\"isPartOf\":{\"@id\":\"https:\/\/marekkuchcinski.pl\/uk\/wydarzenia\/muzeum-narodowe-ziemi-przemyskiej-zapomniana-wojna-polsko-ukrainska-1918-1919\/\"},\"author\":{\"name\":\"admin\",\"@id\":\"https:\/\/marekkuchcinski.pl\/#\/schema\/person\/6f62700996b4d950b6ea2d1183b6c6be\"},\"headline\":\"Muzeum Narodowe Ziemi Przemyskiej: Zapomniana Wojna Polsko-Ukrai\u0144ska 1918-1919\",\"datePublished\":\"2019-05-13T09:13:07+00:00\",\"dateModified\":\"2019-05-13T12:11:15+00:00\",\"mainEntityOfPage\":{\"@id\":\"https:\/\/marekkuchcinski.pl\/uk\/wydarzenia\/muzeum-narodowe-ziemi-przemyskiej-zapomniana-wojna-polsko-ukrainska-1918-1919\/\"},\"wordCount\":599,\"commentCount\":0,\"publisher\":{\"@id\":\"https:\/\/marekkuchcinski.pl\/#organization\"},\"image\":{\"@id\":\"https:\/\/marekkuchcinski.pl\/uk\/wydarzenia\/muzeum-narodowe-ziemi-przemyskiej-zapomniana-wojna-polsko-ukrainska-1918-1919\/#primaryimage\"},\"thumbnailUrl\":\"https:\/\/marekkuchcinski.pl\/wp-content\/uploads\/2019\/05\/IMG_0043-1.jpg\",\"articleSection\":[\"Podkarpacie\",\"Wa\u017cne daty\",\"Wydarzenia\"],\"inLanguage\":\"sk-SK\",\"potentialAction\":[{\"@type\":\"CommentAction\",\"name\":\"Comment\",\"target\":[\"https:\/\/marekkuchcinski.pl\/uk\/wydarzenia\/muzeum-narodowe-ziemi-przemyskiej-zapomniana-wojna-polsko-ukrainska-1918-1919\/#respond\"]}]},{\"@type\":\"WebPage\",\"@id\":\"https:\/\/marekkuchcinski.pl\/uk\/wydarzenia\/muzeum-narodowe-ziemi-przemyskiej-zapomniana-wojna-polsko-ukrainska-1918-1919\/\",\"url\":\"https:\/\/marekkuchcinski.pl\/uk\/wydarzenia\/muzeum-narodowe-ziemi-przemyskiej-zapomniana-wojna-polsko-ukrainska-1918-1919\/\",\"name\":\"Muzeum Narodowe Ziemi Przemyskiej: Zapomniana Wojna Polsko-Ukrai\u0144ska 1918-1919 &#8211; Marek Kuchci\u0144ski\",\"isPartOf\":{\"@id\":\"https:\/\/marekkuchcinski.pl\/#website\"},\"primaryImageOfPage\":{\"@id\":\"https:\/\/marekkuchcinski.pl\/uk\/wydarzenia\/muzeum-narodowe-ziemi-przemyskiej-zapomniana-wojna-polsko-ukrainska-1918-1919\/#primaryimage\"},\"image\":{\"@id\":\"https:\/\/marekkuchcinski.pl\/uk\/wydarzenia\/muzeum-narodowe-ziemi-przemyskiej-zapomniana-wojna-polsko-ukrainska-1918-1919\/#primaryimage\"},\"thumbnailUrl\":\"https:\/\/marekkuchcinski.pl\/wp-content\/uploads\/2019\/05\/IMG_0043-1.jpg\",\"datePublished\":\"2019-05-13T09:13:07+00:00\",\"dateModified\":\"2019-05-13T12:11:15+00:00\",\"breadcrumb\":{\"@id\":\"https:\/\/marekkuchcinski.pl\/uk\/wydarzenia\/muzeum-narodowe-ziemi-przemyskiej-zapomniana-wojna-polsko-ukrainska-1918-1919\/#breadcrumb\"},\"inLanguage\":\"sk-SK\",\"potentialAction\":[{\"@type\":\"ReadAction\",\"target\":[\"https:\/\/marekkuchcinski.pl\/uk\/wydarzenia\/muzeum-narodowe-ziemi-przemyskiej-zapomniana-wojna-polsko-ukrainska-1918-1919\/\"]}]},{\"@type\":\"ImageObject\",\"inLanguage\":\"sk-SK\",\"@id\":\"https:\/\/marekkuchcinski.pl\/uk\/wydarzenia\/muzeum-narodowe-ziemi-przemyskiej-zapomniana-wojna-polsko-ukrainska-1918-1919\/#primaryimage\",\"url\":\"https:\/\/marekkuchcinski.pl\/wp-content\/uploads\/2019\/05\/IMG_0043-1.jpg\",\"contentUrl\":\"https:\/\/marekkuchcinski.pl\/wp-content\/uploads\/2019\/05\/IMG_0043-1.jpg\",\"width\":2048,\"height\":1384},{\"@type\":\"BreadcrumbList\",\"@id\":\"https:\/\/marekkuchcinski.pl\/uk\/wydarzenia\/muzeum-narodowe-ziemi-przemyskiej-zapomniana-wojna-polsko-ukrainska-1918-1919\/#breadcrumb\",\"itemListElement\":[{\"@type\":\"ListItem\",\"position\":1,\"name\":\"Strona g\u0142\u00f3wna\",\"item\":\"https:\/\/marekkuchcinski.pl\/\"},{\"@type\":\"ListItem\",\"position\":2,\"name\":\"Muzeum Narodowe Ziemi Przemyskiej: Zapomniana Wojna Polsko-Ukrai\u0144ska 1918-1919\"}]},{\"@type\":\"WebSite\",\"@id\":\"https:\/\/marekkuchcinski.pl\/#website\",\"url\":\"https:\/\/marekkuchcinski.pl\/\",\"name\":\"Marek Kuchci\u0144ski\",\"description\":\"Pose\u0142 na sejm RP &ndash; okr\u0119g nr 22\",\"publisher\":{\"@id\":\"https:\/\/marekkuchcinski.pl\/#organization\"},\"potentialAction\":[{\"@type\":\"SearchAction\",\"target\":{\"@type\":\"EntryPoint\",\"urlTemplate\":\"https:\/\/marekkuchcinski.pl\/?s={search_term_string}\"},\"query-input\":{\"@type\":\"PropertyValueSpecification\",\"valueRequired\":true,\"valueName\":\"search_term_string\"}}],\"inLanguage\":\"sk-SK\"},{\"@type\":\"Organization\",\"@id\":\"https:\/\/marekkuchcinski.pl\/#organization\",\"name\":\"Marek Kuchci\u0144ski\",\"url\":\"https:\/\/marekkuchcinski.pl\/\",\"logo\":{\"@type\":\"ImageObject\",\"inLanguage\":\"sk-SK\",\"@id\":\"https:\/\/marekkuchcinski.pl\/#\/schema\/logo\/image\/\",\"url\":\"https:\/\/marekkuchcinski.pl\/wp-content\/uploads\/2022\/09\/Marek.jpg\",\"contentUrl\":\"https:\/\/marekkuchcinski.pl\/wp-content\/uploads\/2022\/09\/Marek.jpg\",\"width\":1600,\"height\":971,\"caption\":\"Marek Kuchci\u0144ski\"},\"image\":{\"@id\":\"https:\/\/marekkuchcinski.pl\/#\/schema\/logo\/image\/\"}},{\"@type\":\"Person\",\"@id\":\"https:\/\/marekkuchcinski.pl\/#\/schema\/person\/6f62700996b4d950b6ea2d1183b6c6be\",\"name\":\"admin\",\"image\":{\"@type\":\"ImageObject\",\"inLanguage\":\"sk-SK\",\"@id\":\"https:\/\/marekkuchcinski.pl\/#\/schema\/person\/image\/\",\"url\":\"https:\/\/secure.gravatar.com\/avatar\/4bab693b9d55c3d6b52c0296a8765085?s=96&d=mm&r=g\",\"contentUrl\":\"https:\/\/secure.gravatar.com\/avatar\/4bab693b9d55c3d6b52c0296a8765085?s=96&d=mm&r=g\",\"caption\":\"admin\"},\"url\":\"https:\/\/marekkuchcinski.pl\/sk\/author\/marta-olejnik\/\"}]}<\/script>\n<!-- \/ Yoast SEO plugin. -->","yoast_head_json":{"title":"Muzeum Narodowe Ziemi Przemyskiej: Zapomniana Wojna Polsko-Ukrai\u0144ska 1918-1919 &#8211; Marek Kuchci\u0144ski","robots":{"index":"index","follow":"follow","max-snippet":"max-snippet:-1","max-image-preview":"max-image-preview:large","max-video-preview":"max-video-preview:-1"},"canonical":"https:\/\/marekkuchcinski.pl\/sk\/wydarzenia\/muzeum-narodowe-ziemi-przemyskiej-zapomniana-wojna-polsko-ukrainska-1918-1919\/","og_locale":"sk_SK","og_type":"article","og_title":"Muzeum Narodowe Ziemi Przemyskiej: Zapomniana Wojna Polsko-Ukrai\u0144ska 1918-1919 &#8211; Marek Kuchci\u0144ski","og_description":"fot. Marta Olejnik Zapomniana czy nieznana? To najcz\u0119\u015bciej zadawane pytanie towarzysz\u0105ce wystawie jak\u0105 od 5 kwietnia mo\u017cemy ogl\u0105da\u0107 w Muzeum Narodowym Ziemi Przemyskiej. My\u015bl\u0119, \u017ce i jedno i drugie. Troch\u0119 zapomniana, ale w bardzo du\u017cym stopniu nieznana. Znana jest w kr\u0119gach historyk\u00f3w i specjalist\u00f3w, w szerszych kr\u0119gach spo\u0142ecznych jej znajomo\u015b\u0107 raczej obraca si\u0119 wok\u00f3\u0142 roku [&hellip;]","og_url":"https:\/\/marekkuchcinski.pl\/sk\/wydarzenia\/muzeum-narodowe-ziemi-przemyskiej-zapomniana-wojna-polsko-ukrainska-1918-1919\/","og_site_name":"Marek Kuchci\u0144ski","article_published_time":"2019-05-13T09:13:07+00:00","article_modified_time":"2019-05-13T12:11:15+00:00","og_image":[{"width":2048,"height":1384,"url":"https:\/\/marekkuchcinski.pl\/wp-content\/uploads\/2019\/05\/IMG_0043-1.jpg","type":"image\/jpeg"}],"author":"admin","twitter_card":"summary_large_image","twitter_misc":{"Autor":"admin","Predpokladan\u00fd \u010das \u010d\u00edtania":"3 min\u00faty"},"schema":{"@context":"https:\/\/schema.org","@graph":[{"@type":"Article","@id":"https:\/\/marekkuchcinski.pl\/uk\/wydarzenia\/muzeum-narodowe-ziemi-przemyskiej-zapomniana-wojna-polsko-ukrainska-1918-1919\/#article","isPartOf":{"@id":"https:\/\/marekkuchcinski.pl\/uk\/wydarzenia\/muzeum-narodowe-ziemi-przemyskiej-zapomniana-wojna-polsko-ukrainska-1918-1919\/"},"author":{"name":"admin","@id":"https:\/\/marekkuchcinski.pl\/#\/schema\/person\/6f62700996b4d950b6ea2d1183b6c6be"},"headline":"Muzeum Narodowe Ziemi Przemyskiej: Zapomniana Wojna Polsko-Ukrai\u0144ska 1918-1919","datePublished":"2019-05-13T09:13:07+00:00","dateModified":"2019-05-13T12:11:15+00:00","mainEntityOfPage":{"@id":"https:\/\/marekkuchcinski.pl\/uk\/wydarzenia\/muzeum-narodowe-ziemi-przemyskiej-zapomniana-wojna-polsko-ukrainska-1918-1919\/"},"wordCount":599,"commentCount":0,"publisher":{"@id":"https:\/\/marekkuchcinski.pl\/#organization"},"image":{"@id":"https:\/\/marekkuchcinski.pl\/uk\/wydarzenia\/muzeum-narodowe-ziemi-przemyskiej-zapomniana-wojna-polsko-ukrainska-1918-1919\/#primaryimage"},"thumbnailUrl":"https:\/\/marekkuchcinski.pl\/wp-content\/uploads\/2019\/05\/IMG_0043-1.jpg","articleSection":["Podkarpacie","Wa\u017cne daty","Wydarzenia"],"inLanguage":"sk-SK","potentialAction":[{"@type":"CommentAction","name":"Comment","target":["https:\/\/marekkuchcinski.pl\/uk\/wydarzenia\/muzeum-narodowe-ziemi-przemyskiej-zapomniana-wojna-polsko-ukrainska-1918-1919\/#respond"]}]},{"@type":"WebPage","@id":"https:\/\/marekkuchcinski.pl\/uk\/wydarzenia\/muzeum-narodowe-ziemi-przemyskiej-zapomniana-wojna-polsko-ukrainska-1918-1919\/","url":"https:\/\/marekkuchcinski.pl\/uk\/wydarzenia\/muzeum-narodowe-ziemi-przemyskiej-zapomniana-wojna-polsko-ukrainska-1918-1919\/","name":"Muzeum Narodowe Ziemi Przemyskiej: Zapomniana Wojna Polsko-Ukrai\u0144ska 1918-1919 &#8211; Marek Kuchci\u0144ski","isPartOf":{"@id":"https:\/\/marekkuchcinski.pl\/#website"},"primaryImageOfPage":{"@id":"https:\/\/marekkuchcinski.pl\/uk\/wydarzenia\/muzeum-narodowe-ziemi-przemyskiej-zapomniana-wojna-polsko-ukrainska-1918-1919\/#primaryimage"},"image":{"@id":"https:\/\/marekkuchcinski.pl\/uk\/wydarzenia\/muzeum-narodowe-ziemi-przemyskiej-zapomniana-wojna-polsko-ukrainska-1918-1919\/#primaryimage"},"thumbnailUrl":"https:\/\/marekkuchcinski.pl\/wp-content\/uploads\/2019\/05\/IMG_0043-1.jpg","datePublished":"2019-05-13T09:13:07+00:00","dateModified":"2019-05-13T12:11:15+00:00","breadcrumb":{"@id":"https:\/\/marekkuchcinski.pl\/uk\/wydarzenia\/muzeum-narodowe-ziemi-przemyskiej-zapomniana-wojna-polsko-ukrainska-1918-1919\/#breadcrumb"},"inLanguage":"sk-SK","potentialAction":[{"@type":"ReadAction","target":["https:\/\/marekkuchcinski.pl\/uk\/wydarzenia\/muzeum-narodowe-ziemi-przemyskiej-zapomniana-wojna-polsko-ukrainska-1918-1919\/"]}]},{"@type":"ImageObject","inLanguage":"sk-SK","@id":"https:\/\/marekkuchcinski.pl\/uk\/wydarzenia\/muzeum-narodowe-ziemi-przemyskiej-zapomniana-wojna-polsko-ukrainska-1918-1919\/#primaryimage","url":"https:\/\/marekkuchcinski.pl\/wp-content\/uploads\/2019\/05\/IMG_0043-1.jpg","contentUrl":"https:\/\/marekkuchcinski.pl\/wp-content\/uploads\/2019\/05\/IMG_0043-1.jpg","width":2048,"height":1384},{"@type":"BreadcrumbList","@id":"https:\/\/marekkuchcinski.pl\/uk\/wydarzenia\/muzeum-narodowe-ziemi-przemyskiej-zapomniana-wojna-polsko-ukrainska-1918-1919\/#breadcrumb","itemListElement":[{"@type":"ListItem","position":1,"name":"Strona g\u0142\u00f3wna","item":"https:\/\/marekkuchcinski.pl\/"},{"@type":"ListItem","position":2,"name":"Muzeum Narodowe Ziemi Przemyskiej: Zapomniana Wojna Polsko-Ukrai\u0144ska 1918-1919"}]},{"@type":"WebSite","@id":"https:\/\/marekkuchcinski.pl\/#website","url":"https:\/\/marekkuchcinski.pl\/","name":"Marek Kuchci\u0144ski","description":"Pose\u0142 na sejm RP &ndash; okr\u0119g nr 22","publisher":{"@id":"https:\/\/marekkuchcinski.pl\/#organization"},"potentialAction":[{"@type":"SearchAction","target":{"@type":"EntryPoint","urlTemplate":"https:\/\/marekkuchcinski.pl\/?s={search_term_string}"},"query-input":{"@type":"PropertyValueSpecification","valueRequired":true,"valueName":"search_term_string"}}],"inLanguage":"sk-SK"},{"@type":"Organization","@id":"https:\/\/marekkuchcinski.pl\/#organization","name":"Marek Kuchci\u0144ski","url":"https:\/\/marekkuchcinski.pl\/","logo":{"@type":"ImageObject","inLanguage":"sk-SK","@id":"https:\/\/marekkuchcinski.pl\/#\/schema\/logo\/image\/","url":"https:\/\/marekkuchcinski.pl\/wp-content\/uploads\/2022\/09\/Marek.jpg","contentUrl":"https:\/\/marekkuchcinski.pl\/wp-content\/uploads\/2022\/09\/Marek.jpg","width":1600,"height":971,"caption":"Marek Kuchci\u0144ski"},"image":{"@id":"https:\/\/marekkuchcinski.pl\/#\/schema\/logo\/image\/"}},{"@type":"Person","@id":"https:\/\/marekkuchcinski.pl\/#\/schema\/person\/6f62700996b4d950b6ea2d1183b6c6be","name":"admin","image":{"@type":"ImageObject","inLanguage":"sk-SK","@id":"https:\/\/marekkuchcinski.pl\/#\/schema\/person\/image\/","url":"https:\/\/secure.gravatar.com\/avatar\/4bab693b9d55c3d6b52c0296a8765085?s=96&d=mm&r=g","contentUrl":"https:\/\/secure.gravatar.com\/avatar\/4bab693b9d55c3d6b52c0296a8765085?s=96&d=mm&r=g","caption":"admin"},"url":"https:\/\/marekkuchcinski.pl\/sk\/author\/marta-olejnik\/"}]}},"_links":{"self":[{"href":"https:\/\/marekkuchcinski.pl\/sk\/wp-json\/wp\/v2\/posts\/15401","targetHints":{"allow":["GET"]}}],"collection":[{"href":"https:\/\/marekkuchcinski.pl\/sk\/wp-json\/wp\/v2\/posts"}],"about":[{"href":"https:\/\/marekkuchcinski.pl\/sk\/wp-json\/wp\/v2\/types\/post"}],"author":[{"embeddable":true,"href":"https:\/\/marekkuchcinski.pl\/sk\/wp-json\/wp\/v2\/users\/6"}],"replies":[{"embeddable":true,"href":"https:\/\/marekkuchcinski.pl\/sk\/wp-json\/wp\/v2\/comments?post=15401"}],"version-history":[{"count":2,"href":"https:\/\/marekkuchcinski.pl\/sk\/wp-json\/wp\/v2\/posts\/15401\/revisions"}],"predecessor-version":[{"id":15456,"href":"https:\/\/marekkuchcinski.pl\/sk\/wp-json\/wp\/v2\/posts\/15401\/revisions\/15456"}],"wp:featuredmedia":[{"embeddable":true,"href":"https:\/\/marekkuchcinski.pl\/sk\/wp-json\/wp\/v2\/media\/15415"}],"wp:attachment":[{"href":"https:\/\/marekkuchcinski.pl\/sk\/wp-json\/wp\/v2\/media?parent=15401"}],"wp:term":[{"taxonomy":"category","embeddable":true,"href":"https:\/\/marekkuchcinski.pl\/sk\/wp-json\/wp\/v2\/categories?post=15401"},{"taxonomy":"post_tag","embeddable":true,"href":"https:\/\/marekkuchcinski.pl\/sk\/wp-json\/wp\/v2\/tags?post=15401"}],"curies":[{"name":"wp","href":"https:\/\/api.w.org\/{rel}","templated":true}]}}