{"id":15394,"date":"2019-05-14T15:29:47","date_gmt":"2019-05-14T13:29:47","guid":{"rendered":"https:\/\/marekkuchcinski.pl\/?p=15394"},"modified":"2019-05-16T20:11:46","modified_gmt":"2019-05-16T18:11:46","slug":"rok-1989-w-europie-srodkowo-wschodniej-w-perspektywie-30-letniej-spotkanie-z-udzialem-marszalka-sejmu-marka-kuchcinskiego","status":"publish","type":"post","link":"https:\/\/marekkuchcinski.pl\/sk\/wydarzenia\/rok-1989-w-europie-srodkowo-wschodniej-w-perspektywie-30-letniej-spotkanie-z-udzialem-marszalka-sejmu-marka-kuchcinskiego\/","title":{"rendered":"Rok 1989 v strednej a v\u00fdchodnej Eur\u00f3pe v 30-ro\u010dnej perspekt\u00edve - stretnutie za \u00fa\u010dasti Mareka Kuchci\u0144sk\u00e9ho, predsedu Sejmu"},"content":{"rendered":"<p><strong>O tom, ak\u00e9 zmeny nastali v Po\u013esku po zvrhnut\u00ed komunizmu, sa diskutovalo na prvom stretnut\u00ed Karpatsk\u00e9ho diskusn\u00e9ho klubu v N\u00e1rodnom m\u00fazeu Przemysla. <\/strong><\/p>\n\n\n\n<p>Profesor Jan Draus porovnal cestu k slobode Po\u013eska a Ma\u010farska. Pripomenul, \u017ee pre Po\u013esko a stredn\u00fa a v\u00fdchodn\u00fa Eur\u00f3pu znamenal rok 1989 koniec komunizmu, ktor\u00fd na desa\u0165ro\u010dia zotro\u010dil ve\u013ek\u00fa \u010das\u0165 svetovej popul\u00e1cie a bol rovnako \u017eivotaschopn\u00fdm experimentom, preto\u017ee dok\u00e1zal \u017eivi\u0165 zotro\u010den\u00e9 spolo\u010dnosti a potl\u00e1\u010da\u0165 soci\u00e1lne vzbury n\u00e1sil\u00edm... Ako ut\u00f3pia komunizmus trval od kr\u00edzy ku kr\u00edze, pri\u010dom jeho n\u00e1strojom bolo n\u00e1silie. <\/p>\n\n\n\n<p>Zhrnutie\npredn\u00e1\u0161ka, profesor zd\u00f4raznil, \u017ee hoci sa v\u0161etko za\u010dalo v Po\u013esku,\nostatn\u00e9 krajiny boli v demokratiza\u010dnom procese pred \u0148ou. V Po\u013esku trvalo 10\nrokov, v Ma\u010farsku 10 mesiacov, v NDR 10 t\u00fd\u017ed\u0148ov, v \u010ceskoslovensku 10 dn\u00ed. W\nt\u00fdchto krajin\u00e1ch o slobode rozhodovala opoz\u00edcia a \u013eudia, v Rumunsku a\nMa\u010farsko - pal\u00e1cov\u00e9 prevraty. Celkovo boli dikt\u00e1tori odstaven\u00ed od moci. Z\ns v\u00fdnimkou Po\u013eska, kde bol gener\u00e1l Wojciech Jaruzelski poveren\u00fd funkciou\nprezident \u0161t\u00e1tu. <\/p>\n\n\n\n<p>St\u00e1le je to \u0165a\u017ek\u00e9\na ako zd\u00f4raznil Andrzej Klarkowski, rok 1989 je pre n\u00e1s st\u00e1le z\u00e1hadou a h\u00e1dankou.\nz\u00e1hada a h\u00e1danka. Zost\u00e1va ot\u00e1zkou, na ktor\u00fa sa nedozvieme odpove\u010f.\nKlarkowski pripomenul, \u017ee pre komunistick\u00e9 org\u00e1ny boli vo\u013eby v roku 1989 zameran\u00e9 na\nCie\u013eom je vtiahnu\u0165 opoz\u00edciu do vl\u00e1dnuceho t\u00edmu, aby z\u00edskala legitimitu pre\nnieko\u013eko rokov. Spolo\u010densk\u00e9 procesy v\u0161ak niekedy predbiehaj\u00fa myslenie politikov a\nanalytici. Po j\u00fanov\u00fdch vo\u013eb\u00e1ch do\u0161lo k b\u00farliv\u00e9mu n\u00e1rastu nad\u0161enia,\nn\u00e1rast d\u00f4very v opoz\u00edciu a dramatick\u00fd pokles d\u00f4very v t\u00fdch, ktor\u00ed s\u00fa pri moci, v\nPZPR. Org\u00e1ny PRL boli v \u0161oku, demokratick\u00e1 opoz\u00edcia nevyu\u017eila v plnej miere\nspolo\u010densk\u00fd kredit d\u00f4very. Toto nevyu\u017eitie soci\u00e1lneho mand\u00e1tu\nodkladali a br\u00e1nili potrebn\u00fdm a\no\u010dak\u00e1van\u00e9 zmeny. Bilanciu zmien po roku 1989 v\u0161ak po\u013esk\u00e1 spolo\u010dnos\u0165 hodnotila dobre, dokonca lep\u0161ie\nako spolo\u010dnosti na\u0161ich susedov. \u010co sme robili v Po\u013esku,\nur\u010dili zmeny v regi\u00f3ne. <\/p>\n\n\n\n<p>Pod\u013ea ned\u00e1vnych prieskumov CBOS sa prv\u00e9 slobodn\u00e9 vo\u013eby v roku 1991 pova\u017euj\u00fa za p\u00e1d komunizmu. Hodnotenie komunistickej minulosti v\u0161ak st\u00e1le nie je jednozna\u010dn\u00e9. St\u00e1le pretrv\u00e1va odpor k \u010dasom spojen\u00fdm s Po\u013eskou \u013eudovou republikou, n\u00e1zory na nevyhnutnos\u0165 vojnov\u00e9ho stavu sa st\u00e1le rozch\u00e1dzaj\u00fa... Nejednozna\u010dn\u00e9 legendy o tom, ak\u00e1 bola Po\u013esk\u00e1 \u013eudov\u00e1 republika a Po\u013esk\u00e1 zjednoten\u00e1 robotn\u00edcka strana... ktor\u00e9 neodr\u00e1\u017eaj\u00fa realitu. Pam\u00e4t\u00e1me si, \u017ee vtedy vl\u00e1dol strach, zotro\u010dovanie, vydieranie, politick\u00e9 vra\u017edy. Neboli to \u010dasy smie\u0161nych frontov a potravinov\u00fdch l\u00edstkov, hl\u00fapeho ZOMO, mil\u00edcie, neschopnej \u0160tB, boli to \u010dasy tr\u00e1penia, prenasledovania, biedy. Na\u0161ou \u00falohou je sprostredkova\u0165 pravdu o tom, \u010do sa stalo, ak\u00e1 d\u00f4le\u017eit\u00e1 je odvaha v \u010dase opoz\u00edcie vo\u010di Po\u013eskej \u013eudovej republike, ako aj odvaha zavies\u0165 o\u010dak\u00e1van\u00e9 spolo\u010densk\u00e9 a politick\u00e9 zmeny.<\/p>\n\n\n\n<p>Mo\u017eno,\nneby\u0165 toho, \u017ee voli\u010di v roku 1989 dali prednos\u0165 demokratickej opoz\u00edcii, zmena by sa oneskorila\no mnoho rokov. Pri\u0161li by nesk\u00f4r, ale ich n\u00e1klady a dr\u00e1ma by boli ove\u013ea v\u00e4\u010d\u0161ie. Po str\u00e1nke\nv\u00ed\u0165azstvo v roku 1989 sa bohu\u017eia\u013e dopustili ch\u00fdb. Syst\u00e9m sa nezmenil okam\u017eite\n- ako si to \u017eelali voli\u010di v roku 1989, nedo\u0161lo k \u017eiadnemu preverovaniu, ani k potrestaniu t\u00fdch.\nosoby zodpovedn\u00e9 za krimin\u00e1lne, trestn\u00e9 konanie v Po\u013eskej \u013eudovej republike neboli potrestan\u00e9....<\/p>\n\n\n\n<p>Ako osoba, ktor\u00e1 sa akt\u00edvne podie\u013eala na t\u00fdchto zmen\u00e1ch, vyst\u00fapil Marek Kuchci\u0144ski. Pripomenul, \u017ee v j\u00fali 1989 od <a href=\"http:\/\/www.encysol.pl\/wiki\/Marek_Kami%C5%84ski\">Marek Kami\u0144ski<\/a> za\u010dali protestova\u0165 prostredn\u00edctvom telexu. Protesty v Przemy\u015bli boli siln\u00e9 a dramatick\u00e9 (poslanec EP <a href=\"http:\/\/www.encysol.pl\/wiki\/Robert_Majka\">Robert Majk<\/a>a). T\u00fdkali sa n\u00e1rodn\u00e9ho zoznamu po prvom kole volieb a zmeny volebn\u00e9ho syst\u00e9mu medzi jednotliv\u00fdmi kolami volieb, ktor\u00e1 umo\u017enila doplnenie n\u00e1rodn\u00e9ho zoznamu. <\/p>\n\n\n\n<p>Po\u010das prv\u00e9ho kongresu Dohody o stredisku to boli pr\u00e1ve \u0161trukt\u00fary v Przemy\u015bli a Rzeszowe, ktor\u00e9 predlo\u017eili my\u0161lienku dekomuniz\u00e1cie.<\/p>\n\n\n\n<p>Predseda parlamentu upozornil na pozit\u00edvnu atmosf\u00e9ru, ktor\u00e1 sprev\u00e1dzala podkarpatsk\u00fa opoz\u00edciu, ako aj na jej jednotu, silu a odhodlanie v boji proti komunizmu. - Ne\u013eutujem ten \u010das, bolo to ve\u013emi zauj\u00edmav\u00e9,\" uzavrel.<\/p>\n\n\n\n<p>Na druhej strane Waldemar Wiglusz upozornil, \u017ee o mnoh\u00fdch veciach, ktor\u00e9 sa v tom \u010dase diali na celo\u0161t\u00e1tnej a region\u00e1lnej \u00farovni, sa nevedelo. - Vtedy bolo 49 provinci\u00ed a neexistoval internet ani mobiln\u00e9 telef\u00f3ny. Ve\u013ea inform\u00e1ci\u00ed o t\u00fdch \u010dasoch n\u00e1jdete v rozhovoroch redaktorky Elizy Olczyk vo v\u00edkendovom vydan\u00ed denn\u00edka Rzeczpospolita: Plus-m\u00ednus - s aktivistami z tohto obdobia. D\u00fafajme, \u017ee tieto rozhovory raz vyjd\u00fa kni\u017ene, preto\u017ee s\u00fa ba\u0148ou poznatkov svedkov vtedaj\u0161\u00edch udalost\u00ed. Ke\u010f\u017ee dnes sme sami kritick\u00ed k pr\u00edbehom z t\u00fdch \u010dias - zost\u00e1va povzbudi\u0165 \u013eud\u00ed, aby nap\u00edsali svoje vlastn\u00e9 svedectv\u00e1 a predlo\u017eili ich napr\u00edklad IPN, tla\u010di alebo ich odovzdali v akejko\u013evek forme,\" povedal Wilgusz. <br><\/p>\n\n\n\n<p class=\"has-text-color has-vivid-cyan-blue-color\"><strong>Prieskum CBOS v roku 2019 a zmeny v\u00fdsledkov v porovnan\u00ed s rokmi 2009 a 2014<\/strong><\/p>\n\n\n\n<figure class=\"wp-block-image\"><img fetchpriority=\"high\" decoding=\"async\" width=\"1024\" height=\"803\" src=\"https:\/\/marekkuchcinski.pl\/wp-content\/uploads\/2019\/05\/1-1024x803.png\" alt=\"\" class=\"wp-image-15510\" srcset=\"https:\/\/marekkuchcinski.pl\/wp-content\/uploads\/2019\/05\/1-1024x803.png 1024w, https:\/\/marekkuchcinski.pl\/wp-content\/uploads\/2019\/05\/1-300x235.png 300w, https:\/\/marekkuchcinski.pl\/wp-content\/uploads\/2019\/05\/1-768x602.png 768w, https:\/\/marekkuchcinski.pl\/wp-content\/uploads\/2019\/05\/1.png 2048w\" sizes=\"(max-width: 1024px) 100vw, 1024px\" \/><\/figure>\n\n\n\n<figure class=\"wp-block-image\"><img decoding=\"async\" width=\"1024\" height=\"738\" src=\"https:\/\/marekkuchcinski.pl\/wp-content\/uploads\/2019\/05\/2-1024x738.png\" alt=\"\" class=\"wp-image-15511\" srcset=\"https:\/\/marekkuchcinski.pl\/wp-content\/uploads\/2019\/05\/2-1024x738.png 1024w, https:\/\/marekkuchcinski.pl\/wp-content\/uploads\/2019\/05\/2-300x216.png 300w, https:\/\/marekkuchcinski.pl\/wp-content\/uploads\/2019\/05\/2-768x554.png 768w, https:\/\/marekkuchcinski.pl\/wp-content\/uploads\/2019\/05\/2.png 2048w\" sizes=\"(max-width: 1024px) 100vw, 1024px\" \/><\/figure>\n\n\n\n<figure class=\"wp-block-image\"><img decoding=\"async\" width=\"1024\" height=\"617\" src=\"https:\/\/marekkuchcinski.pl\/wp-content\/uploads\/2019\/05\/3-1024x617.png\" alt=\"\" class=\"wp-image-15515\" srcset=\"https:\/\/marekkuchcinski.pl\/wp-content\/uploads\/2019\/05\/3-1024x617.png 1024w, https:\/\/marekkuchcinski.pl\/wp-content\/uploads\/2019\/05\/3-300x181.png 300w, https:\/\/marekkuchcinski.pl\/wp-content\/uploads\/2019\/05\/3-768x463.png 768w, https:\/\/marekkuchcinski.pl\/wp-content\/uploads\/2019\/05\/3.png 2048w\" sizes=\"(max-width: 1024px) 100vw, 1024px\" \/><\/figure>\n\n\n\n<figure class=\"wp-block-image\"><img loading=\"lazy\" decoding=\"async\" width=\"2048\" height=\"1407\" src=\"https:\/\/marekkuchcinski.pl\/wp-content\/uploads\/2019\/05\/4-1024x704.png\" alt=\"\" class=\"wp-image-15512\" srcset=\"https:\/\/marekkuchcinski.pl\/wp-content\/uploads\/2019\/05\/4-1024x704.png 1024w, https:\/\/marekkuchcinski.pl\/wp-content\/uploads\/2019\/05\/4-300x206.png 300w, https:\/\/marekkuchcinski.pl\/wp-content\/uploads\/2019\/05\/4-768x528.png 768w, https:\/\/marekkuchcinski.pl\/wp-content\/uploads\/2019\/05\/4.png 2048w\" sizes=\"(max-width: 2048px) 100vw, 2048px\" \/><\/figure>\n\n\n\n<figure class=\"wp-block-image\"><img loading=\"lazy\" decoding=\"async\" width=\"1024\" height=\"893\" src=\"https:\/\/marekkuchcinski.pl\/wp-content\/uploads\/2019\/05\/5-1024x893.png\" alt=\"\" class=\"wp-image-15513\" srcset=\"https:\/\/marekkuchcinski.pl\/wp-content\/uploads\/2019\/05\/5-1024x893.png 1024w, https:\/\/marekkuchcinski.pl\/wp-content\/uploads\/2019\/05\/5-300x262.png 300w, https:\/\/marekkuchcinski.pl\/wp-content\/uploads\/2019\/05\/5-768x670.png 768w, https:\/\/marekkuchcinski.pl\/wp-content\/uploads\/2019\/05\/5.png 2048w\" sizes=\"(max-width: 1024px) 100vw, 1024px\" \/><\/figure>\n\n\n\n<p><em>text, foto Marta Olejnik<\/em><\/p>\n\n\n\n<figure class=\"wp-block-image is-resized\"><img loading=\"lazy\" decoding=\"async\" src=\"https:\/\/marekkuchcinski.pl\/wp-content\/uploads\/2019\/05\/IMG_9872-814x1024.jpg\" alt=\"\" class=\"wp-image-15395\" width=\"574\" height=\"722\" srcset=\"https:\/\/marekkuchcinski.pl\/wp-content\/uploads\/2019\/05\/IMG_9872-814x1024.jpg 814w, https:\/\/marekkuchcinski.pl\/wp-content\/uploads\/2019\/05\/IMG_9872-239x300.jpg 239w, https:\/\/marekkuchcinski.pl\/wp-content\/uploads\/2019\/05\/IMG_9872-768x966.jpg 768w, https:\/\/marekkuchcinski.pl\/wp-content\/uploads\/2019\/05\/IMG_9872.jpg 1628w\" sizes=\"(max-width: 574px) 100vw, 574px\" \/><figcaption><strong>Prof. Jan Draus<\/strong><br><\/figcaption><\/figure>\n\n\n\n<figure class=\"wp-block-image\"><img loading=\"lazy\" decoding=\"async\" width=\"1024\" height=\"674\" src=\"https:\/\/marekkuchcinski.pl\/wp-content\/uploads\/2019\/05\/IMG_0002-1024x674.jpg\" alt=\"\" class=\"wp-image-15424\" srcset=\"https:\/\/marekkuchcinski.pl\/wp-content\/uploads\/2019\/05\/IMG_0002-1024x674.jpg 1024w, https:\/\/marekkuchcinski.pl\/wp-content\/uploads\/2019\/05\/IMG_0002-300x197.jpg 300w, https:\/\/marekkuchcinski.pl\/wp-content\/uploads\/2019\/05\/IMG_0002-768x505.jpg 768w, https:\/\/marekkuchcinski.pl\/wp-content\/uploads\/2019\/05\/IMG_0002.jpg 2048w\" sizes=\"(max-width: 1024px) 100vw, 1024px\" \/><figcaption><strong>Andrzej Klarkowski<\/strong><\/figcaption><\/figure>\n\n\n\n<figure class=\"wp-block-image\"><img loading=\"lazy\" decoding=\"async\" width=\"664\" height=\"463\" src=\"https:\/\/marekkuchcinski.pl\/wp-content\/uploads\/2019\/05\/PSX_20190513_171338.jpg\" alt=\"\" class=\"wp-image-15480\" srcset=\"https:\/\/marekkuchcinski.pl\/wp-content\/uploads\/2019\/05\/PSX_20190513_171338.jpg 664w, https:\/\/marekkuchcinski.pl\/wp-content\/uploads\/2019\/05\/PSX_20190513_171338-300x209.jpg 300w\" sizes=\"(max-width: 664px) 100vw, 664px\" \/><figcaption><strong>Marek Kuchci\u0144ski<\/strong><br><\/figcaption><\/figure>\n\n\n\n<figure class=\"wp-block-image\"><img loading=\"lazy\" decoding=\"async\" width=\"1024\" height=\"683\" src=\"https:\/\/marekkuchcinski.pl\/wp-content\/uploads\/2019\/05\/IMG_9934-1024x683.jpg\" alt=\"\" class=\"wp-image-15526\" srcset=\"https:\/\/marekkuchcinski.pl\/wp-content\/uploads\/2019\/05\/IMG_9934-1024x683.jpg 1024w, https:\/\/marekkuchcinski.pl\/wp-content\/uploads\/2019\/05\/IMG_9934-300x200.jpg 300w, https:\/\/marekkuchcinski.pl\/wp-content\/uploads\/2019\/05\/IMG_9934-768x512.jpg 768w, https:\/\/marekkuchcinski.pl\/wp-content\/uploads\/2019\/05\/IMG_9934.jpg 2048w\" sizes=\"(max-width: 1024px) 100vw, 1024px\" \/><\/figure>\n\n\n\n<figure class=\"wp-block-image\"><img loading=\"lazy\" decoding=\"async\" width=\"1024\" height=\"683\" src=\"https:\/\/marekkuchcinski.pl\/wp-content\/uploads\/2019\/05\/IMG_0032-1024x683.jpg\" alt=\"\" class=\"wp-image-15428\" srcset=\"https:\/\/marekkuchcinski.pl\/wp-content\/uploads\/2019\/05\/IMG_0032-1024x683.jpg 1024w, https:\/\/marekkuchcinski.pl\/wp-content\/uploads\/2019\/05\/IMG_0032-300x200.jpg 300w, https:\/\/marekkuchcinski.pl\/wp-content\/uploads\/2019\/05\/IMG_0032-768x512.jpg 768w, https:\/\/marekkuchcinski.pl\/wp-content\/uploads\/2019\/05\/IMG_0032.jpg 2048w\" sizes=\"(max-width: 1024px) 100vw, 1024px\" \/><figcaption><strong>Predseda zasadnutia Andrew Paniw<\/strong><\/figcaption><\/figure>\n\n\n\n<figure class=\"wp-block-image\"><img loading=\"lazy\" decoding=\"async\" width=\"1024\" height=\"683\" src=\"https:\/\/marekkuchcinski.pl\/wp-content\/uploads\/2019\/05\/IMG_0008-1024x683.jpg\" alt=\"\" class=\"wp-image-15425\" srcset=\"https:\/\/marekkuchcinski.pl\/wp-content\/uploads\/2019\/05\/IMG_0008-1024x683.jpg 1024w, https:\/\/marekkuchcinski.pl\/wp-content\/uploads\/2019\/05\/IMG_0008-300x200.jpg 300w, https:\/\/marekkuchcinski.pl\/wp-content\/uploads\/2019\/05\/IMG_0008-768x512.jpg 768w, https:\/\/marekkuchcinski.pl\/wp-content\/uploads\/2019\/05\/IMG_0008.jpg 2048w\" sizes=\"(max-width: 1024px) 100vw, 1024px\" \/><figcaption><strong> Lucyna Podhalicz, Bogus\u0142aw Wojnarowicz <\/strong><\/figcaption><\/figure>\n\n\n\n<figure class=\"wp-block-image\"><img loading=\"lazy\" decoding=\"async\" width=\"1024\" height=\"683\" src=\"https:\/\/marekkuchcinski.pl\/wp-content\/uploads\/2019\/05\/IMG_0028-1024x683.jpg\" alt=\"\" class=\"wp-image-15427\" srcset=\"https:\/\/marekkuchcinski.pl\/wp-content\/uploads\/2019\/05\/IMG_0028-1024x683.jpg 1024w, https:\/\/marekkuchcinski.pl\/wp-content\/uploads\/2019\/05\/IMG_0028-300x200.jpg 300w, https:\/\/marekkuchcinski.pl\/wp-content\/uploads\/2019\/05\/IMG_0028-768x512.jpg 768w, https:\/\/marekkuchcinski.pl\/wp-content\/uploads\/2019\/05\/IMG_0028.jpg 2048w\" sizes=\"(max-width: 1024px) 100vw, 1024px\" \/><figcaption><strong> Grzegorz Pietrusza <\/strong><\/figcaption><\/figure>\n\n\n\n<figure class=\"wp-block-image\"><img loading=\"lazy\" decoding=\"async\" width=\"1024\" height=\"683\" src=\"https:\/\/marekkuchcinski.pl\/wp-content\/uploads\/2019\/05\/IMG_9989-1024x683.jpg\" alt=\"\" class=\"wp-image-15399\" srcset=\"https:\/\/marekkuchcinski.pl\/wp-content\/uploads\/2019\/05\/IMG_9989-1024x683.jpg 1024w, https:\/\/marekkuchcinski.pl\/wp-content\/uploads\/2019\/05\/IMG_9989-300x200.jpg 300w, https:\/\/marekkuchcinski.pl\/wp-content\/uploads\/2019\/05\/IMG_9989-768x512.jpg 768w, https:\/\/marekkuchcinski.pl\/wp-content\/uploads\/2019\/05\/IMG_9989.jpg 2048w\" sizes=\"(max-width: 1024px) 100vw, 1024px\" \/><figcaption><strong>Waldemar Wiglusz:<\/strong><br><br><\/figcaption><\/figure>\n\n\n\n<figure class=\"wp-block-image\"><img loading=\"lazy\" decoding=\"async\" width=\"1024\" height=\"686\" src=\"https:\/\/marekkuchcinski.pl\/wp-content\/uploads\/2019\/05\/IMG_9990-1024x686.jpg\" alt=\"\" class=\"wp-image-15422\" srcset=\"https:\/\/marekkuchcinski.pl\/wp-content\/uploads\/2019\/05\/IMG_9990-1024x686.jpg 1024w, https:\/\/marekkuchcinski.pl\/wp-content\/uploads\/2019\/05\/IMG_9990-300x201.jpg 300w, https:\/\/marekkuchcinski.pl\/wp-content\/uploads\/2019\/05\/IMG_9990-768x515.jpg 768w, https:\/\/marekkuchcinski.pl\/wp-content\/uploads\/2019\/05\/IMG_9990.jpg 2048w\" sizes=\"(max-width: 1024px) 100vw, 1024px\" \/><figcaption><strong> Jerzy Adamski  <\/strong><\/figcaption><\/figure>\n\n\n\n<figure class=\"wp-block-image\"><img loading=\"lazy\" decoding=\"async\" width=\"1024\" height=\"877\" src=\"https:\/\/marekkuchcinski.pl\/wp-content\/uploads\/2019\/05\/IMG_9996-1-1024x877.jpg\" alt=\"\" class=\"wp-image-15432\" srcset=\"https:\/\/marekkuchcinski.pl\/wp-content\/uploads\/2019\/05\/IMG_9996-1-1024x877.jpg 1024w, https:\/\/marekkuchcinski.pl\/wp-content\/uploads\/2019\/05\/IMG_9996-1-300x257.jpg 300w, https:\/\/marekkuchcinski.pl\/wp-content\/uploads\/2019\/05\/IMG_9996-1-768x658.jpg 768w, https:\/\/marekkuchcinski.pl\/wp-content\/uploads\/2019\/05\/IMG_9996-1.jpg 2048w\" sizes=\"(max-width: 1024px) 100vw, 1024px\" \/><figcaption><strong> Maciej D\u0119bicki <\/strong><\/figcaption><\/figure>\n\n\n\n<figure class=\"wp-block-image\"><img loading=\"lazy\" decoding=\"async\" width=\"1024\" height=\"683\" src=\"https:\/\/marekkuchcinski.pl\/wp-content\/uploads\/2019\/05\/IMG_9975-1024x683.jpg\" alt=\"\" class=\"wp-image-15421\" srcset=\"https:\/\/marekkuchcinski.pl\/wp-content\/uploads\/2019\/05\/IMG_9975-1024x683.jpg 1024w, https:\/\/marekkuchcinski.pl\/wp-content\/uploads\/2019\/05\/IMG_9975-300x200.jpg 300w, https:\/\/marekkuchcinski.pl\/wp-content\/uploads\/2019\/05\/IMG_9975-768x512.jpg 768w, https:\/\/marekkuchcinski.pl\/wp-content\/uploads\/2019\/05\/IMG_9975.jpg 2048w\" sizes=\"(max-width: 1024px) 100vw, 1024px\" \/><figcaption><strong>Jan Karu\u015b, Marek Kami\u0144ski, Jan Musia\u0142<\/strong><\/figcaption><\/figure>\n\n\n\n<figure class=\"wp-block-image\"><img loading=\"lazy\" decoding=\"async\" width=\"1024\" height=\"683\" src=\"https:\/\/marekkuchcinski.pl\/wp-content\/uploads\/2019\/05\/IMG_0009-1024x683.jpg\" alt=\"\" class=\"wp-image-15430\" srcset=\"https:\/\/marekkuchcinski.pl\/wp-content\/uploads\/2019\/05\/IMG_0009-1024x683.jpg 1024w, https:\/\/marekkuchcinski.pl\/wp-content\/uploads\/2019\/05\/IMG_0009-300x200.jpg 300w, https:\/\/marekkuchcinski.pl\/wp-content\/uploads\/2019\/05\/IMG_0009-768x512.jpg 768w, https:\/\/marekkuchcinski.pl\/wp-content\/uploads\/2019\/05\/IMG_0009.jpg 2048w\" sizes=\"(max-width: 1024px) 100vw, 1024px\" \/><\/figure>","protected":false},"excerpt":{"rendered":"<p>O tym, jak przebiega\u0142y zmiany w Polsce po obaleniu komunizmu rozmawiano podczas pierwszego spotkania Karpackiego Klubu Dyskusyjnego w Muzeum Narodowym Ziemi Przemyskiej. Prof. Jan Draus por\u00f3wna\u0142 drog\u0119 do wolno\u015bci Polski i W\u0119gier. Przypomnia\u0142, \u017ce rok 1989 dla Polski i Europy \u015arodkowo-Wschodniej znamionowa\u0142 kres komunizmu, kt\u00f3ry przez dziesi\u0105tki lat zniewala\u0142 znaczn\u0105 cz\u0119\u015b\u0107 ludno\u015bci \u015bwiata i by\u0142 [&hellip;]<\/p>","protected":false},"author":6,"featured_media":15480,"comment_status":"open","ping_status":"open","sticky":false,"template":"","format":"standard","meta":{"ngg_post_thumbnail":0,"footnotes":""},"categories":[49,82,3],"tags":[],"class_list":["post-15394","post","type-post","status-publish","format-standard","has-post-thumbnail","hentry","category-podkarpacie","category-prawo-i-sprawiedliwosc","category-wydarzenia"],"yoast_head":"<!-- This site is optimized with the Yoast SEO plugin v24.7 - https:\/\/yoast.com\/wordpress\/plugins\/seo\/ -->\n<title>Rok 1989 w Europie \u015arodkowo-Wschodniej w perspektywie 30-letniej \u2013 spotkanie z udzia\u0142em marsza\u0142ka Sejmu Marka Kuchci\u0144skiego &#8211; Marek Kuchci\u0144ski<\/title>\n<meta name=\"robots\" content=\"index, follow, max-snippet:-1, max-image-preview:large, max-video-preview:-1\" \/>\n<link rel=\"canonical\" href=\"https:\/\/marekkuchcinski.pl\/sk\/wydarzenia\/rok-1989-w-europie-srodkowo-wschodniej-w-perspektywie-30-letniej-spotkanie-z-udzialem-marszalka-sejmu-marka-kuchcinskiego\/\" \/>\n<meta property=\"og:locale\" content=\"sk_SK\" \/>\n<meta property=\"og:type\" content=\"article\" \/>\n<meta property=\"og:title\" content=\"Rok 1989 w Europie \u015arodkowo-Wschodniej w perspektywie 30-letniej \u2013 spotkanie z udzia\u0142em marsza\u0142ka Sejmu Marka Kuchci\u0144skiego &#8211; Marek Kuchci\u0144ski\" \/>\n<meta property=\"og:description\" content=\"O tym, jak przebiega\u0142y zmiany w Polsce po obaleniu komunizmu rozmawiano podczas pierwszego spotkania Karpackiego Klubu Dyskusyjnego w Muzeum Narodowym Ziemi Przemyskiej. Prof. Jan Draus por\u00f3wna\u0142 drog\u0119 do wolno\u015bci Polski i W\u0119gier. Przypomnia\u0142, \u017ce rok 1989 dla Polski i Europy \u015arodkowo-Wschodniej znamionowa\u0142 kres komunizmu, kt\u00f3ry przez dziesi\u0105tki lat zniewala\u0142 znaczn\u0105 cz\u0119\u015b\u0107 ludno\u015bci \u015bwiata i by\u0142 [&hellip;]\" \/>\n<meta property=\"og:url\" content=\"https:\/\/marekkuchcinski.pl\/sk\/wydarzenia\/rok-1989-w-europie-srodkowo-wschodniej-w-perspektywie-30-letniej-spotkanie-z-udzialem-marszalka-sejmu-marka-kuchcinskiego\/\" \/>\n<meta property=\"og:site_name\" content=\"Marek Kuchci\u0144ski\" \/>\n<meta property=\"article:published_time\" content=\"2019-05-14T13:29:47+00:00\" \/>\n<meta property=\"article:modified_time\" content=\"2019-05-16T18:11:46+00:00\" \/>\n<meta property=\"og:image\" content=\"https:\/\/marekkuchcinski.pl\/wp-content\/uploads\/2019\/05\/PSX_20190513_171338.jpg\" \/>\n\t<meta property=\"og:image:width\" content=\"664\" \/>\n\t<meta property=\"og:image:height\" content=\"463\" \/>\n\t<meta property=\"og:image:type\" content=\"image\/jpeg\" \/>\n<meta name=\"author\" content=\"admin\" \/>\n<meta name=\"twitter:card\" content=\"summary_large_image\" \/>\n<meta name=\"twitter:label1\" content=\"Autor\" \/>\n\t<meta name=\"twitter:data1\" content=\"admin\" \/>\n\t<meta name=\"twitter:label2\" content=\"Predpokladan\u00fd \u010das \u010d\u00edtania\" \/>\n\t<meta name=\"twitter:data2\" content=\"4 min\u00faty\" \/>\n<script type=\"application\/ld+json\" class=\"yoast-schema-graph\">{\"@context\":\"https:\/\/schema.org\",\"@graph\":[{\"@type\":\"Article\",\"@id\":\"https:\/\/marekkuchcinski.pl\/ro\/wydarzenia\/rok-1989-w-europie-srodkowo-wschodniej-w-perspektywie-30-letniej-spotkanie-z-udzialem-marszalka-sejmu-marka-kuchcinskiego\/#article\",\"isPartOf\":{\"@id\":\"https:\/\/marekkuchcinski.pl\/ro\/wydarzenia\/rok-1989-w-europie-srodkowo-wschodniej-w-perspektywie-30-letniej-spotkanie-z-udzialem-marszalka-sejmu-marka-kuchcinskiego\/\"},\"author\":{\"name\":\"admin\",\"@id\":\"https:\/\/marekkuchcinski.pl\/#\/schema\/person\/6f62700996b4d950b6ea2d1183b6c6be\"},\"headline\":\"Rok 1989 w Europie \u015arodkowo-Wschodniej w perspektywie 30-letniej \u2013 spotkanie z udzia\u0142em marsza\u0142ka Sejmu Marka Kuchci\u0144skiego\",\"datePublished\":\"2019-05-14T13:29:47+00:00\",\"dateModified\":\"2019-05-16T18:11:46+00:00\",\"mainEntityOfPage\":{\"@id\":\"https:\/\/marekkuchcinski.pl\/ro\/wydarzenia\/rok-1989-w-europie-srodkowo-wschodniej-w-perspektywie-30-letniej-spotkanie-z-udzialem-marszalka-sejmu-marka-kuchcinskiego\/\"},\"wordCount\":868,\"commentCount\":0,\"publisher\":{\"@id\":\"https:\/\/marekkuchcinski.pl\/#organization\"},\"image\":{\"@id\":\"https:\/\/marekkuchcinski.pl\/ro\/wydarzenia\/rok-1989-w-europie-srodkowo-wschodniej-w-perspektywie-30-letniej-spotkanie-z-udzialem-marszalka-sejmu-marka-kuchcinskiego\/#primaryimage\"},\"thumbnailUrl\":\"https:\/\/marekkuchcinski.pl\/wp-content\/uploads\/2019\/05\/PSX_20190513_171338.jpg\",\"articleSection\":[\"Podkarpacie\",\"Prawo i Sprawiedliwo\u015b\u0107\",\"Wydarzenia\"],\"inLanguage\":\"sk-SK\",\"potentialAction\":[{\"@type\":\"CommentAction\",\"name\":\"Comment\",\"target\":[\"https:\/\/marekkuchcinski.pl\/ro\/wydarzenia\/rok-1989-w-europie-srodkowo-wschodniej-w-perspektywie-30-letniej-spotkanie-z-udzialem-marszalka-sejmu-marka-kuchcinskiego\/#respond\"]}]},{\"@type\":\"WebPage\",\"@id\":\"https:\/\/marekkuchcinski.pl\/ro\/wydarzenia\/rok-1989-w-europie-srodkowo-wschodniej-w-perspektywie-30-letniej-spotkanie-z-udzialem-marszalka-sejmu-marka-kuchcinskiego\/\",\"url\":\"https:\/\/marekkuchcinski.pl\/ro\/wydarzenia\/rok-1989-w-europie-srodkowo-wschodniej-w-perspektywie-30-letniej-spotkanie-z-udzialem-marszalka-sejmu-marka-kuchcinskiego\/\",\"name\":\"Rok 1989 w Europie \u015arodkowo-Wschodniej w perspektywie 30-letniej \u2013 spotkanie z udzia\u0142em marsza\u0142ka Sejmu Marka Kuchci\u0144skiego &#8211; Marek Kuchci\u0144ski\",\"isPartOf\":{\"@id\":\"https:\/\/marekkuchcinski.pl\/#website\"},\"primaryImageOfPage\":{\"@id\":\"https:\/\/marekkuchcinski.pl\/ro\/wydarzenia\/rok-1989-w-europie-srodkowo-wschodniej-w-perspektywie-30-letniej-spotkanie-z-udzialem-marszalka-sejmu-marka-kuchcinskiego\/#primaryimage\"},\"image\":{\"@id\":\"https:\/\/marekkuchcinski.pl\/ro\/wydarzenia\/rok-1989-w-europie-srodkowo-wschodniej-w-perspektywie-30-letniej-spotkanie-z-udzialem-marszalka-sejmu-marka-kuchcinskiego\/#primaryimage\"},\"thumbnailUrl\":\"https:\/\/marekkuchcinski.pl\/wp-content\/uploads\/2019\/05\/PSX_20190513_171338.jpg\",\"datePublished\":\"2019-05-14T13:29:47+00:00\",\"dateModified\":\"2019-05-16T18:11:46+00:00\",\"breadcrumb\":{\"@id\":\"https:\/\/marekkuchcinski.pl\/ro\/wydarzenia\/rok-1989-w-europie-srodkowo-wschodniej-w-perspektywie-30-letniej-spotkanie-z-udzialem-marszalka-sejmu-marka-kuchcinskiego\/#breadcrumb\"},\"inLanguage\":\"sk-SK\",\"potentialAction\":[{\"@type\":\"ReadAction\",\"target\":[\"https:\/\/marekkuchcinski.pl\/ro\/wydarzenia\/rok-1989-w-europie-srodkowo-wschodniej-w-perspektywie-30-letniej-spotkanie-z-udzialem-marszalka-sejmu-marka-kuchcinskiego\/\"]}]},{\"@type\":\"ImageObject\",\"inLanguage\":\"sk-SK\",\"@id\":\"https:\/\/marekkuchcinski.pl\/ro\/wydarzenia\/rok-1989-w-europie-srodkowo-wschodniej-w-perspektywie-30-letniej-spotkanie-z-udzialem-marszalka-sejmu-marka-kuchcinskiego\/#primaryimage\",\"url\":\"https:\/\/marekkuchcinski.pl\/wp-content\/uploads\/2019\/05\/PSX_20190513_171338.jpg\",\"contentUrl\":\"https:\/\/marekkuchcinski.pl\/wp-content\/uploads\/2019\/05\/PSX_20190513_171338.jpg\",\"width\":664,\"height\":463},{\"@type\":\"BreadcrumbList\",\"@id\":\"https:\/\/marekkuchcinski.pl\/ro\/wydarzenia\/rok-1989-w-europie-srodkowo-wschodniej-w-perspektywie-30-letniej-spotkanie-z-udzialem-marszalka-sejmu-marka-kuchcinskiego\/#breadcrumb\",\"itemListElement\":[{\"@type\":\"ListItem\",\"position\":1,\"name\":\"Strona g\u0142\u00f3wna\",\"item\":\"https:\/\/marekkuchcinski.pl\/\"},{\"@type\":\"ListItem\",\"position\":2,\"name\":\"Rok 1989 w Europie \u015arodkowo-Wschodniej w perspektywie 30-letniej \u2013 spotkanie z udzia\u0142em marsza\u0142ka Sejmu Marka Kuchci\u0144skiego\"}]},{\"@type\":\"WebSite\",\"@id\":\"https:\/\/marekkuchcinski.pl\/#website\",\"url\":\"https:\/\/marekkuchcinski.pl\/\",\"name\":\"Marek Kuchci\u0144ski\",\"description\":\"Pose\u0142 na sejm RP &ndash; okr\u0119g nr 22\",\"publisher\":{\"@id\":\"https:\/\/marekkuchcinski.pl\/#organization\"},\"potentialAction\":[{\"@type\":\"SearchAction\",\"target\":{\"@type\":\"EntryPoint\",\"urlTemplate\":\"https:\/\/marekkuchcinski.pl\/?s={search_term_string}\"},\"query-input\":{\"@type\":\"PropertyValueSpecification\",\"valueRequired\":true,\"valueName\":\"search_term_string\"}}],\"inLanguage\":\"sk-SK\"},{\"@type\":\"Organization\",\"@id\":\"https:\/\/marekkuchcinski.pl\/#organization\",\"name\":\"Marek Kuchci\u0144ski\",\"url\":\"https:\/\/marekkuchcinski.pl\/\",\"logo\":{\"@type\":\"ImageObject\",\"inLanguage\":\"sk-SK\",\"@id\":\"https:\/\/marekkuchcinski.pl\/#\/schema\/logo\/image\/\",\"url\":\"https:\/\/marekkuchcinski.pl\/wp-content\/uploads\/2022\/09\/Marek.jpg\",\"contentUrl\":\"https:\/\/marekkuchcinski.pl\/wp-content\/uploads\/2022\/09\/Marek.jpg\",\"width\":1600,\"height\":971,\"caption\":\"Marek Kuchci\u0144ski\"},\"image\":{\"@id\":\"https:\/\/marekkuchcinski.pl\/#\/schema\/logo\/image\/\"}},{\"@type\":\"Person\",\"@id\":\"https:\/\/marekkuchcinski.pl\/#\/schema\/person\/6f62700996b4d950b6ea2d1183b6c6be\",\"name\":\"admin\",\"image\":{\"@type\":\"ImageObject\",\"inLanguage\":\"sk-SK\",\"@id\":\"https:\/\/marekkuchcinski.pl\/#\/schema\/person\/image\/\",\"url\":\"https:\/\/secure.gravatar.com\/avatar\/4bab693b9d55c3d6b52c0296a8765085?s=96&d=mm&r=g\",\"contentUrl\":\"https:\/\/secure.gravatar.com\/avatar\/4bab693b9d55c3d6b52c0296a8765085?s=96&d=mm&r=g\",\"caption\":\"admin\"},\"url\":\"https:\/\/marekkuchcinski.pl\/sk\/author\/marta-olejnik\/\"}]}<\/script>\n<!-- \/ Yoast SEO plugin. -->","yoast_head_json":{"title":"Rok 1989 w Europie \u015arodkowo-Wschodniej w perspektywie 30-letniej \u2013 spotkanie z udzia\u0142em marsza\u0142ka Sejmu Marka Kuchci\u0144skiego &#8211; Marek Kuchci\u0144ski","robots":{"index":"index","follow":"follow","max-snippet":"max-snippet:-1","max-image-preview":"max-image-preview:large","max-video-preview":"max-video-preview:-1"},"canonical":"https:\/\/marekkuchcinski.pl\/sk\/wydarzenia\/rok-1989-w-europie-srodkowo-wschodniej-w-perspektywie-30-letniej-spotkanie-z-udzialem-marszalka-sejmu-marka-kuchcinskiego\/","og_locale":"sk_SK","og_type":"article","og_title":"Rok 1989 w Europie \u015arodkowo-Wschodniej w perspektywie 30-letniej \u2013 spotkanie z udzia\u0142em marsza\u0142ka Sejmu Marka Kuchci\u0144skiego &#8211; Marek Kuchci\u0144ski","og_description":"O tym, jak przebiega\u0142y zmiany w Polsce po obaleniu komunizmu rozmawiano podczas pierwszego spotkania Karpackiego Klubu Dyskusyjnego w Muzeum Narodowym Ziemi Przemyskiej. Prof. Jan Draus por\u00f3wna\u0142 drog\u0119 do wolno\u015bci Polski i W\u0119gier. Przypomnia\u0142, \u017ce rok 1989 dla Polski i Europy \u015arodkowo-Wschodniej znamionowa\u0142 kres komunizmu, kt\u00f3ry przez dziesi\u0105tki lat zniewala\u0142 znaczn\u0105 cz\u0119\u015b\u0107 ludno\u015bci \u015bwiata i by\u0142 [&hellip;]","og_url":"https:\/\/marekkuchcinski.pl\/sk\/wydarzenia\/rok-1989-w-europie-srodkowo-wschodniej-w-perspektywie-30-letniej-spotkanie-z-udzialem-marszalka-sejmu-marka-kuchcinskiego\/","og_site_name":"Marek Kuchci\u0144ski","article_published_time":"2019-05-14T13:29:47+00:00","article_modified_time":"2019-05-16T18:11:46+00:00","og_image":[{"width":664,"height":463,"url":"https:\/\/marekkuchcinski.pl\/wp-content\/uploads\/2019\/05\/PSX_20190513_171338.jpg","type":"image\/jpeg"}],"author":"admin","twitter_card":"summary_large_image","twitter_misc":{"Autor":"admin","Predpokladan\u00fd \u010das \u010d\u00edtania":"4 min\u00faty"},"schema":{"@context":"https:\/\/schema.org","@graph":[{"@type":"Article","@id":"https:\/\/marekkuchcinski.pl\/ro\/wydarzenia\/rok-1989-w-europie-srodkowo-wschodniej-w-perspektywie-30-letniej-spotkanie-z-udzialem-marszalka-sejmu-marka-kuchcinskiego\/#article","isPartOf":{"@id":"https:\/\/marekkuchcinski.pl\/ro\/wydarzenia\/rok-1989-w-europie-srodkowo-wschodniej-w-perspektywie-30-letniej-spotkanie-z-udzialem-marszalka-sejmu-marka-kuchcinskiego\/"},"author":{"name":"admin","@id":"https:\/\/marekkuchcinski.pl\/#\/schema\/person\/6f62700996b4d950b6ea2d1183b6c6be"},"headline":"Rok 1989 w Europie \u015arodkowo-Wschodniej w perspektywie 30-letniej \u2013 spotkanie z udzia\u0142em marsza\u0142ka Sejmu Marka Kuchci\u0144skiego","datePublished":"2019-05-14T13:29:47+00:00","dateModified":"2019-05-16T18:11:46+00:00","mainEntityOfPage":{"@id":"https:\/\/marekkuchcinski.pl\/ro\/wydarzenia\/rok-1989-w-europie-srodkowo-wschodniej-w-perspektywie-30-letniej-spotkanie-z-udzialem-marszalka-sejmu-marka-kuchcinskiego\/"},"wordCount":868,"commentCount":0,"publisher":{"@id":"https:\/\/marekkuchcinski.pl\/#organization"},"image":{"@id":"https:\/\/marekkuchcinski.pl\/ro\/wydarzenia\/rok-1989-w-europie-srodkowo-wschodniej-w-perspektywie-30-letniej-spotkanie-z-udzialem-marszalka-sejmu-marka-kuchcinskiego\/#primaryimage"},"thumbnailUrl":"https:\/\/marekkuchcinski.pl\/wp-content\/uploads\/2019\/05\/PSX_20190513_171338.jpg","articleSection":["Podkarpacie","Prawo i Sprawiedliwo\u015b\u0107","Wydarzenia"],"inLanguage":"sk-SK","potentialAction":[{"@type":"CommentAction","name":"Comment","target":["https:\/\/marekkuchcinski.pl\/ro\/wydarzenia\/rok-1989-w-europie-srodkowo-wschodniej-w-perspektywie-30-letniej-spotkanie-z-udzialem-marszalka-sejmu-marka-kuchcinskiego\/#respond"]}]},{"@type":"WebPage","@id":"https:\/\/marekkuchcinski.pl\/ro\/wydarzenia\/rok-1989-w-europie-srodkowo-wschodniej-w-perspektywie-30-letniej-spotkanie-z-udzialem-marszalka-sejmu-marka-kuchcinskiego\/","url":"https:\/\/marekkuchcinski.pl\/ro\/wydarzenia\/rok-1989-w-europie-srodkowo-wschodniej-w-perspektywie-30-letniej-spotkanie-z-udzialem-marszalka-sejmu-marka-kuchcinskiego\/","name":"Rok 1989 w Europie \u015arodkowo-Wschodniej w perspektywie 30-letniej \u2013 spotkanie z udzia\u0142em marsza\u0142ka Sejmu Marka Kuchci\u0144skiego &#8211; Marek Kuchci\u0144ski","isPartOf":{"@id":"https:\/\/marekkuchcinski.pl\/#website"},"primaryImageOfPage":{"@id":"https:\/\/marekkuchcinski.pl\/ro\/wydarzenia\/rok-1989-w-europie-srodkowo-wschodniej-w-perspektywie-30-letniej-spotkanie-z-udzialem-marszalka-sejmu-marka-kuchcinskiego\/#primaryimage"},"image":{"@id":"https:\/\/marekkuchcinski.pl\/ro\/wydarzenia\/rok-1989-w-europie-srodkowo-wschodniej-w-perspektywie-30-letniej-spotkanie-z-udzialem-marszalka-sejmu-marka-kuchcinskiego\/#primaryimage"},"thumbnailUrl":"https:\/\/marekkuchcinski.pl\/wp-content\/uploads\/2019\/05\/PSX_20190513_171338.jpg","datePublished":"2019-05-14T13:29:47+00:00","dateModified":"2019-05-16T18:11:46+00:00","breadcrumb":{"@id":"https:\/\/marekkuchcinski.pl\/ro\/wydarzenia\/rok-1989-w-europie-srodkowo-wschodniej-w-perspektywie-30-letniej-spotkanie-z-udzialem-marszalka-sejmu-marka-kuchcinskiego\/#breadcrumb"},"inLanguage":"sk-SK","potentialAction":[{"@type":"ReadAction","target":["https:\/\/marekkuchcinski.pl\/ro\/wydarzenia\/rok-1989-w-europie-srodkowo-wschodniej-w-perspektywie-30-letniej-spotkanie-z-udzialem-marszalka-sejmu-marka-kuchcinskiego\/"]}]},{"@type":"ImageObject","inLanguage":"sk-SK","@id":"https:\/\/marekkuchcinski.pl\/ro\/wydarzenia\/rok-1989-w-europie-srodkowo-wschodniej-w-perspektywie-30-letniej-spotkanie-z-udzialem-marszalka-sejmu-marka-kuchcinskiego\/#primaryimage","url":"https:\/\/marekkuchcinski.pl\/wp-content\/uploads\/2019\/05\/PSX_20190513_171338.jpg","contentUrl":"https:\/\/marekkuchcinski.pl\/wp-content\/uploads\/2019\/05\/PSX_20190513_171338.jpg","width":664,"height":463},{"@type":"BreadcrumbList","@id":"https:\/\/marekkuchcinski.pl\/ro\/wydarzenia\/rok-1989-w-europie-srodkowo-wschodniej-w-perspektywie-30-letniej-spotkanie-z-udzialem-marszalka-sejmu-marka-kuchcinskiego\/#breadcrumb","itemListElement":[{"@type":"ListItem","position":1,"name":"Strona g\u0142\u00f3wna","item":"https:\/\/marekkuchcinski.pl\/"},{"@type":"ListItem","position":2,"name":"Rok 1989 w Europie \u015arodkowo-Wschodniej w perspektywie 30-letniej \u2013 spotkanie z udzia\u0142em marsza\u0142ka Sejmu Marka Kuchci\u0144skiego"}]},{"@type":"WebSite","@id":"https:\/\/marekkuchcinski.pl\/#website","url":"https:\/\/marekkuchcinski.pl\/","name":"Marek Kuchci\u0144ski","description":"Pose\u0142 na sejm RP &ndash; okr\u0119g nr 22","publisher":{"@id":"https:\/\/marekkuchcinski.pl\/#organization"},"potentialAction":[{"@type":"SearchAction","target":{"@type":"EntryPoint","urlTemplate":"https:\/\/marekkuchcinski.pl\/?s={search_term_string}"},"query-input":{"@type":"PropertyValueSpecification","valueRequired":true,"valueName":"search_term_string"}}],"inLanguage":"sk-SK"},{"@type":"Organization","@id":"https:\/\/marekkuchcinski.pl\/#organization","name":"Marek Kuchci\u0144ski","url":"https:\/\/marekkuchcinski.pl\/","logo":{"@type":"ImageObject","inLanguage":"sk-SK","@id":"https:\/\/marekkuchcinski.pl\/#\/schema\/logo\/image\/","url":"https:\/\/marekkuchcinski.pl\/wp-content\/uploads\/2022\/09\/Marek.jpg","contentUrl":"https:\/\/marekkuchcinski.pl\/wp-content\/uploads\/2022\/09\/Marek.jpg","width":1600,"height":971,"caption":"Marek Kuchci\u0144ski"},"image":{"@id":"https:\/\/marekkuchcinski.pl\/#\/schema\/logo\/image\/"}},{"@type":"Person","@id":"https:\/\/marekkuchcinski.pl\/#\/schema\/person\/6f62700996b4d950b6ea2d1183b6c6be","name":"admin","image":{"@type":"ImageObject","inLanguage":"sk-SK","@id":"https:\/\/marekkuchcinski.pl\/#\/schema\/person\/image\/","url":"https:\/\/secure.gravatar.com\/avatar\/4bab693b9d55c3d6b52c0296a8765085?s=96&d=mm&r=g","contentUrl":"https:\/\/secure.gravatar.com\/avatar\/4bab693b9d55c3d6b52c0296a8765085?s=96&d=mm&r=g","caption":"admin"},"url":"https:\/\/marekkuchcinski.pl\/sk\/author\/marta-olejnik\/"}]}},"_links":{"self":[{"href":"https:\/\/marekkuchcinski.pl\/sk\/wp-json\/wp\/v2\/posts\/15394","targetHints":{"allow":["GET"]}}],"collection":[{"href":"https:\/\/marekkuchcinski.pl\/sk\/wp-json\/wp\/v2\/posts"}],"about":[{"href":"https:\/\/marekkuchcinski.pl\/sk\/wp-json\/wp\/v2\/types\/post"}],"author":[{"embeddable":true,"href":"https:\/\/marekkuchcinski.pl\/sk\/wp-json\/wp\/v2\/users\/6"}],"replies":[{"embeddable":true,"href":"https:\/\/marekkuchcinski.pl\/sk\/wp-json\/wp\/v2\/comments?post=15394"}],"version-history":[{"count":40,"href":"https:\/\/marekkuchcinski.pl\/sk\/wp-json\/wp\/v2\/posts\/15394\/revisions"}],"predecessor-version":[{"id":15539,"href":"https:\/\/marekkuchcinski.pl\/sk\/wp-json\/wp\/v2\/posts\/15394\/revisions\/15539"}],"wp:featuredmedia":[{"embeddable":true,"href":"https:\/\/marekkuchcinski.pl\/sk\/wp-json\/wp\/v2\/media\/15480"}],"wp:attachment":[{"href":"https:\/\/marekkuchcinski.pl\/sk\/wp-json\/wp\/v2\/media?parent=15394"}],"wp:term":[{"taxonomy":"category","embeddable":true,"href":"https:\/\/marekkuchcinski.pl\/sk\/wp-json\/wp\/v2\/categories?post=15394"},{"taxonomy":"post_tag","embeddable":true,"href":"https:\/\/marekkuchcinski.pl\/sk\/wp-json\/wp\/v2\/tags?post=15394"}],"curies":[{"name":"wp","href":"https:\/\/api.w.org\/{rel}","templated":true}]}}