{"id":15282,"date":"2019-05-12T00:18:55","date_gmt":"2019-05-11T22:18:55","guid":{"rendered":"https:\/\/marekkuchcinski.pl\/?p=15282"},"modified":"2019-05-13T14:25:44","modified_gmt":"2019-05-13T12:25:44","slug":"powiatowa-konwencja-prawa-i-sprawiedliwosci-w-przemyslu","status":"publish","type":"post","link":"https:\/\/marekkuchcinski.pl\/sk\/wydarzenia\/powiatowa-konwencja-prawa-i-sprawiedliwosci-w-przemyslu\/","title":{"rendered":"\u017dupn\u00fd konvent o pr\u00e1ve a spravodlivosti v Przemy\u015bli"},"content":{"rendered":"<ul class=\"wp-block-gallery columns-0 is-cropped wp-block-gallery-1 is-layout-flex wp-block-gallery-is-layout-flex\"><li class=\"blocks-gallery-item\"><figure><img fetchpriority=\"high\" decoding=\"async\" width=\"1024\" height=\"702\" src=\"https:\/\/marekkuchcinski.pl\/wp-content\/uploads\/2019\/05\/IMG_0357-1-1024x702.jpg\" alt=\"\" data-id=\"15460\" data-link=\"https:\/\/marekkuchcinski.pl\/wydarzenia\/powiatowa-konwencja-prawa-i-sprawiedliwosci-w-przemyslu\/attachment\/img_0357-2\/\" class=\"wp-image-15460\" srcset=\"https:\/\/marekkuchcinski.pl\/wp-content\/uploads\/2019\/05\/IMG_0357-1-1024x702.jpg 1024w, https:\/\/marekkuchcinski.pl\/wp-content\/uploads\/2019\/05\/IMG_0357-1-300x206.jpg 300w, https:\/\/marekkuchcinski.pl\/wp-content\/uploads\/2019\/05\/IMG_0357-1-768x526.jpg 768w, https:\/\/marekkuchcinski.pl\/wp-content\/uploads\/2019\/05\/IMG_0357-1.jpg 2048w\" sizes=\"(max-width: 1024px) 100vw, 1024px\" \/><\/figure><\/li><\/ul>\n\n\n\n<figure class=\"wp-block-image\"><img decoding=\"async\" width=\"1024\" height=\"683\" src=\"https:\/\/marekkuchcinski.pl\/wp-content\/uploads\/2019\/05\/IMG_0219-3-1024x683.jpg\" alt=\"\" class=\"wp-image-15457\" srcset=\"https:\/\/marekkuchcinski.pl\/wp-content\/uploads\/2019\/05\/IMG_0219-3-1024x683.jpg 1024w, https:\/\/marekkuchcinski.pl\/wp-content\/uploads\/2019\/05\/IMG_0219-3-300x200.jpg 300w, https:\/\/marekkuchcinski.pl\/wp-content\/uploads\/2019\/05\/IMG_0219-3-768x512.jpg 768w, https:\/\/marekkuchcinski.pl\/wp-content\/uploads\/2019\/05\/IMG_0219-3.jpg 2048w\" sizes=\"(max-width: 1024px) 100vw, 1024px\" \/><\/figure>\n\n\n\n<p><strong>D\u0148a 11. m\u00e1ja 2019 sa v meste Przemy\u015bl uskuto\u010dnilo.\nUskuto\u010dnil sa \u017eupn\u00fd konvent pr\u00e1va a spravodlivosti. Predseda Podkarpatskej oblasti pr\u00e1va a spravodlivosti -\nMarek Kuchci\u0144ski zd\u00f4raznil ve\u013ek\u00fd pr\u00ednos Pr\u00e1va a spravodlivosti pre dobro\nzmeny v Po\u013esku.<\/strong><\/p>\n\n\n\n<p>Pripomenul okrem in\u00e9ho takzvan\u00fa Kaczy\u0144sk\u00e9ho p\u00e4\u0165ku, ktor\u00fa podporuje a\u017e 80 percent Poliakov a v\u010faka ktorej zostane v pe\u0148a\u017eenk\u00e1ch viac pe\u0148az\u00ed a zlep\u0161\u00ed sa kvalita \u017eivota po\u013esk\u00fdch rod\u00edn. <\/p>\n\n\n\n<p><strong>Nov\u00fd program Pr\u00e1vo a spravodlivos\u0165 pozost\u00e1va z:<\/strong><\/p>\n\n\n\n<ul class=\"wp-block-list\"><li>\"Trin\u00e1sty\nd\u00f4chodok\" vo v\u00fd\u0161ke 888 PLN na ruku pre ka\u017ed\u00e9ho z 10 mili\u00f3nov d\u00f4chodcov a\nd\u00f4chodcovia. Z\u00e1kon bol prijat\u00fd a peniaze sa u\u017e vypl\u00e1caj\u00fa.<\/li><li>\"500\nplus\" na ka\u017ed\u00e9 die\u0165a, na z\u00e1klade \u017eiadosti, platba od 1. j\u00fala.<\/li><li>Zn\u00ed\u017eenie\nMzdov\u00e9 n\u00e1klady. Zv\u00fd\u0161enie odpo\u010d\u00edtate\u013en\u00fdch n\u00e1kladov a zn\u00ed\u017eenie PIT z\n18 na 17 percent pre v\u0161etk\u00fdch pracuj\u00facich zn\u00ed\u017ei da\u0148ov\u00e9 za\u0165a\u017eenie a umo\u017en\u00ed\nzv\u00fd\u0161i\u0165 re\u00e1lne mzdy, ktor\u00e9 Poliaci dost\u00e1vaj\u00fa. <\/li><li>Nie\nPIT pre zamestnancov do 26 rokov. \u00da\u013eava sa bude vz\u0165ahova\u0165 na v\u0161etk\u00fdch zamestnancov\ndo veku 26 rokov, ktor\u00ed maj\u00fa pracovn\u00fa zmluvu alebo poverenie. T\u00e1to zmena zabezpe\u010d\u00ed stabiln\u00fa\nzamestnanosti mlad\u00fdch \u013eud\u00ed a u\u013eah\u010d\u00ed im za\u010diatok kari\u00e9ry.<\/li><li>Obnovenie\nMiestna autobusov\u00e1 doprava - osobitn\u00fd fond pre miestne org\u00e1ny na miestnu dopravu\nmiestna doprava. N\u00e1vrh v Sejme.<\/li><\/ul>\n\n\n\n<p>-\nNa\u0161a politika umo\u017e\u0148uje zabezpe\u010di\u0165 udr\u017eate\u013en\u00fd rozvoj Po\u013eska a vyrovna\u0165 \u017eivotn\u00fa \u00farove\u0148\n\u017eivota medzi jeho jednotliv\u00fdmi \u010das\u0165ami. To je d\u00f4le\u017eit\u00e9 najm\u00e4 pre Przemy\u015bl\nOblas\u0165 Przemy\u015bl - zd\u00f4raznil Kuchci\u0144ski. - Nov\u00e1 PiS Five a u\u017e sk\u00f4r ozn\u00e1men\u00e9\nprogramy, ako napr\u00edklad \"Fond miestnych komunik\u00e1ci\u00ed\" alebo program termomoderniz\u00e1cie\n\"Tepl\u00fd domov\" znamen\u00e1 pre v\u00fdchodn\u00e9 Po\u013esko miliardy zlot\u00fdch v horizonte nieko\u013ek\u00fdch rokov.\nV\u00fdchodn\u00e9 Po\u013esko. Tieto opatrenia spolu s rozsiahlymi soci\u00e1lnymi programami\na systematick\u00e9 zvy\u0161ovanie minim\u00e1lnej mzdy (zv\u00fd\u0161enie o 500 PLN)\nzabezpe\u010di\u0165 lep\u0161ie \u017eivotn\u00e9 podmienky,\" zd\u00f4raznil predseda Sejmu.<\/p>\n\n\n\n<p>Marek Kuchci\u0144ski zd\u00f4raznil, \u017ee\n\u00faspech, ktor\u00fd strana Pr\u00e1vo a spravodlivos\u0165 dosiahla vo vo\u013eb\u00e1ch do miestnych samospr\u00e1v, na Sejmik\nVojvodsk\u00e9ho zhroma\u017edenia a vo v\u00e4\u010d\u0161ine okresov je v\u00fdsledkom tvrdej pr\u00e1ce. Vo vo\u013eb\u00e1ch do Eur\u00f3pskeho parlamentu\nVo\u013eby do Eur\u00f3pskeho parlamentu, ktor\u00e9 sa bud\u00fa kona\u0165 26. m\u00e1ja, by mali tento \u00faspech zopakova\u0165. Mus\u00edme\nzabezpe\u010di\u0165 \u010do najvy\u0161\u0161iu \u00fa\u010das\u0165. Po\u013esko potrebuje siln\u00e9 zast\u00fapenie v Bruseli\nPo\u013esko potrebuje v Bruseli siln\u00e9 zast\u00fapenie, ktor\u00e9 n\u00e1s bude d\u00f4stojne reprezentova\u0165.<\/p>\n\n\n\n<p>- Z\u00e1klad na\u0161ich aktiv\u00edt\nbola a je d\u00f4veryhodnos\u0165. Dr\u017e\u00edme slovo. Niektor\u00e9 z ozn\u00e1men\u00fdch po\u017eiadaviek\nu\u017e boli implementovan\u00e9 a \u010fal\u0161ie bud\u00fa prijat\u00e9 v nasleduj\u00facich t\u00fd\u017ed\u0148och.\nnasleduj\u00facich t\u00fd\u017ed\u0148ov. Predt\u00fdm sa s\u013euby neplnili: zv\u00fd\u0161il sa vek odchodu do d\u00f4chodku,\nZv\u00fd\u0161ila sa DPH, odobrali sa prostriedky z otvoren\u00fdch d\u00f4chodkov\u00fdch fondov,\" povedal Kuchci\u0144ski.<\/p>\n\n\n\n<p>Predseda parlamentu\nSejm pripomenul spolo\u010densky d\u00f4le\u017eit\u00e9 a\nrozvojov\u00e9 programy, ktor\u00e9 u\u017e boli realizovan\u00e9:<\/p>\n\n\n\n<ul class=\"wp-block-list\"><li>\u0160kolsk\u00e1 \u0161tartovacia sada - Dobr\u00fd za\u010diatok<\/li><\/ul>\n\n\n\n<p>Program podpory 300 PLN pre \u0161tudentov do 18 rokov. Ka\u017ed\u00fd rok v\naugust, rodi\u010dia dostan\u00fa 300 z\u0142 na \u0161kolsk\u00fd \u0161tartovac\u00ed bal\u00ed\u010dek pre ka\u017ed\u00e9ho \u017eiaka.\n\u017eiak <em>w <\/em>2017 - 4,6 mili\u00f3na \u017eiakov<\/p>\n\n\n\n<ul class=\"wp-block-list\"><li>Zni\u017eujeme CIT - zni\u017eujeme dane<\/li><\/ul>\n\n\n\n<p>V roku 2016. Pr\u00e1vo a spravodlivos\u0165 zn\u00ed\u017eilo da\u0148 z pr\u00edjmu pr\u00e1vnick\u00fdch os\u00f4b pre mal\u00e9 a stredn\u00e9 podniky z 19 % na 15 %.\nOd 1. janu\u00e1ra 2019 plat\u00ed \u010fal\u0161ie zn\u00ed\u017eenie dane z pr\u00edjmu pr\u00e1vnick\u00fdch os\u00f4b - z 15 % na 9 %! Na jednu\njedna z najni\u017e\u0161\u00edch \u00farovn\u00ed v Eur\u00f3pe! V Ma\u010farsku st\u00e1le plat\u00ed 9-percentn\u00e1 sadzba\na v \u010ciernej Hore. Zaveden\u00e1 zmena sa t\u00fdka pribli\u017ene 400 000 spolo\u010dnost\u00ed.<\/p>\n\n\n\n<ul class=\"wp-block-list\"><li>Dostupnos\u0165 plus na 8 rokov - 23 mili\u00e1rd PLN<\/li><\/ul>\n\n\n\n<p>Program pre seniorov a v\u0161etk\u00fdch, ktor\u00ed potrebuj\u00fa pomoc s\nka\u017edodenn\u00fd \u017eivot. Jeho cie\u013eom je zabezpe\u010di\u0165 skuto\u010dn\u00fa dostupnos\u0165 miest, ktor\u00e9 dnes\nmnoh\u00ed Poliaci sa tam be\u017ene nedostan\u00fa. Autobusy, vlakov\u00e9 stanice, obytn\u00e9 bloky\nmusia by\u0165 pr\u00edstupn\u00e9 pre ka\u017ed\u00e9ho. V Po\u013esku \u017eije 4,3 mili\u00f3na \u013eud\u00ed\nso zdravotn\u00fdm postihnut\u00edm.<\/p>\n\n\n\n<p>Okrem toho sa zaviedlo minim\u00e1lne d\u00f4chodkov\u00e9 zabezpe\u010denie pre \u017eeny\nktor\u00e9 porodili a vychovali najmenej \u0161tyri deti. Bud\u00fa dost\u00e1va\u0165 minim\u00e1lny d\u00f4chodok\nd\u00f4chodok bez oh\u013eadu na to, ko\u013eko pracovali. Rodiny so \u0161tyrmi a viac de\u0165mi v roku 2011. 184,7\ntis\u00edc vo vidieckych oblastiach a 88,6 tis\u00edc v mestsk\u00fdch oblastiach.<\/p>\n\n\n\n<ul class=\"wp-block-list\"><li>Mal\u00e9 podniky - Mal\u00e9 soci\u00e1lne zabezpe\u010denie<\/li><\/ul>\n\n\n\n<p>Ni\u017e\u0161ia ZUS pre spolo\u010dnosti s mesa\u010dn\u00fdm obratom do 2,5\nminim\u00e1lnej mzdy v Po\u013esku. Teraz mal\u00e1 spolo\u010dnos\u0165 plat\u00ed 1230 PLN. Po zmene -\n660 PLN.<\/p>\n\n\n\n<ul class=\"wp-block-list\"><li>Miestne cesty<\/li><\/ul>\n\n\n\n<p>Na v\u00fdstavbu miestnych ciest bol vytvoren\u00fd fond vo v\u00fd\u0161ke najmenej 6 mld.\nna obnovu a v\u00fdstavbu miestnych ciest. V roku 2016 bolo pod\u013ea \u00dastredn\u00e9ho \u0161tatistick\u00e9ho \u00faradu (\u00daS\u00da) len pribli\u017ene 60 % mestsk\u00fdch verejn\u00fdch komunik\u00e1ci\u00ed\nverejn\u00e9 cesty maj\u00fa spevnen\u00fd povrch.<\/p>\n\n\n\n<p>V roku 2016 v Po\u013esku - 420 236 km\nverejn\u00fdch ciest, z toho dia\u013enice a r\u00fdchlostn\u00e9 cesty predstavovali 3171 km.<\/p>\n\n\n\n<p><strong>&nbsp;&nbsp; \u00dalohy, ktor\u00e9 splnila strana Pr\u00e1vo a spravodlivos\u0165:<\/strong><\/p>\n\n\n\n<p>Programy: Rodina 500+,\n15 % dane z pr\u00edjmu pre podnikate\u013eov, bezplatn\u00e9 lieky od veku 75 rokov, zn\u00ed\u017eenie\nd\u00f4chodkov\u00fd vek, zv\u00fd\u0161enie minim\u00e1lnej hodinovej mzdy na viac ako 13 PLN,\nzv\u00fd\u0161enie minim\u00e1lnych d\u00f4chodkov, zru\u0161enie povinn\u00e9ho zasielania\n\u0161es\u0165ro\u010dn\u00fdch det\u00ed do \u0161koly, \u00fastavu pre podnikanie, z\u00e1kaz skupovania po\u013eskej p\u00f4dy,\nreforma Dobrej \u0161koly - to s\u00fa len niektor\u00e9 z ozn\u00e1men\u00fdch projektov, ktor\u00e9 boli\nsa podarilo zrealizova\u0165 za tieto viac ako dva roky;<\/p>\n\n\n\n<p>&nbsp;&nbsp;&nbsp;&nbsp;&nbsp; <strong>Zoznam\nsplnen\u00e9 volebn\u00e9 z\u00e1v\u00e4zky:<\/strong><\/p>\n\n\n\n<p><strong>Reformy\n\u0160t\u00e1ty<\/strong><\/p>\n\n\n\n<ul class=\"wp-block-list\"><li>reforma\nvzdelanie - Dobr\u00e1 \u0161kola - 8-ro\u010dn\u00e1 z\u00e1kladn\u00e1 \u0161kola, 4-ro\u010dn\u00e9 gymn\u00e1zium, 5-ro\u010dn\u00e9\ntechnick\u00e9 \u0161koly, obchodn\u00e9 \u0161koly.<\/li><li>reforma\nspr\u00e1vu dan\u00ed a zriadenie N\u00e1rodnej da\u0148ovej spr\u00e1vy, <\/li><li>&nbsp;Reforma s\u00fadnictva.<\/li><\/ul>\n\n\n\n<p><strong>Reformy\nsoci\u00e1lne<\/strong><\/p>\n\n\n\n<ul class=\"wp-block-list\"><li>program\nRodina 500 plus (2,5 mili\u00f3na rod\u00edn, 3,7 mili\u00f3na det\u00ed),<\/li><li>zn\u00ed\u017eenie\nvek odchodu do d\u00f4chodku na 60 a 65 rokov (350 000 v roku 2017),<\/li><li>zadarmo\nlieky pre star\u0161\u00edch ob\u010danov,<\/li><li>zv\u00fd\u0161enie minim\u00e1lnej mzdy\nminim\u00e1lnu mzdu na 2250 PLN a hodinov\u00fa sadzbu na 14,7 PLN,<\/li><li>zv\u00fd\u0161enie\nnajni\u017e\u0161ie d\u00f4chodky na 1063 PLN,<\/li><li>obmedzenie\nobchodovanie v nede\u013eu,<\/li><li>zv\u00fd\u0161enie\nv\u00fddavkov na zdravotn\u00edctvo na 6% HDP v nadch\u00e1dzaj\u00facich rokoch,<\/li><\/ul>\n\n\n\n<p><strong>Reforma\nvzdel\u00e1vanie<\/strong><\/p>\n\n\n\n<ul class=\"wp-block-list\"><li>Dobr\u00e1 \u0161kola\n- 8-ro\u010dn\u00e1 z\u00e1kladn\u00e1 \u0161kola, 4-ro\u010dn\u00e1 stredn\u00e1 \u0161kola, 5-ro\u010dn\u00e1 odborn\u00e1 \u0161kola, obchodn\u00e9 \u0161koly,<\/li><li>zru\u0161enie\npovinn\u00e1 \u0161kolsk\u00e1 doch\u00e1dzka pre \u0161es\u0165ro\u010dn\u00e9 deti,<\/li><li>z\u00e1kaz\nodoberanie det\u00ed rodi\u010dom z d\u00f4vodu chudoby.<\/li><\/ul>\n\n\n\n<p><strong>Mana\u017ement<\/strong><\/p>\n\n\n\n<ul class=\"wp-block-list\"><li>bojova\u0165 proti\nPodvody s DPH - len v roku 2017 n\u00e1rast pr\u00edjmov o 30 mld.<\/li><li>zn\u00ed\u017eenie\nCIT od 19 do 9% pre mal\u00e9 spolo\u010dnosti a za\u010d\u00ednaj\u00face podniky<\/li><li>reforma da\u0148ovej spr\u00e1vy a zriadenie\nKAS - N\u00e1rodn\u00e1 finan\u010dn\u00e1 spr\u00e1va<\/li><li>zv\u00fd\u0161enie nezdanite\u013enej sumy\nna 8 000 PLN <\/li><li>obmedzenie obchodu v nede\u013eu,<\/li><li>Obchodn\u00e1 \u00fastava\n- okrem in\u00e9ho zmena vz\u0165ahu podnikate\u013e - \u00farad, mo\u017enos\u0165 neregistrovanej \u010dinnosti pre drobn\u00e9 z\u00e1robkov\u00e9 podnikanie\nneregistrovan\u00e1 mal\u00e1 podnikate\u013esk\u00e1 \u010dinnos\u0165, 6-mesa\u010dn\u00e1 \u00fa\u013eava na pr\u00edspevkoch na soci\u00e1lne poistenie pre\n6-mesa\u010dn\u00e1 \u00fa\u013eava na pr\u00edspevkoch do ZUS pre za\u010d\u00ednaj\u00facich podnikate\u013eov. <\/li><\/ul>\n\n\n\n<p><strong>Zabezpe\u010denie<\/strong><\/p>\n\n\n\n<ul class=\"wp-block-list\"><li>Zriadenie s\u00edl \u00fazemnej obrany\n     Sily \u00fazemnej obrany, <\/li><li>Moderniz\u00e1cia uniformovan\u00fdch slu\u017eieb\n     (napr. pol\u00edcia, arm\u00e1da) - vy\u010dlenen\u00fdch 9,2 miliardy PLN, z toho viac ako 4 miliardy PLN na\n     zv\u00fd\u0161enie platov,<\/li><li>Zvy\u0161ovanie energetickej bezpe\u010dnosti\n     (napr. spustenie prepravy plynu do plyn\u00e1rensk\u00e9ho pr\u00edstavu vo \u015awinouj\u015bcie, v\u00fdstavba baltsk\u00e9ho pr\u00edstavu, v\u00fdstavba\n     r\u00farky).<\/li><\/ul>\n\n\n\n<p><strong>Po\u013enohospod\u00e1rstvo<\/strong><\/p>\n\n\n\n<ul class=\"wp-block-list\"><li>Zv\u00fd\u0161enie v\u00fddavkov na po\u013enohospod\u00e1rstvo a\n     Rozvoj vidieka - 49 mili\u00e1rd PLN v roku 2018, <\/li><li>Poistenie pre po\u013enohospod\u00e1rov,<\/li><li>Ochrana po\u013eskej p\u00f4dy pred\n     odk\u00fapenie,<\/li><li>Otvorenie 30 nov\u00fdch trhov\n     zahrani\u010dn\u00e9 trhy pre po\u013esk\u00e9 v\u00fdrobky.<\/li><\/ul>\n\n\n\n<p>Na konferencii vyst\u00fapili aj\nKrystyna Wr\u00f3blewska, poslanky\u0148a, Piotr Pilch, z\u00e1stupca mar\u0161\u00e1lka Podkarpatsk\u00e9ho vojvodstva\n(kandid\u00e1tka do EP) a podpredsedn\u00ed\u010dka Podkarpatsk\u00e9ho vojvodstva Lucyna Podhaliczov\u00e1.<\/p>","protected":false},"excerpt":{"rendered":"<p>11 maja 2019 r. w Przemy\u015blu odby\u0142a si\u0119 Powiatowa Konwencja Prawa i Sprawiedliwo\u015bci. Prezes podkarpackiego PiS &#8211; Marek Kuchci\u0144ski podkre\u015bli\u0142 wielki wk\u0142ad Prawa i Sprawiedliwo\u015bci w dobrych zmianach w Polsce. Przypomnia\u0142 m.in. o tzw. Pi\u0105tce Kaczy\u0144skiego, kt\u00f3r\u0105 popiera a\u017c 80 proc. Polak\u00f3w, i dzi\u0119ki kt\u00f3rej w portfelach zostanie wi\u0119cej pieni\u0119dzy, a jako\u015b\u0107 \u017cycia polskich rodzin [&hellip;]<\/p>","protected":false},"author":6,"featured_media":15457,"comment_status":"open","ping_status":"open","sticky":false,"template":"","format":"standard","meta":{"ngg_post_thumbnail":0,"footnotes":""},"categories":[82,3],"tags":[134],"class_list":["post-15282","post","type-post","status-publish","format-standard","has-post-thumbnail","hentry","category-prawo-i-sprawiedliwosc","category-wydarzenia","tag-podkarpacie"],"yoast_head":"<!-- This site is optimized with the Yoast SEO plugin v24.7 - https:\/\/yoast.com\/wordpress\/plugins\/seo\/ -->\n<title>Powiatowa Konwencja Prawa i Sprawiedliwo\u015bci w Przemy\u015blu &#8211; Marek Kuchci\u0144ski<\/title>\n<meta name=\"robots\" content=\"index, follow, max-snippet:-1, max-image-preview:large, max-video-preview:-1\" \/>\n<link rel=\"canonical\" href=\"https:\/\/marekkuchcinski.pl\/sk\/wydarzenia\/powiatowa-konwencja-prawa-i-sprawiedliwosci-w-przemyslu\/\" \/>\n<meta property=\"og:locale\" content=\"sk_SK\" \/>\n<meta property=\"og:type\" content=\"article\" \/>\n<meta property=\"og:title\" content=\"Powiatowa Konwencja Prawa i Sprawiedliwo\u015bci w Przemy\u015blu &#8211; Marek Kuchci\u0144ski\" \/>\n<meta property=\"og:description\" content=\"11 maja 2019 r. w Przemy\u015blu odby\u0142a si\u0119 Powiatowa Konwencja Prawa i Sprawiedliwo\u015bci. Prezes podkarpackiego PiS &#8211; Marek Kuchci\u0144ski podkre\u015bli\u0142 wielki wk\u0142ad Prawa i Sprawiedliwo\u015bci w dobrych zmianach w Polsce. Przypomnia\u0142 m.in. o tzw. Pi\u0105tce Kaczy\u0144skiego, kt\u00f3r\u0105 popiera a\u017c 80 proc. Polak\u00f3w, i dzi\u0119ki kt\u00f3rej w portfelach zostanie wi\u0119cej pieni\u0119dzy, a jako\u015b\u0107 \u017cycia polskich rodzin [&hellip;]\" \/>\n<meta property=\"og:url\" content=\"https:\/\/marekkuchcinski.pl\/sk\/wydarzenia\/powiatowa-konwencja-prawa-i-sprawiedliwosci-w-przemyslu\/\" \/>\n<meta property=\"og:site_name\" content=\"Marek Kuchci\u0144ski\" \/>\n<meta property=\"article:published_time\" content=\"2019-05-11T22:18:55+00:00\" \/>\n<meta property=\"article:modified_time\" content=\"2019-05-13T12:25:44+00:00\" \/>\n<meta property=\"og:image\" content=\"https:\/\/marekkuchcinski.pl\/wp-content\/uploads\/2019\/05\/IMG_0219-3.jpg\" \/>\n\t<meta property=\"og:image:width\" content=\"2048\" \/>\n\t<meta property=\"og:image:height\" content=\"1365\" \/>\n\t<meta property=\"og:image:type\" content=\"image\/jpeg\" \/>\n<meta name=\"author\" content=\"admin\" \/>\n<meta name=\"twitter:card\" content=\"summary_large_image\" \/>\n<meta name=\"twitter:label1\" content=\"Autor\" \/>\n\t<meta name=\"twitter:data1\" content=\"admin\" \/>\n\t<meta name=\"twitter:label2\" content=\"Predpokladan\u00fd \u010das \u010d\u00edtania\" \/>\n\t<meta name=\"twitter:data2\" content=\"6 min\u00fat\" \/>\n<script type=\"application\/ld+json\" class=\"yoast-schema-graph\">{\"@context\":\"https:\/\/schema.org\",\"@graph\":[{\"@type\":\"Article\",\"@id\":\"https:\/\/marekkuchcinski.pl\/en\/wydarzenia\/powiatowa-konwencja-prawa-i-sprawiedliwosci-w-przemyslu\/#article\",\"isPartOf\":{\"@id\":\"https:\/\/marekkuchcinski.pl\/en\/wydarzenia\/powiatowa-konwencja-prawa-i-sprawiedliwosci-w-przemyslu\/\"},\"author\":{\"name\":\"admin\",\"@id\":\"https:\/\/marekkuchcinski.pl\/#\/schema\/person\/6f62700996b4d950b6ea2d1183b6c6be\"},\"headline\":\"Powiatowa Konwencja Prawa i Sprawiedliwo\u015bci w Przemy\u015blu\",\"datePublished\":\"2019-05-11T22:18:55+00:00\",\"dateModified\":\"2019-05-13T12:25:44+00:00\",\"mainEntityOfPage\":{\"@id\":\"https:\/\/marekkuchcinski.pl\/en\/wydarzenia\/powiatowa-konwencja-prawa-i-sprawiedliwosci-w-przemyslu\/\"},\"wordCount\":1174,\"commentCount\":0,\"publisher\":{\"@id\":\"https:\/\/marekkuchcinski.pl\/#organization\"},\"image\":{\"@id\":\"https:\/\/marekkuchcinski.pl\/en\/wydarzenia\/powiatowa-konwencja-prawa-i-sprawiedliwosci-w-przemyslu\/#primaryimage\"},\"thumbnailUrl\":\"https:\/\/marekkuchcinski.pl\/wp-content\/uploads\/2019\/05\/IMG_0219-3.jpg\",\"keywords\":[\"Podkarpacie\"],\"articleSection\":[\"Prawo i Sprawiedliwo\u015b\u0107\",\"Wydarzenia\"],\"inLanguage\":\"sk-SK\",\"potentialAction\":[{\"@type\":\"CommentAction\",\"name\":\"Comment\",\"target\":[\"https:\/\/marekkuchcinski.pl\/en\/wydarzenia\/powiatowa-konwencja-prawa-i-sprawiedliwosci-w-przemyslu\/#respond\"]}]},{\"@type\":\"WebPage\",\"@id\":\"https:\/\/marekkuchcinski.pl\/en\/wydarzenia\/powiatowa-konwencja-prawa-i-sprawiedliwosci-w-przemyslu\/\",\"url\":\"https:\/\/marekkuchcinski.pl\/en\/wydarzenia\/powiatowa-konwencja-prawa-i-sprawiedliwosci-w-przemyslu\/\",\"name\":\"Powiatowa Konwencja Prawa i Sprawiedliwo\u015bci w Przemy\u015blu &#8211; Marek Kuchci\u0144ski\",\"isPartOf\":{\"@id\":\"https:\/\/marekkuchcinski.pl\/#website\"},\"primaryImageOfPage\":{\"@id\":\"https:\/\/marekkuchcinski.pl\/en\/wydarzenia\/powiatowa-konwencja-prawa-i-sprawiedliwosci-w-przemyslu\/#primaryimage\"},\"image\":{\"@id\":\"https:\/\/marekkuchcinski.pl\/en\/wydarzenia\/powiatowa-konwencja-prawa-i-sprawiedliwosci-w-przemyslu\/#primaryimage\"},\"thumbnailUrl\":\"https:\/\/marekkuchcinski.pl\/wp-content\/uploads\/2019\/05\/IMG_0219-3.jpg\",\"datePublished\":\"2019-05-11T22:18:55+00:00\",\"dateModified\":\"2019-05-13T12:25:44+00:00\",\"breadcrumb\":{\"@id\":\"https:\/\/marekkuchcinski.pl\/en\/wydarzenia\/powiatowa-konwencja-prawa-i-sprawiedliwosci-w-przemyslu\/#breadcrumb\"},\"inLanguage\":\"sk-SK\",\"potentialAction\":[{\"@type\":\"ReadAction\",\"target\":[\"https:\/\/marekkuchcinski.pl\/en\/wydarzenia\/powiatowa-konwencja-prawa-i-sprawiedliwosci-w-przemyslu\/\"]}]},{\"@type\":\"ImageObject\",\"inLanguage\":\"sk-SK\",\"@id\":\"https:\/\/marekkuchcinski.pl\/en\/wydarzenia\/powiatowa-konwencja-prawa-i-sprawiedliwosci-w-przemyslu\/#primaryimage\",\"url\":\"https:\/\/marekkuchcinski.pl\/wp-content\/uploads\/2019\/05\/IMG_0219-3.jpg\",\"contentUrl\":\"https:\/\/marekkuchcinski.pl\/wp-content\/uploads\/2019\/05\/IMG_0219-3.jpg\",\"width\":2048,\"height\":1365},{\"@type\":\"BreadcrumbList\",\"@id\":\"https:\/\/marekkuchcinski.pl\/en\/wydarzenia\/powiatowa-konwencja-prawa-i-sprawiedliwosci-w-przemyslu\/#breadcrumb\",\"itemListElement\":[{\"@type\":\"ListItem\",\"position\":1,\"name\":\"Strona g\u0142\u00f3wna\",\"item\":\"https:\/\/marekkuchcinski.pl\/\"},{\"@type\":\"ListItem\",\"position\":2,\"name\":\"Powiatowa Konwencja Prawa i Sprawiedliwo\u015bci w Przemy\u015blu\"}]},{\"@type\":\"WebSite\",\"@id\":\"https:\/\/marekkuchcinski.pl\/#website\",\"url\":\"https:\/\/marekkuchcinski.pl\/\",\"name\":\"Marek Kuchci\u0144ski\",\"description\":\"Pose\u0142 na sejm RP &ndash; okr\u0119g nr 22\",\"publisher\":{\"@id\":\"https:\/\/marekkuchcinski.pl\/#organization\"},\"potentialAction\":[{\"@type\":\"SearchAction\",\"target\":{\"@type\":\"EntryPoint\",\"urlTemplate\":\"https:\/\/marekkuchcinski.pl\/?s={search_term_string}\"},\"query-input\":{\"@type\":\"PropertyValueSpecification\",\"valueRequired\":true,\"valueName\":\"search_term_string\"}}],\"inLanguage\":\"sk-SK\"},{\"@type\":\"Organization\",\"@id\":\"https:\/\/marekkuchcinski.pl\/#organization\",\"name\":\"Marek Kuchci\u0144ski\",\"url\":\"https:\/\/marekkuchcinski.pl\/\",\"logo\":{\"@type\":\"ImageObject\",\"inLanguage\":\"sk-SK\",\"@id\":\"https:\/\/marekkuchcinski.pl\/#\/schema\/logo\/image\/\",\"url\":\"https:\/\/marekkuchcinski.pl\/wp-content\/uploads\/2022\/09\/Marek.jpg\",\"contentUrl\":\"https:\/\/marekkuchcinski.pl\/wp-content\/uploads\/2022\/09\/Marek.jpg\",\"width\":1600,\"height\":971,\"caption\":\"Marek Kuchci\u0144ski\"},\"image\":{\"@id\":\"https:\/\/marekkuchcinski.pl\/#\/schema\/logo\/image\/\"}},{\"@type\":\"Person\",\"@id\":\"https:\/\/marekkuchcinski.pl\/#\/schema\/person\/6f62700996b4d950b6ea2d1183b6c6be\",\"name\":\"admin\",\"image\":{\"@type\":\"ImageObject\",\"inLanguage\":\"sk-SK\",\"@id\":\"https:\/\/marekkuchcinski.pl\/#\/schema\/person\/image\/\",\"url\":\"https:\/\/secure.gravatar.com\/avatar\/4bab693b9d55c3d6b52c0296a8765085?s=96&d=mm&r=g\",\"contentUrl\":\"https:\/\/secure.gravatar.com\/avatar\/4bab693b9d55c3d6b52c0296a8765085?s=96&d=mm&r=g\",\"caption\":\"admin\"},\"url\":\"https:\/\/marekkuchcinski.pl\/sk\/author\/marta-olejnik\/\"}]}<\/script>\n<!-- \/ Yoast SEO plugin. -->","yoast_head_json":{"title":"Powiatowa Konwencja Prawa i Sprawiedliwo\u015bci w Przemy\u015blu &#8211; Marek Kuchci\u0144ski","robots":{"index":"index","follow":"follow","max-snippet":"max-snippet:-1","max-image-preview":"max-image-preview:large","max-video-preview":"max-video-preview:-1"},"canonical":"https:\/\/marekkuchcinski.pl\/sk\/wydarzenia\/powiatowa-konwencja-prawa-i-sprawiedliwosci-w-przemyslu\/","og_locale":"sk_SK","og_type":"article","og_title":"Powiatowa Konwencja Prawa i Sprawiedliwo\u015bci w Przemy\u015blu &#8211; Marek Kuchci\u0144ski","og_description":"11 maja 2019 r. w Przemy\u015blu odby\u0142a si\u0119 Powiatowa Konwencja Prawa i Sprawiedliwo\u015bci. Prezes podkarpackiego PiS &#8211; Marek Kuchci\u0144ski podkre\u015bli\u0142 wielki wk\u0142ad Prawa i Sprawiedliwo\u015bci w dobrych zmianach w Polsce. Przypomnia\u0142 m.in. o tzw. Pi\u0105tce Kaczy\u0144skiego, kt\u00f3r\u0105 popiera a\u017c 80 proc. Polak\u00f3w, i dzi\u0119ki kt\u00f3rej w portfelach zostanie wi\u0119cej pieni\u0119dzy, a jako\u015b\u0107 \u017cycia polskich rodzin [&hellip;]","og_url":"https:\/\/marekkuchcinski.pl\/sk\/wydarzenia\/powiatowa-konwencja-prawa-i-sprawiedliwosci-w-przemyslu\/","og_site_name":"Marek Kuchci\u0144ski","article_published_time":"2019-05-11T22:18:55+00:00","article_modified_time":"2019-05-13T12:25:44+00:00","og_image":[{"width":2048,"height":1365,"url":"https:\/\/marekkuchcinski.pl\/wp-content\/uploads\/2019\/05\/IMG_0219-3.jpg","type":"image\/jpeg"}],"author":"admin","twitter_card":"summary_large_image","twitter_misc":{"Autor":"admin","Predpokladan\u00fd \u010das \u010d\u00edtania":"6 min\u00fat"},"schema":{"@context":"https:\/\/schema.org","@graph":[{"@type":"Article","@id":"https:\/\/marekkuchcinski.pl\/en\/wydarzenia\/powiatowa-konwencja-prawa-i-sprawiedliwosci-w-przemyslu\/#article","isPartOf":{"@id":"https:\/\/marekkuchcinski.pl\/en\/wydarzenia\/powiatowa-konwencja-prawa-i-sprawiedliwosci-w-przemyslu\/"},"author":{"name":"admin","@id":"https:\/\/marekkuchcinski.pl\/#\/schema\/person\/6f62700996b4d950b6ea2d1183b6c6be"},"headline":"Powiatowa Konwencja Prawa i Sprawiedliwo\u015bci w Przemy\u015blu","datePublished":"2019-05-11T22:18:55+00:00","dateModified":"2019-05-13T12:25:44+00:00","mainEntityOfPage":{"@id":"https:\/\/marekkuchcinski.pl\/en\/wydarzenia\/powiatowa-konwencja-prawa-i-sprawiedliwosci-w-przemyslu\/"},"wordCount":1174,"commentCount":0,"publisher":{"@id":"https:\/\/marekkuchcinski.pl\/#organization"},"image":{"@id":"https:\/\/marekkuchcinski.pl\/en\/wydarzenia\/powiatowa-konwencja-prawa-i-sprawiedliwosci-w-przemyslu\/#primaryimage"},"thumbnailUrl":"https:\/\/marekkuchcinski.pl\/wp-content\/uploads\/2019\/05\/IMG_0219-3.jpg","keywords":["Podkarpacie"],"articleSection":["Prawo i Sprawiedliwo\u015b\u0107","Wydarzenia"],"inLanguage":"sk-SK","potentialAction":[{"@type":"CommentAction","name":"Comment","target":["https:\/\/marekkuchcinski.pl\/en\/wydarzenia\/powiatowa-konwencja-prawa-i-sprawiedliwosci-w-przemyslu\/#respond"]}]},{"@type":"WebPage","@id":"https:\/\/marekkuchcinski.pl\/en\/wydarzenia\/powiatowa-konwencja-prawa-i-sprawiedliwosci-w-przemyslu\/","url":"https:\/\/marekkuchcinski.pl\/en\/wydarzenia\/powiatowa-konwencja-prawa-i-sprawiedliwosci-w-przemyslu\/","name":"Powiatowa Konwencja Prawa i Sprawiedliwo\u015bci w Przemy\u015blu &#8211; Marek Kuchci\u0144ski","isPartOf":{"@id":"https:\/\/marekkuchcinski.pl\/#website"},"primaryImageOfPage":{"@id":"https:\/\/marekkuchcinski.pl\/en\/wydarzenia\/powiatowa-konwencja-prawa-i-sprawiedliwosci-w-przemyslu\/#primaryimage"},"image":{"@id":"https:\/\/marekkuchcinski.pl\/en\/wydarzenia\/powiatowa-konwencja-prawa-i-sprawiedliwosci-w-przemyslu\/#primaryimage"},"thumbnailUrl":"https:\/\/marekkuchcinski.pl\/wp-content\/uploads\/2019\/05\/IMG_0219-3.jpg","datePublished":"2019-05-11T22:18:55+00:00","dateModified":"2019-05-13T12:25:44+00:00","breadcrumb":{"@id":"https:\/\/marekkuchcinski.pl\/en\/wydarzenia\/powiatowa-konwencja-prawa-i-sprawiedliwosci-w-przemyslu\/#breadcrumb"},"inLanguage":"sk-SK","potentialAction":[{"@type":"ReadAction","target":["https:\/\/marekkuchcinski.pl\/en\/wydarzenia\/powiatowa-konwencja-prawa-i-sprawiedliwosci-w-przemyslu\/"]}]},{"@type":"ImageObject","inLanguage":"sk-SK","@id":"https:\/\/marekkuchcinski.pl\/en\/wydarzenia\/powiatowa-konwencja-prawa-i-sprawiedliwosci-w-przemyslu\/#primaryimage","url":"https:\/\/marekkuchcinski.pl\/wp-content\/uploads\/2019\/05\/IMG_0219-3.jpg","contentUrl":"https:\/\/marekkuchcinski.pl\/wp-content\/uploads\/2019\/05\/IMG_0219-3.jpg","width":2048,"height":1365},{"@type":"BreadcrumbList","@id":"https:\/\/marekkuchcinski.pl\/en\/wydarzenia\/powiatowa-konwencja-prawa-i-sprawiedliwosci-w-przemyslu\/#breadcrumb","itemListElement":[{"@type":"ListItem","position":1,"name":"Strona g\u0142\u00f3wna","item":"https:\/\/marekkuchcinski.pl\/"},{"@type":"ListItem","position":2,"name":"Powiatowa Konwencja Prawa i Sprawiedliwo\u015bci w Przemy\u015blu"}]},{"@type":"WebSite","@id":"https:\/\/marekkuchcinski.pl\/#website","url":"https:\/\/marekkuchcinski.pl\/","name":"Marek Kuchci\u0144ski","description":"Pose\u0142 na sejm RP &ndash; okr\u0119g nr 22","publisher":{"@id":"https:\/\/marekkuchcinski.pl\/#organization"},"potentialAction":[{"@type":"SearchAction","target":{"@type":"EntryPoint","urlTemplate":"https:\/\/marekkuchcinski.pl\/?s={search_term_string}"},"query-input":{"@type":"PropertyValueSpecification","valueRequired":true,"valueName":"search_term_string"}}],"inLanguage":"sk-SK"},{"@type":"Organization","@id":"https:\/\/marekkuchcinski.pl\/#organization","name":"Marek Kuchci\u0144ski","url":"https:\/\/marekkuchcinski.pl\/","logo":{"@type":"ImageObject","inLanguage":"sk-SK","@id":"https:\/\/marekkuchcinski.pl\/#\/schema\/logo\/image\/","url":"https:\/\/marekkuchcinski.pl\/wp-content\/uploads\/2022\/09\/Marek.jpg","contentUrl":"https:\/\/marekkuchcinski.pl\/wp-content\/uploads\/2022\/09\/Marek.jpg","width":1600,"height":971,"caption":"Marek Kuchci\u0144ski"},"image":{"@id":"https:\/\/marekkuchcinski.pl\/#\/schema\/logo\/image\/"}},{"@type":"Person","@id":"https:\/\/marekkuchcinski.pl\/#\/schema\/person\/6f62700996b4d950b6ea2d1183b6c6be","name":"admin","image":{"@type":"ImageObject","inLanguage":"sk-SK","@id":"https:\/\/marekkuchcinski.pl\/#\/schema\/person\/image\/","url":"https:\/\/secure.gravatar.com\/avatar\/4bab693b9d55c3d6b52c0296a8765085?s=96&d=mm&r=g","contentUrl":"https:\/\/secure.gravatar.com\/avatar\/4bab693b9d55c3d6b52c0296a8765085?s=96&d=mm&r=g","caption":"admin"},"url":"https:\/\/marekkuchcinski.pl\/sk\/author\/marta-olejnik\/"}]}},"_links":{"self":[{"href":"https:\/\/marekkuchcinski.pl\/sk\/wp-json\/wp\/v2\/posts\/15282","targetHints":{"allow":["GET"]}}],"collection":[{"href":"https:\/\/marekkuchcinski.pl\/sk\/wp-json\/wp\/v2\/posts"}],"about":[{"href":"https:\/\/marekkuchcinski.pl\/sk\/wp-json\/wp\/v2\/types\/post"}],"author":[{"embeddable":true,"href":"https:\/\/marekkuchcinski.pl\/sk\/wp-json\/wp\/v2\/users\/6"}],"replies":[{"embeddable":true,"href":"https:\/\/marekkuchcinski.pl\/sk\/wp-json\/wp\/v2\/comments?post=15282"}],"version-history":[{"count":11,"href":"https:\/\/marekkuchcinski.pl\/sk\/wp-json\/wp\/v2\/posts\/15282\/revisions"}],"predecessor-version":[{"id":15462,"href":"https:\/\/marekkuchcinski.pl\/sk\/wp-json\/wp\/v2\/posts\/15282\/revisions\/15462"}],"wp:featuredmedia":[{"embeddable":true,"href":"https:\/\/marekkuchcinski.pl\/sk\/wp-json\/wp\/v2\/media\/15457"}],"wp:attachment":[{"href":"https:\/\/marekkuchcinski.pl\/sk\/wp-json\/wp\/v2\/media?parent=15282"}],"wp:term":[{"taxonomy":"category","embeddable":true,"href":"https:\/\/marekkuchcinski.pl\/sk\/wp-json\/wp\/v2\/categories?post=15282"},{"taxonomy":"post_tag","embeddable":true,"href":"https:\/\/marekkuchcinski.pl\/sk\/wp-json\/wp\/v2\/tags?post=15282"}],"curies":[{"name":"wp","href":"https:\/\/api.w.org\/{rel}","templated":true}]}}