{"id":15115,"date":"2019-04-26T14:03:18","date_gmt":"2019-04-26T12:03:18","guid":{"rendered":"https:\/\/marekkuchcinski.pl\/?p=15115"},"modified":"2019-04-26T14:03:19","modified_gmt":"2019-04-26T12:03:19","slug":"sejm-przyjal-ustawe-zapewniajaca-500-zl-na-kazde-dziecko-do-18-roku-zycia","status":"publish","type":"post","link":"https:\/\/marekkuchcinski.pl\/sk\/wydarzenia\/sejm-przyjal-ustawe-zapewniajaca-500-zl-na-kazde-dziecko-do-18-roku-zycia\/","title":{"rendered":"Sejm prijal z\u00e1kon, ktor\u00fd zabezpe\u010duje 500 PLN na ka\u017ed\u00e9 die\u0165a do 18 rokov."},"content":{"rendered":"<p>Sejm schv\u00e1lil vl\u00e1dny pozme\u0148uj\u00faci n\u00e1vrh, ktor\u00fdm sa predl\u017euje\nprogram Family 500 plus. Pod\u013ea neho n\u00e1rok na d\u00e1vku bude ma\u0165\nv\u0161etky deti a dospievaj\u00faci do 18 rokov, vr\u00e1tane jedin\u00e1\u010dikov, bez oh\u013eadu na pr\u00edjem rodiny.\npr\u00edjem rodiny. <\/p>\n\n\n\n<p>N\u00e1rok na d\u00e1vku bud\u00fa ma\u0165 aj deti umiestnen\u00e9 v\nvzdel\u00e1vacie in\u0161tit\u00facie.<\/p>\n\n\n\n<p>- 500 plus pre ka\u017ed\u00e9 die\u0165a je prosoci\u00e1lny, solid\u00e1rny program; je to program, ktor\u00fd v tejto novej verzii potvrd\u00ed na\u0161u t\u00e9zu, \u017ee podnikate\u013esk\u00e9 Po\u013esko a solid\u00e1rne Po\u013esko si nemusia protire\u010di\u0165, \u017ee solid\u00e1rne Po\u013esko a podnikate\u013esk\u00e9 Po\u013esko je jedno Po\u013esko. Programy, ako je tento, vytv\u00e1raj\u00fa \u0161ancu na rozvoj na\u0161ej vlasti, a preto som ve\u013emi r\u00e1d, \u017ee tento program z\u00edskava \u010doraz v\u00e4\u010d\u0161iu podporu celej opoz\u00edcie,\" uviedol premi\u00e9r Mateusz Morawiecki po\u010das rozpravy v Sejme.<\/p>\n\n\n\n<p>V od\u00f4vodnen\u00ed z\u00e1kona sa uv\u00e1dza, \u017ee rodinn\u00e1 politika je jednou z najd\u00f4le\u017eitej\u0161\u00edch oblast\u00ed \u010dinnosti s\u00fa\u010dasnej vl\u00e1dy. Program Rodina 500 plus, ktor\u00fd vst\u00fapil do platnosti 1. apr\u00edla 2016, je prv\u00fdm programom od syst\u00e9movej transform\u00e1cie, ktor\u00fd tak jasne zd\u00f4raz\u0148uje potrebu invest\u00edci\u00ed do rodiny, ktor\u00e9 predstavuj\u00fa jej skuto\u010dn\u00fa podporu.<\/p>\n\n\n\n<p>Rodina 500 plus \u00faplne zmenila poh\u013ead na \u0161t\u00e1tnu podporu rod\u00edn a stala sa referen\u010dn\u00fdm bodom v diskusii o rodinnej politike. V\u010faka programu a miliardov\u00fdm pe\u0148a\u017en\u00fdm prevodom rodin\u00e1m sme otvorili mo\u017enosti rozvoja pre \u013eud\u00ed, ktor\u00ed boli doteraz na okraji spolo\u010dnosti. Vr\u00e1tili sme im d\u00f4stojnos\u0165. Podpora rod\u00edn prostredn\u00edctvom n\u00e1strojov rodinnej politiky je invest\u00edciou do \u013eudsk\u00e9ho kapit\u00e1lu, od ktor\u00e9ho do ve\u013ekej miery z\u00e1vis\u00ed zdravie \u0161t\u00e1tu.<\/p>\n\n\n\n<figure class=\"wp-block-embed is-type-rich is-provider-marek-kuchcinski\"><div class=\"wp-block-embed__wrapper\">\n<blockquote class=\"wp-embedded-content\" data-secret=\"Ahdoad7gkG\"><a href=\"https:\/\/marekkuchcinski.pl\/sk\/wydarzenia\/pis-skutecznie-pomaga-ludziom-i-ogranicza-biede-i-nierownosci\/\">Po\u013esko je l\u00eddrom v oblasti vyrovn\u00e1vania \u017eivotnej \u00farovne. PiS \u00fa\u010dinne zni\u017euje rozdiely medzi bohat\u00fdmi a chudobn\u00fdmi<\/a><\/blockquote><iframe class=\"wp-embedded-content\" sandbox=\"allow-scripts\" security=\"restricted\" style=\"position: absolute; clip: rect(1px, 1px, 1px, 1px);\" title=\"&quot;Po\u013esko je l\u00eddrom v oblasti vyrovn\u00e1vania \u017eivotnej \u00farovne. PiS \u00fa\u010dinne zni\u017euje rozdiely medzi chudobn\u00fdmi a bohat\u00fdmi&quot; - Marek Kuchci\u0144ski\" src=\"https:\/\/marekkuchcinski.pl\/wydarzenia\/pis-skutecznie-pomaga-ludziom-i-ogranicza-biede-i-nierownosci\/embed\/#?secret=Ahdoad7gkG\" data-secret=\"Ahdoad7gkG\" width=\"600\" height=\"338\" frameborder=\"0\" marginwidth=\"0\" marginheight=\"0\" scrolling=\"no\"><\/iframe>\n<\/div><\/figure>","protected":false},"excerpt":{"rendered":"<p>Sejm uchwali\u0142 rz\u0105dow\u0105 nowelizacj\u0119 w sprawie rozszerzenia programu Rodzina 500 plus. Zgodnie z ni\u0105 prawo do \u015bwiadczenia b\u0119d\u0105 mia\u0142y wszystkie dzieci i nastolatkowie do 18 lat, r\u00f3wnie\u017c jedynacy, bez wzgl\u0119du na dochody rodziny. Prawo do \u015bwiadczenia zyskaj\u0105 r\u00f3wnie\u017c dzieci umieszczone w plac\u00f3wkach opieku\u0144czo-wychowawczych. &#8211; 500&nbsp;plus&nbsp;na ka\u017cde dziecko jest programem prospo\u0142ecznym, solidarno\u015bciowym; jest programem, kt\u00f3ry w [&hellip;]<\/p>","protected":false},"author":6,"featured_media":15122,"comment_status":"open","ping_status":"open","sticky":false,"template":"","format":"standard","meta":{"ngg_post_thumbnail":0,"footnotes":""},"categories":[82,81,3],"tags":[],"class_list":["post-15115","post","type-post","status-publish","format-standard","has-post-thumbnail","hentry","category-prawo-i-sprawiedliwosc","category-wiesci-z-sejmu","category-wydarzenia"],"yoast_head":"<!-- This site is optimized with the Yoast SEO plugin v24.7 - https:\/\/yoast.com\/wordpress\/plugins\/seo\/ -->\n<title>Sejm przyj\u0105\u0142 ustaw\u0119 zapewniaj\u0105c\u0105 500 z\u0142 na ka\u017cde dziecko do 18. roku \u017cycia &#8211; Marek Kuchci\u0144ski<\/title>\n<meta name=\"robots\" content=\"index, follow, max-snippet:-1, max-image-preview:large, max-video-preview:-1\" \/>\n<link rel=\"canonical\" href=\"https:\/\/marekkuchcinski.pl\/sk\/wydarzenia\/sejm-przyjal-ustawe-zapewniajaca-500-zl-na-kazde-dziecko-do-18-roku-zycia\/\" \/>\n<meta property=\"og:locale\" content=\"sk_SK\" \/>\n<meta property=\"og:type\" content=\"article\" \/>\n<meta property=\"og:title\" content=\"Sejm przyj\u0105\u0142 ustaw\u0119 zapewniaj\u0105c\u0105 500 z\u0142 na ka\u017cde dziecko do 18. roku \u017cycia &#8211; Marek Kuchci\u0144ski\" \/>\n<meta property=\"og:description\" content=\"Sejm uchwali\u0142 rz\u0105dow\u0105 nowelizacj\u0119 w sprawie rozszerzenia programu Rodzina 500 plus. Zgodnie z ni\u0105 prawo do \u015bwiadczenia b\u0119d\u0105 mia\u0142y wszystkie dzieci i nastolatkowie do 18 lat, r\u00f3wnie\u017c jedynacy, bez wzgl\u0119du na dochody rodziny. Prawo do \u015bwiadczenia zyskaj\u0105 r\u00f3wnie\u017c dzieci umieszczone w plac\u00f3wkach opieku\u0144czo-wychowawczych. &#8211; 500&nbsp;plus&nbsp;na ka\u017cde dziecko jest programem prospo\u0142ecznym, solidarno\u015bciowym; jest programem, kt\u00f3ry w [&hellip;]\" \/>\n<meta property=\"og:url\" content=\"https:\/\/marekkuchcinski.pl\/sk\/wydarzenia\/sejm-przyjal-ustawe-zapewniajaca-500-zl-na-kazde-dziecko-do-18-roku-zycia\/\" \/>\n<meta property=\"og:site_name\" content=\"Marek Kuchci\u0144ski\" \/>\n<meta property=\"article:published_time\" content=\"2019-04-26T12:03:18+00:00\" \/>\n<meta property=\"article:modified_time\" content=\"2019-04-26T12:03:19+00:00\" \/>\n<meta property=\"og:image\" content=\"https:\/\/marekkuchcinski.pl\/wp-content\/uploads\/2019\/04\/62434_564848326904827_554205125_n.jpg\" \/>\n\t<meta property=\"og:image:width\" content=\"960\" \/>\n\t<meta property=\"og:image:height\" content=\"640\" \/>\n\t<meta property=\"og:image:type\" content=\"image\/jpeg\" \/>\n<meta name=\"author\" content=\"admin\" \/>\n<meta name=\"twitter:card\" content=\"summary_large_image\" \/>\n<meta name=\"twitter:label1\" content=\"Autor\" \/>\n\t<meta name=\"twitter:data1\" content=\"admin\" \/>\n\t<meta name=\"twitter:label2\" content=\"Predpokladan\u00fd \u010das \u010d\u00edtania\" \/>\n\t<meta name=\"twitter:data2\" content=\"1 min\u00fata\" \/>\n<script type=\"application\/ld+json\" class=\"yoast-schema-graph\">{\"@context\":\"https:\/\/schema.org\",\"@graph\":[{\"@type\":\"Article\",\"@id\":\"https:\/\/marekkuchcinski.pl\/wydarzenia\/sejm-przyjal-ustawe-zapewniajaca-500-zl-na-kazde-dziecko-do-18-roku-zycia\/#article\",\"isPartOf\":{\"@id\":\"https:\/\/marekkuchcinski.pl\/wydarzenia\/sejm-przyjal-ustawe-zapewniajaca-500-zl-na-kazde-dziecko-do-18-roku-zycia\/\"},\"author\":{\"name\":\"admin\",\"@id\":\"https:\/\/marekkuchcinski.pl\/#\/schema\/person\/6f62700996b4d950b6ea2d1183b6c6be\"},\"headline\":\"Sejm przyj\u0105\u0142 ustaw\u0119 zapewniaj\u0105c\u0105 500 z\u0142 na ka\u017cde dziecko do 18. roku \u017cycia\",\"datePublished\":\"2019-04-26T12:03:18+00:00\",\"dateModified\":\"2019-04-26T12:03:19+00:00\",\"mainEntityOfPage\":{\"@id\":\"https:\/\/marekkuchcinski.pl\/wydarzenia\/sejm-przyjal-ustawe-zapewniajaca-500-zl-na-kazde-dziecko-do-18-roku-zycia\/\"},\"wordCount\":288,\"commentCount\":0,\"publisher\":{\"@id\":\"https:\/\/marekkuchcinski.pl\/#organization\"},\"image\":{\"@id\":\"https:\/\/marekkuchcinski.pl\/wydarzenia\/sejm-przyjal-ustawe-zapewniajaca-500-zl-na-kazde-dziecko-do-18-roku-zycia\/#primaryimage\"},\"thumbnailUrl\":\"https:\/\/marekkuchcinski.pl\/wp-content\/uploads\/2019\/04\/62434_564848326904827_554205125_n.jpg\",\"articleSection\":[\"Prawo i Sprawiedliwo\u015b\u0107\",\"Wie\u015bci z Sejmu\",\"Wydarzenia\"],\"inLanguage\":\"sk-SK\",\"potentialAction\":[{\"@type\":\"CommentAction\",\"name\":\"Comment\",\"target\":[\"https:\/\/marekkuchcinski.pl\/wydarzenia\/sejm-przyjal-ustawe-zapewniajaca-500-zl-na-kazde-dziecko-do-18-roku-zycia\/#respond\"]}]},{\"@type\":\"WebPage\",\"@id\":\"https:\/\/marekkuchcinski.pl\/wydarzenia\/sejm-przyjal-ustawe-zapewniajaca-500-zl-na-kazde-dziecko-do-18-roku-zycia\/\",\"url\":\"https:\/\/marekkuchcinski.pl\/wydarzenia\/sejm-przyjal-ustawe-zapewniajaca-500-zl-na-kazde-dziecko-do-18-roku-zycia\/\",\"name\":\"Sejm przyj\u0105\u0142 ustaw\u0119 zapewniaj\u0105c\u0105 500 z\u0142 na ka\u017cde dziecko do 18. roku \u017cycia &#8211; Marek Kuchci\u0144ski\",\"isPartOf\":{\"@id\":\"https:\/\/marekkuchcinski.pl\/#website\"},\"primaryImageOfPage\":{\"@id\":\"https:\/\/marekkuchcinski.pl\/wydarzenia\/sejm-przyjal-ustawe-zapewniajaca-500-zl-na-kazde-dziecko-do-18-roku-zycia\/#primaryimage\"},\"image\":{\"@id\":\"https:\/\/marekkuchcinski.pl\/wydarzenia\/sejm-przyjal-ustawe-zapewniajaca-500-zl-na-kazde-dziecko-do-18-roku-zycia\/#primaryimage\"},\"thumbnailUrl\":\"https:\/\/marekkuchcinski.pl\/wp-content\/uploads\/2019\/04\/62434_564848326904827_554205125_n.jpg\",\"datePublished\":\"2019-04-26T12:03:18+00:00\",\"dateModified\":\"2019-04-26T12:03:19+00:00\",\"breadcrumb\":{\"@id\":\"https:\/\/marekkuchcinski.pl\/wydarzenia\/sejm-przyjal-ustawe-zapewniajaca-500-zl-na-kazde-dziecko-do-18-roku-zycia\/#breadcrumb\"},\"inLanguage\":\"sk-SK\",\"potentialAction\":[{\"@type\":\"ReadAction\",\"target\":[\"https:\/\/marekkuchcinski.pl\/wydarzenia\/sejm-przyjal-ustawe-zapewniajaca-500-zl-na-kazde-dziecko-do-18-roku-zycia\/\"]}]},{\"@type\":\"ImageObject\",\"inLanguage\":\"sk-SK\",\"@id\":\"https:\/\/marekkuchcinski.pl\/wydarzenia\/sejm-przyjal-ustawe-zapewniajaca-500-zl-na-kazde-dziecko-do-18-roku-zycia\/#primaryimage\",\"url\":\"https:\/\/marekkuchcinski.pl\/wp-content\/uploads\/2019\/04\/62434_564848326904827_554205125_n.jpg\",\"contentUrl\":\"https:\/\/marekkuchcinski.pl\/wp-content\/uploads\/2019\/04\/62434_564848326904827_554205125_n.jpg\",\"width\":960,\"height\":640},{\"@type\":\"BreadcrumbList\",\"@id\":\"https:\/\/marekkuchcinski.pl\/wydarzenia\/sejm-przyjal-ustawe-zapewniajaca-500-zl-na-kazde-dziecko-do-18-roku-zycia\/#breadcrumb\",\"itemListElement\":[{\"@type\":\"ListItem\",\"position\":1,\"name\":\"Strona g\u0142\u00f3wna\",\"item\":\"https:\/\/marekkuchcinski.pl\/\"},{\"@type\":\"ListItem\",\"position\":2,\"name\":\"Sejm przyj\u0105\u0142 ustaw\u0119 zapewniaj\u0105c\u0105 500 z\u0142 na ka\u017cde dziecko do 18. roku \u017cycia\"}]},{\"@type\":\"WebSite\",\"@id\":\"https:\/\/marekkuchcinski.pl\/#website\",\"url\":\"https:\/\/marekkuchcinski.pl\/\",\"name\":\"Marek Kuchci\u0144ski\",\"description\":\"Pose\u0142 na sejm RP &ndash; okr\u0119g nr 22\",\"publisher\":{\"@id\":\"https:\/\/marekkuchcinski.pl\/#organization\"},\"potentialAction\":[{\"@type\":\"SearchAction\",\"target\":{\"@type\":\"EntryPoint\",\"urlTemplate\":\"https:\/\/marekkuchcinski.pl\/?s={search_term_string}\"},\"query-input\":{\"@type\":\"PropertyValueSpecification\",\"valueRequired\":true,\"valueName\":\"search_term_string\"}}],\"inLanguage\":\"sk-SK\"},{\"@type\":\"Organization\",\"@id\":\"https:\/\/marekkuchcinski.pl\/#organization\",\"name\":\"Marek Kuchci\u0144ski\",\"url\":\"https:\/\/marekkuchcinski.pl\/\",\"logo\":{\"@type\":\"ImageObject\",\"inLanguage\":\"sk-SK\",\"@id\":\"https:\/\/marekkuchcinski.pl\/#\/schema\/logo\/image\/\",\"url\":\"https:\/\/marekkuchcinski.pl\/wp-content\/uploads\/2022\/09\/Marek.jpg\",\"contentUrl\":\"https:\/\/marekkuchcinski.pl\/wp-content\/uploads\/2022\/09\/Marek.jpg\",\"width\":1600,\"height\":971,\"caption\":\"Marek Kuchci\u0144ski\"},\"image\":{\"@id\":\"https:\/\/marekkuchcinski.pl\/#\/schema\/logo\/image\/\"}},{\"@type\":\"Person\",\"@id\":\"https:\/\/marekkuchcinski.pl\/#\/schema\/person\/6f62700996b4d950b6ea2d1183b6c6be\",\"name\":\"admin\",\"image\":{\"@type\":\"ImageObject\",\"inLanguage\":\"sk-SK\",\"@id\":\"https:\/\/marekkuchcinski.pl\/#\/schema\/person\/image\/\",\"url\":\"https:\/\/secure.gravatar.com\/avatar\/4bab693b9d55c3d6b52c0296a8765085?s=96&d=mm&r=g\",\"contentUrl\":\"https:\/\/secure.gravatar.com\/avatar\/4bab693b9d55c3d6b52c0296a8765085?s=96&d=mm&r=g\",\"caption\":\"admin\"},\"url\":\"https:\/\/marekkuchcinski.pl\/sk\/author\/marta-olejnik\/\"}]}<\/script>\n<!-- \/ Yoast SEO plugin. -->","yoast_head_json":{"title":"Sejm przyj\u0105\u0142 ustaw\u0119 zapewniaj\u0105c\u0105 500 z\u0142 na ka\u017cde dziecko do 18. roku \u017cycia &#8211; Marek Kuchci\u0144ski","robots":{"index":"index","follow":"follow","max-snippet":"max-snippet:-1","max-image-preview":"max-image-preview:large","max-video-preview":"max-video-preview:-1"},"canonical":"https:\/\/marekkuchcinski.pl\/sk\/wydarzenia\/sejm-przyjal-ustawe-zapewniajaca-500-zl-na-kazde-dziecko-do-18-roku-zycia\/","og_locale":"sk_SK","og_type":"article","og_title":"Sejm przyj\u0105\u0142 ustaw\u0119 zapewniaj\u0105c\u0105 500 z\u0142 na ka\u017cde dziecko do 18. roku \u017cycia &#8211; Marek Kuchci\u0144ski","og_description":"Sejm uchwali\u0142 rz\u0105dow\u0105 nowelizacj\u0119 w sprawie rozszerzenia programu Rodzina 500 plus. Zgodnie z ni\u0105 prawo do \u015bwiadczenia b\u0119d\u0105 mia\u0142y wszystkie dzieci i nastolatkowie do 18 lat, r\u00f3wnie\u017c jedynacy, bez wzgl\u0119du na dochody rodziny. Prawo do \u015bwiadczenia zyskaj\u0105 r\u00f3wnie\u017c dzieci umieszczone w plac\u00f3wkach opieku\u0144czo-wychowawczych. &#8211; 500&nbsp;plus&nbsp;na ka\u017cde dziecko jest programem prospo\u0142ecznym, solidarno\u015bciowym; jest programem, kt\u00f3ry w [&hellip;]","og_url":"https:\/\/marekkuchcinski.pl\/sk\/wydarzenia\/sejm-przyjal-ustawe-zapewniajaca-500-zl-na-kazde-dziecko-do-18-roku-zycia\/","og_site_name":"Marek Kuchci\u0144ski","article_published_time":"2019-04-26T12:03:18+00:00","article_modified_time":"2019-04-26T12:03:19+00:00","og_image":[{"width":960,"height":640,"url":"https:\/\/marekkuchcinski.pl\/wp-content\/uploads\/2019\/04\/62434_564848326904827_554205125_n.jpg","type":"image\/jpeg"}],"author":"admin","twitter_card":"summary_large_image","twitter_misc":{"Autor":"admin","Predpokladan\u00fd \u010das \u010d\u00edtania":"1 min\u00fata"},"schema":{"@context":"https:\/\/schema.org","@graph":[{"@type":"Article","@id":"https:\/\/marekkuchcinski.pl\/wydarzenia\/sejm-przyjal-ustawe-zapewniajaca-500-zl-na-kazde-dziecko-do-18-roku-zycia\/#article","isPartOf":{"@id":"https:\/\/marekkuchcinski.pl\/wydarzenia\/sejm-przyjal-ustawe-zapewniajaca-500-zl-na-kazde-dziecko-do-18-roku-zycia\/"},"author":{"name":"admin","@id":"https:\/\/marekkuchcinski.pl\/#\/schema\/person\/6f62700996b4d950b6ea2d1183b6c6be"},"headline":"Sejm przyj\u0105\u0142 ustaw\u0119 zapewniaj\u0105c\u0105 500 z\u0142 na ka\u017cde dziecko do 18. roku \u017cycia","datePublished":"2019-04-26T12:03:18+00:00","dateModified":"2019-04-26T12:03:19+00:00","mainEntityOfPage":{"@id":"https:\/\/marekkuchcinski.pl\/wydarzenia\/sejm-przyjal-ustawe-zapewniajaca-500-zl-na-kazde-dziecko-do-18-roku-zycia\/"},"wordCount":288,"commentCount":0,"publisher":{"@id":"https:\/\/marekkuchcinski.pl\/#organization"},"image":{"@id":"https:\/\/marekkuchcinski.pl\/wydarzenia\/sejm-przyjal-ustawe-zapewniajaca-500-zl-na-kazde-dziecko-do-18-roku-zycia\/#primaryimage"},"thumbnailUrl":"https:\/\/marekkuchcinski.pl\/wp-content\/uploads\/2019\/04\/62434_564848326904827_554205125_n.jpg","articleSection":["Prawo i Sprawiedliwo\u015b\u0107","Wie\u015bci z Sejmu","Wydarzenia"],"inLanguage":"sk-SK","potentialAction":[{"@type":"CommentAction","name":"Comment","target":["https:\/\/marekkuchcinski.pl\/wydarzenia\/sejm-przyjal-ustawe-zapewniajaca-500-zl-na-kazde-dziecko-do-18-roku-zycia\/#respond"]}]},{"@type":"WebPage","@id":"https:\/\/marekkuchcinski.pl\/wydarzenia\/sejm-przyjal-ustawe-zapewniajaca-500-zl-na-kazde-dziecko-do-18-roku-zycia\/","url":"https:\/\/marekkuchcinski.pl\/wydarzenia\/sejm-przyjal-ustawe-zapewniajaca-500-zl-na-kazde-dziecko-do-18-roku-zycia\/","name":"Sejm przyj\u0105\u0142 ustaw\u0119 zapewniaj\u0105c\u0105 500 z\u0142 na ka\u017cde dziecko do 18. roku \u017cycia &#8211; Marek Kuchci\u0144ski","isPartOf":{"@id":"https:\/\/marekkuchcinski.pl\/#website"},"primaryImageOfPage":{"@id":"https:\/\/marekkuchcinski.pl\/wydarzenia\/sejm-przyjal-ustawe-zapewniajaca-500-zl-na-kazde-dziecko-do-18-roku-zycia\/#primaryimage"},"image":{"@id":"https:\/\/marekkuchcinski.pl\/wydarzenia\/sejm-przyjal-ustawe-zapewniajaca-500-zl-na-kazde-dziecko-do-18-roku-zycia\/#primaryimage"},"thumbnailUrl":"https:\/\/marekkuchcinski.pl\/wp-content\/uploads\/2019\/04\/62434_564848326904827_554205125_n.jpg","datePublished":"2019-04-26T12:03:18+00:00","dateModified":"2019-04-26T12:03:19+00:00","breadcrumb":{"@id":"https:\/\/marekkuchcinski.pl\/wydarzenia\/sejm-przyjal-ustawe-zapewniajaca-500-zl-na-kazde-dziecko-do-18-roku-zycia\/#breadcrumb"},"inLanguage":"sk-SK","potentialAction":[{"@type":"ReadAction","target":["https:\/\/marekkuchcinski.pl\/wydarzenia\/sejm-przyjal-ustawe-zapewniajaca-500-zl-na-kazde-dziecko-do-18-roku-zycia\/"]}]},{"@type":"ImageObject","inLanguage":"sk-SK","@id":"https:\/\/marekkuchcinski.pl\/wydarzenia\/sejm-przyjal-ustawe-zapewniajaca-500-zl-na-kazde-dziecko-do-18-roku-zycia\/#primaryimage","url":"https:\/\/marekkuchcinski.pl\/wp-content\/uploads\/2019\/04\/62434_564848326904827_554205125_n.jpg","contentUrl":"https:\/\/marekkuchcinski.pl\/wp-content\/uploads\/2019\/04\/62434_564848326904827_554205125_n.jpg","width":960,"height":640},{"@type":"BreadcrumbList","@id":"https:\/\/marekkuchcinski.pl\/wydarzenia\/sejm-przyjal-ustawe-zapewniajaca-500-zl-na-kazde-dziecko-do-18-roku-zycia\/#breadcrumb","itemListElement":[{"@type":"ListItem","position":1,"name":"Strona g\u0142\u00f3wna","item":"https:\/\/marekkuchcinski.pl\/"},{"@type":"ListItem","position":2,"name":"Sejm przyj\u0105\u0142 ustaw\u0119 zapewniaj\u0105c\u0105 500 z\u0142 na ka\u017cde dziecko do 18. roku \u017cycia"}]},{"@type":"WebSite","@id":"https:\/\/marekkuchcinski.pl\/#website","url":"https:\/\/marekkuchcinski.pl\/","name":"Marek Kuchci\u0144ski","description":"Pose\u0142 na sejm RP &ndash; okr\u0119g nr 22","publisher":{"@id":"https:\/\/marekkuchcinski.pl\/#organization"},"potentialAction":[{"@type":"SearchAction","target":{"@type":"EntryPoint","urlTemplate":"https:\/\/marekkuchcinski.pl\/?s={search_term_string}"},"query-input":{"@type":"PropertyValueSpecification","valueRequired":true,"valueName":"search_term_string"}}],"inLanguage":"sk-SK"},{"@type":"Organization","@id":"https:\/\/marekkuchcinski.pl\/#organization","name":"Marek Kuchci\u0144ski","url":"https:\/\/marekkuchcinski.pl\/","logo":{"@type":"ImageObject","inLanguage":"sk-SK","@id":"https:\/\/marekkuchcinski.pl\/#\/schema\/logo\/image\/","url":"https:\/\/marekkuchcinski.pl\/wp-content\/uploads\/2022\/09\/Marek.jpg","contentUrl":"https:\/\/marekkuchcinski.pl\/wp-content\/uploads\/2022\/09\/Marek.jpg","width":1600,"height":971,"caption":"Marek Kuchci\u0144ski"},"image":{"@id":"https:\/\/marekkuchcinski.pl\/#\/schema\/logo\/image\/"}},{"@type":"Person","@id":"https:\/\/marekkuchcinski.pl\/#\/schema\/person\/6f62700996b4d950b6ea2d1183b6c6be","name":"admin","image":{"@type":"ImageObject","inLanguage":"sk-SK","@id":"https:\/\/marekkuchcinski.pl\/#\/schema\/person\/image\/","url":"https:\/\/secure.gravatar.com\/avatar\/4bab693b9d55c3d6b52c0296a8765085?s=96&d=mm&r=g","contentUrl":"https:\/\/secure.gravatar.com\/avatar\/4bab693b9d55c3d6b52c0296a8765085?s=96&d=mm&r=g","caption":"admin"},"url":"https:\/\/marekkuchcinski.pl\/sk\/author\/marta-olejnik\/"}]}},"_links":{"self":[{"href":"https:\/\/marekkuchcinski.pl\/sk\/wp-json\/wp\/v2\/posts\/15115","targetHints":{"allow":["GET"]}}],"collection":[{"href":"https:\/\/marekkuchcinski.pl\/sk\/wp-json\/wp\/v2\/posts"}],"about":[{"href":"https:\/\/marekkuchcinski.pl\/sk\/wp-json\/wp\/v2\/types\/post"}],"author":[{"embeddable":true,"href":"https:\/\/marekkuchcinski.pl\/sk\/wp-json\/wp\/v2\/users\/6"}],"replies":[{"embeddable":true,"href":"https:\/\/marekkuchcinski.pl\/sk\/wp-json\/wp\/v2\/comments?post=15115"}],"version-history":[{"count":2,"href":"https:\/\/marekkuchcinski.pl\/sk\/wp-json\/wp\/v2\/posts\/15115\/revisions"}],"predecessor-version":[{"id":15121,"href":"https:\/\/marekkuchcinski.pl\/sk\/wp-json\/wp\/v2\/posts\/15115\/revisions\/15121"}],"wp:featuredmedia":[{"embeddable":true,"href":"https:\/\/marekkuchcinski.pl\/sk\/wp-json\/wp\/v2\/media\/15122"}],"wp:attachment":[{"href":"https:\/\/marekkuchcinski.pl\/sk\/wp-json\/wp\/v2\/media?parent=15115"}],"wp:term":[{"taxonomy":"category","embeddable":true,"href":"https:\/\/marekkuchcinski.pl\/sk\/wp-json\/wp\/v2\/categories?post=15115"},{"taxonomy":"post_tag","embeddable":true,"href":"https:\/\/marekkuchcinski.pl\/sk\/wp-json\/wp\/v2\/tags?post=15115"}],"curies":[{"name":"wp","href":"https:\/\/api.w.org\/{rel}","templated":true}]}}