{"id":15044,"date":"2019-04-25T16:21:18","date_gmt":"2019-04-25T14:21:18","guid":{"rendered":"https:\/\/marekkuchcinski.pl\/?p=15044"},"modified":"2019-04-29T15:26:32","modified_gmt":"2019-04-29T13:26:32","slug":"marek-kuchcinski-odslonil-popiersia-wspoltworcow-konstytucji-3-maja","status":"publish","type":"post","link":"https:\/\/marekkuchcinski.pl\/sk\/wydarzenia\/marek-kuchcinski-odslonil-popiersia-wspoltworcow-konstytucji-3-maja\/","title":{"rendered":"Marek Kuchci\u0144ski odhalil busty spoluautorov \u00dastavy 3. m\u00e1ja"},"content":{"rendered":"<p>V srdci komplexu Sejmu bola otvoren\u00e1 gal\u00e9ria s\u00f4ch zobrazuj\u00facich predsedov Poslaneckej snemovne z obdobia prvej republiky.<\/p>\n\n\n\n<p>Mar\u0161al Sejmu Marek Kuchci\u0144ski pri odha\u013eovan\u00ed b\u00fast spoluautorov \u00dastavy 3. m\u00e1ja: Stanis\u0142aw Ma\u0142achowski, mar\u0161al \u0161tvorro\u010dn\u00e9ho Sejmu, a Kazimierz Nestor Sapieha, mar\u0161al Konfeder\u00e1cie Ve\u013ek\u00e9ho knie\u017eatstva litovsk\u00e9ho, povedali:<\/p>\n\n\n\n<p>Sochy t\u00fdchto dvoch mar\u0161alov odhal\u00edme ako prv\u00e9, preto\u017ee tento rok oslavujeme 450. v\u00fdro\u010die podp\u00edsania Lublinskej \u00fanie.<\/p>\n\n\n\n<p>Spojila oba \u0161t\u00e1ty a umo\u017enila vznik\njedine\u010dn\u00fd parlamentn\u00fd syst\u00e9m v Eur\u00f3pe. <\/p>\n\n\n\n<p>A pr\u00e1ve v roku 1791, po\u010das \u0161tvorro\u010dn\u00e9ho snemu za pr\u00edtomnosti mar\u0161alov Malachovsk\u00e9ho a Sapiehu, bola potvrden\u00e1 trvalos\u0165 my\u0161lienky \u00fanie.<\/p>\n\n\n\n<p>M\u00fadros\u0165 a predv\u00eddavos\u0165 oboch mar\u0161\u00e1lov, hlbok\u00fd politick\u00fd zmysel\npolitick\u00fd zmysel a re\u0161pektovanie republik\u00e1nskych hodn\u00f4t umo\u017enili spoji\u0165 \u00fasilie\no zvrchovanos\u0165 s reformou syst\u00e9mu Po\u013esko-litovsk\u00e9ho spolo\u010denstva. Tieto my\u0161lienky s\u00fa st\u00e1le\na in\u0161piruj\u00face.<\/p>\n\n\n\n<p>Minul\u00fd rok bol Lublinsk\u00fd akt \u00fanie zap\u00edsan\u00fd do svetov\u00e9ho zoznamu programu UNESCO Pam\u00e4\u0165 sveta, o ktor\u00fd spolo\u010dne po\u017eiadali Po\u013esko, Litva, Loty\u0161sko, Bielorusko a Ukrajina.<\/p>\n\n\n\n<p>D\u00fafame, \u017ee tieto sochy ako diela n\u00e1rodn\u00e9ho umenia umiestnen\u00e9 na p\u00f4de Sejmu, rovnako ako portr\u00e9ty mar\u0161alov prvej a druhej republiky, pom\u00f4\u017eu formova\u0165 historick\u00fa pam\u00e4\u0165 a soci\u00e1lne c\u00edtenie Poliakov,\" zd\u00f4raznil predseda Sejmu.<\/p>\n\n\n\n<p>Gal\u00e9ria je jedn\u00fdm z projektov realizovan\u00fdch v minulom roku v r\u00e1mci osl\u00e1v 550. v\u00fdro\u010dia parlamentn\u00e9ho syst\u00e9mu Po\u013eskej republiky. <\/p>\n\n\n\n<p><em>Foto: Marta Olejnik<\/em><\/p>\n\n\n\n<figure class=\"wp-block-image\"><img fetchpriority=\"high\" decoding=\"async\" width=\"709\" height=\"1024\" src=\"https:\/\/marekkuchcinski.pl\/wp-content\/uploads\/2019\/04\/IMG_9057-2-709x1024.jpg\" alt=\"\" class=\"wp-image-15136\" srcset=\"https:\/\/marekkuchcinski.pl\/wp-content\/uploads\/2019\/04\/IMG_9057-2-709x1024.jpg 709w, https:\/\/marekkuchcinski.pl\/wp-content\/uploads\/2019\/04\/IMG_9057-2-208x300.jpg 208w, https:\/\/marekkuchcinski.pl\/wp-content\/uploads\/2019\/04\/IMG_9057-2-768x1109.jpg 768w, https:\/\/marekkuchcinski.pl\/wp-content\/uploads\/2019\/04\/IMG_9057-2.jpg 1419w\" sizes=\"(max-width: 709px) 100vw, 709px\" \/><figcaption> <br><strong>K A Z I M I E R Z<br> N E S T O R S A P I E H A<\/strong><br><strong>1754-1798<br><\/strong><br>\u0160tudoval na rytierskej \u0161kole (1767-1771). Gener\u00e1l litovsk\u00e9ho delostrelectva<br> (1773-1792). Na Ve\u013ekom sejme v roku 1788 sa stal predsedom Konfeder\u00e1cie<br> Litov\u010dina. Spo\u010diatku sa priklonil na hejtmanovu stranu<br> (pr\u00edbuzn\u00fd hejtmana Franciszka Ksaweryho Branick\u00e9ho), ale pod<br> Pod vplyvom Stanis\u0142awa Ma\u0142achowsk\u00e9ho pre\u0161iel na stranu st\u00fapencov<br> reformy a prisahal na \u00dastavu z 3. m\u00e1ja. Protestoval proti n\u00e1stupu<br> Stanis\u0142aw August do Targowickej konfeder\u00e1cie a opustil Po\u013esko. Po str\u00e1nke<br> po vypuknut\u00ed Ko\u015bciuszkovho povstania sa vr\u00e1til do krajiny a bojoval<br> v hodnosti kapit\u00e1na delostrelectva a po p\u00e1de povstania op\u00e4\u0165 odi\u0161iel<br> Odi\u0161iel do vyhnanstva. Jeho prejavy v Sejme boli publikovan\u00e9 v tla\u010di, jeho b\u00e1sne<br> Uverejnen\u00e9 v \"Zabawy Przyjemne i Po\u017cytecznych\".<br><br> <br>Autor busty <strong>Kazimierz Nestor Sapieha<\/strong> je Marek Szczepanik, absolvent Akad\u00e9mie v\u00fdtvarn\u00fdch umen\u00ed vo Var\u0161ave, soch\u00e1r z Radomu, ktor\u00fd spolupracuje s In\u0161tit\u00fatom n\u00e1rodnej pam\u00e4ti a nad\u00e1ciou \"Pam\u00e4t\u00e1me si\" a ktor\u00fd je okrem in\u00e9ho autorom pribli\u017ene desiatky pam\u00e4tn\u00edkov venovan\u00fdch vojakom prekliatych, Pam\u00e4tn\u00edka \u010dinov l\u00e9gi\u00ed a J\u00e1na Kili\u0144sk\u00e9ho v Radome.  <br><br><\/figcaption><\/figure>\n\n\n\n<figure class=\"wp-block-image\"><img decoding=\"async\" width=\"781\" height=\"1024\" src=\"https:\/\/marekkuchcinski.pl\/wp-content\/uploads\/2019\/04\/IMG_9063-1-781x1024.jpg\" alt=\"\" class=\"wp-image-15139\" srcset=\"https:\/\/marekkuchcinski.pl\/wp-content\/uploads\/2019\/04\/IMG_9063-1-781x1024.jpg 781w, https:\/\/marekkuchcinski.pl\/wp-content\/uploads\/2019\/04\/IMG_9063-1-229x300.jpg 229w, https:\/\/marekkuchcinski.pl\/wp-content\/uploads\/2019\/04\/IMG_9063-1-768x1006.jpg 768w, https:\/\/marekkuchcinski.pl\/wp-content\/uploads\/2019\/04\/IMG_9063-1.jpg 1563w\" sizes=\"(max-width: 781px) 100vw, 781px\" \/><figcaption> <br><strong>T R A N S I T U \u00c1 C I A<br> M A \u0141 A C H O W S K<br>1736-18<\/strong>0<strong>9<\/strong><br><br>  Podp\u00edsal vo\u013ebu Stanislava Augusta (1764). Jeden z najv\u00fdznamnej\u0161\u00edch<br> \u010dlenovia vlasteneckej strany, podporovali emancipa\u010dn\u00e9 snahy<br> obyvatelia mesta. sudca a mar\u0161al korunn\u00e9ho tribun\u00e1lu od roku 1774, zn\u00e1my<br> pre jeho \u010destnos\u0165 a poctivos\u0165 (zn\u00e1my ako po\u013esk\u00fd Aristides). Referendarz<br> Ve\u013ek\u00fd korunn\u00fd princ (1780-1792). Ako predseda Ve\u013ek\u00e9ho Sejmu (1788-1792)<br> sa sna\u017eila zjednoti\u0165 poz\u00edcie vlasteneck\u00fdch str\u00e1n<br> Bol \u010dlenom kr\u00e1\u013eovskej snemovne. Podie\u013eal sa na pr\u00edprave textu \u00dastavy 3. m\u00e1ja.<br> V roku 1792 verejne ods\u00fadil Targovsk\u00fa konfeder\u00e1ciu a demon\u0161trat\u00edvne<br> odst\u00fapil z funkcie, ke\u010f predt\u00fdm obmedzil (pozastavil) rokovanie Ve\u013ek\u00e9ho sejmu.<br> Rytier R\u00e1du bieleho orla (1782). V roku 1807 sa stal predsedom Komisie<br> Bol \u010dlenom vl\u00e1dneho v\u00fdboru a nesk\u00f4r predsedom sen\u00e1tu Var\u0161avsk\u00e9ho knie\u017eatstva. <br><br><br> Autor busty <strong>Stanis\u0142aw Ma\u0142achowski<\/strong> je El\u017cbieta Ko\u0142odziejczyk-Macander, lektorka na Katedre konzervovania a re\u0161taurovania soch\u00e1rskych a architektonick\u00fdch prvkov na Akad\u00e9mii v\u00fdtvarn\u00fdch umen\u00ed vo Var\u0161ave. Medzi jej \u00faspechy patr\u00ed re\u0161taurovanie diel J\u00f3zefa Gos\u0142awsk\u00e9ho, ktor\u00e9 od roku 2013 zdobia n\u00e1dvorie Sejmu, a konzerv\u00e1cia<br>interi\u00e9r kolegi\u00e1tneho kostola sv\u00e4t\u00e9ho Vavrinca v \u017dovkve na Ukrajine. Bronzov\u00fd odliatok busty zhotovil Marek \u017bebrowski, soch\u00e1r z Bielska-Bia\u0142ej.  <br><br><br><\/figcaption><\/figure>\n\n\n\n<figure class=\"wp-block-image\"><img decoding=\"async\" width=\"1024\" height=\"683\" src=\"https:\/\/marekkuchcinski.pl\/wp-content\/uploads\/2019\/04\/IMG_9077-1024x683.jpg\" alt=\"\" class=\"wp-image-15143\" srcset=\"https:\/\/marekkuchcinski.pl\/wp-content\/uploads\/2019\/04\/IMG_9077-1024x683.jpg 1024w, https:\/\/marekkuchcinski.pl\/wp-content\/uploads\/2019\/04\/IMG_9077-300x200.jpg 300w, https:\/\/marekkuchcinski.pl\/wp-content\/uploads\/2019\/04\/IMG_9077-768x512.jpg 768w, https:\/\/marekkuchcinski.pl\/wp-content\/uploads\/2019\/04\/IMG_9077.jpg 2048w\" sizes=\"(max-width: 1024px) 100vw, 1024px\" \/><\/figure>\n\n\n\n<figure class=\"wp-block-image\"><img loading=\"lazy\" decoding=\"async\" width=\"1024\" height=\"683\" src=\"https:\/\/marekkuchcinski.pl\/wp-content\/uploads\/2019\/04\/IMG_9065-1024x683.jpg\" alt=\"\" class=\"wp-image-15147\" srcset=\"https:\/\/marekkuchcinski.pl\/wp-content\/uploads\/2019\/04\/IMG_9065-1024x683.jpg 1024w, https:\/\/marekkuchcinski.pl\/wp-content\/uploads\/2019\/04\/IMG_9065-300x200.jpg 300w, https:\/\/marekkuchcinski.pl\/wp-content\/uploads\/2019\/04\/IMG_9065-768x512.jpg 768w, https:\/\/marekkuchcinski.pl\/wp-content\/uploads\/2019\/04\/IMG_9065.jpg 2048w\" sizes=\"(max-width: 1024px) 100vw, 1024px\" \/><\/figure>\n\n\n\n<figure class=\"wp-block-image\"><img loading=\"lazy\" decoding=\"async\" width=\"1024\" height=\"683\" src=\"https:\/\/marekkuchcinski.pl\/wp-content\/uploads\/2019\/04\/IMG_8698-1-1024x683.jpg\" alt=\"\" class=\"wp-image-15060\" srcset=\"https:\/\/marekkuchcinski.pl\/wp-content\/uploads\/2019\/04\/IMG_8698-1-1024x683.jpg 1024w, https:\/\/marekkuchcinski.pl\/wp-content\/uploads\/2019\/04\/IMG_8698-1-300x200.jpg 300w, https:\/\/marekkuchcinski.pl\/wp-content\/uploads\/2019\/04\/IMG_8698-1-768x512.jpg 768w, https:\/\/marekkuchcinski.pl\/wp-content\/uploads\/2019\/04\/IMG_8698-1.jpg 2048w\" sizes=\"(max-width: 1024px) 100vw, 1024px\" \/><\/figure>\n\n\n\n<figure class=\"wp-block-image\"><img loading=\"lazy\" decoding=\"async\" width=\"1024\" height=\"683\" src=\"https:\/\/marekkuchcinski.pl\/wp-content\/uploads\/2019\/04\/IMG_8738-1-1024x683.jpg\" alt=\"\" class=\"wp-image-15151\" srcset=\"https:\/\/marekkuchcinski.pl\/wp-content\/uploads\/2019\/04\/IMG_8738-1-1024x683.jpg 1024w, https:\/\/marekkuchcinski.pl\/wp-content\/uploads\/2019\/04\/IMG_8738-1-300x200.jpg 300w, https:\/\/marekkuchcinski.pl\/wp-content\/uploads\/2019\/04\/IMG_8738-1-768x512.jpg 768w, https:\/\/marekkuchcinski.pl\/wp-content\/uploads\/2019\/04\/IMG_8738-1.jpg 2048w\" sizes=\"(max-width: 1024px) 100vw, 1024px\" \/><\/figure>\n\n\n\n<figure class=\"wp-block-image\"><img loading=\"lazy\" decoding=\"async\" width=\"1024\" height=\"683\" src=\"https:\/\/marekkuchcinski.pl\/wp-content\/uploads\/2019\/04\/IMG_8800-1024x683.jpg\" alt=\"\" class=\"wp-image-15152\" srcset=\"https:\/\/marekkuchcinski.pl\/wp-content\/uploads\/2019\/04\/IMG_8800-1024x683.jpg 1024w, https:\/\/marekkuchcinski.pl\/wp-content\/uploads\/2019\/04\/IMG_8800-300x200.jpg 300w, https:\/\/marekkuchcinski.pl\/wp-content\/uploads\/2019\/04\/IMG_8800-768x512.jpg 768w, https:\/\/marekkuchcinski.pl\/wp-content\/uploads\/2019\/04\/IMG_8800.jpg 2048w\" sizes=\"(max-width: 1024px) 100vw, 1024px\" \/><\/figure>\n\n\n\n<ul class=\"wp-block-gallery columns-1 is-cropped wp-block-gallery-1 is-layout-flex wp-block-gallery-is-layout-flex\"><li class=\"blocks-gallery-item\"><figure><img loading=\"lazy\" decoding=\"async\" width=\"1024\" height=\"683\" src=\"https:\/\/marekkuchcinski.pl\/wp-content\/uploads\/2019\/04\/IMG_8774-1024x683.jpg\" alt=\"\" data-id=\"15046\" data-link=\"https:\/\/marekkuchcinski.pl\/?attachment_id=15046\" class=\"wp-image-15046\" srcset=\"https:\/\/marekkuchcinski.pl\/wp-content\/uploads\/2019\/04\/IMG_8774-1024x683.jpg 1024w, https:\/\/marekkuchcinski.pl\/wp-content\/uploads\/2019\/04\/IMG_8774-300x200.jpg 300w, https:\/\/marekkuchcinski.pl\/wp-content\/uploads\/2019\/04\/IMG_8774-768x512.jpg 768w, https:\/\/marekkuchcinski.pl\/wp-content\/uploads\/2019\/04\/IMG_8774.jpg 2048w\" sizes=\"(max-width: 1024px) 100vw, 1024px\" \/><\/figure><\/li><li class=\"blocks-gallery-item\"><figure><img loading=\"lazy\" decoding=\"async\" width=\"1024\" height=\"683\" src=\"https:\/\/marekkuchcinski.pl\/wp-content\/uploads\/2019\/04\/IMG_8810-1024x683.jpg\" alt=\"\" data-id=\"15049\" data-link=\"https:\/\/marekkuchcinski.pl\/?attachment_id=15049\" class=\"wp-image-15049\" srcset=\"https:\/\/marekkuchcinski.pl\/wp-content\/uploads\/2019\/04\/IMG_8810-1024x683.jpg 1024w, https:\/\/marekkuchcinski.pl\/wp-content\/uploads\/2019\/04\/IMG_8810-300x200.jpg 300w, https:\/\/marekkuchcinski.pl\/wp-content\/uploads\/2019\/04\/IMG_8810-768x512.jpg 768w, https:\/\/marekkuchcinski.pl\/wp-content\/uploads\/2019\/04\/IMG_8810.jpg 2048w\" sizes=\"(max-width: 1024px) 100vw, 1024px\" \/><\/figure><\/li><li class=\"blocks-gallery-item\"><figure><img loading=\"lazy\" decoding=\"async\" width=\"1024\" height=\"683\" src=\"https:\/\/marekkuchcinski.pl\/wp-content\/uploads\/2019\/04\/IMG_8856-1024x683.jpg\" alt=\"\" data-id=\"15051\" data-link=\"https:\/\/marekkuchcinski.pl\/?attachment_id=15051\" class=\"wp-image-15051\" srcset=\"https:\/\/marekkuchcinski.pl\/wp-content\/uploads\/2019\/04\/IMG_8856-1024x683.jpg 1024w, https:\/\/marekkuchcinski.pl\/wp-content\/uploads\/2019\/04\/IMG_8856-300x200.jpg 300w, https:\/\/marekkuchcinski.pl\/wp-content\/uploads\/2019\/04\/IMG_8856-768x512.jpg 768w, https:\/\/marekkuchcinski.pl\/wp-content\/uploads\/2019\/04\/IMG_8856.jpg 2048w\" sizes=\"(max-width: 1024px) 100vw, 1024px\" \/><\/figure><\/li><li class=\"blocks-gallery-item\"><figure><img loading=\"lazy\" decoding=\"async\" width=\"1024\" height=\"683\" src=\"https:\/\/marekkuchcinski.pl\/wp-content\/uploads\/2019\/04\/IMG_9029-1024x683.jpg\" alt=\"\" data-id=\"15055\" data-link=\"https:\/\/marekkuchcinski.pl\/?attachment_id=15055\" class=\"wp-image-15055\" srcset=\"https:\/\/marekkuchcinski.pl\/wp-content\/uploads\/2019\/04\/IMG_9029-1024x683.jpg 1024w, https:\/\/marekkuchcinski.pl\/wp-content\/uploads\/2019\/04\/IMG_9029-300x200.jpg 300w, https:\/\/marekkuchcinski.pl\/wp-content\/uploads\/2019\/04\/IMG_9029-768x512.jpg 768w, https:\/\/marekkuchcinski.pl\/wp-content\/uploads\/2019\/04\/IMG_9029.jpg 2048w\" sizes=\"(max-width: 1024px) 100vw, 1024px\" \/><\/figure><\/li><li class=\"blocks-gallery-item\"><figure><img loading=\"lazy\" decoding=\"async\" width=\"1024\" height=\"605\" src=\"https:\/\/marekkuchcinski.pl\/wp-content\/uploads\/2019\/04\/IMG_8904-1024x605.jpg\" alt=\"\" data-id=\"15057\" data-link=\"https:\/\/marekkuchcinski.pl\/?attachment_id=15057\" class=\"wp-image-15057\" srcset=\"https:\/\/marekkuchcinski.pl\/wp-content\/uploads\/2019\/04\/IMG_8904-1024x605.jpg 1024w, https:\/\/marekkuchcinski.pl\/wp-content\/uploads\/2019\/04\/IMG_8904-300x177.jpg 300w, https:\/\/marekkuchcinski.pl\/wp-content\/uploads\/2019\/04\/IMG_8904-768x453.jpg 768w, https:\/\/marekkuchcinski.pl\/wp-content\/uploads\/2019\/04\/IMG_8904.jpg 2048w\" sizes=\"(max-width: 1024px) 100vw, 1024px\" \/><\/figure><\/li><\/ul>\n\n\n\n<figure class=\"wp-block-image\"><img loading=\"lazy\" decoding=\"async\" width=\"1024\" height=\"683\" src=\"https:\/\/marekkuchcinski.pl\/wp-content\/uploads\/2019\/04\/IMG_8979-1024x683.jpg\" alt=\"\" class=\"wp-image-15070\" srcset=\"https:\/\/marekkuchcinski.pl\/wp-content\/uploads\/2019\/04\/IMG_8979-1024x683.jpg 1024w, https:\/\/marekkuchcinski.pl\/wp-content\/uploads\/2019\/04\/IMG_8979-300x200.jpg 300w, https:\/\/marekkuchcinski.pl\/wp-content\/uploads\/2019\/04\/IMG_8979-768x512.jpg 768w, https:\/\/marekkuchcinski.pl\/wp-content\/uploads\/2019\/04\/IMG_8979.jpg 2048w\" sizes=\"(max-width: 1024px) 100vw, 1024px\" \/><\/figure>\n\n\n\n<figure class=\"wp-block-image\"><img loading=\"lazy\" decoding=\"async\" width=\"1024\" height=\"683\" src=\"https:\/\/marekkuchcinski.pl\/wp-content\/uploads\/2019\/04\/IMG_8794-1024x683.jpg\" alt=\"\" class=\"wp-image-15112\" srcset=\"https:\/\/marekkuchcinski.pl\/wp-content\/uploads\/2019\/04\/IMG_8794-1024x683.jpg 1024w, https:\/\/marekkuchcinski.pl\/wp-content\/uploads\/2019\/04\/IMG_8794-300x200.jpg 300w, https:\/\/marekkuchcinski.pl\/wp-content\/uploads\/2019\/04\/IMG_8794-768x512.jpg 768w, https:\/\/marekkuchcinski.pl\/wp-content\/uploads\/2019\/04\/IMG_8794.jpg 2048w\" sizes=\"(max-width: 1024px) 100vw, 1024px\" \/><\/figure>\n\n\n\n<p><\/p>","protected":false},"excerpt":{"rendered":"<p>V srdci komplexu Sejmu bola otvoren\u00e1 gal\u00e9ria s\u00f4ch zobrazuj\u00facich predsedov Poslaneckej snemovne z obdobia prvej republiky. Mar\u0161al Sejmu Marek Kuchci\u0144ski odha\u013euje busty spoluzakladate\u013eov \u00dastavy 3. m\u00e1ja: Stanis\u0142aw Ma\u0142achowski, mar\u0161al \u0161tvorro\u010dn\u00e9ho Sejmu, a Kazimierz Nestor Sapieha, mar\u0161al Konfeder\u00e1cie Ve\u013ek\u00e9ho knie\u017eatstva litovsk\u00e9ho, povedali: \"Sochy t\u00fdchto dvoch mar\u0161alov odha\u013eujeme predov\u0161etk\u00fdm preto, \u017ee tento rok oslavujeme 450. v\u00fdro\u010die podp\u00edsania [...]<\/p>","protected":false},"author":6,"featured_media":15051,"comment_status":"open","ping_status":"open","sticky":false,"template":"","format":"standard","meta":{"ngg_post_thumbnail":0,"footnotes":""},"categories":[145,3],"tags":[],"class_list":["post-15044","post","type-post","status-publish","format-standard","has-post-thumbnail","hentry","category-sejmgalszt","category-wydarzenia"],"yoast_head":"<!-- This site is optimized with the Yoast SEO plugin v24.7 - https:\/\/yoast.com\/wordpress\/plugins\/seo\/ -->\n<title>Marek Kuchci\u0144ski ods\u0142oni\u0142 popiersia wsp\u00f3\u0142tw\u00f3rc\u00f3w Konstytucji 3 maja &#8211; Marek Kuchci\u0144ski<\/title>\n<meta name=\"robots\" content=\"index, follow, max-snippet:-1, max-image-preview:large, max-video-preview:-1\" \/>\n<link rel=\"canonical\" href=\"https:\/\/marekkuchcinski.pl\/sk\/wydarzenia\/marek-kuchcinski-odslonil-popiersia-wspoltworcow-konstytucji-3-maja\/\" \/>\n<meta property=\"og:locale\" content=\"sk_SK\" \/>\n<meta property=\"og:type\" content=\"article\" \/>\n<meta property=\"og:title\" content=\"Marek Kuchci\u0144ski ods\u0142oni\u0142 popiersia wsp\u00f3\u0142tw\u00f3rc\u00f3w Konstytucji 3 maja &#8211; Marek Kuchci\u0144ski\" \/>\n<meta property=\"og:description\" content=\"W samym sercu kompleksu sejmowego zainicjowano galeri\u0119 rze\u017ab przedstawiaj\u0105cych marsza\u0142k\u00f3w izby poselskiej z&nbsp;&nbsp;okresu I&nbsp;&nbsp;Rzeczypospolitej. Marsza\u0142ek Sejmu Marek Kuchci\u0144ski ods\u0142aniaj\u0105c popiersia wsp\u00f3\u0142tw\u00f3rc\u00f3w Konstytucji 3 maja: Stanis\u0142awa Ma\u0142achowskiego, marsza\u0142ka Sejmu Czteroletniego oraz Kazimierza Nestora Sapiehy, marsza\u0142ka konfederacji Wielkiego Ksi\u0119stwa Litewskiego, powiedzia\u0142: Rze\u017aby tych dw\u00f3ch marsza\u0142k\u00f3w ods\u0142aniamy w pierwszej kolejno\u015bci, bowiem w tym roku obchodzimy 450. rocznic\u0119 podpisania [&hellip;]\" \/>\n<meta property=\"og:url\" content=\"https:\/\/marekkuchcinski.pl\/sk\/wydarzenia\/marek-kuchcinski-odslonil-popiersia-wspoltworcow-konstytucji-3-maja\/\" \/>\n<meta property=\"og:site_name\" content=\"Marek Kuchci\u0144ski\" \/>\n<meta property=\"article:published_time\" content=\"2019-04-25T14:21:18+00:00\" \/>\n<meta property=\"article:modified_time\" content=\"2019-04-29T13:26:32+00:00\" \/>\n<meta property=\"og:image\" content=\"https:\/\/marekkuchcinski.pl\/wp-content\/uploads\/2019\/04\/IMG_8856.jpg\" \/>\n\t<meta property=\"og:image:width\" content=\"2048\" \/>\n\t<meta property=\"og:image:height\" content=\"1365\" \/>\n\t<meta property=\"og:image:type\" content=\"image\/jpeg\" \/>\n<meta name=\"author\" content=\"admin\" \/>\n<meta name=\"twitter:card\" content=\"summary_large_image\" \/>\n<meta name=\"twitter:label1\" content=\"Autor\" \/>\n\t<meta name=\"twitter:data1\" content=\"admin\" \/>\n\t<meta name=\"twitter:label2\" content=\"Predpokladan\u00fd \u010das \u010d\u00edtania\" \/>\n\t<meta name=\"twitter:data2\" content=\"3 min\u00faty\" \/>\n<script type=\"application\/ld+json\" class=\"yoast-schema-graph\">{\"@context\":\"https:\/\/schema.org\",\"@graph\":[{\"@type\":\"Article\",\"@id\":\"https:\/\/marekkuchcinski.pl\/wydarzenia\/marek-kuchcinski-odslonil-popiersia-wspoltworcow-konstytucji-3-maja\/#article\",\"isPartOf\":{\"@id\":\"https:\/\/marekkuchcinski.pl\/wydarzenia\/marek-kuchcinski-odslonil-popiersia-wspoltworcow-konstytucji-3-maja\/\"},\"author\":{\"name\":\"admin\",\"@id\":\"https:\/\/marekkuchcinski.pl\/#\/schema\/person\/6f62700996b4d950b6ea2d1183b6c6be\"},\"headline\":\"Marek Kuchci\u0144ski ods\u0142oni\u0142 popiersia wsp\u00f3\u0142tw\u00f3rc\u00f3w Konstytucji 3 maja\",\"datePublished\":\"2019-04-25T14:21:18+00:00\",\"dateModified\":\"2019-04-29T13:26:32+00:00\",\"mainEntityOfPage\":{\"@id\":\"https:\/\/marekkuchcinski.pl\/wydarzenia\/marek-kuchcinski-odslonil-popiersia-wspoltworcow-konstytucji-3-maja\/\"},\"wordCount\":656,\"commentCount\":0,\"publisher\":{\"@id\":\"https:\/\/marekkuchcinski.pl\/#organization\"},\"image\":{\"@id\":\"https:\/\/marekkuchcinski.pl\/wydarzenia\/marek-kuchcinski-odslonil-popiersia-wspoltworcow-konstytucji-3-maja\/#primaryimage\"},\"thumbnailUrl\":\"https:\/\/marekkuchcinski.pl\/wp-content\/uploads\/2019\/04\/IMG_8856.jpg\",\"articleSection\":[\"Sejmowa galeria sztuki\",\"Wydarzenia\"],\"inLanguage\":\"sk-SK\",\"potentialAction\":[{\"@type\":\"CommentAction\",\"name\":\"Comment\",\"target\":[\"https:\/\/marekkuchcinski.pl\/wydarzenia\/marek-kuchcinski-odslonil-popiersia-wspoltworcow-konstytucji-3-maja\/#respond\"]}]},{\"@type\":\"WebPage\",\"@id\":\"https:\/\/marekkuchcinski.pl\/wydarzenia\/marek-kuchcinski-odslonil-popiersia-wspoltworcow-konstytucji-3-maja\/\",\"url\":\"https:\/\/marekkuchcinski.pl\/wydarzenia\/marek-kuchcinski-odslonil-popiersia-wspoltworcow-konstytucji-3-maja\/\",\"name\":\"Marek Kuchci\u0144ski ods\u0142oni\u0142 popiersia wsp\u00f3\u0142tw\u00f3rc\u00f3w Konstytucji 3 maja &#8211; Marek Kuchci\u0144ski\",\"isPartOf\":{\"@id\":\"https:\/\/marekkuchcinski.pl\/#website\"},\"primaryImageOfPage\":{\"@id\":\"https:\/\/marekkuchcinski.pl\/wydarzenia\/marek-kuchcinski-odslonil-popiersia-wspoltworcow-konstytucji-3-maja\/#primaryimage\"},\"image\":{\"@id\":\"https:\/\/marekkuchcinski.pl\/wydarzenia\/marek-kuchcinski-odslonil-popiersia-wspoltworcow-konstytucji-3-maja\/#primaryimage\"},\"thumbnailUrl\":\"https:\/\/marekkuchcinski.pl\/wp-content\/uploads\/2019\/04\/IMG_8856.jpg\",\"datePublished\":\"2019-04-25T14:21:18+00:00\",\"dateModified\":\"2019-04-29T13:26:32+00:00\",\"breadcrumb\":{\"@id\":\"https:\/\/marekkuchcinski.pl\/wydarzenia\/marek-kuchcinski-odslonil-popiersia-wspoltworcow-konstytucji-3-maja\/#breadcrumb\"},\"inLanguage\":\"sk-SK\",\"potentialAction\":[{\"@type\":\"ReadAction\",\"target\":[\"https:\/\/marekkuchcinski.pl\/wydarzenia\/marek-kuchcinski-odslonil-popiersia-wspoltworcow-konstytucji-3-maja\/\"]}]},{\"@type\":\"ImageObject\",\"inLanguage\":\"sk-SK\",\"@id\":\"https:\/\/marekkuchcinski.pl\/wydarzenia\/marek-kuchcinski-odslonil-popiersia-wspoltworcow-konstytucji-3-maja\/#primaryimage\",\"url\":\"https:\/\/marekkuchcinski.pl\/wp-content\/uploads\/2019\/04\/IMG_8856.jpg\",\"contentUrl\":\"https:\/\/marekkuchcinski.pl\/wp-content\/uploads\/2019\/04\/IMG_8856.jpg\",\"width\":2048,\"height\":1365},{\"@type\":\"BreadcrumbList\",\"@id\":\"https:\/\/marekkuchcinski.pl\/wydarzenia\/marek-kuchcinski-odslonil-popiersia-wspoltworcow-konstytucji-3-maja\/#breadcrumb\",\"itemListElement\":[{\"@type\":\"ListItem\",\"position\":1,\"name\":\"Strona g\u0142\u00f3wna\",\"item\":\"https:\/\/marekkuchcinski.pl\/\"},{\"@type\":\"ListItem\",\"position\":2,\"name\":\"Marek Kuchci\u0144ski ods\u0142oni\u0142 popiersia wsp\u00f3\u0142tw\u00f3rc\u00f3w Konstytucji 3 maja\"}]},{\"@type\":\"WebSite\",\"@id\":\"https:\/\/marekkuchcinski.pl\/#website\",\"url\":\"https:\/\/marekkuchcinski.pl\/\",\"name\":\"Marek Kuchci\u0144ski\",\"description\":\"Pose\u0142 na sejm RP &ndash; okr\u0119g nr 22\",\"publisher\":{\"@id\":\"https:\/\/marekkuchcinski.pl\/#organization\"},\"potentialAction\":[{\"@type\":\"SearchAction\",\"target\":{\"@type\":\"EntryPoint\",\"urlTemplate\":\"https:\/\/marekkuchcinski.pl\/?s={search_term_string}\"},\"query-input\":{\"@type\":\"PropertyValueSpecification\",\"valueRequired\":true,\"valueName\":\"search_term_string\"}}],\"inLanguage\":\"sk-SK\"},{\"@type\":\"Organization\",\"@id\":\"https:\/\/marekkuchcinski.pl\/#organization\",\"name\":\"Marek Kuchci\u0144ski\",\"url\":\"https:\/\/marekkuchcinski.pl\/\",\"logo\":{\"@type\":\"ImageObject\",\"inLanguage\":\"sk-SK\",\"@id\":\"https:\/\/marekkuchcinski.pl\/#\/schema\/logo\/image\/\",\"url\":\"https:\/\/marekkuchcinski.pl\/wp-content\/uploads\/2022\/09\/Marek.jpg\",\"contentUrl\":\"https:\/\/marekkuchcinski.pl\/wp-content\/uploads\/2022\/09\/Marek.jpg\",\"width\":1600,\"height\":971,\"caption\":\"Marek Kuchci\u0144ski\"},\"image\":{\"@id\":\"https:\/\/marekkuchcinski.pl\/#\/schema\/logo\/image\/\"}},{\"@type\":\"Person\",\"@id\":\"https:\/\/marekkuchcinski.pl\/#\/schema\/person\/6f62700996b4d950b6ea2d1183b6c6be\",\"name\":\"admin\",\"image\":{\"@type\":\"ImageObject\",\"inLanguage\":\"sk-SK\",\"@id\":\"https:\/\/marekkuchcinski.pl\/#\/schema\/person\/image\/\",\"url\":\"https:\/\/secure.gravatar.com\/avatar\/4bab693b9d55c3d6b52c0296a8765085?s=96&d=mm&r=g\",\"contentUrl\":\"https:\/\/secure.gravatar.com\/avatar\/4bab693b9d55c3d6b52c0296a8765085?s=96&d=mm&r=g\",\"caption\":\"admin\"},\"url\":\"https:\/\/marekkuchcinski.pl\/sk\/author\/marta-olejnik\/\"}]}<\/script>\n<!-- \/ Yoast SEO plugin. -->","yoast_head_json":{"title":"Marek Kuchci\u0144ski ods\u0142oni\u0142 popiersia wsp\u00f3\u0142tw\u00f3rc\u00f3w Konstytucji 3 maja &#8211; Marek Kuchci\u0144ski","robots":{"index":"index","follow":"follow","max-snippet":"max-snippet:-1","max-image-preview":"max-image-preview:large","max-video-preview":"max-video-preview:-1"},"canonical":"https:\/\/marekkuchcinski.pl\/sk\/wydarzenia\/marek-kuchcinski-odslonil-popiersia-wspoltworcow-konstytucji-3-maja\/","og_locale":"sk_SK","og_type":"article","og_title":"Marek Kuchci\u0144ski ods\u0142oni\u0142 popiersia wsp\u00f3\u0142tw\u00f3rc\u00f3w Konstytucji 3 maja &#8211; Marek Kuchci\u0144ski","og_description":"W samym sercu kompleksu sejmowego zainicjowano galeri\u0119 rze\u017ab przedstawiaj\u0105cych marsza\u0142k\u00f3w izby poselskiej z&nbsp;&nbsp;okresu I&nbsp;&nbsp;Rzeczypospolitej. Marsza\u0142ek Sejmu Marek Kuchci\u0144ski ods\u0142aniaj\u0105c popiersia wsp\u00f3\u0142tw\u00f3rc\u00f3w Konstytucji 3 maja: Stanis\u0142awa Ma\u0142achowskiego, marsza\u0142ka Sejmu Czteroletniego oraz Kazimierza Nestora Sapiehy, marsza\u0142ka konfederacji Wielkiego Ksi\u0119stwa Litewskiego, powiedzia\u0142: Rze\u017aby tych dw\u00f3ch marsza\u0142k\u00f3w ods\u0142aniamy w pierwszej kolejno\u015bci, bowiem w tym roku obchodzimy 450. rocznic\u0119 podpisania [&hellip;]","og_url":"https:\/\/marekkuchcinski.pl\/sk\/wydarzenia\/marek-kuchcinski-odslonil-popiersia-wspoltworcow-konstytucji-3-maja\/","og_site_name":"Marek Kuchci\u0144ski","article_published_time":"2019-04-25T14:21:18+00:00","article_modified_time":"2019-04-29T13:26:32+00:00","og_image":[{"width":2048,"height":1365,"url":"https:\/\/marekkuchcinski.pl\/wp-content\/uploads\/2019\/04\/IMG_8856.jpg","type":"image\/jpeg"}],"author":"admin","twitter_card":"summary_large_image","twitter_misc":{"Autor":"admin","Predpokladan\u00fd \u010das \u010d\u00edtania":"3 min\u00faty"},"schema":{"@context":"https:\/\/schema.org","@graph":[{"@type":"Article","@id":"https:\/\/marekkuchcinski.pl\/wydarzenia\/marek-kuchcinski-odslonil-popiersia-wspoltworcow-konstytucji-3-maja\/#article","isPartOf":{"@id":"https:\/\/marekkuchcinski.pl\/wydarzenia\/marek-kuchcinski-odslonil-popiersia-wspoltworcow-konstytucji-3-maja\/"},"author":{"name":"admin","@id":"https:\/\/marekkuchcinski.pl\/#\/schema\/person\/6f62700996b4d950b6ea2d1183b6c6be"},"headline":"Marek Kuchci\u0144ski ods\u0142oni\u0142 popiersia wsp\u00f3\u0142tw\u00f3rc\u00f3w Konstytucji 3 maja","datePublished":"2019-04-25T14:21:18+00:00","dateModified":"2019-04-29T13:26:32+00:00","mainEntityOfPage":{"@id":"https:\/\/marekkuchcinski.pl\/wydarzenia\/marek-kuchcinski-odslonil-popiersia-wspoltworcow-konstytucji-3-maja\/"},"wordCount":656,"commentCount":0,"publisher":{"@id":"https:\/\/marekkuchcinski.pl\/#organization"},"image":{"@id":"https:\/\/marekkuchcinski.pl\/wydarzenia\/marek-kuchcinski-odslonil-popiersia-wspoltworcow-konstytucji-3-maja\/#primaryimage"},"thumbnailUrl":"https:\/\/marekkuchcinski.pl\/wp-content\/uploads\/2019\/04\/IMG_8856.jpg","articleSection":["Sejmowa galeria sztuki","Wydarzenia"],"inLanguage":"sk-SK","potentialAction":[{"@type":"CommentAction","name":"Comment","target":["https:\/\/marekkuchcinski.pl\/wydarzenia\/marek-kuchcinski-odslonil-popiersia-wspoltworcow-konstytucji-3-maja\/#respond"]}]},{"@type":"WebPage","@id":"https:\/\/marekkuchcinski.pl\/wydarzenia\/marek-kuchcinski-odslonil-popiersia-wspoltworcow-konstytucji-3-maja\/","url":"https:\/\/marekkuchcinski.pl\/wydarzenia\/marek-kuchcinski-odslonil-popiersia-wspoltworcow-konstytucji-3-maja\/","name":"Marek Kuchci\u0144ski ods\u0142oni\u0142 popiersia wsp\u00f3\u0142tw\u00f3rc\u00f3w Konstytucji 3 maja &#8211; Marek Kuchci\u0144ski","isPartOf":{"@id":"https:\/\/marekkuchcinski.pl\/#website"},"primaryImageOfPage":{"@id":"https:\/\/marekkuchcinski.pl\/wydarzenia\/marek-kuchcinski-odslonil-popiersia-wspoltworcow-konstytucji-3-maja\/#primaryimage"},"image":{"@id":"https:\/\/marekkuchcinski.pl\/wydarzenia\/marek-kuchcinski-odslonil-popiersia-wspoltworcow-konstytucji-3-maja\/#primaryimage"},"thumbnailUrl":"https:\/\/marekkuchcinski.pl\/wp-content\/uploads\/2019\/04\/IMG_8856.jpg","datePublished":"2019-04-25T14:21:18+00:00","dateModified":"2019-04-29T13:26:32+00:00","breadcrumb":{"@id":"https:\/\/marekkuchcinski.pl\/wydarzenia\/marek-kuchcinski-odslonil-popiersia-wspoltworcow-konstytucji-3-maja\/#breadcrumb"},"inLanguage":"sk-SK","potentialAction":[{"@type":"ReadAction","target":["https:\/\/marekkuchcinski.pl\/wydarzenia\/marek-kuchcinski-odslonil-popiersia-wspoltworcow-konstytucji-3-maja\/"]}]},{"@type":"ImageObject","inLanguage":"sk-SK","@id":"https:\/\/marekkuchcinski.pl\/wydarzenia\/marek-kuchcinski-odslonil-popiersia-wspoltworcow-konstytucji-3-maja\/#primaryimage","url":"https:\/\/marekkuchcinski.pl\/wp-content\/uploads\/2019\/04\/IMG_8856.jpg","contentUrl":"https:\/\/marekkuchcinski.pl\/wp-content\/uploads\/2019\/04\/IMG_8856.jpg","width":2048,"height":1365},{"@type":"BreadcrumbList","@id":"https:\/\/marekkuchcinski.pl\/wydarzenia\/marek-kuchcinski-odslonil-popiersia-wspoltworcow-konstytucji-3-maja\/#breadcrumb","itemListElement":[{"@type":"ListItem","position":1,"name":"Strona g\u0142\u00f3wna","item":"https:\/\/marekkuchcinski.pl\/"},{"@type":"ListItem","position":2,"name":"Marek Kuchci\u0144ski ods\u0142oni\u0142 popiersia wsp\u00f3\u0142tw\u00f3rc\u00f3w Konstytucji 3 maja"}]},{"@type":"WebSite","@id":"https:\/\/marekkuchcinski.pl\/#website","url":"https:\/\/marekkuchcinski.pl\/","name":"Marek Kuchci\u0144ski","description":"Pose\u0142 na sejm RP &ndash; okr\u0119g nr 22","publisher":{"@id":"https:\/\/marekkuchcinski.pl\/#organization"},"potentialAction":[{"@type":"SearchAction","target":{"@type":"EntryPoint","urlTemplate":"https:\/\/marekkuchcinski.pl\/?s={search_term_string}"},"query-input":{"@type":"PropertyValueSpecification","valueRequired":true,"valueName":"search_term_string"}}],"inLanguage":"sk-SK"},{"@type":"Organization","@id":"https:\/\/marekkuchcinski.pl\/#organization","name":"Marek Kuchci\u0144ski","url":"https:\/\/marekkuchcinski.pl\/","logo":{"@type":"ImageObject","inLanguage":"sk-SK","@id":"https:\/\/marekkuchcinski.pl\/#\/schema\/logo\/image\/","url":"https:\/\/marekkuchcinski.pl\/wp-content\/uploads\/2022\/09\/Marek.jpg","contentUrl":"https:\/\/marekkuchcinski.pl\/wp-content\/uploads\/2022\/09\/Marek.jpg","width":1600,"height":971,"caption":"Marek Kuchci\u0144ski"},"image":{"@id":"https:\/\/marekkuchcinski.pl\/#\/schema\/logo\/image\/"}},{"@type":"Person","@id":"https:\/\/marekkuchcinski.pl\/#\/schema\/person\/6f62700996b4d950b6ea2d1183b6c6be","name":"admin","image":{"@type":"ImageObject","inLanguage":"sk-SK","@id":"https:\/\/marekkuchcinski.pl\/#\/schema\/person\/image\/","url":"https:\/\/secure.gravatar.com\/avatar\/4bab693b9d55c3d6b52c0296a8765085?s=96&d=mm&r=g","contentUrl":"https:\/\/secure.gravatar.com\/avatar\/4bab693b9d55c3d6b52c0296a8765085?s=96&d=mm&r=g","caption":"admin"},"url":"https:\/\/marekkuchcinski.pl\/sk\/author\/marta-olejnik\/"}]}},"_links":{"self":[{"href":"https:\/\/marekkuchcinski.pl\/sk\/wp-json\/wp\/v2\/posts\/15044","targetHints":{"allow":["GET"]}}],"collection":[{"href":"https:\/\/marekkuchcinski.pl\/sk\/wp-json\/wp\/v2\/posts"}],"about":[{"href":"https:\/\/marekkuchcinski.pl\/sk\/wp-json\/wp\/v2\/types\/post"}],"author":[{"embeddable":true,"href":"https:\/\/marekkuchcinski.pl\/sk\/wp-json\/wp\/v2\/users\/6"}],"replies":[{"embeddable":true,"href":"https:\/\/marekkuchcinski.pl\/sk\/wp-json\/wp\/v2\/comments?post=15044"}],"version-history":[{"count":30,"href":"https:\/\/marekkuchcinski.pl\/sk\/wp-json\/wp\/v2\/posts\/15044\/revisions"}],"predecessor-version":[{"id":15153,"href":"https:\/\/marekkuchcinski.pl\/sk\/wp-json\/wp\/v2\/posts\/15044\/revisions\/15153"}],"wp:featuredmedia":[{"embeddable":true,"href":"https:\/\/marekkuchcinski.pl\/sk\/wp-json\/wp\/v2\/media\/15051"}],"wp:attachment":[{"href":"https:\/\/marekkuchcinski.pl\/sk\/wp-json\/wp\/v2\/media?parent=15044"}],"wp:term":[{"taxonomy":"category","embeddable":true,"href":"https:\/\/marekkuchcinski.pl\/sk\/wp-json\/wp\/v2\/categories?post=15044"},{"taxonomy":"post_tag","embeddable":true,"href":"https:\/\/marekkuchcinski.pl\/sk\/wp-json\/wp\/v2\/tags?post=15044"}],"curies":[{"name":"wp","href":"https:\/\/api.w.org\/{rel}","templated":true}]}}