{"id":15036,"date":"2019-04-24T00:30:58","date_gmt":"2019-04-23T22:30:58","guid":{"rendered":"https:\/\/marekkuchcinski.pl\/?p=15036"},"modified":"2019-04-24T12:03:50","modified_gmt":"2019-04-24T10:03:50","slug":"sejm-zajmie-sie-rozszerzeniem-programu-500-plus-o-pierwsze-dziecko","status":"publish","type":"post","link":"https:\/\/marekkuchcinski.pl\/sk\/wydarzenia\/sejm-zajmie-sie-rozszerzeniem-programu-500-plus-o-pierwsze-dziecko\/","title":{"rendered":"Sejm roz\u0161\u00edri program 500 plus o prv\u00e9 die\u0165a"},"content":{"rendered":"<p><strong>Na \u0161tvrtkovom zasadnut\u00ed Sejmu bud\u00fa poslanci rokova\u0165 o vl\u00e1dnom n\u00e1vrhu, ktor\u00fd je s\u00fa\u010das\u0165ou Kaczy\u0144sk\u00e9ho takzvanej p\u00e4\u0165ky, teda 500 PLN, ktor\u00e9 sa maj\u00fa poskytova\u0165 aj na prv\u00e9 die\u0165a. <\/strong><\/p>\n\n\n\n<p>V d\u00f4vodovej spr\u00e1ve k z\u00e1konu sa uv\u00e1dza, \u017ee rodinn\u00e1 politika je jednou z najd\u00f4le\u017eitej\u0161\u00edch oblast\u00ed\ns\u00fa\u010dasnej vl\u00e1dy. Program Rodina 500 plus, ktor\u00fd vst\u00fapil do platnosti 1.\napr\u00edla 2016, je prv\u00fdm programom od politickej transform\u00e1cie, ktor\u00e1 tak\nzd\u00f4raz\u0148uje potrebu invest\u00edci\u00ed do rodiny, ktor\u00e1 predstavuje jej skuto\u010dn\u00fa\npodporu. <\/p>\n\n\n\n<p>Rodina 500 plus \u00faplne zmenila\nRodina 500 plus \u00faplne zmenila poh\u013ead na \u0161t\u00e1tnu podporu rod\u00edn a stala sa\nRodina 500 plus \u00faplne zmenila poh\u013ead na podporu rodiny zo strany \u0161t\u00e1tu a stala sa referen\u010dn\u00fdm bodom v diskusii o rodinnej politike. V\u010faka programu a miliard\u00e1m\nmili\u00e1rd prevodov finan\u010dn\u00fdch prostriedkov rodin\u00e1m, otvorili sme rozvojov\u00e9 perspekt\u00edvy\n\u013eud\u00ed, ktor\u00ed boli doteraz marginalizovan\u00ed. Obnovili sme ich d\u00f4stojnos\u0165.\nPodpora rod\u00edn prostredn\u00edctvom n\u00e1strojov rodinnej politiky je invest\u00edciou do \u013eudsk\u00e9ho kapit\u00e1lu\n\u013eudsk\u00fd kapit\u00e1l, od ktor\u00e9ho do zna\u010dnej miery z\u00e1vis\u00ed stav \u0161t\u00e1tu.<\/p>\n\n\n\n<p>Navrhovan\u00e1 zmena sa bude t\u00fdka\u0165 v\u0161etk\u00fdch\ndeti mlad\u0161ie ako 18 rokov. Z tohto d\u00f4vodu ru\u0161\u00ed ustanovenia t\u00fdkaj\u00face sa v\u0161etk\u00fdch rie\u0161en\u00ed v\npr\u00edjmov\u00e9 krit\u00e9rium opr\u00e1v\u0148uj\u00face na rodi\u010dovsk\u00fd pr\u00edspevok. Pokrytie\nv\u0161etky deti s d\u00e1vkami z programu Rodina 500 plus bude ma\u0165 za n\u00e1sledok zv\u00fd\u0161enie\nv\u00fddavky zo \u0161t\u00e1tneho rozpo\u010dtu v prospech rod\u00edn na \u00farove\u0148 pribli\u017ene 4% HDP. To bude\nzv\u00fd\u0161enie ukazovate\u013ea podielu v\u00fddavkov na rodinn\u00fa politiku na HDP v pomere k HDP o 125%\nk v\u00fddavkom z roku 2015. <\/p>\n\n\n\n<p>V\u00fd\u0161ka v\u00fddavkov na rodinn\u00fa politiku rad\u00ed Po\u013esko na popredn\u00e9 miesto v r\u00e1mci eur\u00f3pskych kraj\u00edn a je d\u00f4kazom toho, \u017ee podpora rod\u00edn je pre vl\u00e1du prioritou.<\/p>\n\n\n\n<figure class=\"wp-block-embed is-type-rich is-provider-marek-kuchcinski\"><div class=\"wp-block-embed__wrapper\">\n<blockquote class=\"wp-embedded-content\" data-secret=\"puFtU2lIlI\"><a href=\"https:\/\/marekkuchcinski.pl\/sk\/wydarzenia\/pis-skutecznie-pomaga-ludziom-i-ogranicza-biede-i-nierownosci\/\">Po\u013esko je l\u00eddrom v oblasti vyrovn\u00e1vania \u017eivotnej \u00farovne. PiS \u00fa\u010dinne zni\u017euje rozdiely medzi bohat\u00fdmi a chudobn\u00fdmi<\/a><\/blockquote><iframe class=\"wp-embedded-content\" sandbox=\"allow-scripts\" security=\"restricted\" style=\"position: absolute; clip: rect(1px, 1px, 1px, 1px);\" title=\"&quot;Po\u013esko je l\u00eddrom v oblasti vyrovn\u00e1vania \u017eivotnej \u00farovne. PiS \u00fa\u010dinne zni\u017euje rozdiely medzi chudobn\u00fdmi a bohat\u00fdmi&quot; - Marek Kuchci\u0144ski\" src=\"https:\/\/marekkuchcinski.pl\/wydarzenia\/pis-skutecznie-pomaga-ludziom-i-ogranicza-biede-i-nierownosci\/embed\/#?secret=puFtU2lIlI\" data-secret=\"puFtU2lIlI\" width=\"600\" height=\"338\" frameborder=\"0\" marginwidth=\"0\" marginheight=\"0\" scrolling=\"no\"><\/iframe>\n<\/div><\/figure>","protected":false},"excerpt":{"rendered":"<p>Na czwartkowym posiedzeniu Sejmu pos\u0142owie pochyl\u0105 si\u0119 nad rz\u0105dowym projektem, b\u0119d\u0105cym elementem tzw. Pi\u0105tki Kaczy\u0144skiego, czyli 500 z\u0142 przyznawanym r\u00f3wnie\u017c na pierwsze dziecko. W uzasadnieniu do ustawy czytamy, \u017ce polityka rodzinna to jeden z najwa\u017cniejszych obszar\u00f3w dzia\u0142ania obecnego Rz\u0105du. Program Rodzina 500 plus, kt\u00f3ry wszed\u0142 w \u017cycie 1 kwietnia 2016 r., to pierwszy od transformacji [&hellip;]<\/p>","protected":false},"author":6,"featured_media":15037,"comment_status":"open","ping_status":"open","sticky":false,"template":"","format":"standard","meta":{"ngg_post_thumbnail":0,"footnotes":""},"categories":[82,81,3],"tags":[],"class_list":["post-15036","post","type-post","status-publish","format-standard","has-post-thumbnail","hentry","category-prawo-i-sprawiedliwosc","category-wiesci-z-sejmu","category-wydarzenia"],"yoast_head":"<!-- This site is optimized with the Yoast SEO plugin v24.7 - https:\/\/yoast.com\/wordpress\/plugins\/seo\/ -->\n<title>Sejm zajmie si\u0119 rozszerzeniem programu 500 plus o pierwsze dziecko &#8211; Marek Kuchci\u0144ski<\/title>\n<meta name=\"robots\" content=\"index, follow, max-snippet:-1, max-image-preview:large, max-video-preview:-1\" \/>\n<link rel=\"canonical\" href=\"https:\/\/marekkuchcinski.pl\/sk\/wydarzenia\/sejm-zajmie-sie-rozszerzeniem-programu-500-plus-o-pierwsze-dziecko\/\" \/>\n<meta property=\"og:locale\" content=\"sk_SK\" \/>\n<meta property=\"og:type\" content=\"article\" \/>\n<meta property=\"og:title\" content=\"Sejm zajmie si\u0119 rozszerzeniem programu 500 plus o pierwsze dziecko &#8211; Marek Kuchci\u0144ski\" \/>\n<meta property=\"og:description\" content=\"Na czwartkowym posiedzeniu Sejmu pos\u0142owie pochyl\u0105 si\u0119 nad rz\u0105dowym projektem, b\u0119d\u0105cym elementem tzw. Pi\u0105tki Kaczy\u0144skiego, czyli 500 z\u0142 przyznawanym r\u00f3wnie\u017c na pierwsze dziecko. W uzasadnieniu do ustawy czytamy, \u017ce polityka rodzinna to jeden z najwa\u017cniejszych obszar\u00f3w dzia\u0142ania obecnego Rz\u0105du. Program Rodzina 500 plus, kt\u00f3ry wszed\u0142 w \u017cycie 1 kwietnia 2016 r., to pierwszy od transformacji [&hellip;]\" \/>\n<meta property=\"og:url\" content=\"https:\/\/marekkuchcinski.pl\/sk\/wydarzenia\/sejm-zajmie-sie-rozszerzeniem-programu-500-plus-o-pierwsze-dziecko\/\" \/>\n<meta property=\"og:site_name\" content=\"Marek Kuchci\u0144ski\" \/>\n<meta property=\"article:published_time\" content=\"2019-04-23T22:30:58+00:00\" \/>\n<meta property=\"article:modified_time\" content=\"2019-04-24T10:03:50+00:00\" \/>\n<meta property=\"og:image\" content=\"https:\/\/marekkuchcinski.pl\/wp-content\/uploads\/2019\/04\/500.png\" \/>\n\t<meta property=\"og:image:width\" content=\"1200\" \/>\n\t<meta property=\"og:image:height\" content=\"630\" \/>\n\t<meta property=\"og:image:type\" content=\"image\/png\" \/>\n<meta name=\"author\" content=\"admin\" \/>\n<meta name=\"twitter:card\" content=\"summary_large_image\" \/>\n<meta name=\"twitter:label1\" content=\"Autor\" \/>\n\t<meta name=\"twitter:data1\" content=\"admin\" \/>\n\t<meta name=\"twitter:label2\" content=\"Predpokladan\u00fd \u010das \u010d\u00edtania\" \/>\n\t<meta name=\"twitter:data2\" content=\"1 min\u00fata\" \/>\n<script type=\"application\/ld+json\" class=\"yoast-schema-graph\">{\"@context\":\"https:\/\/schema.org\",\"@graph\":[{\"@type\":\"Article\",\"@id\":\"https:\/\/marekkuchcinski.pl\/ro\/wydarzenia\/sejm-zajmie-sie-rozszerzeniem-programu-500-plus-o-pierwsze-dziecko\/#article\",\"isPartOf\":{\"@id\":\"https:\/\/marekkuchcinski.pl\/ro\/wydarzenia\/sejm-zajmie-sie-rozszerzeniem-programu-500-plus-o-pierwsze-dziecko\/\"},\"author\":{\"name\":\"admin\",\"@id\":\"https:\/\/marekkuchcinski.pl\/#\/schema\/person\/6f62700996b4d950b6ea2d1183b6c6be\"},\"headline\":\"Sejm zajmie si\u0119 rozszerzeniem programu 500 plus o pierwsze dziecko\",\"datePublished\":\"2019-04-23T22:30:58+00:00\",\"dateModified\":\"2019-04-24T10:03:50+00:00\",\"mainEntityOfPage\":{\"@id\":\"https:\/\/marekkuchcinski.pl\/ro\/wydarzenia\/sejm-zajmie-sie-rozszerzeniem-programu-500-plus-o-pierwsze-dziecko\/\"},\"wordCount\":278,\"commentCount\":0,\"publisher\":{\"@id\":\"https:\/\/marekkuchcinski.pl\/#organization\"},\"image\":{\"@id\":\"https:\/\/marekkuchcinski.pl\/ro\/wydarzenia\/sejm-zajmie-sie-rozszerzeniem-programu-500-plus-o-pierwsze-dziecko\/#primaryimage\"},\"thumbnailUrl\":\"https:\/\/marekkuchcinski.pl\/wp-content\/uploads\/2019\/04\/500.png\",\"articleSection\":[\"Prawo i Sprawiedliwo\u015b\u0107\",\"Wie\u015bci z Sejmu\",\"Wydarzenia\"],\"inLanguage\":\"sk-SK\",\"potentialAction\":[{\"@type\":\"CommentAction\",\"name\":\"Comment\",\"target\":[\"https:\/\/marekkuchcinski.pl\/ro\/wydarzenia\/sejm-zajmie-sie-rozszerzeniem-programu-500-plus-o-pierwsze-dziecko\/#respond\"]}]},{\"@type\":\"WebPage\",\"@id\":\"https:\/\/marekkuchcinski.pl\/ro\/wydarzenia\/sejm-zajmie-sie-rozszerzeniem-programu-500-plus-o-pierwsze-dziecko\/\",\"url\":\"https:\/\/marekkuchcinski.pl\/ro\/wydarzenia\/sejm-zajmie-sie-rozszerzeniem-programu-500-plus-o-pierwsze-dziecko\/\",\"name\":\"Sejm zajmie si\u0119 rozszerzeniem programu 500 plus o pierwsze dziecko &#8211; Marek Kuchci\u0144ski\",\"isPartOf\":{\"@id\":\"https:\/\/marekkuchcinski.pl\/#website\"},\"primaryImageOfPage\":{\"@id\":\"https:\/\/marekkuchcinski.pl\/ro\/wydarzenia\/sejm-zajmie-sie-rozszerzeniem-programu-500-plus-o-pierwsze-dziecko\/#primaryimage\"},\"image\":{\"@id\":\"https:\/\/marekkuchcinski.pl\/ro\/wydarzenia\/sejm-zajmie-sie-rozszerzeniem-programu-500-plus-o-pierwsze-dziecko\/#primaryimage\"},\"thumbnailUrl\":\"https:\/\/marekkuchcinski.pl\/wp-content\/uploads\/2019\/04\/500.png\",\"datePublished\":\"2019-04-23T22:30:58+00:00\",\"dateModified\":\"2019-04-24T10:03:50+00:00\",\"breadcrumb\":{\"@id\":\"https:\/\/marekkuchcinski.pl\/ro\/wydarzenia\/sejm-zajmie-sie-rozszerzeniem-programu-500-plus-o-pierwsze-dziecko\/#breadcrumb\"},\"inLanguage\":\"sk-SK\",\"potentialAction\":[{\"@type\":\"ReadAction\",\"target\":[\"https:\/\/marekkuchcinski.pl\/ro\/wydarzenia\/sejm-zajmie-sie-rozszerzeniem-programu-500-plus-o-pierwsze-dziecko\/\"]}]},{\"@type\":\"ImageObject\",\"inLanguage\":\"sk-SK\",\"@id\":\"https:\/\/marekkuchcinski.pl\/ro\/wydarzenia\/sejm-zajmie-sie-rozszerzeniem-programu-500-plus-o-pierwsze-dziecko\/#primaryimage\",\"url\":\"https:\/\/marekkuchcinski.pl\/wp-content\/uploads\/2019\/04\/500.png\",\"contentUrl\":\"https:\/\/marekkuchcinski.pl\/wp-content\/uploads\/2019\/04\/500.png\",\"width\":1200,\"height\":630},{\"@type\":\"BreadcrumbList\",\"@id\":\"https:\/\/marekkuchcinski.pl\/ro\/wydarzenia\/sejm-zajmie-sie-rozszerzeniem-programu-500-plus-o-pierwsze-dziecko\/#breadcrumb\",\"itemListElement\":[{\"@type\":\"ListItem\",\"position\":1,\"name\":\"Strona g\u0142\u00f3wna\",\"item\":\"https:\/\/marekkuchcinski.pl\/\"},{\"@type\":\"ListItem\",\"position\":2,\"name\":\"Sejm zajmie si\u0119 rozszerzeniem programu 500 plus o pierwsze dziecko\"}]},{\"@type\":\"WebSite\",\"@id\":\"https:\/\/marekkuchcinski.pl\/#website\",\"url\":\"https:\/\/marekkuchcinski.pl\/\",\"name\":\"Marek Kuchci\u0144ski\",\"description\":\"Pose\u0142 na sejm RP &ndash; okr\u0119g nr 22\",\"publisher\":{\"@id\":\"https:\/\/marekkuchcinski.pl\/#organization\"},\"potentialAction\":[{\"@type\":\"SearchAction\",\"target\":{\"@type\":\"EntryPoint\",\"urlTemplate\":\"https:\/\/marekkuchcinski.pl\/?s={search_term_string}\"},\"query-input\":{\"@type\":\"PropertyValueSpecification\",\"valueRequired\":true,\"valueName\":\"search_term_string\"}}],\"inLanguage\":\"sk-SK\"},{\"@type\":\"Organization\",\"@id\":\"https:\/\/marekkuchcinski.pl\/#organization\",\"name\":\"Marek Kuchci\u0144ski\",\"url\":\"https:\/\/marekkuchcinski.pl\/\",\"logo\":{\"@type\":\"ImageObject\",\"inLanguage\":\"sk-SK\",\"@id\":\"https:\/\/marekkuchcinski.pl\/#\/schema\/logo\/image\/\",\"url\":\"https:\/\/marekkuchcinski.pl\/wp-content\/uploads\/2022\/09\/Marek.jpg\",\"contentUrl\":\"https:\/\/marekkuchcinski.pl\/wp-content\/uploads\/2022\/09\/Marek.jpg\",\"width\":1600,\"height\":971,\"caption\":\"Marek Kuchci\u0144ski\"},\"image\":{\"@id\":\"https:\/\/marekkuchcinski.pl\/#\/schema\/logo\/image\/\"}},{\"@type\":\"Person\",\"@id\":\"https:\/\/marekkuchcinski.pl\/#\/schema\/person\/6f62700996b4d950b6ea2d1183b6c6be\",\"name\":\"admin\",\"image\":{\"@type\":\"ImageObject\",\"inLanguage\":\"sk-SK\",\"@id\":\"https:\/\/marekkuchcinski.pl\/#\/schema\/person\/image\/\",\"url\":\"https:\/\/secure.gravatar.com\/avatar\/4bab693b9d55c3d6b52c0296a8765085?s=96&d=mm&r=g\",\"contentUrl\":\"https:\/\/secure.gravatar.com\/avatar\/4bab693b9d55c3d6b52c0296a8765085?s=96&d=mm&r=g\",\"caption\":\"admin\"},\"url\":\"https:\/\/marekkuchcinski.pl\/sk\/author\/marta-olejnik\/\"}]}<\/script>\n<!-- \/ Yoast SEO plugin. -->","yoast_head_json":{"title":"Sejm zajmie si\u0119 rozszerzeniem programu 500 plus o pierwsze dziecko &#8211; Marek Kuchci\u0144ski","robots":{"index":"index","follow":"follow","max-snippet":"max-snippet:-1","max-image-preview":"max-image-preview:large","max-video-preview":"max-video-preview:-1"},"canonical":"https:\/\/marekkuchcinski.pl\/sk\/wydarzenia\/sejm-zajmie-sie-rozszerzeniem-programu-500-plus-o-pierwsze-dziecko\/","og_locale":"sk_SK","og_type":"article","og_title":"Sejm zajmie si\u0119 rozszerzeniem programu 500 plus o pierwsze dziecko &#8211; Marek Kuchci\u0144ski","og_description":"Na czwartkowym posiedzeniu Sejmu pos\u0142owie pochyl\u0105 si\u0119 nad rz\u0105dowym projektem, b\u0119d\u0105cym elementem tzw. Pi\u0105tki Kaczy\u0144skiego, czyli 500 z\u0142 przyznawanym r\u00f3wnie\u017c na pierwsze dziecko. W uzasadnieniu do ustawy czytamy, \u017ce polityka rodzinna to jeden z najwa\u017cniejszych obszar\u00f3w dzia\u0142ania obecnego Rz\u0105du. Program Rodzina 500 plus, kt\u00f3ry wszed\u0142 w \u017cycie 1 kwietnia 2016 r., to pierwszy od transformacji [&hellip;]","og_url":"https:\/\/marekkuchcinski.pl\/sk\/wydarzenia\/sejm-zajmie-sie-rozszerzeniem-programu-500-plus-o-pierwsze-dziecko\/","og_site_name":"Marek Kuchci\u0144ski","article_published_time":"2019-04-23T22:30:58+00:00","article_modified_time":"2019-04-24T10:03:50+00:00","og_image":[{"width":1200,"height":630,"url":"https:\/\/marekkuchcinski.pl\/wp-content\/uploads\/2019\/04\/500.png","type":"image\/png"}],"author":"admin","twitter_card":"summary_large_image","twitter_misc":{"Autor":"admin","Predpokladan\u00fd \u010das \u010d\u00edtania":"1 min\u00fata"},"schema":{"@context":"https:\/\/schema.org","@graph":[{"@type":"Article","@id":"https:\/\/marekkuchcinski.pl\/ro\/wydarzenia\/sejm-zajmie-sie-rozszerzeniem-programu-500-plus-o-pierwsze-dziecko\/#article","isPartOf":{"@id":"https:\/\/marekkuchcinski.pl\/ro\/wydarzenia\/sejm-zajmie-sie-rozszerzeniem-programu-500-plus-o-pierwsze-dziecko\/"},"author":{"name":"admin","@id":"https:\/\/marekkuchcinski.pl\/#\/schema\/person\/6f62700996b4d950b6ea2d1183b6c6be"},"headline":"Sejm zajmie si\u0119 rozszerzeniem programu 500 plus o pierwsze dziecko","datePublished":"2019-04-23T22:30:58+00:00","dateModified":"2019-04-24T10:03:50+00:00","mainEntityOfPage":{"@id":"https:\/\/marekkuchcinski.pl\/ro\/wydarzenia\/sejm-zajmie-sie-rozszerzeniem-programu-500-plus-o-pierwsze-dziecko\/"},"wordCount":278,"commentCount":0,"publisher":{"@id":"https:\/\/marekkuchcinski.pl\/#organization"},"image":{"@id":"https:\/\/marekkuchcinski.pl\/ro\/wydarzenia\/sejm-zajmie-sie-rozszerzeniem-programu-500-plus-o-pierwsze-dziecko\/#primaryimage"},"thumbnailUrl":"https:\/\/marekkuchcinski.pl\/wp-content\/uploads\/2019\/04\/500.png","articleSection":["Prawo i Sprawiedliwo\u015b\u0107","Wie\u015bci z Sejmu","Wydarzenia"],"inLanguage":"sk-SK","potentialAction":[{"@type":"CommentAction","name":"Comment","target":["https:\/\/marekkuchcinski.pl\/ro\/wydarzenia\/sejm-zajmie-sie-rozszerzeniem-programu-500-plus-o-pierwsze-dziecko\/#respond"]}]},{"@type":"WebPage","@id":"https:\/\/marekkuchcinski.pl\/ro\/wydarzenia\/sejm-zajmie-sie-rozszerzeniem-programu-500-plus-o-pierwsze-dziecko\/","url":"https:\/\/marekkuchcinski.pl\/ro\/wydarzenia\/sejm-zajmie-sie-rozszerzeniem-programu-500-plus-o-pierwsze-dziecko\/","name":"Sejm zajmie si\u0119 rozszerzeniem programu 500 plus o pierwsze dziecko &#8211; Marek Kuchci\u0144ski","isPartOf":{"@id":"https:\/\/marekkuchcinski.pl\/#website"},"primaryImageOfPage":{"@id":"https:\/\/marekkuchcinski.pl\/ro\/wydarzenia\/sejm-zajmie-sie-rozszerzeniem-programu-500-plus-o-pierwsze-dziecko\/#primaryimage"},"image":{"@id":"https:\/\/marekkuchcinski.pl\/ro\/wydarzenia\/sejm-zajmie-sie-rozszerzeniem-programu-500-plus-o-pierwsze-dziecko\/#primaryimage"},"thumbnailUrl":"https:\/\/marekkuchcinski.pl\/wp-content\/uploads\/2019\/04\/500.png","datePublished":"2019-04-23T22:30:58+00:00","dateModified":"2019-04-24T10:03:50+00:00","breadcrumb":{"@id":"https:\/\/marekkuchcinski.pl\/ro\/wydarzenia\/sejm-zajmie-sie-rozszerzeniem-programu-500-plus-o-pierwsze-dziecko\/#breadcrumb"},"inLanguage":"sk-SK","potentialAction":[{"@type":"ReadAction","target":["https:\/\/marekkuchcinski.pl\/ro\/wydarzenia\/sejm-zajmie-sie-rozszerzeniem-programu-500-plus-o-pierwsze-dziecko\/"]}]},{"@type":"ImageObject","inLanguage":"sk-SK","@id":"https:\/\/marekkuchcinski.pl\/ro\/wydarzenia\/sejm-zajmie-sie-rozszerzeniem-programu-500-plus-o-pierwsze-dziecko\/#primaryimage","url":"https:\/\/marekkuchcinski.pl\/wp-content\/uploads\/2019\/04\/500.png","contentUrl":"https:\/\/marekkuchcinski.pl\/wp-content\/uploads\/2019\/04\/500.png","width":1200,"height":630},{"@type":"BreadcrumbList","@id":"https:\/\/marekkuchcinski.pl\/ro\/wydarzenia\/sejm-zajmie-sie-rozszerzeniem-programu-500-plus-o-pierwsze-dziecko\/#breadcrumb","itemListElement":[{"@type":"ListItem","position":1,"name":"Strona g\u0142\u00f3wna","item":"https:\/\/marekkuchcinski.pl\/"},{"@type":"ListItem","position":2,"name":"Sejm zajmie si\u0119 rozszerzeniem programu 500 plus o pierwsze dziecko"}]},{"@type":"WebSite","@id":"https:\/\/marekkuchcinski.pl\/#website","url":"https:\/\/marekkuchcinski.pl\/","name":"Marek Kuchci\u0144ski","description":"Pose\u0142 na sejm RP &ndash; okr\u0119g nr 22","publisher":{"@id":"https:\/\/marekkuchcinski.pl\/#organization"},"potentialAction":[{"@type":"SearchAction","target":{"@type":"EntryPoint","urlTemplate":"https:\/\/marekkuchcinski.pl\/?s={search_term_string}"},"query-input":{"@type":"PropertyValueSpecification","valueRequired":true,"valueName":"search_term_string"}}],"inLanguage":"sk-SK"},{"@type":"Organization","@id":"https:\/\/marekkuchcinski.pl\/#organization","name":"Marek Kuchci\u0144ski","url":"https:\/\/marekkuchcinski.pl\/","logo":{"@type":"ImageObject","inLanguage":"sk-SK","@id":"https:\/\/marekkuchcinski.pl\/#\/schema\/logo\/image\/","url":"https:\/\/marekkuchcinski.pl\/wp-content\/uploads\/2022\/09\/Marek.jpg","contentUrl":"https:\/\/marekkuchcinski.pl\/wp-content\/uploads\/2022\/09\/Marek.jpg","width":1600,"height":971,"caption":"Marek Kuchci\u0144ski"},"image":{"@id":"https:\/\/marekkuchcinski.pl\/#\/schema\/logo\/image\/"}},{"@type":"Person","@id":"https:\/\/marekkuchcinski.pl\/#\/schema\/person\/6f62700996b4d950b6ea2d1183b6c6be","name":"admin","image":{"@type":"ImageObject","inLanguage":"sk-SK","@id":"https:\/\/marekkuchcinski.pl\/#\/schema\/person\/image\/","url":"https:\/\/secure.gravatar.com\/avatar\/4bab693b9d55c3d6b52c0296a8765085?s=96&d=mm&r=g","contentUrl":"https:\/\/secure.gravatar.com\/avatar\/4bab693b9d55c3d6b52c0296a8765085?s=96&d=mm&r=g","caption":"admin"},"url":"https:\/\/marekkuchcinski.pl\/sk\/author\/marta-olejnik\/"}]}},"_links":{"self":[{"href":"https:\/\/marekkuchcinski.pl\/sk\/wp-json\/wp\/v2\/posts\/15036","targetHints":{"allow":["GET"]}}],"collection":[{"href":"https:\/\/marekkuchcinski.pl\/sk\/wp-json\/wp\/v2\/posts"}],"about":[{"href":"https:\/\/marekkuchcinski.pl\/sk\/wp-json\/wp\/v2\/types\/post"}],"author":[{"embeddable":true,"href":"https:\/\/marekkuchcinski.pl\/sk\/wp-json\/wp\/v2\/users\/6"}],"replies":[{"embeddable":true,"href":"https:\/\/marekkuchcinski.pl\/sk\/wp-json\/wp\/v2\/comments?post=15036"}],"version-history":[{"count":4,"href":"https:\/\/marekkuchcinski.pl\/sk\/wp-json\/wp\/v2\/posts\/15036\/revisions"}],"predecessor-version":[{"id":15043,"href":"https:\/\/marekkuchcinski.pl\/sk\/wp-json\/wp\/v2\/posts\/15036\/revisions\/15043"}],"wp:featuredmedia":[{"embeddable":true,"href":"https:\/\/marekkuchcinski.pl\/sk\/wp-json\/wp\/v2\/media\/15037"}],"wp:attachment":[{"href":"https:\/\/marekkuchcinski.pl\/sk\/wp-json\/wp\/v2\/media?parent=15036"}],"wp:term":[{"taxonomy":"category","embeddable":true,"href":"https:\/\/marekkuchcinski.pl\/sk\/wp-json\/wp\/v2\/categories?post=15036"},{"taxonomy":"post_tag","embeddable":true,"href":"https:\/\/marekkuchcinski.pl\/sk\/wp-json\/wp\/v2\/tags?post=15036"}],"curies":[{"name":"wp","href":"https:\/\/api.w.org\/{rel}","templated":true}]}}