{"id":15027,"date":"2019-04-23T12:51:44","date_gmt":"2019-04-23T10:51:44","guid":{"rendered":"https:\/\/marekkuchcinski.pl\/?p=15027"},"modified":"2019-04-23T15:51:53","modified_gmt":"2019-04-23T13:51:53","slug":"program-leki-75-plus-zwiekszyl-dostep-osob-starszych-do-farmakoterapii-i-zmniejszyl-ich-wydatki","status":"publish","type":"post","link":"https:\/\/marekkuchcinski.pl\/sk\/wydarzenia\/program-leki-75-plus-zwiekszyl-dostep-osob-starszych-do-farmakoterapii-i-zmniejszyl-ich-wydatki\/","title":{"rendered":"Program Lieky 75 plus zv\u00fd\u0161il pr\u00edstup star\u0161\u00edch \u013eud\u00ed k farmakoterapii a zn\u00ed\u017eil ich v\u00fddavky"},"content":{"rendered":"<p class=\"wp-block-paragraph\"><strong>Najvy\u0161\u0161\u00ed kontroln\u00fd \u00farad hodnot\u00ed, \u017ee program Lieky 75+ zlep\u0161il pr\u00edstup k<br>seniorov k liekom. V rozpo\u010dtoch dom\u00e1cnost\u00ed star\u0161\u00edch \u013eud\u00ed sa zn\u00ed\u017eili v\u00fddavky na lieky, povedal prezident NIK Krzysztof Kwiatkowski.<\/strong><br> <br> Zo zisten\u00ed aud\u00edtorov okrem in\u00e9ho vypl\u00fdva, \u017ee \u010das\u0165 n\u00e1kladov na<br> vynalo\u017een\u00e9 na lieky zostali vo vreck\u00e1ch star\u0161\u00edch ob\u010danov. \"Napr\u00edklad<br> Na konci roka 2017 predstavovali celkov\u00e9 \u00faspory na vn\u00fatro\u0161t\u00e1tnej \u00farovni takmer 490<br> mili\u00f3nov,\" zd\u00f4raznil Krzysztof Kwiatkowski.<br> <br>Cie\u013eom programu Medicines 75 plus, ktor\u00fd bol zaveden\u00fd 1. septembra 2016. Program Medicines 75 plus mal zlep\u0161i\u0165 pr\u00edstup star\u0161\u00edch \u013eud\u00ed k farmakoterapii. Program zah\u0155\u0148al<br>poskytovanie bezplatn\u00e9ho pr\u00edstupu osob\u00e1m vo veku 75 rokov a viac<br>na lieky, potraviny na osobitn\u00e9 v\u00fd\u017eivov\u00e9 \u00fa\u010dely<br>a zdravotn\u00edcke pom\u00f4cky. Minister zdravotn\u00edctva bol povinn\u00fd ka\u017ed\u00e9 dva mesiace zverejni\u0165 zoznam bezplatn\u00fdch produktov pre seniorov.<\/p>\n\n\n\n<p class=\"has-text-color has-vivid-cyan-blue-color wp-block-paragraph\"> <br><strong>\u00dadaje ministerstva zdravotn\u00edctva o programe Lieky 75 plus v roku 2018:<\/strong><\/p>\n\n\n\n<ul class=\"wp-block-list\"><li><strong>2,4 mili\u00f3na&nbsp;<\/strong>seniorov, ktor\u00ed vyu\u017eili bezplatn\u00e9\nlieky<\/li><li><strong>693,3 mili\u00f3na PLN<\/strong>&nbsp;na realiz\u00e1ciu projektu v&nbsp;<strong>2018<\/strong>&nbsp;rok<\/li><li><strong>40 mili\u00f3nov&nbsp;<\/strong>bezplatn\u00e9 balenia liekov pre seniorov<\/li><li><strong>21<\/strong>&nbsp;<strong>mili\u00f3n<\/strong>&nbsp;vyplnen\u00fdch receptov s k\u00f3dom n\u00e1roku\n\"S\"<\/li><li><strong>2043 polo\u017eiek<\/strong>&nbsp;na zozname 75 a viac liekov<\/li><\/ul>\n\n\n\n<p class=\"wp-block-paragraph\">Ministerstvo zdravotn\u00edctva pripravuje \u010fal\u0161iu zmenu z\u00e1kona, v\u010faka ktorej bude m\u00f4c\u0165 bezplatn\u00e9 lieky vyu\u017e\u00edva\u0165 e\u0161te viac seniorov nad 75 rokov. \u0160pecialisti bud\u00fa m\u00f4c\u0165 vyd\u00e1va\u0165 recepty na vo\u013en\u00e9 lieky, ale len v elektronickej forme, \u010d\u00edm sa zru\u0161\u00ed potreba ich potvrdenia u v\u0161eobecn\u00e9ho lek\u00e1ra (u\u0161etr\u00ed sa jedna n\u00e1v\u0161teva). <\/p>","protected":false},"excerpt":{"rendered":"<p>Najwy\u017csza Izba Kontroli ocenia, \u017ce program Leki 75+ poprawi\u0142 dost\u0119psenior\u00f3w do produkt\u00f3w leczniczych. W bud\u017cetach domowych os\u00f3b starszych zauwa\u017cono spadek wydatk\u00f3w na leki \u2013 powiedzia\u0142 prezes NIK Krzysztof Kwiatkowski. Ustalenia kontroler\u00f3w pokazuj\u0105 mi\u0119dzy innymi, \u017ce cz\u0119\u015b\u0107 koszt\u00f3w przeznaczanych na leki zostawa\u0142a w kieszeniach senior\u00f3w. \u201eNa przyk\u0142ad na koniec 2017 roku suma oszcz\u0119dno\u015bci w skali kraju [&hellip;]<\/p>\n","protected":false},"author":6,"featured_media":15031,"comment_status":"open","ping_status":"open","sticky":false,"template":"","format":"standard","meta":{"ngg_post_thumbnail":0,"footnotes":""},"categories":[82,3],"tags":[],"class_list":["post-15027","post","type-post","status-publish","format-standard","has-post-thumbnail","hentry","category-prawo-i-sprawiedliwosc","category-wydarzenia"],"_links":{"self":[{"href":"https:\/\/marekkuchcinski.pl\/sk\/wp-json\/wp\/v2\/posts\/15027","targetHints":{"allow":["GET"]}}],"collection":[{"href":"https:\/\/marekkuchcinski.pl\/sk\/wp-json\/wp\/v2\/posts"}],"about":[{"href":"https:\/\/marekkuchcinski.pl\/sk\/wp-json\/wp\/v2\/types\/post"}],"author":[{"embeddable":true,"href":"https:\/\/marekkuchcinski.pl\/sk\/wp-json\/wp\/v2\/users\/6"}],"replies":[{"embeddable":true,"href":"https:\/\/marekkuchcinski.pl\/sk\/wp-json\/wp\/v2\/comments?post=15027"}],"version-history":[{"count":6,"href":"https:\/\/marekkuchcinski.pl\/sk\/wp-json\/wp\/v2\/posts\/15027\/revisions"}],"predecessor-version":[{"id":15035,"href":"https:\/\/marekkuchcinski.pl\/sk\/wp-json\/wp\/v2\/posts\/15027\/revisions\/15035"}],"wp:featuredmedia":[{"embeddable":true,"href":"https:\/\/marekkuchcinski.pl\/sk\/wp-json\/wp\/v2\/media\/15031"}],"wp:attachment":[{"href":"https:\/\/marekkuchcinski.pl\/sk\/wp-json\/wp\/v2\/media?parent=15027"}],"wp:term":[{"taxonomy":"category","embeddable":true,"href":"https:\/\/marekkuchcinski.pl\/sk\/wp-json\/wp\/v2\/categories?post=15027"},{"taxonomy":"post_tag","embeddable":true,"href":"https:\/\/marekkuchcinski.pl\/sk\/wp-json\/wp\/v2\/tags?post=15027"}],"curies":[{"name":"wp","href":"https:\/\/api.w.org\/{rel}","templated":true}]}}