{"id":15003,"date":"2019-04-15T20:18:38","date_gmt":"2019-04-15T18:18:38","guid":{"rendered":"https:\/\/marekkuchcinski.pl\/?p=15003"},"modified":"2019-04-21T20:21:26","modified_gmt":"2019-04-21T18:21:26","slug":"sto-lat-temu-urodzil-sie-wojciech-bogumil-jastrzebowski-tworca-konstytucji-dla-europy","status":"publish","type":"post","link":"https:\/\/marekkuchcinski.pl\/sk\/wazne-daty\/sto-lat-temu-urodzil-sie-wojciech-bogumil-jastrzebowski-tworca-konstytucji-dla-europy\/","title":{"rendered":"Pred sto rokmi sa narodil Wojciech Bogumi\u0142 Jastrz\u0119bowski, autor \u00dastavy pre Eur\u00f3pu."},"content":{"rendered":"<p class=\"wp-block-paragraph\">15. apr\u00edla 1819 sa narodil Wojciech Bogumi\u0142 Jastrz\u0119bowski, autor dokumentu z 3. m\u00e1ja 1831: \"Wolne chwilerza \u017co\u0142nierza polskiego, czyli my\u015bli o wiecznym pokoju mi\u0119dzy narodami ucywilizowanych\". Jej podstatnou \u010das\u0165ou bola \u00dastava pre Eur\u00f3pu. Jastrz\u0119bowski vo svojom trakt\u00e1te p\u00edsal o Eur\u00f3pe, ktor\u00e1 mala by\u0165 feder\u00e1ciou n\u00e1rodov hovoriacich r\u00f4znymi jazykmi, ale podliehaj\u00facich rovnak\u00fdm v\u0161eobecn\u00fdm politick\u00fdm z\u00e1sad\u00e1m. Pre Jastrz\u0119bowsk\u00e9ho, v tom \u010dase mlad\u00e9ho vedca a \u00fa\u010dastn\u00edka novembrov\u00e9ho povstania, bolo d\u00f4le\u017eit\u00e9 zachova\u0165 n\u00e1rodn\u00e9 rozdiely. P\u00edsal o zjednoten\u00ed ako o \u0161anci na mier. Jeho v\u00edzia bola s\u010dasti utopick\u00e1 a je \u0165a\u017ek\u00e9 ju dnes otvorene prezentova\u0165 ako t\u00e9mu diskusie o bud\u00facnosti modern\u00e9ho sveta. Je v\u0161ak zrejm\u00e9, \u017ee aj po\u010das boja za nez\u00e1vislos\u0165 v 19. storo\u010d\u00ed mysleli Poliaci na \u0161ir\u0161ie dobro, na bud\u00facnos\u0165 kontinentu, nielen na svoje vlastn\u00e9 oblasti, ktor\u00e9 si v krvav\u00fdch bojoch odtrhli od rozde\u013eova\u010dov.<\/p>\n\n\n\n<p class=\"wp-block-paragraph\">Nemus\u00edme teda pou\u017e\u00edva\u0165 len historick\u00e9 pr\u00edklady uv\u00e1dzan\u00e9 z\u00e1padoeur\u00f3pskymi krajinami, ktor\u00e9 sa \u010dasto sna\u017eia zavies\u0165 narat\u00edv, ktor\u00fd obmedzuje hlas diskutuj\u00facich a pripom\u00edna, \u017ee n\u00e1klonnos\u0165 k vlastn\u00e9mu n\u00e1rodu, trad\u00edci\u00e1m, odli\u0161nostiam bola po st\u00e1ro\u010dia hor\u00facou t\u00e9mou.<\/p>","protected":false},"excerpt":{"rendered":"<p>15 kwietnia 1819 r. urodzi\u0142 si\u0119 Wojciech Bogumi\u0142 Jastrz\u0119bowski, autor dokumentu z 3 maja 1831 roku: \u201eWolne chwile \u017co\u0142nierza polskiego, czyli my\u015bli o wiecznym pokoju mi\u0119dzy narodami ucywilizowanymi\u201d. Jego zasadnicz\u0105 cz\u0119\u015b\u0107 stanowi\u0142a Konstytucja dla Europy. Jastrz\u0119bowski w swoim traktacie pisa\u0142 o Europie, kt\u00f3ra ma by\u0107 federacj\u0105 narod\u00f3w m\u00f3wi\u0105cych r\u00f3\u017cnymi j\u0119zykami, lecz podlegaj\u0105cych tym samym og\u00f3lnym [&hellip;]<\/p>\n","protected":false},"author":6,"featured_media":15005,"comment_status":"open","ping_status":"open","sticky":false,"template":"","format":"standard","meta":{"ngg_post_thumbnail":0,"footnotes":""},"categories":[77],"tags":[],"class_list":["post-15003","post","type-post","status-publish","format-standard","has-post-thumbnail","hentry","category-wazne-daty"],"_links":{"self":[{"href":"https:\/\/marekkuchcinski.pl\/sk\/wp-json\/wp\/v2\/posts\/15003","targetHints":{"allow":["GET"]}}],"collection":[{"href":"https:\/\/marekkuchcinski.pl\/sk\/wp-json\/wp\/v2\/posts"}],"about":[{"href":"https:\/\/marekkuchcinski.pl\/sk\/wp-json\/wp\/v2\/types\/post"}],"author":[{"embeddable":true,"href":"https:\/\/marekkuchcinski.pl\/sk\/wp-json\/wp\/v2\/users\/6"}],"replies":[{"embeddable":true,"href":"https:\/\/marekkuchcinski.pl\/sk\/wp-json\/wp\/v2\/comments?post=15003"}],"version-history":[{"count":2,"href":"https:\/\/marekkuchcinski.pl\/sk\/wp-json\/wp\/v2\/posts\/15003\/revisions"}],"predecessor-version":[{"id":15006,"href":"https:\/\/marekkuchcinski.pl\/sk\/wp-json\/wp\/v2\/posts\/15003\/revisions\/15006"}],"wp:featuredmedia":[{"embeddable":true,"href":"https:\/\/marekkuchcinski.pl\/sk\/wp-json\/wp\/v2\/media\/15005"}],"wp:attachment":[{"href":"https:\/\/marekkuchcinski.pl\/sk\/wp-json\/wp\/v2\/media?parent=15003"}],"wp:term":[{"taxonomy":"category","embeddable":true,"href":"https:\/\/marekkuchcinski.pl\/sk\/wp-json\/wp\/v2\/categories?post=15003"},{"taxonomy":"post_tag","embeddable":true,"href":"https:\/\/marekkuchcinski.pl\/sk\/wp-json\/wp\/v2\/tags?post=15003"}],"curies":[{"name":"wp","href":"https:\/\/api.w.org\/{rel}","templated":true}]}}