{"id":14983,"date":"2019-04-20T09:46:43","date_gmt":"2019-04-20T07:46:43","guid":{"rendered":"https:\/\/marekkuchcinski.pl\/?p=14983"},"modified":"2019-04-20T09:46:44","modified_gmt":"2019-04-20T07:46:44","slug":"zyczenia-z-okazji-swiat-wielkiej-nocy","status":"publish","type":"post","link":"https:\/\/marekkuchcinski.pl\/sk\/wydarzenia\/zyczenia-z-okazji-swiat-wielkiej-nocy\/","title":{"rendered":"V\u0161etko najlep\u0161ie pri pr\u00edle\u017eitosti Ve\u013ekej noci"},"content":{"rendered":"<p class=\"wp-block-paragraph\" style=\"text-align:center\">\u0160\u0165astn\u00e9 Vianoce <\/p>\n\n\n\n<p class=\"wp-block-paragraph\" style=\"text-align:center\">Vzkriesenie. <\/p>\n\n\n\n<p class=\"wp-block-paragraph\" style=\"text-align:center\">Nech sa sviato\u010dn\u00e1 n\u00e1lada <\/p>\n\n\n\n<p class=\"wp-block-paragraph\" style=\"text-align:center\">prevl\u00e1dne v na\u0161ich domovoch<\/p>\n\n\n\n<p class=\"wp-block-paragraph\" style=\"text-align:center\">a prin\u00fati\u0165 n\u00e1s zamyslie\u0165 sa <\/p>\n\n\n\n<p class=\"wp-block-paragraph\" style=\"text-align:center\">nad znovuzroden\u00edm \u017eivota, <\/p>\n\n\n\n<p class=\"wp-block-paragraph\" style=\"text-align:center\">vzbudzuje n\u00e1dej a vz\u00e1jomn\u00fa l\u00e1skavos\u0165<\/p>\n\n\n\n<p class=\"wp-block-paragraph\"><\/p>\n\n\n\n<p class=\"wp-block-paragraph\">Marek Kuchci\u0144ski, predseda Sejmu<\/p>\n\n\n\n<figure class=\"wp-block-image\"><img fetchpriority=\"high\" decoding=\"async\" width=\"1024\" height=\"724\" src=\"https:\/\/marekkuchcinski.pl\/wp-content\/uploads\/2019\/04\/kartka-1024x724.jpg\" alt=\"\" class=\"wp-image-14984\" srcset=\"https:\/\/marekkuchcinski.pl\/wp-content\/uploads\/2019\/04\/kartka-1024x724.jpg 1024w, https:\/\/marekkuchcinski.pl\/wp-content\/uploads\/2019\/04\/kartka-300x212.jpg 300w, https:\/\/marekkuchcinski.pl\/wp-content\/uploads\/2019\/04\/kartka-768x543.jpg 768w, https:\/\/marekkuchcinski.pl\/wp-content\/uploads\/2019\/04\/kartka.jpg 1754w\" sizes=\"(max-width: 1024px) 100vw, 1024px\" \/><\/figure>","protected":false},"excerpt":{"rendered":"<p>Radosnego prze\u017cywania \u015awi\u0105t Zmartwychwstania Pa\u0144skiego. Niech \u015bwi\u0105teczny nastr\u00f3j zapanuje w naszych domach i sk\u0142oni nas do zadumy nad odradzaj\u0105cym si\u0119 \u017cyciem, budzi nadziej\u0119 i wzajemn\u0105 \u017cyczliwo\u015b\u0107 Marek Kuchci\u0144ski, marsza\u0142ek Sejmu<\/p>","protected":false},"author":6,"featured_media":14984,"comment_status":"open","ping_status":"open","sticky":false,"template":"","format":"standard","meta":{"ngg_post_thumbnail":0,"footnotes":""},"categories":[3],"tags":[],"class_list":["post-14983","post","type-post","status-publish","format-standard","has-post-thumbnail","hentry","category-wydarzenia"],"_links":{"self":[{"href":"https:\/\/marekkuchcinski.pl\/sk\/wp-json\/wp\/v2\/posts\/14983","targetHints":{"allow":["GET"]}}],"collection":[{"href":"https:\/\/marekkuchcinski.pl\/sk\/wp-json\/wp\/v2\/posts"}],"about":[{"href":"https:\/\/marekkuchcinski.pl\/sk\/wp-json\/wp\/v2\/types\/post"}],"author":[{"embeddable":true,"href":"https:\/\/marekkuchcinski.pl\/sk\/wp-json\/wp\/v2\/users\/6"}],"replies":[{"embeddable":true,"href":"https:\/\/marekkuchcinski.pl\/sk\/wp-json\/wp\/v2\/comments?post=14983"}],"version-history":[{"count":1,"href":"https:\/\/marekkuchcinski.pl\/sk\/wp-json\/wp\/v2\/posts\/14983\/revisions"}],"predecessor-version":[{"id":14985,"href":"https:\/\/marekkuchcinski.pl\/sk\/wp-json\/wp\/v2\/posts\/14983\/revisions\/14985"}],"wp:featuredmedia":[{"embeddable":true,"href":"https:\/\/marekkuchcinski.pl\/sk\/wp-json\/wp\/v2\/media\/14984"}],"wp:attachment":[{"href":"https:\/\/marekkuchcinski.pl\/sk\/wp-json\/wp\/v2\/media?parent=14983"}],"wp:term":[{"taxonomy":"category","embeddable":true,"href":"https:\/\/marekkuchcinski.pl\/sk\/wp-json\/wp\/v2\/categories?post=14983"},{"taxonomy":"post_tag","embeddable":true,"href":"https:\/\/marekkuchcinski.pl\/sk\/wp-json\/wp\/v2\/tags?post=14983"}],"curies":[{"name":"wp","href":"https:\/\/api.w.org\/{rel}","templated":true}]}}