{"id":14887,"date":"2019-04-15T13:13:57","date_gmt":"2019-04-15T11:13:57","guid":{"rendered":"https:\/\/marekkuchcinski.pl\/?p=14887"},"modified":"2019-04-15T13:13:58","modified_gmt":"2019-04-15T11:13:58","slug":"biezaca-kadencja-sejmu-polityczna-droga-i-reakcja-na-prasowe-insynuacje-wywiad-marszalka-sejmu-dla-tygodnika-sieci","status":"publish","type":"post","link":"https:\/\/marekkuchcinski.pl\/sk\/wydarzenia\/biezaca-kadencja-sejmu-polityczna-droga-i-reakcja-na-prasowe-insynuacje-wywiad-marszalka-sejmu-dla-tygodnika-sieci\/","title":{"rendered":"S\u00fa\u010dasn\u00e9 funk\u010dn\u00e9 obdobie Sejmu, politick\u00e1 cesta a reakcia na novin\u00e1rske insinu\u00e1cie. Rozhovor predsedu Sejmu pre t\u00fd\u017edenn\u00edk \"Sieci\""},"content":{"rendered":"<p>Predseda Sejmu Marek Kuchci\u0144ski v rozhovore pre t\u00fd\u017edenn\u00edk Sieci hovor\u00ed o prelomovom volebnom obdob\u00ed, k\u013e\u00fa\u010dov\u00fdch rozhodnutiach a v\u00fdzvach spojen\u00fdch s veden\u00edm parlamentu. V rozhovore s Marcinom Wiklom a Marekom Pi\u017eom hovor\u00ed aj o proteste v roku 2016 a re\u0161pektovan\u00ed nepriechodn\u00fdch hran\u00edc. Marek Kuchcinski tie\u017e spom\u00edna na svoju politick\u00fa cestu. V rozhovore tie\u017e d\u00f4razne reagoval na insinu\u00e1cie obsiahnut\u00e9 v publik\u00e1ci\u00e1ch o mor\u00e1lnych obvineniach.<\/p>\n\n\n\n<p>- Verejn\u00e9 osoby s\u00fa nap\u00e1dan\u00e9 \u010doraz menej selekt\u00edvne. Mysl\u00edm si, \u017ee mus\u00edme reagova\u0165,\" zd\u00f4raz\u0148uje Marek Kuchci\u0144ski. Pod\u013ea n\u00e1zoru predsedu Sejmu \u013eudia, ktor\u00ed maj\u00fa vplyv na formovanie verejnej mienky, musia re\u0161pektova\u0165 slovo. - Ak sa tak\u00e9to obvinenia vyslovuj\u00fa verejne, musia by\u0165 k dispoz\u00edcii z\u00e1va\u017en\u00e9 d\u00f4kazy. V tomto pr\u00edpade ide o insinu\u00e1ciu vycucan\u00fa z prsta,\" tvrd\u00ed. Pod\u013ea Mareka Kuchci\u0144sk\u00e9ho bolo cie\u013eom tejto akcie oslabi\u0165 poz\u00edciu po\u013esk\u00e9ho Sejmu. - Desa\u0165ro\u010dia som bol vystaven\u00fd r\u00f4znym ohov\u00e1ra\u010dk\u00e1m. Politika m\u00f4\u017ee by\u0165 n\u00e1ro\u010dn\u00e1, niekedy konfliktn\u00e1 a vyvol\u00e1va r\u00f4zne spr\u00e1vanie. Tentoraz v\u0161ak boli prekro\u010den\u00e9 v\u0161etky hranice, ktor\u00e9 s\u00fa v pr\u00edpade politikov aj tak ove\u013ea pru\u017enej\u0161ie. Jedna vec je ostr\u00e1 - dokonca ve\u013emi ostr\u00e1 - polemika a \u00faplne in\u00e1 vec s\u00fa l\u017ei a ohov\u00e1ranie, ak\u00e9 sa na m\u0148a vrhli. C\u00edtil som, \u017ee to nem\u00f4\u017eem necha\u0165 bez odozvy, a to kv\u00f4li svojej rodine aj in\u0161tit\u00facii, ktor\u00fa vediem. Ak bude pr\u00e1ca v parlamente dezorganizovan\u00e1 alebo sa zn\u00ed\u017ei jeho autorita, bud\u00fa z toho profitova\u0165 na\u0161i protivn\u00edci doma i v zahrani\u010d\u00ed, ktor\u00ed nechc\u00fa, aby sme v Po\u013esku uskuto\u010dnili zmeny - vysvet\u013euje predseda Sejmu.<\/p>\n\n\n\n<p>V rozhovore zazneli aj ot\u00e1zky o k\u013e\u00fa\u010dov\u00fdch momentoch pr\u00e1ce komory a o v\u00fdzvach a naj\u0165a\u017e\u0161\u00edch debat\u00e1ch. - Ur\u010dite tie najd\u00f4le\u017eitej\u0161ie, t. j. prijatie rozpo\u010dtu a debaty o \u00faloh\u00e1ch po\u013eskej zahrani\u010dnej politiky, alebo najd\u00f4le\u017eitej\u0161ie reformy: s\u00fadnictva, \u0161kolstva, da\u0148ovej spr\u00e1vy, kde sme zn\u00ed\u017eili da\u0148 z pr\u00edjmu pr\u00e1vnick\u00fdch os\u00f4b z 19 na 9 %, prorodinn\u00e9 programy s 500+ na \u010dele, zn\u00ed\u017eenie veku odchodu do d\u00f4chodku - spom\u00edna Marek Kuchci\u0144ski. Hovor\u00ed aj o n\u00e1vrhoch men\u0161\u00edn, ktor\u00e9 pod\u013ea neho v posledn\u00fdch rokoch stratili na v\u00fdzname. Z\u00e1rove\u0148 prip\u00fa\u0161\u0165a, \u017ee sa vyskytli zauj\u00edmav\u00e9 n\u00e1vrhy, ktor\u00e9 boli od\u00f4vodnen\u00e9 in\u00fdm rie\u0161en\u00edm niektor\u00fdch ot\u00e1zok, ako navrhovala vl\u00e1da, a bolo mo\u017en\u00e9 o nich vies\u0165 seri\u00f3znu diskusiu.<\/p>\n\n\n\n<p>V s\u00favislosti s udalos\u0165ami v parlamente v decembri 2016. Predseda Sejmu vyjadruje n\u00e1zor, \u017ee i\u0161lo o parlamentn\u00e9 aktivity, ktor\u00fdch cie\u013eom bolo odvr\u00e1ti\u0165 pozornos\u0165 od pripravovan\u00fdch z\u00e1konov. - A okrem in\u00e9ho i\u0161lo o rozpo\u010det a odobratie vysok\u00fdch d\u00f4chodkov tajnej pol\u00edcii, za \u010do na n\u00e1s \u00fato\u010dia dodnes. Nakoniec to za\u010dalo prekra\u010dova\u0165 hranice parlamentnej v\u00e1\u017enosti,\" hovor\u00ed. Pod\u013ea Mareka Kuchci\u0144sk\u00e9ho i\u0161lo o \u00famyseln\u00e9 naru\u0161enie pr\u00e1ce Sejmu, o ob\u0161trukciu v momente prij\u00edmania z\u00e1konov, ktor\u00e9 s\u00fa z h\u013eadiska \u0161t\u00e1tneho z\u00e1ujmu k\u013e\u00fa\u010dov\u00e9. - Predseda Sejmu je zodpovedn\u00fd za doh\u013ead a koordin\u00e1ciu pr\u00e1ce snemovne. Nem\u00f4\u017eeme dovoli\u0165, aby sa prekro\u010dili ur\u010dit\u00e9 normy, preto\u017ee sa v okamihu m\u00f4\u017eeme ocitn\u00fa\u0165 na hranici, za ktorou je u\u017e len chaos,\" vysvet\u013euje Marek Kuchci\u0144ski.  - Ke\u010f dnes prem\u00fd\u0161\u013eam o t\u00fdchto udalostiach, viem, \u017ee to bolo spr\u00e1vne rozhodnutie,\" zd\u00f4raz\u0148uje.<\/p>\n\n\n\n<p>V s\u00favislosti s \u010fal\u0161\u00edm \u0165a\u017ek\u00fdm momentom v s\u00fa\u010dasnom volebnom obdob\u00ed Sejmu - protestom zdravotne postihnut\u00fdch, predseda Sejmu pripom\u00edna, \u017ee \u00fa\u010dastn\u00edci Parlamentn\u00e9ho zhroma\u017edenia NATO, ktor\u00ed vtedy nav\u0161t\u00edvili Wiejsk\u00fa ulicu, boli prekvapen\u00ed t\u00fdm, \u010do na\u0161li v hlavnej budove parlamentu. - Ch\u00e1pali, \u017ee niekto m\u00f4\u017ee bojova\u0165 za spravodliv\u00e9 veci, \u017ee forma tohto boja m\u00f4\u017ee by\u0165 pevn\u00e1, ale blok\u00e1da budovy nezapadala do ich \u0161iroko ch\u00e1panej demokracie. P\u00fdtali sa priamo, pre\u010do dovo\u013eujeme tak\u00fa slobodu na na\u0161om \u00fazem\u00ed,\" hovor\u00ed. - To je v mnoh\u00fdch parlamentoch nemyslite\u013en\u00e9,\" zd\u00f4raz\u0148uje Marek Kuchci\u0144ski.<\/p>\n\n\n\n<p>Rozhovor v t\u00fd\u017edenn\u00edku je z\u00e1rove\u0148 akousi cestou do minulosti, cez opozi\u010dn\u00fa \u010dinnos\u0165 a politick\u00fa dr\u00e1hu Mareka Kuchci\u0144sk\u00e9ho. - Bol som ve\u013emi mlad\u00fd, skromn\u00fd mu\u017e, ktor\u00fd sn\u00edval o \u017eivote v slobodnej krajine,\" hovor\u00ed. Poukazuje na to, \u017ee politick\u00e1 form\u00e1cia, s ktorou je spojen\u00fd, ho pri\u0165ahovala svoj\u00edm axiologick\u00fdm syst\u00e9mom, v ktorom je \u010dlovek hlavn\u00fdm referen\u010dn\u00fdm bodom, ale v\u010faka siln\u00e9mu \u0161t\u00e1tu, ktor\u00fd funguje efekt\u00edvne. - Ale aj ve\u013ek\u00fa veselos\u0165, ktor\u00fa preuk\u00e1zali Lech a Jaros\u0142aw Kaczy\u0144sk\u00ed, v\u00fdnimo\u010dn\u00ed \u013eudia s v\u00edziou pre Po\u013esko. V tom \u010dase, na prelome 80. a 90. rokov, to ch\u00fdbalo,\" vysvet\u013euje.<\/p>\n\n\n\n<p>Predseda Sejmu spom\u00edna na svoje p\u00f4sobenie v obdob\u00ed komunizmu pri \"roz\u0161irovan\u00ed priestoru slobody v socialistickom svete\" a okrem in\u00e9ho hovor\u00ed o kontaktoch s umelcami, vedcami a filozofmi zo zahrani\u010dia, vr\u00e1tane profesora Rogera Scrutona. Marek Kuchci\u0144ski oznamuje, \u017ee \u010doskoro bude op\u00e4\u0165 v Po\u013esku - na parlamentnom samite \u0161t\u00e1tov strednej a v\u00fdchodnej Eur\u00f3py, ktor\u00fd sa bude op\u00e4\u0165 kona\u0165 v Sejme a Sen\u00e1te za\u010diatkom j\u00fana.<\/p>\n\n\n\n<p><em>Zdroj: t\u00fd\u017edenn\u00edk \"Sieci\", 15. apr\u00edla, \u010d. 15 (333).<\/em><\/p>\n\n\n\n<p><em>Foto: Rafa\u0142 Zambrzycki\/ Sejm<\/em><\/p>","protected":false},"excerpt":{"rendered":"<p>O prze\u0142omowej kadencji parlamentu, kluczowych decyzjach i wyzwaniach zwi\u0105zanych z kierowaniem Izb\u0105 m\u00f3wi marsza\u0142ek Sejmu Marek Kuchci\u0144ski w wywiadzie dla tygodnika &#8222;Sieci&#8221;. W rozmowie z Marcinem Wik\u0142\u0105 i Markiem Pyz\u0105 tak\u017ce o prote\u015bcie z 2016 r. i przestrzeganiu nieprzekraczalnych granic. Marek Kuchci\u0144ski wspomina te\u017c swoj\u0105 polityczn\u0105 drog\u0119. W rozmowie r\u00f3wnie\u017c stanowcza odpowied\u017a Marsza\u0142ka Sejmu na [&hellip;]<\/p>","protected":false},"author":6,"featured_media":14889,"comment_status":"open","ping_status":"open","sticky":false,"template":"","format":"standard","meta":{"ngg_post_thumbnail":0,"footnotes":""},"categories":[82,81,3],"tags":[],"class_list":["post-14887","post","type-post","status-publish","format-standard","has-post-thumbnail","hentry","category-prawo-i-sprawiedliwosc","category-wiesci-z-sejmu","category-wydarzenia"],"yoast_head":"<!-- This site is optimized with the Yoast SEO plugin v24.7 - https:\/\/yoast.com\/wordpress\/plugins\/seo\/ -->\n<title>Bie\u017c\u0105ca kadencja Sejmu, polityczna droga i reakcja na prasowe insynuacje. Wywiad Marsza\u0142ka Sejmu dla tygodnika \u201eSieci\u201d &#8211; Marek Kuchci\u0144ski<\/title>\n<meta name=\"robots\" content=\"index, follow, max-snippet:-1, max-image-preview:large, max-video-preview:-1\" \/>\n<link rel=\"canonical\" href=\"https:\/\/marekkuchcinski.pl\/sk\/wydarzenia\/biezaca-kadencja-sejmu-polityczna-droga-i-reakcja-na-prasowe-insynuacje-wywiad-marszalka-sejmu-dla-tygodnika-sieci\/\" \/>\n<meta property=\"og:locale\" content=\"sk_SK\" \/>\n<meta property=\"og:type\" content=\"article\" \/>\n<meta property=\"og:title\" content=\"Bie\u017c\u0105ca kadencja Sejmu, polityczna droga i reakcja na prasowe insynuacje. Wywiad Marsza\u0142ka Sejmu dla tygodnika \u201eSieci\u201d &#8211; Marek Kuchci\u0144ski\" \/>\n<meta property=\"og:description\" content=\"O prze\u0142omowej kadencji parlamentu, kluczowych decyzjach i wyzwaniach zwi\u0105zanych z kierowaniem Izb\u0105 m\u00f3wi marsza\u0142ek Sejmu Marek Kuchci\u0144ski w wywiadzie dla tygodnika &#8222;Sieci&#8221;. W rozmowie z Marcinem Wik\u0142\u0105 i Markiem Pyz\u0105 tak\u017ce o prote\u015bcie z 2016 r. i przestrzeganiu nieprzekraczalnych granic. Marek Kuchci\u0144ski wspomina te\u017c swoj\u0105 polityczn\u0105 drog\u0119. W rozmowie r\u00f3wnie\u017c stanowcza odpowied\u017a Marsza\u0142ka Sejmu na [&hellip;]\" \/>\n<meta property=\"og:url\" content=\"https:\/\/marekkuchcinski.pl\/sk\/wydarzenia\/biezaca-kadencja-sejmu-polityczna-droga-i-reakcja-na-prasowe-insynuacje-wywiad-marszalka-sejmu-dla-tygodnika-sieci\/\" \/>\n<meta property=\"og:site_name\" content=\"Marek Kuchci\u0144ski\" \/>\n<meta property=\"article:published_time\" content=\"2019-04-15T11:13:57+00:00\" \/>\n<meta property=\"article:modified_time\" content=\"2019-04-15T11:13:58+00:00\" \/>\n<meta property=\"og:image\" content=\"https:\/\/marekkuchcinski.pl\/wp-content\/uploads\/2019\/04\/wsieci.jpg\" \/>\n\t<meta property=\"og:image:width\" content=\"800\" \/>\n\t<meta property=\"og:image:height\" content=\"533\" \/>\n\t<meta property=\"og:image:type\" content=\"image\/jpeg\" \/>\n<meta name=\"author\" content=\"admin\" \/>\n<meta name=\"twitter:card\" content=\"summary_large_image\" \/>\n<meta name=\"twitter:label1\" content=\"Autor\" \/>\n\t<meta name=\"twitter:data1\" content=\"admin\" \/>\n\t<meta name=\"twitter:label2\" content=\"Predpokladan\u00fd \u010das \u010d\u00edtania\" \/>\n\t<meta name=\"twitter:data2\" content=\"4 min\u00faty\" \/>\n<script type=\"application\/ld+json\" class=\"yoast-schema-graph\">{\"@context\":\"https:\/\/schema.org\",\"@graph\":[{\"@type\":\"Article\",\"@id\":\"https:\/\/marekkuchcinski.pl\/sk\/wydarzenia\/biezaca-kadencja-sejmu-polityczna-droga-i-reakcja-na-prasowe-insynuacje-wywiad-marszalka-sejmu-dla-tygodnika-sieci\/#article\",\"isPartOf\":{\"@id\":\"https:\/\/marekkuchcinski.pl\/sk\/wydarzenia\/biezaca-kadencja-sejmu-polityczna-droga-i-reakcja-na-prasowe-insynuacje-wywiad-marszalka-sejmu-dla-tygodnika-sieci\/\"},\"author\":{\"name\":\"admin\",\"@id\":\"https:\/\/marekkuchcinski.pl\/#\/schema\/person\/6f62700996b4d950b6ea2d1183b6c6be\"},\"headline\":\"Bie\u017c\u0105ca kadencja Sejmu, polityczna droga i reakcja na prasowe insynuacje. Wywiad Marsza\u0142ka Sejmu dla tygodnika \u201eSieci\u201d\",\"datePublished\":\"2019-04-15T11:13:57+00:00\",\"dateModified\":\"2019-04-15T11:13:58+00:00\",\"mainEntityOfPage\":{\"@id\":\"https:\/\/marekkuchcinski.pl\/sk\/wydarzenia\/biezaca-kadencja-sejmu-polityczna-droga-i-reakcja-na-prasowe-insynuacje-wywiad-marszalka-sejmu-dla-tygodnika-sieci\/\"},\"wordCount\":865,\"commentCount\":0,\"publisher\":{\"@id\":\"https:\/\/marekkuchcinski.pl\/#organization\"},\"image\":{\"@id\":\"https:\/\/marekkuchcinski.pl\/sk\/wydarzenia\/biezaca-kadencja-sejmu-polityczna-droga-i-reakcja-na-prasowe-insynuacje-wywiad-marszalka-sejmu-dla-tygodnika-sieci\/#primaryimage\"},\"thumbnailUrl\":\"https:\/\/marekkuchcinski.pl\/wp-content\/uploads\/2019\/04\/wsieci.jpg\",\"articleSection\":[\"Prawo i Sprawiedliwo\u015b\u0107\",\"Wie\u015bci z Sejmu\",\"Wydarzenia\"],\"inLanguage\":\"sk-SK\",\"potentialAction\":[{\"@type\":\"CommentAction\",\"name\":\"Comment\",\"target\":[\"https:\/\/marekkuchcinski.pl\/sk\/wydarzenia\/biezaca-kadencja-sejmu-polityczna-droga-i-reakcja-na-prasowe-insynuacje-wywiad-marszalka-sejmu-dla-tygodnika-sieci\/#respond\"]}]},{\"@type\":\"WebPage\",\"@id\":\"https:\/\/marekkuchcinski.pl\/sk\/wydarzenia\/biezaca-kadencja-sejmu-polityczna-droga-i-reakcja-na-prasowe-insynuacje-wywiad-marszalka-sejmu-dla-tygodnika-sieci\/\",\"url\":\"https:\/\/marekkuchcinski.pl\/sk\/wydarzenia\/biezaca-kadencja-sejmu-polityczna-droga-i-reakcja-na-prasowe-insynuacje-wywiad-marszalka-sejmu-dla-tygodnika-sieci\/\",\"name\":\"Bie\u017c\u0105ca kadencja Sejmu, polityczna droga i reakcja na prasowe insynuacje. Wywiad Marsza\u0142ka Sejmu dla tygodnika \u201eSieci\u201d &#8211; Marek Kuchci\u0144ski\",\"isPartOf\":{\"@id\":\"https:\/\/marekkuchcinski.pl\/#website\"},\"primaryImageOfPage\":{\"@id\":\"https:\/\/marekkuchcinski.pl\/sk\/wydarzenia\/biezaca-kadencja-sejmu-polityczna-droga-i-reakcja-na-prasowe-insynuacje-wywiad-marszalka-sejmu-dla-tygodnika-sieci\/#primaryimage\"},\"image\":{\"@id\":\"https:\/\/marekkuchcinski.pl\/sk\/wydarzenia\/biezaca-kadencja-sejmu-polityczna-droga-i-reakcja-na-prasowe-insynuacje-wywiad-marszalka-sejmu-dla-tygodnika-sieci\/#primaryimage\"},\"thumbnailUrl\":\"https:\/\/marekkuchcinski.pl\/wp-content\/uploads\/2019\/04\/wsieci.jpg\",\"datePublished\":\"2019-04-15T11:13:57+00:00\",\"dateModified\":\"2019-04-15T11:13:58+00:00\",\"breadcrumb\":{\"@id\":\"https:\/\/marekkuchcinski.pl\/sk\/wydarzenia\/biezaca-kadencja-sejmu-polityczna-droga-i-reakcja-na-prasowe-insynuacje-wywiad-marszalka-sejmu-dla-tygodnika-sieci\/#breadcrumb\"},\"inLanguage\":\"sk-SK\",\"potentialAction\":[{\"@type\":\"ReadAction\",\"target\":[\"https:\/\/marekkuchcinski.pl\/sk\/wydarzenia\/biezaca-kadencja-sejmu-polityczna-droga-i-reakcja-na-prasowe-insynuacje-wywiad-marszalka-sejmu-dla-tygodnika-sieci\/\"]}]},{\"@type\":\"ImageObject\",\"inLanguage\":\"sk-SK\",\"@id\":\"https:\/\/marekkuchcinski.pl\/sk\/wydarzenia\/biezaca-kadencja-sejmu-polityczna-droga-i-reakcja-na-prasowe-insynuacje-wywiad-marszalka-sejmu-dla-tygodnika-sieci\/#primaryimage\",\"url\":\"https:\/\/marekkuchcinski.pl\/wp-content\/uploads\/2019\/04\/wsieci.jpg\",\"contentUrl\":\"https:\/\/marekkuchcinski.pl\/wp-content\/uploads\/2019\/04\/wsieci.jpg\",\"width\":800,\"height\":533},{\"@type\":\"BreadcrumbList\",\"@id\":\"https:\/\/marekkuchcinski.pl\/sk\/wydarzenia\/biezaca-kadencja-sejmu-polityczna-droga-i-reakcja-na-prasowe-insynuacje-wywiad-marszalka-sejmu-dla-tygodnika-sieci\/#breadcrumb\",\"itemListElement\":[{\"@type\":\"ListItem\",\"position\":1,\"name\":\"Strona g\u0142\u00f3wna\",\"item\":\"https:\/\/marekkuchcinski.pl\/\"},{\"@type\":\"ListItem\",\"position\":2,\"name\":\"Bie\u017c\u0105ca kadencja Sejmu, polityczna droga i reakcja na prasowe insynuacje. Wywiad Marsza\u0142ka Sejmu dla tygodnika \u201eSieci\u201d\"}]},{\"@type\":\"WebSite\",\"@id\":\"https:\/\/marekkuchcinski.pl\/#website\",\"url\":\"https:\/\/marekkuchcinski.pl\/\",\"name\":\"Marek Kuchci\u0144ski\",\"description\":\"Pose\u0142 na sejm RP &ndash; okr\u0119g nr 22\",\"publisher\":{\"@id\":\"https:\/\/marekkuchcinski.pl\/#organization\"},\"potentialAction\":[{\"@type\":\"SearchAction\",\"target\":{\"@type\":\"EntryPoint\",\"urlTemplate\":\"https:\/\/marekkuchcinski.pl\/?s={search_term_string}\"},\"query-input\":{\"@type\":\"PropertyValueSpecification\",\"valueRequired\":true,\"valueName\":\"search_term_string\"}}],\"inLanguage\":\"sk-SK\"},{\"@type\":\"Organization\",\"@id\":\"https:\/\/marekkuchcinski.pl\/#organization\",\"name\":\"Marek Kuchci\u0144ski\",\"url\":\"https:\/\/marekkuchcinski.pl\/\",\"logo\":{\"@type\":\"ImageObject\",\"inLanguage\":\"sk-SK\",\"@id\":\"https:\/\/marekkuchcinski.pl\/#\/schema\/logo\/image\/\",\"url\":\"https:\/\/marekkuchcinski.pl\/wp-content\/uploads\/2022\/09\/Marek.jpg\",\"contentUrl\":\"https:\/\/marekkuchcinski.pl\/wp-content\/uploads\/2022\/09\/Marek.jpg\",\"width\":1600,\"height\":971,\"caption\":\"Marek Kuchci\u0144ski\"},\"image\":{\"@id\":\"https:\/\/marekkuchcinski.pl\/#\/schema\/logo\/image\/\"}},{\"@type\":\"Person\",\"@id\":\"https:\/\/marekkuchcinski.pl\/#\/schema\/person\/6f62700996b4d950b6ea2d1183b6c6be\",\"name\":\"admin\",\"image\":{\"@type\":\"ImageObject\",\"inLanguage\":\"sk-SK\",\"@id\":\"https:\/\/marekkuchcinski.pl\/#\/schema\/person\/image\/\",\"url\":\"https:\/\/secure.gravatar.com\/avatar\/4bab693b9d55c3d6b52c0296a8765085?s=96&d=mm&r=g\",\"contentUrl\":\"https:\/\/secure.gravatar.com\/avatar\/4bab693b9d55c3d6b52c0296a8765085?s=96&d=mm&r=g\",\"caption\":\"admin\"},\"url\":\"https:\/\/marekkuchcinski.pl\/sk\/author\/marta-olejnik\/\"}]}<\/script>\n<!-- \/ Yoast SEO plugin. -->","yoast_head_json":{"title":"Bie\u017c\u0105ca kadencja Sejmu, polityczna droga i reakcja na prasowe insynuacje. Wywiad Marsza\u0142ka Sejmu dla tygodnika \u201eSieci\u201d &#8211; Marek Kuchci\u0144ski","robots":{"index":"index","follow":"follow","max-snippet":"max-snippet:-1","max-image-preview":"max-image-preview:large","max-video-preview":"max-video-preview:-1"},"canonical":"https:\/\/marekkuchcinski.pl\/sk\/wydarzenia\/biezaca-kadencja-sejmu-polityczna-droga-i-reakcja-na-prasowe-insynuacje-wywiad-marszalka-sejmu-dla-tygodnika-sieci\/","og_locale":"sk_SK","og_type":"article","og_title":"Bie\u017c\u0105ca kadencja Sejmu, polityczna droga i reakcja na prasowe insynuacje. Wywiad Marsza\u0142ka Sejmu dla tygodnika \u201eSieci\u201d &#8211; Marek Kuchci\u0144ski","og_description":"O prze\u0142omowej kadencji parlamentu, kluczowych decyzjach i wyzwaniach zwi\u0105zanych z kierowaniem Izb\u0105 m\u00f3wi marsza\u0142ek Sejmu Marek Kuchci\u0144ski w wywiadzie dla tygodnika &#8222;Sieci&#8221;. W rozmowie z Marcinem Wik\u0142\u0105 i Markiem Pyz\u0105 tak\u017ce o prote\u015bcie z 2016 r. i przestrzeganiu nieprzekraczalnych granic. Marek Kuchci\u0144ski wspomina te\u017c swoj\u0105 polityczn\u0105 drog\u0119. W rozmowie r\u00f3wnie\u017c stanowcza odpowied\u017a Marsza\u0142ka Sejmu na [&hellip;]","og_url":"https:\/\/marekkuchcinski.pl\/sk\/wydarzenia\/biezaca-kadencja-sejmu-polityczna-droga-i-reakcja-na-prasowe-insynuacje-wywiad-marszalka-sejmu-dla-tygodnika-sieci\/","og_site_name":"Marek Kuchci\u0144ski","article_published_time":"2019-04-15T11:13:57+00:00","article_modified_time":"2019-04-15T11:13:58+00:00","og_image":[{"width":800,"height":533,"url":"https:\/\/marekkuchcinski.pl\/wp-content\/uploads\/2019\/04\/wsieci.jpg","type":"image\/jpeg"}],"author":"admin","twitter_card":"summary_large_image","twitter_misc":{"Autor":"admin","Predpokladan\u00fd \u010das \u010d\u00edtania":"4 min\u00faty"},"schema":{"@context":"https:\/\/schema.org","@graph":[{"@type":"Article","@id":"https:\/\/marekkuchcinski.pl\/sk\/wydarzenia\/biezaca-kadencja-sejmu-polityczna-droga-i-reakcja-na-prasowe-insynuacje-wywiad-marszalka-sejmu-dla-tygodnika-sieci\/#article","isPartOf":{"@id":"https:\/\/marekkuchcinski.pl\/sk\/wydarzenia\/biezaca-kadencja-sejmu-polityczna-droga-i-reakcja-na-prasowe-insynuacje-wywiad-marszalka-sejmu-dla-tygodnika-sieci\/"},"author":{"name":"admin","@id":"https:\/\/marekkuchcinski.pl\/#\/schema\/person\/6f62700996b4d950b6ea2d1183b6c6be"},"headline":"Bie\u017c\u0105ca kadencja Sejmu, polityczna droga i reakcja na prasowe insynuacje. Wywiad Marsza\u0142ka Sejmu dla tygodnika \u201eSieci\u201d","datePublished":"2019-04-15T11:13:57+00:00","dateModified":"2019-04-15T11:13:58+00:00","mainEntityOfPage":{"@id":"https:\/\/marekkuchcinski.pl\/sk\/wydarzenia\/biezaca-kadencja-sejmu-polityczna-droga-i-reakcja-na-prasowe-insynuacje-wywiad-marszalka-sejmu-dla-tygodnika-sieci\/"},"wordCount":865,"commentCount":0,"publisher":{"@id":"https:\/\/marekkuchcinski.pl\/#organization"},"image":{"@id":"https:\/\/marekkuchcinski.pl\/sk\/wydarzenia\/biezaca-kadencja-sejmu-polityczna-droga-i-reakcja-na-prasowe-insynuacje-wywiad-marszalka-sejmu-dla-tygodnika-sieci\/#primaryimage"},"thumbnailUrl":"https:\/\/marekkuchcinski.pl\/wp-content\/uploads\/2019\/04\/wsieci.jpg","articleSection":["Prawo i Sprawiedliwo\u015b\u0107","Wie\u015bci z Sejmu","Wydarzenia"],"inLanguage":"sk-SK","potentialAction":[{"@type":"CommentAction","name":"Comment","target":["https:\/\/marekkuchcinski.pl\/sk\/wydarzenia\/biezaca-kadencja-sejmu-polityczna-droga-i-reakcja-na-prasowe-insynuacje-wywiad-marszalka-sejmu-dla-tygodnika-sieci\/#respond"]}]},{"@type":"WebPage","@id":"https:\/\/marekkuchcinski.pl\/sk\/wydarzenia\/biezaca-kadencja-sejmu-polityczna-droga-i-reakcja-na-prasowe-insynuacje-wywiad-marszalka-sejmu-dla-tygodnika-sieci\/","url":"https:\/\/marekkuchcinski.pl\/sk\/wydarzenia\/biezaca-kadencja-sejmu-polityczna-droga-i-reakcja-na-prasowe-insynuacje-wywiad-marszalka-sejmu-dla-tygodnika-sieci\/","name":"Bie\u017c\u0105ca kadencja Sejmu, polityczna droga i reakcja na prasowe insynuacje. Wywiad Marsza\u0142ka Sejmu dla tygodnika \u201eSieci\u201d &#8211; Marek Kuchci\u0144ski","isPartOf":{"@id":"https:\/\/marekkuchcinski.pl\/#website"},"primaryImageOfPage":{"@id":"https:\/\/marekkuchcinski.pl\/sk\/wydarzenia\/biezaca-kadencja-sejmu-polityczna-droga-i-reakcja-na-prasowe-insynuacje-wywiad-marszalka-sejmu-dla-tygodnika-sieci\/#primaryimage"},"image":{"@id":"https:\/\/marekkuchcinski.pl\/sk\/wydarzenia\/biezaca-kadencja-sejmu-polityczna-droga-i-reakcja-na-prasowe-insynuacje-wywiad-marszalka-sejmu-dla-tygodnika-sieci\/#primaryimage"},"thumbnailUrl":"https:\/\/marekkuchcinski.pl\/wp-content\/uploads\/2019\/04\/wsieci.jpg","datePublished":"2019-04-15T11:13:57+00:00","dateModified":"2019-04-15T11:13:58+00:00","breadcrumb":{"@id":"https:\/\/marekkuchcinski.pl\/sk\/wydarzenia\/biezaca-kadencja-sejmu-polityczna-droga-i-reakcja-na-prasowe-insynuacje-wywiad-marszalka-sejmu-dla-tygodnika-sieci\/#breadcrumb"},"inLanguage":"sk-SK","potentialAction":[{"@type":"ReadAction","target":["https:\/\/marekkuchcinski.pl\/sk\/wydarzenia\/biezaca-kadencja-sejmu-polityczna-droga-i-reakcja-na-prasowe-insynuacje-wywiad-marszalka-sejmu-dla-tygodnika-sieci\/"]}]},{"@type":"ImageObject","inLanguage":"sk-SK","@id":"https:\/\/marekkuchcinski.pl\/sk\/wydarzenia\/biezaca-kadencja-sejmu-polityczna-droga-i-reakcja-na-prasowe-insynuacje-wywiad-marszalka-sejmu-dla-tygodnika-sieci\/#primaryimage","url":"https:\/\/marekkuchcinski.pl\/wp-content\/uploads\/2019\/04\/wsieci.jpg","contentUrl":"https:\/\/marekkuchcinski.pl\/wp-content\/uploads\/2019\/04\/wsieci.jpg","width":800,"height":533},{"@type":"BreadcrumbList","@id":"https:\/\/marekkuchcinski.pl\/sk\/wydarzenia\/biezaca-kadencja-sejmu-polityczna-droga-i-reakcja-na-prasowe-insynuacje-wywiad-marszalka-sejmu-dla-tygodnika-sieci\/#breadcrumb","itemListElement":[{"@type":"ListItem","position":1,"name":"Strona g\u0142\u00f3wna","item":"https:\/\/marekkuchcinski.pl\/"},{"@type":"ListItem","position":2,"name":"Bie\u017c\u0105ca kadencja Sejmu, polityczna droga i reakcja na prasowe insynuacje. Wywiad Marsza\u0142ka Sejmu dla tygodnika \u201eSieci\u201d"}]},{"@type":"WebSite","@id":"https:\/\/marekkuchcinski.pl\/#website","url":"https:\/\/marekkuchcinski.pl\/","name":"Marek Kuchci\u0144ski","description":"Pose\u0142 na sejm RP &ndash; okr\u0119g nr 22","publisher":{"@id":"https:\/\/marekkuchcinski.pl\/#organization"},"potentialAction":[{"@type":"SearchAction","target":{"@type":"EntryPoint","urlTemplate":"https:\/\/marekkuchcinski.pl\/?s={search_term_string}"},"query-input":{"@type":"PropertyValueSpecification","valueRequired":true,"valueName":"search_term_string"}}],"inLanguage":"sk-SK"},{"@type":"Organization","@id":"https:\/\/marekkuchcinski.pl\/#organization","name":"Marek Kuchci\u0144ski","url":"https:\/\/marekkuchcinski.pl\/","logo":{"@type":"ImageObject","inLanguage":"sk-SK","@id":"https:\/\/marekkuchcinski.pl\/#\/schema\/logo\/image\/","url":"https:\/\/marekkuchcinski.pl\/wp-content\/uploads\/2022\/09\/Marek.jpg","contentUrl":"https:\/\/marekkuchcinski.pl\/wp-content\/uploads\/2022\/09\/Marek.jpg","width":1600,"height":971,"caption":"Marek Kuchci\u0144ski"},"image":{"@id":"https:\/\/marekkuchcinski.pl\/#\/schema\/logo\/image\/"}},{"@type":"Person","@id":"https:\/\/marekkuchcinski.pl\/#\/schema\/person\/6f62700996b4d950b6ea2d1183b6c6be","name":"admin","image":{"@type":"ImageObject","inLanguage":"sk-SK","@id":"https:\/\/marekkuchcinski.pl\/#\/schema\/person\/image\/","url":"https:\/\/secure.gravatar.com\/avatar\/4bab693b9d55c3d6b52c0296a8765085?s=96&d=mm&r=g","contentUrl":"https:\/\/secure.gravatar.com\/avatar\/4bab693b9d55c3d6b52c0296a8765085?s=96&d=mm&r=g","caption":"admin"},"url":"https:\/\/marekkuchcinski.pl\/sk\/author\/marta-olejnik\/"}]}},"_links":{"self":[{"href":"https:\/\/marekkuchcinski.pl\/sk\/wp-json\/wp\/v2\/posts\/14887","targetHints":{"allow":["GET"]}}],"collection":[{"href":"https:\/\/marekkuchcinski.pl\/sk\/wp-json\/wp\/v2\/posts"}],"about":[{"href":"https:\/\/marekkuchcinski.pl\/sk\/wp-json\/wp\/v2\/types\/post"}],"author":[{"embeddable":true,"href":"https:\/\/marekkuchcinski.pl\/sk\/wp-json\/wp\/v2\/users\/6"}],"replies":[{"embeddable":true,"href":"https:\/\/marekkuchcinski.pl\/sk\/wp-json\/wp\/v2\/comments?post=14887"}],"version-history":[{"count":3,"href":"https:\/\/marekkuchcinski.pl\/sk\/wp-json\/wp\/v2\/posts\/14887\/revisions"}],"predecessor-version":[{"id":14891,"href":"https:\/\/marekkuchcinski.pl\/sk\/wp-json\/wp\/v2\/posts\/14887\/revisions\/14891"}],"wp:featuredmedia":[{"embeddable":true,"href":"https:\/\/marekkuchcinski.pl\/sk\/wp-json\/wp\/v2\/media\/14889"}],"wp:attachment":[{"href":"https:\/\/marekkuchcinski.pl\/sk\/wp-json\/wp\/v2\/media?parent=14887"}],"wp:term":[{"taxonomy":"category","embeddable":true,"href":"https:\/\/marekkuchcinski.pl\/sk\/wp-json\/wp\/v2\/categories?post=14887"},{"taxonomy":"post_tag","embeddable":true,"href":"https:\/\/marekkuchcinski.pl\/sk\/wp-json\/wp\/v2\/tags?post=14887"}],"curies":[{"name":"wp","href":"https:\/\/api.w.org\/{rel}","templated":true}]}}