{"id":14752,"date":"2019-04-14T22:18:38","date_gmt":"2019-04-14T20:18:38","guid":{"rendered":"https:\/\/marekkuchcinski.pl\/?p=14752"},"modified":"2019-04-17T16:17:36","modified_gmt":"2019-04-17T14:17:36","slug":"26-spotkanie-mlodych-archidiecezji-przemyskiej","status":"publish","type":"post","link":"https:\/\/marekkuchcinski.pl\/sk\/wydarzenia\/26-spotkanie-mlodych-archidiecezji-przemyskiej\/","title":{"rendered":"26. stretnutie ml\u00e1de\u017ee Przemy\u0161lskej arcidiec\u00e9zy"},"content":{"rendered":"<p>Dnes bola srdcom nede\u013en\u00e9ho Po\u013eska Dukla. Na 26. stretnutie ml\u00e1de\u017ee Przemy\u0161lskej arcidiec\u00e9zy, ktor\u00e9mu predsedal apo\u0161tolsk\u00fd nuncius v Po\u013esku, arcibiskup Salvatore Pennacchio, pri\u0161lo takmer 5 000 mlad\u00fdch \u013eud\u00ed z Po\u013eska, Ukrajiny, Slovenska a Ma\u010farska.<\/p>\n\n\n\n<p>Po om\u0161i sa k zhroma\u017eden\u00fdm \u013eu\u010fom prihovoril predseda Sejmu. Pripomenul, \u017ee vo febru\u00e1ri tohto roku Sejm ustanovil 14. apr\u00edl za sviatok Krstu Po\u013eska (vzh\u013eadom na v\u00fdznam rozhodnutia Me\u0161ka I., ktor\u00e9 sa pova\u017euje za za\u010diatok po\u013esk\u00e9ho \u0161t\u00e1tu) a tento rok ho oslavujeme po prv\u00fdkr\u00e1t. <\/p>\n\n\n\n<p>V \u010fal\u0161ej \u010dasti svojho prejavu Marek Kuchci\u0144ski zd\u00f4raznil \u00fasilie vl\u00e1dy o podporu mlad\u00fdch \u013eud\u00ed:<\/p>\n\n\n\n<ul class=\"wp-block-list\"><li>Ke\u010f hovor\u00edme o programe 500+, mysl\u00edme na podporu rod\u00edn, mlad\u00fdch \u013eud\u00ed, na zlep\u0161enie ich \u017eivota. <\/li><li>Ak zni\u017eujeme dane, napr\u00edklad da\u0148 z pr\u00edjmu pr\u00e1vnick\u00fdch os\u00f4b, je to preto, aby sme podnikate\u013eom u\u013eah\u010dili vytv\u00e1ranie pracovn\u00fdch miest, a t\u00fdm zv\u00fd\u0161ili zamestnanos\u0165. <\/li><li>Ak pl\u00e1nujeme tento rok v\u00f4bec zru\u0161i\u0165 PIT pre mlad\u00fdch \u013eud\u00ed, ktor\u00ed pracuj\u00fa, je to preto, aby sme zv\u00fd\u0161ili ich mzdy a u\u013eah\u010dili im vstup do dospel\u00e9ho \u017eivota. <\/li><li>Ak sme zaviedli reformu vzdel\u00e1vania zru\u0161en\u00edm gymn\u00e1zi\u00ed, bolo to preto, aby mlad\u00ed \u013eudia vyrastali v zn\u00e1mom a bezpe\u010dnom prostred\u00ed z\u00e1kladnej \u0161koly, aby boli nesk\u00f4r lep\u0161ie pripraven\u00ed na stredn\u00fa \u0161kolu. <\/li><\/ul>\n\n\n\n<p>V\u0161etko je potrebn\u00e9 premyslie\u0165. A zameran\u00fd na \u010dloveka. Ale rozhodnutia rob\u00edme my, konkr\u00e9tni \u013eudia. Nie sme anonymn\u00fd dav. Z na\u0161ej viery vypl\u00fdva, \u017ee ka\u017ed\u00fd z n\u00e1s je individu\u00e1lny a vz\u00e1cny. Ako u\u010d\u00ed p\u00e1pe\u017e Franti\u0161ek - viera d\u00e1va zmysel v\u0161etk\u00fdm na\u0161im snah\u00e1m. Oslobodzuje n\u00e1s od pocitu osamelosti tv\u00e1rou v tv\u00e1r ve\u013ek\u00e9mu svetu. A d\u00e1va n\u00e1m n\u00e1dej, \u017ee to, \u010do rob\u00edme, je d\u00f4le\u017eit\u00e9 a dobr\u00e9.<\/p>\n\n\n\n<p>Tak\u017ee nie sme sami a nie sme poh\u00e1\u0148an\u00ed len\nindividu\u00e1lne amb\u00edcie. M\u00e1me rodiny, priate\u013eov, \u017eijeme v na\u0161ich mal\u00fdch domovoch.\nSme pr\u00edslu\u0161n\u00edci n\u00e1roda, Poliaci. \u017dijeme v na\u0161ich kr\u00e1snych Karpatoch\n\u017dijeme v na\u0161ich kr\u00e1snych Karpatoch ved\u013ea Slov\u00e1kov, Ma\u010farov a Ukrajincov a chceme s nimi \u017ei\u0165 v priate\u013estve.\nChceme s nimi \u017ei\u0165 v priate\u013estve. V jednej spolo\u010dnej Eur\u00f3pe na\u0161ich rodn\u00fdch kraj\u00edn. <\/p>\n\n\n\n<p>Prajem v\u00e1m v\u0161etk\u00fdm, aby v\u00e1m \u00fa\u010das\u0165 na 26. stretnut\u00ed ml\u00e1de\u017ee Przemy\u0161lskej arcidiec\u00e9zy priniesla ve\u013ea n\u00e1deje a bola posilou pre ve\u013ekono\u010dn\u00e9 sviatky,\" uzavrel predseda Sejmu.<\/p>\n\n\n\n<p>Po sv\u00e4tej om\u0161i sa prihovorili aj arcibiskup Przemysla Adam Szal, otec Tadeusz Rydzyk a far\u00e1r farnosti sv\u00e4tej M\u00e1rie Magdal\u00e9ny na Dukle - otec Stanis\u0142aw Siuzdak. Medzi hos\u0165ami boli poslanec Bogdan Rzo\u0144ca, Krystyna Wr\u00f3blewska, podkarpatsk\u00e1 vojvodky\u0148a Ewa Leniart a gener\u00e1lna konzulka Ma\u010farska Adrienne K\u00f6rmendy.<\/p>\n\n\n\n<p><em>Foto: Marta Olejnik<\/em><\/p>\n\n\n\n<ul class=\"wp-block-gallery columns-1 is-cropped wp-block-gallery-1 is-layout-flex wp-block-gallery-is-layout-flex\"><li class=\"blocks-gallery-item\"><figure><img fetchpriority=\"high\" decoding=\"async\" width=\"1024\" height=\"714\" src=\"https:\/\/marekkuchcinski.pl\/wp-content\/uploads\/2019\/04\/IMG_0128-1-1024x714.jpg\" alt=\"\" data-id=\"14757\" data-link=\"https:\/\/marekkuchcinski.pl\/?attachment_id=14757\" class=\"wp-image-14757\" srcset=\"https:\/\/marekkuchcinski.pl\/wp-content\/uploads\/2019\/04\/IMG_0128-1-1024x714.jpg 1024w, https:\/\/marekkuchcinski.pl\/wp-content\/uploads\/2019\/04\/IMG_0128-1-300x209.jpg 300w, https:\/\/marekkuchcinski.pl\/wp-content\/uploads\/2019\/04\/IMG_0128-1-768x535.jpg 768w, https:\/\/marekkuchcinski.pl\/wp-content\/uploads\/2019\/04\/IMG_0128-1.jpg 2048w\" sizes=\"(max-width: 1024px) 100vw, 1024px\" \/><\/figure><\/li><li class=\"blocks-gallery-item\"><figure><img decoding=\"async\" width=\"1024\" height=\"637\" src=\"https:\/\/marekkuchcinski.pl\/wp-content\/uploads\/2019\/04\/IMG_0258-1-1024x637.jpg\" alt=\"\" data-id=\"14763\" data-link=\"https:\/\/marekkuchcinski.pl\/?attachment_id=14763\" class=\"wp-image-14763\" srcset=\"https:\/\/marekkuchcinski.pl\/wp-content\/uploads\/2019\/04\/IMG_0258-1-1024x637.jpg 1024w, https:\/\/marekkuchcinski.pl\/wp-content\/uploads\/2019\/04\/IMG_0258-1-300x187.jpg 300w, https:\/\/marekkuchcinski.pl\/wp-content\/uploads\/2019\/04\/IMG_0258-1-768x478.jpg 768w, https:\/\/marekkuchcinski.pl\/wp-content\/uploads\/2019\/04\/IMG_0258-1.jpg 2048w\" sizes=\"(max-width: 1024px) 100vw, 1024px\" \/><\/figure><\/li><li class=\"blocks-gallery-item\"><figure><img decoding=\"async\" width=\"1024\" height=\"707\" src=\"https:\/\/marekkuchcinski.pl\/wp-content\/uploads\/2019\/04\/IMG_0289-1-1024x707.jpg\" alt=\"\" data-id=\"14765\" data-link=\"https:\/\/marekkuchcinski.pl\/?attachment_id=14765\" class=\"wp-image-14765\" srcset=\"https:\/\/marekkuchcinski.pl\/wp-content\/uploads\/2019\/04\/IMG_0289-1-1024x707.jpg 1024w, https:\/\/marekkuchcinski.pl\/wp-content\/uploads\/2019\/04\/IMG_0289-1-300x207.jpg 300w, https:\/\/marekkuchcinski.pl\/wp-content\/uploads\/2019\/04\/IMG_0289-1-768x530.jpg 768w, https:\/\/marekkuchcinski.pl\/wp-content\/uploads\/2019\/04\/IMG_0289-1.jpg 2048w\" sizes=\"(max-width: 1024px) 100vw, 1024px\" \/><\/figure><\/li><li class=\"blocks-gallery-item\"><figure><img loading=\"lazy\" decoding=\"async\" width=\"1024\" height=\"683\" src=\"https:\/\/marekkuchcinski.pl\/wp-content\/uploads\/2019\/04\/IMG_0332-1024x683.jpg\" alt=\"\" data-id=\"14770\" data-link=\"https:\/\/marekkuchcinski.pl\/?attachment_id=14770\" class=\"wp-image-14770\" srcset=\"https:\/\/marekkuchcinski.pl\/wp-content\/uploads\/2019\/04\/IMG_0332-1024x683.jpg 1024w, https:\/\/marekkuchcinski.pl\/wp-content\/uploads\/2019\/04\/IMG_0332-300x200.jpg 300w, https:\/\/marekkuchcinski.pl\/wp-content\/uploads\/2019\/04\/IMG_0332-768x512.jpg 768w, https:\/\/marekkuchcinski.pl\/wp-content\/uploads\/2019\/04\/IMG_0332.jpg 2048w\" sizes=\"(max-width: 1024px) 100vw, 1024px\" \/><\/figure><\/li><li class=\"blocks-gallery-item\"><figure><img loading=\"lazy\" decoding=\"async\" width=\"1024\" height=\"688\" src=\"https:\/\/marekkuchcinski.pl\/wp-content\/uploads\/2019\/04\/IMG_0335-1024x688.jpg\" alt=\"\" data-id=\"14773\" data-link=\"https:\/\/marekkuchcinski.pl\/?attachment_id=14773\" class=\"wp-image-14773\" srcset=\"https:\/\/marekkuchcinski.pl\/wp-content\/uploads\/2019\/04\/IMG_0335-1024x688.jpg 1024w, https:\/\/marekkuchcinski.pl\/wp-content\/uploads\/2019\/04\/IMG_0335-300x202.jpg 300w, https:\/\/marekkuchcinski.pl\/wp-content\/uploads\/2019\/04\/IMG_0335-768x516.jpg 768w, https:\/\/marekkuchcinski.pl\/wp-content\/uploads\/2019\/04\/IMG_0335.jpg 2048w\" sizes=\"(max-width: 1024px) 100vw, 1024px\" \/><\/figure><\/li><li class=\"blocks-gallery-item\"><figure><img loading=\"lazy\" decoding=\"async\" width=\"1024\" height=\"665\" src=\"https:\/\/marekkuchcinski.pl\/wp-content\/uploads\/2019\/04\/IMG_0370-1024x665.jpg\" alt=\"\" data-id=\"14775\" data-link=\"https:\/\/marekkuchcinski.pl\/?attachment_id=14775\" class=\"wp-image-14775\" srcset=\"https:\/\/marekkuchcinski.pl\/wp-content\/uploads\/2019\/04\/IMG_0370-1024x665.jpg 1024w, https:\/\/marekkuchcinski.pl\/wp-content\/uploads\/2019\/04\/IMG_0370-300x195.jpg 300w, https:\/\/marekkuchcinski.pl\/wp-content\/uploads\/2019\/04\/IMG_0370-768x499.jpg 768w, https:\/\/marekkuchcinski.pl\/wp-content\/uploads\/2019\/04\/IMG_0370.jpg 2048w\" sizes=\"(max-width: 1024px) 100vw, 1024px\" \/><\/figure><\/li><li class=\"blocks-gallery-item\"><figure><img loading=\"lazy\" decoding=\"async\" width=\"1024\" height=\"695\" src=\"https:\/\/marekkuchcinski.pl\/wp-content\/uploads\/2019\/04\/IMG_9723-1024x695.jpg\" alt=\"\" data-id=\"14783\" data-link=\"https:\/\/marekkuchcinski.pl\/?attachment_id=14783\" class=\"wp-image-14783\" srcset=\"https:\/\/marekkuchcinski.pl\/wp-content\/uploads\/2019\/04\/IMG_9723-1024x695.jpg 1024w, https:\/\/marekkuchcinski.pl\/wp-content\/uploads\/2019\/04\/IMG_9723-300x204.jpg 300w, https:\/\/marekkuchcinski.pl\/wp-content\/uploads\/2019\/04\/IMG_9723-768x521.jpg 768w, https:\/\/marekkuchcinski.pl\/wp-content\/uploads\/2019\/04\/IMG_9723.jpg 2048w\" sizes=\"(max-width: 1024px) 100vw, 1024px\" \/><\/figure><\/li><li class=\"blocks-gallery-item\"><figure><img loading=\"lazy\" decoding=\"async\" width=\"1024\" height=\"684\" src=\"https:\/\/marekkuchcinski.pl\/wp-content\/uploads\/2019\/04\/IMG_9751-1024x684.jpg\" alt=\"\" data-id=\"14785\" data-link=\"https:\/\/marekkuchcinski.pl\/?attachment_id=14785\" class=\"wp-image-14785\" srcset=\"https:\/\/marekkuchcinski.pl\/wp-content\/uploads\/2019\/04\/IMG_9751-1024x684.jpg 1024w, https:\/\/marekkuchcinski.pl\/wp-content\/uploads\/2019\/04\/IMG_9751-300x201.jpg 300w, https:\/\/marekkuchcinski.pl\/wp-content\/uploads\/2019\/04\/IMG_9751-768x513.jpg 768w, https:\/\/marekkuchcinski.pl\/wp-content\/uploads\/2019\/04\/IMG_9751.jpg 2048w\" sizes=\"(max-width: 1024px) 100vw, 1024px\" \/><\/figure><\/li><li class=\"blocks-gallery-item\"><figure><img loading=\"lazy\" decoding=\"async\" width=\"1024\" height=\"681\" src=\"https:\/\/marekkuchcinski.pl\/wp-content\/uploads\/2019\/04\/IMG_9763-1024x681.jpg\" alt=\"\" data-id=\"14786\" data-link=\"https:\/\/marekkuchcinski.pl\/?attachment_id=14786\" class=\"wp-image-14786\" srcset=\"https:\/\/marekkuchcinski.pl\/wp-content\/uploads\/2019\/04\/IMG_9763-1024x681.jpg 1024w, https:\/\/marekkuchcinski.pl\/wp-content\/uploads\/2019\/04\/IMG_9763-300x199.jpg 300w, https:\/\/marekkuchcinski.pl\/wp-content\/uploads\/2019\/04\/IMG_9763-768x511.jpg 768w, https:\/\/marekkuchcinski.pl\/wp-content\/uploads\/2019\/04\/IMG_9763.jpg 2048w\" sizes=\"(max-width: 1024px) 100vw, 1024px\" \/><\/figure><\/li><li class=\"blocks-gallery-item\"><figure><img loading=\"lazy\" decoding=\"async\" width=\"1024\" height=\"684\" src=\"https:\/\/marekkuchcinski.pl\/wp-content\/uploads\/2019\/04\/IMG_9778-1024x684.jpg\" alt=\"\" data-id=\"14788\" data-link=\"https:\/\/marekkuchcinski.pl\/?attachment_id=14788\" class=\"wp-image-14788\" srcset=\"https:\/\/marekkuchcinski.pl\/wp-content\/uploads\/2019\/04\/IMG_9778-1024x684.jpg 1024w, https:\/\/marekkuchcinski.pl\/wp-content\/uploads\/2019\/04\/IMG_9778-300x200.jpg 300w, https:\/\/marekkuchcinski.pl\/wp-content\/uploads\/2019\/04\/IMG_9778-768x513.jpg 768w, https:\/\/marekkuchcinski.pl\/wp-content\/uploads\/2019\/04\/IMG_9778.jpg 2048w\" sizes=\"(max-width: 1024px) 100vw, 1024px\" \/><\/figure><\/li><li class=\"blocks-gallery-item\"><figure><img loading=\"lazy\" decoding=\"async\" width=\"1024\" height=\"668\" src=\"https:\/\/marekkuchcinski.pl\/wp-content\/uploads\/2019\/04\/IMG_9795-1024x668.jpg\" alt=\"\" data-id=\"14789\" data-link=\"https:\/\/marekkuchcinski.pl\/?attachment_id=14789\" class=\"wp-image-14789\" srcset=\"https:\/\/marekkuchcinski.pl\/wp-content\/uploads\/2019\/04\/IMG_9795-1024x668.jpg 1024w, https:\/\/marekkuchcinski.pl\/wp-content\/uploads\/2019\/04\/IMG_9795-300x196.jpg 300w, https:\/\/marekkuchcinski.pl\/wp-content\/uploads\/2019\/04\/IMG_9795-768x501.jpg 768w, https:\/\/marekkuchcinski.pl\/wp-content\/uploads\/2019\/04\/IMG_9795.jpg 2048w\" sizes=\"(max-width: 1024px) 100vw, 1024px\" \/><\/figure><\/li><li class=\"blocks-gallery-item\"><figure><img loading=\"lazy\" decoding=\"async\" width=\"1024\" height=\"682\" src=\"https:\/\/marekkuchcinski.pl\/wp-content\/uploads\/2019\/04\/IMG_9804-1024x682.jpg\" alt=\"\" data-id=\"14790\" data-link=\"https:\/\/marekkuchcinski.pl\/?attachment_id=14790\" class=\"wp-image-14790\" srcset=\"https:\/\/marekkuchcinski.pl\/wp-content\/uploads\/2019\/04\/IMG_9804-1024x682.jpg 1024w, https:\/\/marekkuchcinski.pl\/wp-content\/uploads\/2019\/04\/IMG_9804-300x200.jpg 300w, https:\/\/marekkuchcinski.pl\/wp-content\/uploads\/2019\/04\/IMG_9804-768x511.jpg 768w, https:\/\/marekkuchcinski.pl\/wp-content\/uploads\/2019\/04\/IMG_9804.jpg 2048w\" sizes=\"(max-width: 1024px) 100vw, 1024px\" \/><\/figure><\/li><li class=\"blocks-gallery-item\"><figure><img loading=\"lazy\" decoding=\"async\" width=\"1024\" height=\"649\" src=\"https:\/\/marekkuchcinski.pl\/wp-content\/uploads\/2019\/04\/IMG_9808-1024x649.jpg\" alt=\"\" data-id=\"14791\" data-link=\"https:\/\/marekkuchcinski.pl\/?attachment_id=14791\" class=\"wp-image-14791\" srcset=\"https:\/\/marekkuchcinski.pl\/wp-content\/uploads\/2019\/04\/IMG_9808-1024x649.jpg 1024w, https:\/\/marekkuchcinski.pl\/wp-content\/uploads\/2019\/04\/IMG_9808-300x190.jpg 300w, https:\/\/marekkuchcinski.pl\/wp-content\/uploads\/2019\/04\/IMG_9808-768x487.jpg 768w, https:\/\/marekkuchcinski.pl\/wp-content\/uploads\/2019\/04\/IMG_9808.jpg 2048w\" sizes=\"(max-width: 1024px) 100vw, 1024px\" \/><\/figure><\/li><li class=\"blocks-gallery-item\"><figure><img loading=\"lazy\" decoding=\"async\" width=\"1024\" height=\"697\" src=\"https:\/\/marekkuchcinski.pl\/wp-content\/uploads\/2019\/04\/IMG_9838-1024x697.jpg\" alt=\"\" data-id=\"14794\" data-link=\"https:\/\/marekkuchcinski.pl\/?attachment_id=14794\" class=\"wp-image-14794\" srcset=\"https:\/\/marekkuchcinski.pl\/wp-content\/uploads\/2019\/04\/IMG_9838-1024x697.jpg 1024w, https:\/\/marekkuchcinski.pl\/wp-content\/uploads\/2019\/04\/IMG_9838-300x204.jpg 300w, https:\/\/marekkuchcinski.pl\/wp-content\/uploads\/2019\/04\/IMG_9838-768x523.jpg 768w, https:\/\/marekkuchcinski.pl\/wp-content\/uploads\/2019\/04\/IMG_9838.jpg 2048w\" sizes=\"(max-width: 1024px) 100vw, 1024px\" \/><\/figure><\/li><li class=\"blocks-gallery-item\"><figure><img loading=\"lazy\" decoding=\"async\" width=\"1024\" height=\"719\" src=\"https:\/\/marekkuchcinski.pl\/wp-content\/uploads\/2019\/04\/IMG_9841-2-1024x719.jpg\" alt=\"\" data-id=\"14796\" data-link=\"https:\/\/marekkuchcinski.pl\/?attachment_id=14796\" class=\"wp-image-14796\" srcset=\"https:\/\/marekkuchcinski.pl\/wp-content\/uploads\/2019\/04\/IMG_9841-2-1024x719.jpg 1024w, https:\/\/marekkuchcinski.pl\/wp-content\/uploads\/2019\/04\/IMG_9841-2-300x211.jpg 300w, https:\/\/marekkuchcinski.pl\/wp-content\/uploads\/2019\/04\/IMG_9841-2-768x539.jpg 768w, https:\/\/marekkuchcinski.pl\/wp-content\/uploads\/2019\/04\/IMG_9841-2.jpg 2048w\" sizes=\"(max-width: 1024px) 100vw, 1024px\" \/><\/figure><\/li><li class=\"blocks-gallery-item\"><figure><img loading=\"lazy\" decoding=\"async\" width=\"1024\" height=\"686\" src=\"https:\/\/marekkuchcinski.pl\/wp-content\/uploads\/2019\/04\/IMG_9848-1024x686.jpg\" alt=\"\" data-id=\"14798\" data-link=\"https:\/\/marekkuchcinski.pl\/?attachment_id=14798\" class=\"wp-image-14798\" srcset=\"https:\/\/marekkuchcinski.pl\/wp-content\/uploads\/2019\/04\/IMG_9848-1024x686.jpg 1024w, https:\/\/marekkuchcinski.pl\/wp-content\/uploads\/2019\/04\/IMG_9848-300x201.jpg 300w, https:\/\/marekkuchcinski.pl\/wp-content\/uploads\/2019\/04\/IMG_9848-768x515.jpg 768w, https:\/\/marekkuchcinski.pl\/wp-content\/uploads\/2019\/04\/IMG_9848.jpg 2048w\" sizes=\"(max-width: 1024px) 100vw, 1024px\" \/><\/figure><\/li><li class=\"blocks-gallery-item\"><figure><img loading=\"lazy\" decoding=\"async\" width=\"1024\" height=\"758\" src=\"https:\/\/marekkuchcinski.pl\/wp-content\/uploads\/2019\/04\/IMG_9875-1024x758.jpg\" alt=\"\" data-id=\"14800\" data-link=\"https:\/\/marekkuchcinski.pl\/?attachment_id=14800\" class=\"wp-image-14800\" srcset=\"https:\/\/marekkuchcinski.pl\/wp-content\/uploads\/2019\/04\/IMG_9875-1024x758.jpg 1024w, https:\/\/marekkuchcinski.pl\/wp-content\/uploads\/2019\/04\/IMG_9875-300x222.jpg 300w, https:\/\/marekkuchcinski.pl\/wp-content\/uploads\/2019\/04\/IMG_9875-768x568.jpg 768w, https:\/\/marekkuchcinski.pl\/wp-content\/uploads\/2019\/04\/IMG_9875.jpg 2048w\" sizes=\"(max-width: 1024px) 100vw, 1024px\" \/><\/figure><\/li><li class=\"blocks-gallery-item\"><figure><img loading=\"lazy\" decoding=\"async\" width=\"1024\" height=\"647\" src=\"https:\/\/marekkuchcinski.pl\/wp-content\/uploads\/2019\/04\/IMG_9895-1024x647.jpg\" alt=\"\" data-id=\"14802\" data-link=\"https:\/\/marekkuchcinski.pl\/?attachment_id=14802\" class=\"wp-image-14802\" srcset=\"https:\/\/marekkuchcinski.pl\/wp-content\/uploads\/2019\/04\/IMG_9895-1024x647.jpg 1024w, https:\/\/marekkuchcinski.pl\/wp-content\/uploads\/2019\/04\/IMG_9895-300x190.jpg 300w, https:\/\/marekkuchcinski.pl\/wp-content\/uploads\/2019\/04\/IMG_9895-768x485.jpg 768w, https:\/\/marekkuchcinski.pl\/wp-content\/uploads\/2019\/04\/IMG_9895.jpg 2048w\" sizes=\"(max-width: 1024px) 100vw, 1024px\" \/><\/figure><\/li><li class=\"blocks-gallery-item\"><figure><img loading=\"lazy\" decoding=\"async\" width=\"1024\" height=\"683\" src=\"https:\/\/marekkuchcinski.pl\/wp-content\/uploads\/2019\/04\/IMG_9912-1024x683.jpg\" alt=\"\" data-id=\"14804\" data-link=\"https:\/\/marekkuchcinski.pl\/?attachment_id=14804\" class=\"wp-image-14804\" srcset=\"https:\/\/marekkuchcinski.pl\/wp-content\/uploads\/2019\/04\/IMG_9912-1024x683.jpg 1024w, https:\/\/marekkuchcinski.pl\/wp-content\/uploads\/2019\/04\/IMG_9912-300x200.jpg 300w, https:\/\/marekkuchcinski.pl\/wp-content\/uploads\/2019\/04\/IMG_9912-768x512.jpg 768w, https:\/\/marekkuchcinski.pl\/wp-content\/uploads\/2019\/04\/IMG_9912.jpg 2048w\" sizes=\"(max-width: 1024px) 100vw, 1024px\" \/><figcaption><br><br><br><br><br><br><\/figcaption><\/figure><\/li><li class=\"blocks-gallery-item\"><figure><img loading=\"lazy\" decoding=\"async\" width=\"1024\" height=\"683\" src=\"https:\/\/marekkuchcinski.pl\/wp-content\/uploads\/2019\/04\/IMG_9953-1024x683.jpg\" alt=\"\" data-id=\"14808\" data-link=\"https:\/\/marekkuchcinski.pl\/?attachment_id=14808\" class=\"wp-image-14808\" srcset=\"https:\/\/marekkuchcinski.pl\/wp-content\/uploads\/2019\/04\/IMG_9953-1024x683.jpg 1024w, https:\/\/marekkuchcinski.pl\/wp-content\/uploads\/2019\/04\/IMG_9953-300x200.jpg 300w, https:\/\/marekkuchcinski.pl\/wp-content\/uploads\/2019\/04\/IMG_9953-768x512.jpg 768w, https:\/\/marekkuchcinski.pl\/wp-content\/uploads\/2019\/04\/IMG_9953.jpg 2048w\" sizes=\"(max-width: 1024px) 100vw, 1024px\" \/><\/figure><\/li><li class=\"blocks-gallery-item\"><figure><img loading=\"lazy\" decoding=\"async\" width=\"1024\" height=\"683\" src=\"https:\/\/marekkuchcinski.pl\/wp-content\/uploads\/2019\/04\/IMG_9997-1024x683.jpg\" alt=\"\" data-id=\"14811\" data-link=\"https:\/\/marekkuchcinski.pl\/?attachment_id=14811\" class=\"wp-image-14811\" srcset=\"https:\/\/marekkuchcinski.pl\/wp-content\/uploads\/2019\/04\/IMG_9997-1024x683.jpg 1024w, https:\/\/marekkuchcinski.pl\/wp-content\/uploads\/2019\/04\/IMG_9997-300x200.jpg 300w, https:\/\/marekkuchcinski.pl\/wp-content\/uploads\/2019\/04\/IMG_9997-768x512.jpg 768w, https:\/\/marekkuchcinski.pl\/wp-content\/uploads\/2019\/04\/IMG_9997.jpg 2048w\" sizes=\"(max-width: 1024px) 100vw, 1024px\" \/><\/figure><\/li><li class=\"blocks-gallery-item\"><figure><img loading=\"lazy\" decoding=\"async\" width=\"1024\" height=\"667\" src=\"https:\/\/marekkuchcinski.pl\/wp-content\/uploads\/2019\/04\/IMG_9985-1024x667.jpg\" alt=\"\" data-id=\"14859\" data-link=\"https:\/\/marekkuchcinski.pl\/wydarzenia\/26-spotkanie-mlodych-archidiecezji-przemyskiej\/attachment\/img_9985\/\" class=\"wp-image-14859\" srcset=\"https:\/\/marekkuchcinski.pl\/wp-content\/uploads\/2019\/04\/IMG_9985-1024x667.jpg 1024w, https:\/\/marekkuchcinski.pl\/wp-content\/uploads\/2019\/04\/IMG_9985-300x195.jpg 300w, https:\/\/marekkuchcinski.pl\/wp-content\/uploads\/2019\/04\/IMG_9985-768x500.jpg 768w, https:\/\/marekkuchcinski.pl\/wp-content\/uploads\/2019\/04\/IMG_9985.jpg 2048w\" sizes=\"(max-width: 1024px) 100vw, 1024px\" \/><\/figure><\/li><li class=\"blocks-gallery-item\"><figure><img loading=\"lazy\" decoding=\"async\" width=\"1024\" height=\"713\" src=\"https:\/\/marekkuchcinski.pl\/wp-content\/uploads\/2019\/04\/IMG_9884-1024x713.jpg\" alt=\"\" data-id=\"14866\" data-link=\"https:\/\/marekkuchcinski.pl\/wydarzenia\/26-spotkanie-mlodych-archidiecezji-przemyskiej\/attachment\/img_9884\/\" class=\"wp-image-14866\" srcset=\"https:\/\/marekkuchcinski.pl\/wp-content\/uploads\/2019\/04\/IMG_9884-1024x713.jpg 1024w, https:\/\/marekkuchcinski.pl\/wp-content\/uploads\/2019\/04\/IMG_9884-300x209.jpg 300w, https:\/\/marekkuchcinski.pl\/wp-content\/uploads\/2019\/04\/IMG_9884-768x535.jpg 768w, https:\/\/marekkuchcinski.pl\/wp-content\/uploads\/2019\/04\/IMG_9884.jpg 2048w\" sizes=\"(max-width: 1024px) 100vw, 1024px\" \/><\/figure><\/li><\/ul>\n\n\n\n<figure class=\"wp-block-image\"><img loading=\"lazy\" decoding=\"async\" width=\"1024\" height=\"593\" src=\"https:\/\/marekkuchcinski.pl\/wp-content\/uploads\/2019\/04\/szak-2-1024x593.jpg\" alt=\"\" class=\"wp-image-14929\" srcset=\"https:\/\/marekkuchcinski.pl\/wp-content\/uploads\/2019\/04\/szak-2-1024x593.jpg 1024w, https:\/\/marekkuchcinski.pl\/wp-content\/uploads\/2019\/04\/szak-2-300x174.jpg 300w, https:\/\/marekkuchcinski.pl\/wp-content\/uploads\/2019\/04\/szak-2-768x445.jpg 768w, https:\/\/marekkuchcinski.pl\/wp-content\/uploads\/2019\/04\/szak-2.jpg 2048w\" sizes=\"(max-width: 1024px) 100vw, 1024px\" \/><\/figure>\n\n\n\n<figure class=\"wp-block-image\"><img loading=\"lazy\" decoding=\"async\" width=\"1024\" height=\"753\" src=\"https:\/\/marekkuchcinski.pl\/wp-content\/uploads\/2019\/04\/IMG_9938-1024x753.jpg\" alt=\"\" class=\"wp-image-14806\" srcset=\"https:\/\/marekkuchcinski.pl\/wp-content\/uploads\/2019\/04\/IMG_9938-1024x753.jpg 1024w, https:\/\/marekkuchcinski.pl\/wp-content\/uploads\/2019\/04\/IMG_9938-300x221.jpg 300w, https:\/\/marekkuchcinski.pl\/wp-content\/uploads\/2019\/04\/IMG_9938-768x565.jpg 768w, https:\/\/marekkuchcinski.pl\/wp-content\/uploads\/2019\/04\/IMG_9938.jpg 2048w\" sizes=\"(max-width: 1024px) 100vw, 1024px\" \/><\/figure>\n\n\n\n<figure class=\"wp-block-image\"><img loading=\"lazy\" decoding=\"async\" width=\"1024\" height=\"683\" src=\"https:\/\/marekkuchcinski.pl\/wp-content\/uploads\/2019\/04\/IMG_9928-1024x683.jpg\" alt=\"\" class=\"wp-image-14945\" srcset=\"https:\/\/marekkuchcinski.pl\/wp-content\/uploads\/2019\/04\/IMG_9928-1024x683.jpg 1024w, https:\/\/marekkuchcinski.pl\/wp-content\/uploads\/2019\/04\/IMG_9928-300x200.jpg 300w, https:\/\/marekkuchcinski.pl\/wp-content\/uploads\/2019\/04\/IMG_9928-768x512.jpg 768w, https:\/\/marekkuchcinski.pl\/wp-content\/uploads\/2019\/04\/IMG_9928.jpg 2048w\" sizes=\"(max-width: 1024px) 100vw, 1024px\" \/><\/figure>\n\n\n\n<figure class=\"wp-block-image\"><img loading=\"lazy\" decoding=\"async\" width=\"1024\" height=\"683\" src=\"https:\/\/marekkuchcinski.pl\/wp-content\/uploads\/2019\/04\/IMG_0041-1024x683.jpg\" alt=\"\" class=\"wp-image-14901\" srcset=\"https:\/\/marekkuchcinski.pl\/wp-content\/uploads\/2019\/04\/IMG_0041-1024x683.jpg 1024w, https:\/\/marekkuchcinski.pl\/wp-content\/uploads\/2019\/04\/IMG_0041-300x200.jpg 300w, https:\/\/marekkuchcinski.pl\/wp-content\/uploads\/2019\/04\/IMG_0041-768x512.jpg 768w, https:\/\/marekkuchcinski.pl\/wp-content\/uploads\/2019\/04\/IMG_0041.jpg 2048w\" sizes=\"(max-width: 1024px) 100vw, 1024px\" \/><\/figure>\n\n\n\n<figure class=\"wp-block-image\"><img loading=\"lazy\" decoding=\"async\" width=\"1024\" height=\"646\" src=\"https:\/\/marekkuchcinski.pl\/wp-content\/uploads\/2019\/04\/IMG_0321-1024x646.jpg\" alt=\"\" class=\"wp-image-14893\" srcset=\"https:\/\/marekkuchcinski.pl\/wp-content\/uploads\/2019\/04\/IMG_0321-1024x646.jpg 1024w, https:\/\/marekkuchcinski.pl\/wp-content\/uploads\/2019\/04\/IMG_0321-300x189.jpg 300w, https:\/\/marekkuchcinski.pl\/wp-content\/uploads\/2019\/04\/IMG_0321-768x485.jpg 768w, https:\/\/marekkuchcinski.pl\/wp-content\/uploads\/2019\/04\/IMG_0321.jpg 2048w\" sizes=\"(max-width: 1024px) 100vw, 1024px\" \/><\/figure>\n\n\n\n<figure class=\"wp-block-image\"><img loading=\"lazy\" decoding=\"async\" width=\"1024\" height=\"624\" src=\"https:\/\/marekkuchcinski.pl\/wp-content\/uploads\/2019\/04\/IMG_0066-3-1024x624.jpg\" alt=\"\" class=\"wp-image-14841\" srcset=\"https:\/\/marekkuchcinski.pl\/wp-content\/uploads\/2019\/04\/IMG_0066-3-1024x624.jpg 1024w, https:\/\/marekkuchcinski.pl\/wp-content\/uploads\/2019\/04\/IMG_0066-3-300x183.jpg 300w, https:\/\/marekkuchcinski.pl\/wp-content\/uploads\/2019\/04\/IMG_0066-3-768x468.jpg 768w, https:\/\/marekkuchcinski.pl\/wp-content\/uploads\/2019\/04\/IMG_0066-3.jpg 2048w\" sizes=\"(max-width: 1024px) 100vw, 1024px\" \/><\/figure>\n\n\n\n<figure class=\"wp-block-image\"><img loading=\"lazy\" decoding=\"async\" width=\"1024\" height=\"723\" src=\"https:\/\/marekkuchcinski.pl\/wp-content\/uploads\/2019\/04\/IMG_0452-2-1024x723.jpg\" alt=\"\" class=\"wp-image-14842\" srcset=\"https:\/\/marekkuchcinski.pl\/wp-content\/uploads\/2019\/04\/IMG_0452-2-1024x723.jpg 1024w, https:\/\/marekkuchcinski.pl\/wp-content\/uploads\/2019\/04\/IMG_0452-2-300x212.jpg 300w, https:\/\/marekkuchcinski.pl\/wp-content\/uploads\/2019\/04\/IMG_0452-2-768x543.jpg 768w, https:\/\/marekkuchcinski.pl\/wp-content\/uploads\/2019\/04\/IMG_0452-2.jpg 2048w\" sizes=\"(max-width: 1024px) 100vw, 1024px\" \/><\/figure>\n\n\n\n<figure class=\"wp-block-image\"><img loading=\"lazy\" decoding=\"async\" width=\"1024\" height=\"718\" src=\"https:\/\/marekkuchcinski.pl\/wp-content\/uploads\/2019\/04\/IMG_0414-1-1024x718.jpg\" alt=\"\" class=\"wp-image-14843\" srcset=\"https:\/\/marekkuchcinski.pl\/wp-content\/uploads\/2019\/04\/IMG_0414-1-1024x718.jpg 1024w, https:\/\/marekkuchcinski.pl\/wp-content\/uploads\/2019\/04\/IMG_0414-1-300x210.jpg 300w, https:\/\/marekkuchcinski.pl\/wp-content\/uploads\/2019\/04\/IMG_0414-1-768x539.jpg 768w, https:\/\/marekkuchcinski.pl\/wp-content\/uploads\/2019\/04\/IMG_0414-1.jpg 2048w\" sizes=\"(max-width: 1024px) 100vw, 1024px\" \/><\/figure>\n\n\n\n<p> <\/p>\n\n\n\n<figure class=\"wp-block-embed-youtube wp-block-embed is-type-video is-provider-youtube wp-embed-aspect-16-9 wp-has-aspect-ratio\"><div class=\"wp-block-embed__wrapper\">\n<iframe title=\"Kvetn\u00e1 nede\u013ea - Stretnutie ml\u00e1de\u017ee Przemy\u0161lskej arcidiec\u00e9zy - Dukla 2019\" width=\"800\" height=\"450\" src=\"https:\/\/www.youtube.com\/embed\/jOoE_moukpU?start=5961&#038;feature=oembed\" frameborder=\"0\" allow=\"accelerometer; autoplay; clipboard-write; encrypted-media; gyroscope; picture-in-picture\" allowfullscreen><\/iframe>\n<\/div><\/figure>\n\n\n\n<p><\/p>","protected":false},"excerpt":{"rendered":"<p>Dzi\u015b sercem niedzielnopalmowej Polski by\u0142a Dukla. Na 26. Spotkanie M\u0142odych Archidiecezji Przemyskiej zjecha\u0142o blisko 5 tys. m\u0142odzie\u017cy z Polski, Ukrainy, S\u0142owacji i W\u0119gier, a mszy \u015bw. przewodniczy\u0142 nuncjusz apostolski w Polsce abp Salvatore Pennacchio. Po mszy do zgromadzonych s\u0142owa skierowa\u0142 marsza\u0142ek Sejmu, kt\u00f3ry przypomnia\u0142, \u017ce w lutym br. Sejm ustanowi\u0142 14 kwietnia \u015awi\u0119tem Chrztu Polski [&hellip;]<\/p>","protected":false},"author":6,"featured_media":14881,"comment_status":"open","ping_status":"open","sticky":false,"template":"","format":"standard","meta":{"ngg_post_thumbnail":0,"footnotes":""},"categories":[49,82,50,3],"tags":[],"class_list":["post-14752","post","type-post","status-publish","format-standard","has-post-thumbnail","hentry","category-podkarpacie","category-prawo-i-sprawiedliwosc","category-wspolpraca-miedzynarodowa","category-wydarzenia"],"yoast_head":"<!-- This site is optimized with the Yoast SEO plugin v24.7 - https:\/\/yoast.com\/wordpress\/plugins\/seo\/ -->\n<title>26. Spotkanie M\u0142odych Archidiecezji Przemyskiej &#8211; Marek Kuchci\u0144ski<\/title>\n<meta name=\"robots\" content=\"index, follow, max-snippet:-1, max-image-preview:large, max-video-preview:-1\" \/>\n<link rel=\"canonical\" href=\"https:\/\/marekkuchcinski.pl\/sk\/wydarzenia\/26-spotkanie-mlodych-archidiecezji-przemyskiej\/\" \/>\n<meta property=\"og:locale\" content=\"sk_SK\" \/>\n<meta property=\"og:type\" content=\"article\" \/>\n<meta property=\"og:title\" content=\"26. Spotkanie M\u0142odych Archidiecezji Przemyskiej &#8211; Marek Kuchci\u0144ski\" \/>\n<meta property=\"og:description\" content=\"Dzi\u015b sercem niedzielnopalmowej Polski by\u0142a Dukla. Na 26. Spotkanie M\u0142odych Archidiecezji Przemyskiej zjecha\u0142o blisko 5 tys. m\u0142odzie\u017cy z Polski, Ukrainy, S\u0142owacji i W\u0119gier, a mszy \u015bw. przewodniczy\u0142 nuncjusz apostolski w Polsce abp Salvatore Pennacchio. Po mszy do zgromadzonych s\u0142owa skierowa\u0142 marsza\u0142ek Sejmu, kt\u00f3ry przypomnia\u0142, \u017ce w lutym br. Sejm ustanowi\u0142 14 kwietnia \u015awi\u0119tem Chrztu Polski [&hellip;]\" \/>\n<meta property=\"og:url\" content=\"https:\/\/marekkuchcinski.pl\/sk\/wydarzenia\/26-spotkanie-mlodych-archidiecezji-przemyskiej\/\" \/>\n<meta property=\"og:site_name\" content=\"Marek Kuchci\u0144ski\" \/>\n<meta property=\"article:published_time\" content=\"2019-04-14T20:18:38+00:00\" \/>\n<meta property=\"article:modified_time\" content=\"2019-04-17T14:17:36+00:00\" \/>\n<meta property=\"og:image\" content=\"https:\/\/marekkuchcinski.pl\/wp-content\/uploads\/2019\/04\/IMG_0335-1.jpg\" \/>\n\t<meta property=\"og:image:width\" content=\"2048\" \/>\n\t<meta property=\"og:image:height\" content=\"1458\" \/>\n\t<meta property=\"og:image:type\" content=\"image\/jpeg\" \/>\n<meta name=\"author\" content=\"admin\" \/>\n<meta name=\"twitter:card\" content=\"summary_large_image\" \/>\n<meta name=\"twitter:label1\" content=\"Autor\" \/>\n\t<meta name=\"twitter:data1\" content=\"admin\" \/>\n\t<meta name=\"twitter:label2\" content=\"Predpokladan\u00fd \u010das \u010d\u00edtania\" \/>\n\t<meta name=\"twitter:data2\" content=\"2 min\u00faty\" \/>\n<script type=\"application\/ld+json\" class=\"yoast-schema-graph\">{\"@context\":\"https:\/\/schema.org\",\"@graph\":[{\"@type\":\"Article\",\"@id\":\"https:\/\/marekkuchcinski.pl\/ro\/wydarzenia\/26-spotkanie-mlodych-archidiecezji-przemyskiej\/#article\",\"isPartOf\":{\"@id\":\"https:\/\/marekkuchcinski.pl\/ro\/wydarzenia\/26-spotkanie-mlodych-archidiecezji-przemyskiej\/\"},\"author\":{\"name\":\"admin\",\"@id\":\"https:\/\/marekkuchcinski.pl\/#\/schema\/person\/6f62700996b4d950b6ea2d1183b6c6be\"},\"headline\":\"26. Spotkanie M\u0142odych Archidiecezji Przemyskiej\",\"datePublished\":\"2019-04-14T20:18:38+00:00\",\"dateModified\":\"2019-04-17T14:17:36+00:00\",\"mainEntityOfPage\":{\"@id\":\"https:\/\/marekkuchcinski.pl\/ro\/wydarzenia\/26-spotkanie-mlodych-archidiecezji-przemyskiej\/\"},\"wordCount\":459,\"commentCount\":0,\"publisher\":{\"@id\":\"https:\/\/marekkuchcinski.pl\/#organization\"},\"image\":{\"@id\":\"https:\/\/marekkuchcinski.pl\/ro\/wydarzenia\/26-spotkanie-mlodych-archidiecezji-przemyskiej\/#primaryimage\"},\"thumbnailUrl\":\"https:\/\/marekkuchcinski.pl\/wp-content\/uploads\/2019\/04\/IMG_0335-1.jpg\",\"articleSection\":[\"Podkarpacie\",\"Prawo i Sprawiedliwo\u015b\u0107\",\"Wsp\u00f3\u0142praca mi\u0119dzynarodowa\",\"Wydarzenia\"],\"inLanguage\":\"sk-SK\",\"potentialAction\":[{\"@type\":\"CommentAction\",\"name\":\"Comment\",\"target\":[\"https:\/\/marekkuchcinski.pl\/ro\/wydarzenia\/26-spotkanie-mlodych-archidiecezji-przemyskiej\/#respond\"]}]},{\"@type\":\"WebPage\",\"@id\":\"https:\/\/marekkuchcinski.pl\/ro\/wydarzenia\/26-spotkanie-mlodych-archidiecezji-przemyskiej\/\",\"url\":\"https:\/\/marekkuchcinski.pl\/ro\/wydarzenia\/26-spotkanie-mlodych-archidiecezji-przemyskiej\/\",\"name\":\"26. Spotkanie M\u0142odych Archidiecezji Przemyskiej &#8211; Marek Kuchci\u0144ski\",\"isPartOf\":{\"@id\":\"https:\/\/marekkuchcinski.pl\/#website\"},\"primaryImageOfPage\":{\"@id\":\"https:\/\/marekkuchcinski.pl\/ro\/wydarzenia\/26-spotkanie-mlodych-archidiecezji-przemyskiej\/#primaryimage\"},\"image\":{\"@id\":\"https:\/\/marekkuchcinski.pl\/ro\/wydarzenia\/26-spotkanie-mlodych-archidiecezji-przemyskiej\/#primaryimage\"},\"thumbnailUrl\":\"https:\/\/marekkuchcinski.pl\/wp-content\/uploads\/2019\/04\/IMG_0335-1.jpg\",\"datePublished\":\"2019-04-14T20:18:38+00:00\",\"dateModified\":\"2019-04-17T14:17:36+00:00\",\"breadcrumb\":{\"@id\":\"https:\/\/marekkuchcinski.pl\/ro\/wydarzenia\/26-spotkanie-mlodych-archidiecezji-przemyskiej\/#breadcrumb\"},\"inLanguage\":\"sk-SK\",\"potentialAction\":[{\"@type\":\"ReadAction\",\"target\":[\"https:\/\/marekkuchcinski.pl\/ro\/wydarzenia\/26-spotkanie-mlodych-archidiecezji-przemyskiej\/\"]}]},{\"@type\":\"ImageObject\",\"inLanguage\":\"sk-SK\",\"@id\":\"https:\/\/marekkuchcinski.pl\/ro\/wydarzenia\/26-spotkanie-mlodych-archidiecezji-przemyskiej\/#primaryimage\",\"url\":\"https:\/\/marekkuchcinski.pl\/wp-content\/uploads\/2019\/04\/IMG_0335-1.jpg\",\"contentUrl\":\"https:\/\/marekkuchcinski.pl\/wp-content\/uploads\/2019\/04\/IMG_0335-1.jpg\",\"width\":2048,\"height\":1458},{\"@type\":\"BreadcrumbList\",\"@id\":\"https:\/\/marekkuchcinski.pl\/ro\/wydarzenia\/26-spotkanie-mlodych-archidiecezji-przemyskiej\/#breadcrumb\",\"itemListElement\":[{\"@type\":\"ListItem\",\"position\":1,\"name\":\"Strona g\u0142\u00f3wna\",\"item\":\"https:\/\/marekkuchcinski.pl\/\"},{\"@type\":\"ListItem\",\"position\":2,\"name\":\"26. Spotkanie M\u0142odych Archidiecezji Przemyskiej\"}]},{\"@type\":\"WebSite\",\"@id\":\"https:\/\/marekkuchcinski.pl\/#website\",\"url\":\"https:\/\/marekkuchcinski.pl\/\",\"name\":\"Marek Kuchci\u0144ski\",\"description\":\"Pose\u0142 na sejm RP &ndash; okr\u0119g nr 22\",\"publisher\":{\"@id\":\"https:\/\/marekkuchcinski.pl\/#organization\"},\"potentialAction\":[{\"@type\":\"SearchAction\",\"target\":{\"@type\":\"EntryPoint\",\"urlTemplate\":\"https:\/\/marekkuchcinski.pl\/?s={search_term_string}\"},\"query-input\":{\"@type\":\"PropertyValueSpecification\",\"valueRequired\":true,\"valueName\":\"search_term_string\"}}],\"inLanguage\":\"sk-SK\"},{\"@type\":\"Organization\",\"@id\":\"https:\/\/marekkuchcinski.pl\/#organization\",\"name\":\"Marek Kuchci\u0144ski\",\"url\":\"https:\/\/marekkuchcinski.pl\/\",\"logo\":{\"@type\":\"ImageObject\",\"inLanguage\":\"sk-SK\",\"@id\":\"https:\/\/marekkuchcinski.pl\/#\/schema\/logo\/image\/\",\"url\":\"https:\/\/marekkuchcinski.pl\/wp-content\/uploads\/2022\/09\/Marek.jpg\",\"contentUrl\":\"https:\/\/marekkuchcinski.pl\/wp-content\/uploads\/2022\/09\/Marek.jpg\",\"width\":1600,\"height\":971,\"caption\":\"Marek Kuchci\u0144ski\"},\"image\":{\"@id\":\"https:\/\/marekkuchcinski.pl\/#\/schema\/logo\/image\/\"}},{\"@type\":\"Person\",\"@id\":\"https:\/\/marekkuchcinski.pl\/#\/schema\/person\/6f62700996b4d950b6ea2d1183b6c6be\",\"name\":\"admin\",\"image\":{\"@type\":\"ImageObject\",\"inLanguage\":\"sk-SK\",\"@id\":\"https:\/\/marekkuchcinski.pl\/#\/schema\/person\/image\/\",\"url\":\"https:\/\/secure.gravatar.com\/avatar\/4bab693b9d55c3d6b52c0296a8765085?s=96&d=mm&r=g\",\"contentUrl\":\"https:\/\/secure.gravatar.com\/avatar\/4bab693b9d55c3d6b52c0296a8765085?s=96&d=mm&r=g\",\"caption\":\"admin\"},\"url\":\"https:\/\/marekkuchcinski.pl\/sk\/author\/marta-olejnik\/\"}]}<\/script>\n<!-- \/ Yoast SEO plugin. -->","yoast_head_json":{"title":"26. Spotkanie M\u0142odych Archidiecezji Przemyskiej &#8211; Marek Kuchci\u0144ski","robots":{"index":"index","follow":"follow","max-snippet":"max-snippet:-1","max-image-preview":"max-image-preview:large","max-video-preview":"max-video-preview:-1"},"canonical":"https:\/\/marekkuchcinski.pl\/sk\/wydarzenia\/26-spotkanie-mlodych-archidiecezji-przemyskiej\/","og_locale":"sk_SK","og_type":"article","og_title":"26. Spotkanie M\u0142odych Archidiecezji Przemyskiej &#8211; Marek Kuchci\u0144ski","og_description":"Dzi\u015b sercem niedzielnopalmowej Polski by\u0142a Dukla. Na 26. Spotkanie M\u0142odych Archidiecezji Przemyskiej zjecha\u0142o blisko 5 tys. m\u0142odzie\u017cy z Polski, Ukrainy, S\u0142owacji i W\u0119gier, a mszy \u015bw. przewodniczy\u0142 nuncjusz apostolski w Polsce abp Salvatore Pennacchio. Po mszy do zgromadzonych s\u0142owa skierowa\u0142 marsza\u0142ek Sejmu, kt\u00f3ry przypomnia\u0142, \u017ce w lutym br. Sejm ustanowi\u0142 14 kwietnia \u015awi\u0119tem Chrztu Polski [&hellip;]","og_url":"https:\/\/marekkuchcinski.pl\/sk\/wydarzenia\/26-spotkanie-mlodych-archidiecezji-przemyskiej\/","og_site_name":"Marek Kuchci\u0144ski","article_published_time":"2019-04-14T20:18:38+00:00","article_modified_time":"2019-04-17T14:17:36+00:00","og_image":[{"width":2048,"height":1458,"url":"https:\/\/marekkuchcinski.pl\/wp-content\/uploads\/2019\/04\/IMG_0335-1.jpg","type":"image\/jpeg"}],"author":"admin","twitter_card":"summary_large_image","twitter_misc":{"Autor":"admin","Predpokladan\u00fd \u010das \u010d\u00edtania":"2 min\u00faty"},"schema":{"@context":"https:\/\/schema.org","@graph":[{"@type":"Article","@id":"https:\/\/marekkuchcinski.pl\/ro\/wydarzenia\/26-spotkanie-mlodych-archidiecezji-przemyskiej\/#article","isPartOf":{"@id":"https:\/\/marekkuchcinski.pl\/ro\/wydarzenia\/26-spotkanie-mlodych-archidiecezji-przemyskiej\/"},"author":{"name":"admin","@id":"https:\/\/marekkuchcinski.pl\/#\/schema\/person\/6f62700996b4d950b6ea2d1183b6c6be"},"headline":"26. Spotkanie M\u0142odych Archidiecezji Przemyskiej","datePublished":"2019-04-14T20:18:38+00:00","dateModified":"2019-04-17T14:17:36+00:00","mainEntityOfPage":{"@id":"https:\/\/marekkuchcinski.pl\/ro\/wydarzenia\/26-spotkanie-mlodych-archidiecezji-przemyskiej\/"},"wordCount":459,"commentCount":0,"publisher":{"@id":"https:\/\/marekkuchcinski.pl\/#organization"},"image":{"@id":"https:\/\/marekkuchcinski.pl\/ro\/wydarzenia\/26-spotkanie-mlodych-archidiecezji-przemyskiej\/#primaryimage"},"thumbnailUrl":"https:\/\/marekkuchcinski.pl\/wp-content\/uploads\/2019\/04\/IMG_0335-1.jpg","articleSection":["Podkarpacie","Prawo i Sprawiedliwo\u015b\u0107","Wsp\u00f3\u0142praca mi\u0119dzynarodowa","Wydarzenia"],"inLanguage":"sk-SK","potentialAction":[{"@type":"CommentAction","name":"Comment","target":["https:\/\/marekkuchcinski.pl\/ro\/wydarzenia\/26-spotkanie-mlodych-archidiecezji-przemyskiej\/#respond"]}]},{"@type":"WebPage","@id":"https:\/\/marekkuchcinski.pl\/ro\/wydarzenia\/26-spotkanie-mlodych-archidiecezji-przemyskiej\/","url":"https:\/\/marekkuchcinski.pl\/ro\/wydarzenia\/26-spotkanie-mlodych-archidiecezji-przemyskiej\/","name":"26. Spotkanie M\u0142odych Archidiecezji Przemyskiej &#8211; Marek Kuchci\u0144ski","isPartOf":{"@id":"https:\/\/marekkuchcinski.pl\/#website"},"primaryImageOfPage":{"@id":"https:\/\/marekkuchcinski.pl\/ro\/wydarzenia\/26-spotkanie-mlodych-archidiecezji-przemyskiej\/#primaryimage"},"image":{"@id":"https:\/\/marekkuchcinski.pl\/ro\/wydarzenia\/26-spotkanie-mlodych-archidiecezji-przemyskiej\/#primaryimage"},"thumbnailUrl":"https:\/\/marekkuchcinski.pl\/wp-content\/uploads\/2019\/04\/IMG_0335-1.jpg","datePublished":"2019-04-14T20:18:38+00:00","dateModified":"2019-04-17T14:17:36+00:00","breadcrumb":{"@id":"https:\/\/marekkuchcinski.pl\/ro\/wydarzenia\/26-spotkanie-mlodych-archidiecezji-przemyskiej\/#breadcrumb"},"inLanguage":"sk-SK","potentialAction":[{"@type":"ReadAction","target":["https:\/\/marekkuchcinski.pl\/ro\/wydarzenia\/26-spotkanie-mlodych-archidiecezji-przemyskiej\/"]}]},{"@type":"ImageObject","inLanguage":"sk-SK","@id":"https:\/\/marekkuchcinski.pl\/ro\/wydarzenia\/26-spotkanie-mlodych-archidiecezji-przemyskiej\/#primaryimage","url":"https:\/\/marekkuchcinski.pl\/wp-content\/uploads\/2019\/04\/IMG_0335-1.jpg","contentUrl":"https:\/\/marekkuchcinski.pl\/wp-content\/uploads\/2019\/04\/IMG_0335-1.jpg","width":2048,"height":1458},{"@type":"BreadcrumbList","@id":"https:\/\/marekkuchcinski.pl\/ro\/wydarzenia\/26-spotkanie-mlodych-archidiecezji-przemyskiej\/#breadcrumb","itemListElement":[{"@type":"ListItem","position":1,"name":"Strona g\u0142\u00f3wna","item":"https:\/\/marekkuchcinski.pl\/"},{"@type":"ListItem","position":2,"name":"26. Spotkanie M\u0142odych Archidiecezji Przemyskiej"}]},{"@type":"WebSite","@id":"https:\/\/marekkuchcinski.pl\/#website","url":"https:\/\/marekkuchcinski.pl\/","name":"Marek Kuchci\u0144ski","description":"Pose\u0142 na sejm RP &ndash; okr\u0119g nr 22","publisher":{"@id":"https:\/\/marekkuchcinski.pl\/#organization"},"potentialAction":[{"@type":"SearchAction","target":{"@type":"EntryPoint","urlTemplate":"https:\/\/marekkuchcinski.pl\/?s={search_term_string}"},"query-input":{"@type":"PropertyValueSpecification","valueRequired":true,"valueName":"search_term_string"}}],"inLanguage":"sk-SK"},{"@type":"Organization","@id":"https:\/\/marekkuchcinski.pl\/#organization","name":"Marek Kuchci\u0144ski","url":"https:\/\/marekkuchcinski.pl\/","logo":{"@type":"ImageObject","inLanguage":"sk-SK","@id":"https:\/\/marekkuchcinski.pl\/#\/schema\/logo\/image\/","url":"https:\/\/marekkuchcinski.pl\/wp-content\/uploads\/2022\/09\/Marek.jpg","contentUrl":"https:\/\/marekkuchcinski.pl\/wp-content\/uploads\/2022\/09\/Marek.jpg","width":1600,"height":971,"caption":"Marek Kuchci\u0144ski"},"image":{"@id":"https:\/\/marekkuchcinski.pl\/#\/schema\/logo\/image\/"}},{"@type":"Person","@id":"https:\/\/marekkuchcinski.pl\/#\/schema\/person\/6f62700996b4d950b6ea2d1183b6c6be","name":"admin","image":{"@type":"ImageObject","inLanguage":"sk-SK","@id":"https:\/\/marekkuchcinski.pl\/#\/schema\/person\/image\/","url":"https:\/\/secure.gravatar.com\/avatar\/4bab693b9d55c3d6b52c0296a8765085?s=96&d=mm&r=g","contentUrl":"https:\/\/secure.gravatar.com\/avatar\/4bab693b9d55c3d6b52c0296a8765085?s=96&d=mm&r=g","caption":"admin"},"url":"https:\/\/marekkuchcinski.pl\/sk\/author\/marta-olejnik\/"}]}},"_links":{"self":[{"href":"https:\/\/marekkuchcinski.pl\/sk\/wp-json\/wp\/v2\/posts\/14752","targetHints":{"allow":["GET"]}}],"collection":[{"href":"https:\/\/marekkuchcinski.pl\/sk\/wp-json\/wp\/v2\/posts"}],"about":[{"href":"https:\/\/marekkuchcinski.pl\/sk\/wp-json\/wp\/v2\/types\/post"}],"author":[{"embeddable":true,"href":"https:\/\/marekkuchcinski.pl\/sk\/wp-json\/wp\/v2\/users\/6"}],"replies":[{"embeddable":true,"href":"https:\/\/marekkuchcinski.pl\/sk\/wp-json\/wp\/v2\/comments?post=14752"}],"version-history":[{"count":35,"href":"https:\/\/marekkuchcinski.pl\/sk\/wp-json\/wp\/v2\/posts\/14752\/revisions"}],"predecessor-version":[{"id":14946,"href":"https:\/\/marekkuchcinski.pl\/sk\/wp-json\/wp\/v2\/posts\/14752\/revisions\/14946"}],"wp:featuredmedia":[{"embeddable":true,"href":"https:\/\/marekkuchcinski.pl\/sk\/wp-json\/wp\/v2\/media\/14881"}],"wp:attachment":[{"href":"https:\/\/marekkuchcinski.pl\/sk\/wp-json\/wp\/v2\/media?parent=14752"}],"wp:term":[{"taxonomy":"category","embeddable":true,"href":"https:\/\/marekkuchcinski.pl\/sk\/wp-json\/wp\/v2\/categories?post=14752"},{"taxonomy":"post_tag","embeddable":true,"href":"https:\/\/marekkuchcinski.pl\/sk\/wp-json\/wp\/v2\/tags?post=14752"}],"curies":[{"name":"wp","href":"https:\/\/api.w.org\/{rel}","templated":true}]}}