{"id":14714,"date":"2019-04-12T10:20:16","date_gmt":"2019-04-12T08:20:16","guid":{"rendered":"https:\/\/marekkuchcinski.pl\/?p=14714"},"modified":"2019-04-12T13:37:59","modified_gmt":"2019-04-12T11:37:59","slug":"rzad-prawa-i-sprawiedliwosci-wzmacnia-klase-srednia-wyklad-premiera-morawieckiego-w-tk","status":"publish","type":"post","link":"https:\/\/marekkuchcinski.pl\/sk\/wydarzenia\/rzad-prawa-i-sprawiedliwosci-wzmacnia-klase-srednia-wyklad-premiera-morawieckiego-w-tk\/","title":{"rendered":"Vl\u00e1da PiS posil\u0148uje stredn\u00fa triedu. Predn\u00e1\u0161ka premi\u00e9ra Morawieck\u00e9ho na TK"},"content":{"rendered":"<p class=\"wp-block-paragraph\">Predseda vl\u00e1dy predniesol predn\u00e1\u0161ku na \u00dastavnom s\u00fade\ns n\u00e1zvom. \"Demokratick\u00fd kapitalizmus pre v\u0161etk\u00fdch, nie pre nieko\u013ek\u00fdch\".&nbsp;<\/p>\n\n\n\n<p class=\"wp-block-paragraph\">Premi\u00e9r zd\u00f4raznil, \u017ee vl\u00e1da podnik\u00e1 kroky na\nzv\u00fd\u0161i\u0165 dosah strednej triedy v Po\u013esku. Ako zd\u00f4raznil, je potrebn\u00e9 h\u013eada\u0165\ntzv. tretia cesta - demokratick\u00fd kapitalizmus. Ide o typ\norganiz\u00e1cia \u0161t\u00e1tu a trhu, ktor\u00e1 pri zachovan\u00ed kapitalistick\u00e9ho hospod\u00e1rstva posil\u0148uje demokraciu.\nposil\u0148uje demokraciu. Pr\u00e1ve demokratick\u00fd kapitalizmus je z\u00e1kladom hospod\u00e1rskeho \u00faspechu\nhospod\u00e1rsky \u00faspech z\u00e1padn\u00fdch kraj\u00edn,\" povedal Mateusz\nMorawiecki. Posilnenie demokratick\u00fdch princ\u00edpov vo\u013en\u00e9ho trhu je najlep\u0161\u00edm\nmy\u0161lienka hospod\u00e1rskeho rozvoja,\" dodal.<\/p>\n\n\n\n<p class=\"wp-block-paragraph\">Premi\u00e9r zd\u00f4raznil, \u017ee vl\u00e1da udr\u017eiava po\u013esk\u00fa menu ako\nd\u00f4le\u017eit\u00fdm prvkom hospod\u00e1rskej politiky. Ako zhodnotil, prijatie eura a \u00fa\u010dinky\ntak\u00e9hoto kroku bude z\u00e1visie\u0165 od \u00farovne hospod\u00e1rskeho rozvoja krajiny a \u0161trukt\u00fary jej hospod\u00e1rstva.\nhospod\u00e1rsky rozvoj danej krajiny a \u0161trukt\u00faru jej hospod\u00e1rstva.<\/p>\n\n\n\n<p class=\"wp-block-paragraph\">Predseda vl\u00e1dy zd\u00f4raznil, \u017ee Po\u013esko svoj\u00edm hlasovan\u00edm v Eur\u00f3pskej rade\nEur\u00f3pska rada sa sna\u017e\u00ed bojova\u0165 proti da\u0148ov\u00fdm rajom, ktor\u00e9 sa vyu\u017e\u00edvaj\u00fa\nve\u013ek\u00fdmi spolo\u010dnos\u0165ami.<\/p>\n\n\n\n<p class=\"wp-block-paragraph\">Mateusz Morawiecki pripomenul, \u017ee Eur\u00f3pska komisia ve\u013emi pozit\u00edvne hodnot\u00ed n\u00e1\u0161 hospod\u00e1rsky a soci\u00e1lny model, ktor\u00fd odstr\u00e1nil chudobu det\u00ed a vyl\u00fa\u010den\u00e9 skupiny za\u010dlenil do hlavn\u00e9ho pr\u00fadu spolo\u010dnosti.<\/p>\n\n\n\n<p class=\"wp-block-paragraph\"><em>zdroj: KPRM<\/em><\/p>\n\n\n\n<p class=\"wp-block-paragraph\"><em>Foto: Marta Olejnik<\/em><\/p>\n\n\n\n<p class=\"wp-block-paragraph\"><\/p>\n\n\n\n<figure class=\"wp-block-image\"><img fetchpriority=\"high\" decoding=\"async\" width=\"1024\" height=\"683\" src=\"https:\/\/marekkuchcinski.pl\/wp-content\/uploads\/2019\/04\/IMG_9234-1024x683.jpg\" alt=\"\" class=\"wp-image-14718\" srcset=\"https:\/\/marekkuchcinski.pl\/wp-content\/uploads\/2019\/04\/IMG_9234-1024x683.jpg 1024w, https:\/\/marekkuchcinski.pl\/wp-content\/uploads\/2019\/04\/IMG_9234-300x200.jpg 300w, https:\/\/marekkuchcinski.pl\/wp-content\/uploads\/2019\/04\/IMG_9234-768x512.jpg 768w, https:\/\/marekkuchcinski.pl\/wp-content\/uploads\/2019\/04\/IMG_9234.jpg 2048w\" sizes=\"(max-width: 1024px) 100vw, 1024px\" \/><\/figure>\n\n\n\n<figure class=\"wp-block-image\"><img decoding=\"async\" width=\"1024\" height=\"858\" src=\"https:\/\/marekkuchcinski.pl\/wp-content\/uploads\/2019\/04\/IMG_9110-1024x858.jpg\" alt=\"\" class=\"wp-image-14719\" srcset=\"https:\/\/marekkuchcinski.pl\/wp-content\/uploads\/2019\/04\/IMG_9110-1024x858.jpg 1024w, https:\/\/marekkuchcinski.pl\/wp-content\/uploads\/2019\/04\/IMG_9110-300x251.jpg 300w, https:\/\/marekkuchcinski.pl\/wp-content\/uploads\/2019\/04\/IMG_9110-768x643.jpg 768w, https:\/\/marekkuchcinski.pl\/wp-content\/uploads\/2019\/04\/IMG_9110.jpg 2048w\" sizes=\"(max-width: 1024px) 100vw, 1024px\" \/><\/figure>\n\n\n\n<figure class=\"wp-block-image\"><img decoding=\"async\" width=\"1024\" height=\"725\" src=\"https:\/\/marekkuchcinski.pl\/wp-content\/uploads\/2019\/04\/IMG_9117-1024x725.jpg\" alt=\"\" class=\"wp-image-14720\" srcset=\"https:\/\/marekkuchcinski.pl\/wp-content\/uploads\/2019\/04\/IMG_9117-1024x725.jpg 1024w, https:\/\/marekkuchcinski.pl\/wp-content\/uploads\/2019\/04\/IMG_9117-300x212.jpg 300w, https:\/\/marekkuchcinski.pl\/wp-content\/uploads\/2019\/04\/IMG_9117-768x544.jpg 768w, https:\/\/marekkuchcinski.pl\/wp-content\/uploads\/2019\/04\/IMG_9117.jpg 2048w\" sizes=\"(max-width: 1024px) 100vw, 1024px\" \/><\/figure>\n\n\n\n<figure class=\"wp-block-image\"><img loading=\"lazy\" decoding=\"async\" width=\"1024\" height=\"746\" src=\"https:\/\/marekkuchcinski.pl\/wp-content\/uploads\/2019\/04\/IMG_9118-1024x746.jpg\" alt=\"\" class=\"wp-image-14721\" srcset=\"https:\/\/marekkuchcinski.pl\/wp-content\/uploads\/2019\/04\/IMG_9118-1024x746.jpg 1024w, https:\/\/marekkuchcinski.pl\/wp-content\/uploads\/2019\/04\/IMG_9118-300x219.jpg 300w, https:\/\/marekkuchcinski.pl\/wp-content\/uploads\/2019\/04\/IMG_9118-768x559.jpg 768w, https:\/\/marekkuchcinski.pl\/wp-content\/uploads\/2019\/04\/IMG_9118.jpg 2048w\" sizes=\"(max-width: 1024px) 100vw, 1024px\" \/><\/figure>\n\n\n\n<figure class=\"wp-block-image\"><img loading=\"lazy\" decoding=\"async\" width=\"1024\" height=\"681\" src=\"https:\/\/marekkuchcinski.pl\/wp-content\/uploads\/2019\/04\/IMG_9162-1024x681.jpg\" alt=\"\" class=\"wp-image-14722\" srcset=\"https:\/\/marekkuchcinski.pl\/wp-content\/uploads\/2019\/04\/IMG_9162-1024x681.jpg 1024w, https:\/\/marekkuchcinski.pl\/wp-content\/uploads\/2019\/04\/IMG_9162-300x199.jpg 300w, https:\/\/marekkuchcinski.pl\/wp-content\/uploads\/2019\/04\/IMG_9162-768x511.jpg 768w, https:\/\/marekkuchcinski.pl\/wp-content\/uploads\/2019\/04\/IMG_9162.jpg 2048w\" sizes=\"(max-width: 1024px) 100vw, 1024px\" \/><\/figure>\n\n\n\n<figure class=\"wp-block-image\"><img loading=\"lazy\" decoding=\"async\" width=\"1024\" height=\"706\" src=\"https:\/\/marekkuchcinski.pl\/wp-content\/uploads\/2019\/04\/IMG_9172-1024x706.jpg\" alt=\"\" class=\"wp-image-14723\" srcset=\"https:\/\/marekkuchcinski.pl\/wp-content\/uploads\/2019\/04\/IMG_9172-1024x706.jpg 1024w, https:\/\/marekkuchcinski.pl\/wp-content\/uploads\/2019\/04\/IMG_9172-300x207.jpg 300w, https:\/\/marekkuchcinski.pl\/wp-content\/uploads\/2019\/04\/IMG_9172-768x530.jpg 768w, https:\/\/marekkuchcinski.pl\/wp-content\/uploads\/2019\/04\/IMG_9172.jpg 2048w\" sizes=\"(max-width: 1024px) 100vw, 1024px\" \/><\/figure>\n\n\n\n<figure class=\"wp-block-image\"><img loading=\"lazy\" decoding=\"async\" width=\"1024\" height=\"692\" src=\"https:\/\/marekkuchcinski.pl\/wp-content\/uploads\/2019\/04\/IMG_9176-1024x692.jpg\" alt=\"\" class=\"wp-image-14724\" srcset=\"https:\/\/marekkuchcinski.pl\/wp-content\/uploads\/2019\/04\/IMG_9176-1024x692.jpg 1024w, https:\/\/marekkuchcinski.pl\/wp-content\/uploads\/2019\/04\/IMG_9176-300x203.jpg 300w, https:\/\/marekkuchcinski.pl\/wp-content\/uploads\/2019\/04\/IMG_9176-768x519.jpg 768w, https:\/\/marekkuchcinski.pl\/wp-content\/uploads\/2019\/04\/IMG_9176.jpg 2048w\" sizes=\"(max-width: 1024px) 100vw, 1024px\" \/><\/figure>\n\n\n\n<figure class=\"wp-block-image\"><img loading=\"lazy\" decoding=\"async\" width=\"1024\" height=\"707\" src=\"https:\/\/marekkuchcinski.pl\/wp-content\/uploads\/2019\/04\/IMG_9263-1024x707.jpg\" alt=\"\" class=\"wp-image-14725\" srcset=\"https:\/\/marekkuchcinski.pl\/wp-content\/uploads\/2019\/04\/IMG_9263-1024x707.jpg 1024w, https:\/\/marekkuchcinski.pl\/wp-content\/uploads\/2019\/04\/IMG_9263-300x207.jpg 300w, https:\/\/marekkuchcinski.pl\/wp-content\/uploads\/2019\/04\/IMG_9263-768x530.jpg 768w, https:\/\/marekkuchcinski.pl\/wp-content\/uploads\/2019\/04\/IMG_9263.jpg 2048w\" sizes=\"(max-width: 1024px) 100vw, 1024px\" \/><\/figure>\n\n\n\n<figure class=\"wp-block-image\"><img loading=\"lazy\" decoding=\"async\" width=\"1024\" height=\"683\" src=\"https:\/\/marekkuchcinski.pl\/wp-content\/uploads\/2019\/04\/IMG_9301-1024x683.jpg\" alt=\"\" class=\"wp-image-14726\" srcset=\"https:\/\/marekkuchcinski.pl\/wp-content\/uploads\/2019\/04\/IMG_9301-1024x683.jpg 1024w, https:\/\/marekkuchcinski.pl\/wp-content\/uploads\/2019\/04\/IMG_9301-300x200.jpg 300w, https:\/\/marekkuchcinski.pl\/wp-content\/uploads\/2019\/04\/IMG_9301-768x512.jpg 768w, https:\/\/marekkuchcinski.pl\/wp-content\/uploads\/2019\/04\/IMG_9301.jpg 2048w\" sizes=\"(max-width: 1024px) 100vw, 1024px\" \/><\/figure>","protected":false},"excerpt":{"rendered":"<p>Szef rz\u0105du wyg\u0142osi\u0142 w Trybunale Konstytucyjnym wyk\u0142ad pt.&nbsp;\u201eDemokratyczny kapitalizm dla wszystkich, a nie dla nielicznych\u201d.&nbsp; Premier podkre\u015bli\u0142, \u017ce rz\u0105d podejmuje dzia\u0142ania maj\u0105ce na celu wzrost zasi\u0119gu klasy \u015bredniej w Polsce. Jak zaznaczy\u0142, nale\u017cy poszukiwa\u0107 tzw. trzeciej drogi \u2013 kapitalizmu demokratycznego. Chodzi o taki rodzaj organizacji pa\u0144stwa i rynku, kt\u00f3ry z zachowaniem kapitalistycznej gospodarki wzmacnia demokracj\u0119.&nbsp;To [&hellip;]<\/p>\n","protected":false},"author":6,"featured_media":0,"comment_status":"open","ping_status":"open","sticky":false,"template":"","format":"standard","meta":{"ngg_post_thumbnail":0,"footnotes":""},"categories":[82,3],"tags":[],"class_list":["post-14714","post","type-post","status-publish","format-standard","hentry","category-prawo-i-sprawiedliwosc","category-wydarzenia"],"_links":{"self":[{"href":"https:\/\/marekkuchcinski.pl\/sk\/wp-json\/wp\/v2\/posts\/14714","targetHints":{"allow":["GET"]}}],"collection":[{"href":"https:\/\/marekkuchcinski.pl\/sk\/wp-json\/wp\/v2\/posts"}],"about":[{"href":"https:\/\/marekkuchcinski.pl\/sk\/wp-json\/wp\/v2\/types\/post"}],"author":[{"embeddable":true,"href":"https:\/\/marekkuchcinski.pl\/sk\/wp-json\/wp\/v2\/users\/6"}],"replies":[{"embeddable":true,"href":"https:\/\/marekkuchcinski.pl\/sk\/wp-json\/wp\/v2\/comments?post=14714"}],"version-history":[{"count":4,"href":"https:\/\/marekkuchcinski.pl\/sk\/wp-json\/wp\/v2\/posts\/14714\/revisions"}],"predecessor-version":[{"id":14727,"href":"https:\/\/marekkuchcinski.pl\/sk\/wp-json\/wp\/v2\/posts\/14714\/revisions\/14727"}],"wp:attachment":[{"href":"https:\/\/marekkuchcinski.pl\/sk\/wp-json\/wp\/v2\/media?parent=14714"}],"wp:term":[{"taxonomy":"category","embeddable":true,"href":"https:\/\/marekkuchcinski.pl\/sk\/wp-json\/wp\/v2\/categories?post=14714"},{"taxonomy":"post_tag","embeddable":true,"href":"https:\/\/marekkuchcinski.pl\/sk\/wp-json\/wp\/v2\/tags?post=14714"}],"curies":[{"name":"wp","href":"https:\/\/api.w.org\/{rel}","templated":true}]}}