{"id":14701,"date":"2019-04-12T12:01:19","date_gmt":"2019-04-12T10:01:19","guid":{"rendered":"https:\/\/marekkuchcinski.pl\/?p=14701"},"modified":"2019-04-12T13:55:19","modified_gmt":"2019-04-12T11:55:19","slug":"wielkanocne-spotkanie-prawa-i-sprawiedliwosci","status":"publish","type":"post","link":"https:\/\/marekkuchcinski.pl\/sk\/wydarzenia\/wielkanocne-spotkanie-prawa-i-sprawiedliwosci\/","title":{"rendered":"Ve\u013ekono\u010dn\u00e9 stretnutie strany Pr\u00e1vo a spravodlivos\u0165"},"content":{"rendered":"<p class=\"wp-block-paragraph\">Poslanci za stranu Pr\u00e1vo a spravodlivos\u0165 sa stretli v Sejme, aby vyslovili ve\u013ekono\u010dn\u00e9 \u017eelania. Predseda PiS Jaros\u0142aw Kaczy\u0144ski zd\u00f4raznil, \u017ee ide o mimoriadne sviatky, preto\u017ee s\u00fa bl\u00edzke \u010dinnosti, ktor\u00e1 je zmyslom politick\u00fdch str\u00e1n, a to volebnej kampani. <\/p>\n\n\n\n<p class=\"wp-block-paragraph\">Z\u00fa\u010dastnen\u00fdm za\u017eelal, aby tento \u010das bol pln\u00fd dobr\u00fdch udalost\u00ed, pr\u00e1ce, n\u00e1deje a odhodlania, ktor\u00e9 prines\u00fa \u00faspe\u0161n\u00e9 v\u00fdsledky pre pr\u00e1vo a spravodlivos\u0165.  <\/p>\n\n\n\n<figure class=\"wp-block-image\"><img fetchpriority=\"high\" decoding=\"async\" width=\"1024\" height=\"655\" src=\"https:\/\/marekkuchcinski.pl\/wp-content\/uploads\/2019\/04\/IMG_9362-1024x655.jpg\" alt=\"\" class=\"wp-image-14707\" srcset=\"https:\/\/marekkuchcinski.pl\/wp-content\/uploads\/2019\/04\/IMG_9362-1024x655.jpg 1024w, https:\/\/marekkuchcinski.pl\/wp-content\/uploads\/2019\/04\/IMG_9362-300x192.jpg 300w, https:\/\/marekkuchcinski.pl\/wp-content\/uploads\/2019\/04\/IMG_9362-768x492.jpg 768w, https:\/\/marekkuchcinski.pl\/wp-content\/uploads\/2019\/04\/IMG_9362.jpg 2048w\" sizes=\"(max-width: 1024px) 100vw, 1024px\" \/><\/figure>\n\n\n\n<figure class=\"wp-block-image\"><img decoding=\"async\" width=\"1024\" height=\"761\" src=\"https:\/\/marekkuchcinski.pl\/wp-content\/uploads\/2019\/04\/na-wwew-jako-1024x761.jpg\" alt=\"\" class=\"wp-image-14730\" srcset=\"https:\/\/marekkuchcinski.pl\/wp-content\/uploads\/2019\/04\/na-wwew-jako-1024x761.jpg 1024w, https:\/\/marekkuchcinski.pl\/wp-content\/uploads\/2019\/04\/na-wwew-jako-300x223.jpg 300w, https:\/\/marekkuchcinski.pl\/wp-content\/uploads\/2019\/04\/na-wwew-jako-768x571.jpg 768w, https:\/\/marekkuchcinski.pl\/wp-content\/uploads\/2019\/04\/na-wwew-jako.jpg 2048w\" sizes=\"(max-width: 1024px) 100vw, 1024px\" \/><\/figure>","protected":false},"excerpt":{"rendered":"<p>Parlamentarzy\u015bci Prawa i Sprawiedliwo\u015bci spotkali si\u0119 w Sejmie, by z\u0142o\u017cy\u0107 sobie wielkanocne \u017cyczenia. Prezes PiS Jaros\u0142aw Kaczy\u0144ski podkre\u015bla\u0142, \u017ce s\u0105 to \u015bwi\u0119ta szczeg\u00f3lne, bo blisko dzia\u0142alno\u015bci, kt\u00f3ra jest sensem partii politycznych, czyli kampanii wyborczej. Zebranym \u017cyczy\u0142, by ten czas by\u0142 pe\u0142en dobrych wydarze\u0144, pracy, nadziei i determinacji, kt\u00f3re przynios\u0105 pomy\u015blne dla PiS-u efekty.<\/p>","protected":false},"author":6,"featured_media":14706,"comment_status":"open","ping_status":"open","sticky":false,"template":"","format":"standard","meta":{"ngg_post_thumbnail":0,"footnotes":""},"categories":[82,3],"tags":[],"class_list":["post-14701","post","type-post","status-publish","format-standard","has-post-thumbnail","hentry","category-prawo-i-sprawiedliwosc","category-wydarzenia"],"_links":{"self":[{"href":"https:\/\/marekkuchcinski.pl\/sk\/wp-json\/wp\/v2\/posts\/14701","targetHints":{"allow":["GET"]}}],"collection":[{"href":"https:\/\/marekkuchcinski.pl\/sk\/wp-json\/wp\/v2\/posts"}],"about":[{"href":"https:\/\/marekkuchcinski.pl\/sk\/wp-json\/wp\/v2\/types\/post"}],"author":[{"embeddable":true,"href":"https:\/\/marekkuchcinski.pl\/sk\/wp-json\/wp\/v2\/users\/6"}],"replies":[{"embeddable":true,"href":"https:\/\/marekkuchcinski.pl\/sk\/wp-json\/wp\/v2\/comments?post=14701"}],"version-history":[{"count":5,"href":"https:\/\/marekkuchcinski.pl\/sk\/wp-json\/wp\/v2\/posts\/14701\/revisions"}],"predecessor-version":[{"id":14731,"href":"https:\/\/marekkuchcinski.pl\/sk\/wp-json\/wp\/v2\/posts\/14701\/revisions\/14731"}],"wp:featuredmedia":[{"embeddable":true,"href":"https:\/\/marekkuchcinski.pl\/sk\/wp-json\/wp\/v2\/media\/14706"}],"wp:attachment":[{"href":"https:\/\/marekkuchcinski.pl\/sk\/wp-json\/wp\/v2\/media?parent=14701"}],"wp:term":[{"taxonomy":"category","embeddable":true,"href":"https:\/\/marekkuchcinski.pl\/sk\/wp-json\/wp\/v2\/categories?post=14701"},{"taxonomy":"post_tag","embeddable":true,"href":"https:\/\/marekkuchcinski.pl\/sk\/wp-json\/wp\/v2\/tags?post=14701"}],"curies":[{"name":"wp","href":"https:\/\/api.w.org\/{rel}","templated":true}]}}