{"id":14644,"date":"2019-04-10T14:31:10","date_gmt":"2019-04-10T12:31:10","guid":{"rendered":"https:\/\/marekkuchcinski.pl\/?p=14644"},"modified":"2019-04-10T14:31:12","modified_gmt":"2019-04-10T12:31:12","slug":"ketrzyn-uroczystosci-upamietniajace-ofiary-katastrofy-pod-smolenskiem","status":"publish","type":"post","link":"https:\/\/marekkuchcinski.pl\/sk\/bez-kategorii\/lms\/ketrzyn-uroczystosci-upamietniajace-ofiary-katastrofy-pod-smolenskiem\/","title":{"rendered":"K\u0119trzyn. Spomienkov\u00e9 sl\u00e1vnosti za obete smolenskej katastrofy"},"content":{"rendered":"<p class=\"wp-block-paragraph\"><em> <strong>P\u00e1n<\/strong><\/em><strong><em> Stanislaw Tolwi\u0144ski<\/em><\/strong><\/p>\n\n\n\n<p class=\"wp-block-paragraph\"><strong><em>Prezident <\/em><\/strong><strong><em>Aeroklub Lake District<\/em><\/strong><\/p>\n\n\n\n<p class=\"wp-block-paragraph\"><em>&nbsp;&nbsp;&nbsp;&nbsp;&nbsp;&nbsp;&nbsp;&nbsp;&nbsp;&nbsp;&nbsp; Sir\nPredseda,<\/em><\/p>\n\n\n\n<p class=\"wp-block-paragraph\"><em>&nbsp;&nbsp;&nbsp;&nbsp;&nbsp;&nbsp;&nbsp;&nbsp;&nbsp;&nbsp;&nbsp; ve\u013emi\n\u010eakujem za pozvanie na spomienkov\u00fa sl\u00e1vnos\u0165 \"Obete smolenskej katastrofy\".\n<\/em><\/p>\n\n\n\n<p class=\"wp-block-paragraph\"><em>D\u0148a 10. apr\u00edla 2010 zomreli tieto osoby\nPrezident Po\u013eska Lech Kaczy\u0144ski a dev\u00e4\u0165desiatp\u00e4\u0165 z\u00e1stupcov\nPo\u013eskej republiky, ktor\u00ed boli na ceste na sl\u00e1vnos\u0165 v Katynskom lese. Hav\u00e1ria\npri Smolensku bola ve\u013ekou ranou pre cel\u00fd po\u013esk\u00fd n\u00e1rod. \u013dudia, ktor\u00ed v \u0148om zomreli\nosoby zast\u00e1vaj\u00face najvy\u0161\u0161ie funkcie v \u0161t\u00e1te, ako aj \u013eudia, ktor\u00ed sa venovali\nvysvetli\u0165 zlo\u010diny na po\u013esk\u00fdch ob\u010danoch - obetiach stalinsk\u00e9ho re\u017eimu.<\/em><\/p>\n\n\n\n<p class=\"wp-block-paragraph\"><em>Dne\u0161n\u00fd obrad zvl\u00e1\u0161tnym sp\u00f4sobom\nn\u00e1s sp\u00e1ja zvl\u00e1\u0161tnym sp\u00f4sobom, vyvol\u00e1va hlbok\u00e9 pocity a bolestn\u00e9\nreflexie. Napriek tomu, \u017ee \u010das pokro\u010dil, st\u00e1le n\u00e1s ve\u013emi ovplyv\u0148uje tento ve\u013ek\u00fd,\nT\u00e1to ve\u013ek\u00e1 a nenapravite\u013en\u00e1 strata n\u00e1s st\u00e1le ve\u013emi zasahuje a v na\u0161ich srdciach je sm\u00fatok a \u017eia\u013e. St\u00e1le je to pre n\u00e1s \u0165a\u017ek\u00e9\nSt\u00e1le je pre n\u00e1s \u0165a\u017ek\u00e9 spom\u00edna\u0165 bez em\u00f3ci\u00ed na t\u00fdch, ktor\u00ed tragicky zahynuli, na na\u0161ich bl\u00edzkych - priate\u013eov, zn\u00e1mych.\npriate\u013eov a zn\u00e1mych. V\u0161etci oddane sl\u00fa\u017eili Po\u013eskej republike a\nV\u0161etci obetovali svoje \u017eivoty v slu\u017ebe republike. Sp\u00e1jala ich starostlivos\u0165 o Po\u013esko a\nvlasteneck\u00e9 hodnoty. Preto je na\u0161ou povinnos\u0165ou\npestova\u0165 pamiatku s\u00fa\u010dasn\u00fdch hrdinov. C\u00edtime sa povinn\u00ed pokra\u010dova\u0165\nIch pr\u00e1ca - ne\u00fanavn\u00e1 pr\u00e1ca pre dobro na\u0161ej vlasti a jej\na jej ob\u010danov, ako aj podpora najlep\u0161\u00edch vlasteneck\u00fdch postojov medzi mladou gener\u00e1ciou.\nvlasteneck\u00e9 postoje mladej gener\u00e1cie. <\/em><\/p>\n\n\n\n<p class=\"wp-block-paragraph\"><em>&nbsp;&nbsp;&nbsp;&nbsp;&nbsp;&nbsp;&nbsp;&nbsp;&nbsp;&nbsp;&nbsp; Chcel by som\nvyjadri\u0165 svoje uznanie a srde\u010dn\u00e9 po\u010fakovanie v\u0161etk\u00fdm, ktor\u00ed sa podie\u013eali na pr\u00edprave\npr\u00edprava obradu. D\u00fafam, \u017ee dne\u0161n\u00e9 oslavy bud\u00fa pre v\u0161etk\u00fdch \u00fa\u010dastn\u00edkov\n\u010das na zamyslenie a prem\u00fd\u0161\u013eanie. <\/em><\/p>\n\n\n\n<p class=\"wp-block-paragraph\"><em>Ke\u010f sa k v\u00e1m prip\u00e1jam\nzvl\u00e1\u0161tny okamih, srde\u010dne pozdravujem a zost\u00e1vam s\nre\u0161pektova\u0165. <\/em><\/p>\n\n\n\n<p class=\"wp-block-paragraph\"><em>&nbsp;&nbsp;&nbsp;&nbsp;&nbsp;&nbsp;&nbsp;&nbsp;&nbsp;&nbsp;&nbsp;&nbsp;&nbsp;&nbsp;&nbsp;&nbsp;&nbsp;&nbsp;&nbsp;&nbsp;&nbsp;&nbsp;&nbsp;&nbsp;&nbsp;&nbsp;&nbsp;&nbsp;&nbsp;&nbsp;&nbsp;&nbsp;&nbsp;&nbsp;&nbsp; &nbsp;&nbsp;&nbsp;&nbsp;&nbsp;&nbsp;&nbsp;&nbsp;&nbsp;&nbsp;&nbsp;&nbsp;&nbsp;&nbsp;&nbsp;&nbsp;&nbsp;&nbsp;&nbsp;&nbsp;&nbsp;&nbsp;&nbsp;&nbsp;&nbsp;&nbsp;&nbsp;&nbsp;&nbsp;&nbsp;&nbsp;&nbsp;&nbsp;&nbsp;&nbsp;&nbsp;&nbsp;&nbsp;&nbsp;&nbsp;&nbsp;&nbsp;&nbsp;&nbsp;&nbsp;&nbsp;&nbsp;&nbsp;&nbsp;&nbsp;&nbsp;&nbsp;&nbsp;&nbsp;&nbsp;&nbsp;&nbsp;&nbsp; &nbsp; Marek Kuchci\u0144ski<\/em><\/p>","protected":false},"excerpt":{"rendered":"<p>Pan Stanis\u0142aw To\u0142wi\u0144ski Prezes Aeroklubu Krainy Jezior &nbsp;&nbsp;&nbsp;&nbsp;&nbsp;&nbsp;&nbsp;&nbsp;&nbsp;&nbsp;&nbsp; Szanowny Panie Prezesie, &nbsp;&nbsp;&nbsp;&nbsp;&nbsp;&nbsp;&nbsp;&nbsp;&nbsp;&nbsp;&nbsp; bardzo dzi\u0119kuj\u0119 za zaproszenie na uroczysto\u015bci upami\u0119tniaj\u0105ce \u201eOfiary katastrofy pod&nbsp;Smole\u0144skiem\u201d. 10 kwietnia 2010 roku zgin\u0105\u0142 Prezydent Polski Lech Kaczy\u0144ski i dziewi\u0119\u0107dziesi\u0119ciu pi\u0119ciu przedstawicieli Rzeczypospolitej, zmierzaj\u0105cych na uroczysto\u015bci w Lesie Katy\u0144skim. Katastrofa pod Smole\u0144skiem by\u0142a wielkim ciosem dla ca\u0142ego narodu polskiego. Zgin\u0119\u0142y w niej [&hellip;]<\/p>\n","protected":false},"author":6,"featured_media":13506,"comment_status":"open","ping_status":"open","sticky":false,"template":"","format":"standard","meta":{"ngg_post_thumbnail":0,"footnotes":""},"categories":[104],"tags":[],"class_list":["post-14644","post","type-post","status-publish","format-standard","has-post-thumbnail","hentry","category-lms"],"_links":{"self":[{"href":"https:\/\/marekkuchcinski.pl\/sk\/wp-json\/wp\/v2\/posts\/14644","targetHints":{"allow":["GET"]}}],"collection":[{"href":"https:\/\/marekkuchcinski.pl\/sk\/wp-json\/wp\/v2\/posts"}],"about":[{"href":"https:\/\/marekkuchcinski.pl\/sk\/wp-json\/wp\/v2\/types\/post"}],"author":[{"embeddable":true,"href":"https:\/\/marekkuchcinski.pl\/sk\/wp-json\/wp\/v2\/users\/6"}],"replies":[{"embeddable":true,"href":"https:\/\/marekkuchcinski.pl\/sk\/wp-json\/wp\/v2\/comments?post=14644"}],"version-history":[{"count":1,"href":"https:\/\/marekkuchcinski.pl\/sk\/wp-json\/wp\/v2\/posts\/14644\/revisions"}],"predecessor-version":[{"id":14645,"href":"https:\/\/marekkuchcinski.pl\/sk\/wp-json\/wp\/v2\/posts\/14644\/revisions\/14645"}],"wp:featuredmedia":[{"embeddable":true,"href":"https:\/\/marekkuchcinski.pl\/sk\/wp-json\/wp\/v2\/media\/13506"}],"wp:attachment":[{"href":"https:\/\/marekkuchcinski.pl\/sk\/wp-json\/wp\/v2\/media?parent=14644"}],"wp:term":[{"taxonomy":"category","embeddable":true,"href":"https:\/\/marekkuchcinski.pl\/sk\/wp-json\/wp\/v2\/categories?post=14644"},{"taxonomy":"post_tag","embeddable":true,"href":"https:\/\/marekkuchcinski.pl\/sk\/wp-json\/wp\/v2\/tags?post=14644"}],"curies":[{"name":"wp","href":"https:\/\/api.w.org\/{rel}","templated":true}]}}