{"id":14587,"date":"2019-04-07T19:59:43","date_gmt":"2019-04-07T17:59:43","guid":{"rendered":"https:\/\/marekkuchcinski.pl\/?p=14587"},"modified":"2019-04-07T20:06:19","modified_gmt":"2019-04-07T18:06:19","slug":"uroczyste-obchody-upamietniajace-9-rocznice-tragedii-smolenskiej-i-79-rocznice-mordu-katynskiego","status":"publish","type":"post","link":"https:\/\/marekkuchcinski.pl\/sk\/bez-kategorii\/lms\/uroczyste-obchody-upamietniajace-9-rocznice-tragedii-smolenskiej-i-79-rocznice-mordu-katynskiego\/","title":{"rendered":"Sl\u00e1vnostn\u00e1 spomienka na 9. v\u00fdro\u010die smolenskej trag\u00e9die a 79. v\u00fdro\u010die katy\u0148skej masakry"},"content":{"rendered":"<p class=\"wp-block-paragraph\"><strong>&nbsp;&nbsp; Barbara Bartu\u015b<\/strong><\/p>\n\n\n\n<p class=\"wp-block-paragraph\"><strong>&nbsp;&nbsp; Poslanec po\u013esk\u00e9ho parlamentu<\/strong><\/p>\n\n\n\n<p class=\"wp-block-paragraph\"><strong>&nbsp;&nbsp; Okresn\u00e1 rada <\/strong><\/p>\n\n\n\n<p class=\"wp-block-paragraph\"><strong>&nbsp;&nbsp; Pr\u00e1vo a spravodlivos\u0165 <\/strong><\/p>\n\n\n\n<p class=\"wp-block-paragraph\"><strong>&nbsp;&nbsp; v Gorliciach<\/strong><\/p>\n\n\n\n<p class=\"wp-block-paragraph\"><strong>&nbsp;&nbsp; Zdru\u017eenie Na\u0161e mesto <\/strong><\/p>\n\n\n\n<p class=\"wp-block-paragraph\">D\u00e1my a p\u00e1ni, <\/p>\n\n\n\n<p class=\"wp-block-paragraph\">\u010fakujeme za pozvanie na sl\u00e1vnostn\u00fa spomienku pri pr\u00edle\u017eitosti 9. v\u00fdro\u010dia\nSmolenskej trag\u00e9die a 79. v\u00fdro\u010die Katy\u0148skej masakry. <\/p>\n\n\n\n<p class=\"wp-block-paragraph\"><a>Modlitbov\u00e9 snenie jedine\u010dn\u00fdm sp\u00f4sobom zjednocuje\nveriaci, p<\/a>Podujatie je pripomienkou na\u0161ich spolo\u010dn\u00fdch my\u0161lienok a zamyslen\u00edm sa nad\nNa\u0161a \u0165a\u017ek\u00e1 hist\u00f3ria, ako aj \u013eudia, ktor\u00fdch sp\u00e1jala starostlivos\u0165 o dobro vlasti a oddanos\u0165 vlasteneck\u00fdm hodnot\u00e1m.\nvlasti a oddanos\u0165 vlasteneck\u00fdm hodnot\u00e1m. <\/p>\n\n\n\n<p class=\"wp-block-paragraph\">V tento v\u00fdro\u010dn\u00fd de\u0148 si pripom\u00edname pamiatku zosnul\u00e9ho prezidenta Po\u013eskej republiky profesora Lecha\nKaczy\u0144ski a jeho man\u017eelka Maria a v\u0161etky obete katastrofy v Smolensku\nSmolensk\u00e1 katastrofa. Viac ako zvy\u010dajne poci\u0165ujeme pr\u00e1zdnotu, ktor\u00fa zanechali na\u0161i priatelia, drah\u00ed na\u0161im srdciam\npriate\u013eov a kolegov, ktor\u00ed s\u00fa n\u00e1m drah\u00ed. Ich tragick\u00e1 smr\u0165 tie\u017e\nn\u00e1s n\u00fati zamyslie\u0165 sa nad ich odkazom. <\/p>\n\n\n\n<p class=\"wp-block-paragraph\">Odkaz zosnul\u00e9ho Lecha Kaczy\u0144sk\u00e9ho je pre n\u00e1s in\u0161pir\u00e1ciou,\na z\u00e1rove\u0148 z\u00e1v\u00e4zok vo\u010di minulosti, vo\u010di t\u00fdm, ktor\u00ed bojovali za\nsloboda. S e\u0161te v\u00e4\u010d\u0161ou \u00factou sa skl\u00e1\u0148ame pred obe\u0165ami katynsk\u00e9ho masakru, ktor\u00e9 zavra\u017edila NKVD v Po\u013esku.\nKaty\u0148sk\u00fd masaker - Poliaci zavra\u017eden\u00ed NKVD. <\/p>\n\n\n\n<p class=\"wp-block-paragraph\">Chcel by som po\u010fakova\u0165 organiz\u00e1torom sl\u00e1vnostn\u00fdch osl\u00e1v v Gorliciach\nza pestovanie pamiatky na\u0161ich hrdinov. <\/p>\n\n\n\n<p class=\"wp-block-paragraph\">&nbsp;&nbsp;&nbsp;&nbsp;&nbsp;&nbsp;&nbsp;&nbsp;&nbsp;&nbsp;&nbsp;&nbsp;&nbsp;&nbsp;&nbsp;&nbsp;&nbsp;&nbsp;&nbsp;&nbsp;&nbsp;&nbsp;&nbsp;&nbsp;&nbsp;&nbsp;&nbsp;&nbsp;&nbsp;&nbsp;&nbsp;&nbsp;&nbsp;&nbsp;&nbsp;&nbsp;&nbsp;&nbsp;&nbsp;&nbsp;&nbsp;&nbsp;&nbsp;&nbsp;&nbsp;&nbsp;&nbsp;&nbsp;&nbsp;&nbsp;&nbsp;&nbsp;&nbsp;&nbsp;&nbsp;&nbsp;&nbsp;&nbsp;&nbsp;&nbsp;&nbsp;&nbsp;&nbsp;&nbsp;&nbsp;&nbsp;&nbsp;&nbsp;&nbsp;&nbsp;&nbsp;&nbsp;&nbsp;&nbsp;&nbsp;&nbsp;&nbsp;&nbsp;&nbsp;&nbsp;&nbsp;&nbsp; Z\ns pozdravom <\/p>\n\n\n\n<p class=\"wp-block-paragraph\">&nbsp;&nbsp;&nbsp;&nbsp;&nbsp;&nbsp;&nbsp;&nbsp;&nbsp;&nbsp;&nbsp;&nbsp;&nbsp;&nbsp;&nbsp;&nbsp;&nbsp;&nbsp;&nbsp;&nbsp;&nbsp;&nbsp;&nbsp;&nbsp;&nbsp;&nbsp;&nbsp;&nbsp;&nbsp;&nbsp;&nbsp;&nbsp;&nbsp;&nbsp;&nbsp;&nbsp;&nbsp;&nbsp;&nbsp;&nbsp;&nbsp;&nbsp;&nbsp;&nbsp;&nbsp;&nbsp;&nbsp;&nbsp;&nbsp;&nbsp;&nbsp;&nbsp;&nbsp;&nbsp;&nbsp;&nbsp;&nbsp;&nbsp;&nbsp;&nbsp;&nbsp;&nbsp;&nbsp;&nbsp;&nbsp;&nbsp;\n&nbsp;&nbsp;&nbsp;&nbsp;&nbsp;&nbsp;&nbsp;&nbsp;&nbsp;&nbsp;&nbsp;&nbsp;&nbsp;&nbsp;&nbsp;&nbsp;&nbsp;&nbsp;&nbsp;Marek\nKuchcinski <\/p>","protected":false},"excerpt":{"rendered":"<p>&nbsp;&nbsp; Pani Barbara Bartu\u015b &nbsp;&nbsp; Pose\u0142 na Sejm RP &nbsp;&nbsp; Zarz\u0105d Powiatowy &nbsp;&nbsp; Prawa i Sprawiedliwo\u015bci &nbsp;&nbsp; w Gorlicach &nbsp;&nbsp; Stowarzyszenie \u201eNasze Miasto\u201d Szanowni Pa\u0144stwo, dzi\u0119kuj\u0119 za zaproszenie na uroczyste obchody upami\u0119tniaj\u0105ce 9. rocznic\u0119 tragedii smole\u0144skiej i 79. rocznic\u0119 mordu katy\u0144skiego. Modlitewna zaduma w wyj\u0105tkowy spos\u00f3b jednoczy wiernych, przypomina wsp\u00f3lne idee i sk\u0142ania do g\u0142\u0119bokich [&hellip;]<\/p>\n","protected":false},"author":6,"featured_media":14113,"comment_status":"open","ping_status":"open","sticky":false,"template":"","format":"standard","meta":{"ngg_post_thumbnail":0,"footnotes":""},"categories":[104],"tags":[],"class_list":["post-14587","post","type-post","status-publish","format-standard","has-post-thumbnail","hentry","category-lms"],"_links":{"self":[{"href":"https:\/\/marekkuchcinski.pl\/sk\/wp-json\/wp\/v2\/posts\/14587","targetHints":{"allow":["GET"]}}],"collection":[{"href":"https:\/\/marekkuchcinski.pl\/sk\/wp-json\/wp\/v2\/posts"}],"about":[{"href":"https:\/\/marekkuchcinski.pl\/sk\/wp-json\/wp\/v2\/types\/post"}],"author":[{"embeddable":true,"href":"https:\/\/marekkuchcinski.pl\/sk\/wp-json\/wp\/v2\/users\/6"}],"replies":[{"embeddable":true,"href":"https:\/\/marekkuchcinski.pl\/sk\/wp-json\/wp\/v2\/comments?post=14587"}],"version-history":[{"count":1,"href":"https:\/\/marekkuchcinski.pl\/sk\/wp-json\/wp\/v2\/posts\/14587\/revisions"}],"predecessor-version":[{"id":14588,"href":"https:\/\/marekkuchcinski.pl\/sk\/wp-json\/wp\/v2\/posts\/14587\/revisions\/14588"}],"wp:featuredmedia":[{"embeddable":true,"href":"https:\/\/marekkuchcinski.pl\/sk\/wp-json\/wp\/v2\/media\/14113"}],"wp:attachment":[{"href":"https:\/\/marekkuchcinski.pl\/sk\/wp-json\/wp\/v2\/media?parent=14587"}],"wp:term":[{"taxonomy":"category","embeddable":true,"href":"https:\/\/marekkuchcinski.pl\/sk\/wp-json\/wp\/v2\/categories?post=14587"},{"taxonomy":"post_tag","embeddable":true,"href":"https:\/\/marekkuchcinski.pl\/sk\/wp-json\/wp\/v2\/tags?post=14587"}],"curies":[{"name":"wp","href":"https:\/\/api.w.org\/{rel}","templated":true}]}}