{"id":14586,"date":"2019-04-07T20:06:46","date_gmt":"2019-04-07T18:06:46","guid":{"rendered":"https:\/\/marekkuchcinski.pl\/?p=14586"},"modified":"2019-04-07T20:06:47","modified_gmt":"2019-04-07T18:06:47","slug":"uroczystosc-odsloniecia-pomnika-sp-pawla-wypycha","status":"publish","type":"post","link":"https:\/\/marekkuchcinski.pl\/sk\/bez-kategorii\/lms\/uroczystosc-odsloniecia-pomnika-sp-pawla-wypycha\/","title":{"rendered":"Sl\u00e1vnostn\u00e9 odhalenie pam\u00e4tn\u00edka zosnul\u00e9ho Paw\u0142a Wypycha"},"content":{"rendered":"<p class=\"wp-block-paragraph\"><em><strong>Pani <\/strong><\/em><strong><em>Ma\u0142gorzata Wypych<\/em><\/strong><\/p>\n\n\n\n<p class=\"wp-block-paragraph\"><strong><em> Poslanec po\u013esk\u00e9ho parlamentu<\/em><\/strong><\/p>\n\n\n\n<p class=\"wp-block-paragraph\"><em>&nbsp;&nbsp;&nbsp;&nbsp;&nbsp;&nbsp;&nbsp;&nbsp;&nbsp;&nbsp;&nbsp; V\u00e1\u017een\u00fd\nPani,<\/em><\/p>\n\n\n\n<p class=\"wp-block-paragraph\"><em>&nbsp;&nbsp;&nbsp;&nbsp;&nbsp;&nbsp;&nbsp;&nbsp;&nbsp;&nbsp;&nbsp; ve\u013emi\n\u010eakujem za pozvanie na sl\u00e1vnostn\u00e9 odhalenie sochy zosnul\u00e9ho Paw\u0142a Wypycha.\nJe mi \u013e\u00fato, \u017ee mi predch\u00e1dzaj\u00face z\u00e1v\u00e4zky neumo\u017e\u0148uj\u00fa z\u00fa\u010dastni\u0165 sa na tomto\npodujatie.<\/em><\/p>\n\n\n\n<p class=\"wp-block-paragraph\"><em>V pam\u00e4ti svojich kolegov a zn\u00e1mych sa Pawe\u0142 Wypych zap\u00edsal ako\nve\u013emi pracovit\u00fd a energick\u00fd \u010dlovek, ktor\u00fd sa svojich povinnost\u00ed zhostil s ve\u013ekou zodpovednos\u0165ou a nasaden\u00edm.\nprevzal jeho zodpovednos\u0165. Ob\u013e\u00faben\u00fd a re\u0161pektovan\u00fd osobami zapojen\u00fdmi do verejn\u00e9ho \u017eivota\nOb\u013e\u00faben\u00fd a re\u0161pektovan\u00fd medzi \u013eu\u010fmi zapojen\u00fdmi do verejn\u00e9ho \u017eivota, bol pova\u017eovan\u00fd za vyrovnan\u00e9ho a rozv\u00e1\u017eneho politika, ktor\u00fd bol otvoren\u00fd aj \u013eu\u010fom.\notvoren\u00e9 pre \u013eud\u00ed. V\u00e1\u017eili si ho pre jeho inteligenciu, zvedavos\u0165 o svete a ve\u013ek\u00fa l\u00e1skavos\u0165.\n<\/em><\/p>\n\n\n\n<p class=\"wp-block-paragraph\"><em>&nbsp;&nbsp;&nbsp;&nbsp;&nbsp;&nbsp;&nbsp;&nbsp;&nbsp;&nbsp;&nbsp; S jeho\nvytrvalos\u0165 a usilovnos\u0165, v\u017edy n\u00e1s presved\u010dil, \u017ee neexistuj\u00fa \u017eiadne probl\u00e9my <br>\nSvoj\u00edm nad\u0161en\u00edm a \u00faprimnos\u0165ou si dok\u00e1zal z\u00edska\u0165 ka\u017ed\u00e9ho, aj t\u00fdch, ktor\u00ed nezdie\u013eali jeho politick\u00e9 n\u00e1zory.\nv\u0161etk\u00fdch, vr\u00e1tane t\u00fdch, ktor\u00ed nezdie\u013eali jeho politick\u00e9 n\u00e1zory. Na str\u00e1nke\nPo\u010das svojho \u017eivota sa venoval aj soci\u00e1lnej \u010dinnosti.<\/em><\/p>\n\n\n\n<p class=\"wp-block-paragraph\"><em>&nbsp;&nbsp;&nbsp;&nbsp;&nbsp;&nbsp;&nbsp;&nbsp;&nbsp;&nbsp;&nbsp; Pawe\u0142\nWypych bol nepochybne osobnos\u0165ou, ktor\u00e1 pri p\u00edsan\u00ed jednotliv\u00fdch str\u00e1nok svojho \u017eivota,\ndobre pochopil podstatu spolo\u010dn\u00e9ho dobra. Ako skaut, miestny \u00faradn\u00edk a politik\nsvoj\u00edm postojom a \u010dinmi v\u017edy odovzd\u00e1val d\u00f4le\u017eit\u00e9 posolstvo - \u010dlovek mus\u00ed odv\u00e1\u017ene\npracova\u0165 s odvahou v presved\u010den\u00ed, \u017ee na\u0161e \u00fasilie bude ma\u0165 najv\u00e4\u010d\u0161\u00ed zmysel,\nke\u010f sl\u00fa\u017ei dobru druh\u00fdch. <\/em><\/p>\n\n\n\n<p class=\"wp-block-paragraph\"><em>&nbsp;&nbsp;&nbsp;&nbsp;&nbsp;&nbsp;&nbsp;&nbsp;&nbsp;&nbsp;&nbsp; Hlboko\nver\u00ed, \u017ee pam\u00e4tn\u00edk v Oss\u00f3we bude pripom\u00edna\u0165 nielen osobnos\u0165 Pawla Wypcha,\nale zostane aj vyjadren\u00edm v\u010faky za v\u0161etko, \u010do urobil s pocitom\nzodpovednos\u0165 za spolo\u010dn\u00e9 dobro a za na\u0161u vlas\u0165.<\/em><\/p>\n\n\n\n<p class=\"wp-block-paragraph\"><em>&nbsp;&nbsp;&nbsp;&nbsp;&nbsp;&nbsp;&nbsp;&nbsp;&nbsp;&nbsp;&nbsp;&nbsp;&nbsp;&nbsp;&nbsp;&nbsp;&nbsp;&nbsp;&nbsp;&nbsp;&nbsp;&nbsp;&nbsp;&nbsp;&nbsp;&nbsp;&nbsp;&nbsp;&nbsp;&nbsp;&nbsp;&nbsp;&nbsp;&nbsp;&nbsp;&nbsp;&nbsp;&nbsp;&nbsp;&nbsp;&nbsp;&nbsp;&nbsp;&nbsp;&nbsp;&nbsp;&nbsp;&nbsp;&nbsp;&nbsp;&nbsp;&nbsp;&nbsp;&nbsp;&nbsp;&nbsp;&nbsp;&nbsp;&nbsp;&nbsp;&nbsp;&nbsp;&nbsp;&nbsp;&nbsp;&nbsp;&nbsp;&nbsp;&nbsp;&nbsp;&nbsp;&nbsp;&nbsp;&nbsp;&nbsp;&nbsp;&nbsp;&nbsp;&nbsp;&nbsp;&nbsp;&nbsp; Z\ns pozdravom<\/em><\/p>\n\n\n\n<p class=\"wp-block-paragraph\"><em>&nbsp;&nbsp;&nbsp;&nbsp;&nbsp;&nbsp;&nbsp;&nbsp;&nbsp;&nbsp;&nbsp;&nbsp;&nbsp;&nbsp;&nbsp;&nbsp;&nbsp;&nbsp;&nbsp;&nbsp;&nbsp;&nbsp;&nbsp;&nbsp;&nbsp;&nbsp;&nbsp;&nbsp;&nbsp;&nbsp;&nbsp;&nbsp;&nbsp;&nbsp;&nbsp;&nbsp;&nbsp;&nbsp;&nbsp;&nbsp;&nbsp;&nbsp;&nbsp;&nbsp;&nbsp;&nbsp;&nbsp;&nbsp;&nbsp;&nbsp;&nbsp;&nbsp;&nbsp;&nbsp;&nbsp;&nbsp;&nbsp;&nbsp;&nbsp;&nbsp;&nbsp;&nbsp;&nbsp;&nbsp;&nbsp;&nbsp;&nbsp;&nbsp;&nbsp;&nbsp;&nbsp;&nbsp;&nbsp;&nbsp;&nbsp;&nbsp;&nbsp;&nbsp;&nbsp;&nbsp;&nbsp;&nbsp; &nbsp; Marek Kuchci\u0144ski<\/em><\/p>","protected":false},"excerpt":{"rendered":"<p>Pani Ma\u0142gorzata Wypych Pose\u0142 na Sejm RP &nbsp;&nbsp;&nbsp;&nbsp;&nbsp;&nbsp;&nbsp;&nbsp;&nbsp;&nbsp;&nbsp; Szanowna Pani Pose\u0142, &nbsp;&nbsp;&nbsp;&nbsp;&nbsp;&nbsp;&nbsp;&nbsp;&nbsp;&nbsp;&nbsp; bardzo dzi\u0119kuj\u0119 za zaproszenie na uroczysto\u015b\u0107 ods\u0142oni\u0119cia pomnika \u015bp. Paw\u0142a Wypycha. \u017ba\u0142uj\u0119, \u017ce wcze\u015bniejsze zobowi\u0105zania nie pozwalaj\u0105 mi na udzia\u0142 w tym wydarzeniu. W pami\u0119ci swoich koleg\u00f3w i znajomych Pawe\u0142 Wypych zapisa\u0142 si\u0119 jako cz\u0142owiek bardzo pracowity i pe\u0142en energii, kt\u00f3ry z wielk\u0105 [&hellip;]<\/p>\n","protected":false},"author":6,"featured_media":0,"comment_status":"open","ping_status":"open","sticky":false,"template":"","format":"standard","meta":{"ngg_post_thumbnail":0,"footnotes":""},"categories":[104],"tags":[],"class_list":["post-14586","post","type-post","status-publish","format-standard","hentry","category-lms"],"_links":{"self":[{"href":"https:\/\/marekkuchcinski.pl\/sk\/wp-json\/wp\/v2\/posts\/14586","targetHints":{"allow":["GET"]}}],"collection":[{"href":"https:\/\/marekkuchcinski.pl\/sk\/wp-json\/wp\/v2\/posts"}],"about":[{"href":"https:\/\/marekkuchcinski.pl\/sk\/wp-json\/wp\/v2\/types\/post"}],"author":[{"embeddable":true,"href":"https:\/\/marekkuchcinski.pl\/sk\/wp-json\/wp\/v2\/users\/6"}],"replies":[{"embeddable":true,"href":"https:\/\/marekkuchcinski.pl\/sk\/wp-json\/wp\/v2\/comments?post=14586"}],"version-history":[{"count":1,"href":"https:\/\/marekkuchcinski.pl\/sk\/wp-json\/wp\/v2\/posts\/14586\/revisions"}],"predecessor-version":[{"id":14593,"href":"https:\/\/marekkuchcinski.pl\/sk\/wp-json\/wp\/v2\/posts\/14586\/revisions\/14593"}],"wp:attachment":[{"href":"https:\/\/marekkuchcinski.pl\/sk\/wp-json\/wp\/v2\/media?parent=14586"}],"wp:term":[{"taxonomy":"category","embeddable":true,"href":"https:\/\/marekkuchcinski.pl\/sk\/wp-json\/wp\/v2\/categories?post=14586"},{"taxonomy":"post_tag","embeddable":true,"href":"https:\/\/marekkuchcinski.pl\/sk\/wp-json\/wp\/v2\/tags?post=14586"}],"curies":[{"name":"wp","href":"https:\/\/api.w.org\/{rel}","templated":true}]}}