{"id":14582,"date":"2019-04-07T20:07:32","date_gmt":"2019-04-07T18:07:32","guid":{"rendered":"https:\/\/marekkuchcinski.pl\/?p=14582"},"modified":"2019-04-07T20:07:33","modified_gmt":"2019-04-07T18:07:33","slug":"wernisaz-sztuka-wspolczesna-malarstwo-grafika-formy-przestrzenne-wystawa-prac-xxvii-i-xxviii-miedzynarodowego-pleneru-malarskiego-impresje-mikolowskie-2017-2018","status":"publish","type":"post","link":"https:\/\/marekkuchcinski.pl\/sk\/bez-kategorii\/lms\/wernisaz-sztuka-wspolczesna-malarstwo-grafika-formy-przestrzenne-wystawa-prac-xxvii-i-xxviii-miedzynarodowego-pleneru-malarskiego-impresje-mikolowskie-2017-2018\/","title":{"rendered":"Vernis\u00e1\u017e \"S\u00fa\u010dasn\u00e9 umenie: ma\u013eba\/grafika\/priestorov\u00e9 formy. V\u00fdstava diel z XXVII. a XXVIII. medzin\u00e1rodn\u00e9ho maliarskeho plen\u00e9ra IMPRESJE MIKO\u0141OWSKIE 2017\/2018\""},"content":{"rendered":"<p class=\"wp-block-paragraph\"><strong><em> P\u00e1n<\/em><\/strong><\/p>\n\n\n\n<p class=\"wp-block-paragraph\"><strong><em>Narcis\nPi\u00f3recki<\/em><\/strong><\/p>\n\n\n\n<p class=\"wp-block-paragraph\"><strong><em>Riadite\u013e\nArbor\u00e9tum <\/em><\/strong><\/p>\n\n\n\n<p class=\"wp-block-paragraph\"><strong><em>w\nBolestraszyce<\/em><\/strong><\/p>\n\n\n\n<p class=\"wp-block-paragraph\"><em>V\u00e1\u017een\u00fd p\u00e1n\nRe\u017eis\u00e9r,<\/em><\/p>\n\n\n\n<p class=\"wp-block-paragraph\"><em>\u010fakujem za pozvanie\nna vernis\u00e1\u017e \"S\u00fa\u010dasn\u00e9 umenie: ma\u013eba\/grafika\/priestorov\u00e9 formy. V\u00fdstava\ndiela XXVII. a XXVIII. medzin\u00e1rodn\u00e9ho maliarskeho plen\u00e9ra IMPRESIE MIKO\u0141OWSKIE\n2017\/2018\". \u017dia\u013e, nebudem sa m\u00f4c\u0165 z\u00fa\u010dastni\u0165 na tomto umeleckom podujat\u00ed,\nPreto by som sa chcel touto cestou po\u010fakova\u0165 organiz\u00e1torom za skvel\u00fa\niniciat\u00edvy, ako aj \u00fasilie vynalo\u017een\u00e9 na jej pr\u00edpravu.<\/em><\/p>\n\n\n\n<p class=\"wp-block-paragraph\"><em>Som presved\u010den\u00fd, \u017ee\nv\u00fdstava sa stretne s ve\u013ek\u00fdm z\u00e1ujmom a poskytne n\u00e1v\u0161tevn\u00edkom mnoho vzru\u0161uj\u00facich dojmov\nSom presved\u010den\u00fd, \u017ee v\u00fdstava sa stretne s ve\u013ek\u00fdm z\u00e1ujmom a poskytne n\u00e1v\u0161tevn\u00edkom mno\u017estvo vzru\u0161uj\u00facich dojmov in\u0161pirovan\u00fdch prezentovan\u00fdmi dielami.<\/em><\/p>\n\n\n\n<p class=\"wp-block-paragraph\"><em>R\u00e1d by som vyu\u017eil t\u00fato pr\u00edle\u017eitos\u0165 a za\u017eelal v\u00e1m\nR\u00e1d by som vyu\u017eil t\u00fato pr\u00edle\u017eitos\u0165 a za\u017eelal p\u00e1novi riadite\u013eovi ve\u013ea \u0161\u0165astia v jeho \u00fasil\u00ed.\nPrajem autorom pr\u00e1c tvoriv\u00fa energiu a \u00faspe\u0161n\u00fa realiz\u00e1ciu ich\nz\u00e1mery. A hos\u0165om, ktor\u00ed nav\u0161t\u00edvia arbor\u00e9tum a z\u00edskaj\u00fa nezabudnute\u013en\u00e9 z\u00e1\u017eitky.<\/em><\/p>\n\n\n\n<p class=\"wp-block-paragraph\"><em>Srde\u010dne v\u00e1s pozdravujem a\ns l\u00e1skav\u00fdm pozdravom. <\/em><\/p>\n\n\n\n<p class=\"wp-block-paragraph\"><em> &nbsp; &nbsp;&nbsp;&nbsp;&nbsp;&nbsp;&nbsp;&nbsp;&nbsp;&nbsp;&nbsp;&nbsp;&nbsp;&nbsp;&nbsp;&nbsp;&nbsp;&nbsp;&nbsp;&nbsp;&nbsp;&nbsp;&nbsp;&nbsp;&nbsp;&nbsp;&nbsp;&nbsp;&nbsp;&nbsp;&nbsp;&nbsp;&nbsp;&nbsp;&nbsp;&nbsp;&nbsp;&nbsp;&nbsp;&nbsp;&nbsp;&nbsp;&nbsp;&nbsp;&nbsp;&nbsp;&nbsp;&nbsp;&nbsp;&nbsp;&nbsp;&nbsp;&nbsp;&nbsp;&nbsp;&nbsp;&nbsp;&nbsp;&nbsp;&nbsp;&nbsp;&nbsp;&nbsp;&nbsp;&nbsp;Marek Kuchci\u0144ski<\/em><\/p>","protected":false},"excerpt":{"rendered":"<p>Pan Narcyz Pi\u00f3recki Dyrektor Arboretum w Bolestraszycach Szanowny Panie Dyrektorze, uprzejmie dzi\u0119kuj\u0119 za zaproszenie na wernisa\u017c \u201eSztuka wsp\u00f3\u0142czesna: malarstwo\/grafika\/formy przestrzenne. Wystawa prac XXVII i XXVIII Mi\u0119dzynarodowego Pleneru Malarskiego IMPRESJE MIKO\u0141OWSKIE 2017\/2018\u201d. Niestety nie b\u0119d\u0119 m\u00f3g\u0142 wzi\u0105\u0107 udzia\u0142u w tym artystycznym wydarzeniu, chcia\u0142bym wi\u0119c t\u0105 drog\u0105 przekaza\u0107 organizatorom podzi\u0119kowania za&nbsp;wspania\u0142\u0105 inicjatyw\u0119, a tak\u017ce trud w\u0142o\u017cony w [&hellip;]<\/p>\n","protected":false},"author":6,"featured_media":0,"comment_status":"open","ping_status":"open","sticky":false,"template":"","format":"standard","meta":{"ngg_post_thumbnail":0,"footnotes":""},"categories":[104],"tags":[],"class_list":["post-14582","post","type-post","status-publish","format-standard","hentry","category-lms"],"_links":{"self":[{"href":"https:\/\/marekkuchcinski.pl\/sk\/wp-json\/wp\/v2\/posts\/14582","targetHints":{"allow":["GET"]}}],"collection":[{"href":"https:\/\/marekkuchcinski.pl\/sk\/wp-json\/wp\/v2\/posts"}],"about":[{"href":"https:\/\/marekkuchcinski.pl\/sk\/wp-json\/wp\/v2\/types\/post"}],"author":[{"embeddable":true,"href":"https:\/\/marekkuchcinski.pl\/sk\/wp-json\/wp\/v2\/users\/6"}],"replies":[{"embeddable":true,"href":"https:\/\/marekkuchcinski.pl\/sk\/wp-json\/wp\/v2\/comments?post=14582"}],"version-history":[{"count":1,"href":"https:\/\/marekkuchcinski.pl\/sk\/wp-json\/wp\/v2\/posts\/14582\/revisions"}],"predecessor-version":[{"id":14594,"href":"https:\/\/marekkuchcinski.pl\/sk\/wp-json\/wp\/v2\/posts\/14582\/revisions\/14594"}],"wp:attachment":[{"href":"https:\/\/marekkuchcinski.pl\/sk\/wp-json\/wp\/v2\/media?parent=14582"}],"wp:term":[{"taxonomy":"category","embeddable":true,"href":"https:\/\/marekkuchcinski.pl\/sk\/wp-json\/wp\/v2\/categories?post=14582"},{"taxonomy":"post_tag","embeddable":true,"href":"https:\/\/marekkuchcinski.pl\/sk\/wp-json\/wp\/v2\/tags?post=14582"}],"curies":[{"name":"wp","href":"https:\/\/api.w.org\/{rel}","templated":true}]}}