{"id":14517,"date":"2019-04-04T21:16:09","date_gmt":"2019-04-04T19:16:09","guid":{"rendered":"https:\/\/marekkuchcinski.pl\/?p=14517"},"modified":"2019-04-10T13:00:26","modified_gmt":"2019-04-10T11:00:26","slug":"sejm-uchwalil-trzynasta-emeryture-marszalek-kuchcinski-dotrzymujemy-slowa-wychodzimy-naprzeciw-wieloletnim-zaniedbaniom-wobec-osob-starszych","status":"publish","type":"post","link":"https:\/\/marekkuchcinski.pl\/sk\/wydarzenia\/sejm-uchwalil-trzynasta-emeryture-marszalek-kuchcinski-dotrzymujemy-slowa-wychodzimy-naprzeciw-wieloletnim-zaniedbaniom-wobec-osob-starszych\/","title":{"rendered":"Sejm schv\u00e1lil \"trin\u00e1sty d\u00f4chodok\". Predseda Kuchci\u0144ski: Dr\u017e\u00edme slovo. Rie\u0161ime dlhodob\u00e9 zanedb\u00e1vanie star\u0161\u00edch \u013eud\u00ed"},"content":{"rendered":"<p><strong>Sejm na svojom 79. zasadnut\u00ed prijal z\u00e1kon o \"d\u00f4chodku plus\". D\u00e1vka ur\u010den\u00e1 d\u00f4chodcom pozost\u00e1va z jednorazovej v\u00fdplaty trin\u00e1steho d\u00f4chodku vo v\u00fd\u0161ke 1 100 PLN brutto (888,25 PLN netto).&nbsp;<\/strong><\/p>\n\n\n\n<p>V d\u00f4vodovej spr\u00e1ve k z\u00e1konu ministerstvo rodiny vysvet\u013euje, \u017ee cie\u013eom jednorazovej pe\u0148a\u017enej d\u00e1vky je okrem pomoci d\u00f4chodcom najm\u00e4 zn\u00ed\u017eenie majetkov\u00fdch rozdielov v spolo\u010dnosti. Napriek tomu, \u017ee sa v posledn\u00fdch rokoch uskuto\u010dnilo mnoho zmien na ochranu v\u00fd\u0161ky d\u00f4chodkov\u00fdch d\u00e1vok, t\u00e1to pomoc sa st\u00e1le pova\u017euje za nedostato\u010dn\u00fa. 13. d\u00f4chodok dostane viac ako 9,8 mili\u00f3na seniorov, z toho takmer 7 mili\u00f3nov d\u00f4chodcov a viac ako 2,5 mili\u00f3na invalidn\u00fdch d\u00f4chodcov. <\/p>\n\n\n\n<p>Nieko\u013eko desiatok min\u00fat po schv\u00e1len\u00ed z\u00e1kona parlamentom sa predseda Sejmu v sprievode predsedu Sen\u00e1tu a premi\u00e9ra stretol so seniormi z Jasienca. Marek Kuchci\u0144ski povedal, \u017ee strana Pr\u00e1vo a spravodlivos\u0165 dr\u017e\u00ed slovo, mysl\u00ed na s\u00fa\u010dasnos\u0165, ale aj na bud\u00face gener\u00e1cie.  <\/p>\n\n\n\n<p>- Trin\u00e1s\u0165 je poctou na\u0161im otcom, dedom, gener\u00e1ci\u00e1m, ktor\u00e9 n\u00e1s vychovali pre dne\u0161n\u00e9 funkcie a povinnosti. H\u013ead\u00e1me recept na podporu t\u00fdch, ktor\u00ed to najviac potrebuj\u00fa. Lech Kaczy\u0144ski pred mnoh\u00fdmi rokmi povedal, \u017ee solidaritu si predstavuje ako schopnos\u0165 deli\u0165 sa. Star\u0161\u00ed \u013eudia \u017eij\u00faci v r\u00f4znych \u010dastiach Po\u013eska doteraz nemali dostato\u010dn\u00fa podporu. Pr\u00e1vo a spravodlivos\u0165 rie\u0161i tento dlhodob\u00fd probl\u00e9m,\" zd\u00f4raznil Kuchci\u0144ski. <br><\/p>\n\n\n\n<p>Star\u0161\u00ed \u013eudia s\u00fa skupinou, ktor\u00e1 obzvl\u00e1\u0161\u0165 potrebuje podporu \u0161t\u00e1tu. Ministerstvo pre rodinu, ber\u00fac do \u00favahy demografick\u00e9 zmeny v po\u013eskej spolo\u010dnosti, d\u00f4sledne realizuje seniorsk\u00fa politiku zav\u00e1dzan\u00edm programov zameran\u00fdch na podporu a rozvoj seniorov, ako napr:<\/p>\n\n\n\n<p class=\"has-text-color has-vivid-red-color\"><strong>Obnovenie\nVek odchodu do d\u00f4chodku: 60 pre \u017eeny, 65 pre mu\u017eov<\/strong><\/p>\n\n\n\n<p>Z\u00e1kon stanovuje len minim\u00e1lny vek, od ktor\u00e9ho sa\nn\u00e1rok na d\u00f4chodok. Umo\u017e\u0148uje ka\u017edej poistenej osobe rozhodn\u00fa\u0165 sa\nsa sami rozhodn\u00fa, kedy prestan\u00fa pracova\u0165. <\/p>\n\n\n\n<p class=\"has-text-color has-vivid-red-color\"><strong>Projekt \"Lieky 75 Plus\", t. j. bezplatn\u00e9 lieky pre seniorov\nnad 75 rokov<\/strong><\/p>\n\n\n\n<ul class=\"wp-block-list\"><li><strong>2,2 mili\u00f3na&nbsp;<\/strong>seniori u\u017e vyu\u017eili\nz vo\u013en\u00fdch liekov<\/li><li><strong>564 mili\u00f3nov\nPLN<\/strong>&nbsp;na realiz\u00e1ciu\nprojekt v roku 2017<\/li><li><strong>40 mili\u00f3nov&nbsp;<\/strong>vydan\u00fdch balen\u00ed bezplatn\u00fdch liekov\npre star\u0161\u00edch ob\u010danov<\/li><li><strong>15<\/strong>&nbsp;<strong>mili\u00f3n<\/strong>&nbsp;dokon\u010den\u00e9\npredpisy s k\u00f3dom n\u00e1roku \"S\"<\/li><li><strong>1530 polo\u017eiek<\/strong>&nbsp;na zozname liekov\n75 plus<\/li><\/ul>\n\n\n\n<p class=\"has-text-color has-vivid-red-color\"><strong>Viacro\u010dn\u00fd program\n\"Senior Plus\" 2015 - 2020<\/strong><\/p>\n\n\n\n<p>Program je ur\u010den\u00fd pre miestne org\u00e1ny\nmiestne org\u00e1ny. Jeho cie\u013eom je zv\u00fd\u0161i\u0165 akt\u00edvnu \u00fa\u010das\u0165 na spolo\u010denskom \u017eivote\nspolo\u010densk\u00fd \u017eivot seniorov prostredn\u00edctvom rozvoja siete denn\u00fdch centier a klubov \"Senior+\".\n\"Senior+\"<strong><\/strong><\/p>\n\n\n\n<p class=\"has-text-color has-vivid-red-color\"><strong>Program Dostupnos\u0165 Plus <\/strong><\/p>\n\n\n\n<p><strong>23 mili\u00e1rd<\/strong> PLN bola okrem in\u00e9ho vy\u010dlenen\u00e1 na\nodstr\u00e1nenie architektonick\u00fdch bari\u00e9r. Cie\u013eom projektu je zlep\u0161i\u0165 \u017eivotn\u00e9 podmienky\n\u017eivotn\u00e9 podmienky star\u0161\u00edch, slab\u00fdch a zdravotne postihnut\u00fdch os\u00f4b<\/p>\n\n\n\n<p class=\"has-text-color has-vivid-red-color\"><strong>\u00daprava d\u00f4chodkov <\/strong><\/p>\n\n\n\n<p>Najni\u017e\u0161ie d\u00e1vky sa zv\u00fd\u0161ia\nna 1100 PLN (z 1029,80 PLN) a 825 PLN (v pr\u00edpade najni\u017e\u0161ieho \u010diasto\u010dn\u00e9ho invalidn\u00e9ho d\u00f4chodku).\nz d\u00f4vodu \u010diasto\u010dnej pr\u00e1ceneschopnosti)<\/p>\n\n\n\n<p>D\u00f4chodky vypl\u00e1can\u00e9 ZUS sa zv\u00fd\u0161ia o valoriza\u010dn\u00fd index - 2,86 %, najmenej v\u0161ak o 70 PLN. <\/p>\n\n\n\n<p class=\"has-text-color has-vivid-red-color\"><strong>Obnovenie PKS<\/strong><\/p>\n\n\n\n<p>Z\u00e1kon o obnoven\u00ed autobusovej dopravy nadobudne \u00fa\u010dinnos\u0165 koncom\nApr\u00edl\/m\u00e1j tohto roku. Na jeho realiz\u00e1cii sa bud\u00fa musie\u0165 akt\u00edvne podie\u013ea\u0165\nmiestne org\u00e1ny.<\/p>\n\n\n\n<p>Boj proti vyl\u00fa\u010deniu z dopravy sa bude realizova\u0165 dvoma sp\u00f4sobmi:\nprostredn\u00edctvom cestn\u00e9ho fondu a obnovenie dopravn\u00fdch spojen\u00ed, ak s\u00fa\nboli vyraden\u00e9 z d\u00f4vodu nedostato\u010dnej \u017eivotaschopnosti.<em><strong><\/strong><\/em><\/p>\n\n\n\n<p class=\"has-text-color has-vivid-red-color\"><strong>\"Soci\u00e1lna politika vo\u010di star\u0161\u00edm \u013eu\u010fom 2030\" <\/strong><\/p>\n\n\n\n<p><strong>Prijat\u00e9 Radou ministrov 26.\nOkt\u00f3ber 2018, <\/strong><strong>dokument\nposkytuje:<\/strong><\/p>\n\n\n\n<ul class=\"wp-block-list\"><li>Formovanie pozit\u00edvneho vn\u00edmania staroby v spolo\u010dnosti.<\/li><li>\u00da\u010das\u0165 na \u017eivote komunity a podpora v\u0161etk\u00fdch foriem ob\u010dianskych, soci\u00e1lnych, kult\u00farnych, umeleck\u00fdch, \u0161portov\u00fdch a n\u00e1bo\u017eensk\u00fdch aktiv\u00edt.<\/li><li>Vytvorenie podmienok na vyu\u017eitie potenci\u00e1lu star\u0161\u00edch \u013eud\u00ed ako akt\u00edvnych \u00fa\u010dastn\u00edkov hospod\u00e1rskeho \u017eivota a trhu pr\u00e1ce, prisp\u00f4soben\u00fdch ich psychofyzick\u00fdm mo\u017enostiam a rodinnej situ\u00e1cii.<\/li><li>Podpora zdravia, prevencia chor\u00f4b, pr\u00edstup k diagnostike, lie\u010dbe a rehabilit\u00e1cii.<\/li><li>Zv\u00fd\u0161enie fyzickej bezpe\u010dnosti - boj proti n\u00e1siliu a zanedb\u00e1vaniu star\u0161\u00edch \u013eud\u00ed.<\/li><li>Vytv\u00e1ranie podmienok pre medzigenera\u010dn\u00fa solidaritu a integr\u00e1ciu.<\/li><li>Opatrenia na vzdel\u00e1vanie pre starobu (opatrovate\u013esk\u00fd a zdravotn\u00edcky person\u00e1l), na starobu (cel\u00e1 spolo\u010dnos\u0165), cez starobu (od najmlad\u0161ej gener\u00e1cie) a vzdel\u00e1vanie v starobe (star\u0161\u00ed \u013eudia).&nbsp;<\/li><li>Zn\u00ed\u017eenie z\u00e1vislosti od in\u00fdch os\u00f4b u\u013eah\u010den\u00edm pr\u00edstupu k slu\u017eb\u00e1m, ktor\u00e9 zvy\u0161uj\u00fa nez\u00e1vislos\u0165, a prisp\u00f4soben\u00edm \u017eivotn\u00e9ho prostredia funk\u010dn\u00fdm schopnostiam z\u00e1visl\u00fdch star\u0161\u00edch \u013eud\u00ed.<\/li><li>Zabezpe\u010di\u0165 optim\u00e1lny pr\u00edstup k zdravotn\u00fdm, rehabilita\u010dn\u00fdm a opatrovate\u013esk\u00fdm slu\u017eb\u00e1m prisp\u00f4soben\u00fdm potreb\u00e1m odk\u00e1zan\u00fdch star\u0161\u00edch \u013eud\u00ed.<\/li><li>Sie\u0165 komunitn\u00fdch a in\u0161titucion\u00e1lnych slu\u017eieb poskytovan\u00fdch odk\u00e1zan\u00fdm star\u0161\u00edm \u013eu\u010fom.<\/li><li>Syst\u00e9m podpory neform\u00e1lnych opatrovate\u013eov z\u00e1visl\u00fdch star\u0161\u00edch \u013eud\u00ed zo strany verejn\u00fdch in\u0161tit\u00faci\u00ed.&nbsp;<\/li><\/ul>\n\n\n\n<p><em>text\/foto Marta Olejnik<\/em><\/p>\n\n\n\n<figure class=\"wp-block-image\"><img fetchpriority=\"high\" decoding=\"async\" width=\"1024\" height=\"683\" src=\"https:\/\/marekkuchcinski.pl\/wp-content\/uploads\/2019\/04\/IMG_2015-1024x683.jpeg\" alt=\"\" class=\"wp-image-14521\" srcset=\"https:\/\/marekkuchcinski.pl\/wp-content\/uploads\/2019\/04\/IMG_2015-1024x683.jpeg 1024w, https:\/\/marekkuchcinski.pl\/wp-content\/uploads\/2019\/04\/IMG_2015-300x200.jpeg 300w, https:\/\/marekkuchcinski.pl\/wp-content\/uploads\/2019\/04\/IMG_2015-768x512.jpeg 768w, https:\/\/marekkuchcinski.pl\/wp-content\/uploads\/2019\/04\/IMG_2015.jpeg 2048w\" sizes=\"(max-width: 1024px) 100vw, 1024px\" \/><\/figure>\n\n\n\n<figure class=\"wp-block-image\"><img decoding=\"async\" width=\"1024\" height=\"722\" src=\"https:\/\/marekkuchcinski.pl\/wp-content\/uploads\/2019\/04\/IMG_2032-1024x722.jpeg\" alt=\"\" class=\"wp-image-14523\" srcset=\"https:\/\/marekkuchcinski.pl\/wp-content\/uploads\/2019\/04\/IMG_2032-1024x722.jpeg 1024w, https:\/\/marekkuchcinski.pl\/wp-content\/uploads\/2019\/04\/IMG_2032-300x211.jpeg 300w, https:\/\/marekkuchcinski.pl\/wp-content\/uploads\/2019\/04\/IMG_2032-768x541.jpeg 768w, https:\/\/marekkuchcinski.pl\/wp-content\/uploads\/2019\/04\/IMG_2032.jpeg 2048w\" sizes=\"(max-width: 1024px) 100vw, 1024px\" \/><\/figure>\n\n\n\n<figure class=\"wp-block-image\"><img decoding=\"async\" width=\"1024\" height=\"721\" src=\"https:\/\/marekkuchcinski.pl\/wp-content\/uploads\/2019\/04\/IMG_2072-1024x721.jpg\" alt=\"\" class=\"wp-image-14525\" srcset=\"https:\/\/marekkuchcinski.pl\/wp-content\/uploads\/2019\/04\/IMG_2072-1024x721.jpg 1024w, https:\/\/marekkuchcinski.pl\/wp-content\/uploads\/2019\/04\/IMG_2072-300x211.jpg 300w, https:\/\/marekkuchcinski.pl\/wp-content\/uploads\/2019\/04\/IMG_2072-768x541.jpg 768w, https:\/\/marekkuchcinski.pl\/wp-content\/uploads\/2019\/04\/IMG_2072.jpg 2048w\" sizes=\"(max-width: 1024px) 100vw, 1024px\" \/><\/figure>\n\n\n\n<figure class=\"wp-block-image\"><img loading=\"lazy\" decoding=\"async\" width=\"1024\" height=\"732\" src=\"https:\/\/marekkuchcinski.pl\/wp-content\/uploads\/2019\/04\/IMG_2191-1024x732.jpg\" alt=\"\" class=\"wp-image-14527\" srcset=\"https:\/\/marekkuchcinski.pl\/wp-content\/uploads\/2019\/04\/IMG_2191-1024x732.jpg 1024w, https:\/\/marekkuchcinski.pl\/wp-content\/uploads\/2019\/04\/IMG_2191-300x214.jpg 300w, https:\/\/marekkuchcinski.pl\/wp-content\/uploads\/2019\/04\/IMG_2191-768x549.jpg 768w, https:\/\/marekkuchcinski.pl\/wp-content\/uploads\/2019\/04\/IMG_2191.jpg 2048w\" sizes=\"(max-width: 1024px) 100vw, 1024px\" \/><\/figure>\n\n\n\n<figure class=\"wp-block-image\"><img loading=\"lazy\" decoding=\"async\" width=\"982\" height=\"1024\" src=\"https:\/\/marekkuchcinski.pl\/wp-content\/uploads\/2019\/04\/IMG_2263-982x1024.jpg\" alt=\"\" class=\"wp-image-14533\" srcset=\"https:\/\/marekkuchcinski.pl\/wp-content\/uploads\/2019\/04\/IMG_2263-982x1024.jpg 982w, https:\/\/marekkuchcinski.pl\/wp-content\/uploads\/2019\/04\/IMG_2263-288x300.jpg 288w, https:\/\/marekkuchcinski.pl\/wp-content\/uploads\/2019\/04\/IMG_2263-768x801.jpg 768w, https:\/\/marekkuchcinski.pl\/wp-content\/uploads\/2019\/04\/IMG_2263.jpg 1964w\" sizes=\"(max-width: 982px) 100vw, 982px\" \/><\/figure>\n\n\n\n<figure class=\"wp-block-image\"><img loading=\"lazy\" decoding=\"async\" width=\"970\" height=\"1024\" src=\"https:\/\/marekkuchcinski.pl\/wp-content\/uploads\/2019\/04\/IMG_2266-970x1024.jpg\" alt=\"\" class=\"wp-image-14534\" srcset=\"https:\/\/marekkuchcinski.pl\/wp-content\/uploads\/2019\/04\/IMG_2266-970x1024.jpg 970w, https:\/\/marekkuchcinski.pl\/wp-content\/uploads\/2019\/04\/IMG_2266-284x300.jpg 284w, https:\/\/marekkuchcinski.pl\/wp-content\/uploads\/2019\/04\/IMG_2266-768x811.jpg 768w, https:\/\/marekkuchcinski.pl\/wp-content\/uploads\/2019\/04\/IMG_2266.jpg 1940w\" sizes=\"(max-width: 970px) 100vw, 970px\" \/><\/figure>\n\n\n\n<figure class=\"wp-block-image\"><img loading=\"lazy\" decoding=\"async\" width=\"1024\" height=\"678\" src=\"https:\/\/marekkuchcinski.pl\/wp-content\/uploads\/2019\/04\/IMG_2289-1024x678.jpg\" alt=\"\" class=\"wp-image-14535\" srcset=\"https:\/\/marekkuchcinski.pl\/wp-content\/uploads\/2019\/04\/IMG_2289-1024x678.jpg 1024w, https:\/\/marekkuchcinski.pl\/wp-content\/uploads\/2019\/04\/IMG_2289-300x199.jpg 300w, https:\/\/marekkuchcinski.pl\/wp-content\/uploads\/2019\/04\/IMG_2289-768x509.jpg 768w, https:\/\/marekkuchcinski.pl\/wp-content\/uploads\/2019\/04\/IMG_2289.jpg 2048w\" sizes=\"(max-width: 1024px) 100vw, 1024px\" \/><\/figure>\n\n\n\n<figure class=\"wp-block-image\"><img loading=\"lazy\" decoding=\"async\" width=\"1024\" height=\"710\" src=\"https:\/\/marekkuchcinski.pl\/wp-content\/uploads\/2019\/04\/IMG_2258-1024x710.jpg\" alt=\"\" class=\"wp-image-14530\" srcset=\"https:\/\/marekkuchcinski.pl\/wp-content\/uploads\/2019\/04\/IMG_2258-1024x710.jpg 1024w, https:\/\/marekkuchcinski.pl\/wp-content\/uploads\/2019\/04\/IMG_2258-300x208.jpg 300w, https:\/\/marekkuchcinski.pl\/wp-content\/uploads\/2019\/04\/IMG_2258-768x532.jpg 768w, https:\/\/marekkuchcinski.pl\/wp-content\/uploads\/2019\/04\/IMG_2258.jpg 2048w\" sizes=\"(max-width: 1024px) 100vw, 1024px\" \/><\/figure>\n\n\n\n<figure class=\"wp-block-image\"><img loading=\"lazy\" decoding=\"async\" width=\"1024\" height=\"658\" src=\"https:\/\/marekkuchcinski.pl\/wp-content\/uploads\/2019\/04\/IMG_2383-1024x658.jpg\" alt=\"\" class=\"wp-image-14548\" srcset=\"https:\/\/marekkuchcinski.pl\/wp-content\/uploads\/2019\/04\/IMG_2383-1024x658.jpg 1024w, https:\/\/marekkuchcinski.pl\/wp-content\/uploads\/2019\/04\/IMG_2383-300x193.jpg 300w, https:\/\/marekkuchcinski.pl\/wp-content\/uploads\/2019\/04\/IMG_2383-768x494.jpg 768w, https:\/\/marekkuchcinski.pl\/wp-content\/uploads\/2019\/04\/IMG_2383.jpg 2048w\" sizes=\"(max-width: 1024px) 100vw, 1024px\" \/><\/figure>\n\n\n\n<figure class=\"wp-block-image\"><img loading=\"lazy\" decoding=\"async\" width=\"1024\" height=\"673\" src=\"https:\/\/marekkuchcinski.pl\/wp-content\/uploads\/2019\/04\/IMG_2385-1024x673.jpg\" alt=\"\" class=\"wp-image-14549\" srcset=\"https:\/\/marekkuchcinski.pl\/wp-content\/uploads\/2019\/04\/IMG_2385-1024x673.jpg 1024w, https:\/\/marekkuchcinski.pl\/wp-content\/uploads\/2019\/04\/IMG_2385-300x197.jpg 300w, https:\/\/marekkuchcinski.pl\/wp-content\/uploads\/2019\/04\/IMG_2385-768x505.jpg 768w, https:\/\/marekkuchcinski.pl\/wp-content\/uploads\/2019\/04\/IMG_2385.jpg 2048w\" sizes=\"(max-width: 1024px) 100vw, 1024px\" \/><\/figure>\n\n\n\n<figure class=\"wp-block-image\"><img loading=\"lazy\" decoding=\"async\" width=\"1024\" height=\"682\" src=\"https:\/\/marekkuchcinski.pl\/wp-content\/uploads\/2019\/04\/IMG_2433-1024x682.jpg\" alt=\"\" class=\"wp-image-14555\" srcset=\"https:\/\/marekkuchcinski.pl\/wp-content\/uploads\/2019\/04\/IMG_2433-1024x682.jpg 1024w, https:\/\/marekkuchcinski.pl\/wp-content\/uploads\/2019\/04\/IMG_2433-300x200.jpg 300w, https:\/\/marekkuchcinski.pl\/wp-content\/uploads\/2019\/04\/IMG_2433-768x511.jpg 768w, https:\/\/marekkuchcinski.pl\/wp-content\/uploads\/2019\/04\/IMG_2433.jpg 2048w\" sizes=\"(max-width: 1024px) 100vw, 1024px\" \/><\/figure>\n\n\n\n<figure class=\"wp-block-image\"><img loading=\"lazy\" decoding=\"async\" width=\"1024\" height=\"683\" src=\"https:\/\/marekkuchcinski.pl\/wp-content\/uploads\/2019\/04\/IMG_2451-1024x683.jpg\" alt=\"\" class=\"wp-image-14556\" srcset=\"https:\/\/marekkuchcinski.pl\/wp-content\/uploads\/2019\/04\/IMG_2451-1024x683.jpg 1024w, https:\/\/marekkuchcinski.pl\/wp-content\/uploads\/2019\/04\/IMG_2451-300x200.jpg 300w, https:\/\/marekkuchcinski.pl\/wp-content\/uploads\/2019\/04\/IMG_2451-768x512.jpg 768w, https:\/\/marekkuchcinski.pl\/wp-content\/uploads\/2019\/04\/IMG_2451.jpg 2048w\" sizes=\"(max-width: 1024px) 100vw, 1024px\" \/><\/figure>\n\n\n\n<figure class=\"wp-block-image\"><img loading=\"lazy\" decoding=\"async\" width=\"1024\" height=\"657\" src=\"https:\/\/marekkuchcinski.pl\/wp-content\/uploads\/2019\/04\/IMG_2380-1024x657.jpg\" alt=\"\" class=\"wp-image-14546\" srcset=\"https:\/\/marekkuchcinski.pl\/wp-content\/uploads\/2019\/04\/IMG_2380-1024x657.jpg 1024w, https:\/\/marekkuchcinski.pl\/wp-content\/uploads\/2019\/04\/IMG_2380-300x192.jpg 300w, https:\/\/marekkuchcinski.pl\/wp-content\/uploads\/2019\/04\/IMG_2380-768x493.jpg 768w, https:\/\/marekkuchcinski.pl\/wp-content\/uploads\/2019\/04\/IMG_2380.jpg 2048w\" sizes=\"(max-width: 1024px) 100vw, 1024px\" \/><\/figure>\n\n\n\n<figure class=\"wp-block-image\"><img loading=\"lazy\" decoding=\"async\" width=\"1024\" height=\"683\" src=\"https:\/\/marekkuchcinski.pl\/wp-content\/uploads\/2019\/04\/IMG_1978-1024x683.jpeg\" alt=\"\" class=\"wp-image-14518\" srcset=\"https:\/\/marekkuchcinski.pl\/wp-content\/uploads\/2019\/04\/IMG_1978-1024x683.jpeg 1024w, https:\/\/marekkuchcinski.pl\/wp-content\/uploads\/2019\/04\/IMG_1978-300x200.jpeg 300w, https:\/\/marekkuchcinski.pl\/wp-content\/uploads\/2019\/04\/IMG_1978-768x512.jpeg 768w, https:\/\/marekkuchcinski.pl\/wp-content\/uploads\/2019\/04\/IMG_1978.jpeg 2048w\" sizes=\"(max-width: 1024px) 100vw, 1024px\" \/><\/figure>","protected":false},"excerpt":{"rendered":"<p>Na 79. posiedzeniu Sejm przyj\u0105\u0142 ustaw\u0119 \u201eEmerytura plus\u201d. \u015awiadczenie skierowane do emeryt\u00f3w i rencist\u00f3w polega na wyp\u0142acaniu jednorazowo trzynastej emerytury w wysoko\u015bci &nbsp;1100 z\u0142 brutto (888,25 z\u0142 netto).&nbsp; W uzasadnieniu do ustawy Ministerstwo Rodziny obja\u015bnia, \u017ce celem jednorazowego \u015bwiadczenia pieni\u0119\u017cnego, obok pomocy dla emeryt\u00f3w i rencist\u00f3w, ma by\u0107 w szczeg\u00f3lno\u015bci zmniejszenie r\u00f3\u017cnic maj\u0105tkowych w spo\u0142ecze\u0144stwie. [&hellip;]<\/p>","protected":false},"author":6,"featured_media":14575,"comment_status":"open","ping_status":"open","sticky":false,"template":"","format":"standard","meta":{"ngg_post_thumbnail":0,"footnotes":""},"categories":[82,81,3],"tags":[],"class_list":["post-14517","post","type-post","status-publish","format-standard","has-post-thumbnail","hentry","category-prawo-i-sprawiedliwosc","category-wiesci-z-sejmu","category-wydarzenia"],"yoast_head":"<!-- This site is optimized with the Yoast SEO plugin v24.7 - https:\/\/yoast.com\/wordpress\/plugins\/seo\/ -->\n<title>Sejm uchwali\u0142 &quot;trzynast\u0105 emerytur\u0119&quot;. Marsza\u0142ek Kuchci\u0144ski: Dotrzymujemy s\u0142owa. Wychodzimy naprzeciw wieloletnim zaniedbaniom wobec os\u00f3b starszych &#8211; Marek Kuchci\u0144ski<\/title>\n<meta name=\"robots\" content=\"index, follow, max-snippet:-1, max-image-preview:large, max-video-preview:-1\" \/>\n<link rel=\"canonical\" href=\"https:\/\/marekkuchcinski.pl\/sk\/wydarzenia\/sejm-uchwalil-trzynasta-emeryture-marszalek-kuchcinski-dotrzymujemy-slowa-wychodzimy-naprzeciw-wieloletnim-zaniedbaniom-wobec-osob-starszych\/\" \/>\n<meta property=\"og:locale\" content=\"sk_SK\" \/>\n<meta property=\"og:type\" content=\"article\" \/>\n<meta property=\"og:title\" content=\"Sejm uchwali\u0142 &quot;trzynast\u0105 emerytur\u0119&quot;. Marsza\u0142ek Kuchci\u0144ski: Dotrzymujemy s\u0142owa. Wychodzimy naprzeciw wieloletnim zaniedbaniom wobec os\u00f3b starszych &#8211; Marek Kuchci\u0144ski\" \/>\n<meta property=\"og:description\" content=\"Na 79. posiedzeniu Sejm przyj\u0105\u0142 ustaw\u0119 \u201eEmerytura plus\u201d. \u015awiadczenie skierowane do emeryt\u00f3w i rencist\u00f3w polega na wyp\u0142acaniu jednorazowo trzynastej emerytury w wysoko\u015bci &nbsp;1100 z\u0142 brutto (888,25 z\u0142 netto).&nbsp; W uzasadnieniu do ustawy Ministerstwo Rodziny obja\u015bnia, \u017ce celem jednorazowego \u015bwiadczenia pieni\u0119\u017cnego, obok pomocy dla emeryt\u00f3w i rencist\u00f3w, ma by\u0107 w szczeg\u00f3lno\u015bci zmniejszenie r\u00f3\u017cnic maj\u0105tkowych w spo\u0142ecze\u0144stwie. [&hellip;]\" \/>\n<meta property=\"og:url\" content=\"https:\/\/marekkuchcinski.pl\/sk\/wydarzenia\/sejm-uchwalil-trzynasta-emeryture-marszalek-kuchcinski-dotrzymujemy-slowa-wychodzimy-naprzeciw-wieloletnim-zaniedbaniom-wobec-osob-starszych\/\" \/>\n<meta property=\"og:site_name\" content=\"Marek Kuchci\u0144ski\" \/>\n<meta property=\"article:published_time\" content=\"2019-04-04T19:16:09+00:00\" \/>\n<meta property=\"article:modified_time\" content=\"2019-04-10T11:00:26+00:00\" \/>\n<meta property=\"og:image\" content=\"https:\/\/marekkuchcinski.pl\/wp-content\/uploads\/2019\/04\/PSX_20190404_230243.jpg\" \/>\n\t<meta property=\"og:image:width\" content=\"2048\" \/>\n\t<meta property=\"og:image:height\" content=\"1434\" \/>\n\t<meta property=\"og:image:type\" content=\"image\/jpeg\" \/>\n<meta name=\"author\" content=\"admin\" \/>\n<meta name=\"twitter:card\" content=\"summary_large_image\" \/>\n<meta name=\"twitter:label1\" content=\"Autor\" \/>\n\t<meta name=\"twitter:data1\" content=\"admin\" \/>\n\t<meta name=\"twitter:label2\" content=\"Predpokladan\u00fd \u010das \u010d\u00edtania\" \/>\n\t<meta name=\"twitter:data2\" content=\"4 min\u00faty\" \/>\n<script type=\"application\/ld+json\" class=\"yoast-schema-graph\">{\"@context\":\"https:\/\/schema.org\",\"@graph\":[{\"@type\":\"Article\",\"@id\":\"https:\/\/marekkuchcinski.pl\/sk\/wydarzenia\/sejm-uchwalil-trzynasta-emeryture-marszalek-kuchcinski-dotrzymujemy-slowa-wychodzimy-naprzeciw-wieloletnim-zaniedbaniom-wobec-osob-starszych\/#article\",\"isPartOf\":{\"@id\":\"https:\/\/marekkuchcinski.pl\/sk\/wydarzenia\/sejm-uchwalil-trzynasta-emeryture-marszalek-kuchcinski-dotrzymujemy-slowa-wychodzimy-naprzeciw-wieloletnim-zaniedbaniom-wobec-osob-starszych\/\"},\"author\":{\"name\":\"admin\",\"@id\":\"https:\/\/marekkuchcinski.pl\/#\/schema\/person\/6f62700996b4d950b6ea2d1183b6c6be\"},\"headline\":\"Sejm uchwali\u0142 &#8222;trzynast\u0105 emerytur\u0119&#8221;. Marsza\u0142ek Kuchci\u0144ski: Dotrzymujemy s\u0142owa. Wychodzimy naprzeciw wieloletnim zaniedbaniom wobec os\u00f3b starszych\",\"datePublished\":\"2019-04-04T19:16:09+00:00\",\"dateModified\":\"2019-04-10T11:00:26+00:00\",\"mainEntityOfPage\":{\"@id\":\"https:\/\/marekkuchcinski.pl\/sk\/wydarzenia\/sejm-uchwalil-trzynasta-emeryture-marszalek-kuchcinski-dotrzymujemy-slowa-wychodzimy-naprzeciw-wieloletnim-zaniedbaniom-wobec-osob-starszych\/\"},\"wordCount\":834,\"commentCount\":0,\"publisher\":{\"@id\":\"https:\/\/marekkuchcinski.pl\/#organization\"},\"image\":{\"@id\":\"https:\/\/marekkuchcinski.pl\/sk\/wydarzenia\/sejm-uchwalil-trzynasta-emeryture-marszalek-kuchcinski-dotrzymujemy-slowa-wychodzimy-naprzeciw-wieloletnim-zaniedbaniom-wobec-osob-starszych\/#primaryimage\"},\"thumbnailUrl\":\"https:\/\/marekkuchcinski.pl\/wp-content\/uploads\/2019\/04\/PSX_20190404_230243.jpg\",\"articleSection\":[\"Prawo i Sprawiedliwo\u015b\u0107\",\"Wie\u015bci z Sejmu\",\"Wydarzenia\"],\"inLanguage\":\"sk-SK\",\"potentialAction\":[{\"@type\":\"CommentAction\",\"name\":\"Comment\",\"target\":[\"https:\/\/marekkuchcinski.pl\/sk\/wydarzenia\/sejm-uchwalil-trzynasta-emeryture-marszalek-kuchcinski-dotrzymujemy-slowa-wychodzimy-naprzeciw-wieloletnim-zaniedbaniom-wobec-osob-starszych\/#respond\"]}]},{\"@type\":\"WebPage\",\"@id\":\"https:\/\/marekkuchcinski.pl\/sk\/wydarzenia\/sejm-uchwalil-trzynasta-emeryture-marszalek-kuchcinski-dotrzymujemy-slowa-wychodzimy-naprzeciw-wieloletnim-zaniedbaniom-wobec-osob-starszych\/\",\"url\":\"https:\/\/marekkuchcinski.pl\/sk\/wydarzenia\/sejm-uchwalil-trzynasta-emeryture-marszalek-kuchcinski-dotrzymujemy-slowa-wychodzimy-naprzeciw-wieloletnim-zaniedbaniom-wobec-osob-starszych\/\",\"name\":\"Sejm uchwali\u0142 \\\"trzynast\u0105 emerytur\u0119\\\". Marsza\u0142ek Kuchci\u0144ski: Dotrzymujemy s\u0142owa. Wychodzimy naprzeciw wieloletnim zaniedbaniom wobec os\u00f3b starszych &#8211; Marek Kuchci\u0144ski\",\"isPartOf\":{\"@id\":\"https:\/\/marekkuchcinski.pl\/#website\"},\"primaryImageOfPage\":{\"@id\":\"https:\/\/marekkuchcinski.pl\/sk\/wydarzenia\/sejm-uchwalil-trzynasta-emeryture-marszalek-kuchcinski-dotrzymujemy-slowa-wychodzimy-naprzeciw-wieloletnim-zaniedbaniom-wobec-osob-starszych\/#primaryimage\"},\"image\":{\"@id\":\"https:\/\/marekkuchcinski.pl\/sk\/wydarzenia\/sejm-uchwalil-trzynasta-emeryture-marszalek-kuchcinski-dotrzymujemy-slowa-wychodzimy-naprzeciw-wieloletnim-zaniedbaniom-wobec-osob-starszych\/#primaryimage\"},\"thumbnailUrl\":\"https:\/\/marekkuchcinski.pl\/wp-content\/uploads\/2019\/04\/PSX_20190404_230243.jpg\",\"datePublished\":\"2019-04-04T19:16:09+00:00\",\"dateModified\":\"2019-04-10T11:00:26+00:00\",\"breadcrumb\":{\"@id\":\"https:\/\/marekkuchcinski.pl\/sk\/wydarzenia\/sejm-uchwalil-trzynasta-emeryture-marszalek-kuchcinski-dotrzymujemy-slowa-wychodzimy-naprzeciw-wieloletnim-zaniedbaniom-wobec-osob-starszych\/#breadcrumb\"},\"inLanguage\":\"sk-SK\",\"potentialAction\":[{\"@type\":\"ReadAction\",\"target\":[\"https:\/\/marekkuchcinski.pl\/sk\/wydarzenia\/sejm-uchwalil-trzynasta-emeryture-marszalek-kuchcinski-dotrzymujemy-slowa-wychodzimy-naprzeciw-wieloletnim-zaniedbaniom-wobec-osob-starszych\/\"]}]},{\"@type\":\"ImageObject\",\"inLanguage\":\"sk-SK\",\"@id\":\"https:\/\/marekkuchcinski.pl\/sk\/wydarzenia\/sejm-uchwalil-trzynasta-emeryture-marszalek-kuchcinski-dotrzymujemy-slowa-wychodzimy-naprzeciw-wieloletnim-zaniedbaniom-wobec-osob-starszych\/#primaryimage\",\"url\":\"https:\/\/marekkuchcinski.pl\/wp-content\/uploads\/2019\/04\/PSX_20190404_230243.jpg\",\"contentUrl\":\"https:\/\/marekkuchcinski.pl\/wp-content\/uploads\/2019\/04\/PSX_20190404_230243.jpg\",\"width\":2048,\"height\":1434},{\"@type\":\"BreadcrumbList\",\"@id\":\"https:\/\/marekkuchcinski.pl\/sk\/wydarzenia\/sejm-uchwalil-trzynasta-emeryture-marszalek-kuchcinski-dotrzymujemy-slowa-wychodzimy-naprzeciw-wieloletnim-zaniedbaniom-wobec-osob-starszych\/#breadcrumb\",\"itemListElement\":[{\"@type\":\"ListItem\",\"position\":1,\"name\":\"Strona g\u0142\u00f3wna\",\"item\":\"https:\/\/marekkuchcinski.pl\/\"},{\"@type\":\"ListItem\",\"position\":2,\"name\":\"Sejm uchwali\u0142 &#8220;trzynast\u0105 emerytur\u0119&#8221;. Marsza\u0142ek Kuchci\u0144ski: Dotrzymujemy s\u0142owa. Wychodzimy naprzeciw wieloletnim zaniedbaniom wobec os\u00f3b starszych\"}]},{\"@type\":\"WebSite\",\"@id\":\"https:\/\/marekkuchcinski.pl\/#website\",\"url\":\"https:\/\/marekkuchcinski.pl\/\",\"name\":\"Marek Kuchci\u0144ski\",\"description\":\"Pose\u0142 na sejm RP &ndash; okr\u0119g nr 22\",\"publisher\":{\"@id\":\"https:\/\/marekkuchcinski.pl\/#organization\"},\"potentialAction\":[{\"@type\":\"SearchAction\",\"target\":{\"@type\":\"EntryPoint\",\"urlTemplate\":\"https:\/\/marekkuchcinski.pl\/?s={search_term_string}\"},\"query-input\":{\"@type\":\"PropertyValueSpecification\",\"valueRequired\":true,\"valueName\":\"search_term_string\"}}],\"inLanguage\":\"sk-SK\"},{\"@type\":\"Organization\",\"@id\":\"https:\/\/marekkuchcinski.pl\/#organization\",\"name\":\"Marek Kuchci\u0144ski\",\"url\":\"https:\/\/marekkuchcinski.pl\/\",\"logo\":{\"@type\":\"ImageObject\",\"inLanguage\":\"sk-SK\",\"@id\":\"https:\/\/marekkuchcinski.pl\/#\/schema\/logo\/image\/\",\"url\":\"https:\/\/marekkuchcinski.pl\/wp-content\/uploads\/2022\/09\/Marek.jpg\",\"contentUrl\":\"https:\/\/marekkuchcinski.pl\/wp-content\/uploads\/2022\/09\/Marek.jpg\",\"width\":1600,\"height\":971,\"caption\":\"Marek Kuchci\u0144ski\"},\"image\":{\"@id\":\"https:\/\/marekkuchcinski.pl\/#\/schema\/logo\/image\/\"}},{\"@type\":\"Person\",\"@id\":\"https:\/\/marekkuchcinski.pl\/#\/schema\/person\/6f62700996b4d950b6ea2d1183b6c6be\",\"name\":\"admin\",\"image\":{\"@type\":\"ImageObject\",\"inLanguage\":\"sk-SK\",\"@id\":\"https:\/\/marekkuchcinski.pl\/#\/schema\/person\/image\/\",\"url\":\"https:\/\/secure.gravatar.com\/avatar\/4bab693b9d55c3d6b52c0296a8765085?s=96&d=mm&r=g\",\"contentUrl\":\"https:\/\/secure.gravatar.com\/avatar\/4bab693b9d55c3d6b52c0296a8765085?s=96&d=mm&r=g\",\"caption\":\"admin\"},\"url\":\"https:\/\/marekkuchcinski.pl\/sk\/author\/marta-olejnik\/\"}]}<\/script>\n<!-- \/ Yoast SEO plugin. -->","yoast_head_json":{"title":"Sejm uchwali\u0142 \"trzynast\u0105 emerytur\u0119\". Marsza\u0142ek Kuchci\u0144ski: Dotrzymujemy s\u0142owa. Wychodzimy naprzeciw wieloletnim zaniedbaniom wobec os\u00f3b starszych &#8211; Marek Kuchci\u0144ski","robots":{"index":"index","follow":"follow","max-snippet":"max-snippet:-1","max-image-preview":"max-image-preview:large","max-video-preview":"max-video-preview:-1"},"canonical":"https:\/\/marekkuchcinski.pl\/sk\/wydarzenia\/sejm-uchwalil-trzynasta-emeryture-marszalek-kuchcinski-dotrzymujemy-slowa-wychodzimy-naprzeciw-wieloletnim-zaniedbaniom-wobec-osob-starszych\/","og_locale":"sk_SK","og_type":"article","og_title":"Sejm uchwali\u0142 \"trzynast\u0105 emerytur\u0119\". Marsza\u0142ek Kuchci\u0144ski: Dotrzymujemy s\u0142owa. Wychodzimy naprzeciw wieloletnim zaniedbaniom wobec os\u00f3b starszych &#8211; Marek Kuchci\u0144ski","og_description":"Na 79. posiedzeniu Sejm przyj\u0105\u0142 ustaw\u0119 \u201eEmerytura plus\u201d. \u015awiadczenie skierowane do emeryt\u00f3w i rencist\u00f3w polega na wyp\u0142acaniu jednorazowo trzynastej emerytury w wysoko\u015bci &nbsp;1100 z\u0142 brutto (888,25 z\u0142 netto).&nbsp; W uzasadnieniu do ustawy Ministerstwo Rodziny obja\u015bnia, \u017ce celem jednorazowego \u015bwiadczenia pieni\u0119\u017cnego, obok pomocy dla emeryt\u00f3w i rencist\u00f3w, ma by\u0107 w szczeg\u00f3lno\u015bci zmniejszenie r\u00f3\u017cnic maj\u0105tkowych w spo\u0142ecze\u0144stwie. [&hellip;]","og_url":"https:\/\/marekkuchcinski.pl\/sk\/wydarzenia\/sejm-uchwalil-trzynasta-emeryture-marszalek-kuchcinski-dotrzymujemy-slowa-wychodzimy-naprzeciw-wieloletnim-zaniedbaniom-wobec-osob-starszych\/","og_site_name":"Marek Kuchci\u0144ski","article_published_time":"2019-04-04T19:16:09+00:00","article_modified_time":"2019-04-10T11:00:26+00:00","og_image":[{"width":2048,"height":1434,"url":"https:\/\/marekkuchcinski.pl\/wp-content\/uploads\/2019\/04\/PSX_20190404_230243.jpg","type":"image\/jpeg"}],"author":"admin","twitter_card":"summary_large_image","twitter_misc":{"Autor":"admin","Predpokladan\u00fd \u010das \u010d\u00edtania":"4 min\u00faty"},"schema":{"@context":"https:\/\/schema.org","@graph":[{"@type":"Article","@id":"https:\/\/marekkuchcinski.pl\/sk\/wydarzenia\/sejm-uchwalil-trzynasta-emeryture-marszalek-kuchcinski-dotrzymujemy-slowa-wychodzimy-naprzeciw-wieloletnim-zaniedbaniom-wobec-osob-starszych\/#article","isPartOf":{"@id":"https:\/\/marekkuchcinski.pl\/sk\/wydarzenia\/sejm-uchwalil-trzynasta-emeryture-marszalek-kuchcinski-dotrzymujemy-slowa-wychodzimy-naprzeciw-wieloletnim-zaniedbaniom-wobec-osob-starszych\/"},"author":{"name":"admin","@id":"https:\/\/marekkuchcinski.pl\/#\/schema\/person\/6f62700996b4d950b6ea2d1183b6c6be"},"headline":"Sejm uchwali\u0142 &#8222;trzynast\u0105 emerytur\u0119&#8221;. Marsza\u0142ek Kuchci\u0144ski: Dotrzymujemy s\u0142owa. Wychodzimy naprzeciw wieloletnim zaniedbaniom wobec os\u00f3b starszych","datePublished":"2019-04-04T19:16:09+00:00","dateModified":"2019-04-10T11:00:26+00:00","mainEntityOfPage":{"@id":"https:\/\/marekkuchcinski.pl\/sk\/wydarzenia\/sejm-uchwalil-trzynasta-emeryture-marszalek-kuchcinski-dotrzymujemy-slowa-wychodzimy-naprzeciw-wieloletnim-zaniedbaniom-wobec-osob-starszych\/"},"wordCount":834,"commentCount":0,"publisher":{"@id":"https:\/\/marekkuchcinski.pl\/#organization"},"image":{"@id":"https:\/\/marekkuchcinski.pl\/sk\/wydarzenia\/sejm-uchwalil-trzynasta-emeryture-marszalek-kuchcinski-dotrzymujemy-slowa-wychodzimy-naprzeciw-wieloletnim-zaniedbaniom-wobec-osob-starszych\/#primaryimage"},"thumbnailUrl":"https:\/\/marekkuchcinski.pl\/wp-content\/uploads\/2019\/04\/PSX_20190404_230243.jpg","articleSection":["Prawo i Sprawiedliwo\u015b\u0107","Wie\u015bci z Sejmu","Wydarzenia"],"inLanguage":"sk-SK","potentialAction":[{"@type":"CommentAction","name":"Comment","target":["https:\/\/marekkuchcinski.pl\/sk\/wydarzenia\/sejm-uchwalil-trzynasta-emeryture-marszalek-kuchcinski-dotrzymujemy-slowa-wychodzimy-naprzeciw-wieloletnim-zaniedbaniom-wobec-osob-starszych\/#respond"]}]},{"@type":"WebPage","@id":"https:\/\/marekkuchcinski.pl\/sk\/wydarzenia\/sejm-uchwalil-trzynasta-emeryture-marszalek-kuchcinski-dotrzymujemy-slowa-wychodzimy-naprzeciw-wieloletnim-zaniedbaniom-wobec-osob-starszych\/","url":"https:\/\/marekkuchcinski.pl\/sk\/wydarzenia\/sejm-uchwalil-trzynasta-emeryture-marszalek-kuchcinski-dotrzymujemy-slowa-wychodzimy-naprzeciw-wieloletnim-zaniedbaniom-wobec-osob-starszych\/","name":"Sejm uchwali\u0142 \"trzynast\u0105 emerytur\u0119\". Marsza\u0142ek Kuchci\u0144ski: Dotrzymujemy s\u0142owa. Wychodzimy naprzeciw wieloletnim zaniedbaniom wobec os\u00f3b starszych &#8211; Marek Kuchci\u0144ski","isPartOf":{"@id":"https:\/\/marekkuchcinski.pl\/#website"},"primaryImageOfPage":{"@id":"https:\/\/marekkuchcinski.pl\/sk\/wydarzenia\/sejm-uchwalil-trzynasta-emeryture-marszalek-kuchcinski-dotrzymujemy-slowa-wychodzimy-naprzeciw-wieloletnim-zaniedbaniom-wobec-osob-starszych\/#primaryimage"},"image":{"@id":"https:\/\/marekkuchcinski.pl\/sk\/wydarzenia\/sejm-uchwalil-trzynasta-emeryture-marszalek-kuchcinski-dotrzymujemy-slowa-wychodzimy-naprzeciw-wieloletnim-zaniedbaniom-wobec-osob-starszych\/#primaryimage"},"thumbnailUrl":"https:\/\/marekkuchcinski.pl\/wp-content\/uploads\/2019\/04\/PSX_20190404_230243.jpg","datePublished":"2019-04-04T19:16:09+00:00","dateModified":"2019-04-10T11:00:26+00:00","breadcrumb":{"@id":"https:\/\/marekkuchcinski.pl\/sk\/wydarzenia\/sejm-uchwalil-trzynasta-emeryture-marszalek-kuchcinski-dotrzymujemy-slowa-wychodzimy-naprzeciw-wieloletnim-zaniedbaniom-wobec-osob-starszych\/#breadcrumb"},"inLanguage":"sk-SK","potentialAction":[{"@type":"ReadAction","target":["https:\/\/marekkuchcinski.pl\/sk\/wydarzenia\/sejm-uchwalil-trzynasta-emeryture-marszalek-kuchcinski-dotrzymujemy-slowa-wychodzimy-naprzeciw-wieloletnim-zaniedbaniom-wobec-osob-starszych\/"]}]},{"@type":"ImageObject","inLanguage":"sk-SK","@id":"https:\/\/marekkuchcinski.pl\/sk\/wydarzenia\/sejm-uchwalil-trzynasta-emeryture-marszalek-kuchcinski-dotrzymujemy-slowa-wychodzimy-naprzeciw-wieloletnim-zaniedbaniom-wobec-osob-starszych\/#primaryimage","url":"https:\/\/marekkuchcinski.pl\/wp-content\/uploads\/2019\/04\/PSX_20190404_230243.jpg","contentUrl":"https:\/\/marekkuchcinski.pl\/wp-content\/uploads\/2019\/04\/PSX_20190404_230243.jpg","width":2048,"height":1434},{"@type":"BreadcrumbList","@id":"https:\/\/marekkuchcinski.pl\/sk\/wydarzenia\/sejm-uchwalil-trzynasta-emeryture-marszalek-kuchcinski-dotrzymujemy-slowa-wychodzimy-naprzeciw-wieloletnim-zaniedbaniom-wobec-osob-starszych\/#breadcrumb","itemListElement":[{"@type":"ListItem","position":1,"name":"Strona g\u0142\u00f3wna","item":"https:\/\/marekkuchcinski.pl\/"},{"@type":"ListItem","position":2,"name":"Sejm uchwali\u0142 &#8220;trzynast\u0105 emerytur\u0119&#8221;. Marsza\u0142ek Kuchci\u0144ski: Dotrzymujemy s\u0142owa. Wychodzimy naprzeciw wieloletnim zaniedbaniom wobec os\u00f3b starszych"}]},{"@type":"WebSite","@id":"https:\/\/marekkuchcinski.pl\/#website","url":"https:\/\/marekkuchcinski.pl\/","name":"Marek Kuchci\u0144ski","description":"Pose\u0142 na sejm RP &ndash; okr\u0119g nr 22","publisher":{"@id":"https:\/\/marekkuchcinski.pl\/#organization"},"potentialAction":[{"@type":"SearchAction","target":{"@type":"EntryPoint","urlTemplate":"https:\/\/marekkuchcinski.pl\/?s={search_term_string}"},"query-input":{"@type":"PropertyValueSpecification","valueRequired":true,"valueName":"search_term_string"}}],"inLanguage":"sk-SK"},{"@type":"Organization","@id":"https:\/\/marekkuchcinski.pl\/#organization","name":"Marek Kuchci\u0144ski","url":"https:\/\/marekkuchcinski.pl\/","logo":{"@type":"ImageObject","inLanguage":"sk-SK","@id":"https:\/\/marekkuchcinski.pl\/#\/schema\/logo\/image\/","url":"https:\/\/marekkuchcinski.pl\/wp-content\/uploads\/2022\/09\/Marek.jpg","contentUrl":"https:\/\/marekkuchcinski.pl\/wp-content\/uploads\/2022\/09\/Marek.jpg","width":1600,"height":971,"caption":"Marek Kuchci\u0144ski"},"image":{"@id":"https:\/\/marekkuchcinski.pl\/#\/schema\/logo\/image\/"}},{"@type":"Person","@id":"https:\/\/marekkuchcinski.pl\/#\/schema\/person\/6f62700996b4d950b6ea2d1183b6c6be","name":"admin","image":{"@type":"ImageObject","inLanguage":"sk-SK","@id":"https:\/\/marekkuchcinski.pl\/#\/schema\/person\/image\/","url":"https:\/\/secure.gravatar.com\/avatar\/4bab693b9d55c3d6b52c0296a8765085?s=96&d=mm&r=g","contentUrl":"https:\/\/secure.gravatar.com\/avatar\/4bab693b9d55c3d6b52c0296a8765085?s=96&d=mm&r=g","caption":"admin"},"url":"https:\/\/marekkuchcinski.pl\/sk\/author\/marta-olejnik\/"}]}},"_links":{"self":[{"href":"https:\/\/marekkuchcinski.pl\/sk\/wp-json\/wp\/v2\/posts\/14517","targetHints":{"allow":["GET"]}}],"collection":[{"href":"https:\/\/marekkuchcinski.pl\/sk\/wp-json\/wp\/v2\/posts"}],"about":[{"href":"https:\/\/marekkuchcinski.pl\/sk\/wp-json\/wp\/v2\/types\/post"}],"author":[{"embeddable":true,"href":"https:\/\/marekkuchcinski.pl\/sk\/wp-json\/wp\/v2\/users\/6"}],"replies":[{"embeddable":true,"href":"https:\/\/marekkuchcinski.pl\/sk\/wp-json\/wp\/v2\/comments?post=14517"}],"version-history":[{"count":17,"href":"https:\/\/marekkuchcinski.pl\/sk\/wp-json\/wp\/v2\/posts\/14517\/revisions"}],"predecessor-version":[{"id":14628,"href":"https:\/\/marekkuchcinski.pl\/sk\/wp-json\/wp\/v2\/posts\/14517\/revisions\/14628"}],"wp:featuredmedia":[{"embeddable":true,"href":"https:\/\/marekkuchcinski.pl\/sk\/wp-json\/wp\/v2\/media\/14575"}],"wp:attachment":[{"href":"https:\/\/marekkuchcinski.pl\/sk\/wp-json\/wp\/v2\/media?parent=14517"}],"wp:term":[{"taxonomy":"category","embeddable":true,"href":"https:\/\/marekkuchcinski.pl\/sk\/wp-json\/wp\/v2\/categories?post=14517"},{"taxonomy":"post_tag","embeddable":true,"href":"https:\/\/marekkuchcinski.pl\/sk\/wp-json\/wp\/v2\/tags?post=14517"}],"curies":[{"name":"wp","href":"https:\/\/api.w.org\/{rel}","templated":true}]}}