{"id":14407,"date":"2019-04-02T17:09:22","date_gmt":"2019-04-02T15:09:22","guid":{"rendered":"https:\/\/marekkuchcinski.pl\/?p=14407"},"modified":"2019-04-02T22:38:39","modified_gmt":"2019-04-02T20:38:39","slug":"pis-skutecznie-pomaga-ludziom-i-ogranicza-biede-i-nierownosci","status":"publish","type":"post","link":"https:\/\/marekkuchcinski.pl\/sk\/wydarzenia\/pis-skutecznie-pomaga-ludziom-i-ogranicza-biede-i-nierownosci\/","title":{"rendered":"Po\u013esko je l\u00eddrom v oblasti vyrovn\u00e1vania \u017eivotnej \u00farovne. PiS \u00fa\u010dinne zni\u017euje rozdiely medzi bohat\u00fdmi a chudobn\u00fdmi"},"content":{"rendered":"<p class=\"wp-block-paragraph\"><strong>Spr\u00e1va humanit\u00e1rnej organiz\u00e1cie Oxfam \"The Commitment to Reducing Inequality Index 2018\" ukazuje, \u017ee Po\u013esko je na prvom mieste, pokia\u013e ide o zni\u017eovanie rozdielov medzi chudobn\u00fdmi a bohat\u00fdmi.<\/strong> <\/p>\n\n\n\n<p class=\"wp-block-paragraph\"><strong>Tri roky hlavn\u00e9ho programu Pr\u00e1vo a spravodlivos\u0165 - 500 plus -<\/strong>&nbsp;<strong>potvrdi\u0165 opr\u00e1vnenos\u0165 programu, preto vl\u00e1da ide o krok \u010falej a pon\u00faka pr\u00edplatok 500 PLN nielen na prv\u00e9 die\u0165a, ale na ka\u017ed\u00e9 die\u0165a.<\/strong><\/p>\n\n\n\n<p class=\"wp-block-paragraph\">Pripome\u0148me si, \u017ee v roku 2018 sa zaviedla aj v\u00fdsluhov\u00e1 d\u00e1vka 300 plus, \u010do je finan\u010dn\u00e1 injekcia pre rodiny s de\u0165mi, ktor\u00e9 za\u010d\u00ednaj\u00fa \u0161kolsk\u00fd rok, alebo program Mama 4 plus - pre \u017eeny, ktor\u00e9 vychovali aspo\u0148 \u0161tyri deti.<\/p>\n\n\n\n<p class=\"wp-block-paragraph\">Sejm sa na svojom zasadnut\u00ed 3. - 4. apr\u00edla bude zaobera\u0165 aj n\u00e1vrhom z\u00e1kona ministerstva rodiny, pr\u00e1ce a soci\u00e1lnej politiky, ktor\u00fdm sa poskytuje podpora star\u0161\u00edm \u013eu\u010fom - d\u00f4chodcom a invalidn\u00fdm d\u00f4chodcom - t. j. 13. d\u00f4chodok, ktor\u00fd bude predstavova\u0165 1100 PLN brutto (888,25 PLN netto). Projekt sa t\u00fdka mili\u00f3nov \u013eud\u00ed. Mnoh\u00ed z nich napriek tomu, \u017ee v\u00e4\u010d\u0161inu \u017eivota pracovali, starostlivo po\u010d\u00edtaj\u00fa svoje zlot\u00e9 - m\u00ed\u0148aj\u00fa ich na zdravie alebo pom\u00e1haj\u00fa rodine...<\/p>\n\n\n\n<p class=\"wp-block-paragraph\">V d\u00f4vodovej spr\u00e1ve k z\u00e1konu ministerstvo vysvet\u013euje, \u017ee cie\u013eom jednorazovej pe\u0148a\u017enej d\u00e1vky je okrem pomoci d\u00f4chodcom najm\u00e4 zn\u00ed\u017eenie majetkov\u00fdch rozdielov v spolo\u010dnosti. Hoci sa v posledn\u00fdch rokoch uskuto\u010dnilo mnoho zmien na ochranu v\u00fd\u0161ky d\u00f4chodkov\u00fdch d\u00e1vok, t\u00e1to pomoc sa st\u00e1le pova\u017euje za nedostato\u010dn\u00fa.<\/p>\n\n\n\n<p class=\"wp-block-paragraph\">Ak parlament n\u00e1vrh podpor\u00ed a prezident ho podp\u00ed\u0161e, trin\u00e1sta platba sa uskuto\u010dn\u00ed 1. m\u00e1ja tohto roku.<\/p>\n\n\n\n<p class=\"wp-block-paragraph\">Stoj\u00ed za to upokoji\u0165 t\u00fdch, ktor\u00ed s\u00fa negat\u00edvne naladen\u00ed a ob\u00e1vaj\u00fa sa\n\u010di \u0161t\u00e1tny rozpo\u010det dok\u00e1\u017ee splni\u0165 tieto s\u013euby a spochybni\u0165 obvinenia, \u017ee\nvl\u00e1da rozd\u00e1va peniaze da\u0148ov\u00fdch poplatn\u00edkov.&nbsp;<\/p>\n\n\n\n<p class=\"wp-block-paragraph\">Pr\u00edjmy po\u013esk\u00e9ho rozpo\u010dtu s\u00fa 380,1 mld.\n\u00dadaje ministerstva financi\u00ed zo 7. febru\u00e1ra 2019). Len 59,9 miliardy PLN\npoch\u00e1dza z dan\u00ed fyzick\u00fdch os\u00f4b, t. j. zo \u0161tatistick\u00e9ho Smitha.<\/p>\n\n\n\n<p class=\"wp-block-paragraph\">V krajin\u00e1ch, ako je Nemecko alebo \u0160v\u00e9dsko, finan\u010dn\u00e1 podpora\nV krajin\u00e1ch ako Nemecko alebo \u0160v\u00e9dsko sa finan\u010dn\u00e1 podpora pre rodiny s de\u0165mi nepova\u017euje za almu\u017enu, ale za m\u00fadru prorodinn\u00fa politiku.\nTo je d\u00f4le\u017eit\u00e9 najm\u00e4 v s\u00favislosti s klesaj\u00facim po\u010dtom obyvate\u013eov Eur\u00f3py.\npopul\u00e1cia sa zmen\u0161uje.<\/p>\n\n\n\n<p class=\"wp-block-paragraph\"><strong>Preto je potrebn\u00e9 pozera\u0165 sa na \u0161t\u00e1tnu politiku ako na starostlivos\u0165 o dne\u0161n\u00fdch najmlad\u0161\u00edch a dobr\u00fa invest\u00edciu do n\u00e1\u0161ho zajtraj\u0161ka.<\/strong><\/p>\n\n\n\n<p class=\"wp-block-paragraph\"><\/p>\n\n\n\n<p class=\"wp-block-paragraph\"><em>Text Marta Olejnik<\/em><\/p>\n\n\n\n<figure class=\"wp-block-image\"><img fetchpriority=\"high\" decoding=\"async\" width=\"801\" height=\"451\" src=\"https:\/\/marekkuchcinski.pl\/wp-content\/uploads\/2019\/04\/image-3.png\" alt=\"\" class=\"wp-image-14410\" srcset=\"https:\/\/marekkuchcinski.pl\/wp-content\/uploads\/2019\/04\/image-3.png 801w, https:\/\/marekkuchcinski.pl\/wp-content\/uploads\/2019\/04\/image-3-300x169.png 300w, https:\/\/marekkuchcinski.pl\/wp-content\/uploads\/2019\/04\/image-3-768x432.png 768w\" sizes=\"(max-width: 801px) 100vw, 801px\" \/><\/figure>\n\n\n\n<p class=\"wp-block-paragraph\"><\/p>\n\n\n\n<figure class=\"wp-block-image\"><img decoding=\"async\" width=\"801\" height=\"451\" src=\"https:\/\/marekkuchcinski.pl\/wp-content\/uploads\/2019\/04\/image-1.png\" alt=\"\" class=\"wp-image-14408\" srcset=\"https:\/\/marekkuchcinski.pl\/wp-content\/uploads\/2019\/04\/image-1.png 801w, https:\/\/marekkuchcinski.pl\/wp-content\/uploads\/2019\/04\/image-1-300x169.png 300w, https:\/\/marekkuchcinski.pl\/wp-content\/uploads\/2019\/04\/image-1-768x432.png 768w\" sizes=\"(max-width: 801px) 100vw, 801px\" \/><\/figure>\n\n\n\n<figure class=\"wp-block-image\"><img decoding=\"async\" width=\"801\" height=\"451\" src=\"https:\/\/marekkuchcinski.pl\/wp-content\/uploads\/2019\/04\/image.png\" alt=\"\" class=\"wp-image-14418\" srcset=\"https:\/\/marekkuchcinski.pl\/wp-content\/uploads\/2019\/04\/image.png 801w, https:\/\/marekkuchcinski.pl\/wp-content\/uploads\/2019\/04\/image-300x169.png 300w, https:\/\/marekkuchcinski.pl\/wp-content\/uploads\/2019\/04\/image-768x432.png 768w\" sizes=\"(max-width: 801px) 100vw, 801px\" \/><\/figure>\n\n\n\n<figure class=\"wp-block-image\"><img loading=\"lazy\" decoding=\"async\" width=\"801\" height=\"451\" src=\"https:\/\/marekkuchcinski.pl\/wp-content\/uploads\/2019\/04\/image-2.png\" alt=\"\" class=\"wp-image-14409\" srcset=\"https:\/\/marekkuchcinski.pl\/wp-content\/uploads\/2019\/04\/image-2.png 801w, https:\/\/marekkuchcinski.pl\/wp-content\/uploads\/2019\/04\/image-2-300x169.png 300w, https:\/\/marekkuchcinski.pl\/wp-content\/uploads\/2019\/04\/image-2-768x432.png 768w\" sizes=\"(max-width: 801px) 100vw, 801px\" \/><\/figure>\n\n\n\n<figure class=\"wp-block-image\"><img loading=\"lazy\" decoding=\"async\" width=\"801\" height=\"451\" src=\"https:\/\/marekkuchcinski.pl\/wp-content\/uploads\/2019\/04\/image-4.png\" alt=\"\" class=\"wp-image-14411\" srcset=\"https:\/\/marekkuchcinski.pl\/wp-content\/uploads\/2019\/04\/image-4.png 801w, https:\/\/marekkuchcinski.pl\/wp-content\/uploads\/2019\/04\/image-4-300x169.png 300w, https:\/\/marekkuchcinski.pl\/wp-content\/uploads\/2019\/04\/image-4-768x432.png 768w\" sizes=\"(max-width: 801px) 100vw, 801px\" \/><\/figure>\n\n\n\n<figure class=\"wp-block-image\"><img loading=\"lazy\" decoding=\"async\" width=\"800\" height=\"451\" src=\"https:\/\/marekkuchcinski.pl\/wp-content\/uploads\/2019\/04\/image-5.png\" alt=\"\" class=\"wp-image-14412\" srcset=\"https:\/\/marekkuchcinski.pl\/wp-content\/uploads\/2019\/04\/image-5.png 800w, https:\/\/marekkuchcinski.pl\/wp-content\/uploads\/2019\/04\/image-5-300x169.png 300w, https:\/\/marekkuchcinski.pl\/wp-content\/uploads\/2019\/04\/image-5-768x433.png 768w\" sizes=\"(max-width: 800px) 100vw, 800px\" \/><\/figure>\n\n\n\n<figure class=\"wp-block-image\"><img loading=\"lazy\" decoding=\"async\" width=\"801\" height=\"450\" src=\"https:\/\/marekkuchcinski.pl\/wp-content\/uploads\/2019\/04\/image-6.png\" alt=\"\" class=\"wp-image-14413\" srcset=\"https:\/\/marekkuchcinski.pl\/wp-content\/uploads\/2019\/04\/image-6.png 801w, https:\/\/marekkuchcinski.pl\/wp-content\/uploads\/2019\/04\/image-6-300x169.png 300w, https:\/\/marekkuchcinski.pl\/wp-content\/uploads\/2019\/04\/image-6-768x431.png 768w\" sizes=\"(max-width: 801px) 100vw, 801px\" \/><\/figure>\n\n\n\n<figure class=\"wp-block-image\"><img loading=\"lazy\" decoding=\"async\" width=\"800\" height=\"450\" src=\"https:\/\/marekkuchcinski.pl\/wp-content\/uploads\/2019\/04\/image-7.png\" alt=\"\" class=\"wp-image-14414\" srcset=\"https:\/\/marekkuchcinski.pl\/wp-content\/uploads\/2019\/04\/image-7.png 800w, https:\/\/marekkuchcinski.pl\/wp-content\/uploads\/2019\/04\/image-7-300x169.png 300w, https:\/\/marekkuchcinski.pl\/wp-content\/uploads\/2019\/04\/image-7-768x432.png 768w\" sizes=\"(max-width: 800px) 100vw, 800px\" \/><\/figure>\n\n\n\n<figure class=\"wp-block-image\"><img loading=\"lazy\" decoding=\"async\" width=\"800\" height=\"450\" src=\"https:\/\/marekkuchcinski.pl\/wp-content\/uploads\/2019\/04\/image-8.png\" alt=\"\" class=\"wp-image-14415\" srcset=\"https:\/\/marekkuchcinski.pl\/wp-content\/uploads\/2019\/04\/image-8.png 800w, https:\/\/marekkuchcinski.pl\/wp-content\/uploads\/2019\/04\/image-8-300x169.png 300w, https:\/\/marekkuchcinski.pl\/wp-content\/uploads\/2019\/04\/image-8-768x432.png 768w\" sizes=\"(max-width: 800px) 100vw, 800px\" \/><\/figure>\n\n\n\n<figure class=\"wp-block-image\"><img loading=\"lazy\" decoding=\"async\" width=\"800\" height=\"450\" src=\"https:\/\/marekkuchcinski.pl\/wp-content\/uploads\/2019\/04\/image-10.png\" alt=\"\" class=\"wp-image-14417\" srcset=\"https:\/\/marekkuchcinski.pl\/wp-content\/uploads\/2019\/04\/image-10.png 800w, https:\/\/marekkuchcinski.pl\/wp-content\/uploads\/2019\/04\/image-10-300x169.png 300w, https:\/\/marekkuchcinski.pl\/wp-content\/uploads\/2019\/04\/image-10-768x432.png 768w\" sizes=\"(max-width: 800px) 100vw, 800px\" \/><\/figure>","protected":false},"excerpt":{"rendered":"<p>Z raportu organizacji humanitarnej Oxfam &#8222;The Commitment to Reducing Inequality Index 2018&#8221; wynika, \u017ce Polska jest na pierwszym miejscu pod wzgl\u0119dem niwelowania r\u00f3\u017cnic mi\u0119dzy biednymi a bogatymi. Trzy lata flagowego programu Prawa i Sprawiedliwo\u015bci \u2013 500 plus&nbsp;\u2013&nbsp;potwierdzaj\u0105 zasadno\u015b\u0107 programu, rz\u0105d idzie wi\u0119c za ciosem i oferuje 500 z\u0142 dodatku nie tylko na pierwsze, ale na [&hellip;]<\/p>\n","protected":false},"author":6,"featured_media":14440,"comment_status":"open","ping_status":"open","sticky":false,"template":"","format":"standard","meta":{"ngg_post_thumbnail":0,"footnotes":""},"categories":[82,81,3],"tags":[],"class_list":["post-14407","post","type-post","status-publish","format-standard","has-post-thumbnail","hentry","category-prawo-i-sprawiedliwosc","category-wiesci-z-sejmu","category-wydarzenia"],"_links":{"self":[{"href":"https:\/\/marekkuchcinski.pl\/sk\/wp-json\/wp\/v2\/posts\/14407","targetHints":{"allow":["GET"]}}],"collection":[{"href":"https:\/\/marekkuchcinski.pl\/sk\/wp-json\/wp\/v2\/posts"}],"about":[{"href":"https:\/\/marekkuchcinski.pl\/sk\/wp-json\/wp\/v2\/types\/post"}],"author":[{"embeddable":true,"href":"https:\/\/marekkuchcinski.pl\/sk\/wp-json\/wp\/v2\/users\/6"}],"replies":[{"embeddable":true,"href":"https:\/\/marekkuchcinski.pl\/sk\/wp-json\/wp\/v2\/comments?post=14407"}],"version-history":[{"count":14,"href":"https:\/\/marekkuchcinski.pl\/sk\/wp-json\/wp\/v2\/posts\/14407\/revisions"}],"predecessor-version":[{"id":14454,"href":"https:\/\/marekkuchcinski.pl\/sk\/wp-json\/wp\/v2\/posts\/14407\/revisions\/14454"}],"wp:featuredmedia":[{"embeddable":true,"href":"https:\/\/marekkuchcinski.pl\/sk\/wp-json\/wp\/v2\/media\/14440"}],"wp:attachment":[{"href":"https:\/\/marekkuchcinski.pl\/sk\/wp-json\/wp\/v2\/media?parent=14407"}],"wp:term":[{"taxonomy":"category","embeddable":true,"href":"https:\/\/marekkuchcinski.pl\/sk\/wp-json\/wp\/v2\/categories?post=14407"},{"taxonomy":"post_tag","embeddable":true,"href":"https:\/\/marekkuchcinski.pl\/sk\/wp-json\/wp\/v2\/tags?post=14407"}],"curies":[{"name":"wp","href":"https:\/\/api.w.org\/{rel}","templated":true}]}}