{"id":14400,"date":"2019-04-02T12:14:34","date_gmt":"2019-04-02T10:14:34","guid":{"rendered":"https:\/\/marekkuchcinski.pl\/?p=14400"},"modified":"2019-04-02T14:07:44","modified_gmt":"2019-04-02T12:07:44","slug":"emerytura-plus-dalsze-uszczelnianie-vat-walka-z-mafia-lekowa-zapowiedz-79-posiedzenia-sejmu%ef%bb%bf","status":"publish","type":"post","link":"https:\/\/marekkuchcinski.pl\/sk\/wydarzenia\/emerytura-plus-dalsze-uszczelnianie-vat-walka-z-mafia-lekowa-zapowiedz-79-posiedzenia-sejmu%ef%bb%bf\/","title":{"rendered":"\"D\u00f4chodok Plus\", \u010fal\u0161ie spr\u00edsnenie DPH, boj proti drogovej mafii. Ozn\u00e1menie o 79. zasadnut\u00ed Sejmu"},"content":{"rendered":"<p class=\"wp-block-paragraph\">V stredu 3. apr\u00edla o 10.00 h sa za\u010dne 79. sch\u00f4dza Sejmu. Hlavn\u00fdm bodom programu bude projekt \"Emerytura Plus\", t. j. dodato\u010dn\u00e1 podpora d\u00f4chodcov v roku 2019. Program zah\u0155\u0148a aj \u010fal\u0161ie n\u00e1vrhy na spr\u00edsnenie DPH a n\u00e1vrh na boj proti drogovej mafii. Poslanci sa bud\u00fa zaobera\u0165 aj ratifik\u00e1ciou protokolu o prist\u00fapen\u00ed Severn\u00e9ho Maced\u00f3nska k NATO. <\/p>\n\n\n\n<p class=\"wp-block-paragraph\">Pod\u013ea projektu predlo\u017een\u00e9ho vl\u00e1dou, ktor\u00fd sa t\u00fdka poskytovania&nbsp;<strong>\"Emerytura Plus\", tento rok dostan\u00fa v\u0161etci d\u00f4chodcovia dodato\u010dn\u00fd d\u00f4chodok vo v\u00fd\u0161ke 1100 PLN brutto, teda 888,25 PLN na ruku.<\/strong>. Podpora sa vypl\u00e1ca automaticky, bez zbyto\u010dn\u00e9ho papierovania, bez oh\u013eadu na v\u00fd\u0161ku poberan\u00fdch d\u00e1vok. Trin\u00e1sty d\u00f4chodok dostane&nbsp;<strong>viac ako 9,8 mili\u00f3na star\u0161\u00edch ob\u010danov, z toho takmer 7 mili\u00f3nov d\u00f4chodcov a viac ako 2,5 mili\u00f3na invalidn\u00fdch d\u00f4chodcov<\/strong>. D\u00e1vku bud\u00fa vyu\u017e\u00edva\u0165 osoby vo v\u0161eobecnom syst\u00e9me poistenia, po\u013enohospod\u00e1ri vo Fonde po\u013enohospod\u00e1rskeho soci\u00e1lneho poistenia, uniformovan\u00e9 slu\u017eby, vojnov\u00ed invalidi a d\u00f4chodcovia a osoby poberaj\u00face kompenza\u010dn\u00e9 d\u00e1vky pre u\u010dite\u013eov, predd\u00f4chodkov\u00e9 d\u00e1vky a pr\u00edspevky alebo soci\u00e1lne d\u00f4chodky. Vl\u00e1da zd\u00f4raz\u0148uje, \u017ee v z\u00e1ujme zlep\u0161enia situ\u00e1cie d\u00f4chodcov a ich finan\u010dn\u00e9ho zabezpe\u010denia sa v roku 2019 prv\u00fdkr\u00e1t po 30 rokoch zav\u00e1dza trojit\u00e1 akcia pre seniorov:&nbsp;<strong>\u00faprava d\u00f4chodkov na z\u00e1klade kv\u00f3ty, zn\u00ed\u017eenie PIT a d\u00e1vka \"d\u00f4chodok plus\".<\/strong>.<\/p>\n\n\n\n<p class=\"wp-block-paragraph\"><strong>Vytvorenie jednotnej datab\u00e1zy platite\u013eov DPH<\/strong>&nbsp;predpoklad\u00e1 navrhovan\u00fa novelu z\u00e1kona o dani z tovaru a slu\u017eieb. Tento vl\u00e1dny n\u00e1vrh je s\u00fa\u010das\u0165ou realiz\u00e1cie expozit\u00fary premi\u00e9ra Mateusza Morawieck\u00e9ho. Cie\u013eom nov\u00fdch rie\u0161en\u00ed je&nbsp;<strong>\u010fal\u0161ie spr\u00edsnenie syst\u00e9mu DPH<\/strong>. Prispeje tie\u017e k posilneniu spravodlivej hospod\u00e1rskej s\u00fa\u0165a\u017ee medzi podnikate\u013emi a k obmedzeniu \u0161edej z\u00f3ny. Pod\u013ea n\u00e1vrhu bude zoznam platite\u013eov DPH zverejnen\u00fd na webovej str\u00e1nke ministerstva financi\u00ed. Register m\u00e1<strong>minimalizova\u0165 riziko ne\u00famyselnej \u00fa\u010dasti da\u0148ovn\u00edkov na koloto\u010doch DPH<\/strong>.<\/p>\n\n\n\n<p class=\"wp-block-paragraph\"><strong>Ukon\u010denie neleg\u00e1lneho v\u00fdvozu liekov z Po\u013eska<\/strong>&nbsp;- To m\u00e1 by\u0165 d\u00f4sledok vl\u00e1dnych n\u00e1vrhov na zmeny z\u00e1kona o liekoch a z\u00e1kona o lek\u00e1renskej \u010dinnosti. Cie\u013eom je&nbsp;<strong>\u00fa\u010dinn\u00fd boj proti drogovej mafii.<\/strong>V n\u00e1vrhu sa stanovuj\u00fa pr\u00edsnej\u0161ie sankcie za nez\u00e1konn\u00fd v\u00fdvoz liekov. Zav\u00e1dza sa n\u00edm z\u00e1kaz pre ve\u013ekoobchodn\u00edkov s liekmi, ktor\u00ed ich z\u00edskavaj\u00fa od maloobchodn\u00edkov,<a href=\"http:\/\/m.in\/\" target=\"_blank\" rel=\"noreferrer noopener\">okrem in\u00e9ho<\/a>. v lek\u00e1r\u0148ach. Za nadobudnutie, likvid\u00e1ciu, v\u00fdvoz alebo skladovanie lieku v rozpore so z\u00e1konom hroz\u00ed trest od\u0148atia slobody od 3 mesiacov do 5 rokov. V pr\u00edpade rozsiahlych trestn\u00fdch \u010dinov od 6 mesiacov do 8 rokov, a ak trestn\u00fd \u010din zah\u0155\u0148a&nbsp;<strong>lieku, pri ktorom hroz\u00ed, \u017ee nebude v Po\u013esku dostupn\u00fd, sa potrest\u00e1 od\u0148at\u00edm slobody na jeden a\u017e desa\u0165 rokov.<\/strong>.<\/p>\n\n\n\n<p class=\"wp-block-paragraph\">Sejm sa bude zaobera\u0165 projektom t\u00fdkaj\u00facim sa&nbsp;<strong>ratifik\u00e1cia Protokolu k Severoatlantickej zmluve o prist\u00fapen\u00ed Severn\u00e9ho Maced\u00f3nska<\/strong>podp\u00edsan\u00e1 v Bruseli 6. febru\u00e1ra 2019. Vl\u00e1da poukazuje na to, \u017ee politika roz\u0161irovania NATO m\u00e1 na\u010falej z\u00e1sadn\u00fd v\u00fdznam pre zv\u00fd\u0161enie z\u00f3ny bezpe\u010dnosti a stability na hraniciach Eur\u00f3py a v jej okol\u00ed. Pod\u013ea hodnotenia vl\u00e1dy&nbsp;<strong>vstup Severn\u00e9ho Maced\u00f3nska do NATO by mal prinies\u0165 hmatate\u013en\u00fa stabilitu pre cel\u00fd regi\u00f3n z\u00e1padn\u00e9ho Balk\u00e1nu a pozit\u00edvnu zmenu bezpe\u010dnostn\u00e9ho prostredia v okol\u00ed Po\u013eska<\/strong>.<\/p>\n\n\n\n<p class=\"wp-block-paragraph\">Na 79. sch\u00f4dzi sa bude Sejm zaobera\u0165 aj n\u00e1vrhom na vyslovenie ned\u00f4very ministrovi po\u013enohospod\u00e1rstva a rozvoja vidieka.<\/p>\n\n\n\n<p class=\"wp-block-paragraph\">V r\u00e1mci hlasovania napl\u00e1novan\u00e9ho na druh\u00fd de\u0148 sch\u00f4dze bude Parlament&nbsp;<a href=\"http:\/\/m.in\/\" target=\"_blank\" rel=\"noreferrer noopener\">okrem in\u00e9ho<\/a>. rozhodnutie o vymenovan\u00ed predsedu \u00daradu na ochranu osobn\u00fdch \u00fadajov.<\/p>\n\n\n\n<p class=\"wp-block-paragraph\">\u00dapln\u00e9 znenie 79. zasadnutia Sejmu:&nbsp;<a href=\"http:\/\/www.sejm.gov.pl\/Sejm8.nsf\/PorzadekObrad.xsp\" target=\"_blank\" rel=\"noreferrer noopener\">http:\/\/www.sejm.gov.pl\/Sejm8.nsf\/PorzadekObrad.xsp<\/a><\/p>\n\n\n\n<p class=\"wp-block-paragraph\">Videoz\u00e1znam na Youtube:&nbsp;<a href=\"https:\/\/www.youtube.com\/watch?v=ou9nhlm9EZQ&amp;feature=youtu.be&amp;fbclid=IwAR3Dx6DkhlrJ-jpMTVnJ5wwpzlTscYtWMQ9QLaOIWtrE5fwYIlPqEz5PbZw\" target=\"_blank\" rel=\"noreferrer noopener\">https:\/\/www.youtube.com\/watch?v=ou9nhlm9EZQ&amp;feature=youtu.be&amp;fbclid=IwAR3Dx6DkhlrJ-jpMTVnJ5wwpzlTscYtWMQ9QLaOIWtrE5fwYIlPqEz5PbZw<\/a><\/p>\n\n\n\n<p class=\"wp-block-paragraph\">Odkaz na ozn\u00e1menie na webovej str\u00e1nke Sejmu:<a rel=\"noreferrer noopener\" href=\"http:\/\/sejm.gov.pl\/Sejm8.nsf\/komunikat.xsp?documentId=C39276B74F52C96DC12583CC003D02C9\" target=\"_blank\">&nbsp;http:\/\/sejm.gov.pl\/Sejm8.nsf\/komunikat.xsp?documentId=C39276B74F52C96DC12583CC003D02C9<\/a><\/p>\n\n\n\n<figure class=\"wp-block-image\"><img fetchpriority=\"high\" decoding=\"async\" width=\"1024\" height=\"722\" src=\"https:\/\/marekkuchcinski.pl\/wp-content\/uploads\/2019\/04\/na-www-sejm-1-1024x722.jpg\" alt=\"\" class=\"wp-image-14437\" srcset=\"https:\/\/marekkuchcinski.pl\/wp-content\/uploads\/2019\/04\/na-www-sejm-1-1024x722.jpg 1024w, https:\/\/marekkuchcinski.pl\/wp-content\/uploads\/2019\/04\/na-www-sejm-1-300x212.jpg 300w, https:\/\/marekkuchcinski.pl\/wp-content\/uploads\/2019\/04\/na-www-sejm-1-768x542.jpg 768w, https:\/\/marekkuchcinski.pl\/wp-content\/uploads\/2019\/04\/na-www-sejm-1.jpg 2048w\" sizes=\"(max-width: 1024px) 100vw, 1024px\" \/><figcaption><em>Sejm Po\u013eskej republiky\/ foto: Marta Olejnik<\/em><\/figcaption><\/figure>","protected":false},"excerpt":{"rendered":"<p>W \u015brod\u0119 3 kwietnia o godz. 10:00 rozpocznie si\u0119 79. posiedzenie Sejmu. G\u0142\u00f3wnym punktem obrad b\u0119dzie projekt \u201eEmerytura Plus\u201d, czyli dodatkowe wsparcie dla emeryt\u00f3w i rencist\u00f3w w 2019 r. W porz\u0105dku posiedzenia tak\u017ce m.in. kolejne propozycje dotycz\u0105ce uszczelniania VAT i projekt uderzaj\u0105cy w mafi\u0119 lekow\u0105. Pos\u0142owie b\u0119d\u0105 te\u017c pracowa\u0107 nad ratyfikacj\u0105 protoko\u0142u ws. akcesji Macedonii [&hellip;]<\/p>\n","protected":false},"author":6,"featured_media":14436,"comment_status":"open","ping_status":"open","sticky":false,"template":"","format":"standard","meta":{"ngg_post_thumbnail":0,"footnotes":""},"categories":[82,81,3],"tags":[],"class_list":["post-14400","post","type-post","status-publish","format-standard","has-post-thumbnail","hentry","category-prawo-i-sprawiedliwosc","category-wiesci-z-sejmu","category-wydarzenia"],"_links":{"self":[{"href":"https:\/\/marekkuchcinski.pl\/sk\/wp-json\/wp\/v2\/posts\/14400","targetHints":{"allow":["GET"]}}],"collection":[{"href":"https:\/\/marekkuchcinski.pl\/sk\/wp-json\/wp\/v2\/posts"}],"about":[{"href":"https:\/\/marekkuchcinski.pl\/sk\/wp-json\/wp\/v2\/types\/post"}],"author":[{"embeddable":true,"href":"https:\/\/marekkuchcinski.pl\/sk\/wp-json\/wp\/v2\/users\/6"}],"replies":[{"embeddable":true,"href":"https:\/\/marekkuchcinski.pl\/sk\/wp-json\/wp\/v2\/comments?post=14400"}],"version-history":[{"count":5,"href":"https:\/\/marekkuchcinski.pl\/sk\/wp-json\/wp\/v2\/posts\/14400\/revisions"}],"predecessor-version":[{"id":14438,"href":"https:\/\/marekkuchcinski.pl\/sk\/wp-json\/wp\/v2\/posts\/14400\/revisions\/14438"}],"wp:featuredmedia":[{"embeddable":true,"href":"https:\/\/marekkuchcinski.pl\/sk\/wp-json\/wp\/v2\/media\/14436"}],"wp:attachment":[{"href":"https:\/\/marekkuchcinski.pl\/sk\/wp-json\/wp\/v2\/media?parent=14400"}],"wp:term":[{"taxonomy":"category","embeddable":true,"href":"https:\/\/marekkuchcinski.pl\/sk\/wp-json\/wp\/v2\/categories?post=14400"},{"taxonomy":"post_tag","embeddable":true,"href":"https:\/\/marekkuchcinski.pl\/sk\/wp-json\/wp\/v2\/tags?post=14400"}],"curies":[{"name":"wp","href":"https:\/\/api.w.org\/{rel}","templated":true}]}}