{"id":14234,"date":"2019-03-29T13:16:52","date_gmt":"2019-03-29T12:16:52","guid":{"rendered":"https:\/\/marekkuchcinski.pl\/?p=14234"},"modified":"2019-03-29T14:45:54","modified_gmt":"2019-03-29T13:45:54","slug":"5-kaczynskiego-bardzo-pozytywny-odbior-polakow-i-nadzieja-na-lepsze-jutro","status":"publish","type":"post","link":"https:\/\/marekkuchcinski.pl\/sk\/wydarzenia\/5-kaczynskiego-bardzo-pozytywny-odbior-polakow-i-nadzieja-na-lepsze-jutro\/","title":{"rendered":"Kaczy\u0144sk\u00e9ho p\u00e4\u0165ka - pozit\u00edvne prijatie a ve\u013ek\u00fd kredit"},"content":{"rendered":"<p class=\"wp-block-paragraph\">45 percent respondentov prieskumu CBOS sa domnieva, \u017ee po\u013esk\u00fd \u0161t\u00e1t si m\u00f4\u017ee dovoli\u0165 realizova\u0165 Kaczy\u0144sk\u00e9ho p\u00e4\u0165ku. Verejnos\u0165 vn\u00edma vyhl\u00e1sen\u00e9 programy ve\u013emi dobre a najvy\u0161\u0161ie hodnotenie m\u00e1 podpora star\u0161\u00edch \u013eud\u00ed - d\u00f4chodcov, t. j. trin\u00e1sty d\u00f4chodok, ktor\u00fd bude vo v\u00fd\u0161ke 1 100 PLN brutto (888,25 PLN netto). <\/p>\n\n\n\n<p class=\"wp-block-paragraph\">N\u00e1vrh z\u00e1kona ministerstva rodiny, pr\u00e1ce a soci\u00e1lnej politiky sa t\u00fdka mili\u00f3nov \u013eud\u00ed. Mnoh\u00ed z nich napriek tomu, \u017ee v\u00e4\u010d\u0161inu \u017eivota pracovali, starostlivo po\u010d\u00edtaj\u00fa svoje zlot\u00e9 - m\u00ed\u0148aj\u00fa ich na svoje zdravie alebo pom\u00e1haj\u00fa svojej rodine...<\/p>\n\n\n\n<p class=\"wp-block-paragraph\">V d\u00f4vodovej spr\u00e1ve k z\u00e1konu ministerstvo vysvet\u013euje, \u017ee cie\u013eom jednorazovej pe\u0148a\u017enej d\u00e1vky je okrem pomoci d\u00f4chodcom najm\u00e4 zn\u00ed\u017eenie majetkov\u00fdch rozdielov v spolo\u010dnosti. Hoci sa v posledn\u00fdch rokoch uskuto\u010dnilo mnoho zmien na ochranu v\u00fd\u0161ky d\u00f4chodkov\u00fdch d\u00e1vok, t\u00e1to pomoc sa st\u00e1le pova\u017euje za nedostato\u010dn\u00fa.<\/p>\n\n\n\n<p class=\"wp-block-paragraph\"> Ak parlament n\u00e1vrh podpor\u00ed a prezident ho podp\u00ed\u0161e, trin\u00e1sta platba sa uskuto\u010dn\u00ed 1. m\u00e1ja tohto roku.  <\/p>\n\n\n\n<p class=\"wp-block-paragraph\"><\/p>\n\n\n\n<figure class=\"wp-block-image\"><img fetchpriority=\"high\" decoding=\"async\" width=\"1024\" height=\"661\" src=\"https:\/\/marekkuchcinski.pl\/wp-content\/uploads\/2019\/03\/CBOS-500-plus-1024x661.png\" alt=\"\" class=\"wp-image-14235\" srcset=\"https:\/\/marekkuchcinski.pl\/wp-content\/uploads\/2019\/03\/CBOS-500-plus-1024x661.png 1024w, https:\/\/marekkuchcinski.pl\/wp-content\/uploads\/2019\/03\/CBOS-500-plus-300x194.png 300w, https:\/\/marekkuchcinski.pl\/wp-content\/uploads\/2019\/03\/CBOS-500-plus-768x496.png 768w, https:\/\/marekkuchcinski.pl\/wp-content\/uploads\/2019\/03\/CBOS-500-plus.png 1028w\" sizes=\"(max-width: 1024px) 100vw, 1024px\" \/><\/figure>\n\n\n\n<figure class=\"wp-block-embed is-type-rich is-provider-marek-kuchcinski\"><div class=\"wp-block-embed__wrapper\">\n<blockquote class=\"wp-embedded-content\" data-secret=\"uxMRpOUno6\"><a href=\"https:\/\/marekkuchcinski.pl\/sk\/prawo-i-sprawiedliwosc\/dobry-program-laczy-polakow-piatke-kaczynskiego-pozytywnie-ocenia-zarowno-wiekszosc-wyborcow-pis\/\">Dobr\u00fd program sp\u00e1ja Poliakov. Kaczy\u0144sk\u00e9ho p\u00e4\u0165ku vn\u00edma pozit\u00edvne v\u00e4\u010d\u0161ina voli\u010dov PiS aj PO<\/a><\/blockquote><iframe class=\"wp-embedded-content\" sandbox=\"allow-scripts\" security=\"restricted\" style=\"position: absolute; clip: rect(1px, 1px, 1px, 1px);\" title=\"&quot;Dobr\u00fd program sp\u00e1ja Poliakov. Kaczynsk\u00e9ho p\u00e4\u0165ku pozit\u00edvne vn\u00edma v\u00e4\u010d\u0161ina voli\u010dov PiS aj PO.&quot; - Marek Kuchcinski\" src=\"https:\/\/marekkuchcinski.pl\/prawo-i-sprawiedliwosc\/dobry-program-laczy-polakow-piatke-kaczynskiego-pozytywnie-ocenia-zarowno-wiekszosc-wyborcow-pis\/embed\/#?secret=uxMRpOUno6\" data-secret=\"uxMRpOUno6\" width=\"600\" height=\"338\" frameborder=\"0\" marginwidth=\"0\" marginheight=\"0\" scrolling=\"no\"><\/iframe>\n<\/div><\/figure>\n\n\n\n<ul class=\"wp-block-gallery columns-1 is-cropped wp-block-gallery-1 is-layout-flex wp-block-gallery-is-layout-flex\"><li class=\"blocks-gallery-item\"><figure><img decoding=\"async\" width=\"1024\" height=\"665\" src=\"https:\/\/marekkuchcinski.pl\/wp-content\/uploads\/2019\/03\/jk-5-plus-1-1024x665.jpg\" alt=\"\" data-id=\"14238\" data-link=\"https:\/\/marekkuchcinski.pl\/?attachment_id=14238\" class=\"wp-image-14238\" srcset=\"https:\/\/marekkuchcinski.pl\/wp-content\/uploads\/2019\/03\/jk-5-plus-1.jpg 1024w, https:\/\/marekkuchcinski.pl\/wp-content\/uploads\/2019\/03\/jk-5-plus-1-300x195.jpg 300w, https:\/\/marekkuchcinski.pl\/wp-content\/uploads\/2019\/03\/jk-5-plus-1-768x499.jpg 768w\" sizes=\"(max-width: 1024px) 100vw, 1024px\" \/><figcaption>Jaroslaw Kaczynski po\u010das prezent\u00e1cie novej p\u00e4\u0165ky. Var\u0161ava, Expo, febru\u00e1r 2019<br>Foto: Marta Olejnik<\/figcaption><\/figure><\/li><\/ul>","protected":false},"excerpt":{"rendered":"<p>45 proc. ankietowanych przez CBOS uwa\u017ca, \u017ce pa\u0144stwo polskie sta\u0107 na realizacj\u0119 Pi\u0105tki Kaczy\u0144skiego. Spo\u0142eczny odbi\u00f3r zapowiadanych program\u00f3w jest bardzo dobry, a najwy\u017cej ocenia si\u0119 wsparcie dla ludzi starszych &#8211; emeryt\u00f3w i rencist\u00f3w &#8211; czyli trzynast\u0105 emerytur\u0119, kt\u00f3ra wyniesie 1100 z\u0142 brutto (888,25 z\u0142 netto). Projekt ustawy Ministerstwa Rodziny, Pracy i Polityki Spo\u0142ecznej dotyczy milion\u00f3w [&hellip;]<\/p>\n","protected":false},"author":6,"featured_media":14237,"comment_status":"open","ping_status":"open","sticky":false,"template":"","format":"standard","meta":{"ngg_post_thumbnail":0,"footnotes":""},"categories":[3],"tags":[],"class_list":["post-14234","post","type-post","status-publish","format-standard","has-post-thumbnail","hentry","category-wydarzenia"],"_links":{"self":[{"href":"https:\/\/marekkuchcinski.pl\/sk\/wp-json\/wp\/v2\/posts\/14234","targetHints":{"allow":["GET"]}}],"collection":[{"href":"https:\/\/marekkuchcinski.pl\/sk\/wp-json\/wp\/v2\/posts"}],"about":[{"href":"https:\/\/marekkuchcinski.pl\/sk\/wp-json\/wp\/v2\/types\/post"}],"author":[{"embeddable":true,"href":"https:\/\/marekkuchcinski.pl\/sk\/wp-json\/wp\/v2\/users\/6"}],"replies":[{"embeddable":true,"href":"https:\/\/marekkuchcinski.pl\/sk\/wp-json\/wp\/v2\/comments?post=14234"}],"version-history":[{"count":21,"href":"https:\/\/marekkuchcinski.pl\/sk\/wp-json\/wp\/v2\/posts\/14234\/revisions"}],"predecessor-version":[{"id":14265,"href":"https:\/\/marekkuchcinski.pl\/sk\/wp-json\/wp\/v2\/posts\/14234\/revisions\/14265"}],"wp:featuredmedia":[{"embeddable":true,"href":"https:\/\/marekkuchcinski.pl\/sk\/wp-json\/wp\/v2\/media\/14237"}],"wp:attachment":[{"href":"https:\/\/marekkuchcinski.pl\/sk\/wp-json\/wp\/v2\/media?parent=14234"}],"wp:term":[{"taxonomy":"category","embeddable":true,"href":"https:\/\/marekkuchcinski.pl\/sk\/wp-json\/wp\/v2\/categories?post=14234"},{"taxonomy":"post_tag","embeddable":true,"href":"https:\/\/marekkuchcinski.pl\/sk\/wp-json\/wp\/v2\/tags?post=14234"}],"curies":[{"name":"wp","href":"https:\/\/api.w.org\/{rel}","templated":true}]}}