{"id":14112,"date":"2019-03-25T14:58:54","date_gmt":"2019-03-25T13:58:54","guid":{"rendered":"https:\/\/marekkuchcinski.pl\/?p=14112"},"modified":"2019-03-25T15:01:55","modified_gmt":"2019-03-25T14:01:55","slug":"list-marszalka-sejmu-okazji-poswiecenia-oraz-otwarcie-pierwszej-polsce-parafialnej-instalacji-fotowoltaicznej","status":"publish","type":"post","link":"https:\/\/marekkuchcinski.pl\/sk\/bez-kategorii\/lms\/list-marszalka-sejmu-okazji-poswiecenia-oraz-otwarcie-pierwszej-polsce-parafialnej-instalacji-fotowoltaicznej\/","title":{"rendered":"List predsedu Sejmu pri pr\u00edle\u017eitosti vysv\u00e4tenia a otvorenia prvej farskej fotovoltaickej in\u0161tal\u00e1cie v Po\u013esku"},"content":{"rendered":"<p><strong>P\u00e1ter Krzysztof Kwieci\u0144ski<\/strong><\/p>\n<p><strong>Far\u00e1r farsk\u00e9ho kostola <\/strong><\/p>\n<p><strong>Panna M\u00e1ria \u010censtochovsk\u00e1 <\/strong><\/p>\n<p><strong>v Iskrzynii<\/strong><\/p>\n<p><strong>\u00a0<\/strong><\/p>\n<p><strong>P\u00e1n Kazimierz Jaworski <\/strong><\/p>\n<p><strong>Predseda spr\u00e1vnej rady siete <\/strong><\/p>\n<p><strong>Solar Energy Parks Ltd.<\/strong><\/p>\n<p><strong>\u00a0<\/strong><\/p>\n<p>Reverend Monsignor, v\u00e1\u017een\u00fd p\u00e1n predseda,<\/p>\n<p>&nbsp;<\/p>\n<p>Chcel by som v\u00e1m \u00faprimne po\u010fakova\u0165 za pozvanie na jedine\u010dn\u00fa sl\u00e1vnos\u0165 - posv\u00e4tenie a otvorenie prvej farskej fotovoltaickej in\u0161tal\u00e1cie v Po\u013esku. So z\u00e1ujmom a rados\u0165ou som prijal inform\u00e1cie o vyu\u017e\u00edvan\u00ed inovat\u00edvnych foriem energie v Iskrzynii.<\/p>\n<p>Chcel by som vyjadri\u0165 ve\u013ek\u00e9 uznanie inici\u00e1torom a v\u0161etk\u00fdm, ktor\u00ed prispeli k realiz\u00e1cii tohto projektu. Ide o mimoriadne d\u00f4le\u017eit\u00fd projekt nielen z ekologick\u00e9ho h\u013eadiska, ale aj zo soci\u00e1lneho a komunitn\u00e9ho h\u013eadiska.<\/p>\n<p>Sv\u00e4t\u00fd J\u00e1n Pavol II. vo svojom u\u010den\u00ed venoval ve\u013ek\u00fa pozornos\u0165 probl\u00e9mom ochrany pr\u00edrodn\u00e9ho a \u013eudsk\u00e9ho prostredia. Uk\u00e1zal, \u017ee tieto dva rozmery sa navz\u00e1jom nevylu\u010duj\u00fa, ale s\u00fa rovnako d\u00f4le\u017eit\u00e9 a dop\u013a\u0148aj\u00fa sa. Opakovane zd\u00f4raznil, \u017ee starostlivos\u0165 o pr\u00edrodu je povinnos\u0165ou v\u0161etk\u00fdch \u013eud\u00ed, preto\u017ee postupn\u00e1 degrad\u00e1cia a zne\u010dis\u0165ovanie p\u00f4dy, vody a ovzdu\u0161ia prin\u00e1\u0161a obyvate\u013eom Zeme rovnak\u00e9 negat\u00edvne d\u00f4sledky. D\u00f4razne vyzval \u013eud\u00ed, aby podnikli spolo\u010dn\u00e9 kroky na zastavenie ni\u010denia pr\u00edrodn\u00fdch zdrojov.<\/p>\n<p>Projekt farsk\u00fdch fotovoltaick\u00fdch zariaden\u00ed je v s\u00falade s posolstvom sv\u00e4t\u00e9ho J\u00e1na Pavla II., zatia\u013e \u010do jeho realiz\u00e1cia v Iskrzynii je prejavom zodpovednosti a starostlivosti cel\u00e9ho miestneho spolo\u010denstva o zachovanie pr\u00edrodn\u00e9ho dedi\u010dstva. Som presved\u010den\u00fd, \u017ee fotovoltaick\u00e1 in\u0161tal\u00e1cia prispeje k rozvoju Iskrzyna a posilneniu v\u00e4zieb v komunite.<\/p>\n<p>Srde\u010dne v\u00e1s pozdravujem a posielam v\u00e1m srde\u010dn\u00e9 pozdravy.<\/p>\n<p>&nbsp;<\/p>\n<p>&nbsp;<\/p>\n<p>&nbsp;<\/p>\n<p>Marek Kuchci\u0144ski<\/p>\n<p>&nbsp;<\/p>\n<p>&nbsp;<\/p>","protected":false},"excerpt":{"rendered":"<p>Ksi\u0105dz Krzysztof Kwieci\u0144ski Proboszcz Ko\u015bcio\u0142a Parafialnego Matki Bo\u017cej Cz\u0119stochowskiej w Iskrzyni \u00a0 Pan Kazimierz Jaworski Prezes Zarz\u0105du Sieci Park\u00f3w Energii S\u0142onecznych Sp. z o.o. \u00a0 Wielebny Ksi\u0119\u017ce Proboszczu, Szanowny Panie Prezesie, &nbsp; serdecznie dzi\u0119kuj\u0119 za zaproszenie na wyj\u0105tkow\u0105 uroczysto\u015b\u0107 \u2013 po\u015bwi\u0119cenie oraz otwarcie pierwszej w Polsce Parafialnej Instalacji Fotowoltaicznej. Informacj\u0119 o\u00a0\u00a0zastosowaniu innowacyjnych form energetyki w [&hellip;]<\/p>","protected":false},"author":6,"featured_media":14113,"comment_status":"open","ping_status":"open","sticky":false,"template":"","format":"standard","meta":{"ngg_post_thumbnail":0,"footnotes":""},"categories":[104],"tags":[],"class_list":["post-14112","post","type-post","status-publish","format-standard","has-post-thumbnail","hentry","category-lms"],"yoast_head":"<!-- This site is optimized with the Yoast SEO plugin v24.7 - https:\/\/yoast.com\/wordpress\/plugins\/seo\/ -->\n<title>List marsza\u0142ka Sejmu z okazji po\u015bwi\u0119cenia oraz otwarcie pierwszej w Polsce Parafialnej Instalacji Fotowoltaicznej &#8211; Marek Kuchci\u0144ski<\/title>\n<meta name=\"robots\" content=\"index, follow, max-snippet:-1, max-image-preview:large, max-video-preview:-1\" \/>\n<link rel=\"canonical\" href=\"https:\/\/marekkuchcinski.pl\/sk\/bez-kategorii\/lms\/list-marszalka-sejmu-okazji-poswiecenia-oraz-otwarcie-pierwszej-polsce-parafialnej-instalacji-fotowoltaicznej\/\" \/>\n<meta property=\"og:locale\" content=\"sk_SK\" \/>\n<meta property=\"og:type\" content=\"article\" \/>\n<meta property=\"og:title\" content=\"List marsza\u0142ka Sejmu z okazji po\u015bwi\u0119cenia oraz otwarcie pierwszej w Polsce Parafialnej Instalacji Fotowoltaicznej &#8211; Marek Kuchci\u0144ski\" \/>\n<meta property=\"og:description\" content=\"Ksi\u0105dz Krzysztof Kwieci\u0144ski Proboszcz Ko\u015bcio\u0142a Parafialnego Matki Bo\u017cej Cz\u0119stochowskiej w Iskrzyni \u00a0 Pan Kazimierz Jaworski Prezes Zarz\u0105du Sieci Park\u00f3w Energii S\u0142onecznych Sp. z o.o. \u00a0 Wielebny Ksi\u0119\u017ce Proboszczu, Szanowny Panie Prezesie, &nbsp; serdecznie dzi\u0119kuj\u0119 za zaproszenie na wyj\u0105tkow\u0105 uroczysto\u015b\u0107 \u2013 po\u015bwi\u0119cenie oraz otwarcie pierwszej w Polsce Parafialnej Instalacji Fotowoltaicznej. Informacj\u0119 o\u00a0\u00a0zastosowaniu innowacyjnych form energetyki w [&hellip;]\" \/>\n<meta property=\"og:url\" content=\"https:\/\/marekkuchcinski.pl\/sk\/bez-kategorii\/lms\/list-marszalka-sejmu-okazji-poswiecenia-oraz-otwarcie-pierwszej-polsce-parafialnej-instalacji-fotowoltaicznej\/\" \/>\n<meta property=\"og:site_name\" content=\"Marek Kuchci\u0144ski\" \/>\n<meta property=\"article:published_time\" content=\"2019-03-25T13:58:54+00:00\" \/>\n<meta property=\"article:modified_time\" content=\"2019-03-25T14:01:55+00:00\" \/>\n<meta property=\"og:image\" content=\"https:\/\/marekkuchcinski.pl\/wp-content\/uploads\/2019\/03\/\u00a9_DSCF6504.jpg\" \/>\n\t<meta property=\"og:image:width\" content=\"2048\" \/>\n\t<meta property=\"og:image:height\" content=\"1955\" \/>\n\t<meta property=\"og:image:type\" content=\"image\/jpeg\" \/>\n<meta name=\"author\" content=\"admin\" \/>\n<meta name=\"twitter:card\" content=\"summary_large_image\" \/>\n<meta name=\"twitter:label1\" content=\"Autor\" \/>\n\t<meta name=\"twitter:data1\" content=\"admin\" \/>\n\t<meta name=\"twitter:label2\" content=\"Predpokladan\u00fd \u010das \u010d\u00edtania\" \/>\n\t<meta name=\"twitter:data2\" content=\"1 min\u00fata\" \/>\n<script type=\"application\/ld+json\" class=\"yoast-schema-graph\">{\"@context\":\"https:\/\/schema.org\",\"@graph\":[{\"@type\":\"Article\",\"@id\":\"https:\/\/marekkuchcinski.pl\/sk\/bez-kategorii\/lms\/list-marszalka-sejmu-okazji-poswiecenia-oraz-otwarcie-pierwszej-polsce-parafialnej-instalacji-fotowoltaicznej\/#article\",\"isPartOf\":{\"@id\":\"https:\/\/marekkuchcinski.pl\/sk\/bez-kategorii\/lms\/list-marszalka-sejmu-okazji-poswiecenia-oraz-otwarcie-pierwszej-polsce-parafialnej-instalacji-fotowoltaicznej\/\"},\"author\":{\"name\":\"admin\",\"@id\":\"https:\/\/marekkuchcinski.pl\/#\/schema\/person\/6f62700996b4d950b6ea2d1183b6c6be\"},\"headline\":\"List marsza\u0142ka Sejmu z okazji po\u015bwi\u0119cenia oraz otwarcie pierwszej w Polsce Parafialnej Instalacji Fotowoltaicznej\",\"datePublished\":\"2019-03-25T13:58:54+00:00\",\"dateModified\":\"2019-03-25T14:01:55+00:00\",\"mainEntityOfPage\":{\"@id\":\"https:\/\/marekkuchcinski.pl\/sk\/bez-kategorii\/lms\/list-marszalka-sejmu-okazji-poswiecenia-oraz-otwarcie-pierwszej-polsce-parafialnej-instalacji-fotowoltaicznej\/\"},\"wordCount\":298,\"commentCount\":0,\"publisher\":{\"@id\":\"https:\/\/marekkuchcinski.pl\/#organization\"},\"image\":{\"@id\":\"https:\/\/marekkuchcinski.pl\/sk\/bez-kategorii\/lms\/list-marszalka-sejmu-okazji-poswiecenia-oraz-otwarcie-pierwszej-polsce-parafialnej-instalacji-fotowoltaicznej\/#primaryimage\"},\"thumbnailUrl\":\"https:\/\/marekkuchcinski.pl\/wp-content\/uploads\/2019\/03\/\u00a9_DSCF6504.jpg\",\"articleSection\":[\"Listy Marsza\u0142ka Sejmu\"],\"inLanguage\":\"sk-SK\",\"potentialAction\":[{\"@type\":\"CommentAction\",\"name\":\"Comment\",\"target\":[\"https:\/\/marekkuchcinski.pl\/sk\/bez-kategorii\/lms\/list-marszalka-sejmu-okazji-poswiecenia-oraz-otwarcie-pierwszej-polsce-parafialnej-instalacji-fotowoltaicznej\/#respond\"]}]},{\"@type\":\"WebPage\",\"@id\":\"https:\/\/marekkuchcinski.pl\/sk\/bez-kategorii\/lms\/list-marszalka-sejmu-okazji-poswiecenia-oraz-otwarcie-pierwszej-polsce-parafialnej-instalacji-fotowoltaicznej\/\",\"url\":\"https:\/\/marekkuchcinski.pl\/sk\/bez-kategorii\/lms\/list-marszalka-sejmu-okazji-poswiecenia-oraz-otwarcie-pierwszej-polsce-parafialnej-instalacji-fotowoltaicznej\/\",\"name\":\"List marsza\u0142ka Sejmu z okazji po\u015bwi\u0119cenia oraz otwarcie pierwszej w Polsce Parafialnej Instalacji Fotowoltaicznej &#8211; Marek Kuchci\u0144ski\",\"isPartOf\":{\"@id\":\"https:\/\/marekkuchcinski.pl\/#website\"},\"primaryImageOfPage\":{\"@id\":\"https:\/\/marekkuchcinski.pl\/sk\/bez-kategorii\/lms\/list-marszalka-sejmu-okazji-poswiecenia-oraz-otwarcie-pierwszej-polsce-parafialnej-instalacji-fotowoltaicznej\/#primaryimage\"},\"image\":{\"@id\":\"https:\/\/marekkuchcinski.pl\/sk\/bez-kategorii\/lms\/list-marszalka-sejmu-okazji-poswiecenia-oraz-otwarcie-pierwszej-polsce-parafialnej-instalacji-fotowoltaicznej\/#primaryimage\"},\"thumbnailUrl\":\"https:\/\/marekkuchcinski.pl\/wp-content\/uploads\/2019\/03\/\u00a9_DSCF6504.jpg\",\"datePublished\":\"2019-03-25T13:58:54+00:00\",\"dateModified\":\"2019-03-25T14:01:55+00:00\",\"breadcrumb\":{\"@id\":\"https:\/\/marekkuchcinski.pl\/sk\/bez-kategorii\/lms\/list-marszalka-sejmu-okazji-poswiecenia-oraz-otwarcie-pierwszej-polsce-parafialnej-instalacji-fotowoltaicznej\/#breadcrumb\"},\"inLanguage\":\"sk-SK\",\"potentialAction\":[{\"@type\":\"ReadAction\",\"target\":[\"https:\/\/marekkuchcinski.pl\/sk\/bez-kategorii\/lms\/list-marszalka-sejmu-okazji-poswiecenia-oraz-otwarcie-pierwszej-polsce-parafialnej-instalacji-fotowoltaicznej\/\"]}]},{\"@type\":\"ImageObject\",\"inLanguage\":\"sk-SK\",\"@id\":\"https:\/\/marekkuchcinski.pl\/sk\/bez-kategorii\/lms\/list-marszalka-sejmu-okazji-poswiecenia-oraz-otwarcie-pierwszej-polsce-parafialnej-instalacji-fotowoltaicznej\/#primaryimage\",\"url\":\"https:\/\/marekkuchcinski.pl\/wp-content\/uploads\/2019\/03\/\u00a9_DSCF6504.jpg\",\"contentUrl\":\"https:\/\/marekkuchcinski.pl\/wp-content\/uploads\/2019\/03\/\u00a9_DSCF6504.jpg\",\"width\":2048,\"height\":1955},{\"@type\":\"BreadcrumbList\",\"@id\":\"https:\/\/marekkuchcinski.pl\/sk\/bez-kategorii\/lms\/list-marszalka-sejmu-okazji-poswiecenia-oraz-otwarcie-pierwszej-polsce-parafialnej-instalacji-fotowoltaicznej\/#breadcrumb\",\"itemListElement\":[{\"@type\":\"ListItem\",\"position\":1,\"name\":\"Strona g\u0142\u00f3wna\",\"item\":\"https:\/\/marekkuchcinski.pl\/\"},{\"@type\":\"ListItem\",\"position\":2,\"name\":\"List marsza\u0142ka Sejmu z okazji po\u015bwi\u0119cenia oraz otwarcie pierwszej w Polsce Parafialnej Instalacji Fotowoltaicznej\"}]},{\"@type\":\"WebSite\",\"@id\":\"https:\/\/marekkuchcinski.pl\/#website\",\"url\":\"https:\/\/marekkuchcinski.pl\/\",\"name\":\"Marek Kuchci\u0144ski\",\"description\":\"Pose\u0142 na sejm RP &ndash; okr\u0119g nr 22\",\"publisher\":{\"@id\":\"https:\/\/marekkuchcinski.pl\/#organization\"},\"potentialAction\":[{\"@type\":\"SearchAction\",\"target\":{\"@type\":\"EntryPoint\",\"urlTemplate\":\"https:\/\/marekkuchcinski.pl\/?s={search_term_string}\"},\"query-input\":{\"@type\":\"PropertyValueSpecification\",\"valueRequired\":true,\"valueName\":\"search_term_string\"}}],\"inLanguage\":\"sk-SK\"},{\"@type\":\"Organization\",\"@id\":\"https:\/\/marekkuchcinski.pl\/#organization\",\"name\":\"Marek Kuchci\u0144ski\",\"url\":\"https:\/\/marekkuchcinski.pl\/\",\"logo\":{\"@type\":\"ImageObject\",\"inLanguage\":\"sk-SK\",\"@id\":\"https:\/\/marekkuchcinski.pl\/#\/schema\/logo\/image\/\",\"url\":\"https:\/\/marekkuchcinski.pl\/wp-content\/uploads\/2022\/09\/Marek.jpg\",\"contentUrl\":\"https:\/\/marekkuchcinski.pl\/wp-content\/uploads\/2022\/09\/Marek.jpg\",\"width\":1600,\"height\":971,\"caption\":\"Marek Kuchci\u0144ski\"},\"image\":{\"@id\":\"https:\/\/marekkuchcinski.pl\/#\/schema\/logo\/image\/\"}},{\"@type\":\"Person\",\"@id\":\"https:\/\/marekkuchcinski.pl\/#\/schema\/person\/6f62700996b4d950b6ea2d1183b6c6be\",\"name\":\"admin\",\"image\":{\"@type\":\"ImageObject\",\"inLanguage\":\"sk-SK\",\"@id\":\"https:\/\/marekkuchcinski.pl\/#\/schema\/person\/image\/\",\"url\":\"https:\/\/secure.gravatar.com\/avatar\/4bab693b9d55c3d6b52c0296a8765085?s=96&d=mm&r=g\",\"contentUrl\":\"https:\/\/secure.gravatar.com\/avatar\/4bab693b9d55c3d6b52c0296a8765085?s=96&d=mm&r=g\",\"caption\":\"admin\"},\"url\":\"https:\/\/marekkuchcinski.pl\/sk\/author\/marta-olejnik\/\"}]}<\/script>\n<!-- \/ Yoast SEO plugin. -->","yoast_head_json":{"title":"List marsza\u0142ka Sejmu z okazji po\u015bwi\u0119cenia oraz otwarcie pierwszej w Polsce Parafialnej Instalacji Fotowoltaicznej &#8211; Marek Kuchci\u0144ski","robots":{"index":"index","follow":"follow","max-snippet":"max-snippet:-1","max-image-preview":"max-image-preview:large","max-video-preview":"max-video-preview:-1"},"canonical":"https:\/\/marekkuchcinski.pl\/sk\/bez-kategorii\/lms\/list-marszalka-sejmu-okazji-poswiecenia-oraz-otwarcie-pierwszej-polsce-parafialnej-instalacji-fotowoltaicznej\/","og_locale":"sk_SK","og_type":"article","og_title":"List marsza\u0142ka Sejmu z okazji po\u015bwi\u0119cenia oraz otwarcie pierwszej w Polsce Parafialnej Instalacji Fotowoltaicznej &#8211; Marek Kuchci\u0144ski","og_description":"Ksi\u0105dz Krzysztof Kwieci\u0144ski Proboszcz Ko\u015bcio\u0142a Parafialnego Matki Bo\u017cej Cz\u0119stochowskiej w Iskrzyni \u00a0 Pan Kazimierz Jaworski Prezes Zarz\u0105du Sieci Park\u00f3w Energii S\u0142onecznych Sp. z o.o. \u00a0 Wielebny Ksi\u0119\u017ce Proboszczu, Szanowny Panie Prezesie, &nbsp; serdecznie dzi\u0119kuj\u0119 za zaproszenie na wyj\u0105tkow\u0105 uroczysto\u015b\u0107 \u2013 po\u015bwi\u0119cenie oraz otwarcie pierwszej w Polsce Parafialnej Instalacji Fotowoltaicznej. Informacj\u0119 o\u00a0\u00a0zastosowaniu innowacyjnych form energetyki w [&hellip;]","og_url":"https:\/\/marekkuchcinski.pl\/sk\/bez-kategorii\/lms\/list-marszalka-sejmu-okazji-poswiecenia-oraz-otwarcie-pierwszej-polsce-parafialnej-instalacji-fotowoltaicznej\/","og_site_name":"Marek Kuchci\u0144ski","article_published_time":"2019-03-25T13:58:54+00:00","article_modified_time":"2019-03-25T14:01:55+00:00","og_image":[{"width":2048,"height":1955,"url":"https:\/\/marekkuchcinski.pl\/wp-content\/uploads\/2019\/03\/\u00a9_DSCF6504.jpg","type":"image\/jpeg"}],"author":"admin","twitter_card":"summary_large_image","twitter_misc":{"Autor":"admin","Predpokladan\u00fd \u010das \u010d\u00edtania":"1 min\u00fata"},"schema":{"@context":"https:\/\/schema.org","@graph":[{"@type":"Article","@id":"https:\/\/marekkuchcinski.pl\/sk\/bez-kategorii\/lms\/list-marszalka-sejmu-okazji-poswiecenia-oraz-otwarcie-pierwszej-polsce-parafialnej-instalacji-fotowoltaicznej\/#article","isPartOf":{"@id":"https:\/\/marekkuchcinski.pl\/sk\/bez-kategorii\/lms\/list-marszalka-sejmu-okazji-poswiecenia-oraz-otwarcie-pierwszej-polsce-parafialnej-instalacji-fotowoltaicznej\/"},"author":{"name":"admin","@id":"https:\/\/marekkuchcinski.pl\/#\/schema\/person\/6f62700996b4d950b6ea2d1183b6c6be"},"headline":"List marsza\u0142ka Sejmu z okazji po\u015bwi\u0119cenia oraz otwarcie pierwszej w Polsce Parafialnej Instalacji Fotowoltaicznej","datePublished":"2019-03-25T13:58:54+00:00","dateModified":"2019-03-25T14:01:55+00:00","mainEntityOfPage":{"@id":"https:\/\/marekkuchcinski.pl\/sk\/bez-kategorii\/lms\/list-marszalka-sejmu-okazji-poswiecenia-oraz-otwarcie-pierwszej-polsce-parafialnej-instalacji-fotowoltaicznej\/"},"wordCount":298,"commentCount":0,"publisher":{"@id":"https:\/\/marekkuchcinski.pl\/#organization"},"image":{"@id":"https:\/\/marekkuchcinski.pl\/sk\/bez-kategorii\/lms\/list-marszalka-sejmu-okazji-poswiecenia-oraz-otwarcie-pierwszej-polsce-parafialnej-instalacji-fotowoltaicznej\/#primaryimage"},"thumbnailUrl":"https:\/\/marekkuchcinski.pl\/wp-content\/uploads\/2019\/03\/\u00a9_DSCF6504.jpg","articleSection":["Listy Marsza\u0142ka Sejmu"],"inLanguage":"sk-SK","potentialAction":[{"@type":"CommentAction","name":"Comment","target":["https:\/\/marekkuchcinski.pl\/sk\/bez-kategorii\/lms\/list-marszalka-sejmu-okazji-poswiecenia-oraz-otwarcie-pierwszej-polsce-parafialnej-instalacji-fotowoltaicznej\/#respond"]}]},{"@type":"WebPage","@id":"https:\/\/marekkuchcinski.pl\/sk\/bez-kategorii\/lms\/list-marszalka-sejmu-okazji-poswiecenia-oraz-otwarcie-pierwszej-polsce-parafialnej-instalacji-fotowoltaicznej\/","url":"https:\/\/marekkuchcinski.pl\/sk\/bez-kategorii\/lms\/list-marszalka-sejmu-okazji-poswiecenia-oraz-otwarcie-pierwszej-polsce-parafialnej-instalacji-fotowoltaicznej\/","name":"List marsza\u0142ka Sejmu z okazji po\u015bwi\u0119cenia oraz otwarcie pierwszej w Polsce Parafialnej Instalacji Fotowoltaicznej &#8211; Marek Kuchci\u0144ski","isPartOf":{"@id":"https:\/\/marekkuchcinski.pl\/#website"},"primaryImageOfPage":{"@id":"https:\/\/marekkuchcinski.pl\/sk\/bez-kategorii\/lms\/list-marszalka-sejmu-okazji-poswiecenia-oraz-otwarcie-pierwszej-polsce-parafialnej-instalacji-fotowoltaicznej\/#primaryimage"},"image":{"@id":"https:\/\/marekkuchcinski.pl\/sk\/bez-kategorii\/lms\/list-marszalka-sejmu-okazji-poswiecenia-oraz-otwarcie-pierwszej-polsce-parafialnej-instalacji-fotowoltaicznej\/#primaryimage"},"thumbnailUrl":"https:\/\/marekkuchcinski.pl\/wp-content\/uploads\/2019\/03\/\u00a9_DSCF6504.jpg","datePublished":"2019-03-25T13:58:54+00:00","dateModified":"2019-03-25T14:01:55+00:00","breadcrumb":{"@id":"https:\/\/marekkuchcinski.pl\/sk\/bez-kategorii\/lms\/list-marszalka-sejmu-okazji-poswiecenia-oraz-otwarcie-pierwszej-polsce-parafialnej-instalacji-fotowoltaicznej\/#breadcrumb"},"inLanguage":"sk-SK","potentialAction":[{"@type":"ReadAction","target":["https:\/\/marekkuchcinski.pl\/sk\/bez-kategorii\/lms\/list-marszalka-sejmu-okazji-poswiecenia-oraz-otwarcie-pierwszej-polsce-parafialnej-instalacji-fotowoltaicznej\/"]}]},{"@type":"ImageObject","inLanguage":"sk-SK","@id":"https:\/\/marekkuchcinski.pl\/sk\/bez-kategorii\/lms\/list-marszalka-sejmu-okazji-poswiecenia-oraz-otwarcie-pierwszej-polsce-parafialnej-instalacji-fotowoltaicznej\/#primaryimage","url":"https:\/\/marekkuchcinski.pl\/wp-content\/uploads\/2019\/03\/\u00a9_DSCF6504.jpg","contentUrl":"https:\/\/marekkuchcinski.pl\/wp-content\/uploads\/2019\/03\/\u00a9_DSCF6504.jpg","width":2048,"height":1955},{"@type":"BreadcrumbList","@id":"https:\/\/marekkuchcinski.pl\/sk\/bez-kategorii\/lms\/list-marszalka-sejmu-okazji-poswiecenia-oraz-otwarcie-pierwszej-polsce-parafialnej-instalacji-fotowoltaicznej\/#breadcrumb","itemListElement":[{"@type":"ListItem","position":1,"name":"Strona g\u0142\u00f3wna","item":"https:\/\/marekkuchcinski.pl\/"},{"@type":"ListItem","position":2,"name":"List marsza\u0142ka Sejmu z okazji po\u015bwi\u0119cenia oraz otwarcie pierwszej w Polsce Parafialnej Instalacji Fotowoltaicznej"}]},{"@type":"WebSite","@id":"https:\/\/marekkuchcinski.pl\/#website","url":"https:\/\/marekkuchcinski.pl\/","name":"Marek Kuchci\u0144ski","description":"Pose\u0142 na sejm RP &ndash; okr\u0119g nr 22","publisher":{"@id":"https:\/\/marekkuchcinski.pl\/#organization"},"potentialAction":[{"@type":"SearchAction","target":{"@type":"EntryPoint","urlTemplate":"https:\/\/marekkuchcinski.pl\/?s={search_term_string}"},"query-input":{"@type":"PropertyValueSpecification","valueRequired":true,"valueName":"search_term_string"}}],"inLanguage":"sk-SK"},{"@type":"Organization","@id":"https:\/\/marekkuchcinski.pl\/#organization","name":"Marek Kuchci\u0144ski","url":"https:\/\/marekkuchcinski.pl\/","logo":{"@type":"ImageObject","inLanguage":"sk-SK","@id":"https:\/\/marekkuchcinski.pl\/#\/schema\/logo\/image\/","url":"https:\/\/marekkuchcinski.pl\/wp-content\/uploads\/2022\/09\/Marek.jpg","contentUrl":"https:\/\/marekkuchcinski.pl\/wp-content\/uploads\/2022\/09\/Marek.jpg","width":1600,"height":971,"caption":"Marek Kuchci\u0144ski"},"image":{"@id":"https:\/\/marekkuchcinski.pl\/#\/schema\/logo\/image\/"}},{"@type":"Person","@id":"https:\/\/marekkuchcinski.pl\/#\/schema\/person\/6f62700996b4d950b6ea2d1183b6c6be","name":"admin","image":{"@type":"ImageObject","inLanguage":"sk-SK","@id":"https:\/\/marekkuchcinski.pl\/#\/schema\/person\/image\/","url":"https:\/\/secure.gravatar.com\/avatar\/4bab693b9d55c3d6b52c0296a8765085?s=96&d=mm&r=g","contentUrl":"https:\/\/secure.gravatar.com\/avatar\/4bab693b9d55c3d6b52c0296a8765085?s=96&d=mm&r=g","caption":"admin"},"url":"https:\/\/marekkuchcinski.pl\/sk\/author\/marta-olejnik\/"}]}},"_links":{"self":[{"href":"https:\/\/marekkuchcinski.pl\/sk\/wp-json\/wp\/v2\/posts\/14112","targetHints":{"allow":["GET"]}}],"collection":[{"href":"https:\/\/marekkuchcinski.pl\/sk\/wp-json\/wp\/v2\/posts"}],"about":[{"href":"https:\/\/marekkuchcinski.pl\/sk\/wp-json\/wp\/v2\/types\/post"}],"author":[{"embeddable":true,"href":"https:\/\/marekkuchcinski.pl\/sk\/wp-json\/wp\/v2\/users\/6"}],"replies":[{"embeddable":true,"href":"https:\/\/marekkuchcinski.pl\/sk\/wp-json\/wp\/v2\/comments?post=14112"}],"version-history":[{"count":2,"href":"https:\/\/marekkuchcinski.pl\/sk\/wp-json\/wp\/v2\/posts\/14112\/revisions"}],"predecessor-version":[{"id":14115,"href":"https:\/\/marekkuchcinski.pl\/sk\/wp-json\/wp\/v2\/posts\/14112\/revisions\/14115"}],"wp:featuredmedia":[{"embeddable":true,"href":"https:\/\/marekkuchcinski.pl\/sk\/wp-json\/wp\/v2\/media\/14113"}],"wp:attachment":[{"href":"https:\/\/marekkuchcinski.pl\/sk\/wp-json\/wp\/v2\/media?parent=14112"}],"wp:term":[{"taxonomy":"category","embeddable":true,"href":"https:\/\/marekkuchcinski.pl\/sk\/wp-json\/wp\/v2\/categories?post=14112"},{"taxonomy":"post_tag","embeddable":true,"href":"https:\/\/marekkuchcinski.pl\/sk\/wp-json\/wp\/v2\/tags?post=14112"}],"curies":[{"name":"wp","href":"https:\/\/api.w.org\/{rel}","templated":true}]}}