{"id":14100,"date":"2019-03-24T16:38:46","date_gmt":"2019-03-24T15:38:46","guid":{"rendered":"https:\/\/marekkuchcinski.pl\/?p=14100"},"modified":"2019-03-24T16:40:36","modified_gmt":"2019-03-24T15:40:36","slug":"przemysl-obchody-350-lecia-powstania-bractwa-swietego-jozefa-udzialem-marszalka-sejmu","status":"publish","type":"post","link":"https:\/\/marekkuchcinski.pl\/sk\/wydarzenia\/przemysl-obchody-350-lecia-powstania-bractwa-swietego-jozefa-udzialem-marszalka-sejmu\/","title":{"rendered":"Przemy\u015bl: Oslavy 350 rokov Bratstva sv\u00e4t\u00e9ho Jozefa za \u00fa\u010dasti predsedu Sejmu"},"content":{"rendered":"<p dir=\"ltr\">- Chceli by sme sa po\u010fakova\u0165 otcom karmelit\u00e1nom za to, \u017ee od za\u010diatku existencie kl\u00e1\u0161tora v Przemy\u015bli a\u017e po s\u00fa\u010dasnos\u0165 sa staraj\u00fa o najvy\u0161\u0161ie hodnoty, ktor\u00e9 vyzn\u00e1vame my Poliaci, vr\u00e1tane kres\u0165ansk\u00fdch hodn\u00f4t,\" povedal predseda Sejmu Marek Kuchci\u0144ski po\u010das nede\u013en\u00fdch osl\u00e1v 350. v\u00fdro\u010dia zalo\u017eenia Bratstva sv\u00e4t\u00e9ho Jozefa v Przemy\u015bli.<\/p>\n<p dir=\"ltr\">Marek Kuchci\u0144ski vo svojom pr\u00edhovore spomenul hist\u00f3riu na\u0161ej vlasti a v\u00fdro\u010dia, ktor\u00e9 sme si pripomenuli v predch\u00e1dzaj\u00facich rokoch, t. j. 1050. v\u00fdro\u010die prijatia krstu Po\u013eska, 550. v\u00fdro\u010die parlamentarizmu Po\u013eskej republiky, 100. v\u00fdro\u010die znovuz\u00edskania nez\u00e1vislosti, ako aj to tohtoro\u010dn\u00e9: 100. v\u00fdro\u010die z\u00e1konodarn\u00e9ho zboru a 450. v\u00fdro\u010die Lublinskej \u00fanie. - Pripom\u00ednam tieto v\u00fdro\u010dia, aby som ve\u013emi silno zd\u00f4raznil, ako s\u00fa dejiny po\u013esk\u00e9ho n\u00e1roda, dejiny po\u013esk\u00e9ho \u0161t\u00e1tu spojen\u00e9 s kres\u0165anstvom a Cirkvou,\" poznamenal mar\u0161al Kuchci\u0144ski.<\/p>\n<p dir=\"ltr\">Pri pr\u00edle\u017eitosti 350. v\u00fdro\u010dia zalo\u017eenia Bratstva sv\u00e4t\u00e9ho Jozefa sa v Kostole bos\u00fdch karmelit\u00e1nov v Przemy\u015bli konala sl\u00e1vnostn\u00e1 sv\u00e4t\u00e1 om\u0161a, ktorej predsedal provinci\u00e1l p\u00e1ter Tadeusz Florek.<\/p>\n<p dir=\"ltr\">Po\u010das sl\u00e1vnostnej eucharistie predseda Sejmu vlo\u017eil do r\u00fak priora kl\u00e1\u0161tora bos\u00fdch karmelit\u00e1nov v Przemy\u015bli orn\u00e1t pripraven\u00fd pri pr\u00edle\u017eitosti 550. v\u00fdro\u010dia parlamentarizmu republiky.<\/p>\n<p dir=\"ltr\"><em>CIS<\/em><\/p>\n<p dir=\"ltr\"><em>foto: \u0141ukasz B\u0142asikiewicz\/ KS<\/em><\/p>\n<p dir=\"ltr\"><a href=\"https:\/\/marekkuchcinski.pl\/wp-content\/uploads\/2019\/03\/karmel.jpg\"><img fetchpriority=\"high\" decoding=\"async\" class=\"alignnone size-full wp-image-14103\" src=\"https:\/\/marekkuchcinski.pl\/wp-content\/uploads\/2019\/03\/karmel.jpg\" alt=\"karmel\" width=\"2784\" height=\"1856\" srcset=\"https:\/\/marekkuchcinski.pl\/wp-content\/uploads\/2019\/03\/karmel.jpg 2048w, https:\/\/marekkuchcinski.pl\/wp-content\/uploads\/2019\/03\/karmel-300x200.jpg 300w, https:\/\/marekkuchcinski.pl\/wp-content\/uploads\/2019\/03\/karmel-768x512.jpg 768w, https:\/\/marekkuchcinski.pl\/wp-content\/uploads\/2019\/03\/karmel-1024x683.jpg 1024w\" sizes=\"(max-width: 2784px) 100vw, 2784px\" \/><\/a><\/p>","protected":false},"excerpt":{"rendered":"<p>&#8211; Dzi\u0119kujemy Ojcom Karmelitom za opiek\u0119 i trwanie przy najwy\u017cszych warto\u015bciach, jakie my &#8211; Polacy wyznajemy, w tym warto\u015bciach chrze\u015bcija\u0144skich, od pocz\u0105tku istnienia klasztoru na Ziemi Przemyskiej, po czasy wsp\u00f3\u0142czesne &#8211; powiedzia\u0142 marsza\u0142ek Sejmu Marek Kuchci\u0144ski podczas niedzielnych uroczysto\u015bci z okazji 350-lecia powstania Bractwa \u015awi\u0119tego J\u00f3zefa w Przemy\u015blu. Marek Kuchci\u0144ski odwo\u0142a\u0142 si\u0119 w swoim wyst\u0105pieniu [&hellip;]<\/p>\n","protected":false},"author":6,"featured_media":14104,"comment_status":"open","ping_status":"open","sticky":false,"template":"","format":"standard","meta":{"ngg_post_thumbnail":0,"footnotes":""},"categories":[49,77,3],"tags":[],"class_list":["post-14100","post","type-post","status-publish","format-standard","has-post-thumbnail","hentry","category-podkarpacie","category-wazne-daty","category-wydarzenia"],"_links":{"self":[{"href":"https:\/\/marekkuchcinski.pl\/sk\/wp-json\/wp\/v2\/posts\/14100","targetHints":{"allow":["GET"]}}],"collection":[{"href":"https:\/\/marekkuchcinski.pl\/sk\/wp-json\/wp\/v2\/posts"}],"about":[{"href":"https:\/\/marekkuchcinski.pl\/sk\/wp-json\/wp\/v2\/types\/post"}],"author":[{"embeddable":true,"href":"https:\/\/marekkuchcinski.pl\/sk\/wp-json\/wp\/v2\/users\/6"}],"replies":[{"embeddable":true,"href":"https:\/\/marekkuchcinski.pl\/sk\/wp-json\/wp\/v2\/comments?post=14100"}],"version-history":[{"count":4,"href":"https:\/\/marekkuchcinski.pl\/sk\/wp-json\/wp\/v2\/posts\/14100\/revisions"}],"predecessor-version":[{"id":14107,"href":"https:\/\/marekkuchcinski.pl\/sk\/wp-json\/wp\/v2\/posts\/14100\/revisions\/14107"}],"wp:featuredmedia":[{"embeddable":true,"href":"https:\/\/marekkuchcinski.pl\/sk\/wp-json\/wp\/v2\/media\/14104"}],"wp:attachment":[{"href":"https:\/\/marekkuchcinski.pl\/sk\/wp-json\/wp\/v2\/media?parent=14100"}],"wp:term":[{"taxonomy":"category","embeddable":true,"href":"https:\/\/marekkuchcinski.pl\/sk\/wp-json\/wp\/v2\/categories?post=14100"},{"taxonomy":"post_tag","embeddable":true,"href":"https:\/\/marekkuchcinski.pl\/sk\/wp-json\/wp\/v2\/tags?post=14100"}],"curies":[{"name":"wp","href":"https:\/\/api.w.org\/{rel}","templated":true}]}}