{"id":14086,"date":"2019-03-24T15:59:41","date_gmt":"2019-03-24T14:59:41","guid":{"rendered":"https:\/\/marekkuchcinski.pl\/?p=14086"},"modified":"2019-03-25T12:12:54","modified_gmt":"2019-03-25T11:12:54","slug":"list-marszalka-sejmu-skierowany-uczestnikow-uroczystosci-okazji-polakow-ratujacych-zydow-czasie-ii-wojny-swiatowej","status":"publish","type":"post","link":"https:\/\/marekkuchcinski.pl\/sk\/wydarzenia\/list-marszalka-sejmu-skierowany-uczestnikow-uroczystosci-okazji-polakow-ratujacych-zydow-czasie-ii-wojny-swiatowej\/","title":{"rendered":"List predsedu Sejmu \u00fa\u010dastn\u00edkom sl\u00e1vnosti pri pr\u00edle\u017eitosti D\u0148a Poliakov, ktor\u00ed po\u010das druhej svetovej vojny zachra\u0148ovali \u017didov"},"content":{"rendered":"<p><em>\u00a0<strong>P\u00e1n W\u0142adys\u0142aw Ortyl,\u00a0<\/strong><\/em><strong><em>Mar\u0161al Podkarpatsk\u00e9ho regi\u00f3nu<\/em><\/strong><\/p>\n<p><strong><em>\u00a0P\u00e1n Miros\u0142aw Mac,\u00a0<\/em><\/strong><strong><em>Vojvodstvo obce Markowa<\/em><\/strong><\/p>\n<p><strong><em>Pani Anna Str\u00f3\u017c-Paw\u0142owska,<\/em><\/strong><strong><em>Riadite\u013e M\u00fazea Poliakov zachra\u0148uj\u00facich \u017didov<\/em><\/strong><\/p>\n<p><strong><em>\u00a0<\/em><\/strong><\/p>\n<p><em>\u00a0<\/em><\/p>\n<p><em>\u00a0\u00a0\u00a0\u00a0\u00a0\u00a0\u00a0\u00a0\u00a0\u00a0\u00a0 D\u00e1my a p\u00e1ni,<\/em><\/p>\n<p><em>\u00a0<\/em><\/p>\n<p><em>\u00a0\u00a0\u00a0\u00a0\u00a0\u00a0\u00a0\u00a0\u00a0\u00a0\u00a0 N\u00e1rodn\u00fd de\u0148 pamiatky Poliakov, ktor\u00ed zachra\u0148ovali \u017didov po\u010das nemeckej okup\u00e1cie, n\u00e1m pripom\u00edna na\u0161ich krajanov, ktor\u00ed v t\u00fa\u017ebe zachr\u00e1ni\u0165 \u017eivoty in\u00fdch obetovali svoje vlastn\u00e9. Osud Jozefa a Wiktorie Ulmovcov, najm\u00e4 ich mu\u010den\u00edcka smr\u0165 spolu so \u0161iestimi de\u0165mi, je jedn\u00fdm z otriasaj\u00facich pr\u00edkladov tejto mimoriadnej obety a z\u00e1rove\u0148 vzorom \u013eudskosti najvzne\u0161enej\u0161ej sk\u00fa\u0161ky.<\/em><\/p>\n<p><em>\u00a0\u00a0\u00a0\u00a0\u00a0\u00a0\u00a0\u00a0\u00a0\u00a0\u00a0 Samarit\u00e1ni z Markovej, plne si vedom\u00ed rizika, ktor\u00e9 podstupuj\u00fa, poskytli pr\u00edstre\u0161ie \u017eidovsk\u00fdm rodin\u00e1m. Vedeli, \u017ee za tak\u00fato pomoc hroz\u00ed nemilosrdn\u00fd trest - trest smrti. Poru\u0161ili nacistick\u00e9 pr\u00edkazy a nasledovali hlas svojho svedomia a hlboko zakorenen\u00e9 kres\u0165ansk\u00e9 hodnoty. <\/em><\/p>\n<p><em>Spomienka na N\u00e1rodn\u00fd de\u0148 pamiatky na Poliakov, ktor\u00ed zachra\u0148ovali \u017didov po\u010das nacistickej okup\u00e1cie, je \u0161pecifickou poctou v\u0161etk\u00fdm, ktor\u00ed v takom \u0165a\u017ekom obdob\u00ed pre Poliakov a \u017didov dok\u00e1zali, \u017ee bez oh\u013eadu na okolnosti a nepriaze\u0148 osudu sa v\u017edy oplat\u00ed by\u0165 \u010dlovekom. Je na\u0161ou povinnos\u0165ou nielen spom\u00edna\u0165 na nich - hrdinov holokaustu - ale aj na posolstvo, ktor\u00e9 vypl\u00fdva z ich v\u00fdnimo\u010dn\u00e9ho postoja. <\/em><\/p>\n<p><em>\u010eakujem preto organiz\u00e1torom a \u00fa\u010dastn\u00edkom sl\u00e1vnosti v Markovej za d\u00f4stojn\u00fa spomienku na t\u00fdch, ktor\u00ed si zasl\u00fa\u017eili osobitn\u00e9 miesto v na\u0161om n\u00e1rodnom povedom\u00ed.<\/em><\/p>\n<p><em>Ke\u010f\u017ee som sa nemohol z\u00fa\u010dastni\u0165 na tejto sl\u00e1vnostnej udalosti, prip\u00e1jam sa k v\u00e1m a symbolicky si uctievam hrdinov t\u00fdmto sp\u00f4sobom. <\/em><\/p>\n<p><em>\u00a0<\/em><\/p>\n<p><em>\u00a0<\/em><\/p>\n<p><em>\u00a0\u00a0\u00a0\u00a0\u00a0\u00a0\u00a0\u00a0\u00a0\u00a0\u00a0\u00a0\u00a0\u00a0\u00a0\u00a0\u00a0\u00a0\u00a0\u00a0\u00a0\u00a0\u00a0\u00a0\u00a0\u00a0\u00a0\u00a0\u00a0\u00a0\u00a0\u00a0\u00a0\u00a0\u00a0\u00a0\u00a0\u00a0\u00a0\u00a0\u00a0\u00a0\u00a0\u00a0\u00a0\u00a0\u00a0\u00a0\u00a0\u00a0\u00a0\u00a0\u00a0\u00a0\u00a0\u00a0\u00a0\u00a0\u00a0\u00a0\u00a0\u00a0\u00a0\u00a0\u00a0\u00a0\u00a0\u00a0\u00a0\u00a0\u00a0\u00a0\u00a0\u00a0\u00a0\u00a0\u00a0\u00a0\u00a0\u00a0\u00a0\u00a0 S \u00factou<\/em><\/p>\n<p><em>\u00a0<\/em><\/p>\n<p><em>\u00a0\u00a0\u00a0\u00a0\u00a0\u00a0\u00a0\u00a0\u00a0\u00a0\u00a0\u00a0\u00a0\u00a0\u00a0\u00a0\u00a0\u00a0\u00a0\u00a0\u00a0\u00a0\u00a0\u00a0\u00a0\u00a0\u00a0\u00a0\u00a0\u00a0\u00a0\u00a0\u00a0\u00a0\u00a0\u00a0\u00a0\u00a0\u00a0\u00a0\u00a0\u00a0\u00a0\u00a0\u00a0\u00a0\u00a0\u00a0\u00a0\u00a0\u00a0\u00a0\u00a0\u00a0\u00a0\u00a0\u00a0\u00a0\u00a0\u00a0\u00a0\u00a0\u00a0\u00a0\u00a0\u00a0\u00a0\u00a0\u00a0\u00a0\u00a0\u00a0\u00a0\u00a0\u00a0\u00a0\u00a0\u00a0\u00a0\u00a0\u00a0\u00a0 \u00a0 Marek Kuchci\u0144ski<\/em><\/p>\n<p>&nbsp;<\/p>\n<p><em>M\u00fazeum Ulma v Markowej, foto: Marta Olejnik<\/em><a href=\"https:\/\/marekkuchcinski.pl\/wp-content\/uploads\/2019\/03\/DSCF3941-2.jpg\"><img fetchpriority=\"high\" decoding=\"async\" class=\"alignnone size-full wp-image-14091\" src=\"https:\/\/marekkuchcinski.pl\/wp-content\/uploads\/2019\/03\/DSCF3941-2.jpg\" alt=\"DSCF3941 2\" width=\"4144\" height=\"2760\" srcset=\"https:\/\/marekkuchcinski.pl\/wp-content\/uploads\/2019\/03\/DSCF3941-2.jpg 2048w, https:\/\/marekkuchcinski.pl\/wp-content\/uploads\/2019\/03\/DSCF3941-2-300x200.jpg 300w, https:\/\/marekkuchcinski.pl\/wp-content\/uploads\/2019\/03\/DSCF3941-2-768x512.jpg 768w, https:\/\/marekkuchcinski.pl\/wp-content\/uploads\/2019\/03\/DSCF3941-2-1024x682.jpg 1024w\" sizes=\"(max-width: 4144px) 100vw, 4144px\" \/><\/a><a href=\"https:\/\/marekkuchcinski.pl\/wp-content\/uploads\/2019\/03\/DSCF4253-2.jpg\"><img decoding=\"async\" class=\"alignnone size-full wp-image-14089\" src=\"https:\/\/marekkuchcinski.pl\/wp-content\/uploads\/2019\/03\/DSCF4253-2.jpg\" alt=\"DSCF4253 2\" width=\"3925\" height=\"2539\" srcset=\"https:\/\/marekkuchcinski.pl\/wp-content\/uploads\/2019\/03\/DSCF4253-2.jpg 2048w, https:\/\/marekkuchcinski.pl\/wp-content\/uploads\/2019\/03\/DSCF4253-2-300x194.jpg 300w, https:\/\/marekkuchcinski.pl\/wp-content\/uploads\/2019\/03\/DSCF4253-2-768x497.jpg 768w, https:\/\/marekkuchcinski.pl\/wp-content\/uploads\/2019\/03\/DSCF4253-2-1024x662.jpg 1024w\" sizes=\"(max-width: 3925px) 100vw, 3925px\" \/><\/a><a href=\"https:\/\/marekkuchcinski.pl\/wp-content\/uploads\/2019\/03\/DSCF4139-001.jpg\"><img decoding=\"async\" class=\"alignnone wp-image-14087\" src=\"https:\/\/marekkuchcinski.pl\/wp-content\/uploads\/2019\/03\/DSCF4139-001.jpg\" alt=\"DSCF4139-001\" width=\"770\" height=\"514\" srcset=\"https:\/\/marekkuchcinski.pl\/wp-content\/uploads\/2019\/03\/DSCF4139-001.jpg 640w, https:\/\/marekkuchcinski.pl\/wp-content\/uploads\/2019\/03\/DSCF4139-001-300x200.jpg 300w\" sizes=\"(max-width: 770px) 100vw, 770px\" \/><\/a><\/p>","protected":false},"excerpt":{"rendered":"<p>\u00a0Pan W\u0142adys\u0142aw Ortyl,\u00a0Marsza\u0142ek Wojew\u00f3dztwa Podkarpackiego \u00a0Pan Miros\u0142aw Mac,\u00a0W\u00f3jt Gminy Markowa Pani Anna Str\u00f3\u017c-Paw\u0142owska,Dyrektor Muzeum Polak\u00f3w Ratuj\u0105cych \u017byd\u00f3w \u00a0 \u00a0 \u00a0\u00a0\u00a0\u00a0\u00a0\u00a0\u00a0\u00a0\u00a0\u00a0\u00a0 Szanowni Pa\u0144stwo, \u00a0 \u00a0\u00a0\u00a0\u00a0\u00a0\u00a0\u00a0\u00a0\u00a0\u00a0\u00a0 Narodowy Dzie\u0144 Pami\u0119ci Polak\u00f3w ratuj\u0105cych \u017byd\u00f3w pod okupacj\u0105 niemieck\u0105 przypomina nam o naszych rodakach, kt\u00f3rzy pragn\u0105c ocali\u0107 \u017cycie innych, z\u0142o\u017cyli w ofierze w\u0142asne. Losy J\u00f3zefa i Wiktorii Ulm\u00f3w, zw\u0142aszcza ich m\u0119cze\u0144ska [&hellip;]<\/p>\n","protected":false},"author":6,"featured_media":14087,"comment_status":"open","ping_status":"open","sticky":false,"template":"","format":"standard","meta":{"ngg_post_thumbnail":0,"footnotes":""},"categories":[104,49,77,3],"tags":[],"class_list":["post-14086","post","type-post","status-publish","format-standard","has-post-thumbnail","hentry","category-lms","category-podkarpacie","category-wazne-daty","category-wydarzenia"],"_links":{"self":[{"href":"https:\/\/marekkuchcinski.pl\/sk\/wp-json\/wp\/v2\/posts\/14086","targetHints":{"allow":["GET"]}}],"collection":[{"href":"https:\/\/marekkuchcinski.pl\/sk\/wp-json\/wp\/v2\/posts"}],"about":[{"href":"https:\/\/marekkuchcinski.pl\/sk\/wp-json\/wp\/v2\/types\/post"}],"author":[{"embeddable":true,"href":"https:\/\/marekkuchcinski.pl\/sk\/wp-json\/wp\/v2\/users\/6"}],"replies":[{"embeddable":true,"href":"https:\/\/marekkuchcinski.pl\/sk\/wp-json\/wp\/v2\/comments?post=14086"}],"version-history":[{"count":6,"href":"https:\/\/marekkuchcinski.pl\/sk\/wp-json\/wp\/v2\/posts\/14086\/revisions"}],"predecessor-version":[{"id":14111,"href":"https:\/\/marekkuchcinski.pl\/sk\/wp-json\/wp\/v2\/posts\/14086\/revisions\/14111"}],"wp:featuredmedia":[{"embeddable":true,"href":"https:\/\/marekkuchcinski.pl\/sk\/wp-json\/wp\/v2\/media\/14087"}],"wp:attachment":[{"href":"https:\/\/marekkuchcinski.pl\/sk\/wp-json\/wp\/v2\/media?parent=14086"}],"wp:term":[{"taxonomy":"category","embeddable":true,"href":"https:\/\/marekkuchcinski.pl\/sk\/wp-json\/wp\/v2\/categories?post=14086"},{"taxonomy":"post_tag","embeddable":true,"href":"https:\/\/marekkuchcinski.pl\/sk\/wp-json\/wp\/v2\/tags?post=14086"}],"curies":[{"name":"wp","href":"https:\/\/api.w.org\/{rel}","templated":true}]}}