{"id":14047,"date":"2019-03-23T10:17:02","date_gmt":"2019-03-23T09:17:02","guid":{"rendered":"https:\/\/marekkuchcinski.pl\/?p=14047"},"modified":"2020-03-23T09:51:40","modified_gmt":"2020-03-23T08:51:40","slug":"23-marca-dniem-przyjazni-polsko-wegierskiej","status":"publish","type":"post","link":"https:\/\/marekkuchcinski.pl\/sk\/wydarzenia\/23-marca-dniem-przyjazni-polsko-wegierskiej\/","title":{"rendered":"23. marca - De\u0148 po\u013esko-ma\u010farsk\u00e9ho priate\u013estva"},"content":{"rendered":"<p><strong>Poliakov a Ma\u010farov sp\u00e1jal ve\u013ek\u00fd most solidarity a pomoci. Poliaci pova\u017eovali hrdinsk\u00fd boj Ma\u010farov za svoj vlastn\u00fd,\" povedal na za\u010diatku svojho funk\u010dn\u00e9ho obdobia v Budape\u0161ti predseda Sejmu Marek Kuchci\u0144ski. Ak sa pozorne pozrieme na spolo\u010dn\u00fa hist\u00f3riu na\u0161ich kraj\u00edn, uvid\u00edme, ak\u00e9 pravdiv\u00e9 s\u00fa tieto slov\u00e1. Dva zdanlivo odli\u0161n\u00e9 n\u00e1rody s\u00fa u\u017e po st\u00e1ro\u010dia prepojen\u00e9 nerozlu\u010dn\u00fdm a nezvy\u010dajn\u00fdm putom, v\u010faka ktor\u00e9mu jeden nev\u00e1ha obetova\u0165 v\u0161etko pre druh\u00e9ho.<\/strong><\/p>\n<p><strong><span style=\"color: #b31515;\">Ma\u010farsk\u00fd parlament prijal 12. marca 2007 vyhl\u00e1senie, ktor\u00fdm uznal 23. marec za De\u0148 po\u013esko-ma\u010farsk\u00e9ho priate\u013estva. Podporilo ho 324 poslancov, nikto sa nezdr\u017eal hlasovania a nikto nebol proti. Podobn\u00e9 uznesenie prijal po\u013esk\u00fd Sejm aklam\u00e1ciou 16. marca 2007.<\/span><\/strong><\/p>\n<p><span style=\"color: #168012;\"><strong>Ni\u017e\u0161ie uv\u00e1dzame preh\u013ead udalost\u00ed, ktor\u00e9 sa t\u00fdkali predsedu po\u013esk\u00e9ho Sejmu a predsedu ma\u010farsk\u00e9ho parlamentu:<\/strong><\/span><\/p>\n<p><blockquote class=\"twitter-tweet\" data-width=\"550\" data-dnt=\"true\"><p lang=\"pl\" dir=\"ltr\">V Budape\u0161ti bol postaven\u00fd pam\u00e4tn\u00edk po\u013esko-ma\u010farsk\u00e9ho priate\u013estva, ktor\u00e9mu v\u010fa\u010d\u00ed za svoj \u017eivot 5 000 po\u013esk\u00fdch \u017didov. S\u0142awik a Antall si zasl\u00fa\u017eia, aby sme si ich pripomenuli <a href=\"https:\/\/t.co\/mCd6QnxOTc\">pic.twitter.com\/mCd6QnxOTc<\/a><\/p>- Marek Kuchci\u0144ski \ud83c\uddf5\ud83c\uddf1 (@MarekKuchcinski) <a href=\"https:\/\/twitter.com\/MarekKuchcinski\/status\/879286884211490817?ref_src=twsrc%5Etfw\">26. j\u00fana 2017<\/a><\/blockquote><script async src=\"https:\/\/platform.twitter.com\/widgets.js\" charset=\"utf-8\"><\/script><\/p>\n<p><a href=\"https:\/\/marekkuchcinski.pl\/sk\/wydarzenia\/marszalek-sejmu-wizyta-wegrzech-odsloniecie-pomnika-ku-czci-slawika-antalla-zaciesnianie-relacji-v4\/\">&nbsp;<\/a><\/p>\n<p><blockquote class=\"wp-embedded-content\" data-secret=\"UzSm5tT3hN\"><a href=\"https:\/\/marekkuchcinski.pl\/sk\/wydarzenia\/marszalek-sejmu-wizyta-wegrzech-odsloniecie-pomnika-ku-czci-slawika-antalla-zaciesnianie-relacji-v4\/\">Predseda Sejmu na n\u00e1v\u0161teve Ma\u010farska: odhalenie pam\u00e4tn\u00edka Slawikovi a Antallovi, posilnenie vz\u0165ahov V4<\/a><\/blockquote><iframe class=\"wp-embedded-content\" sandbox=\"allow-scripts\" security=\"restricted\" style=\"position: absolute; clip: rect(1px, 1px, 1px, 1px);\" title=\"&quot;Predseda Sejmu na n\u00e1v\u0161teve Ma\u010farska: odhalenie pam\u00e4tn\u00edka Slawikovi a Antallovi, posilnenie vz\u0165ahov V4&quot; - Marek Kuchcinski\" src=\"https:\/\/marekkuchcinski.pl\/wydarzenia\/marszalek-sejmu-wizyta-wegrzech-odsloniecie-pomnika-ku-czci-slawika-antalla-zaciesnianie-relacji-v4\/embed\/#?secret=UzSm5tT3hN\" data-secret=\"UzSm5tT3hN\" width=\"600\" height=\"338\" frameborder=\"0\" marginwidth=\"0\" marginheight=\"0\" scrolling=\"no\"><\/iframe><\/p>\n<p><blockquote class=\"wp-embedded-content\" data-secret=\"eQZnMRINtA\"><a href=\"https:\/\/marekkuchcinski.pl\/sk\/wydarzenia\/marszalek-sejmu-wzial-udzial-odslonieciu-pomnika-laweczki-henryka-slawika-jozsefa-antalla\/\">Predseda Sejmu sa z\u00fa\u010dastnil na odhalen\u00ed pam\u00e4tn\u00edka \"Lavi\u010dka Henryka Slawika a J\u00f3zsefa Antalla<\/a><\/blockquote><iframe class=\"wp-embedded-content\" sandbox=\"allow-scripts\" security=\"restricted\" style=\"position: absolute; clip: rect(1px, 1px, 1px, 1px);\" title=\"&quot;Predseda Sejmu sa z\u00fa\u010dastnil na odhalen\u00ed pam\u00e4tn\u00edka Henryka Slawika a J\u00f3zsefa Antalla na lavi\u010dke&quot; - Marek Kuchcinski\" src=\"https:\/\/marekkuchcinski.pl\/wydarzenia\/marszalek-sejmu-wzial-udzial-odslonieciu-pomnika-laweczki-henryka-slawika-jozsefa-antalla\/embed\/#?secret=eQZnMRINtA\" data-secret=\"eQZnMRINtA\" width=\"600\" height=\"338\" frameborder=\"0\" marginwidth=\"0\" marginheight=\"0\" scrolling=\"no\"><\/iframe><\/p>\n<p>&nbsp;<\/p>\n<p><blockquote class=\"wp-embedded-content\" data-secret=\"bHoRrCKqNv\"><a href=\"https:\/\/marekkuchcinski.pl\/sk\/wydarzenia\/przewodniczacy-parlamentow-polski-wegier-ustanowili-partnerstwo-strategiczne\/\">Predsedovia po\u013esk\u00e9ho a ma\u010farsk\u00e9ho parlamentu nadviazali strategick\u00e9 partnerstvo<\/a><\/blockquote><iframe class=\"wp-embedded-content\" sandbox=\"allow-scripts\" security=\"restricted\" style=\"position: absolute; clip: rect(1px, 1px, 1px, 1px);\" title=\"&quot;Predsedovia po\u013esk\u00e9ho a ma\u010farsk\u00e9ho parlamentu nadviazali strategick\u00e9 partnerstvo&quot; - Marek Kuchcinski\" src=\"https:\/\/marekkuchcinski.pl\/wydarzenia\/przewodniczacy-parlamentow-polski-wegier-ustanowili-partnerstwo-strategiczne\/embed\/#?secret=bHoRrCKqNv\" data-secret=\"bHoRrCKqNv\" width=\"600\" height=\"338\" frameborder=\"0\" marginwidth=\"0\" marginheight=\"0\" scrolling=\"no\"><\/iframe><\/p>\n<p>&nbsp;<\/p>\n<p><blockquote class=\"wp-embedded-content\" data-secret=\"IzF8ggmg6j\"><a href=\"https:\/\/marekkuchcinski.pl\/sk\/wydarzenia\/marszalek-sejmu-marek-kuchcinski-zostal-odznaczony-wielkim-krzyzem-orderu-wegierskiego\/\">Predseda Sejmu Marek Kuchci\u0144ski bol vyznamenan\u00fd Ve\u013ek\u00fdm kr\u00ed\u017eom R\u00e1du Ma\u010farska<\/a><\/blockquote><iframe class=\"wp-embedded-content\" sandbox=\"allow-scripts\" security=\"restricted\" style=\"position: absolute; clip: rect(1px, 1px, 1px, 1px);\" title=\"&quot;Predseda Sejmu Marek Kuchcinski bol vyznamenan\u00fd Ve\u013ek\u00fdm kr\u00ed\u017eom R\u00e1du Ma\u010farska&quot; - Marek Kuchcinski\" src=\"https:\/\/marekkuchcinski.pl\/wydarzenia\/marszalek-sejmu-marek-kuchcinski-zostal-odznaczony-wielkim-krzyzem-orderu-wegierskiego\/embed\/#?secret=IzF8ggmg6j\" data-secret=\"IzF8ggmg6j\" width=\"600\" height=\"338\" frameborder=\"0\" marginwidth=\"0\" marginheight=\"0\" scrolling=\"no\"><\/iframe><\/p>\n<p>&nbsp;<\/p>\n<p><blockquote class=\"wp-embedded-content\" data-secret=\"AjNy8ga1AC\"><a href=\"https:\/\/marekkuchcinski.pl\/sk\/wydarzenia\/przyjazn-mocna-braz\/\">Po\u013esko a Ma\u010farsko - priate\u013estvo siln\u00e9 ako bronz<\/a><\/blockquote><iframe class=\"wp-embedded-content\" sandbox=\"allow-scripts\" security=\"restricted\" style=\"position: absolute; clip: rect(1px, 1px, 1px, 1px);\" title=\"&quot;Po\u013esko a Ma\u010farsko - priate\u013estvo siln\u00e9 ako bronz&quot; - Marek Kuchci\u0144ski\" src=\"https:\/\/marekkuchcinski.pl\/wydarzenia\/przyjazn-mocna-braz\/embed\/#?secret=AjNy8ga1AC\" data-secret=\"AjNy8ga1AC\" width=\"600\" height=\"338\" frameborder=\"0\" marginwidth=\"0\" marginheight=\"0\" scrolling=\"no\"><\/iframe><\/p>\n<p><blockquote class=\"wp-embedded-content\" data-secret=\"PCrWuEEOOd\"><a href=\"https:\/\/marekkuchcinski.pl\/sk\/wydarzenia\/marszalek-kuchcinski-wegrzech-budujmy-barier-obierzmy-kierunek-odnowe-wzmocnienie-unii-europejskiej\/\">Re\u010dn\u00edk Kuchci\u0144ski v Ma\u010farsku: Nebudujme bari\u00e9ry. Vydajme sa smerom obnovy a posilnenia Eur\u00f3pskej \u00fanie<\/a><\/blockquote><iframe class=\"wp-embedded-content\" sandbox=\"allow-scripts\" security=\"restricted\" style=\"position: absolute; clip: rect(1px, 1px, 1px, 1px);\" title=\"&quot;Predseda Kuchci\u0144ski v Ma\u010farsku: nestavajme bari\u00e9ry. Vydajme sa smerom k obnove a posilneniu Eur\u00f3pskej \u00fanie.&quot; - Marek Kuchcinski\" src=\"https:\/\/marekkuchcinski.pl\/wydarzenia\/marszalek-kuchcinski-wegrzech-budujmy-barier-obierzmy-kierunek-odnowe-wzmocnienie-unii-europejskiej\/embed\/#?secret=PCrWuEEOOd\" data-secret=\"PCrWuEEOOd\" width=\"600\" height=\"338\" frameborder=\"0\" marginwidth=\"0\" marginheight=\"0\" scrolling=\"no\"><\/iframe><\/p>\n<p><blockquote class=\"wp-embedded-content\" data-secret=\"TDCkGDpcQR\"><a href=\"https:\/\/marekkuchcinski.pl\/sk\/wydarzenia\/marszalek-sejmu-tablica-ktora-odslonimy-swiadczy-o-sile-ludzkiej-dziejowej-solidarnosci-miedzy-wegrami-polakami\/\">Predseda Sejmu: Nech pam\u00e4tn\u00e1 tabu\u013ea, ktor\u00fa odhal\u00edme, sved\u010d\u00ed o \u013eudskej sile a historickej solidarite medzi Ma\u010farmi a Poliakmi<\/a><\/blockquote><iframe class=\"wp-embedded-content\" sandbox=\"allow-scripts\" security=\"restricted\" style=\"position: absolute; clip: rect(1px, 1px, 1px, 1px);\" title=\"&quot;Predseda Sejmu: Pam\u00e4tn\u00e1 tabu\u013ea, ktor\u00fa odhal\u00edme, nech sved\u010d\u00ed o \u013eudskej sile a historickej solidarite medzi Ma\u010farmi a Poliakmi.&quot; - Marek Kuchci\u0144ski\" src=\"https:\/\/marekkuchcinski.pl\/wydarzenia\/marszalek-sejmu-tablica-ktora-odslonimy-swiadczy-o-sile-ludzkiej-dziejowej-solidarnosci-miedzy-wegrami-polakami\/embed\/#?secret=TDCkGDpcQR\" data-secret=\"TDCkGDpcQR\" width=\"600\" height=\"338\" frameborder=\"0\" marginwidth=\"0\" marginheight=\"0\" scrolling=\"no\"><\/iframe><\/p>\n<p><a href=\"https:\/\/marekkuchcinski.pl\/sk\/wydarzenia\/marszalek-sejmu-o-kodzie-genetycznym-polski-wegier\/\">&nbsp;<\/a><\/p>\n<p><blockquote class=\"wp-embedded-content\" data-secret=\"wJSREymZCS\"><a href=\"https:\/\/marekkuchcinski.pl\/sk\/wydarzenia\/marszalek-sejmu-o-kodzie-genetycznym-polski-wegier\/\">Predseda Sejmu o kult\u00farnom k\u00f3dexe Po\u013eska a Ma\u010farska<\/a><\/blockquote><iframe class=\"wp-embedded-content\" sandbox=\"allow-scripts\" security=\"restricted\" style=\"position: absolute; clip: rect(1px, 1px, 1px, 1px);\" title=\"&quot;Predseda Sejmu o kult\u00farnom k\u00f3dexe Po\u013eska a Ma\u010farska&quot; - Marek Kuchcinski\" src=\"https:\/\/marekkuchcinski.pl\/wydarzenia\/marszalek-sejmu-o-kodzie-genetycznym-polski-wegier\/embed\/#?secret=wJSREymZCS\" data-secret=\"wJSREymZCS\" width=\"600\" height=\"338\" frameborder=\"0\" marginwidth=\"0\" marginheight=\"0\" scrolling=\"no\"><\/iframe><\/p>\n<p><a href=\"https:\/\/marekkuchcinski.pl\/sk\/wydarzenia\/podsumowanie-polskiej-prezydencji-grupie-wyszehradzkiej-marek-kuchcinski\/\">&nbsp;<\/a><\/p>\n<p><blockquote class=\"wp-embedded-content\" data-secret=\"I5DYY9cBbF\"><a href=\"https:\/\/marekkuchcinski.pl\/sk\/wydarzenia\/podsumowanie-polskiej-prezydencji-grupie-wyszehradzkiej-marek-kuchcinski\/\">Zhrnutie po\u013esk\u00e9ho predsedn\u00edctva Vy\u0161ehradskej skupiny - Marek Kuchci\u0144ski<\/a><\/blockquote><iframe class=\"wp-embedded-content\" sandbox=\"allow-scripts\" security=\"restricted\" style=\"position: absolute; clip: rect(1px, 1px, 1px, 1px);\" title=\"&quot;Zhrnutie po\u013esk\u00e9ho predsedn\u00edctva Vy\u0161ehradskej skupiny - Marek Kuchci\u0144ski&quot; - Marek Kuchci\u0144ski\" src=\"https:\/\/marekkuchcinski.pl\/wydarzenia\/podsumowanie-polskiej-prezydencji-grupie-wyszehradzkiej-marek-kuchcinski\/embed\/#?secret=I5DYY9cBbF\" data-secret=\"I5DYY9cBbF\" width=\"600\" height=\"338\" frameborder=\"0\" marginwidth=\"0\" marginheight=\"0\" scrolling=\"no\"><\/iframe><\/p>\n<p><a href=\"https:\/\/marekkuchcinski.pl\/wp-content\/uploads\/2019\/03\/wystawa-1956.jpg\"><img fetchpriority=\"high\" decoding=\"async\" class=\"alignnone size-full wp-image-14067\" src=\"https:\/\/marekkuchcinski.pl\/wp-content\/uploads\/2019\/03\/wystawa-1956.jpg\" alt=\"wystawa 1956\" width=\"800\" height=\"533\" srcset=\"https:\/\/marekkuchcinski.pl\/wp-content\/uploads\/2019\/03\/wystawa-1956.jpg 800w, https:\/\/marekkuchcinski.pl\/wp-content\/uploads\/2019\/03\/wystawa-1956-300x200.jpg 300w, https:\/\/marekkuchcinski.pl\/wp-content\/uploads\/2019\/03\/wystawa-1956-768x512.jpg 768w\" sizes=\"(max-width: 800px) 100vw, 800px\" \/><\/a>J\u00fan 2016: V\u00fdstava \"1956: Po\u013esko-Ma\u010farsko. Hist\u00f3ria a pam\u00e4\u0165\". Predseda Sejmu Marek Kuchci\u0144ski pripomenul, \u017ee v roku 1956 sa na\u0161i krajania postavili do boja za norm\u00e1lny \u017eivot, ktor\u00fd n\u00e1m bol po druhej svetovej vojne od\u0148at\u00fd (...), zvy\u010dajne charakterizovan\u00fd hodnotami ako nez\u00e1vislos\u0165, d\u00f4stojnos\u0165, sloboda, bezpe\u010dnos\u0165, pam\u00e4\u0165 a hist\u00f3ria. - Rok 1956 sa stal symbolom t\u00fdchto hodn\u00f4t. Dnes si tento symbol pripom\u00edname s vedom\u00edm, \u017ee bez hist\u00f3rie nie je bud\u00facnos\u0165, bez pam\u00e4ti nie je pr\u00edtomnos\u0165,\" zd\u00f4raznil Marek Kuchci\u0144ski. Ako dodal predseda Sejmu, \"rok 1956 sa navy\u0161e stal \u010fal\u0161\u00edm pilierom na\u0161ej spolo\u010dnej po\u013esko-ma\u010farskej jednoty. - Rok 1956 n\u00e1s spojil s ve\u013ek\u00fdm mostom solidarity a pomoci. Vtedy sa po\u013esko-ma\u010farsk\u00e1 solidarita zrodila v novom rozmere, v novej povojnovej realite - zd\u00f4raznil Marek Kuchci\u0144ski.<\/p>\n<p><a href=\"https:\/\/marekkuchcinski.pl\/wp-content\/uploads\/2019\/03\/Romek.jpg\"><img decoding=\"async\" class=\"alignnone size-full wp-image-14063\" src=\"https:\/\/marekkuchcinski.pl\/wp-content\/uploads\/2019\/03\/Romek.jpg\" alt=\"Romek\" width=\"800\" height=\"1200\" srcset=\"https:\/\/marekkuchcinski.pl\/wp-content\/uploads\/2019\/03\/Romek.jpg 800w, https:\/\/marekkuchcinski.pl\/wp-content\/uploads\/2019\/03\/Romek-200x300.jpg 200w, https:\/\/marekkuchcinski.pl\/wp-content\/uploads\/2019\/03\/Romek-768x1152.jpg 768w, https:\/\/marekkuchcinski.pl\/wp-content\/uploads\/2019\/03\/Romek-683x1024.jpg 683w\" sizes=\"(max-width: 800px) 100vw, 800px\" \/><\/a>Ma\u010farsko: Pocta Romkovi Strza\u0142kowsk\u00e9mu, 13-ro\u010dn\u00e9mu chlapcovi, ktor\u00e9ho zastrelili v j\u00fani 1956 v Poznani.<\/p>\n\n\n<figure class=\"wp-block-embed-wordpress wp-block-embed is-type-wp-embed is-provider-marek-kuchcinski\"><div class=\"wp-block-embed__wrapper\">\n<blockquote class=\"wp-embedded-content\" data-secret=\"Zk5hXiO6pa\"><a href=\"https:\/\/marekkuchcinski.pl\/sk\/wydarzenia\/marek-kuchcinski-przewodniczacym-polsko-wegierskiej-grupy-parlamentarnej\/\">Marek Kuchci\u0144ski predseda po\u013esko-ma\u010farskej parlamentnej skupiny<\/a><\/blockquote><iframe class=\"wp-embedded-content\" sandbox=\"allow-scripts\" security=\"restricted\" style=\"position: absolute; clip: rect(1px, 1px, 1px, 1px);\" title=\"&quot;Marek Kuchcinski predsedom po\u013esko-ma\u010farskej parlamentnej skupiny&quot; - Marek Kuchcinski\" src=\"https:\/\/marekkuchcinski.pl\/wydarzenia\/marek-kuchcinski-przewodniczacym-polsko-wegierskiej-grupy-parlamentarnej\/embed\/#?secret=Zk5hXiO6pa\" data-secret=\"Zk5hXiO6pa\" width=\"600\" height=\"338\" frameborder=\"0\" marginwidth=\"0\" marginheight=\"0\" scrolling=\"no\"><\/iframe>\n<\/div><\/figure>","protected":false},"excerpt":{"rendered":"<p>Polak\u00f3w i W\u0119gr\u00f3w po\u0142\u0105czy\u0142 wielki most solidarno\u015bci i pomocy. Bohatersk\u0105 walk\u0119 W\u0119gr\u00f3w Polacy traktowali jako w\u0142asn\u0105&nbsp;\u2013&nbsp;m\u00f3wi\u0142 w Budapeszcie na pocz\u0105tku swej kadencji marsza\u0142ek Sejmu Marek Kuchci\u0144ski. Je\u015bli przyjrzymy si\u0119 dok\u0142adnie wsp\u00f3lnej historii naszych kraj\u00f3w, zobaczymy, jak prawdziwe s\u0105 to s\u0142owa. Dwa z pozoru r\u00f3\u017cne narody od wiek\u00f3w splecione s\u0105 nierozerwaln\u0105 i niezwyk\u0142\u0105 wi\u0119zi\u0105, kt\u00f3ra sprawia, [&hellip;]<\/p>\n","protected":false},"author":6,"featured_media":14073,"comment_status":"open","ping_status":"open","sticky":false,"template":"","format":"standard","meta":{"ngg_post_thumbnail":0,"footnotes":""},"categories":[77,50,3],"tags":[],"class_list":["post-14047","post","type-post","status-publish","format-standard","has-post-thumbnail","hentry","category-wazne-daty","category-wspolpraca-miedzynarodowa","category-wydarzenia"],"_links":{"self":[{"href":"https:\/\/marekkuchcinski.pl\/sk\/wp-json\/wp\/v2\/posts\/14047","targetHints":{"allow":["GET"]}}],"collection":[{"href":"https:\/\/marekkuchcinski.pl\/sk\/wp-json\/wp\/v2\/posts"}],"about":[{"href":"https:\/\/marekkuchcinski.pl\/sk\/wp-json\/wp\/v2\/types\/post"}],"author":[{"embeddable":true,"href":"https:\/\/marekkuchcinski.pl\/sk\/wp-json\/wp\/v2\/users\/6"}],"replies":[{"embeddable":true,"href":"https:\/\/marekkuchcinski.pl\/sk\/wp-json\/wp\/v2\/comments?post=14047"}],"version-history":[{"count":28,"href":"https:\/\/marekkuchcinski.pl\/sk\/wp-json\/wp\/v2\/posts\/14047\/revisions"}],"predecessor-version":[{"id":22241,"href":"https:\/\/marekkuchcinski.pl\/sk\/wp-json\/wp\/v2\/posts\/14047\/revisions\/22241"}],"wp:featuredmedia":[{"embeddable":true,"href":"https:\/\/marekkuchcinski.pl\/sk\/wp-json\/wp\/v2\/media\/14073"}],"wp:attachment":[{"href":"https:\/\/marekkuchcinski.pl\/sk\/wp-json\/wp\/v2\/media?parent=14047"}],"wp:term":[{"taxonomy":"category","embeddable":true,"href":"https:\/\/marekkuchcinski.pl\/sk\/wp-json\/wp\/v2\/categories?post=14047"},{"taxonomy":"post_tag","embeddable":true,"href":"https:\/\/marekkuchcinski.pl\/sk\/wp-json\/wp\/v2\/tags?post=14047"}],"curies":[{"name":"wp","href":"https:\/\/api.w.org\/{rel}","templated":true}]}}