{"id":13934,"date":"2019-03-21T12:57:33","date_gmt":"2019-03-21T11:57:33","guid":{"rendered":"https:\/\/marekkuchcinski.pl\/?p=13934"},"modified":"2019-03-22T13:42:39","modified_gmt":"2019-03-22T12:42:39","slug":"marszalek-sejmu-odslonil-tablice-ku-pamieci-profesora-uniwersytetu-gdanskiego-prezydenta-lacha-kaczynskiego","status":"publish","type":"post","link":"https:\/\/marekkuchcinski.pl\/sk\/wazne-daty\/marszalek-sejmu-odslonil-tablice-ku-pamieci-profesora-uniwersytetu-gdanskiego-prezydenta-lacha-kaczynskiego\/","title":{"rendered":"Predseda Sejmu odhalil pam\u00e4tn\u00fa tabu\u013eu profesorovi Gdanskej univerzity, prezidentovi Lachovi Kaczynsk\u00e9mu"},"content":{"rendered":"<p><strong>Gdansk\u00e1 univerzita vst\u00fapila do roku, v ktorom sa za\u010dali oslavy 50. v\u00fdro\u010dia jej zalo\u017eenia. Ako povedal predseda Sejmu Marek Kuchci\u0144ski, univerzita nezabudla na svojho profesora, rektora Pr\u00e1vnickej fakulty, ktor\u00fd jej venoval 28 rokov svojho \u017eivota. Jeho Alma Mater mu ako politikovi, vedcovi a vynikaj\u00facemu teoretikovi pracovn\u00e9ho pr\u00e1va udelila pam\u00e4tn\u00fa tabu\u013eu.<\/strong><\/p>\n<p>Jeden z inici\u00e1torov pam\u00e4tnej tabule, Tomasz Rakowski, predseda Nad\u00e1cie Identita a Solidarita, argumentoval, \u017ee kr\u00e1sna a d\u00f4stojn\u00e1 cesta Lecha Kaczy\u0144sk\u00e9ho - od protikomunistickej opozi\u010dnej \u010dinnosti, spoluzakladania Solidarity, cez pr\u00e1cu v parlamente, predsedn\u00edctvo Najvy\u0161\u0161ieho kontroln\u00e9ho \u00faradu (NIK), kreslo ministra spravodlivosti, kreslo prim\u00e1tora Var\u0161avy a prezidenta Po\u013eska - si zasl\u00fa\u017ei, aby bola ocenen\u00e1 a pripom\u00ednan\u00e1.<\/p>\n<p>- Lech Kaczy\u0144ski m\u00f4\u017ee by\u0165 ur\u010dite in\u0161pir\u00e1ciou a vzorom pre \u0161tudentov a zamestnancov univerzity. Mlad\u00fd dvadsa\u0165ro\u010dn\u00fd doktorand, zamestnanec Gdanskej univerzity - \u0161t\u00e1tnej univerzity, v meste, ktor\u00e9 si e\u0161te pam\u00e4t\u00e1 teror, masaker robotn\u00edkov v roku 1970... Nenasleduje dav, nasleduje hlas svojho srdca, riskuje svoju kari\u00e9ru. Pre slobodn\u00e9 odborov\u00e9 zv\u00e4zy na pobre\u017e\u00ed je neocenite\u013en\u00fdm pokladom. Pr\u00e1vnik, vynikaj\u00faci odborn\u00edk na pracovn\u00e9 pr\u00e1vo. Tak\u00fdch \u013eud\u00ed bolo vtedy m\u00e1lo a e\u0161te menej bolo t\u00fdch, ktor\u00ed boli ochotn\u00ed vystavi\u0165 sa riziku a pracova\u0165 pre opoz\u00edciu. Nechcem poveda\u0165: v\u00f4bec nie. Pom\u00e1ha pracovn\u00edkom t\u00fdm, \u017ee ich oboznamuje s ich pr\u00e1vami. P\u00ed\u0161e listy, odvolania, s\u0165a\u017enosti, pom\u00e1ha utl\u00e1\u010dan\u00fdm. Podstupuje riziko. Nemusel. Mohol sa uzavrie\u0165 do bezpe\u010dn\u00fdch m\u00farov univerzitnej kari\u00e9ry, ale vybral si in\u00fa cestu. Takto sa rod\u00ed Solidarita,\" povedal Rakowski.<\/p>\n<p>\u010eal\u0161\u00ed z inici\u00e1torov pam\u00e4tnej tabule, doktorand profesora Lecha Kaczy\u0144sk\u00e9ho, v s\u00fa\u010dasnosti dekan Pr\u00e1vnickej a spr\u00e1vnej fakulty UG Jakub Stelina, pre\u010d\u00edtal list Jaros\u0142awa Kaczy\u0144sk\u00e9ho. Zd\u00f4raznil tie\u017e, \u017ee profesor Lech Kaczy\u0144ski bol nielen politikom, ale aj vedcom - vynikaj\u00facim teoretikom pracovn\u00e9ho pr\u00e1va, ktor\u00fd sa v\u00fdznamne zasl\u00fa\u017eil o rozvoj tejto oblasti pr\u00e1va.<\/p>\n<p>Treba pripomen\u00fa\u0165, \u017ee Lech Kaczy\u0144ski prelomil v\u0161emocnos\u0165 \u0161t\u00e1tu. Uk\u00e1zal, \u017ee pracovn\u00edk m\u00f4\u017ee po\u017eiada\u0165 o spravodliv\u00e9 zamestnanie, priazniv\u00e9 podmienky pre seba alebo o soci\u00e1lny d\u00f4chodok, ke\u010f nem\u00f4\u017ee pracova\u0165.<\/p>\n<p>Brat Lecha Kaczy\u0144sk\u00e9ho Jaros\u0142aw a po\u013esk\u00fd Sejm zastupoval predseda Sejmu Marek Kuchci\u0144ski. - Univerzita bola pre neho ve\u013emi d\u00f4le\u017eit\u00e1 a vedeck\u00e1 komunita - ako povedal Jaros\u0142aw Kaczy\u0144ski - jeho prirodzen\u00fdm prostred\u00edm. Aj ke\u010f v tomto obdob\u00ed bol pohlten\u00fd aj verejn\u00fdmi z\u00e1le\u017eitos\u0165ami. A nakoniec ho \u00faplne pohltili a\u017e do tragick\u00e9ho konca,\" povedal predseda Sejmu. Marek Kuchci\u0144ski zd\u00f4raznil, \u017ee Lech Kaczy\u0144ski sa e\u0161te v posledn\u00fdch mesiacoch pred svoj\u00edm n\u00e1hlym odchodom pl\u00e1noval vr\u00e1ti\u0165 na svoju univerzitu.<\/p>\n<p>Prezident Po\u013eskej republiky Andrzej Duda adresoval \u00fa\u010dastn\u00edkom sl\u00e1vnosti list. Nap\u00edsal v \u0148om, \u017ee Lech Kaczy\u0144ski je spom\u00ednan\u00fd ako vynikaj\u00faci \u0161t\u00e1tnik a \u00faradn\u00edk, ktor\u00fd v\u017edy dobre sl\u00fa\u017eil republike a svojim krajanom. V kol\u00edske Solidarity si ho v\u0161ak pam\u00e4taj\u00fa aj preto, \u017ee tu takmer 30 rokov p\u00f4sobil ako pedag\u00f3g a v\u00fdskumn\u00edk. V m\u00faroch Gdanskej univerzity z\u00edskaval postupne akademick\u00e9 tituly a z\u00e1rove\u0148 vykon\u00e1val \u010dul\u00fa opozi\u010dn\u00fa a spolo\u010densk\u00fa \u010dinnos\u0165. Jeho vynikaj\u00face znalosti pracovn\u00e9ho pr\u00e1va boli vyu\u017eit\u00e9 v praxi, \u010do mu umo\u017enilo podporova\u0165 odborov\u00e9 hnutie vedomos\u0165ami, sk\u00fasenos\u0165ami a radami. (...)<\/p>\n<p>Zd\u00e1 sa, \u017ee sila a odvaha profesora Lecha Kaczy\u0144sk\u00e9ho st\u00e1le pretrv\u00e1va v m\u00faroch univerzity. Jej rektor - profesor Jerzy Piotr Gwizda\u0142a - povedal, \u017ee univerzita sa neboj\u00ed v\u00fdziev. - Vyhlasujeme efekt\u00edvnu pr\u00e1cu, odvahu myslie\u0165, otvorenos\u0165 vo\u010di in\u00fdm a svetu. Za pochopenie n\u00e1\u0161ho spolo\u010dn\u00e9ho poslania a ka\u017edodenn\u00fdch \u00faloh by som sa chcel po\u010fakova\u0165 celej komunite na\u0161ej univerzity a v\u0161etk\u00fdm, ktor\u00ed za uplynul\u00fdch 50 rokov spolu s akademickou obcou budovali prest\u00ed\u017e a postavenie na\u0161ej univerzity, - argumentoval.<\/p>\n<p>Na sl\u00e1vnosti sa z\u00fa\u010dastnili poslanci parlamentu, predstavitelia \u0161t\u00e1tnych, miestnych a cirkevn\u00fdch org\u00e1nov, diplomatick\u00fd zbor, rektori univerz\u00edt, z\u00e1stupcovia vedeck\u00fdch in\u0161tit\u00faci\u00ed, verejn\u00fdch in\u0161tit\u00faci\u00ed a pomorsk\u00fdch podnikov a akademick\u00e1 obec Gdanskej univerzity.<\/p>\n<p><em>text\/ foto Marta Olejnik\/ KS<\/em><\/p>\n<p><a href=\"https:\/\/marekkuchcinski.pl\/wp-content\/uploads\/2019\/03\/IMG_9263.jpg\"><img fetchpriority=\"high\" decoding=\"async\" class=\"alignnone size-full wp-image-13937\" src=\"https:\/\/marekkuchcinski.pl\/wp-content\/uploads\/2019\/03\/IMG_9263.jpg\" alt=\"IMG_9263\" width=\"5821\" height=\"3971\" srcset=\"https:\/\/marekkuchcinski.pl\/wp-content\/uploads\/2019\/03\/IMG_9263.jpg 2048w, https:\/\/marekkuchcinski.pl\/wp-content\/uploads\/2019\/03\/IMG_9263-300x205.jpg 300w, https:\/\/marekkuchcinski.pl\/wp-content\/uploads\/2019\/03\/IMG_9263-768x524.jpg 768w, https:\/\/marekkuchcinski.pl\/wp-content\/uploads\/2019\/03\/IMG_9263-1024x699.jpg 1024w\" sizes=\"(max-width: 5821px) 100vw, 5821px\" \/><\/a> <a href=\"https:\/\/marekkuchcinski.pl\/wp-content\/uploads\/2019\/03\/IMG_9312.jpg\"><img decoding=\"async\" class=\"alignnone size-full wp-image-13938\" src=\"https:\/\/marekkuchcinski.pl\/wp-content\/uploads\/2019\/03\/IMG_9312.jpg\" alt=\"IMG_9312\" width=\"4311\" height=\"2947\" srcset=\"https:\/\/marekkuchcinski.pl\/wp-content\/uploads\/2019\/03\/IMG_9312.jpg 2048w, https:\/\/marekkuchcinski.pl\/wp-content\/uploads\/2019\/03\/IMG_9312-300x205.jpg 300w, https:\/\/marekkuchcinski.pl\/wp-content\/uploads\/2019\/03\/IMG_9312-768x525.jpg 768w, https:\/\/marekkuchcinski.pl\/wp-content\/uploads\/2019\/03\/IMG_9312-1024x700.jpg 1024w\" sizes=\"(max-width: 4311px) 100vw, 4311px\" \/><\/a> <a href=\"https:\/\/marekkuchcinski.pl\/wp-content\/uploads\/2019\/03\/IMG_9303.jpg\"><img decoding=\"async\" class=\"alignnone size-full wp-image-13997\" src=\"https:\/\/marekkuchcinski.pl\/wp-content\/uploads\/2019\/03\/IMG_9303.jpg\" alt=\"IMG_9303\" width=\"5541\" height=\"3381\" srcset=\"https:\/\/marekkuchcinski.pl\/wp-content\/uploads\/2019\/03\/IMG_9303.jpg 2048w, https:\/\/marekkuchcinski.pl\/wp-content\/uploads\/2019\/03\/IMG_9303-300x183.jpg 300w, https:\/\/marekkuchcinski.pl\/wp-content\/uploads\/2019\/03\/IMG_9303-768x469.jpg 768w, https:\/\/marekkuchcinski.pl\/wp-content\/uploads\/2019\/03\/IMG_9303-1024x625.jpg 1024w\" sizes=\"(max-width: 5541px) 100vw, 5541px\" \/><\/a><a href=\"https:\/\/marekkuchcinski.pl\/wp-content\/uploads\/2019\/03\/IMG_9337.jpg\"><img loading=\"lazy\" decoding=\"async\" class=\"alignnone size-full wp-image-13941\" src=\"https:\/\/marekkuchcinski.pl\/wp-content\/uploads\/2019\/03\/IMG_9337.jpg\" alt=\"IMG_9337\" width=\"6240\" height=\"4160\" srcset=\"https:\/\/marekkuchcinski.pl\/wp-content\/uploads\/2019\/03\/IMG_9337.jpg 2048w, https:\/\/marekkuchcinski.pl\/wp-content\/uploads\/2019\/03\/IMG_9337-300x200.jpg 300w, https:\/\/marekkuchcinski.pl\/wp-content\/uploads\/2019\/03\/IMG_9337-768x512.jpg 768w, https:\/\/marekkuchcinski.pl\/wp-content\/uploads\/2019\/03\/IMG_9337-1024x683.jpg 1024w\" sizes=\"(max-width: 6240px) 100vw, 6240px\" \/><\/a> <a href=\"https:\/\/marekkuchcinski.pl\/wp-content\/uploads\/2019\/03\/IMG_9345.jpg\"><img loading=\"lazy\" decoding=\"async\" class=\"alignnone size-full wp-image-13947\" src=\"https:\/\/marekkuchcinski.pl\/wp-content\/uploads\/2019\/03\/IMG_9345.jpg\" alt=\"IMG_9345\" width=\"5145\" height=\"3351\" srcset=\"https:\/\/marekkuchcinski.pl\/wp-content\/uploads\/2019\/03\/IMG_9345.jpg 2048w, https:\/\/marekkuchcinski.pl\/wp-content\/uploads\/2019\/03\/IMG_9345-300x195.jpg 300w, https:\/\/marekkuchcinski.pl\/wp-content\/uploads\/2019\/03\/IMG_9345-768x500.jpg 768w, https:\/\/marekkuchcinski.pl\/wp-content\/uploads\/2019\/03\/IMG_9345-1024x667.jpg 1024w\" sizes=\"(max-width: 5145px) 100vw, 5145px\" \/><\/a> <a href=\"https:\/\/marekkuchcinski.pl\/wp-content\/uploads\/2019\/03\/IMG_9352.jpg\"><img loading=\"lazy\" decoding=\"async\" class=\"alignnone size-full wp-image-13951\" src=\"https:\/\/marekkuchcinski.pl\/wp-content\/uploads\/2019\/03\/IMG_9352.jpg\" alt=\"IMG_9352\" width=\"4893\" height=\"3069\" srcset=\"https:\/\/marekkuchcinski.pl\/wp-content\/uploads\/2019\/03\/IMG_9352.jpg 2048w, https:\/\/marekkuchcinski.pl\/wp-content\/uploads\/2019\/03\/IMG_9352-300x188.jpg 300w, https:\/\/marekkuchcinski.pl\/wp-content\/uploads\/2019\/03\/IMG_9352-768x482.jpg 768w, https:\/\/marekkuchcinski.pl\/wp-content\/uploads\/2019\/03\/IMG_9352-1024x642.jpg 1024w\" sizes=\"(max-width: 4893px) 100vw, 4893px\" \/><\/a> <a href=\"https:\/\/marekkuchcinski.pl\/wp-content\/uploads\/2019\/03\/IMG_9371.jpg\"><img loading=\"lazy\" decoding=\"async\" class=\"alignnone size-full wp-image-13952\" src=\"https:\/\/marekkuchcinski.pl\/wp-content\/uploads\/2019\/03\/IMG_9371.jpg\" alt=\"IMG_9371\" width=\"6046\" height=\"4143\" srcset=\"https:\/\/marekkuchcinski.pl\/wp-content\/uploads\/2019\/03\/IMG_9371.jpg 2048w, https:\/\/marekkuchcinski.pl\/wp-content\/uploads\/2019\/03\/IMG_9371-300x206.jpg 300w, https:\/\/marekkuchcinski.pl\/wp-content\/uploads\/2019\/03\/IMG_9371-768x526.jpg 768w, https:\/\/marekkuchcinski.pl\/wp-content\/uploads\/2019\/03\/IMG_9371-1024x702.jpg 1024w\" sizes=\"(max-width: 6046px) 100vw, 6046px\" \/><\/a> <a href=\"https:\/\/marekkuchcinski.pl\/wp-content\/uploads\/2019\/03\/IMG_9374.jpg\"><img loading=\"lazy\" decoding=\"async\" class=\"alignnone size-full wp-image-13954\" src=\"https:\/\/marekkuchcinski.pl\/wp-content\/uploads\/2019\/03\/IMG_9374.jpg\" alt=\"IMG_9374\" width=\"6022\" height=\"3771\" srcset=\"https:\/\/marekkuchcinski.pl\/wp-content\/uploads\/2019\/03\/IMG_9374.jpg 2048w, https:\/\/marekkuchcinski.pl\/wp-content\/uploads\/2019\/03\/IMG_9374-300x188.jpg 300w, https:\/\/marekkuchcinski.pl\/wp-content\/uploads\/2019\/03\/IMG_9374-768x481.jpg 768w, https:\/\/marekkuchcinski.pl\/wp-content\/uploads\/2019\/03\/IMG_9374-1024x641.jpg 1024w\" sizes=\"(max-width: 6022px) 100vw, 6022px\" \/><\/a> <a href=\"https:\/\/marekkuchcinski.pl\/wp-content\/uploads\/2019\/03\/IMG_9377.jpg\"><img loading=\"lazy\" decoding=\"async\" class=\"alignnone size-full wp-image-13956\" src=\"https:\/\/marekkuchcinski.pl\/wp-content\/uploads\/2019\/03\/IMG_9377.jpg\" alt=\"IMG_9377\" width=\"5300\" height=\"3420\" srcset=\"https:\/\/marekkuchcinski.pl\/wp-content\/uploads\/2019\/03\/IMG_9377.jpg 2048w, https:\/\/marekkuchcinski.pl\/wp-content\/uploads\/2019\/03\/IMG_9377-300x194.jpg 300w, https:\/\/marekkuchcinski.pl\/wp-content\/uploads\/2019\/03\/IMG_9377-768x496.jpg 768w, https:\/\/marekkuchcinski.pl\/wp-content\/uploads\/2019\/03\/IMG_9377-1024x661.jpg 1024w\" sizes=\"(max-width: 5300px) 100vw, 5300px\" \/><\/a> <a href=\"https:\/\/marekkuchcinski.pl\/wp-content\/uploads\/2019\/03\/IMG_9577.jpg\"><img loading=\"lazy\" decoding=\"async\" class=\"alignnone size-full wp-image-13965\" src=\"https:\/\/marekkuchcinski.pl\/wp-content\/uploads\/2019\/03\/IMG_9577.jpg\" alt=\"IMG_9577\" width=\"5113\" height=\"3556\" srcset=\"https:\/\/marekkuchcinski.pl\/wp-content\/uploads\/2019\/03\/IMG_9577.jpg 2048w, https:\/\/marekkuchcinski.pl\/wp-content\/uploads\/2019\/03\/IMG_9577-300x209.jpg 300w, https:\/\/marekkuchcinski.pl\/wp-content\/uploads\/2019\/03\/IMG_9577-768x534.jpg 768w, https:\/\/marekkuchcinski.pl\/wp-content\/uploads\/2019\/03\/IMG_9577-1024x712.jpg 1024w\" sizes=\"(max-width: 5113px) 100vw, 5113px\" \/><\/a> <a href=\"https:\/\/marekkuchcinski.pl\/wp-content\/uploads\/2019\/03\/IMG_9595.jpg\"><img loading=\"lazy\" decoding=\"async\" class=\"alignnone size-full wp-image-13967\" src=\"https:\/\/marekkuchcinski.pl\/wp-content\/uploads\/2019\/03\/IMG_9595.jpg\" alt=\"IMG_9595\" width=\"4948\" height=\"3535\" srcset=\"https:\/\/marekkuchcinski.pl\/wp-content\/uploads\/2019\/03\/IMG_9595.jpg 2048w, https:\/\/marekkuchcinski.pl\/wp-content\/uploads\/2019\/03\/IMG_9595-300x214.jpg 300w, https:\/\/marekkuchcinski.pl\/wp-content\/uploads\/2019\/03\/IMG_9595-768x549.jpg 768w, https:\/\/marekkuchcinski.pl\/wp-content\/uploads\/2019\/03\/IMG_9595-1024x732.jpg 1024w\" sizes=\"(max-width: 4948px) 100vw, 4948px\" \/><\/a> <a href=\"https:\/\/marekkuchcinski.pl\/wp-content\/uploads\/2019\/03\/IMG_9644.jpg\"><img loading=\"lazy\" decoding=\"async\" class=\"alignnone size-full wp-image-13969\" src=\"https:\/\/marekkuchcinski.pl\/wp-content\/uploads\/2019\/03\/IMG_9644.jpg\" alt=\"IMG_9644\" width=\"5335\" height=\"3868\" srcset=\"https:\/\/marekkuchcinski.pl\/wp-content\/uploads\/2019\/03\/IMG_9644.jpg 2048w, https:\/\/marekkuchcinski.pl\/wp-content\/uploads\/2019\/03\/IMG_9644-300x218.jpg 300w, https:\/\/marekkuchcinski.pl\/wp-content\/uploads\/2019\/03\/IMG_9644-768x557.jpg 768w, https:\/\/marekkuchcinski.pl\/wp-content\/uploads\/2019\/03\/IMG_9644-1024x742.jpg 1024w\" sizes=\"(max-width: 5335px) 100vw, 5335px\" \/><\/a> <a href=\"https:\/\/marekkuchcinski.pl\/wp-content\/uploads\/2019\/03\/IMG_9701.jpg\"><img loading=\"lazy\" decoding=\"async\" class=\"alignnone size-full wp-image-13972\" src=\"https:\/\/marekkuchcinski.pl\/wp-content\/uploads\/2019\/03\/IMG_9701.jpg\" alt=\"IMG_9701\" width=\"3516\" height=\"2477\" srcset=\"https:\/\/marekkuchcinski.pl\/wp-content\/uploads\/2019\/03\/IMG_9701.jpg 2048w, https:\/\/marekkuchcinski.pl\/wp-content\/uploads\/2019\/03\/IMG_9701-300x211.jpg 300w, https:\/\/marekkuchcinski.pl\/wp-content\/uploads\/2019\/03\/IMG_9701-768x541.jpg 768w, https:\/\/marekkuchcinski.pl\/wp-content\/uploads\/2019\/03\/IMG_9701-1024x721.jpg 1024w\" sizes=\"(max-width: 3516px) 100vw, 3516px\" \/><\/a> <a href=\"https:\/\/marekkuchcinski.pl\/wp-content\/uploads\/2019\/03\/IMG_9730.jpg\"><img loading=\"lazy\" decoding=\"async\" class=\"alignnone size-full wp-image-13973\" src=\"https:\/\/marekkuchcinski.pl\/wp-content\/uploads\/2019\/03\/IMG_9730.jpg\" alt=\"IMG_9730\" width=\"6121\" height=\"4078\" srcset=\"https:\/\/marekkuchcinski.pl\/wp-content\/uploads\/2019\/03\/IMG_9730.jpg 2048w, https:\/\/marekkuchcinski.pl\/wp-content\/uploads\/2019\/03\/IMG_9730-300x200.jpg 300w, https:\/\/marekkuchcinski.pl\/wp-content\/uploads\/2019\/03\/IMG_9730-768x512.jpg 768w, https:\/\/marekkuchcinski.pl\/wp-content\/uploads\/2019\/03\/IMG_9730-1024x682.jpg 1024w\" sizes=\"(max-width: 6121px) 100vw, 6121px\" \/><\/a> <a href=\"https:\/\/marekkuchcinski.pl\/wp-content\/uploads\/2019\/03\/IMG_9745.jpg\"><img loading=\"lazy\" decoding=\"async\" class=\"alignnone size-full wp-image-13975\" src=\"https:\/\/marekkuchcinski.pl\/wp-content\/uploads\/2019\/03\/IMG_9745.jpg\" alt=\"IMG_9745\" width=\"4981\" height=\"3076\" srcset=\"https:\/\/marekkuchcinski.pl\/wp-content\/uploads\/2019\/03\/IMG_9745.jpg 2048w, https:\/\/marekkuchcinski.pl\/wp-content\/uploads\/2019\/03\/IMG_9745-300x185.jpg 300w, https:\/\/marekkuchcinski.pl\/wp-content\/uploads\/2019\/03\/IMG_9745-768x474.jpg 768w, https:\/\/marekkuchcinski.pl\/wp-content\/uploads\/2019\/03\/IMG_9745-1024x632.jpg 1024w\" sizes=\"(max-width: 4981px) 100vw, 4981px\" \/><\/a> <a href=\"https:\/\/marekkuchcinski.pl\/wp-content\/uploads\/2019\/03\/IMG_9750.jpg\"><img loading=\"lazy\" decoding=\"async\" class=\"alignnone size-full wp-image-13977\" src=\"https:\/\/marekkuchcinski.pl\/wp-content\/uploads\/2019\/03\/IMG_9750.jpg\" alt=\"IMG_9750\" width=\"4824\" height=\"2834\" srcset=\"https:\/\/marekkuchcinski.pl\/wp-content\/uploads\/2019\/03\/IMG_9750.jpg 2048w, https:\/\/marekkuchcinski.pl\/wp-content\/uploads\/2019\/03\/IMG_9750-300x176.jpg 300w, https:\/\/marekkuchcinski.pl\/wp-content\/uploads\/2019\/03\/IMG_9750-768x451.jpg 768w, https:\/\/marekkuchcinski.pl\/wp-content\/uploads\/2019\/03\/IMG_9750-1024x602.jpg 1024w\" sizes=\"(max-width: 4824px) 100vw, 4824px\" \/><\/a> <a href=\"https:\/\/marekkuchcinski.pl\/wp-content\/uploads\/2019\/03\/IMG_9752.jpg\"><img loading=\"lazy\" decoding=\"async\" class=\"alignnone size-full wp-image-13978\" src=\"https:\/\/marekkuchcinski.pl\/wp-content\/uploads\/2019\/03\/IMG_9752.jpg\" alt=\"IMG_9752\" width=\"4426\" height=\"2936\" srcset=\"https:\/\/marekkuchcinski.pl\/wp-content\/uploads\/2019\/03\/IMG_9752.jpg 2048w, https:\/\/marekkuchcinski.pl\/wp-content\/uploads\/2019\/03\/IMG_9752-300x199.jpg 300w, https:\/\/marekkuchcinski.pl\/wp-content\/uploads\/2019\/03\/IMG_9752-768x509.jpg 768w, https:\/\/marekkuchcinski.pl\/wp-content\/uploads\/2019\/03\/IMG_9752-1024x679.jpg 1024w\" sizes=\"(max-width: 4426px) 100vw, 4426px\" \/><\/a><a href=\"https:\/\/marekkuchcinski.pl\/wp-content\/uploads\/2019\/03\/IMG_9789-1.jpg\"><img loading=\"lazy\" decoding=\"async\" class=\"alignnone size-full wp-image-14040\" src=\"https:\/\/marekkuchcinski.pl\/wp-content\/uploads\/2019\/03\/IMG_9789-1.jpg\" alt=\"IMG_9789\" width=\"4903\" height=\"3112\" srcset=\"https:\/\/marekkuchcinski.pl\/wp-content\/uploads\/2019\/03\/IMG_9789-1.jpg 2048w, https:\/\/marekkuchcinski.pl\/wp-content\/uploads\/2019\/03\/IMG_9789-1-300x190.jpg 300w, https:\/\/marekkuchcinski.pl\/wp-content\/uploads\/2019\/03\/IMG_9789-1-768x487.jpg 768w, https:\/\/marekkuchcinski.pl\/wp-content\/uploads\/2019\/03\/IMG_9789-1-1024x650.jpg 1024w\" sizes=\"(max-width: 4903px) 100vw, 4903px\" \/><\/a> <a href=\"https:\/\/marekkuchcinski.pl\/wp-content\/uploads\/2019\/03\/IMG_9801.jpg\"><img loading=\"lazy\" decoding=\"async\" class=\"alignnone size-full wp-image-13983\" src=\"https:\/\/marekkuchcinski.pl\/wp-content\/uploads\/2019\/03\/IMG_9801.jpg\" alt=\"IMG_9801\" width=\"5208\" height=\"3365\" srcset=\"https:\/\/marekkuchcinski.pl\/wp-content\/uploads\/2019\/03\/IMG_9801.jpg 2048w, https:\/\/marekkuchcinski.pl\/wp-content\/uploads\/2019\/03\/IMG_9801-300x194.jpg 300w, https:\/\/marekkuchcinski.pl\/wp-content\/uploads\/2019\/03\/IMG_9801-768x496.jpg 768w, https:\/\/marekkuchcinski.pl\/wp-content\/uploads\/2019\/03\/IMG_9801-1024x662.jpg 1024w\" sizes=\"(max-width: 5208px) 100vw, 5208px\" \/><\/a> <a href=\"https:\/\/marekkuchcinski.pl\/wp-content\/uploads\/2019\/03\/IMG_9898.jpg\"><img loading=\"lazy\" decoding=\"async\" class=\"alignnone size-full wp-image-13986\" src=\"https:\/\/marekkuchcinski.pl\/wp-content\/uploads\/2019\/03\/IMG_9898.jpg\" alt=\"IMG_9898\" width=\"5742\" height=\"3748\" srcset=\"https:\/\/marekkuchcinski.pl\/wp-content\/uploads\/2019\/03\/IMG_9898.jpg 2048w, https:\/\/marekkuchcinski.pl\/wp-content\/uploads\/2019\/03\/IMG_9898-300x196.jpg 300w, https:\/\/marekkuchcinski.pl\/wp-content\/uploads\/2019\/03\/IMG_9898-768x501.jpg 768w, https:\/\/marekkuchcinski.pl\/wp-content\/uploads\/2019\/03\/IMG_9898-1024x668.jpg 1024w\" sizes=\"(max-width: 5742px) 100vw, 5742px\" \/><\/a> Predseda Nad\u00e1cie Identita a solidarita Tomasz Rakowski<a href=\"https:\/\/marekkuchcinski.pl\/wp-content\/uploads\/2019\/03\/IMG_9918.jpg\"> <img loading=\"lazy\" decoding=\"async\" class=\"alignnone size-full wp-image-13989\" src=\"https:\/\/marekkuchcinski.pl\/wp-content\/uploads\/2019\/03\/IMG_9918.jpg\" alt=\"IMG_9918\" width=\"4914\" height=\"3264\" srcset=\"https:\/\/marekkuchcinski.pl\/wp-content\/uploads\/2019\/03\/IMG_9918.jpg 2048w, https:\/\/marekkuchcinski.pl\/wp-content\/uploads\/2019\/03\/IMG_9918-300x199.jpg 300w, https:\/\/marekkuchcinski.pl\/wp-content\/uploads\/2019\/03\/IMG_9918-768x510.jpg 768w, https:\/\/marekkuchcinski.pl\/wp-content\/uploads\/2019\/03\/IMG_9918-1024x680.jpg 1024w\" sizes=\"(max-width: 4914px) 100vw, 4914px\" \/><\/a> Pam\u00e4tn\u00fa tabu\u013eu profesorovi Lechovi Kaczy\u0144sk\u00e9mu posv\u00e4til arcibiskup Slawoj Leszek G\u0142\u00f3d\u017a<a href=\"https:\/\/marekkuchcinski.pl\/wp-content\/uploads\/2019\/03\/IMG_9928.jpg\"><img loading=\"lazy\" decoding=\"async\" class=\"alignnone size-full wp-image-13992\" src=\"https:\/\/marekkuchcinski.pl\/wp-content\/uploads\/2019\/03\/IMG_9928.jpg\" alt=\"IMG_9928\" width=\"5076\" height=\"3664\" srcset=\"https:\/\/marekkuchcinski.pl\/wp-content\/uploads\/2019\/03\/IMG_9928.jpg 2048w, https:\/\/marekkuchcinski.pl\/wp-content\/uploads\/2019\/03\/IMG_9928-300x217.jpg 300w, https:\/\/marekkuchcinski.pl\/wp-content\/uploads\/2019\/03\/IMG_9928-768x554.jpg 768w, https:\/\/marekkuchcinski.pl\/wp-content\/uploads\/2019\/03\/IMG_9928-1024x739.jpg 1024w\" sizes=\"(max-width: 5076px) 100vw, 5076px\" \/><\/a><a href=\"https:\/\/marekkuchcinski.pl\/wp-content\/uploads\/2019\/03\/IMG_9949.jpg\"><img loading=\"lazy\" decoding=\"async\" class=\"alignnone size-full wp-image-14041\" src=\"https:\/\/marekkuchcinski.pl\/wp-content\/uploads\/2019\/03\/IMG_9949.jpg\" alt=\"IMG_9949\" width=\"2673\" height=\"3403\" srcset=\"https:\/\/marekkuchcinski.pl\/wp-content\/uploads\/2019\/03\/IMG_9949.jpg 1609w, https:\/\/marekkuchcinski.pl\/wp-content\/uploads\/2019\/03\/IMG_9949-236x300.jpg 236w, https:\/\/marekkuchcinski.pl\/wp-content\/uploads\/2019\/03\/IMG_9949-768x978.jpg 768w, https:\/\/marekkuchcinski.pl\/wp-content\/uploads\/2019\/03\/IMG_9949-804x1024.jpg 804w\" sizes=\"(max-width: 2673px) 100vw, 2673px\" \/><\/a><a href=\"https:\/\/marekkuchcinski.pl\/wp-content\/uploads\/2019\/03\/IMG_9987-1.jpg\"><img loading=\"lazy\" decoding=\"async\" class=\"alignnone size-full wp-image-14003\" src=\"https:\/\/marekkuchcinski.pl\/wp-content\/uploads\/2019\/03\/IMG_9987-1.jpg\" alt=\"IMG_9987\" width=\"3970\" height=\"2759\" srcset=\"https:\/\/marekkuchcinski.pl\/wp-content\/uploads\/2019\/03\/IMG_9987-1.jpg 2048w, https:\/\/marekkuchcinski.pl\/wp-content\/uploads\/2019\/03\/IMG_9987-1-300x208.jpg 300w, https:\/\/marekkuchcinski.pl\/wp-content\/uploads\/2019\/03\/IMG_9987-1-768x534.jpg 768w, https:\/\/marekkuchcinski.pl\/wp-content\/uploads\/2019\/03\/IMG_9987-1-1024x712.jpg 1024w\" sizes=\"(max-width: 3970px) 100vw, 3970px\" \/><\/a><a href=\"https:\/\/marekkuchcinski.pl\/wp-content\/uploads\/2019\/03\/LK.jpg\"><img loading=\"lazy\" decoding=\"async\" class=\"alignnone size-full wp-image-14011\" src=\"https:\/\/marekkuchcinski.pl\/wp-content\/uploads\/2019\/03\/LK.jpg\" alt=\"LK\" width=\"1843\" height=\"2410\" srcset=\"https:\/\/marekkuchcinski.pl\/wp-content\/uploads\/2019\/03\/LK.jpg 1566w, https:\/\/marekkuchcinski.pl\/wp-content\/uploads\/2019\/03\/LK-229x300.jpg 229w, https:\/\/marekkuchcinski.pl\/wp-content\/uploads\/2019\/03\/LK-768x1004.jpg 768w, https:\/\/marekkuchcinski.pl\/wp-content\/uploads\/2019\/03\/LK-783x1024.jpg 783w\" sizes=\"(max-width: 1843px) 100vw, 1843px\" \/><\/a><\/p>","protected":false},"excerpt":{"rendered":"<p>Uniwersytet Gda\u0144ski wkroczy\u0142 w rok rozpocz\u0119cia obchod\u00f3w 50-lecia swojego istnienia. Jak powiedzia\u0142 marsza\u0142ek Sejmu Marek Kuchci\u0144ski: Uczelnia nie zapomnia\u0142a o swoim Profesorze, rektorze Wydzia\u0142u Prawa, kt\u00f3ry po\u015bwi\u0119ci\u0142 jej\u00a028 lat swojego \u017cycia. Polityka, naukowca, wybitnego teoretyka prawa pracy Jego Alma Mater\u00a0uhonorowa\u0142a pami\u0105tkow\u0105 tablic\u0105. Jeden z inicjator\u00f3w tablicy, prezes Fundacji \u201eTo\u017csamo\u015b\u0107 i Solidarno\u015b\u0107\u201d Tomasz Rakowski uzasadnia\u0142, \u017ce [&hellip;]<\/p>","protected":false},"author":6,"featured_media":14012,"comment_status":"open","ping_status":"open","sticky":false,"template":"","format":"standard","meta":{"ngg_post_thumbnail":0,"footnotes":""},"categories":[82,77,3],"tags":[],"class_list":["post-13934","post","type-post","status-publish","format-standard","has-post-thumbnail","hentry","category-prawo-i-sprawiedliwosc","category-wazne-daty","category-wydarzenia"],"yoast_head":"<!-- This site is optimized with the Yoast SEO plugin v24.7 - https:\/\/yoast.com\/wordpress\/plugins\/seo\/ -->\n<title>Marsza\u0142ek Sejmu ods\u0142oni\u0142 tablic\u0119 ku pami\u0119ci profesora Uniwersytetu Gda\u0144skiego \u2013 prezydenta Lacha Kaczy\u0144skiego &#8211; Marek Kuchci\u0144ski<\/title>\n<meta name=\"robots\" content=\"index, follow, max-snippet:-1, max-image-preview:large, max-video-preview:-1\" \/>\n<link rel=\"canonical\" href=\"https:\/\/marekkuchcinski.pl\/sk\/wazne-daty\/marszalek-sejmu-odslonil-tablice-ku-pamieci-profesora-uniwersytetu-gdanskiego-prezydenta-lacha-kaczynskiego\/\" \/>\n<meta property=\"og:locale\" content=\"sk_SK\" \/>\n<meta property=\"og:type\" content=\"article\" \/>\n<meta property=\"og:title\" content=\"Marsza\u0142ek Sejmu ods\u0142oni\u0142 tablic\u0119 ku pami\u0119ci profesora Uniwersytetu Gda\u0144skiego \u2013 prezydenta Lacha Kaczy\u0144skiego &#8211; Marek Kuchci\u0144ski\" \/>\n<meta property=\"og:description\" content=\"Uniwersytet Gda\u0144ski wkroczy\u0142 w rok rozpocz\u0119cia obchod\u00f3w 50-lecia swojego istnienia. Jak powiedzia\u0142 marsza\u0142ek Sejmu Marek Kuchci\u0144ski: Uczelnia nie zapomnia\u0142a o swoim Profesorze, rektorze Wydzia\u0142u Prawa, kt\u00f3ry po\u015bwi\u0119ci\u0142 jej\u00a028 lat swojego \u017cycia. Polityka, naukowca, wybitnego teoretyka prawa pracy Jego Alma Mater\u00a0uhonorowa\u0142a pami\u0105tkow\u0105 tablic\u0105. Jeden z inicjator\u00f3w tablicy, prezes Fundacji \u201eTo\u017csamo\u015b\u0107 i Solidarno\u015b\u0107\u201d Tomasz Rakowski uzasadnia\u0142, \u017ce [&hellip;]\" \/>\n<meta property=\"og:url\" content=\"https:\/\/marekkuchcinski.pl\/sk\/wazne-daty\/marszalek-sejmu-odslonil-tablice-ku-pamieci-profesora-uniwersytetu-gdanskiego-prezydenta-lacha-kaczynskiego\/\" \/>\n<meta property=\"og:site_name\" content=\"Marek Kuchci\u0144ski\" \/>\n<meta property=\"article:published_time\" content=\"2019-03-21T11:57:33+00:00\" \/>\n<meta property=\"article:modified_time\" content=\"2019-03-22T12:42:39+00:00\" \/>\n<meta property=\"og:image\" content=\"https:\/\/marekkuchcinski.pl\/wp-content\/uploads\/2019\/03\/m-i-lk.jpg\" \/>\n\t<meta property=\"og:image:width\" content=\"2048\" \/>\n\t<meta property=\"og:image:height\" content=\"1143\" \/>\n\t<meta property=\"og:image:type\" content=\"image\/jpeg\" \/>\n<meta name=\"author\" content=\"admin\" \/>\n<meta name=\"twitter:card\" content=\"summary_large_image\" \/>\n<meta name=\"twitter:label1\" content=\"Autor\" \/>\n\t<meta name=\"twitter:data1\" content=\"admin\" \/>\n\t<meta name=\"twitter:label2\" content=\"Predpokladan\u00fd \u010das \u010d\u00edtania\" \/>\n\t<meta name=\"twitter:data2\" content=\"4 min\u00faty\" \/>\n<script type=\"application\/ld+json\" class=\"yoast-schema-graph\">{\"@context\":\"https:\/\/schema.org\",\"@graph\":[{\"@type\":\"Article\",\"@id\":\"https:\/\/marekkuchcinski.pl\/en\/wazne-daty\/marszalek-sejmu-odslonil-tablice-ku-pamieci-profesora-uniwersytetu-gdanskiego-prezydenta-lacha-kaczynskiego\/#article\",\"isPartOf\":{\"@id\":\"https:\/\/marekkuchcinski.pl\/en\/wazne-daty\/marszalek-sejmu-odslonil-tablice-ku-pamieci-profesora-uniwersytetu-gdanskiego-prezydenta-lacha-kaczynskiego\/\"},\"author\":{\"name\":\"admin\",\"@id\":\"https:\/\/marekkuchcinski.pl\/#\/schema\/person\/6f62700996b4d950b6ea2d1183b6c6be\"},\"headline\":\"Marsza\u0142ek Sejmu ods\u0142oni\u0142 tablic\u0119 ku pami\u0119ci profesora Uniwersytetu Gda\u0144skiego \u2013 prezydenta Lacha Kaczy\u0144skiego\",\"datePublished\":\"2019-03-21T11:57:33+00:00\",\"dateModified\":\"2019-03-22T12:42:39+00:00\",\"mainEntityOfPage\":{\"@id\":\"https:\/\/marekkuchcinski.pl\/en\/wazne-daty\/marszalek-sejmu-odslonil-tablice-ku-pamieci-profesora-uniwersytetu-gdanskiego-prezydenta-lacha-kaczynskiego\/\"},\"wordCount\":732,\"commentCount\":0,\"publisher\":{\"@id\":\"https:\/\/marekkuchcinski.pl\/#organization\"},\"image\":{\"@id\":\"https:\/\/marekkuchcinski.pl\/en\/wazne-daty\/marszalek-sejmu-odslonil-tablice-ku-pamieci-profesora-uniwersytetu-gdanskiego-prezydenta-lacha-kaczynskiego\/#primaryimage\"},\"thumbnailUrl\":\"https:\/\/marekkuchcinski.pl\/wp-content\/uploads\/2019\/03\/m-i-lk.jpg\",\"articleSection\":[\"Prawo i Sprawiedliwo\u015b\u0107\",\"Wa\u017cne daty\",\"Wydarzenia\"],\"inLanguage\":\"sk-SK\",\"potentialAction\":[{\"@type\":\"CommentAction\",\"name\":\"Comment\",\"target\":[\"https:\/\/marekkuchcinski.pl\/en\/wazne-daty\/marszalek-sejmu-odslonil-tablice-ku-pamieci-profesora-uniwersytetu-gdanskiego-prezydenta-lacha-kaczynskiego\/#respond\"]}]},{\"@type\":\"WebPage\",\"@id\":\"https:\/\/marekkuchcinski.pl\/en\/wazne-daty\/marszalek-sejmu-odslonil-tablice-ku-pamieci-profesora-uniwersytetu-gdanskiego-prezydenta-lacha-kaczynskiego\/\",\"url\":\"https:\/\/marekkuchcinski.pl\/en\/wazne-daty\/marszalek-sejmu-odslonil-tablice-ku-pamieci-profesora-uniwersytetu-gdanskiego-prezydenta-lacha-kaczynskiego\/\",\"name\":\"Marsza\u0142ek Sejmu ods\u0142oni\u0142 tablic\u0119 ku pami\u0119ci profesora Uniwersytetu Gda\u0144skiego \u2013 prezydenta Lacha Kaczy\u0144skiego &#8211; Marek Kuchci\u0144ski\",\"isPartOf\":{\"@id\":\"https:\/\/marekkuchcinski.pl\/#website\"},\"primaryImageOfPage\":{\"@id\":\"https:\/\/marekkuchcinski.pl\/en\/wazne-daty\/marszalek-sejmu-odslonil-tablice-ku-pamieci-profesora-uniwersytetu-gdanskiego-prezydenta-lacha-kaczynskiego\/#primaryimage\"},\"image\":{\"@id\":\"https:\/\/marekkuchcinski.pl\/en\/wazne-daty\/marszalek-sejmu-odslonil-tablice-ku-pamieci-profesora-uniwersytetu-gdanskiego-prezydenta-lacha-kaczynskiego\/#primaryimage\"},\"thumbnailUrl\":\"https:\/\/marekkuchcinski.pl\/wp-content\/uploads\/2019\/03\/m-i-lk.jpg\",\"datePublished\":\"2019-03-21T11:57:33+00:00\",\"dateModified\":\"2019-03-22T12:42:39+00:00\",\"breadcrumb\":{\"@id\":\"https:\/\/marekkuchcinski.pl\/en\/wazne-daty\/marszalek-sejmu-odslonil-tablice-ku-pamieci-profesora-uniwersytetu-gdanskiego-prezydenta-lacha-kaczynskiego\/#breadcrumb\"},\"inLanguage\":\"sk-SK\",\"potentialAction\":[{\"@type\":\"ReadAction\",\"target\":[\"https:\/\/marekkuchcinski.pl\/en\/wazne-daty\/marszalek-sejmu-odslonil-tablice-ku-pamieci-profesora-uniwersytetu-gdanskiego-prezydenta-lacha-kaczynskiego\/\"]}]},{\"@type\":\"ImageObject\",\"inLanguage\":\"sk-SK\",\"@id\":\"https:\/\/marekkuchcinski.pl\/en\/wazne-daty\/marszalek-sejmu-odslonil-tablice-ku-pamieci-profesora-uniwersytetu-gdanskiego-prezydenta-lacha-kaczynskiego\/#primaryimage\",\"url\":\"https:\/\/marekkuchcinski.pl\/wp-content\/uploads\/2019\/03\/m-i-lk.jpg\",\"contentUrl\":\"https:\/\/marekkuchcinski.pl\/wp-content\/uploads\/2019\/03\/m-i-lk.jpg\",\"width\":2048,\"height\":1143},{\"@type\":\"BreadcrumbList\",\"@id\":\"https:\/\/marekkuchcinski.pl\/en\/wazne-daty\/marszalek-sejmu-odslonil-tablice-ku-pamieci-profesora-uniwersytetu-gdanskiego-prezydenta-lacha-kaczynskiego\/#breadcrumb\",\"itemListElement\":[{\"@type\":\"ListItem\",\"position\":1,\"name\":\"Strona g\u0142\u00f3wna\",\"item\":\"https:\/\/marekkuchcinski.pl\/\"},{\"@type\":\"ListItem\",\"position\":2,\"name\":\"Marsza\u0142ek Sejmu ods\u0142oni\u0142 tablic\u0119 ku pami\u0119ci profesora Uniwersytetu Gda\u0144skiego \u2013 prezydenta Lacha Kaczy\u0144skiego\"}]},{\"@type\":\"WebSite\",\"@id\":\"https:\/\/marekkuchcinski.pl\/#website\",\"url\":\"https:\/\/marekkuchcinski.pl\/\",\"name\":\"Marek Kuchci\u0144ski\",\"description\":\"Pose\u0142 na sejm RP &ndash; okr\u0119g nr 22\",\"publisher\":{\"@id\":\"https:\/\/marekkuchcinski.pl\/#organization\"},\"potentialAction\":[{\"@type\":\"SearchAction\",\"target\":{\"@type\":\"EntryPoint\",\"urlTemplate\":\"https:\/\/marekkuchcinski.pl\/?s={search_term_string}\"},\"query-input\":{\"@type\":\"PropertyValueSpecification\",\"valueRequired\":true,\"valueName\":\"search_term_string\"}}],\"inLanguage\":\"sk-SK\"},{\"@type\":\"Organization\",\"@id\":\"https:\/\/marekkuchcinski.pl\/#organization\",\"name\":\"Marek Kuchci\u0144ski\",\"url\":\"https:\/\/marekkuchcinski.pl\/\",\"logo\":{\"@type\":\"ImageObject\",\"inLanguage\":\"sk-SK\",\"@id\":\"https:\/\/marekkuchcinski.pl\/#\/schema\/logo\/image\/\",\"url\":\"https:\/\/marekkuchcinski.pl\/wp-content\/uploads\/2022\/09\/Marek.jpg\",\"contentUrl\":\"https:\/\/marekkuchcinski.pl\/wp-content\/uploads\/2022\/09\/Marek.jpg\",\"width\":1600,\"height\":971,\"caption\":\"Marek Kuchci\u0144ski\"},\"image\":{\"@id\":\"https:\/\/marekkuchcinski.pl\/#\/schema\/logo\/image\/\"}},{\"@type\":\"Person\",\"@id\":\"https:\/\/marekkuchcinski.pl\/#\/schema\/person\/6f62700996b4d950b6ea2d1183b6c6be\",\"name\":\"admin\",\"image\":{\"@type\":\"ImageObject\",\"inLanguage\":\"sk-SK\",\"@id\":\"https:\/\/marekkuchcinski.pl\/#\/schema\/person\/image\/\",\"url\":\"https:\/\/secure.gravatar.com\/avatar\/4bab693b9d55c3d6b52c0296a8765085?s=96&d=mm&r=g\",\"contentUrl\":\"https:\/\/secure.gravatar.com\/avatar\/4bab693b9d55c3d6b52c0296a8765085?s=96&d=mm&r=g\",\"caption\":\"admin\"},\"url\":\"https:\/\/marekkuchcinski.pl\/sk\/author\/marta-olejnik\/\"}]}<\/script>\n<!-- \/ Yoast SEO plugin. -->","yoast_head_json":{"title":"Marsza\u0142ek Sejmu ods\u0142oni\u0142 tablic\u0119 ku pami\u0119ci profesora Uniwersytetu Gda\u0144skiego \u2013 prezydenta Lacha Kaczy\u0144skiego &#8211; Marek Kuchci\u0144ski","robots":{"index":"index","follow":"follow","max-snippet":"max-snippet:-1","max-image-preview":"max-image-preview:large","max-video-preview":"max-video-preview:-1"},"canonical":"https:\/\/marekkuchcinski.pl\/sk\/wazne-daty\/marszalek-sejmu-odslonil-tablice-ku-pamieci-profesora-uniwersytetu-gdanskiego-prezydenta-lacha-kaczynskiego\/","og_locale":"sk_SK","og_type":"article","og_title":"Marsza\u0142ek Sejmu ods\u0142oni\u0142 tablic\u0119 ku pami\u0119ci profesora Uniwersytetu Gda\u0144skiego \u2013 prezydenta Lacha Kaczy\u0144skiego &#8211; Marek Kuchci\u0144ski","og_description":"Uniwersytet Gda\u0144ski wkroczy\u0142 w rok rozpocz\u0119cia obchod\u00f3w 50-lecia swojego istnienia. Jak powiedzia\u0142 marsza\u0142ek Sejmu Marek Kuchci\u0144ski: Uczelnia nie zapomnia\u0142a o swoim Profesorze, rektorze Wydzia\u0142u Prawa, kt\u00f3ry po\u015bwi\u0119ci\u0142 jej\u00a028 lat swojego \u017cycia. Polityka, naukowca, wybitnego teoretyka prawa pracy Jego Alma Mater\u00a0uhonorowa\u0142a pami\u0105tkow\u0105 tablic\u0105. Jeden z inicjator\u00f3w tablicy, prezes Fundacji \u201eTo\u017csamo\u015b\u0107 i Solidarno\u015b\u0107\u201d Tomasz Rakowski uzasadnia\u0142, \u017ce [&hellip;]","og_url":"https:\/\/marekkuchcinski.pl\/sk\/wazne-daty\/marszalek-sejmu-odslonil-tablice-ku-pamieci-profesora-uniwersytetu-gdanskiego-prezydenta-lacha-kaczynskiego\/","og_site_name":"Marek Kuchci\u0144ski","article_published_time":"2019-03-21T11:57:33+00:00","article_modified_time":"2019-03-22T12:42:39+00:00","og_image":[{"width":2048,"height":1143,"url":"https:\/\/marekkuchcinski.pl\/wp-content\/uploads\/2019\/03\/m-i-lk.jpg","type":"image\/jpeg"}],"author":"admin","twitter_card":"summary_large_image","twitter_misc":{"Autor":"admin","Predpokladan\u00fd \u010das \u010d\u00edtania":"4 min\u00faty"},"schema":{"@context":"https:\/\/schema.org","@graph":[{"@type":"Article","@id":"https:\/\/marekkuchcinski.pl\/en\/wazne-daty\/marszalek-sejmu-odslonil-tablice-ku-pamieci-profesora-uniwersytetu-gdanskiego-prezydenta-lacha-kaczynskiego\/#article","isPartOf":{"@id":"https:\/\/marekkuchcinski.pl\/en\/wazne-daty\/marszalek-sejmu-odslonil-tablice-ku-pamieci-profesora-uniwersytetu-gdanskiego-prezydenta-lacha-kaczynskiego\/"},"author":{"name":"admin","@id":"https:\/\/marekkuchcinski.pl\/#\/schema\/person\/6f62700996b4d950b6ea2d1183b6c6be"},"headline":"Marsza\u0142ek Sejmu ods\u0142oni\u0142 tablic\u0119 ku pami\u0119ci profesora Uniwersytetu Gda\u0144skiego \u2013 prezydenta Lacha Kaczy\u0144skiego","datePublished":"2019-03-21T11:57:33+00:00","dateModified":"2019-03-22T12:42:39+00:00","mainEntityOfPage":{"@id":"https:\/\/marekkuchcinski.pl\/en\/wazne-daty\/marszalek-sejmu-odslonil-tablice-ku-pamieci-profesora-uniwersytetu-gdanskiego-prezydenta-lacha-kaczynskiego\/"},"wordCount":732,"commentCount":0,"publisher":{"@id":"https:\/\/marekkuchcinski.pl\/#organization"},"image":{"@id":"https:\/\/marekkuchcinski.pl\/en\/wazne-daty\/marszalek-sejmu-odslonil-tablice-ku-pamieci-profesora-uniwersytetu-gdanskiego-prezydenta-lacha-kaczynskiego\/#primaryimage"},"thumbnailUrl":"https:\/\/marekkuchcinski.pl\/wp-content\/uploads\/2019\/03\/m-i-lk.jpg","articleSection":["Prawo i Sprawiedliwo\u015b\u0107","Wa\u017cne daty","Wydarzenia"],"inLanguage":"sk-SK","potentialAction":[{"@type":"CommentAction","name":"Comment","target":["https:\/\/marekkuchcinski.pl\/en\/wazne-daty\/marszalek-sejmu-odslonil-tablice-ku-pamieci-profesora-uniwersytetu-gdanskiego-prezydenta-lacha-kaczynskiego\/#respond"]}]},{"@type":"WebPage","@id":"https:\/\/marekkuchcinski.pl\/en\/wazne-daty\/marszalek-sejmu-odslonil-tablice-ku-pamieci-profesora-uniwersytetu-gdanskiego-prezydenta-lacha-kaczynskiego\/","url":"https:\/\/marekkuchcinski.pl\/en\/wazne-daty\/marszalek-sejmu-odslonil-tablice-ku-pamieci-profesora-uniwersytetu-gdanskiego-prezydenta-lacha-kaczynskiego\/","name":"Marsza\u0142ek Sejmu ods\u0142oni\u0142 tablic\u0119 ku pami\u0119ci profesora Uniwersytetu Gda\u0144skiego \u2013 prezydenta Lacha Kaczy\u0144skiego &#8211; Marek Kuchci\u0144ski","isPartOf":{"@id":"https:\/\/marekkuchcinski.pl\/#website"},"primaryImageOfPage":{"@id":"https:\/\/marekkuchcinski.pl\/en\/wazne-daty\/marszalek-sejmu-odslonil-tablice-ku-pamieci-profesora-uniwersytetu-gdanskiego-prezydenta-lacha-kaczynskiego\/#primaryimage"},"image":{"@id":"https:\/\/marekkuchcinski.pl\/en\/wazne-daty\/marszalek-sejmu-odslonil-tablice-ku-pamieci-profesora-uniwersytetu-gdanskiego-prezydenta-lacha-kaczynskiego\/#primaryimage"},"thumbnailUrl":"https:\/\/marekkuchcinski.pl\/wp-content\/uploads\/2019\/03\/m-i-lk.jpg","datePublished":"2019-03-21T11:57:33+00:00","dateModified":"2019-03-22T12:42:39+00:00","breadcrumb":{"@id":"https:\/\/marekkuchcinski.pl\/en\/wazne-daty\/marszalek-sejmu-odslonil-tablice-ku-pamieci-profesora-uniwersytetu-gdanskiego-prezydenta-lacha-kaczynskiego\/#breadcrumb"},"inLanguage":"sk-SK","potentialAction":[{"@type":"ReadAction","target":["https:\/\/marekkuchcinski.pl\/en\/wazne-daty\/marszalek-sejmu-odslonil-tablice-ku-pamieci-profesora-uniwersytetu-gdanskiego-prezydenta-lacha-kaczynskiego\/"]}]},{"@type":"ImageObject","inLanguage":"sk-SK","@id":"https:\/\/marekkuchcinski.pl\/en\/wazne-daty\/marszalek-sejmu-odslonil-tablice-ku-pamieci-profesora-uniwersytetu-gdanskiego-prezydenta-lacha-kaczynskiego\/#primaryimage","url":"https:\/\/marekkuchcinski.pl\/wp-content\/uploads\/2019\/03\/m-i-lk.jpg","contentUrl":"https:\/\/marekkuchcinski.pl\/wp-content\/uploads\/2019\/03\/m-i-lk.jpg","width":2048,"height":1143},{"@type":"BreadcrumbList","@id":"https:\/\/marekkuchcinski.pl\/en\/wazne-daty\/marszalek-sejmu-odslonil-tablice-ku-pamieci-profesora-uniwersytetu-gdanskiego-prezydenta-lacha-kaczynskiego\/#breadcrumb","itemListElement":[{"@type":"ListItem","position":1,"name":"Strona g\u0142\u00f3wna","item":"https:\/\/marekkuchcinski.pl\/"},{"@type":"ListItem","position":2,"name":"Marsza\u0142ek Sejmu ods\u0142oni\u0142 tablic\u0119 ku pami\u0119ci profesora Uniwersytetu Gda\u0144skiego \u2013 prezydenta Lacha Kaczy\u0144skiego"}]},{"@type":"WebSite","@id":"https:\/\/marekkuchcinski.pl\/#website","url":"https:\/\/marekkuchcinski.pl\/","name":"Marek Kuchci\u0144ski","description":"Pose\u0142 na sejm RP &ndash; okr\u0119g nr 22","publisher":{"@id":"https:\/\/marekkuchcinski.pl\/#organization"},"potentialAction":[{"@type":"SearchAction","target":{"@type":"EntryPoint","urlTemplate":"https:\/\/marekkuchcinski.pl\/?s={search_term_string}"},"query-input":{"@type":"PropertyValueSpecification","valueRequired":true,"valueName":"search_term_string"}}],"inLanguage":"sk-SK"},{"@type":"Organization","@id":"https:\/\/marekkuchcinski.pl\/#organization","name":"Marek Kuchci\u0144ski","url":"https:\/\/marekkuchcinski.pl\/","logo":{"@type":"ImageObject","inLanguage":"sk-SK","@id":"https:\/\/marekkuchcinski.pl\/#\/schema\/logo\/image\/","url":"https:\/\/marekkuchcinski.pl\/wp-content\/uploads\/2022\/09\/Marek.jpg","contentUrl":"https:\/\/marekkuchcinski.pl\/wp-content\/uploads\/2022\/09\/Marek.jpg","width":1600,"height":971,"caption":"Marek Kuchci\u0144ski"},"image":{"@id":"https:\/\/marekkuchcinski.pl\/#\/schema\/logo\/image\/"}},{"@type":"Person","@id":"https:\/\/marekkuchcinski.pl\/#\/schema\/person\/6f62700996b4d950b6ea2d1183b6c6be","name":"admin","image":{"@type":"ImageObject","inLanguage":"sk-SK","@id":"https:\/\/marekkuchcinski.pl\/#\/schema\/person\/image\/","url":"https:\/\/secure.gravatar.com\/avatar\/4bab693b9d55c3d6b52c0296a8765085?s=96&d=mm&r=g","contentUrl":"https:\/\/secure.gravatar.com\/avatar\/4bab693b9d55c3d6b52c0296a8765085?s=96&d=mm&r=g","caption":"admin"},"url":"https:\/\/marekkuchcinski.pl\/sk\/author\/marta-olejnik\/"}]}},"_links":{"self":[{"href":"https:\/\/marekkuchcinski.pl\/sk\/wp-json\/wp\/v2\/posts\/13934","targetHints":{"allow":["GET"]}}],"collection":[{"href":"https:\/\/marekkuchcinski.pl\/sk\/wp-json\/wp\/v2\/posts"}],"about":[{"href":"https:\/\/marekkuchcinski.pl\/sk\/wp-json\/wp\/v2\/types\/post"}],"author":[{"embeddable":true,"href":"https:\/\/marekkuchcinski.pl\/sk\/wp-json\/wp\/v2\/users\/6"}],"replies":[{"embeddable":true,"href":"https:\/\/marekkuchcinski.pl\/sk\/wp-json\/wp\/v2\/comments?post=13934"}],"version-history":[{"count":31,"href":"https:\/\/marekkuchcinski.pl\/sk\/wp-json\/wp\/v2\/posts\/13934\/revisions"}],"predecessor-version":[{"id":14042,"href":"https:\/\/marekkuchcinski.pl\/sk\/wp-json\/wp\/v2\/posts\/13934\/revisions\/14042"}],"wp:featuredmedia":[{"embeddable":true,"href":"https:\/\/marekkuchcinski.pl\/sk\/wp-json\/wp\/v2\/media\/14012"}],"wp:attachment":[{"href":"https:\/\/marekkuchcinski.pl\/sk\/wp-json\/wp\/v2\/media?parent=13934"}],"wp:term":[{"taxonomy":"category","embeddable":true,"href":"https:\/\/marekkuchcinski.pl\/sk\/wp-json\/wp\/v2\/categories?post=13934"},{"taxonomy":"post_tag","embeddable":true,"href":"https:\/\/marekkuchcinski.pl\/sk\/wp-json\/wp\/v2\/tags?post=13934"}],"curies":[{"name":"wp","href":"https:\/\/api.w.org\/{rel}","templated":true}]}}