{"id":13836,"date":"2019-03-17T23:22:24","date_gmt":"2019-03-17T22:22:24","guid":{"rendered":"https:\/\/marekkuchcinski.pl\/?p=13836"},"modified":"2019-03-20T22:49:17","modified_gmt":"2019-03-20T21:49:17","slug":"78-posiedzenie-sejmu","status":"publish","type":"post","link":"https:\/\/marekkuchcinski.pl\/sk\/wiesci-z-sejmu\/78-posiedzenie-sejmu\/","title":{"rendered":"78. zasadnutie Sejmu"},"content":{"rendered":"<p dir=\"ltr\"><strong>Najd\u00f4le\u017eitej\u0161\u00edmi bodmi 78. sch\u00f4dze Sejmu boli okrem in\u00e9ho expoz\u00e9 ministra zahrani\u010dn\u00fdch vec\u00ed a prijatie:<\/strong><\/p>\n<ul>\n<li dir=\"ltr\"><strong>z\u00e1kon o podpore vedeckej \u010dinnosti z Fondu po\u013eskej vedy\u00a0<\/strong><\/li>\n<li dir=\"ltr\"><strong>Z\u00e1kon o roz\u0161\u00edren\u00ed pr\u00e1v vojnov\u00fdch veter\u00e1nov a obet\u00ed repres\u00e1li\u00ed a o priznan\u00ed ro\u010dn\u00e9ho pr\u00edplatku 850 zlot\u00fdch k d\u00f4chodku vojnov\u00fdm invalidom\u00a0<\/strong><\/li>\n<li dir=\"ltr\"><strong>z\u00e1kony pripraven\u00e9 vl\u00e1dou v pr\u00edpade tzv. tvrd\u00e9ho brexitu<\/strong><\/li>\n<li dir=\"ltr\"><strong>z\u00e1kon o doh\u013eade nad finan\u010dn\u00fdm trhom\u00a0<\/strong><\/li>\n<\/ul>\n<p dir=\"ltr\"><span style=\"color: #ad1856;\"><strong>Jacek Czaputowicz za pr\u00edtomnosti prezidenta Po\u013eskej republiky informoval Vysok\u00fa komoru o \u00faloh\u00e1ch po\u013eskej zahrani\u010dnej politiky na rok 2019. Jej najd\u00f4le\u017eitej\u0161ie ciele s\u00fa:<\/strong><\/span><\/p>\n<ul>\n<li dir=\"ltr\">pracova\u0165 na obnoven\u00ed d\u00f4very ob\u010danov v in\u0161tit\u00facie. <span class=\"PrettyLink-prefix\">E\u00da<\/span><\/li>\n<li dir=\"ltr\">obnovenie\u00a0<span class=\"PrettyLink-prefix\">Eur\u00f3pska \u00fania\u00a0<\/span>\u00fapln\u00e1, nespochybnite\u013en\u00e1 legitimita<\/li>\n<li dir=\"ltr\"><span class=\"PrettyLink-prefix\">obnovenie kapacity <span class=\"PrettyLink-value\">E\u00da<\/span> rie\u0161i\u0165 skuto\u010dn\u00e9 probl\u00e9my \u013eud\u00ed.\u00a0<\/span><\/li>\n<li dir=\"ltr\">strategick\u00e9 partnerstvo, roz\u0161\u00edrenie vojenskej pr\u00edtomnosti USA v Po\u013esku ako s\u00fa\u010das\u0165 posilnenia v\u00fdchodn\u00e9ho kr\u00eddla NATO<\/li>\n<li dir=\"ltr\">diskusia o vojnov\u00fdch repar\u00e1ci\u00e1ch<\/li>\n<li dir=\"ltr\">vyz\u00fdva Rusko, aby vykonalo rezol\u00faciu Parlamentn\u00e9ho zhroma\u017edenia Rady Eur\u00f3py, konkr\u00e9tne aby odovzdalo vrak prezidentsk\u00e9ho lietadla Tu-154 Po\u013esku<\/li>\n<li dir=\"ltr\">dobr\u00e1 spolupr\u00e1ca s Izraelom a boj proti stereotypom<\/li>\n<li dir=\"ltr\">region\u00e1lna spolupr\u00e1ca v strednej Eur\u00f3pe, v r\u00e1mci V4 a s Nemeckom<\/li>\n<li dir=\"ltr\">posilnenie vz\u0165ahov s \u00e1zijsk\u00fdmi krajinami<\/li>\n<li dir=\"ltr\">humanit\u00e1rna pomoc<\/li>\n<\/ul>\n<p><span style=\"color: #ad1856;\"><strong>Minister tie\u017e pripomenul v\u00fdznamn\u00e9 v\u00fdro\u010dia, ktor\u00e9 si Po\u013esko pripomenie v roku 2019:<\/strong><\/span><\/p>\n<ul>\n<li>20. Vstup Po\u013eska do NATO<\/li>\n<li>15. prist\u00fapenie Po\u013eska k <span class=\"PrettyLink-prefix\">E\u00da<\/span><\/li>\n<li>30. v\u00ed\u0165azstvo Solidarity vo vo\u013eb\u00e1ch 4. j\u00fana 1989.<\/li>\n<li>450. v\u00fdro\u010die zalo\u017eenia Po\u013esko-litovskej \u00fanie<\/li>\n<li>75. v\u00fdro\u010die Var\u0161avsk\u00e9ho povstania<\/li>\n<li>80. v\u00fdro\u010die vypuknutia 2. svetovej vojny<\/li>\n<\/ul>\n<p dir=\"ltr\">Sejm prijal <strong><span style=\"color: #000000;\">z\u00e1kon o podpore vedeckej \u010dinnosti z Fondu pre po\u013esk\u00fa vedu<\/span>.<\/strong> Predpoklad\u00e1 zavedenie nov\u00e9ho mechanizmu financovania vedeck\u00e9ho v\u00fdskumu a jeho komercializ\u00e1cie. M\u00e1 to by\u0165 jeden zo sp\u00f4sobov rie\u0161enia probl\u00e9mu n\u00edzkej komercializ\u00e1cie n\u00e1padov, ktor\u00e9 by sa mali uplatni\u0165 pri v\u00fdrobe inovat\u00edvnych a konkurencieschopn\u00fdch v\u00fdrobkov.<\/p>\n<p dir=\"ltr\">Parlament rozhodol\u00a0<strong>o roz\u0161\u00edren\u00ed n\u00e1rokov vojnov\u00fdch veter\u00e1nov a obet\u00ed represi\u00ed a o priznan\u00ed ro\u010dn\u00e9ho pr\u00edplatku k d\u00f4chodku vojnov\u00fdm invalidom vo v\u00fd\u0161ke 850 PLN<\/strong>. Zmeny sa okrem in\u00e9ho t\u00fdkaj\u00fa n\u00e1rokov veter\u00e1nov a os\u00f4b, ktor\u00e9 s\u00fa obe\u0165ami vojny a povojnov\u00fdch represi\u00ed. Vojnov\u00ed a vojensk\u00ed invalidi \u017eij\u00faci v zahrani\u010d\u00ed bud\u00fa tie\u017e m\u00f4c\u0165 pobera\u0165 d\u00e1vky.<\/p>\n<p dir=\"ltr\">Sejm prijal\u00a0<strong>z\u00e1kony pripraven\u00e9 vl\u00e1dou v pr\u00edpade tzv. tvrd\u00e9ho brexitu.<\/strong>\u00a0Nov\u00e9 nariadenia sa okrem in\u00e9ho t\u00fdkaj\u00fa ustanoven\u00ed definuj\u00facich z\u00e1sady pobytu britsk\u00fdch ob\u010danov v Po\u013esku, uzn\u00e1vania odborn\u00fdch kvalifik\u00e1ci\u00ed z\u00edskan\u00fdch v Spojenom kr\u00e1\u013eovstve, ochrany z\u00e1ujmov po\u013esk\u00fdch klientov finan\u010dn\u00fdch in\u0161tit\u00faci\u00ed so s\u00eddlom v Spojenom kr\u00e1\u013eovstve.<\/p>\n<p dir=\"ltr\">Sejm prijal n<strong>novela z\u00e1kona o doh\u013eade nad finan\u010dn\u00fdm trhom.<\/strong> \u00a0Cie\u013eom zmien je zabezpe\u010di\u0165 \u00fa\u010dinn\u00e9 vykon\u00e1vanie nariadenia E\u00da z 12. decembra 2017 o vytvoren\u00ed v\u0161eobecn\u00e9ho r\u00e1mca pre sekuritiz\u00e1ciu.<\/p>\n<p dir=\"ltr\">Poslanci Eur\u00f3pskeho parlamentu schv\u00e1lili <strong>z\u00e1kon obsahuj\u00faci pravidl\u00e1, pod\u013ea ktor\u00fdch sa ur\u010dia poslanci Eur\u00f3pskeho parlamentu zvolen\u00ed v m\u00e1jov\u00fdch vo\u013eb\u00e1ch.<\/strong>Zaviedlo sa rie\u0161enie, pod\u013ea ktor\u00e9ho spomedzi kandid\u00e1tov v\u00fdboru s mand\u00e1tom zodpovedaj\u00facim 52. volebn\u00e9mu kvocientu z\u00edskava mand\u00e1t ten kandid\u00e1t, ktor\u00e9ho z\u00e1konodarn\u00fd org\u00e1n pova\u017euje za najmenej legit\u00edmneho.<\/p>\n<p dir=\"ltr\">Sejm <strong>zmenil a doplnil nieko\u013eko z\u00e1konov s cie\u013eom zv\u00fd\u0161i\u0165 kontrolu nad v\u00fdkonom povolania re\u0161trukturaliza\u010dn\u00e9ho poradcu<\/strong>. Na z\u00e1klade rozhodnutia komory bud\u00fa poradcovia podlieha\u0165 aj doh\u013eadu ministra spravodlivosti. Cie\u013eom novely je okrem in\u00e9ho posilni\u0165 doh\u013ead nad \u010dinnos\u0165ou re\u0161trukturaliza\u010dn\u00fdch poradcov, ako aj zv\u00fd\u0161i\u0165 transparentnos\u0165 syst\u00e9mu ich menovania.<\/p>\n<p dir=\"ltr\">Sejm zmenil a doplnil\u00a0<strong>Z\u00e1kon o cestnej prem\u00e1vke a Trestn\u00fd z\u00e1kon.<\/strong> Cie\u013eom prijat\u00fdch zmien a doplnen\u00ed je bojova\u0165 proti fal\u0161ovaniu odometrov. Navrhovan\u00e9 ustanovenia vyp\u013a\u0148aj\u00fa medzeru v z\u00e1kone, ktor\u00e1 znemo\u017e\u0148uje identifikova\u0165 fal\u0161ovate\u013ea podvodu s odometrom, ak pon\u00fakan\u00e9 vozidlo nepoch\u00e1dza od prv\u00e9ho majite\u013ea. Okrem toho je cie\u013eom novely odstr\u00e1ni\u0165 praktiky, pri ktor\u00fdch sa pon\u00fakaj\u00fa slu\u017eby na podhodnotenie stavu tachometra vozidla.<\/p>\n<p dir=\"ltr\">Sejm prijal\u00a0<strong>zmeny a doplnenia rokovacieho poriadku komory<\/strong>. Okrem in\u00e9ho sa v novele ustanovuje v\u00e4\u010d\u0161ia dostupnos\u0165 parlamentn\u00fdch rokovan\u00ed prostredn\u00edctvom vyhotovovania \u00fapln\u00fdch z\u00e1pisov zo sch\u00f4dz\u00ed parlamentn\u00fdch podv\u00fdborov.<\/p>\n<p dir=\"ltr\">Prijat\u00e9 <strong>Zmena z\u00e1kona o v\u00fdmene da\u0148ov\u00fdch inform\u00e1ci\u00ed<\/strong> s in\u00fdmi krajinami upravuje pravidl\u00e1 a postup v\u00fdmeny da\u0148ov\u00fdch inform\u00e1ci\u00ed. Z\u00e1kon prisp\u00f4sobuje po\u013esk\u00e9 pr\u00e1vne predpisy nariadeniam E\u00da.<\/p>\n<p dir=\"ltr\">Sejm zmenil a doplnil\u00a0<strong>z\u00e1kon o verejn\u00fdch cest\u00e1ch<\/strong>ktor\u00e1 umo\u017en\u00ed v\u00fdber verejn\u00e9ho subjektu na vybudovanie nov\u00e9ho elektronick\u00e9ho m\u00fdtneho syst\u00e9mu. Novela stanovuje z\u00e1klady pre vymenovanie verejn\u00e9ho subjektu, ktor\u00fd bude poskytova\u0165 slu\u017eby s\u00favisiace so syst\u00e9mami IKT pre elektronick\u00fd v\u00fdber m\u00fdta.<\/p>\n<p dir=\"ltr\"><strong>Kr\u00fa\u017eky vidieckych \u017eien bud\u00fa m\u00f4c\u0165 p\u00f4sobi\u0165 nielen na dedin\u00e1ch<\/strong>ale aj na \u00fazem\u00ed obc\u00ed na \u00fazem\u00ed mesta a v mest\u00e1ch s po\u010dtom obyvate\u013eov do 5 000, novela z\u00e1kona o KGW stanovuje. Novelou sa men\u00ed z\u00e1kon o vidieckych kr\u00fa\u017ekoch \u017eien, ktor\u00fd bol prijat\u00fd v novembri 2018 a ktor\u00fdm kr\u00fa\u017eky z\u00edskali pr\u00e1vnu subjektivitu a mohli vykon\u00e1va\u0165 hospod\u00e1rsku \u010dinnos\u0165. Kruhy zriaden\u00e9 pod\u013ea tohto z\u00e1kona musia by\u0165 zaregistrovan\u00e9 v Agent\u00fare pre re\u0161trukturaliz\u00e1ciu a moderniz\u00e1ciu po\u013enohospod\u00e1rstva.<\/p>\n<p><em>foto: marta olejnik<\/em><a href=\"https:\/\/marekkuchcinski.pl\/wp-content\/uploads\/2019\/03\/e3.jpg\"><img fetchpriority=\"high\" decoding=\"async\" class=\"alignnone size-full wp-image-13841\" src=\"https:\/\/marekkuchcinski.pl\/wp-content\/uploads\/2019\/03\/e3.jpg\" alt=\"e3\" width=\"2853\" height=\"3517\" srcset=\"https:\/\/marekkuchcinski.pl\/wp-content\/uploads\/2019\/03\/e3.jpg 1661w, https:\/\/marekkuchcinski.pl\/wp-content\/uploads\/2019\/03\/e3-243x300.jpg 243w, https:\/\/marekkuchcinski.pl\/wp-content\/uploads\/2019\/03\/e3-768x947.jpg 768w, https:\/\/marekkuchcinski.pl\/wp-content\/uploads\/2019\/03\/e3-831x1024.jpg 831w\" sizes=\"(max-width: 2853px) 100vw, 2853px\" \/><\/a> <a href=\"https:\/\/marekkuchcinski.pl\/wp-content\/uploads\/2019\/03\/e6.jpg\"><img decoding=\"async\" class=\"alignnone size-full wp-image-13842\" src=\"https:\/\/marekkuchcinski.pl\/wp-content\/uploads\/2019\/03\/e6.jpg\" alt=\"e6\" width=\"2896\" height=\"1924\" srcset=\"https:\/\/marekkuchcinski.pl\/wp-content\/uploads\/2019\/03\/e6.jpg 2048w, https:\/\/marekkuchcinski.pl\/wp-content\/uploads\/2019\/03\/e6-300x199.jpg 300w, https:\/\/marekkuchcinski.pl\/wp-content\/uploads\/2019\/03\/e6-768x510.jpg 768w, https:\/\/marekkuchcinski.pl\/wp-content\/uploads\/2019\/03\/e6-1024x680.jpg 1024w\" sizes=\"(max-width: 2896px) 100vw, 2896px\" \/><\/a><a href=\"https:\/\/marekkuchcinski.pl\/wp-content\/uploads\/2019\/03\/IMG_8960.jpg\"><img decoding=\"async\" class=\"alignnone size-full wp-image-13844\" src=\"https:\/\/marekkuchcinski.pl\/wp-content\/uploads\/2019\/03\/IMG_8960.jpg\" alt=\"IMG_8960\" width=\"5234\" height=\"2966\" srcset=\"https:\/\/marekkuchcinski.pl\/wp-content\/uploads\/2019\/03\/IMG_8960.jpg 2048w, https:\/\/marekkuchcinski.pl\/wp-content\/uploads\/2019\/03\/IMG_8960-300x170.jpg 300w, https:\/\/marekkuchcinski.pl\/wp-content\/uploads\/2019\/03\/IMG_8960-768x435.jpg 768w, https:\/\/marekkuchcinski.pl\/wp-content\/uploads\/2019\/03\/IMG_8960-1024x580.jpg 1024w\" sizes=\"(max-width: 5234px) 100vw, 5234px\" \/><\/a><\/p>","protected":false},"excerpt":{"rendered":"<p>Najwa\u017cniejszymi punktami 78. posiedzenia Sejmu by\u0142y expos\u00e9 ministra spraw zagranicznych oraz uchwalenie m.in.: ustawy o wspieraniu dzia\u0142alno\u015bci naukowej z Funduszu Polskiej Nauki\u00a0 ustawy o poszerzeniu uprawnie\u0144 kombatant\u00f3w i os\u00f3b b\u0119d\u0105cych ofiarami represji oraz o przyznaniu inwalidom wojennym corocznie 850 z\u0142 dodatku do renty\u00a0 ustaw przygotowanych przez rz\u0105d na wypadek tzw. twardego Brexitu ustawy o nadzorze [&hellip;]<\/p>","protected":false},"author":6,"featured_media":13839,"comment_status":"open","ping_status":"open","sticky":false,"template":"","format":"standard","meta":{"ngg_post_thumbnail":0,"footnotes":""},"categories":[82,81,3],"tags":[],"class_list":["post-13836","post","type-post","status-publish","format-standard","has-post-thumbnail","hentry","category-prawo-i-sprawiedliwosc","category-wiesci-z-sejmu","category-wydarzenia"],"yoast_head":"<!-- This site is optimized with the Yoast SEO plugin v24.7 - https:\/\/yoast.com\/wordpress\/plugins\/seo\/ -->\n<title>78. posiedzenie Sejmu &#8211; Marek Kuchci\u0144ski<\/title>\n<meta name=\"robots\" content=\"index, follow, max-snippet:-1, max-image-preview:large, max-video-preview:-1\" \/>\n<link rel=\"canonical\" href=\"https:\/\/marekkuchcinski.pl\/sk\/wiesci-z-sejmu\/78-posiedzenie-sejmu\/\" \/>\n<meta property=\"og:locale\" content=\"sk_SK\" \/>\n<meta property=\"og:type\" content=\"article\" \/>\n<meta property=\"og:title\" content=\"78. posiedzenie Sejmu &#8211; Marek Kuchci\u0144ski\" \/>\n<meta property=\"og:description\" content=\"Najwa\u017cniejszymi punktami 78. posiedzenia Sejmu by\u0142y expos\u00e9 ministra spraw zagranicznych oraz uchwalenie m.in.: ustawy o wspieraniu dzia\u0142alno\u015bci naukowej z Funduszu Polskiej Nauki\u00a0 ustawy o poszerzeniu uprawnie\u0144 kombatant\u00f3w i os\u00f3b b\u0119d\u0105cych ofiarami represji oraz o przyznaniu inwalidom wojennym corocznie 850 z\u0142 dodatku do renty\u00a0 ustaw przygotowanych przez rz\u0105d na wypadek tzw. twardego Brexitu ustawy o nadzorze [&hellip;]\" \/>\n<meta property=\"og:url\" content=\"https:\/\/marekkuchcinski.pl\/sk\/wiesci-z-sejmu\/78-posiedzenie-sejmu\/\" \/>\n<meta property=\"og:site_name\" content=\"Marek Kuchci\u0144ski\" \/>\n<meta property=\"article:published_time\" content=\"2019-03-17T22:22:24+00:00\" \/>\n<meta property=\"article:modified_time\" content=\"2019-03-20T21:49:17+00:00\" \/>\n<meta property=\"og:image\" content=\"https:\/\/marekkuchcinski.pl\/wp-content\/uploads\/2019\/03\/e2.jpg\" \/>\n\t<meta property=\"og:image:width\" content=\"1587\" \/>\n\t<meta property=\"og:image:height\" content=\"2048\" \/>\n\t<meta property=\"og:image:type\" content=\"image\/jpeg\" \/>\n<meta name=\"author\" content=\"admin\" \/>\n<meta name=\"twitter:card\" content=\"summary_large_image\" \/>\n<meta name=\"twitter:label1\" content=\"Autor\" \/>\n\t<meta name=\"twitter:data1\" content=\"admin\" \/>\n\t<meta name=\"twitter:label2\" content=\"Predpokladan\u00fd \u010das \u010d\u00edtania\" \/>\n\t<meta name=\"twitter:data2\" content=\"4 min\u00faty\" \/>\n<script type=\"application\/ld+json\" class=\"yoast-schema-graph\">{\"@context\":\"https:\/\/schema.org\",\"@graph\":[{\"@type\":\"Article\",\"@id\":\"https:\/\/marekkuchcinski.pl\/ro\/wiesci-z-sejmu\/78-posiedzenie-sejmu\/#article\",\"isPartOf\":{\"@id\":\"https:\/\/marekkuchcinski.pl\/ro\/wiesci-z-sejmu\/78-posiedzenie-sejmu\/\"},\"author\":{\"name\":\"admin\",\"@id\":\"https:\/\/marekkuchcinski.pl\/#\/schema\/person\/6f62700996b4d950b6ea2d1183b6c6be\"},\"headline\":\"78. posiedzenie Sejmu\",\"datePublished\":\"2019-03-17T22:22:24+00:00\",\"dateModified\":\"2019-03-20T21:49:17+00:00\",\"mainEntityOfPage\":{\"@id\":\"https:\/\/marekkuchcinski.pl\/ro\/wiesci-z-sejmu\/78-posiedzenie-sejmu\/\"},\"wordCount\":841,\"commentCount\":0,\"publisher\":{\"@id\":\"https:\/\/marekkuchcinski.pl\/#organization\"},\"image\":{\"@id\":\"https:\/\/marekkuchcinski.pl\/ro\/wiesci-z-sejmu\/78-posiedzenie-sejmu\/#primaryimage\"},\"thumbnailUrl\":\"https:\/\/marekkuchcinski.pl\/wp-content\/uploads\/2019\/03\/e2.jpg\",\"articleSection\":[\"Prawo i Sprawiedliwo\u015b\u0107\",\"Wie\u015bci z Sejmu\",\"Wydarzenia\"],\"inLanguage\":\"sk-SK\",\"potentialAction\":[{\"@type\":\"CommentAction\",\"name\":\"Comment\",\"target\":[\"https:\/\/marekkuchcinski.pl\/ro\/wiesci-z-sejmu\/78-posiedzenie-sejmu\/#respond\"]}]},{\"@type\":\"WebPage\",\"@id\":\"https:\/\/marekkuchcinski.pl\/ro\/wiesci-z-sejmu\/78-posiedzenie-sejmu\/\",\"url\":\"https:\/\/marekkuchcinski.pl\/ro\/wiesci-z-sejmu\/78-posiedzenie-sejmu\/\",\"name\":\"78. posiedzenie Sejmu &#8211; Marek Kuchci\u0144ski\",\"isPartOf\":{\"@id\":\"https:\/\/marekkuchcinski.pl\/#website\"},\"primaryImageOfPage\":{\"@id\":\"https:\/\/marekkuchcinski.pl\/ro\/wiesci-z-sejmu\/78-posiedzenie-sejmu\/#primaryimage\"},\"image\":{\"@id\":\"https:\/\/marekkuchcinski.pl\/ro\/wiesci-z-sejmu\/78-posiedzenie-sejmu\/#primaryimage\"},\"thumbnailUrl\":\"https:\/\/marekkuchcinski.pl\/wp-content\/uploads\/2019\/03\/e2.jpg\",\"datePublished\":\"2019-03-17T22:22:24+00:00\",\"dateModified\":\"2019-03-20T21:49:17+00:00\",\"breadcrumb\":{\"@id\":\"https:\/\/marekkuchcinski.pl\/ro\/wiesci-z-sejmu\/78-posiedzenie-sejmu\/#breadcrumb\"},\"inLanguage\":\"sk-SK\",\"potentialAction\":[{\"@type\":\"ReadAction\",\"target\":[\"https:\/\/marekkuchcinski.pl\/ro\/wiesci-z-sejmu\/78-posiedzenie-sejmu\/\"]}]},{\"@type\":\"ImageObject\",\"inLanguage\":\"sk-SK\",\"@id\":\"https:\/\/marekkuchcinski.pl\/ro\/wiesci-z-sejmu\/78-posiedzenie-sejmu\/#primaryimage\",\"url\":\"https:\/\/marekkuchcinski.pl\/wp-content\/uploads\/2019\/03\/e2.jpg\",\"contentUrl\":\"https:\/\/marekkuchcinski.pl\/wp-content\/uploads\/2019\/03\/e2.jpg\",\"width\":1587,\"height\":2048},{\"@type\":\"BreadcrumbList\",\"@id\":\"https:\/\/marekkuchcinski.pl\/ro\/wiesci-z-sejmu\/78-posiedzenie-sejmu\/#breadcrumb\",\"itemListElement\":[{\"@type\":\"ListItem\",\"position\":1,\"name\":\"Strona g\u0142\u00f3wna\",\"item\":\"https:\/\/marekkuchcinski.pl\/\"},{\"@type\":\"ListItem\",\"position\":2,\"name\":\"78. posiedzenie Sejmu\"}]},{\"@type\":\"WebSite\",\"@id\":\"https:\/\/marekkuchcinski.pl\/#website\",\"url\":\"https:\/\/marekkuchcinski.pl\/\",\"name\":\"Marek Kuchci\u0144ski\",\"description\":\"Pose\u0142 na sejm RP &ndash; okr\u0119g nr 22\",\"publisher\":{\"@id\":\"https:\/\/marekkuchcinski.pl\/#organization\"},\"potentialAction\":[{\"@type\":\"SearchAction\",\"target\":{\"@type\":\"EntryPoint\",\"urlTemplate\":\"https:\/\/marekkuchcinski.pl\/?s={search_term_string}\"},\"query-input\":{\"@type\":\"PropertyValueSpecification\",\"valueRequired\":true,\"valueName\":\"search_term_string\"}}],\"inLanguage\":\"sk-SK\"},{\"@type\":\"Organization\",\"@id\":\"https:\/\/marekkuchcinski.pl\/#organization\",\"name\":\"Marek Kuchci\u0144ski\",\"url\":\"https:\/\/marekkuchcinski.pl\/\",\"logo\":{\"@type\":\"ImageObject\",\"inLanguage\":\"sk-SK\",\"@id\":\"https:\/\/marekkuchcinski.pl\/#\/schema\/logo\/image\/\",\"url\":\"https:\/\/marekkuchcinski.pl\/wp-content\/uploads\/2022\/09\/Marek.jpg\",\"contentUrl\":\"https:\/\/marekkuchcinski.pl\/wp-content\/uploads\/2022\/09\/Marek.jpg\",\"width\":1600,\"height\":971,\"caption\":\"Marek Kuchci\u0144ski\"},\"image\":{\"@id\":\"https:\/\/marekkuchcinski.pl\/#\/schema\/logo\/image\/\"}},{\"@type\":\"Person\",\"@id\":\"https:\/\/marekkuchcinski.pl\/#\/schema\/person\/6f62700996b4d950b6ea2d1183b6c6be\",\"name\":\"admin\",\"image\":{\"@type\":\"ImageObject\",\"inLanguage\":\"sk-SK\",\"@id\":\"https:\/\/marekkuchcinski.pl\/#\/schema\/person\/image\/\",\"url\":\"https:\/\/secure.gravatar.com\/avatar\/4bab693b9d55c3d6b52c0296a8765085?s=96&d=mm&r=g\",\"contentUrl\":\"https:\/\/secure.gravatar.com\/avatar\/4bab693b9d55c3d6b52c0296a8765085?s=96&d=mm&r=g\",\"caption\":\"admin\"},\"url\":\"https:\/\/marekkuchcinski.pl\/sk\/author\/marta-olejnik\/\"}]}<\/script>\n<!-- \/ Yoast SEO plugin. -->","yoast_head_json":{"title":"78. posiedzenie Sejmu &#8211; Marek Kuchci\u0144ski","robots":{"index":"index","follow":"follow","max-snippet":"max-snippet:-1","max-image-preview":"max-image-preview:large","max-video-preview":"max-video-preview:-1"},"canonical":"https:\/\/marekkuchcinski.pl\/sk\/wiesci-z-sejmu\/78-posiedzenie-sejmu\/","og_locale":"sk_SK","og_type":"article","og_title":"78. posiedzenie Sejmu &#8211; Marek Kuchci\u0144ski","og_description":"Najwa\u017cniejszymi punktami 78. posiedzenia Sejmu by\u0142y expos\u00e9 ministra spraw zagranicznych oraz uchwalenie m.in.: ustawy o wspieraniu dzia\u0142alno\u015bci naukowej z Funduszu Polskiej Nauki\u00a0 ustawy o poszerzeniu uprawnie\u0144 kombatant\u00f3w i os\u00f3b b\u0119d\u0105cych ofiarami represji oraz o przyznaniu inwalidom wojennym corocznie 850 z\u0142 dodatku do renty\u00a0 ustaw przygotowanych przez rz\u0105d na wypadek tzw. twardego Brexitu ustawy o nadzorze [&hellip;]","og_url":"https:\/\/marekkuchcinski.pl\/sk\/wiesci-z-sejmu\/78-posiedzenie-sejmu\/","og_site_name":"Marek Kuchci\u0144ski","article_published_time":"2019-03-17T22:22:24+00:00","article_modified_time":"2019-03-20T21:49:17+00:00","og_image":[{"width":1587,"height":2048,"url":"https:\/\/marekkuchcinski.pl\/wp-content\/uploads\/2019\/03\/e2.jpg","type":"image\/jpeg"}],"author":"admin","twitter_card":"summary_large_image","twitter_misc":{"Autor":"admin","Predpokladan\u00fd \u010das \u010d\u00edtania":"4 min\u00faty"},"schema":{"@context":"https:\/\/schema.org","@graph":[{"@type":"Article","@id":"https:\/\/marekkuchcinski.pl\/ro\/wiesci-z-sejmu\/78-posiedzenie-sejmu\/#article","isPartOf":{"@id":"https:\/\/marekkuchcinski.pl\/ro\/wiesci-z-sejmu\/78-posiedzenie-sejmu\/"},"author":{"name":"admin","@id":"https:\/\/marekkuchcinski.pl\/#\/schema\/person\/6f62700996b4d950b6ea2d1183b6c6be"},"headline":"78. posiedzenie Sejmu","datePublished":"2019-03-17T22:22:24+00:00","dateModified":"2019-03-20T21:49:17+00:00","mainEntityOfPage":{"@id":"https:\/\/marekkuchcinski.pl\/ro\/wiesci-z-sejmu\/78-posiedzenie-sejmu\/"},"wordCount":841,"commentCount":0,"publisher":{"@id":"https:\/\/marekkuchcinski.pl\/#organization"},"image":{"@id":"https:\/\/marekkuchcinski.pl\/ro\/wiesci-z-sejmu\/78-posiedzenie-sejmu\/#primaryimage"},"thumbnailUrl":"https:\/\/marekkuchcinski.pl\/wp-content\/uploads\/2019\/03\/e2.jpg","articleSection":["Prawo i Sprawiedliwo\u015b\u0107","Wie\u015bci z Sejmu","Wydarzenia"],"inLanguage":"sk-SK","potentialAction":[{"@type":"CommentAction","name":"Comment","target":["https:\/\/marekkuchcinski.pl\/ro\/wiesci-z-sejmu\/78-posiedzenie-sejmu\/#respond"]}]},{"@type":"WebPage","@id":"https:\/\/marekkuchcinski.pl\/ro\/wiesci-z-sejmu\/78-posiedzenie-sejmu\/","url":"https:\/\/marekkuchcinski.pl\/ro\/wiesci-z-sejmu\/78-posiedzenie-sejmu\/","name":"78. posiedzenie Sejmu &#8211; Marek Kuchci\u0144ski","isPartOf":{"@id":"https:\/\/marekkuchcinski.pl\/#website"},"primaryImageOfPage":{"@id":"https:\/\/marekkuchcinski.pl\/ro\/wiesci-z-sejmu\/78-posiedzenie-sejmu\/#primaryimage"},"image":{"@id":"https:\/\/marekkuchcinski.pl\/ro\/wiesci-z-sejmu\/78-posiedzenie-sejmu\/#primaryimage"},"thumbnailUrl":"https:\/\/marekkuchcinski.pl\/wp-content\/uploads\/2019\/03\/e2.jpg","datePublished":"2019-03-17T22:22:24+00:00","dateModified":"2019-03-20T21:49:17+00:00","breadcrumb":{"@id":"https:\/\/marekkuchcinski.pl\/ro\/wiesci-z-sejmu\/78-posiedzenie-sejmu\/#breadcrumb"},"inLanguage":"sk-SK","potentialAction":[{"@type":"ReadAction","target":["https:\/\/marekkuchcinski.pl\/ro\/wiesci-z-sejmu\/78-posiedzenie-sejmu\/"]}]},{"@type":"ImageObject","inLanguage":"sk-SK","@id":"https:\/\/marekkuchcinski.pl\/ro\/wiesci-z-sejmu\/78-posiedzenie-sejmu\/#primaryimage","url":"https:\/\/marekkuchcinski.pl\/wp-content\/uploads\/2019\/03\/e2.jpg","contentUrl":"https:\/\/marekkuchcinski.pl\/wp-content\/uploads\/2019\/03\/e2.jpg","width":1587,"height":2048},{"@type":"BreadcrumbList","@id":"https:\/\/marekkuchcinski.pl\/ro\/wiesci-z-sejmu\/78-posiedzenie-sejmu\/#breadcrumb","itemListElement":[{"@type":"ListItem","position":1,"name":"Strona g\u0142\u00f3wna","item":"https:\/\/marekkuchcinski.pl\/"},{"@type":"ListItem","position":2,"name":"78. posiedzenie Sejmu"}]},{"@type":"WebSite","@id":"https:\/\/marekkuchcinski.pl\/#website","url":"https:\/\/marekkuchcinski.pl\/","name":"Marek Kuchci\u0144ski","description":"Pose\u0142 na sejm RP &ndash; okr\u0119g nr 22","publisher":{"@id":"https:\/\/marekkuchcinski.pl\/#organization"},"potentialAction":[{"@type":"SearchAction","target":{"@type":"EntryPoint","urlTemplate":"https:\/\/marekkuchcinski.pl\/?s={search_term_string}"},"query-input":{"@type":"PropertyValueSpecification","valueRequired":true,"valueName":"search_term_string"}}],"inLanguage":"sk-SK"},{"@type":"Organization","@id":"https:\/\/marekkuchcinski.pl\/#organization","name":"Marek Kuchci\u0144ski","url":"https:\/\/marekkuchcinski.pl\/","logo":{"@type":"ImageObject","inLanguage":"sk-SK","@id":"https:\/\/marekkuchcinski.pl\/#\/schema\/logo\/image\/","url":"https:\/\/marekkuchcinski.pl\/wp-content\/uploads\/2022\/09\/Marek.jpg","contentUrl":"https:\/\/marekkuchcinski.pl\/wp-content\/uploads\/2022\/09\/Marek.jpg","width":1600,"height":971,"caption":"Marek Kuchci\u0144ski"},"image":{"@id":"https:\/\/marekkuchcinski.pl\/#\/schema\/logo\/image\/"}},{"@type":"Person","@id":"https:\/\/marekkuchcinski.pl\/#\/schema\/person\/6f62700996b4d950b6ea2d1183b6c6be","name":"admin","image":{"@type":"ImageObject","inLanguage":"sk-SK","@id":"https:\/\/marekkuchcinski.pl\/#\/schema\/person\/image\/","url":"https:\/\/secure.gravatar.com\/avatar\/4bab693b9d55c3d6b52c0296a8765085?s=96&d=mm&r=g","contentUrl":"https:\/\/secure.gravatar.com\/avatar\/4bab693b9d55c3d6b52c0296a8765085?s=96&d=mm&r=g","caption":"admin"},"url":"https:\/\/marekkuchcinski.pl\/sk\/author\/marta-olejnik\/"}]}},"_links":{"self":[{"href":"https:\/\/marekkuchcinski.pl\/sk\/wp-json\/wp\/v2\/posts\/13836","targetHints":{"allow":["GET"]}}],"collection":[{"href":"https:\/\/marekkuchcinski.pl\/sk\/wp-json\/wp\/v2\/posts"}],"about":[{"href":"https:\/\/marekkuchcinski.pl\/sk\/wp-json\/wp\/v2\/types\/post"}],"author":[{"embeddable":true,"href":"https:\/\/marekkuchcinski.pl\/sk\/wp-json\/wp\/v2\/users\/6"}],"replies":[{"embeddable":true,"href":"https:\/\/marekkuchcinski.pl\/sk\/wp-json\/wp\/v2\/comments?post=13836"}],"version-history":[{"count":20,"href":"https:\/\/marekkuchcinski.pl\/sk\/wp-json\/wp\/v2\/posts\/13836\/revisions"}],"predecessor-version":[{"id":13932,"href":"https:\/\/marekkuchcinski.pl\/sk\/wp-json\/wp\/v2\/posts\/13836\/revisions\/13932"}],"wp:featuredmedia":[{"embeddable":true,"href":"https:\/\/marekkuchcinski.pl\/sk\/wp-json\/wp\/v2\/media\/13839"}],"wp:attachment":[{"href":"https:\/\/marekkuchcinski.pl\/sk\/wp-json\/wp\/v2\/media?parent=13836"}],"wp:term":[{"taxonomy":"category","embeddable":true,"href":"https:\/\/marekkuchcinski.pl\/sk\/wp-json\/wp\/v2\/categories?post=13836"},{"taxonomy":"post_tag","embeddable":true,"href":"https:\/\/marekkuchcinski.pl\/sk\/wp-json\/wp\/v2\/tags?post=13836"}],"curies":[{"name":"wp","href":"https:\/\/api.w.org\/{rel}","templated":true}]}}