{"id":13621,"date":"2019-03-11T11:55:55","date_gmt":"2019-03-11T10:55:55","guid":{"rendered":"https:\/\/marekkuchcinski.pl\/?p=13621"},"modified":"2019-03-11T12:02:23","modified_gmt":"2019-03-11T11:02:23","slug":"marek-kuchcinski-mozemy-pozwolic-by-reprezentowali-nas-ci-ktorzy-sa-skuteczni-kampanii-przede-wszystkim-ci-ktorzy-sa-kompetentni","status":"publish","type":"post","link":"https:\/\/marekkuchcinski.pl\/sk\/wydarzenia\/marek-kuchcinski-mozemy-pozwolic-by-reprezentowali-nas-ci-ktorzy-sa-skuteczni-kampanii-przede-wszystkim-ci-ktorzy-sa-kompetentni\/","title":{"rendered":"Marek Kuchci\u0144ski: Nem\u00f4\u017eeme si dovoli\u0165, aby n\u00e1s v EP zastupovali len t\u00ed, ktor\u00ed s\u00fa efekt\u00edvni len v kampani, ale predov\u0161etk\u00fdm t\u00ed, ktor\u00ed s\u00fa kompetentn\u00ed"},"content":{"rendered":"<p>- Sme nielen geografick\u00fdm srdcom Eur\u00f3py. Z poh\u013eadu viac ako dvetis\u00edcro\u010dnej eur\u00f3pskej civiliz\u00e1cie hovor\u00edme o kore\u0148och, na ktor\u00fdch vyr\u00e1stla \u00dania, zalo\u017een\u00e1 na kres\u0165ansk\u00fdch hodnot\u00e1ch, gr\u00e9ckej filozofii a r\u00edmskom pr\u00e1ve. To s\u00fa referencie, ktor\u00e9 formuj\u00fa n\u00e1\u0161 program, a my ich mus\u00edme pripom\u00edna\u0165,\" povedal Marek Kuchci\u0144ski pre telev\u00edziu TVP 3 Rzesz\u00f3w v Jasionke.<\/p>\n<p>Jedn\u00fdm z bodov eur\u00f3pskeho vyhl\u00e1senia strany Pr\u00e1vo a spravodlivos\u0165 je ot\u00e1zka bezpe\u010dnosti, a to tak v oblasti ochrany hran\u00edc, ako aj energetickej bezpe\u010dnosti. V nieko\u013ek\u00fdch bodoch sa zd\u00f4raz\u0148uje Eur\u00f3pa rovnak\u00fdch pr\u00edle\u017eitost\u00ed a trvalo udr\u017eate\u013en\u00e9ho rozvoja.<\/p>\n<p>- Pod\u013ea m\u00f4jho n\u00e1zoru by sme mali jasne poveda\u0165: bez Eur\u00f3py zalo\u017eenej na solidarite a udr\u017eate\u013enom rozvoji budeme \u017ei\u0165 vo svete bez rovnov\u00e1hy, kde silnej\u0161\u00ed vykoris\u0165uj\u00fa slab\u0161\u00edch,\" zd\u00f4raznil Kuchci\u0144ski.<\/p>\n<p>Predseda Sejmu zd\u00f4raznil, \u017ee pre Eur\u00f3pu je d\u00f4le\u017eit\u00e1 spolo\u010dn\u00e1 po\u013enohospod\u00e1rska politika, rovnak\u00fd pr\u00edstup k tovarom a produktom vyr\u00e1ban\u00fdm eur\u00f3pskymi spolo\u010dnos\u0165ami, ktor\u00e9 v\u0161ak nemaj\u00fa hor\u0161iu kvalitu ako napr\u00edklad v Nemecku alebo Franc\u00fazsku. Siln\u00e1 Eur\u00f3pa mus\u00ed by\u0165 zalo\u017een\u00e1 na z\u00e1sade \"slobodn\u00fd so slobodn\u00fdm, rovn\u00fd s rovn\u00fdm\".<\/p>\n<p>Na ot\u00e1zku o programe 500 plus Marek Kuchci\u0144ski vysvetlil, \u017ee ide o program posil\u0148uj\u00faci prorodinn\u00fa politiku, ktor\u00fd sa vyrovn\u00e1 \u0161tandardu in\u00fdch kraj\u00edn E\u00da, ako s\u00fa \u0160v\u00e9dsko alebo \u0160panielsko. Predseda sa zmienil aj o podpore rozvoja podnikania. - Zn\u00ed\u017eenie dane z pr\u00edjmu pr\u00e1vnick\u00fdch os\u00f4b na 9 % je pod\u013ea neho najv\u00e4\u010d\u0161ou udalos\u0165ou v Eur\u00f3pe. Zd\u00f4raznil tie\u017e ve\u013ek\u00fd v\u00fdznam rovnosti pr\u00edle\u017eitost\u00ed, ktor\u00e9 prinesie zru\u0161enie PIT pre mlad\u00fdch \u013eud\u00ed - do 26 rokov - alebo obnovenie komunik\u00e1ci\u00ed, najm\u00e4 na vidieku v mal\u00fdch mest\u00e1ch.<\/p>\n<p>V s\u00favislosti s ot\u00e1zkou o Podkarpatskej kandid\u00e1tnej listine do EP zd\u00f4raznil, \u017ee s\u00fa na nej najlep\u0161\u00ed kandid\u00e1ti, ako napr\u00edklad Tomasz Por\u0119ba, ktor\u00fd u\u017e dlh\u00e9 roky preukazuje svoju efekt\u00edvnos\u0165 v EP, a \u017ee t\u00e1to listina je ur\u010den\u00e1 na propag\u00e1ciu tejto \u010dasti Po\u013eska v krajine a v Eur\u00f3pe. - Pripome\u0148me si, \u017ee vstupom do E\u00da pre\u0161lo na Eur\u00f3psku \u00faniu viac ako 60 % pr\u00e1vomoc\u00ed vn\u00fatro\u0161t\u00e1tnych org\u00e1nov vr\u00e1tane Sejmu a Sen\u00e1tu. Nem\u00f4\u017eeme si dovoli\u0165, aby n\u00e1s zastupovali len t\u00ed, ktor\u00ed s\u00fa efekt\u00edvni v kampani, ale predov\u0161etk\u00fdm t\u00ed, ktor\u00ed s\u00fa kompetentn\u00ed,\" argumentoval predseda parlamentu.<\/p>\n<p>rozhovor je k dispoz\u00edcii na: https:\/\/rzeszow.tvp.pl\/41674201\/marek-kuchcinski-marszalek-sejmu-rp<\/p>\n<p><em>Foto: Marta Olejnik\/ KS<\/em><a href=\"https:\/\/marekkuchcinski.pl\/wp-content\/uploads\/2019\/03\/IMG_8037-2.jpg\"><img fetchpriority=\"high\" decoding=\"async\" class=\"alignnone size-full wp-image-13624\" src=\"https:\/\/marekkuchcinski.pl\/wp-content\/uploads\/2019\/03\/IMG_8037-2.jpg\" alt=\"IMG_8037 2\" width=\"5185\" height=\"3579\" srcset=\"https:\/\/marekkuchcinski.pl\/wp-content\/uploads\/2019\/03\/IMG_8037-2.jpg 2048w, https:\/\/marekkuchcinski.pl\/wp-content\/uploads\/2019\/03\/IMG_8037-2-300x207.jpg 300w, https:\/\/marekkuchcinski.pl\/wp-content\/uploads\/2019\/03\/IMG_8037-2-768x530.jpg 768w, https:\/\/marekkuchcinski.pl\/wp-content\/uploads\/2019\/03\/IMG_8037-2-1024x707.jpg 1024w\" sizes=\"(max-width: 5185px) 100vw, 5185px\" \/><\/a><a href=\"https:\/\/marekkuchcinski.pl\/wp-content\/uploads\/2019\/03\/IMG_8013.jpg\"><img decoding=\"async\" class=\"alignnone size-full wp-image-13630\" src=\"https:\/\/marekkuchcinski.pl\/wp-content\/uploads\/2019\/03\/IMG_8013.jpg\" alt=\"IMG_8013\" width=\"5483\" height=\"3955\" srcset=\"https:\/\/marekkuchcinski.pl\/wp-content\/uploads\/2019\/03\/IMG_8013.jpg 2048w, https:\/\/marekkuchcinski.pl\/wp-content\/uploads\/2019\/03\/IMG_8013-300x216.jpg 300w, https:\/\/marekkuchcinski.pl\/wp-content\/uploads\/2019\/03\/IMG_8013-768x554.jpg 768w, https:\/\/marekkuchcinski.pl\/wp-content\/uploads\/2019\/03\/IMG_8013-1024x739.jpg 1024w\" sizes=\"(max-width: 5483px) 100vw, 5483px\" \/><\/a><\/p>","protected":false},"excerpt":{"rendered":"<p>&#8211; Jeste\u015bmy sercem Europy nie tylko geograficznie. Patrz\u0105c z perspektywy ponad dw\u00f3ch tysi\u0119cy lat cywilizacji europejskiej, m\u00f3wimy o korzeniach, na kt\u00f3rych wyros\u0142a Unia oparta na warto\u015bciach chrze\u015bcija\u0144skich, filozofii greckiej i prawie rzymskim. To s\u0105 odniesienia, kt\u00f3re kszta\u0142tuj\u0105 nasz program i musimy je przypomina\u0107 \u2013 powiedzia\u0142 w Jasionce TVP 3 Rzesz\u00f3w Marek Kuchci\u0144ski. Jednym z punkt\u00f3w [&hellip;]<\/p>","protected":false},"author":6,"featured_media":13624,"comment_status":"open","ping_status":"open","sticky":false,"template":"","format":"standard","meta":{"ngg_post_thumbnail":0,"footnotes":""},"categories":[49,82,3],"tags":[],"class_list":["post-13621","post","type-post","status-publish","format-standard","has-post-thumbnail","hentry","category-podkarpacie","category-prawo-i-sprawiedliwosc","category-wydarzenia"],"yoast_head":"<!-- This site is optimized with the Yoast SEO plugin v24.7 - https:\/\/yoast.com\/wordpress\/plugins\/seo\/ -->\n<title>Marek Kuchci\u0144ski: Nie mo\u017cemy sobie pozwoli\u0107 na to, by w PE reprezentowali nas wy\u0142\u0105cznie ci, kt\u00f3rzy s\u0105 skuteczni tylko w kampanii, ale przede wszystkim ci, kt\u00f3rzy s\u0105 kompetentni &#8211; Marek Kuchci\u0144ski<\/title>\n<meta name=\"robots\" content=\"index, follow, max-snippet:-1, max-image-preview:large, max-video-preview:-1\" \/>\n<link rel=\"canonical\" href=\"https:\/\/marekkuchcinski.pl\/sk\/wydarzenia\/marek-kuchcinski-mozemy-pozwolic-by-reprezentowali-nas-ci-ktorzy-sa-skuteczni-kampanii-przede-wszystkim-ci-ktorzy-sa-kompetentni\/\" \/>\n<meta property=\"og:locale\" content=\"sk_SK\" \/>\n<meta property=\"og:type\" content=\"article\" \/>\n<meta property=\"og:title\" content=\"Marek Kuchci\u0144ski: Nie mo\u017cemy sobie pozwoli\u0107 na to, by w PE reprezentowali nas wy\u0142\u0105cznie ci, kt\u00f3rzy s\u0105 skuteczni tylko w kampanii, ale przede wszystkim ci, kt\u00f3rzy s\u0105 kompetentni &#8211; Marek Kuchci\u0144ski\" \/>\n<meta property=\"og:description\" content=\"&#8211; Jeste\u015bmy sercem Europy nie tylko geograficznie. Patrz\u0105c z perspektywy ponad dw\u00f3ch tysi\u0119cy lat cywilizacji europejskiej, m\u00f3wimy o korzeniach, na kt\u00f3rych wyros\u0142a Unia oparta na warto\u015bciach chrze\u015bcija\u0144skich, filozofii greckiej i prawie rzymskim. To s\u0105 odniesienia, kt\u00f3re kszta\u0142tuj\u0105 nasz program i musimy je przypomina\u0107 \u2013 powiedzia\u0142 w Jasionce TVP 3 Rzesz\u00f3w Marek Kuchci\u0144ski. Jednym z punkt\u00f3w [&hellip;]\" \/>\n<meta property=\"og:url\" content=\"https:\/\/marekkuchcinski.pl\/sk\/wydarzenia\/marek-kuchcinski-mozemy-pozwolic-by-reprezentowali-nas-ci-ktorzy-sa-skuteczni-kampanii-przede-wszystkim-ci-ktorzy-sa-kompetentni\/\" \/>\n<meta property=\"og:site_name\" content=\"Marek Kuchci\u0144ski\" \/>\n<meta property=\"article:published_time\" content=\"2019-03-11T10:55:55+00:00\" \/>\n<meta property=\"article:modified_time\" content=\"2019-03-11T11:02:23+00:00\" \/>\n<meta property=\"og:image\" content=\"https:\/\/marekkuchcinski.pl\/wp-content\/uploads\/2019\/03\/IMG_8037-2.jpg\" \/>\n\t<meta property=\"og:image:width\" content=\"2048\" \/>\n\t<meta property=\"og:image:height\" content=\"1414\" \/>\n\t<meta property=\"og:image:type\" content=\"image\/jpeg\" \/>\n<meta name=\"author\" content=\"admin\" \/>\n<meta name=\"twitter:card\" content=\"summary_large_image\" \/>\n<meta name=\"twitter:label1\" content=\"Autor\" \/>\n\t<meta name=\"twitter:data1\" content=\"admin\" \/>\n\t<meta name=\"twitter:label2\" content=\"Predpokladan\u00fd \u010das \u010d\u00edtania\" \/>\n\t<meta name=\"twitter:data2\" content=\"2 min\u00faty\" \/>\n<script type=\"application\/ld+json\" class=\"yoast-schema-graph\">{\"@context\":\"https:\/\/schema.org\",\"@graph\":[{\"@type\":\"Article\",\"@id\":\"https:\/\/marekkuchcinski.pl\/wydarzenia\/marek-kuchcinski-mozemy-pozwolic-by-reprezentowali-nas-ci-ktorzy-sa-skuteczni-kampanii-przede-wszystkim-ci-ktorzy-sa-kompetentni\/#article\",\"isPartOf\":{\"@id\":\"https:\/\/marekkuchcinski.pl\/wydarzenia\/marek-kuchcinski-mozemy-pozwolic-by-reprezentowali-nas-ci-ktorzy-sa-skuteczni-kampanii-przede-wszystkim-ci-ktorzy-sa-kompetentni\/\"},\"author\":{\"name\":\"admin\",\"@id\":\"https:\/\/marekkuchcinski.pl\/#\/schema\/person\/6f62700996b4d950b6ea2d1183b6c6be\"},\"headline\":\"Marek Kuchci\u0144ski: Nie mo\u017cemy sobie pozwoli\u0107 na to, by w PE reprezentowali nas wy\u0142\u0105cznie ci, kt\u00f3rzy s\u0105 skuteczni tylko w kampanii, ale przede wszystkim ci, kt\u00f3rzy s\u0105 kompetentni\",\"datePublished\":\"2019-03-11T10:55:55+00:00\",\"dateModified\":\"2019-03-11T11:02:23+00:00\",\"mainEntityOfPage\":{\"@id\":\"https:\/\/marekkuchcinski.pl\/wydarzenia\/marek-kuchcinski-mozemy-pozwolic-by-reprezentowali-nas-ci-ktorzy-sa-skuteczni-kampanii-przede-wszystkim-ci-ktorzy-sa-kompetentni\/\"},\"wordCount\":443,\"commentCount\":0,\"publisher\":{\"@id\":\"https:\/\/marekkuchcinski.pl\/#organization\"},\"image\":{\"@id\":\"https:\/\/marekkuchcinski.pl\/wydarzenia\/marek-kuchcinski-mozemy-pozwolic-by-reprezentowali-nas-ci-ktorzy-sa-skuteczni-kampanii-przede-wszystkim-ci-ktorzy-sa-kompetentni\/#primaryimage\"},\"thumbnailUrl\":\"https:\/\/marekkuchcinski.pl\/wp-content\/uploads\/2019\/03\/IMG_8037-2.jpg\",\"articleSection\":[\"Podkarpacie\",\"Prawo i Sprawiedliwo\u015b\u0107\",\"Wydarzenia\"],\"inLanguage\":\"sk-SK\",\"potentialAction\":[{\"@type\":\"CommentAction\",\"name\":\"Comment\",\"target\":[\"https:\/\/marekkuchcinski.pl\/wydarzenia\/marek-kuchcinski-mozemy-pozwolic-by-reprezentowali-nas-ci-ktorzy-sa-skuteczni-kampanii-przede-wszystkim-ci-ktorzy-sa-kompetentni\/#respond\"]}]},{\"@type\":\"WebPage\",\"@id\":\"https:\/\/marekkuchcinski.pl\/wydarzenia\/marek-kuchcinski-mozemy-pozwolic-by-reprezentowali-nas-ci-ktorzy-sa-skuteczni-kampanii-przede-wszystkim-ci-ktorzy-sa-kompetentni\/\",\"url\":\"https:\/\/marekkuchcinski.pl\/wydarzenia\/marek-kuchcinski-mozemy-pozwolic-by-reprezentowali-nas-ci-ktorzy-sa-skuteczni-kampanii-przede-wszystkim-ci-ktorzy-sa-kompetentni\/\",\"name\":\"Marek Kuchci\u0144ski: Nie mo\u017cemy sobie pozwoli\u0107 na to, by w PE reprezentowali nas wy\u0142\u0105cznie ci, kt\u00f3rzy s\u0105 skuteczni tylko w kampanii, ale przede wszystkim ci, kt\u00f3rzy s\u0105 kompetentni &#8211; Marek Kuchci\u0144ski\",\"isPartOf\":{\"@id\":\"https:\/\/marekkuchcinski.pl\/#website\"},\"primaryImageOfPage\":{\"@id\":\"https:\/\/marekkuchcinski.pl\/wydarzenia\/marek-kuchcinski-mozemy-pozwolic-by-reprezentowali-nas-ci-ktorzy-sa-skuteczni-kampanii-przede-wszystkim-ci-ktorzy-sa-kompetentni\/#primaryimage\"},\"image\":{\"@id\":\"https:\/\/marekkuchcinski.pl\/wydarzenia\/marek-kuchcinski-mozemy-pozwolic-by-reprezentowali-nas-ci-ktorzy-sa-skuteczni-kampanii-przede-wszystkim-ci-ktorzy-sa-kompetentni\/#primaryimage\"},\"thumbnailUrl\":\"https:\/\/marekkuchcinski.pl\/wp-content\/uploads\/2019\/03\/IMG_8037-2.jpg\",\"datePublished\":\"2019-03-11T10:55:55+00:00\",\"dateModified\":\"2019-03-11T11:02:23+00:00\",\"breadcrumb\":{\"@id\":\"https:\/\/marekkuchcinski.pl\/wydarzenia\/marek-kuchcinski-mozemy-pozwolic-by-reprezentowali-nas-ci-ktorzy-sa-skuteczni-kampanii-przede-wszystkim-ci-ktorzy-sa-kompetentni\/#breadcrumb\"},\"inLanguage\":\"sk-SK\",\"potentialAction\":[{\"@type\":\"ReadAction\",\"target\":[\"https:\/\/marekkuchcinski.pl\/wydarzenia\/marek-kuchcinski-mozemy-pozwolic-by-reprezentowali-nas-ci-ktorzy-sa-skuteczni-kampanii-przede-wszystkim-ci-ktorzy-sa-kompetentni\/\"]}]},{\"@type\":\"ImageObject\",\"inLanguage\":\"sk-SK\",\"@id\":\"https:\/\/marekkuchcinski.pl\/wydarzenia\/marek-kuchcinski-mozemy-pozwolic-by-reprezentowali-nas-ci-ktorzy-sa-skuteczni-kampanii-przede-wszystkim-ci-ktorzy-sa-kompetentni\/#primaryimage\",\"url\":\"https:\/\/marekkuchcinski.pl\/wp-content\/uploads\/2019\/03\/IMG_8037-2.jpg\",\"contentUrl\":\"https:\/\/marekkuchcinski.pl\/wp-content\/uploads\/2019\/03\/IMG_8037-2.jpg\",\"width\":2048,\"height\":1414},{\"@type\":\"BreadcrumbList\",\"@id\":\"https:\/\/marekkuchcinski.pl\/wydarzenia\/marek-kuchcinski-mozemy-pozwolic-by-reprezentowali-nas-ci-ktorzy-sa-skuteczni-kampanii-przede-wszystkim-ci-ktorzy-sa-kompetentni\/#breadcrumb\",\"itemListElement\":[{\"@type\":\"ListItem\",\"position\":1,\"name\":\"Strona g\u0142\u00f3wna\",\"item\":\"https:\/\/marekkuchcinski.pl\/\"},{\"@type\":\"ListItem\",\"position\":2,\"name\":\"Marek Kuchci\u0144ski: Nie mo\u017cemy sobie pozwoli\u0107 na to, by w PE reprezentowali nas wy\u0142\u0105cznie ci, kt\u00f3rzy s\u0105 skuteczni tylko w kampanii, ale przede wszystkim ci, kt\u00f3rzy s\u0105 kompetentni\"}]},{\"@type\":\"WebSite\",\"@id\":\"https:\/\/marekkuchcinski.pl\/#website\",\"url\":\"https:\/\/marekkuchcinski.pl\/\",\"name\":\"Marek Kuchci\u0144ski\",\"description\":\"Pose\u0142 na sejm RP &ndash; okr\u0119g nr 22\",\"publisher\":{\"@id\":\"https:\/\/marekkuchcinski.pl\/#organization\"},\"potentialAction\":[{\"@type\":\"SearchAction\",\"target\":{\"@type\":\"EntryPoint\",\"urlTemplate\":\"https:\/\/marekkuchcinski.pl\/?s={search_term_string}\"},\"query-input\":{\"@type\":\"PropertyValueSpecification\",\"valueRequired\":true,\"valueName\":\"search_term_string\"}}],\"inLanguage\":\"sk-SK\"},{\"@type\":\"Organization\",\"@id\":\"https:\/\/marekkuchcinski.pl\/#organization\",\"name\":\"Marek Kuchci\u0144ski\",\"url\":\"https:\/\/marekkuchcinski.pl\/\",\"logo\":{\"@type\":\"ImageObject\",\"inLanguage\":\"sk-SK\",\"@id\":\"https:\/\/marekkuchcinski.pl\/#\/schema\/logo\/image\/\",\"url\":\"https:\/\/marekkuchcinski.pl\/wp-content\/uploads\/2022\/09\/Marek.jpg\",\"contentUrl\":\"https:\/\/marekkuchcinski.pl\/wp-content\/uploads\/2022\/09\/Marek.jpg\",\"width\":1600,\"height\":971,\"caption\":\"Marek Kuchci\u0144ski\"},\"image\":{\"@id\":\"https:\/\/marekkuchcinski.pl\/#\/schema\/logo\/image\/\"}},{\"@type\":\"Person\",\"@id\":\"https:\/\/marekkuchcinski.pl\/#\/schema\/person\/6f62700996b4d950b6ea2d1183b6c6be\",\"name\":\"admin\",\"image\":{\"@type\":\"ImageObject\",\"inLanguage\":\"sk-SK\",\"@id\":\"https:\/\/marekkuchcinski.pl\/#\/schema\/person\/image\/\",\"url\":\"https:\/\/secure.gravatar.com\/avatar\/4bab693b9d55c3d6b52c0296a8765085?s=96&d=mm&r=g\",\"contentUrl\":\"https:\/\/secure.gravatar.com\/avatar\/4bab693b9d55c3d6b52c0296a8765085?s=96&d=mm&r=g\",\"caption\":\"admin\"},\"url\":\"https:\/\/marekkuchcinski.pl\/sk\/author\/marta-olejnik\/\"}]}<\/script>\n<!-- \/ Yoast SEO plugin. -->","yoast_head_json":{"title":"Marek Kuchci\u0144ski: Nie mo\u017cemy sobie pozwoli\u0107 na to, by w PE reprezentowali nas wy\u0142\u0105cznie ci, kt\u00f3rzy s\u0105 skuteczni tylko w kampanii, ale przede wszystkim ci, kt\u00f3rzy s\u0105 kompetentni &#8211; Marek Kuchci\u0144ski","robots":{"index":"index","follow":"follow","max-snippet":"max-snippet:-1","max-image-preview":"max-image-preview:large","max-video-preview":"max-video-preview:-1"},"canonical":"https:\/\/marekkuchcinski.pl\/sk\/wydarzenia\/marek-kuchcinski-mozemy-pozwolic-by-reprezentowali-nas-ci-ktorzy-sa-skuteczni-kampanii-przede-wszystkim-ci-ktorzy-sa-kompetentni\/","og_locale":"sk_SK","og_type":"article","og_title":"Marek Kuchci\u0144ski: Nie mo\u017cemy sobie pozwoli\u0107 na to, by w PE reprezentowali nas wy\u0142\u0105cznie ci, kt\u00f3rzy s\u0105 skuteczni tylko w kampanii, ale przede wszystkim ci, kt\u00f3rzy s\u0105 kompetentni &#8211; Marek Kuchci\u0144ski","og_description":"&#8211; Jeste\u015bmy sercem Europy nie tylko geograficznie. Patrz\u0105c z perspektywy ponad dw\u00f3ch tysi\u0119cy lat cywilizacji europejskiej, m\u00f3wimy o korzeniach, na kt\u00f3rych wyros\u0142a Unia oparta na warto\u015bciach chrze\u015bcija\u0144skich, filozofii greckiej i prawie rzymskim. To s\u0105 odniesienia, kt\u00f3re kszta\u0142tuj\u0105 nasz program i musimy je przypomina\u0107 \u2013 powiedzia\u0142 w Jasionce TVP 3 Rzesz\u00f3w Marek Kuchci\u0144ski. Jednym z punkt\u00f3w [&hellip;]","og_url":"https:\/\/marekkuchcinski.pl\/sk\/wydarzenia\/marek-kuchcinski-mozemy-pozwolic-by-reprezentowali-nas-ci-ktorzy-sa-skuteczni-kampanii-przede-wszystkim-ci-ktorzy-sa-kompetentni\/","og_site_name":"Marek Kuchci\u0144ski","article_published_time":"2019-03-11T10:55:55+00:00","article_modified_time":"2019-03-11T11:02:23+00:00","og_image":[{"width":2048,"height":1414,"url":"https:\/\/marekkuchcinski.pl\/wp-content\/uploads\/2019\/03\/IMG_8037-2.jpg","type":"image\/jpeg"}],"author":"admin","twitter_card":"summary_large_image","twitter_misc":{"Autor":"admin","Predpokladan\u00fd \u010das \u010d\u00edtania":"2 min\u00faty"},"schema":{"@context":"https:\/\/schema.org","@graph":[{"@type":"Article","@id":"https:\/\/marekkuchcinski.pl\/wydarzenia\/marek-kuchcinski-mozemy-pozwolic-by-reprezentowali-nas-ci-ktorzy-sa-skuteczni-kampanii-przede-wszystkim-ci-ktorzy-sa-kompetentni\/#article","isPartOf":{"@id":"https:\/\/marekkuchcinski.pl\/wydarzenia\/marek-kuchcinski-mozemy-pozwolic-by-reprezentowali-nas-ci-ktorzy-sa-skuteczni-kampanii-przede-wszystkim-ci-ktorzy-sa-kompetentni\/"},"author":{"name":"admin","@id":"https:\/\/marekkuchcinski.pl\/#\/schema\/person\/6f62700996b4d950b6ea2d1183b6c6be"},"headline":"Marek Kuchci\u0144ski: Nie mo\u017cemy sobie pozwoli\u0107 na to, by w PE reprezentowali nas wy\u0142\u0105cznie ci, kt\u00f3rzy s\u0105 skuteczni tylko w kampanii, ale przede wszystkim ci, kt\u00f3rzy s\u0105 kompetentni","datePublished":"2019-03-11T10:55:55+00:00","dateModified":"2019-03-11T11:02:23+00:00","mainEntityOfPage":{"@id":"https:\/\/marekkuchcinski.pl\/wydarzenia\/marek-kuchcinski-mozemy-pozwolic-by-reprezentowali-nas-ci-ktorzy-sa-skuteczni-kampanii-przede-wszystkim-ci-ktorzy-sa-kompetentni\/"},"wordCount":443,"commentCount":0,"publisher":{"@id":"https:\/\/marekkuchcinski.pl\/#organization"},"image":{"@id":"https:\/\/marekkuchcinski.pl\/wydarzenia\/marek-kuchcinski-mozemy-pozwolic-by-reprezentowali-nas-ci-ktorzy-sa-skuteczni-kampanii-przede-wszystkim-ci-ktorzy-sa-kompetentni\/#primaryimage"},"thumbnailUrl":"https:\/\/marekkuchcinski.pl\/wp-content\/uploads\/2019\/03\/IMG_8037-2.jpg","articleSection":["Podkarpacie","Prawo i Sprawiedliwo\u015b\u0107","Wydarzenia"],"inLanguage":"sk-SK","potentialAction":[{"@type":"CommentAction","name":"Comment","target":["https:\/\/marekkuchcinski.pl\/wydarzenia\/marek-kuchcinski-mozemy-pozwolic-by-reprezentowali-nas-ci-ktorzy-sa-skuteczni-kampanii-przede-wszystkim-ci-ktorzy-sa-kompetentni\/#respond"]}]},{"@type":"WebPage","@id":"https:\/\/marekkuchcinski.pl\/wydarzenia\/marek-kuchcinski-mozemy-pozwolic-by-reprezentowali-nas-ci-ktorzy-sa-skuteczni-kampanii-przede-wszystkim-ci-ktorzy-sa-kompetentni\/","url":"https:\/\/marekkuchcinski.pl\/wydarzenia\/marek-kuchcinski-mozemy-pozwolic-by-reprezentowali-nas-ci-ktorzy-sa-skuteczni-kampanii-przede-wszystkim-ci-ktorzy-sa-kompetentni\/","name":"Marek Kuchci\u0144ski: Nie mo\u017cemy sobie pozwoli\u0107 na to, by w PE reprezentowali nas wy\u0142\u0105cznie ci, kt\u00f3rzy s\u0105 skuteczni tylko w kampanii, ale przede wszystkim ci, kt\u00f3rzy s\u0105 kompetentni &#8211; Marek Kuchci\u0144ski","isPartOf":{"@id":"https:\/\/marekkuchcinski.pl\/#website"},"primaryImageOfPage":{"@id":"https:\/\/marekkuchcinski.pl\/wydarzenia\/marek-kuchcinski-mozemy-pozwolic-by-reprezentowali-nas-ci-ktorzy-sa-skuteczni-kampanii-przede-wszystkim-ci-ktorzy-sa-kompetentni\/#primaryimage"},"image":{"@id":"https:\/\/marekkuchcinski.pl\/wydarzenia\/marek-kuchcinski-mozemy-pozwolic-by-reprezentowali-nas-ci-ktorzy-sa-skuteczni-kampanii-przede-wszystkim-ci-ktorzy-sa-kompetentni\/#primaryimage"},"thumbnailUrl":"https:\/\/marekkuchcinski.pl\/wp-content\/uploads\/2019\/03\/IMG_8037-2.jpg","datePublished":"2019-03-11T10:55:55+00:00","dateModified":"2019-03-11T11:02:23+00:00","breadcrumb":{"@id":"https:\/\/marekkuchcinski.pl\/wydarzenia\/marek-kuchcinski-mozemy-pozwolic-by-reprezentowali-nas-ci-ktorzy-sa-skuteczni-kampanii-przede-wszystkim-ci-ktorzy-sa-kompetentni\/#breadcrumb"},"inLanguage":"sk-SK","potentialAction":[{"@type":"ReadAction","target":["https:\/\/marekkuchcinski.pl\/wydarzenia\/marek-kuchcinski-mozemy-pozwolic-by-reprezentowali-nas-ci-ktorzy-sa-skuteczni-kampanii-przede-wszystkim-ci-ktorzy-sa-kompetentni\/"]}]},{"@type":"ImageObject","inLanguage":"sk-SK","@id":"https:\/\/marekkuchcinski.pl\/wydarzenia\/marek-kuchcinski-mozemy-pozwolic-by-reprezentowali-nas-ci-ktorzy-sa-skuteczni-kampanii-przede-wszystkim-ci-ktorzy-sa-kompetentni\/#primaryimage","url":"https:\/\/marekkuchcinski.pl\/wp-content\/uploads\/2019\/03\/IMG_8037-2.jpg","contentUrl":"https:\/\/marekkuchcinski.pl\/wp-content\/uploads\/2019\/03\/IMG_8037-2.jpg","width":2048,"height":1414},{"@type":"BreadcrumbList","@id":"https:\/\/marekkuchcinski.pl\/wydarzenia\/marek-kuchcinski-mozemy-pozwolic-by-reprezentowali-nas-ci-ktorzy-sa-skuteczni-kampanii-przede-wszystkim-ci-ktorzy-sa-kompetentni\/#breadcrumb","itemListElement":[{"@type":"ListItem","position":1,"name":"Strona g\u0142\u00f3wna","item":"https:\/\/marekkuchcinski.pl\/"},{"@type":"ListItem","position":2,"name":"Marek Kuchci\u0144ski: Nie mo\u017cemy sobie pozwoli\u0107 na to, by w PE reprezentowali nas wy\u0142\u0105cznie ci, kt\u00f3rzy s\u0105 skuteczni tylko w kampanii, ale przede wszystkim ci, kt\u00f3rzy s\u0105 kompetentni"}]},{"@type":"WebSite","@id":"https:\/\/marekkuchcinski.pl\/#website","url":"https:\/\/marekkuchcinski.pl\/","name":"Marek Kuchci\u0144ski","description":"Pose\u0142 na sejm RP &ndash; okr\u0119g nr 22","publisher":{"@id":"https:\/\/marekkuchcinski.pl\/#organization"},"potentialAction":[{"@type":"SearchAction","target":{"@type":"EntryPoint","urlTemplate":"https:\/\/marekkuchcinski.pl\/?s={search_term_string}"},"query-input":{"@type":"PropertyValueSpecification","valueRequired":true,"valueName":"search_term_string"}}],"inLanguage":"sk-SK"},{"@type":"Organization","@id":"https:\/\/marekkuchcinski.pl\/#organization","name":"Marek Kuchci\u0144ski","url":"https:\/\/marekkuchcinski.pl\/","logo":{"@type":"ImageObject","inLanguage":"sk-SK","@id":"https:\/\/marekkuchcinski.pl\/#\/schema\/logo\/image\/","url":"https:\/\/marekkuchcinski.pl\/wp-content\/uploads\/2022\/09\/Marek.jpg","contentUrl":"https:\/\/marekkuchcinski.pl\/wp-content\/uploads\/2022\/09\/Marek.jpg","width":1600,"height":971,"caption":"Marek Kuchci\u0144ski"},"image":{"@id":"https:\/\/marekkuchcinski.pl\/#\/schema\/logo\/image\/"}},{"@type":"Person","@id":"https:\/\/marekkuchcinski.pl\/#\/schema\/person\/6f62700996b4d950b6ea2d1183b6c6be","name":"admin","image":{"@type":"ImageObject","inLanguage":"sk-SK","@id":"https:\/\/marekkuchcinski.pl\/#\/schema\/person\/image\/","url":"https:\/\/secure.gravatar.com\/avatar\/4bab693b9d55c3d6b52c0296a8765085?s=96&d=mm&r=g","contentUrl":"https:\/\/secure.gravatar.com\/avatar\/4bab693b9d55c3d6b52c0296a8765085?s=96&d=mm&r=g","caption":"admin"},"url":"https:\/\/marekkuchcinski.pl\/sk\/author\/marta-olejnik\/"}]}},"_links":{"self":[{"href":"https:\/\/marekkuchcinski.pl\/sk\/wp-json\/wp\/v2\/posts\/13621","targetHints":{"allow":["GET"]}}],"collection":[{"href":"https:\/\/marekkuchcinski.pl\/sk\/wp-json\/wp\/v2\/posts"}],"about":[{"href":"https:\/\/marekkuchcinski.pl\/sk\/wp-json\/wp\/v2\/types\/post"}],"author":[{"embeddable":true,"href":"https:\/\/marekkuchcinski.pl\/sk\/wp-json\/wp\/v2\/users\/6"}],"replies":[{"embeddable":true,"href":"https:\/\/marekkuchcinski.pl\/sk\/wp-json\/wp\/v2\/comments?post=13621"}],"version-history":[{"count":6,"href":"https:\/\/marekkuchcinski.pl\/sk\/wp-json\/wp\/v2\/posts\/13621\/revisions"}],"predecessor-version":[{"id":13645,"href":"https:\/\/marekkuchcinski.pl\/sk\/wp-json\/wp\/v2\/posts\/13621\/revisions\/13645"}],"wp:featuredmedia":[{"embeddable":true,"href":"https:\/\/marekkuchcinski.pl\/sk\/wp-json\/wp\/v2\/media\/13624"}],"wp:attachment":[{"href":"https:\/\/marekkuchcinski.pl\/sk\/wp-json\/wp\/v2\/media?parent=13621"}],"wp:term":[{"taxonomy":"category","embeddable":true,"href":"https:\/\/marekkuchcinski.pl\/sk\/wp-json\/wp\/v2\/categories?post=13621"},{"taxonomy":"post_tag","embeddable":true,"href":"https:\/\/marekkuchcinski.pl\/sk\/wp-json\/wp\/v2\/tags?post=13621"}],"curies":[{"name":"wp","href":"https:\/\/api.w.org\/{rel}","templated":true}]}}