{"id":13544,"date":"2019-03-10T11:50:42","date_gmt":"2019-03-10T10:50:42","guid":{"rendered":"https:\/\/marekkuchcinski.pl\/?p=13544"},"modified":"2019-03-11T15:53:23","modified_gmt":"2019-03-11T14:53:23","slug":"powrot-unii-europejskiej-wartosci-zabieganie-o-interesy-polskich-rolnikow-obrona-prawa-rodzicow-wychowania-dzieci-obrona-rownego-traktowania-polskich-firm-korzystny-dla-polski-budzet-konwe","status":"publish","type":"post","link":"https:\/\/marekkuchcinski.pl\/sk\/wydarzenia\/powrot-unii-europejskiej-wartosci-zabieganie-o-interesy-polskich-rolnikow-obrona-prawa-rodzicow-wychowania-dzieci-obrona-rownego-traktowania-polskich-firm-korzystny-dla-polski-budzet-konwe\/","title":{"rendered":"N\u00e1vrat Eur\u00f3pskej \u00fanie k jej hodnot\u00e1m, obrana z\u00e1ujmov po\u013esk\u00fdch po\u013enohospod\u00e1rov, obrana pr\u00e1va rodi\u010dov na v\u00fdchovu det\u00ed, obrana rovnak\u00e9ho zaobch\u00e1dzania s po\u013esk\u00fdmi firmami, rozpo\u010det v\u00fdhodn\u00fd pre Po\u013esko - volebn\u00fd zjazd PiS do EP v Podkarpatskom vojvodstve"},"content":{"rendered":"<p><strong>Strana Pr\u00e1vo a spravodlivos\u0165 za\u010dala v dom\u00e1com regi\u00f3ne Podkarpatsko svoju kampa\u0148 pred m\u00e1jov\u00fdmi vo\u013ebami do Eur\u00f3pskeho parlamentu. <\/strong><\/p>\n<p>O prv\u00e9 miesto sa uch\u00e1dzaj\u00fa podpredsedn\u00ed\u010dka vl\u00e1dy Beata Szyd\u0142o, \u0161\u00e9f ministerstva vn\u00fatra Joachim Brudzi\u0144ski, podpredseda Sen\u00e1tu Adam Bielan, Jacek Saryusz-Wolski, Witold Waszczykowski, El\u017cbieta Kruk, Karol Karski, Zdzis\u0142aw Krasnod\u0119bski, ministerka \u0161kolstva Anna Zalewska a Anna Fotyga.<br \/>\nNa v\u010deraj\u0161om zjazde strana Pr\u00e1vo a spravodlivos\u0165 predstavila ciele a my\u0161lienky, s ktor\u00fdmi chce \u00eds\u0165 do t\u00fdchto volieb: n\u00e1vrat Eur\u00f3pskej \u00fanie k jej hodnot\u00e1m, presadzovanie z\u00e1ujmov po\u013esk\u00fdch po\u013enohospod\u00e1rov, obhajoba pr\u00e1va rodi\u010dov na v\u00fdchovu det\u00ed, obhajoba rovnak\u00e9ho zaobch\u00e1dzania s po\u013esk\u00fdmi podnikmi, rozpo\u010det priazniv\u00fd pre Po\u013esko.<\/p>\n<p>Ako prv\u00fd vyst\u00fapil predseda strany Pr\u00e1vo a spravodlivos\u0165 Jaroslaw Kaczynski, ktor\u00fd zd\u00f4raznil, \u017ee jeho strana vs\u00e1dza na rodinu, ale je potrebn\u00e9 venova\u0165 pozornos\u0165 ve\u013ek\u00e9mu nebezpe\u010denstvu - napr\u00edklad \u00fatokom na deti. - \u00dato\u010dia na na\u0161u soci\u00e1lnu politiku a tvrdia, \u017ee je to rozd\u00e1vanie. Bu\u010f to nechc\u00fa pochopi\u0165, alebo naozaj nech\u00e1pu, ak\u00e9 s\u00fa dva ve\u013ek\u00e9 ciele tejto politiky,\" povedal Kaczy\u0144ski.<\/p>\n<p>Z\u00e1rove\u0148 pouk\u00e1zal na to, \u017ee chudoba, a najm\u00e4 n\u00fadza, poni\u017euje a v mnoh\u00fdch pr\u00edpadoch berie \u010dloveku d\u00f4stojnos\u0165. - Toto sa n\u00e1m podarilo zn\u00ed\u017ei\u0165 a budeme v tom pokra\u010dova\u0165. Obnovenie d\u00f4stojnosti po\u013esk\u00e9ho n\u00e1roda je na\u0161\u00edm ve\u013ek\u00fdm cie\u013eom. Na\u0161i protivn\u00edci tento cie\u013e nech\u00e1pu,\" zd\u00f4raznil.<\/p>\n<p>Predseda PiS dodal, \u017ee programy, ako je napr\u00edklad program 500 plus - vr\u00e1tane programu pre prv\u00e9 die\u0165a - mo\u017eno pova\u017eova\u0165 za invest\u00edciu. Ako zd\u00f4raznil, tieto prostriedky ve\u013emi \u010dasto smeruj\u00fa na vzdel\u00e1vanie det\u00ed alebo zlep\u0161enie situ\u00e1cie v rodin\u00e1ch a d\u00e1vaj\u00fa \u0161ancu veri\u0165 v bud\u00facnos\u0165. - Je to skuto\u010dne obrovsk\u00e1 invest\u00edcia do na\u0161ej bud\u00facnosti, ale aj do na\u0161ej pr\u00edtomnosti, preto\u017ee funguje u\u017e teraz, zd\u00f4raznil. - Ak na\u0161i protivn\u00edci vyhraj\u00fa vo\u013eby, najprv n\u00e1m zober\u00fa to, \u010do sme dali, po\u010dn\u00fac 500 plus a kon\u010diac pred\u010dasn\u00fdmi d\u00f4chodkami. Odober\u00fa, preto\u017ee aj keby nechceli odobra\u0165, nem\u00f4\u017eu vl\u00e1dnu\u0165,\" argumentoval.<\/p>\n<p>- Mus\u00edte bojova\u0165, bojova\u0165 a bojova\u0165. Mus\u00edte sa zahryzn\u00fa\u0165 do tr\u00e1vy, a tak vyhra\u0165 - pre Po\u013esko, pre Poliakov, pre po\u013esk\u00e9 rodiny a pre n\u00e1s,\" vyhl\u00e1sil l\u00edder PiS.<\/p>\n<p>Mateusz Morawiecki zasa tvrdil, \u017ee chce by\u0165 premi\u00e9rom pre st\u00e1le sa prehlbuj\u00facu po\u013esk\u00fa stredn\u00fa vrstvu, pre Poliakov z miest, ded\u00edn a meste\u010diek, pre pracuj\u00facich \u013eud\u00ed, pre t\u00fdch, ktor\u00ed potrebuj\u00fa podporu, a nie pre elitu alebo mocn\u00fdch tohto sveta, preto\u017ee t\u00ed - ako zd\u00f4raznil premi\u00e9r - si poradia.<\/p>\n<p>Pod\u013ea Morawieck\u00e9ho je pre stranu Pr\u00e1vo a spravodlivos\u0165 eur\u00f3panstvo lep\u0161\u00edm \u017eivotom pre Poliakov. - Na\u0161i politick\u00ed konkurenti ch\u00e1pu eur\u00f3panstvo ako revol\u00faciu v mravoch, ako zav\u00e1dzanie mor\u00e1lnych noviniek, kult\u00farnu revol\u00faciu, sveton\u00e1zor,\" povedal.<\/p>\n<p>- V Eur\u00f3pskej \u00fanii budeme skuto\u010dne zastupova\u0165 po\u013esk\u00e9 z\u00e1ujmy.\" -povedal predseda vl\u00e1dy. - Chceme ovplyvni\u0165 osud Eur\u00f3py. V\u010faka Vy\u0161ehradskej skupine sa n\u00e1m podarilo ve\u013emi ve\u013ea. Zastavenie tejto \u0161ialenej politiky<br \/>\nv s\u00favislosti s ute\u010dencami, migrantmi. Ukazujeme, ako formova\u0165 politiku celej Eur\u00f3pskej \u00fanie a z\u00e1rove\u0148 si zachova\u0165 svoju vlastn\u00fa.<br \/>\nPo\u013esk\u00e1 identita a z\u00e1ujmy. Toto je n\u00e1\u0161 z\u00e1v\u00e4zok a toto urob\u00edme,\" vyhl\u00e1sil.<\/p>\n<p>Premi\u00e9r poznamenal, \u017ee Po\u013esko z E\u00da nielen \u0165a\u017e\u00ed, ale aj samo jej ve\u013ea pon\u00faka. - Eur\u00f3pskej \u00fanii d\u00e1vame ve\u013ea a nie sme jej v\u010fa\u010dn\u00ed len za to, \u010do dost\u00e1vame. Dnes ukazujeme, ako riadi\u0165 da\u0148ov\u00fd syst\u00e9m, ako pon\u00faknu\u0165 modernos\u0165, skok do modernosti spojen\u00fd s obranou trad\u00edci\u00ed po\u013esk\u00fdch rod\u00edn a bohat\u00fdm soci\u00e1lnym programom,\" povedal.<\/p>\n<p>Ako zd\u00f4raznil, pred vo\u013ebami do EP zva\u017eujeme dve v\u00edzie Eur\u00f3py: Eur\u00f3pu domov\u00edn alebo Eur\u00f3pu bez domov\u00edn. - Pod\u013ea m\u0148a je Eur\u00f3pa siln\u00e1 vo svojej rozmanitosti, prin\u00e1\u0161ame jej ve\u013ea. Bohatstvo Eur\u00f3py pramen\u00ed z r\u00f4znych hodn\u00f4t, sily, \u017eivotnej energie, n\u00e1vrhov a projektov poch\u00e1dzaj\u00facich z r\u00f4znych kraj\u00edn vr\u00e1tane Po\u013eska,\" zd\u00f4raznil Morawiecki.<\/p>\n<p>Tomasz Por\u0119ba, \u0161\u00e9f volebn\u00e9ho \u0161t\u00e1bu PiS, ktor\u00fd sa v EP dlh\u00e9 roky zasadzoval okrem in\u00e9ho za v\u00fdstavbu dopravnej cesty Via Carpatia, zd\u00f4raznil, \u017ee vl\u00e1da PiS navrhuje filozofiu trvalo udr\u017eate\u013en\u00e9ho rozvoja, t. j. investova\u0165 do rozvoja celej krajiny, nielen vybran\u00fdch miest alebo vybran\u00fdch obc\u00ed.<\/p>\n<p>Zd\u00f4raznil, \u017ee zjazd PiS sa kon\u00e1 na Podkarpatsku, preto\u017ee pr\u00e1ve v tomto regi\u00f3ne sa najlep\u0161ie prejavuj\u00fa dve filozofie vl\u00e1dnutia, ktor\u00e9 predstavuj\u00fa koali\u010dn\u00e9 vl\u00e1dy PO-PSL a vl\u00e1dy PiS. Pod\u013ea neho bola t\u00e1to filozofia v roku 2015 konfrontovan\u00e1 s filozofiou udr\u017eate\u013en\u00e9ho rozvoja, ktor\u00fa navrhla vl\u00e1da PiS. - Navrhujeme investova\u0165 v celom Po\u013esku. Navrhujeme investova\u0165 a vsadi\u0165 na rozvoj celej krajiny, nielen vybran\u00fdch miest, vybran\u00fdch miest,\" zd\u00f4raznil Por\u0119ba.<\/p>\n<p>Sklad\u00e1 sa z 12 bodov - ako 12 mari\u00e1nskych hviezd na vlajke E\u00da.<\/p>\n<ul>\n<li>Po prv\u00e9, budeme sa usilova\u0165 o n\u00e1vrat E\u00da k hodnot\u00e1m, ktor\u00e9 hl\u00e1sali jej zakladatelia a ktor\u00e9 sa mali sta\u0165 z\u00e1kladom jej rozvoja.<\/li>\n<li>\u00a0Po druh\u00e9, ochrana pr\u00e1va rodi\u010dov na v\u00fdchovu svojich det\u00ed.<\/li>\n<li>\u00a0Po tretie, budeme akt\u00edvne presadzova\u0165 z\u00e1ujmy po\u013esk\u00fdch po\u013enohospod\u00e1rov na f\u00f3re E\u00da.<\/li>\n<li>Po \u0161tvrt\u00e9, budeme rokova\u0165 o novom rozpo\u010dte priaznivom pre Po\u013esko<br \/>\nE\u00da.<\/li>\n<li>Po piate, budeme br\u00e1ni\u0165 rovnak\u00e9 zaobch\u00e1dzanie s po\u013esk\u00fdmi spolo\u010dnos\u0165ami na<br \/>\nEur\u00f3psky trh.<\/li>\n<li>Po \u0161ieste, budeme na\u010falej \u00fa\u010dinne obhajova\u0165<br \/>\nbezpe\u010dnos\u0165 a ochrana vonkaj\u0161\u00edch hran\u00edc E\u00da.<\/li>\n<li>Budeme bojova\u0165 za to, aby spotrebitelia v celej Eur\u00f3pe<br \/>\nrovnak\u00e9 zaobch\u00e1dzanie a pr\u00edstup k v\u00fdrobkom a tovaru rovnakej<br \/>\nkvalita.<\/li>\n<li>Pr\u00e1vo a spravodlivos\u0165 sa bude usilova\u0165 o odstr\u00e1nenie dvojit\u00fdch \u0161tandardov pri zaobch\u00e1dzan\u00ed so \u0161t\u00e1tom v r\u00e1mci E\u00da.<\/li>\n<li>Budeme sa usilova\u0165 o to, aby eur\u00f3pska politika v oblasti kl\u00edmy zoh\u013ead\u0148ovala po\u013esk\u00e9 z\u00e1ujmy.<\/li>\n<li>Po desiate, siln\u00e1 politika s\u00fadr\u017enosti ako z\u00e1klad pre r\u00fdchly a solid\u00e1rny rozvoj E\u00da.<\/li>\n<li>Chceme, aby Eur\u00f3pa pom\u00e1hala v miestach konfliktov.<\/li>\n<li>Sme proti neleg\u00e1lnemu pris\u0165ahovalectvu.<\/li>\n<\/ul>\n<p>Politik zd\u00f4raznil, \u017ee na to, aby sa tieto body naplnili a aby sa PiS podarilo presved\u010di\u0165 partnerov v Eur\u00f3pe, \u017ee toto je spr\u00e1vna cesta v E\u00da, potrebuje:<\/p>\n<ul>\n<li>odhodlanie, podpora a viera v n\u00e1s, \u017ee sa uber\u00e1me t\u00fdmto smerom, aby bud\u00facnos\u0165 Po\u013eska bola bud\u00facnos\u0165ou silnej, dobre organizovanej a dobre funguj\u00facej vlasti.<\/li>\n<\/ul>\n<p>Na zozname EP s\u00fa na t\u00fdchto miestach: Bogdan Rzo\u0144ca, Ewa Leniart, Piotr Pilch a Krystyna Wr\u00f3blewska.<\/p>\n<p><em>text\/ foto Marta Olejnik\/ KS<\/em><\/p>\n<p><a href=\"https:\/\/marekkuchcinski.pl\/wp-content\/uploads\/2019\/03\/IMG_8102-1.jpg\"><img fetchpriority=\"high\" decoding=\"async\" class=\"alignnone size-full wp-image-13581\" src=\"https:\/\/marekkuchcinski.pl\/wp-content\/uploads\/2019\/03\/IMG_8102-1.jpg\" alt=\"IMG_8102\" width=\"4631\" height=\"3152\" srcset=\"https:\/\/marekkuchcinski.pl\/wp-content\/uploads\/2019\/03\/IMG_8102-1.jpg 2048w, https:\/\/marekkuchcinski.pl\/wp-content\/uploads\/2019\/03\/IMG_8102-1-300x204.jpg 300w, https:\/\/marekkuchcinski.pl\/wp-content\/uploads\/2019\/03\/IMG_8102-1-768x523.jpg 768w, https:\/\/marekkuchcinski.pl\/wp-content\/uploads\/2019\/03\/IMG_8102-1-1024x697.jpg 1024w\" sizes=\"(max-width: 4631px) 100vw, 4631px\" \/><\/a><a href=\"https:\/\/marekkuchcinski.pl\/wp-content\/uploads\/2019\/03\/IMG_8134.jpg\"><img decoding=\"async\" class=\"alignnone size-full wp-image-13594\" src=\"https:\/\/marekkuchcinski.pl\/wp-content\/uploads\/2019\/03\/IMG_8134.jpg\" alt=\"IMG_8134\" width=\"4746\" height=\"3057\" srcset=\"https:\/\/marekkuchcinski.pl\/wp-content\/uploads\/2019\/03\/IMG_8134.jpg 2048w, https:\/\/marekkuchcinski.pl\/wp-content\/uploads\/2019\/03\/IMG_8134-300x193.jpg 300w, https:\/\/marekkuchcinski.pl\/wp-content\/uploads\/2019\/03\/IMG_8134-768x495.jpg 768w, https:\/\/marekkuchcinski.pl\/wp-content\/uploads\/2019\/03\/IMG_8134-1024x660.jpg 1024w\" sizes=\"(max-width: 4746px) 100vw, 4746px\" \/><\/a><a href=\"https:\/\/marekkuchcinski.pl\/wp-content\/uploads\/2019\/03\/IMG_8118-1.jpg\"><img decoding=\"async\" class=\"alignnone size-full wp-image-13592\" src=\"https:\/\/marekkuchcinski.pl\/wp-content\/uploads\/2019\/03\/IMG_8118-1.jpg\" alt=\"IMG_8118\" width=\"5529\" height=\"3635\" srcset=\"https:\/\/marekkuchcinski.pl\/wp-content\/uploads\/2019\/03\/IMG_8118-1.jpg 2048w, https:\/\/marekkuchcinski.pl\/wp-content\/uploads\/2019\/03\/IMG_8118-1-300x197.jpg 300w, https:\/\/marekkuchcinski.pl\/wp-content\/uploads\/2019\/03\/IMG_8118-1-768x505.jpg 768w, https:\/\/marekkuchcinski.pl\/wp-content\/uploads\/2019\/03\/IMG_8118-1-1024x673.jpg 1024w\" sizes=\"(max-width: 5529px) 100vw, 5529px\" \/><\/a><a href=\"https:\/\/marekkuchcinski.pl\/wp-content\/uploads\/2019\/03\/IMG_8111.jpg\"><img loading=\"lazy\" decoding=\"async\" class=\"alignnone size-full wp-image-13590\" src=\"https:\/\/marekkuchcinski.pl\/wp-content\/uploads\/2019\/03\/IMG_8111.jpg\" alt=\"IMG_8111\" width=\"5509\" height=\"3836\" srcset=\"https:\/\/marekkuchcinski.pl\/wp-content\/uploads\/2019\/03\/IMG_8111.jpg 2048w, https:\/\/marekkuchcinski.pl\/wp-content\/uploads\/2019\/03\/IMG_8111-300x209.jpg 300w, https:\/\/marekkuchcinski.pl\/wp-content\/uploads\/2019\/03\/IMG_8111-768x535.jpg 768w, https:\/\/marekkuchcinski.pl\/wp-content\/uploads\/2019\/03\/IMG_8111-1024x713.jpg 1024w\" sizes=\"(max-width: 5509px) 100vw, 5509px\" \/><\/a><a href=\"https:\/\/marekkuchcinski.pl\/wp-content\/uploads\/2019\/03\/IMG_8020.jpg\"><img loading=\"lazy\" decoding=\"async\" class=\"alignnone size-full wp-image-13614\" src=\"https:\/\/marekkuchcinski.pl\/wp-content\/uploads\/2019\/03\/IMG_8020.jpg\" alt=\"IMG_8020\" width=\"5852\" height=\"3712\" srcset=\"https:\/\/marekkuchcinski.pl\/wp-content\/uploads\/2019\/03\/IMG_8020.jpg 2048w, https:\/\/marekkuchcinski.pl\/wp-content\/uploads\/2019\/03\/IMG_8020-300x190.jpg 300w, https:\/\/marekkuchcinski.pl\/wp-content\/uploads\/2019\/03\/IMG_8020-768x487.jpg 768w, https:\/\/marekkuchcinski.pl\/wp-content\/uploads\/2019\/03\/IMG_8020-1024x650.jpg 1024w\" sizes=\"(max-width: 5852px) 100vw, 5852px\" \/><\/a><a href=\"https:\/\/marekkuchcinski.pl\/wp-content\/uploads\/2019\/03\/IMG_8108-2.jpg\"><img loading=\"lazy\" decoding=\"async\" class=\"alignnone size-full wp-image-13580\" src=\"https:\/\/marekkuchcinski.pl\/wp-content\/uploads\/2019\/03\/IMG_8108-2.jpg\" alt=\"IMG_8108 2\" width=\"5210\" height=\"3435\" srcset=\"https:\/\/marekkuchcinski.pl\/wp-content\/uploads\/2019\/03\/IMG_8108-2.jpg 2048w, https:\/\/marekkuchcinski.pl\/wp-content\/uploads\/2019\/03\/IMG_8108-2-300x198.jpg 300w, https:\/\/marekkuchcinski.pl\/wp-content\/uploads\/2019\/03\/IMG_8108-2-768x506.jpg 768w, https:\/\/marekkuchcinski.pl\/wp-content\/uploads\/2019\/03\/IMG_8108-2-1024x675.jpg 1024w\" sizes=\"(max-width: 5210px) 100vw, 5210px\" \/><\/a><a href=\"https:\/\/marekkuchcinski.pl\/wp-content\/uploads\/2019\/03\/IMG_8248.jpg\"><img loading=\"lazy\" decoding=\"async\" class=\"alignnone size-full wp-image-13545\" src=\"https:\/\/marekkuchcinski.pl\/wp-content\/uploads\/2019\/03\/IMG_8248.jpg\" alt=\"IMG_8248\" width=\"5042\" height=\"3374\" srcset=\"https:\/\/marekkuchcinski.pl\/wp-content\/uploads\/2019\/03\/IMG_8248.jpg 2048w, https:\/\/marekkuchcinski.pl\/wp-content\/uploads\/2019\/03\/IMG_8248-300x201.jpg 300w, https:\/\/marekkuchcinski.pl\/wp-content\/uploads\/2019\/03\/IMG_8248-768x514.jpg 768w, https:\/\/marekkuchcinski.pl\/wp-content\/uploads\/2019\/03\/IMG_8248-1024x685.jpg 1024w\" sizes=\"(max-width: 5042px) 100vw, 5042px\" \/><\/a> <a href=\"https:\/\/marekkuchcinski.pl\/wp-content\/uploads\/2019\/03\/IMG_8261.jpg\"><img loading=\"lazy\" decoding=\"async\" class=\"alignnone size-full wp-image-13546\" src=\"https:\/\/marekkuchcinski.pl\/wp-content\/uploads\/2019\/03\/IMG_8261.jpg\" alt=\"IMG_8261\" width=\"4522\" height=\"3091\" srcset=\"https:\/\/marekkuchcinski.pl\/wp-content\/uploads\/2019\/03\/IMG_8261.jpg 2048w, https:\/\/marekkuchcinski.pl\/wp-content\/uploads\/2019\/03\/IMG_8261-300x205.jpg 300w, https:\/\/marekkuchcinski.pl\/wp-content\/uploads\/2019\/03\/IMG_8261-768x525.jpg 768w, https:\/\/marekkuchcinski.pl\/wp-content\/uploads\/2019\/03\/IMG_8261-1024x700.jpg 1024w\" sizes=\"(max-width: 4522px) 100vw, 4522px\" \/><\/a> <a href=\"https:\/\/marekkuchcinski.pl\/wp-content\/uploads\/2019\/03\/IMG_8289.jpg\"><img loading=\"lazy\" decoding=\"async\" class=\"alignnone size-full wp-image-13549\" src=\"https:\/\/marekkuchcinski.pl\/wp-content\/uploads\/2019\/03\/IMG_8289.jpg\" alt=\"IMG_8289\" width=\"5097\" height=\"3417\" srcset=\"https:\/\/marekkuchcinski.pl\/wp-content\/uploads\/2019\/03\/IMG_8289.jpg 2048w, https:\/\/marekkuchcinski.pl\/wp-content\/uploads\/2019\/03\/IMG_8289-300x201.jpg 300w, https:\/\/marekkuchcinski.pl\/wp-content\/uploads\/2019\/03\/IMG_8289-768x515.jpg 768w, https:\/\/marekkuchcinski.pl\/wp-content\/uploads\/2019\/03\/IMG_8289-1024x686.jpg 1024w\" sizes=\"(max-width: 5097px) 100vw, 5097px\" \/><\/a> <a href=\"https:\/\/marekkuchcinski.pl\/wp-content\/uploads\/2019\/03\/IMG_8271.jpg\"><img loading=\"lazy\" decoding=\"async\" class=\"alignnone size-full wp-image-13649\" src=\"https:\/\/marekkuchcinski.pl\/wp-content\/uploads\/2019\/03\/IMG_8271.jpg\" alt=\"IMG_8271\" width=\"2261\" height=\"1624\" srcset=\"https:\/\/marekkuchcinski.pl\/wp-content\/uploads\/2019\/03\/IMG_8271.jpg 2048w, https:\/\/marekkuchcinski.pl\/wp-content\/uploads\/2019\/03\/IMG_8271-300x215.jpg 300w, https:\/\/marekkuchcinski.pl\/wp-content\/uploads\/2019\/03\/IMG_8271-768x552.jpg 768w, https:\/\/marekkuchcinski.pl\/wp-content\/uploads\/2019\/03\/IMG_8271-1024x736.jpg 1024w\" sizes=\"(max-width: 2261px) 100vw, 2261px\" \/><\/a><a href=\"https:\/\/marekkuchcinski.pl\/wp-content\/uploads\/2019\/03\/IMG_8292.jpg\"><img loading=\"lazy\" decoding=\"async\" class=\"alignnone size-full wp-image-13551\" src=\"https:\/\/marekkuchcinski.pl\/wp-content\/uploads\/2019\/03\/IMG_8292.jpg\" alt=\"IMG_8292\" width=\"5126\" height=\"3676\" srcset=\"https:\/\/marekkuchcinski.pl\/wp-content\/uploads\/2019\/03\/IMG_8292.jpg 2048w, https:\/\/marekkuchcinski.pl\/wp-content\/uploads\/2019\/03\/IMG_8292-300x215.jpg 300w, https:\/\/marekkuchcinski.pl\/wp-content\/uploads\/2019\/03\/IMG_8292-768x551.jpg 768w, https:\/\/marekkuchcinski.pl\/wp-content\/uploads\/2019\/03\/IMG_8292-1024x734.jpg 1024w\" sizes=\"(max-width: 5126px) 100vw, 5126px\" \/><\/a><a href=\"https:\/\/marekkuchcinski.pl\/wp-content\/uploads\/2019\/03\/IMG_8095.jpg\"><img loading=\"lazy\" decoding=\"async\" class=\"alignnone size-full wp-image-13618\" src=\"https:\/\/marekkuchcinski.pl\/wp-content\/uploads\/2019\/03\/IMG_8095.jpg\" alt=\"IMG_8095\" width=\"4299\" height=\"3092\" srcset=\"https:\/\/marekkuchcinski.pl\/wp-content\/uploads\/2019\/03\/IMG_8095.jpg 2048w, https:\/\/marekkuchcinski.pl\/wp-content\/uploads\/2019\/03\/IMG_8095-300x216.jpg 300w, https:\/\/marekkuchcinski.pl\/wp-content\/uploads\/2019\/03\/IMG_8095-768x552.jpg 768w, https:\/\/marekkuchcinski.pl\/wp-content\/uploads\/2019\/03\/IMG_8095-1024x736.jpg 1024w\" sizes=\"(max-width: 4299px) 100vw, 4299px\" \/><\/a> <a href=\"https:\/\/marekkuchcinski.pl\/wp-content\/uploads\/2019\/03\/IMG_8210.jpg\"><img loading=\"lazy\" decoding=\"async\" class=\"alignnone size-full wp-image-13555\" src=\"https:\/\/marekkuchcinski.pl\/wp-content\/uploads\/2019\/03\/IMG_8210.jpg\" alt=\"IMG_8210\" width=\"5083\" height=\"3260\" srcset=\"https:\/\/marekkuchcinski.pl\/wp-content\/uploads\/2019\/03\/IMG_8210.jpg 2048w, https:\/\/marekkuchcinski.pl\/wp-content\/uploads\/2019\/03\/IMG_8210-300x192.jpg 300w, https:\/\/marekkuchcinski.pl\/wp-content\/uploads\/2019\/03\/IMG_8210-768x493.jpg 768w, https:\/\/marekkuchcinski.pl\/wp-content\/uploads\/2019\/03\/IMG_8210-1024x657.jpg 1024w\" sizes=\"(max-width: 5083px) 100vw, 5083px\" \/><\/a> <a href=\"https:\/\/marekkuchcinski.pl\/wp-content\/uploads\/2019\/03\/IMG_8192.jpg\"><img loading=\"lazy\" decoding=\"async\" class=\"alignnone size-full wp-image-13556\" src=\"https:\/\/marekkuchcinski.pl\/wp-content\/uploads\/2019\/03\/IMG_8192.jpg\" alt=\"IMG_8192\" width=\"4945\" height=\"3332\" srcset=\"https:\/\/marekkuchcinski.pl\/wp-content\/uploads\/2019\/03\/IMG_8192.jpg 2048w, https:\/\/marekkuchcinski.pl\/wp-content\/uploads\/2019\/03\/IMG_8192-300x202.jpg 300w, https:\/\/marekkuchcinski.pl\/wp-content\/uploads\/2019\/03\/IMG_8192-768x517.jpg 768w, https:\/\/marekkuchcinski.pl\/wp-content\/uploads\/2019\/03\/IMG_8192-1024x690.jpg 1024w\" sizes=\"(max-width: 4945px) 100vw, 4945px\" \/><\/a> <a href=\"https:\/\/marekkuchcinski.pl\/wp-content\/uploads\/2019\/03\/IMG_8148.jpg\"><img loading=\"lazy\" decoding=\"async\" class=\"alignnone size-full wp-image-13557\" src=\"https:\/\/marekkuchcinski.pl\/wp-content\/uploads\/2019\/03\/IMG_8148.jpg\" alt=\"IMG_8148\" width=\"5370\" height=\"3726\" srcset=\"https:\/\/marekkuchcinski.pl\/wp-content\/uploads\/2019\/03\/IMG_8148.jpg 2048w, https:\/\/marekkuchcinski.pl\/wp-content\/uploads\/2019\/03\/IMG_8148-300x208.jpg 300w, https:\/\/marekkuchcinski.pl\/wp-content\/uploads\/2019\/03\/IMG_8148-768x533.jpg 768w, https:\/\/marekkuchcinski.pl\/wp-content\/uploads\/2019\/03\/IMG_8148-1024x711.jpg 1024w\" sizes=\"(max-width: 5370px) 100vw, 5370px\" \/><\/a> <a href=\"https:\/\/marekkuchcinski.pl\/wp-content\/uploads\/2019\/03\/IMG_8041.jpg\"><img loading=\"lazy\" decoding=\"async\" class=\"alignnone size-full wp-image-13567\" src=\"https:\/\/marekkuchcinski.pl\/wp-content\/uploads\/2019\/03\/IMG_8041.jpg\" alt=\"IMG_8041\" width=\"5921\" height=\"3894\" srcset=\"https:\/\/marekkuchcinski.pl\/wp-content\/uploads\/2019\/03\/IMG_8041.jpg 2048w, https:\/\/marekkuchcinski.pl\/wp-content\/uploads\/2019\/03\/IMG_8041-300x197.jpg 300w, https:\/\/marekkuchcinski.pl\/wp-content\/uploads\/2019\/03\/IMG_8041-768x505.jpg 768w, https:\/\/marekkuchcinski.pl\/wp-content\/uploads\/2019\/03\/IMG_8041-1024x673.jpg 1024w\" sizes=\"(max-width: 5921px) 100vw, 5921px\" \/><\/a><a href=\"https:\/\/marekkuchcinski.pl\/wp-content\/uploads\/2019\/03\/IMG_8129.jpg\"><img loading=\"lazy\" decoding=\"async\" class=\"alignnone size-full wp-image-13558\" src=\"https:\/\/marekkuchcinski.pl\/wp-content\/uploads\/2019\/03\/IMG_8129.jpg\" alt=\"IMG_8129\" width=\"6240\" height=\"4160\" srcset=\"https:\/\/marekkuchcinski.pl\/wp-content\/uploads\/2019\/03\/IMG_8129.jpg 2048w, https:\/\/marekkuchcinski.pl\/wp-content\/uploads\/2019\/03\/IMG_8129-300x200.jpg 300w, https:\/\/marekkuchcinski.pl\/wp-content\/uploads\/2019\/03\/IMG_8129-768x512.jpg 768w, https:\/\/marekkuchcinski.pl\/wp-content\/uploads\/2019\/03\/IMG_8129-1024x683.jpg 1024w\" sizes=\"(max-width: 6240px) 100vw, 6240px\" \/><\/a> <a href=\"https:\/\/marekkuchcinski.pl\/wp-content\/uploads\/2019\/03\/IMG_8105.jpg\"><img loading=\"lazy\" decoding=\"async\" class=\"alignnone size-full wp-image-13562\" src=\"https:\/\/marekkuchcinski.pl\/wp-content\/uploads\/2019\/03\/IMG_8105.jpg\" alt=\"IMG_8105\" width=\"5628\" height=\"3966\" srcset=\"https:\/\/marekkuchcinski.pl\/wp-content\/uploads\/2019\/03\/IMG_8105.jpg 2048w, https:\/\/marekkuchcinski.pl\/wp-content\/uploads\/2019\/03\/IMG_8105-300x211.jpg 300w, https:\/\/marekkuchcinski.pl\/wp-content\/uploads\/2019\/03\/IMG_8105-768x541.jpg 768w, https:\/\/marekkuchcinski.pl\/wp-content\/uploads\/2019\/03\/IMG_8105-1024x722.jpg 1024w\" sizes=\"(max-width: 5628px) 100vw, 5628px\" \/><\/a> <a href=\"https:\/\/marekkuchcinski.pl\/wp-content\/uploads\/2019\/03\/IMG_8056.jpg\"><img loading=\"lazy\" decoding=\"async\" class=\"alignnone size-full wp-image-13566\" src=\"https:\/\/marekkuchcinski.pl\/wp-content\/uploads\/2019\/03\/IMG_8056.jpg\" alt=\"IMG_8056\" width=\"5354\" height=\"3807\" srcset=\"https:\/\/marekkuchcinski.pl\/wp-content\/uploads\/2019\/03\/IMG_8056.jpg 2048w, https:\/\/marekkuchcinski.pl\/wp-content\/uploads\/2019\/03\/IMG_8056-300x213.jpg 300w, https:\/\/marekkuchcinski.pl\/wp-content\/uploads\/2019\/03\/IMG_8056-768x546.jpg 768w, https:\/\/marekkuchcinski.pl\/wp-content\/uploads\/2019\/03\/IMG_8056-1024x728.jpg 1024w\" sizes=\"(max-width: 5354px) 100vw, 5354px\" \/><\/a> <a href=\"https:\/\/marekkuchcinski.pl\/wp-content\/uploads\/2019\/03\/IMG_7981.jpg\"><img loading=\"lazy\" decoding=\"async\" class=\"alignnone size-full wp-image-13571\" src=\"https:\/\/marekkuchcinski.pl\/wp-content\/uploads\/2019\/03\/IMG_7981.jpg\" alt=\"IMG_7981\" width=\"4254\" height=\"2919\" srcset=\"https:\/\/marekkuchcinski.pl\/wp-content\/uploads\/2019\/03\/IMG_7981.jpg 2048w, https:\/\/marekkuchcinski.pl\/wp-content\/uploads\/2019\/03\/IMG_7981-300x206.jpg 300w, https:\/\/marekkuchcinski.pl\/wp-content\/uploads\/2019\/03\/IMG_7981-768x527.jpg 768w, https:\/\/marekkuchcinski.pl\/wp-content\/uploads\/2019\/03\/IMG_7981-1024x703.jpg 1024w\" sizes=\"(max-width: 4254px) 100vw, 4254px\" \/><\/a><a href=\"https:\/\/marekkuchcinski.pl\/wp-content\/uploads\/2019\/03\/IMG_8161.jpg\"><img loading=\"lazy\" decoding=\"async\" class=\"alignnone size-full wp-image-13611\" src=\"https:\/\/marekkuchcinski.pl\/wp-content\/uploads\/2019\/03\/IMG_8161.jpg\" alt=\"IMG_8161\" width=\"4894\" height=\"3032\" srcset=\"https:\/\/marekkuchcinski.pl\/wp-content\/uploads\/2019\/03\/IMG_8161.jpg 2048w, https:\/\/marekkuchcinski.pl\/wp-content\/uploads\/2019\/03\/IMG_8161-300x186.jpg 300w, https:\/\/marekkuchcinski.pl\/wp-content\/uploads\/2019\/03\/IMG_8161-768x476.jpg 768w, https:\/\/marekkuchcinski.pl\/wp-content\/uploads\/2019\/03\/IMG_8161-1024x634.jpg 1024w\" sizes=\"(max-width: 4894px) 100vw, 4894px\" \/><\/a><a href=\"https:\/\/marekkuchcinski.pl\/wp-content\/uploads\/2019\/03\/IMG_8139.jpg\"><img loading=\"lazy\" decoding=\"async\" class=\"alignnone size-full wp-image-13574\" src=\"https:\/\/marekkuchcinski.pl\/wp-content\/uploads\/2019\/03\/IMG_8139.jpg\" alt=\"IMG_8139\" width=\"5176\" height=\"3453\" srcset=\"https:\/\/marekkuchcinski.pl\/wp-content\/uploads\/2019\/03\/IMG_8139.jpg 2048w, https:\/\/marekkuchcinski.pl\/wp-content\/uploads\/2019\/03\/IMG_8139-300x200.jpg 300w, https:\/\/marekkuchcinski.pl\/wp-content\/uploads\/2019\/03\/IMG_8139-768x512.jpg 768w, https:\/\/marekkuchcinski.pl\/wp-content\/uploads\/2019\/03\/IMG_8139-1024x683.jpg 1024w\" sizes=\"(max-width: 5176px) 100vw, 5176px\" \/><\/a> <a href=\"https:\/\/marekkuchcinski.pl\/wp-content\/uploads\/2019\/03\/IMG_8217.jpg\"><img loading=\"lazy\" decoding=\"async\" class=\"alignnone size-full wp-image-13578\" src=\"https:\/\/marekkuchcinski.pl\/wp-content\/uploads\/2019\/03\/IMG_8217.jpg\" alt=\"IMG_8217\" width=\"3106\" height=\"2224\" srcset=\"https:\/\/marekkuchcinski.pl\/wp-content\/uploads\/2019\/03\/IMG_8217.jpg 2048w, https:\/\/marekkuchcinski.pl\/wp-content\/uploads\/2019\/03\/IMG_8217-300x215.jpg 300w, https:\/\/marekkuchcinski.pl\/wp-content\/uploads\/2019\/03\/IMG_8217-768x550.jpg 768w, https:\/\/marekkuchcinski.pl\/wp-content\/uploads\/2019\/03\/IMG_8217-1024x733.jpg 1024w\" sizes=\"(max-width: 3106px) 100vw, 3106px\" \/><\/a> <a href=\"https:\/\/marekkuchcinski.pl\/wp-content\/uploads\/2019\/03\/IMG_7988.jpg\"><img loading=\"lazy\" decoding=\"async\" class=\"alignnone size-full wp-image-13583\" src=\"https:\/\/marekkuchcinski.pl\/wp-content\/uploads\/2019\/03\/IMG_7988.jpg\" alt=\"IMG_7988\" width=\"4193\" height=\"2674\" srcset=\"https:\/\/marekkuchcinski.pl\/wp-content\/uploads\/2019\/03\/IMG_7988.jpg 2048w, https:\/\/marekkuchcinski.pl\/wp-content\/uploads\/2019\/03\/IMG_7988-300x191.jpg 300w, https:\/\/marekkuchcinski.pl\/wp-content\/uploads\/2019\/03\/IMG_7988-768x490.jpg 768w, https:\/\/marekkuchcinski.pl\/wp-content\/uploads\/2019\/03\/IMG_7988-1024x653.jpg 1024w\" sizes=\"(max-width: 4193px) 100vw, 4193px\" \/><\/a><a href=\"https:\/\/marekkuchcinski.pl\/wp-content\/uploads\/2019\/03\/IMG_7996.jpg\"><img loading=\"lazy\" decoding=\"async\" class=\"alignnone size-full wp-image-13595\" src=\"https:\/\/marekkuchcinski.pl\/wp-content\/uploads\/2019\/03\/IMG_7996.jpg\" alt=\"IMG_7996\" width=\"5658\" height=\"3618\" srcset=\"https:\/\/marekkuchcinski.pl\/wp-content\/uploads\/2019\/03\/IMG_7996.jpg 2048w, https:\/\/marekkuchcinski.pl\/wp-content\/uploads\/2019\/03\/IMG_7996-300x192.jpg 300w, https:\/\/marekkuchcinski.pl\/wp-content\/uploads\/2019\/03\/IMG_7996-768x491.jpg 768w, https:\/\/marekkuchcinski.pl\/wp-content\/uploads\/2019\/03\/IMG_7996-1024x655.jpg 1024w\" sizes=\"(max-width: 5658px) 100vw, 5658px\" \/><\/a> <a href=\"https:\/\/marekkuchcinski.pl\/wp-content\/uploads\/2019\/03\/IMG_8067.jpg\"><img loading=\"lazy\" decoding=\"async\" class=\"alignnone size-full wp-image-13564\" src=\"https:\/\/marekkuchcinski.pl\/wp-content\/uploads\/2019\/03\/IMG_8067.jpg\" alt=\"IMG_8067\" width=\"5138\" height=\"3083\" srcset=\"https:\/\/marekkuchcinski.pl\/wp-content\/uploads\/2019\/03\/IMG_8067.jpg 2048w, https:\/\/marekkuchcinski.pl\/wp-content\/uploads\/2019\/03\/IMG_8067-300x180.jpg 300w, https:\/\/marekkuchcinski.pl\/wp-content\/uploads\/2019\/03\/IMG_8067-768x461.jpg 768w, https:\/\/marekkuchcinski.pl\/wp-content\/uploads\/2019\/03\/IMG_8067-1024x614.jpg 1024w\" sizes=\"(max-width: 5138px) 100vw, 5138px\" \/><\/a><a href=\"https:\/\/marekkuchcinski.pl\/wp-content\/uploads\/2019\/03\/IMG_8154.jpg\"><img loading=\"lazy\" decoding=\"async\" class=\"alignnone size-full wp-image-13613\" src=\"https:\/\/marekkuchcinski.pl\/wp-content\/uploads\/2019\/03\/IMG_8154.jpg\" alt=\"IMG_8154\" width=\"5107\" height=\"3478\" srcset=\"https:\/\/marekkuchcinski.pl\/wp-content\/uploads\/2019\/03\/IMG_8154.jpg 2048w, https:\/\/marekkuchcinski.pl\/wp-content\/uploads\/2019\/03\/IMG_8154-300x204.jpg 300w, https:\/\/marekkuchcinski.pl\/wp-content\/uploads\/2019\/03\/IMG_8154-768x523.jpg 768w, https:\/\/marekkuchcinski.pl\/wp-content\/uploads\/2019\/03\/IMG_8154-1024x697.jpg 1024w\" sizes=\"(max-width: 5107px) 100vw, 5107px\" \/><\/a><\/p>","protected":false},"excerpt":{"rendered":"<p>W swoim mateczniku &#8211; na Podkarpaciu &#8211; Prawo i Sprawiedliwo\u015b\u0107 rozpocz\u0119\u0142o kampani\u0119 do majowych wybor\u00f3w do Europarlamentu. W\u015br\u00f3d os\u00f3b startuj\u0105cych z pierwszego miejsca s\u0105 mi.in.: wicepremier Beata Szyd\u0142o, Szef MSWiA Joachim Brudzi\u0144ski, wicemarsza\u0142ek Senatu Adam Bielan, Jacek Saryusz-Wolski, Witold Waszczykowski, El\u017cbieta Kruk, Karol Karski, Zdzis\u0142aw Krasnod\u0119bski, minister edukacji Anna Zalewska i Anna Fotyga. Na wczorajszej [&hellip;]<\/p>","protected":false},"author":6,"featured_media":13581,"comment_status":"open","ping_status":"open","sticky":false,"template":"","format":"standard","meta":{"ngg_post_thumbnail":0,"footnotes":""},"categories":[49,82,3],"tags":[],"class_list":["post-13544","post","type-post","status-publish","format-standard","has-post-thumbnail","hentry","category-podkarpacie","category-prawo-i-sprawiedliwosc","category-wydarzenia"],"yoast_head":"<!-- This site is optimized with the Yoast SEO plugin v24.7 - https:\/\/yoast.com\/wordpress\/plugins\/seo\/ -->\n<title>Powr\u00f3t Unii Europejskiej do warto\u015bci, zabieganie o interesy polskich rolnik\u00f3w, obrona prawa rodzic\u00f3w do wychowania dzieci, obrona r\u00f3wnego traktowania polskich firm, korzystny dla Polski bud\u017cet - konwencja wyborcza do PE PiS na Podkarpaciu &#8211; Marek Kuchci\u0144ski<\/title>\n<meta name=\"robots\" content=\"index, follow, max-snippet:-1, max-image-preview:large, max-video-preview:-1\" \/>\n<link rel=\"canonical\" href=\"https:\/\/marekkuchcinski.pl\/sk\/wydarzenia\/powrot-unii-europejskiej-wartosci-zabieganie-o-interesy-polskich-rolnikow-obrona-prawa-rodzicow-wychowania-dzieci-obrona-rownego-traktowania-polskich-firm-korzystny-dla-polski-budzet-konwe\/\" \/>\n<meta property=\"og:locale\" content=\"sk_SK\" \/>\n<meta property=\"og:type\" content=\"article\" \/>\n<meta property=\"og:title\" content=\"Powr\u00f3t Unii Europejskiej do warto\u015bci, zabieganie o interesy polskich rolnik\u00f3w, obrona prawa rodzic\u00f3w do wychowania dzieci, obrona r\u00f3wnego traktowania polskich firm, korzystny dla Polski bud\u017cet - konwencja wyborcza do PE PiS na Podkarpaciu &#8211; Marek Kuchci\u0144ski\" \/>\n<meta property=\"og:description\" content=\"W swoim mateczniku &#8211; na Podkarpaciu &#8211; Prawo i Sprawiedliwo\u015b\u0107 rozpocz\u0119\u0142o kampani\u0119 do majowych wybor\u00f3w do Europarlamentu. W\u015br\u00f3d os\u00f3b startuj\u0105cych z pierwszego miejsca s\u0105 mi.in.: wicepremier Beata Szyd\u0142o, Szef MSWiA Joachim Brudzi\u0144ski, wicemarsza\u0142ek Senatu Adam Bielan, Jacek Saryusz-Wolski, Witold Waszczykowski, El\u017cbieta Kruk, Karol Karski, Zdzis\u0142aw Krasnod\u0119bski, minister edukacji Anna Zalewska i Anna Fotyga. Na wczorajszej [&hellip;]\" \/>\n<meta property=\"og:url\" content=\"https:\/\/marekkuchcinski.pl\/sk\/wydarzenia\/powrot-unii-europejskiej-wartosci-zabieganie-o-interesy-polskich-rolnikow-obrona-prawa-rodzicow-wychowania-dzieci-obrona-rownego-traktowania-polskich-firm-korzystny-dla-polski-budzet-konwe\/\" \/>\n<meta property=\"og:site_name\" content=\"Marek Kuchci\u0144ski\" \/>\n<meta property=\"article:published_time\" content=\"2019-03-10T10:50:42+00:00\" \/>\n<meta property=\"article:modified_time\" content=\"2019-03-11T14:53:23+00:00\" \/>\n<meta property=\"og:image\" content=\"https:\/\/marekkuchcinski.pl\/wp-content\/uploads\/2019\/03\/IMG_8102-1.jpg\" \/>\n\t<meta property=\"og:image:width\" content=\"2048\" \/>\n\t<meta property=\"og:image:height\" content=\"1394\" \/>\n\t<meta property=\"og:image:type\" content=\"image\/jpeg\" \/>\n<meta name=\"author\" content=\"admin\" \/>\n<meta name=\"twitter:card\" content=\"summary_large_image\" \/>\n<meta name=\"twitter:label1\" content=\"Autor\" \/>\n\t<meta name=\"twitter:data1\" content=\"admin\" \/>\n\t<meta name=\"twitter:label2\" content=\"Predpokladan\u00fd \u010das \u010d\u00edtania\" \/>\n\t<meta name=\"twitter:data2\" content=\"5 min\u00fat\" \/>\n<script type=\"application\/ld+json\" class=\"yoast-schema-graph\">{\"@context\":\"https:\/\/schema.org\",\"@graph\":[{\"@type\":\"Article\",\"@id\":\"https:\/\/marekkuchcinski.pl\/wydarzenia\/powrot-unii-europejskiej-wartosci-zabieganie-o-interesy-polskich-rolnikow-obrona-prawa-rodzicow-wychowania-dzieci-obrona-rownego-traktowania-polskich-firm-korzystny-dla-polski-budzet-konwe\/#article\",\"isPartOf\":{\"@id\":\"https:\/\/marekkuchcinski.pl\/wydarzenia\/powrot-unii-europejskiej-wartosci-zabieganie-o-interesy-polskich-rolnikow-obrona-prawa-rodzicow-wychowania-dzieci-obrona-rownego-traktowania-polskich-firm-korzystny-dla-polski-budzet-konwe\/\"},\"author\":{\"name\":\"admin\",\"@id\":\"https:\/\/marekkuchcinski.pl\/#\/schema\/person\/6f62700996b4d950b6ea2d1183b6c6be\"},\"headline\":\"Powr\u00f3t Unii Europejskiej do warto\u015bci, zabieganie o interesy polskich rolnik\u00f3w, obrona prawa rodzic\u00f3w do wychowania dzieci, obrona r\u00f3wnego traktowania polskich firm, korzystny dla Polski bud\u017cet &#8211; konwencja wyborcza do PE PiS na Podkarpaciu\",\"datePublished\":\"2019-03-10T10:50:42+00:00\",\"dateModified\":\"2019-03-11T14:53:23+00:00\",\"mainEntityOfPage\":{\"@id\":\"https:\/\/marekkuchcinski.pl\/wydarzenia\/powrot-unii-europejskiej-wartosci-zabieganie-o-interesy-polskich-rolnikow-obrona-prawa-rodzicow-wychowania-dzieci-obrona-rownego-traktowania-polskich-firm-korzystny-dla-polski-budzet-konwe\/\"},\"wordCount\":1118,\"commentCount\":0,\"publisher\":{\"@id\":\"https:\/\/marekkuchcinski.pl\/#organization\"},\"image\":{\"@id\":\"https:\/\/marekkuchcinski.pl\/wydarzenia\/powrot-unii-europejskiej-wartosci-zabieganie-o-interesy-polskich-rolnikow-obrona-prawa-rodzicow-wychowania-dzieci-obrona-rownego-traktowania-polskich-firm-korzystny-dla-polski-budzet-konwe\/#primaryimage\"},\"thumbnailUrl\":\"https:\/\/marekkuchcinski.pl\/wp-content\/uploads\/2019\/03\/IMG_8102-1.jpg\",\"articleSection\":[\"Podkarpacie\",\"Prawo i Sprawiedliwo\u015b\u0107\",\"Wydarzenia\"],\"inLanguage\":\"sk-SK\",\"potentialAction\":[{\"@type\":\"CommentAction\",\"name\":\"Comment\",\"target\":[\"https:\/\/marekkuchcinski.pl\/wydarzenia\/powrot-unii-europejskiej-wartosci-zabieganie-o-interesy-polskich-rolnikow-obrona-prawa-rodzicow-wychowania-dzieci-obrona-rownego-traktowania-polskich-firm-korzystny-dla-polski-budzet-konwe\/#respond\"]}]},{\"@type\":\"WebPage\",\"@id\":\"https:\/\/marekkuchcinski.pl\/wydarzenia\/powrot-unii-europejskiej-wartosci-zabieganie-o-interesy-polskich-rolnikow-obrona-prawa-rodzicow-wychowania-dzieci-obrona-rownego-traktowania-polskich-firm-korzystny-dla-polski-budzet-konwe\/\",\"url\":\"https:\/\/marekkuchcinski.pl\/wydarzenia\/powrot-unii-europejskiej-wartosci-zabieganie-o-interesy-polskich-rolnikow-obrona-prawa-rodzicow-wychowania-dzieci-obrona-rownego-traktowania-polskich-firm-korzystny-dla-polski-budzet-konwe\/\",\"name\":\"Powr\u00f3t Unii Europejskiej do warto\u015bci, zabieganie o interesy polskich rolnik\u00f3w, obrona prawa rodzic\u00f3w do wychowania dzieci, obrona r\u00f3wnego traktowania polskich firm, korzystny dla Polski bud\u017cet - konwencja wyborcza do PE PiS na Podkarpaciu &#8211; Marek Kuchci\u0144ski\",\"isPartOf\":{\"@id\":\"https:\/\/marekkuchcinski.pl\/#website\"},\"primaryImageOfPage\":{\"@id\":\"https:\/\/marekkuchcinski.pl\/wydarzenia\/powrot-unii-europejskiej-wartosci-zabieganie-o-interesy-polskich-rolnikow-obrona-prawa-rodzicow-wychowania-dzieci-obrona-rownego-traktowania-polskich-firm-korzystny-dla-polski-budzet-konwe\/#primaryimage\"},\"image\":{\"@id\":\"https:\/\/marekkuchcinski.pl\/wydarzenia\/powrot-unii-europejskiej-wartosci-zabieganie-o-interesy-polskich-rolnikow-obrona-prawa-rodzicow-wychowania-dzieci-obrona-rownego-traktowania-polskich-firm-korzystny-dla-polski-budzet-konwe\/#primaryimage\"},\"thumbnailUrl\":\"https:\/\/marekkuchcinski.pl\/wp-content\/uploads\/2019\/03\/IMG_8102-1.jpg\",\"datePublished\":\"2019-03-10T10:50:42+00:00\",\"dateModified\":\"2019-03-11T14:53:23+00:00\",\"breadcrumb\":{\"@id\":\"https:\/\/marekkuchcinski.pl\/wydarzenia\/powrot-unii-europejskiej-wartosci-zabieganie-o-interesy-polskich-rolnikow-obrona-prawa-rodzicow-wychowania-dzieci-obrona-rownego-traktowania-polskich-firm-korzystny-dla-polski-budzet-konwe\/#breadcrumb\"},\"inLanguage\":\"sk-SK\",\"potentialAction\":[{\"@type\":\"ReadAction\",\"target\":[\"https:\/\/marekkuchcinski.pl\/wydarzenia\/powrot-unii-europejskiej-wartosci-zabieganie-o-interesy-polskich-rolnikow-obrona-prawa-rodzicow-wychowania-dzieci-obrona-rownego-traktowania-polskich-firm-korzystny-dla-polski-budzet-konwe\/\"]}]},{\"@type\":\"ImageObject\",\"inLanguage\":\"sk-SK\",\"@id\":\"https:\/\/marekkuchcinski.pl\/wydarzenia\/powrot-unii-europejskiej-wartosci-zabieganie-o-interesy-polskich-rolnikow-obrona-prawa-rodzicow-wychowania-dzieci-obrona-rownego-traktowania-polskich-firm-korzystny-dla-polski-budzet-konwe\/#primaryimage\",\"url\":\"https:\/\/marekkuchcinski.pl\/wp-content\/uploads\/2019\/03\/IMG_8102-1.jpg\",\"contentUrl\":\"https:\/\/marekkuchcinski.pl\/wp-content\/uploads\/2019\/03\/IMG_8102-1.jpg\",\"width\":2048,\"height\":1394},{\"@type\":\"BreadcrumbList\",\"@id\":\"https:\/\/marekkuchcinski.pl\/wydarzenia\/powrot-unii-europejskiej-wartosci-zabieganie-o-interesy-polskich-rolnikow-obrona-prawa-rodzicow-wychowania-dzieci-obrona-rownego-traktowania-polskich-firm-korzystny-dla-polski-budzet-konwe\/#breadcrumb\",\"itemListElement\":[{\"@type\":\"ListItem\",\"position\":1,\"name\":\"Strona g\u0142\u00f3wna\",\"item\":\"https:\/\/marekkuchcinski.pl\/\"},{\"@type\":\"ListItem\",\"position\":2,\"name\":\"Powr\u00f3t Unii Europejskiej do warto\u015bci, zabieganie o interesy polskich rolnik\u00f3w, obrona prawa rodzic\u00f3w do wychowania dzieci, obrona r\u00f3wnego traktowania polskich firm, korzystny dla Polski bud\u017cet &#8211; konwencja wyborcza do PE PiS na Podkarpaciu\"}]},{\"@type\":\"WebSite\",\"@id\":\"https:\/\/marekkuchcinski.pl\/#website\",\"url\":\"https:\/\/marekkuchcinski.pl\/\",\"name\":\"Marek Kuchci\u0144ski\",\"description\":\"Pose\u0142 na sejm RP &ndash; okr\u0119g nr 22\",\"publisher\":{\"@id\":\"https:\/\/marekkuchcinski.pl\/#organization\"},\"potentialAction\":[{\"@type\":\"SearchAction\",\"target\":{\"@type\":\"EntryPoint\",\"urlTemplate\":\"https:\/\/marekkuchcinski.pl\/?s={search_term_string}\"},\"query-input\":{\"@type\":\"PropertyValueSpecification\",\"valueRequired\":true,\"valueName\":\"search_term_string\"}}],\"inLanguage\":\"sk-SK\"},{\"@type\":\"Organization\",\"@id\":\"https:\/\/marekkuchcinski.pl\/#organization\",\"name\":\"Marek Kuchci\u0144ski\",\"url\":\"https:\/\/marekkuchcinski.pl\/\",\"logo\":{\"@type\":\"ImageObject\",\"inLanguage\":\"sk-SK\",\"@id\":\"https:\/\/marekkuchcinski.pl\/#\/schema\/logo\/image\/\",\"url\":\"https:\/\/marekkuchcinski.pl\/wp-content\/uploads\/2022\/09\/Marek.jpg\",\"contentUrl\":\"https:\/\/marekkuchcinski.pl\/wp-content\/uploads\/2022\/09\/Marek.jpg\",\"width\":1600,\"height\":971,\"caption\":\"Marek Kuchci\u0144ski\"},\"image\":{\"@id\":\"https:\/\/marekkuchcinski.pl\/#\/schema\/logo\/image\/\"}},{\"@type\":\"Person\",\"@id\":\"https:\/\/marekkuchcinski.pl\/#\/schema\/person\/6f62700996b4d950b6ea2d1183b6c6be\",\"name\":\"admin\",\"image\":{\"@type\":\"ImageObject\",\"inLanguage\":\"sk-SK\",\"@id\":\"https:\/\/marekkuchcinski.pl\/#\/schema\/person\/image\/\",\"url\":\"https:\/\/secure.gravatar.com\/avatar\/4bab693b9d55c3d6b52c0296a8765085?s=96&d=mm&r=g\",\"contentUrl\":\"https:\/\/secure.gravatar.com\/avatar\/4bab693b9d55c3d6b52c0296a8765085?s=96&d=mm&r=g\",\"caption\":\"admin\"},\"url\":\"https:\/\/marekkuchcinski.pl\/sk\/author\/marta-olejnik\/\"}]}<\/script>\n<!-- \/ Yoast SEO plugin. -->","yoast_head_json":{"title":"Powr\u00f3t Unii Europejskiej do warto\u015bci, zabieganie o interesy polskich rolnik\u00f3w, obrona prawa rodzic\u00f3w do wychowania dzieci, obrona r\u00f3wnego traktowania polskich firm, korzystny dla Polski bud\u017cet - konwencja wyborcza do PE PiS na Podkarpaciu &#8211; Marek Kuchci\u0144ski","robots":{"index":"index","follow":"follow","max-snippet":"max-snippet:-1","max-image-preview":"max-image-preview:large","max-video-preview":"max-video-preview:-1"},"canonical":"https:\/\/marekkuchcinski.pl\/sk\/wydarzenia\/powrot-unii-europejskiej-wartosci-zabieganie-o-interesy-polskich-rolnikow-obrona-prawa-rodzicow-wychowania-dzieci-obrona-rownego-traktowania-polskich-firm-korzystny-dla-polski-budzet-konwe\/","og_locale":"sk_SK","og_type":"article","og_title":"Powr\u00f3t Unii Europejskiej do warto\u015bci, zabieganie o interesy polskich rolnik\u00f3w, obrona prawa rodzic\u00f3w do wychowania dzieci, obrona r\u00f3wnego traktowania polskich firm, korzystny dla Polski bud\u017cet - konwencja wyborcza do PE PiS na Podkarpaciu &#8211; Marek Kuchci\u0144ski","og_description":"W swoim mateczniku &#8211; na Podkarpaciu &#8211; Prawo i Sprawiedliwo\u015b\u0107 rozpocz\u0119\u0142o kampani\u0119 do majowych wybor\u00f3w do Europarlamentu. W\u015br\u00f3d os\u00f3b startuj\u0105cych z pierwszego miejsca s\u0105 mi.in.: wicepremier Beata Szyd\u0142o, Szef MSWiA Joachim Brudzi\u0144ski, wicemarsza\u0142ek Senatu Adam Bielan, Jacek Saryusz-Wolski, Witold Waszczykowski, El\u017cbieta Kruk, Karol Karski, Zdzis\u0142aw Krasnod\u0119bski, minister edukacji Anna Zalewska i Anna Fotyga. Na wczorajszej [&hellip;]","og_url":"https:\/\/marekkuchcinski.pl\/sk\/wydarzenia\/powrot-unii-europejskiej-wartosci-zabieganie-o-interesy-polskich-rolnikow-obrona-prawa-rodzicow-wychowania-dzieci-obrona-rownego-traktowania-polskich-firm-korzystny-dla-polski-budzet-konwe\/","og_site_name":"Marek Kuchci\u0144ski","article_published_time":"2019-03-10T10:50:42+00:00","article_modified_time":"2019-03-11T14:53:23+00:00","og_image":[{"width":2048,"height":1394,"url":"https:\/\/marekkuchcinski.pl\/wp-content\/uploads\/2019\/03\/IMG_8102-1.jpg","type":"image\/jpeg"}],"author":"admin","twitter_card":"summary_large_image","twitter_misc":{"Autor":"admin","Predpokladan\u00fd \u010das \u010d\u00edtania":"5 min\u00fat"},"schema":{"@context":"https:\/\/schema.org","@graph":[{"@type":"Article","@id":"https:\/\/marekkuchcinski.pl\/wydarzenia\/powrot-unii-europejskiej-wartosci-zabieganie-o-interesy-polskich-rolnikow-obrona-prawa-rodzicow-wychowania-dzieci-obrona-rownego-traktowania-polskich-firm-korzystny-dla-polski-budzet-konwe\/#article","isPartOf":{"@id":"https:\/\/marekkuchcinski.pl\/wydarzenia\/powrot-unii-europejskiej-wartosci-zabieganie-o-interesy-polskich-rolnikow-obrona-prawa-rodzicow-wychowania-dzieci-obrona-rownego-traktowania-polskich-firm-korzystny-dla-polski-budzet-konwe\/"},"author":{"name":"admin","@id":"https:\/\/marekkuchcinski.pl\/#\/schema\/person\/6f62700996b4d950b6ea2d1183b6c6be"},"headline":"Powr\u00f3t Unii Europejskiej do warto\u015bci, zabieganie o interesy polskich rolnik\u00f3w, obrona prawa rodzic\u00f3w do wychowania dzieci, obrona r\u00f3wnego traktowania polskich firm, korzystny dla Polski bud\u017cet &#8211; konwencja wyborcza do PE PiS na Podkarpaciu","datePublished":"2019-03-10T10:50:42+00:00","dateModified":"2019-03-11T14:53:23+00:00","mainEntityOfPage":{"@id":"https:\/\/marekkuchcinski.pl\/wydarzenia\/powrot-unii-europejskiej-wartosci-zabieganie-o-interesy-polskich-rolnikow-obrona-prawa-rodzicow-wychowania-dzieci-obrona-rownego-traktowania-polskich-firm-korzystny-dla-polski-budzet-konwe\/"},"wordCount":1118,"commentCount":0,"publisher":{"@id":"https:\/\/marekkuchcinski.pl\/#organization"},"image":{"@id":"https:\/\/marekkuchcinski.pl\/wydarzenia\/powrot-unii-europejskiej-wartosci-zabieganie-o-interesy-polskich-rolnikow-obrona-prawa-rodzicow-wychowania-dzieci-obrona-rownego-traktowania-polskich-firm-korzystny-dla-polski-budzet-konwe\/#primaryimage"},"thumbnailUrl":"https:\/\/marekkuchcinski.pl\/wp-content\/uploads\/2019\/03\/IMG_8102-1.jpg","articleSection":["Podkarpacie","Prawo i Sprawiedliwo\u015b\u0107","Wydarzenia"],"inLanguage":"sk-SK","potentialAction":[{"@type":"CommentAction","name":"Comment","target":["https:\/\/marekkuchcinski.pl\/wydarzenia\/powrot-unii-europejskiej-wartosci-zabieganie-o-interesy-polskich-rolnikow-obrona-prawa-rodzicow-wychowania-dzieci-obrona-rownego-traktowania-polskich-firm-korzystny-dla-polski-budzet-konwe\/#respond"]}]},{"@type":"WebPage","@id":"https:\/\/marekkuchcinski.pl\/wydarzenia\/powrot-unii-europejskiej-wartosci-zabieganie-o-interesy-polskich-rolnikow-obrona-prawa-rodzicow-wychowania-dzieci-obrona-rownego-traktowania-polskich-firm-korzystny-dla-polski-budzet-konwe\/","url":"https:\/\/marekkuchcinski.pl\/wydarzenia\/powrot-unii-europejskiej-wartosci-zabieganie-o-interesy-polskich-rolnikow-obrona-prawa-rodzicow-wychowania-dzieci-obrona-rownego-traktowania-polskich-firm-korzystny-dla-polski-budzet-konwe\/","name":"Powr\u00f3t Unii Europejskiej do warto\u015bci, zabieganie o interesy polskich rolnik\u00f3w, obrona prawa rodzic\u00f3w do wychowania dzieci, obrona r\u00f3wnego traktowania polskich firm, korzystny dla Polski bud\u017cet - konwencja wyborcza do PE PiS na Podkarpaciu &#8211; Marek Kuchci\u0144ski","isPartOf":{"@id":"https:\/\/marekkuchcinski.pl\/#website"},"primaryImageOfPage":{"@id":"https:\/\/marekkuchcinski.pl\/wydarzenia\/powrot-unii-europejskiej-wartosci-zabieganie-o-interesy-polskich-rolnikow-obrona-prawa-rodzicow-wychowania-dzieci-obrona-rownego-traktowania-polskich-firm-korzystny-dla-polski-budzet-konwe\/#primaryimage"},"image":{"@id":"https:\/\/marekkuchcinski.pl\/wydarzenia\/powrot-unii-europejskiej-wartosci-zabieganie-o-interesy-polskich-rolnikow-obrona-prawa-rodzicow-wychowania-dzieci-obrona-rownego-traktowania-polskich-firm-korzystny-dla-polski-budzet-konwe\/#primaryimage"},"thumbnailUrl":"https:\/\/marekkuchcinski.pl\/wp-content\/uploads\/2019\/03\/IMG_8102-1.jpg","datePublished":"2019-03-10T10:50:42+00:00","dateModified":"2019-03-11T14:53:23+00:00","breadcrumb":{"@id":"https:\/\/marekkuchcinski.pl\/wydarzenia\/powrot-unii-europejskiej-wartosci-zabieganie-o-interesy-polskich-rolnikow-obrona-prawa-rodzicow-wychowania-dzieci-obrona-rownego-traktowania-polskich-firm-korzystny-dla-polski-budzet-konwe\/#breadcrumb"},"inLanguage":"sk-SK","potentialAction":[{"@type":"ReadAction","target":["https:\/\/marekkuchcinski.pl\/wydarzenia\/powrot-unii-europejskiej-wartosci-zabieganie-o-interesy-polskich-rolnikow-obrona-prawa-rodzicow-wychowania-dzieci-obrona-rownego-traktowania-polskich-firm-korzystny-dla-polski-budzet-konwe\/"]}]},{"@type":"ImageObject","inLanguage":"sk-SK","@id":"https:\/\/marekkuchcinski.pl\/wydarzenia\/powrot-unii-europejskiej-wartosci-zabieganie-o-interesy-polskich-rolnikow-obrona-prawa-rodzicow-wychowania-dzieci-obrona-rownego-traktowania-polskich-firm-korzystny-dla-polski-budzet-konwe\/#primaryimage","url":"https:\/\/marekkuchcinski.pl\/wp-content\/uploads\/2019\/03\/IMG_8102-1.jpg","contentUrl":"https:\/\/marekkuchcinski.pl\/wp-content\/uploads\/2019\/03\/IMG_8102-1.jpg","width":2048,"height":1394},{"@type":"BreadcrumbList","@id":"https:\/\/marekkuchcinski.pl\/wydarzenia\/powrot-unii-europejskiej-wartosci-zabieganie-o-interesy-polskich-rolnikow-obrona-prawa-rodzicow-wychowania-dzieci-obrona-rownego-traktowania-polskich-firm-korzystny-dla-polski-budzet-konwe\/#breadcrumb","itemListElement":[{"@type":"ListItem","position":1,"name":"Strona g\u0142\u00f3wna","item":"https:\/\/marekkuchcinski.pl\/"},{"@type":"ListItem","position":2,"name":"Powr\u00f3t Unii Europejskiej do warto\u015bci, zabieganie o interesy polskich rolnik\u00f3w, obrona prawa rodzic\u00f3w do wychowania dzieci, obrona r\u00f3wnego traktowania polskich firm, korzystny dla Polski bud\u017cet &#8211; konwencja wyborcza do PE PiS na Podkarpaciu"}]},{"@type":"WebSite","@id":"https:\/\/marekkuchcinski.pl\/#website","url":"https:\/\/marekkuchcinski.pl\/","name":"Marek Kuchci\u0144ski","description":"Pose\u0142 na sejm RP &ndash; okr\u0119g nr 22","publisher":{"@id":"https:\/\/marekkuchcinski.pl\/#organization"},"potentialAction":[{"@type":"SearchAction","target":{"@type":"EntryPoint","urlTemplate":"https:\/\/marekkuchcinski.pl\/?s={search_term_string}"},"query-input":{"@type":"PropertyValueSpecification","valueRequired":true,"valueName":"search_term_string"}}],"inLanguage":"sk-SK"},{"@type":"Organization","@id":"https:\/\/marekkuchcinski.pl\/#organization","name":"Marek Kuchci\u0144ski","url":"https:\/\/marekkuchcinski.pl\/","logo":{"@type":"ImageObject","inLanguage":"sk-SK","@id":"https:\/\/marekkuchcinski.pl\/#\/schema\/logo\/image\/","url":"https:\/\/marekkuchcinski.pl\/wp-content\/uploads\/2022\/09\/Marek.jpg","contentUrl":"https:\/\/marekkuchcinski.pl\/wp-content\/uploads\/2022\/09\/Marek.jpg","width":1600,"height":971,"caption":"Marek Kuchci\u0144ski"},"image":{"@id":"https:\/\/marekkuchcinski.pl\/#\/schema\/logo\/image\/"}},{"@type":"Person","@id":"https:\/\/marekkuchcinski.pl\/#\/schema\/person\/6f62700996b4d950b6ea2d1183b6c6be","name":"admin","image":{"@type":"ImageObject","inLanguage":"sk-SK","@id":"https:\/\/marekkuchcinski.pl\/#\/schema\/person\/image\/","url":"https:\/\/secure.gravatar.com\/avatar\/4bab693b9d55c3d6b52c0296a8765085?s=96&d=mm&r=g","contentUrl":"https:\/\/secure.gravatar.com\/avatar\/4bab693b9d55c3d6b52c0296a8765085?s=96&d=mm&r=g","caption":"admin"},"url":"https:\/\/marekkuchcinski.pl\/sk\/author\/marta-olejnik\/"}]}},"_links":{"self":[{"href":"https:\/\/marekkuchcinski.pl\/sk\/wp-json\/wp\/v2\/posts\/13544","targetHints":{"allow":["GET"]}}],"collection":[{"href":"https:\/\/marekkuchcinski.pl\/sk\/wp-json\/wp\/v2\/posts"}],"about":[{"href":"https:\/\/marekkuchcinski.pl\/sk\/wp-json\/wp\/v2\/types\/post"}],"author":[{"embeddable":true,"href":"https:\/\/marekkuchcinski.pl\/sk\/wp-json\/wp\/v2\/users\/6"}],"replies":[{"embeddable":true,"href":"https:\/\/marekkuchcinski.pl\/sk\/wp-json\/wp\/v2\/comments?post=13544"}],"version-history":[{"count":30,"href":"https:\/\/marekkuchcinski.pl\/sk\/wp-json\/wp\/v2\/posts\/13544\/revisions"}],"predecessor-version":[{"id":13651,"href":"https:\/\/marekkuchcinski.pl\/sk\/wp-json\/wp\/v2\/posts\/13544\/revisions\/13651"}],"wp:featuredmedia":[{"embeddable":true,"href":"https:\/\/marekkuchcinski.pl\/sk\/wp-json\/wp\/v2\/media\/13581"}],"wp:attachment":[{"href":"https:\/\/marekkuchcinski.pl\/sk\/wp-json\/wp\/v2\/media?parent=13544"}],"wp:term":[{"taxonomy":"category","embeddable":true,"href":"https:\/\/marekkuchcinski.pl\/sk\/wp-json\/wp\/v2\/categories?post=13544"},{"taxonomy":"post_tag","embeddable":true,"href":"https:\/\/marekkuchcinski.pl\/sk\/wp-json\/wp\/v2\/tags?post=13544"}],"curies":[{"name":"wp","href":"https:\/\/api.w.org\/{rel}","templated":true}]}}