{"id":13510,"date":"2019-03-10T13:36:09","date_gmt":"2019-03-10T12:36:09","guid":{"rendered":"https:\/\/marekkuchcinski.pl\/?p=13510"},"modified":"2019-03-08T13:38:09","modified_gmt":"2019-03-08T12:38:09","slug":"uroczystosci-upamietniajace-75-rocznice-ludobojstwa-hucie-pieniackiej-korosciatynie-oraz-innych-miejscowosciach-kresach-podkarpaciu","status":"publish","type":"post","link":"https:\/\/marekkuchcinski.pl\/sk\/bez-kategorii\/lms\/uroczystosci-upamietniajace-75-rocznice-ludobojstwa-hucie-pieniackiej-korosciatynie-oraz-innych-miejscowosciach-kresach-podkarpaciu\/","title":{"rendered":"Oslavy 75. v\u00fdro\u010dia genoc\u00eddy v Hute Pieniackej, Korostatyni a na \u010fal\u0161\u00edch miestach Kresov a Podkarpatska"},"content":{"rendered":"<p><em>\u00a0<\/em><\/p>\n<p><strong><em>P\u00e1n<\/em><\/strong><\/p>\n<p><strong><em>\u00a0Stanislaw Szarzynski<\/em><\/strong><\/p>\n<p><strong><em>Predseda zdru\u017eenia<\/em><\/strong><\/p>\n<p><strong><em>\u00a0Spomienka na po\u013esk\u00e9 Termopyly a pohrani\u010die<\/em><\/strong><\/p>\n<p><strong><em>a Klub katol\u00edckej inteligencie <\/em><\/strong><\/p>\n<p><strong><em>v meste Przemy\u015bl<\/em><\/strong><\/p>\n<p><em>\u00a0<\/em><\/p>\n<p><em>\u00a0<\/em><\/p>\n<p><em>V\u00e1\u017een\u00fd p\u00e1n predseda,<\/em><\/p>\n<p><em>\u010eakujem za pozvanie na spomienkov\u00e9 podujatia pri pr\u00edle\u017eitosti 75. v\u00fdro\u010dia genoc\u00eddy v Hute Pieniackej a Korostatyni a na \u010fal\u0161\u00edch miestach v Kresoch a Podkarpatskej Rusi. <\/em><\/p>\n<p><em>Zlo\u010diny ukrajinsk\u00fdch nacionalistov proti po\u013esk\u00e9mu obyvate\u013estvu boli na nieko\u013eko desa\u0165ro\u010d\u00ed vymazan\u00e9 zo str\u00e1nok na\u0161ich dej\u00edn. Bolo zak\u00e1zan\u00e9 hovori\u0165 o be\u0161ti\u00e1lnych masakroch p\u00e1chan\u00fdch na obyvate\u013eoch po\u013esk\u00fdch miest a ded\u00edn. T\u00ed nieko\u013ek\u00ed, ktor\u00ed z\u00e1zrakom unikli smrti, si v srdci v\u017edy niesli obrazy t\u00fdchto hrozn\u00fdch zlo\u010dinov a boles\u0165 zo straty bl\u00edzkych umoc\u0148ovala \u013eahostajnos\u0165 \u00faradov.<\/em><\/p>\n<p><em>Existovalo sprisahanie ml\u010dania, z\u00e1kaz hovori\u0165 pravdu o t\u00fdchto udalostiach. Ani p\u00e1chatelia zlo\u010dinov na nevinn\u00fdch de\u0165och, \u017een\u00e1ch a star\u00fdch \u013eu\u010foch neboli nikdy potrestan\u00ed tak, ako si zasl\u00fa\u017eili. <\/em><\/p>\n<p><em>Spomienkov\u00e9 sl\u00e1vnosti, ktor\u00e9 sa konaj\u00fa v Przemy\u015bli pri pr\u00edle\u017eitosti 75. v\u00fdro\u010dia genoc\u00eddy v Hute Pieniackej a Korostatyni, ako aj na \u010fal\u0161\u00edch miestach v Kresoch a Podkarpatskej Rusi, sved\u010dia o tom, \u017ee \u017eiadny poriadok ani \u010das nedok\u00e1zali vymaza\u0165 tento krut\u00fd zlo\u010din z pam\u00e4ti nasleduj\u00facich gener\u00e1ci\u00ed. S ve\u013ekou v\u010fa\u010dnos\u0165ou mysl\u00edm na \u013eud\u00ed, ktor\u00ed po desa\u0165ro\u010dia udr\u017eiavali pravdu pri \u017eivote. Z\u00e1rove\u0148 vyjadrujem uznanie organiz\u00e1torom a \u00fa\u010dastn\u00edkom spomienky na tieto tragick\u00e9 udalosti, pri\u010dom osobitn\u00e9 po\u010fakovanie patr\u00ed z\u00e1stupcom rod\u00edn z Przemysla Kresy.<\/em><\/p>\n<p><em>Ke\u010f\u017ee sa nem\u00f4\u017eem z\u00fa\u010dastni\u0165 na spomienkovej sl\u00e1vnosti spolu s vami, prip\u00e1jam sa k modlitbe t\u00fdmto symbolick\u00fdm sp\u00f4sobom a skl\u00e1\u0148am hlavu pred obe\u0165ami nacionalistick\u00fdch zlo\u010dinov. <\/em><\/p>\n<p><em>\u00a0<\/em><\/p>\n<p><em>\u00a0<\/em><em>\u00a0 S \u00factou<\/em><\/p>\n<p><em>\u00a0<\/em><\/p>\n<p><em>\u00a0<\/em><\/p>\n<p><em>\u00a0<\/em><\/p>\n<p><em>\u00a0 Marek Kuchci\u0144ski<\/em><\/p>","protected":false},"excerpt":{"rendered":"<p>\u00a0 Pan \u00a0Stanis\u0142aw Szarzy\u0144ski Prezes Stowarzyszenia \u00a0Pami\u0119ci Polskich Termopil i Kres\u00f3w oraz Klubu Inteligencji Katolickiej w Przemy\u015blu \u00a0 \u00a0 Szanowny Panie Prezesie, bardzo dzi\u0119kuj\u0119 za zaproszenie do udzia\u0142u w uroczysto\u015bciach upami\u0119tniaj\u0105cych 75. rocznic\u0119 ludob\u00f3jstwa w hucie Pieniackiej i Koro\u015bciatynie oraz innych miejscowo\u015bciach na\u00a0\u00a0Kresach i Podkarpaciu. Zbrodnie nacjonalist\u00f3w ukrai\u0144skich na ludno\u015bci polskiej przez kilkadziesi\u0105t lat by\u0142y [&hellip;]<\/p>\n","protected":false},"author":6,"featured_media":13506,"comment_status":"open","ping_status":"open","sticky":false,"template":"","format":"standard","meta":{"ngg_post_thumbnail":0,"footnotes":""},"categories":[104],"tags":[],"class_list":["post-13510","post","type-post","status-publish","format-standard","has-post-thumbnail","hentry","category-lms"],"_links":{"self":[{"href":"https:\/\/marekkuchcinski.pl\/sk\/wp-json\/wp\/v2\/posts\/13510","targetHints":{"allow":["GET"]}}],"collection":[{"href":"https:\/\/marekkuchcinski.pl\/sk\/wp-json\/wp\/v2\/posts"}],"about":[{"href":"https:\/\/marekkuchcinski.pl\/sk\/wp-json\/wp\/v2\/types\/post"}],"author":[{"embeddable":true,"href":"https:\/\/marekkuchcinski.pl\/sk\/wp-json\/wp\/v2\/users\/6"}],"replies":[{"embeddable":true,"href":"https:\/\/marekkuchcinski.pl\/sk\/wp-json\/wp\/v2\/comments?post=13510"}],"version-history":[{"count":1,"href":"https:\/\/marekkuchcinski.pl\/sk\/wp-json\/wp\/v2\/posts\/13510\/revisions"}],"predecessor-version":[{"id":13511,"href":"https:\/\/marekkuchcinski.pl\/sk\/wp-json\/wp\/v2\/posts\/13510\/revisions\/13511"}],"wp:featuredmedia":[{"embeddable":true,"href":"https:\/\/marekkuchcinski.pl\/sk\/wp-json\/wp\/v2\/media\/13506"}],"wp:attachment":[{"href":"https:\/\/marekkuchcinski.pl\/sk\/wp-json\/wp\/v2\/media?parent=13510"}],"wp:term":[{"taxonomy":"category","embeddable":true,"href":"https:\/\/marekkuchcinski.pl\/sk\/wp-json\/wp\/v2\/categories?post=13510"},{"taxonomy":"post_tag","embeddable":true,"href":"https:\/\/marekkuchcinski.pl\/sk\/wp-json\/wp\/v2\/tags?post=13510"}],"curies":[{"name":"wp","href":"https:\/\/api.w.org\/{rel}","templated":true}]}}