{"id":13508,"date":"2019-03-10T12:33:06","date_gmt":"2019-03-10T11:33:06","guid":{"rendered":"https:\/\/marekkuchcinski.pl\/?p=13508"},"modified":"2019-03-08T13:35:12","modified_gmt":"2019-03-08T12:35:12","slug":"uroczystosci-upamietniajace-70-rocznice-smierci-mjr-hieronima-dekutowskiego-ps-zapora","status":"publish","type":"post","link":"https:\/\/marekkuchcinski.pl\/sk\/bez-kategorii\/lms\/uroczystosci-upamietniajace-70-rocznice-smierci-mjr-hieronima-dekutowskiego-ps-zapora\/","title":{"rendered":"Sl\u00e1vnosti pri pr\u00edle\u017eitosti 70. v\u00fdro\u010dia \u00famrtia majora Hieronyma Dekutowsk\u00e9ho, pseud. Zapora"},"content":{"rendered":"<p>&nbsp;<\/p>\n<p><strong>\u00a0\u00a0\u00a0\u00a0\u00a0\u00a0\u00a0 P\u00e1n <\/strong><\/p>\n<p><strong>\u00a0\u00a0\u00a0\u00a0\u00a0\u00a0\u00a0 Jan J\u00f3zef Kasprzyk<\/strong><\/p>\n<p><strong>\u00a0\u00a0\u00a0\u00a0\u00a0\u00a0\u00a0 Ved\u00faci \u00daradu pre z\u00e1le\u017eitosti veter\u00e1nov<\/strong><\/p>\n<p><strong>\u00a0\u00a0\u00a0\u00a0\u00a0\u00a0\u00a0 a osoby vystaven\u00e9 represii<\/strong><\/p>\n<p>&nbsp;<\/p>\n<p>&nbsp;<\/p>\n<p>V\u00e1\u017een\u00fd p\u00e1n minister,<\/p>\n<p>&nbsp;<\/p>\n<p>Chcel by som sa v\u00e1m po\u010fakova\u0165 za pozvanie na sl\u00e1vnostn\u00fa cerem\u00f3niu pri pr\u00edle\u017eitosti 70. v\u00fdro\u010dia smrti majora Hieronyma Dekutowsk\u00e9ho alias Zaporu - postavy, na ktor\u00fa sa roky zab\u00fadalo alebo bola dokonca vymazan\u00e1 z po\u013esk\u00fdch dej\u00edn. V s\u00fa\u010dasnosti sa v\u0161ak vracia do v\u0161eobecnej pam\u00e4ti Poliakov. Major \"Z\u00e1por\" si rovnako ako ostatn\u00ed vojaci, ktor\u00ed \u010delili sovietskej agresii, zasl\u00fa\u017ei \u010des\u0165 a \u00factu.<\/p>\n<p>Hieronim Dekutowski nes\u00fahlasil s totalitnou mocou, so \u017eivotom v komunistickej porobe. U\u017e v roku 1944 za\u010dal nerovn\u00fd boj so sovietskym okupantom. V st\u00e1vke bola sloboda a suverenita jeho vlasti a cenou bol jeho \u017eivot. Jeho odvaha a stato\u010dnos\u0165 mu nepriniesli zasl\u00fa\u017een\u00fa sl\u00e1vu, ale nev\u00fdslovn\u00e9 utrpenie. Smr\u0165 pri\u0161la po mesiacoch nemilosrdn\u00fdch a brut\u00e1lnych v\u00fdsluchov vo v\u00e4zenskej cele v Mokotove. Cie\u013eom re\u017eimov\u00fdch org\u00e1nov bolo zastra\u0161i\u0165 a zotro\u010di\u0165 po\u013esk\u00fa spolo\u010dnos\u0165, zlomi\u0165 ducha slobody a t\u00fa\u017eby po nez\u00e1vislosti, vybudova\u0165 \u017eivot bez kres\u0165ansk\u00fdch a n\u00e1rodn\u00fdch hodn\u00f4t.<\/p>\n<p>Dnes mus\u00edme urobi\u0165 v\u0161etko, \u010do je v na\u0161ich sil\u00e1ch, aby sme zabezpe\u010dili, \u017ee my\u0161lienky, ktor\u00e9 boli nadobudnut\u00e9 utrpen\u00edm, sa nav\u017edy zap\u00ed\u0161u do vedomia s\u00fa\u010dasn\u00fdch a bud\u00facich gener\u00e1ci\u00ed. Nesmieme sa dopusti\u0165 hriechu zabudnutia a na\u0161a v\u010fa\u010dnos\u0165 t\u00fdm, ktor\u00ed br\u00e1nili nez\u00e1vislos\u0165 \u0161t\u00e1tu, by mala by\u0165 zap\u00edsan\u00e1 hlboko v na\u0161ich srdciach.<\/p>\n<p>Chcel by som sa v\u00e1m \u00faprimne po\u010fakova\u0165 za obnovenie pamiatky na Nebojuj\u00facich vojakov a za \u0161\u00edrenie pravdy a poznatkov o nich.<\/p>\n<p>Sklonen\u00edm hlavy im vzd\u00e1vam n\u00e1le\u017eit\u00fa \u00factu.<\/p>\n<p>&nbsp;<\/p>\n<p>&nbsp;<\/p>\n<p>&nbsp;<\/p>\n<p>Marek Kuchci\u0144ski<\/p>","protected":false},"excerpt":{"rendered":"<p>&nbsp; \u00a0\u00a0\u00a0\u00a0\u00a0\u00a0\u00a0 Pan \u00a0\u00a0\u00a0\u00a0\u00a0\u00a0\u00a0 Jan J\u00f3zef Kasprzyk \u00a0\u00a0\u00a0\u00a0\u00a0\u00a0\u00a0 Szef Urz\u0119du do Spraw Kombatant\u00f3w \u00a0\u00a0\u00a0\u00a0\u00a0\u00a0\u00a0 i Os\u00f3b Represjonowanych &nbsp; &nbsp; Szanowny Panie Ministrze, &nbsp; dzi\u0119kuj\u0119 za zaproszenie na uroczysto\u015bci upami\u0119tniaj\u0105ce 70. rocznic\u0119 \u015bmierci mjr.\u00a0Hieronima Dekutowskiego ps. Zapora &#8211; postaci przez lata zapomnianej wr\u0119cz wymazanej z polskiej historii. Obecnie za\u015b przywracanej powszechnej pami\u0119ci Polak\u00f3w. Majorowi \u201eZaporze\u201d podobnie [&hellip;]<\/p>\n","protected":false},"author":6,"featured_media":13506,"comment_status":"open","ping_status":"open","sticky":false,"template":"","format":"standard","meta":{"ngg_post_thumbnail":0,"footnotes":""},"categories":[104],"tags":[],"class_list":["post-13508","post","type-post","status-publish","format-standard","has-post-thumbnail","hentry","category-lms"],"_links":{"self":[{"href":"https:\/\/marekkuchcinski.pl\/sk\/wp-json\/wp\/v2\/posts\/13508","targetHints":{"allow":["GET"]}}],"collection":[{"href":"https:\/\/marekkuchcinski.pl\/sk\/wp-json\/wp\/v2\/posts"}],"about":[{"href":"https:\/\/marekkuchcinski.pl\/sk\/wp-json\/wp\/v2\/types\/post"}],"author":[{"embeddable":true,"href":"https:\/\/marekkuchcinski.pl\/sk\/wp-json\/wp\/v2\/users\/6"}],"replies":[{"embeddable":true,"href":"https:\/\/marekkuchcinski.pl\/sk\/wp-json\/wp\/v2\/comments?post=13508"}],"version-history":[{"count":1,"href":"https:\/\/marekkuchcinski.pl\/sk\/wp-json\/wp\/v2\/posts\/13508\/revisions"}],"predecessor-version":[{"id":13509,"href":"https:\/\/marekkuchcinski.pl\/sk\/wp-json\/wp\/v2\/posts\/13508\/revisions\/13509"}],"wp:featuredmedia":[{"embeddable":true,"href":"https:\/\/marekkuchcinski.pl\/sk\/wp-json\/wp\/v2\/media\/13506"}],"wp:attachment":[{"href":"https:\/\/marekkuchcinski.pl\/sk\/wp-json\/wp\/v2\/media?parent=13508"}],"wp:term":[{"taxonomy":"category","embeddable":true,"href":"https:\/\/marekkuchcinski.pl\/sk\/wp-json\/wp\/v2\/categories?post=13508"},{"taxonomy":"post_tag","embeddable":true,"href":"https:\/\/marekkuchcinski.pl\/sk\/wp-json\/wp\/v2\/tags?post=13508"}],"curies":[{"name":"wp","href":"https:\/\/api.w.org\/{rel}","templated":true}]}}