{"id":13499,"date":"2019-03-08T13:09:53","date_gmt":"2019-03-08T12:09:53","guid":{"rendered":"https:\/\/marekkuchcinski.pl\/?p=13499"},"modified":"2019-03-08T13:28:58","modified_gmt":"2019-03-08T12:28:58","slug":"uroczyste-obchody-100-rocznicy-bohaterskiej-smierci-plk-leopolda-lisa-kuli","status":"publish","type":"post","link":"https:\/\/marekkuchcinski.pl\/sk\/bez-kategorii\/lms\/uroczyste-obchody-100-rocznicy-bohaterskiej-smierci-plk-leopolda-lisa-kuli\/","title":{"rendered":"Sl\u00e1vnostn\u00e9 oslavy 100. v\u00fdro\u010dia hrdinskej smrti plukovn\u00edka Leopolda Lis-Kulu"},"content":{"rendered":"<h1><\/h1>\n<p><strong>P\u00e1n <\/strong><\/p>\n<p><strong>Jakub Czarnota <\/strong><\/p>\n<p><strong>Vojvodstvo obce \u0141a\u0144cut<\/strong><\/p>\n<p><strong>\u00a0<\/strong><\/p>\n<p>V\u00e1\u017een\u00fd p\u00e1n starosta,<\/p>\n<p>&nbsp;<\/p>\n<p>\u010eakujem za pozvanie na sl\u00e1vnostn\u00fa spomienku pri pr\u00edle\u017eitosti 100. v\u00fdro\u010dia hrdinskej smrti plukovn\u00edka Leopolda Lis-Kulu. Ke\u010f\u017ee som sa tohto podujatia nemohol z\u00fa\u010dastni\u0165, chcel by som vyu\u017ei\u0165 t\u00fato pr\u00edle\u017eitos\u0165 a po\u010fakova\u0165 sa jeho organiz\u00e1torom a \u00fa\u010dastn\u00edkom.  Som tie\u017e presved\u010den\u00fd, \u017ee oslavy v Kos\u00edne - mieste narodenia hrdinsk\u00e9ho legion\u00e1ra z prvej svetovej vojny a obrancu znovuzroden\u00e9ho Po\u013eska v roku 1918 - bud\u00fa ma\u0165 osobitn\u00fd rozmer. Bud\u00fa tie\u017e cenn\u00fdm svedectvom vlastenectva a \u00facty k na\u0161im n\u00e1rodn\u00fdm hrdinom.<\/p>\n<p>Je \u0165a\u017ek\u00e9 uveri\u0165, \u017ee mu\u017e, ktor\u00e9ho \u00faspechy by sa dali zaradi\u0165 do nieko\u013ek\u00fdch \u017eivotopisov, \u017eil len dvadsa\u0165dva rokov. Cel\u00fd mlad\u00edcky \u017eivot Leopolda Lis-Kulu bol naplnen\u00fd \u00fasil\u00edm o dobro vlasti, o nez\u00e1vislos\u0165 Po\u013eska. Jeho ve\u013ek\u00e1 stato\u010dnos\u0165, obdivuhodn\u00e1 zrelos\u0165 a nezlomnos\u0165 vzbudzuj\u00fa obdiv aj dnes. Jeden z najlep\u0161\u00edch a najstato\u010dnej\u0161\u00edch vojakov v dejin\u00e1ch Po\u013eska. Stal sa symbolom boja za slobodn\u00fa vlas\u0165.<\/p>\n<p>\u010eakujem v\u00e1m preto za prejav \u00facty tomuto v\u00fdnimo\u010dn\u00e9mu hrdinovi z Podkarpatska, ktor\u00fd nav\u017edy zostane znakom na\u0161ej komunity a neodmyslite\u013enou s\u00fa\u010das\u0165ou n\u00e1\u0161ho historick\u00e9ho dedi\u010dstva.<\/p>\n<p>E\u0161te raz v\u00e1s srde\u010dne pozdravujem a prajem v\u00e1m ve\u013ea zdravia.<\/p>\n<p>&nbsp;<\/p>\n<p>&nbsp;<\/p>\n<p><em>Marek <\/em><em>Kuchci\u0144ski<\/em><\/p>","protected":false},"excerpt":{"rendered":"<p>Pan Jakub Czarnota W\u00f3jt Gminy \u0141a\u0144cut \u00a0 Szanowny Panie W\u00f3jcie, &nbsp; bardzo dzi\u0119kuj\u0119 za zaproszenie na uroczyste obchody 100.\u00a0 rocznicy bohaterskiej \u015bmierci p\u0142k. Leopolda Lisa-Kuli. Nie mog\u0105c wzi\u0105\u0107 udzia\u0142u w tym wydarzeniu, pragn\u0119 t\u0105 drog\u0105 przekaza\u0107 podzi\u0119kowania jego organizatorom i uczestnikom.\u00a0 Jestem przy tym przekonany, \u017ce uroczysto\u015bci w Kosinie &#8211;\u00a0\u00a0 miejscu, w kt\u00f3rym urodzi\u0142 si\u0119 [&hellip;]<\/p>\n","protected":false},"author":6,"featured_media":13506,"comment_status":"open","ping_status":"open","sticky":false,"template":"","format":"standard","meta":{"ngg_post_thumbnail":0,"footnotes":""},"categories":[104],"tags":[],"class_list":["post-13499","post","type-post","status-publish","format-standard","has-post-thumbnail","hentry","category-lms"],"_links":{"self":[{"href":"https:\/\/marekkuchcinski.pl\/sk\/wp-json\/wp\/v2\/posts\/13499","targetHints":{"allow":["GET"]}}],"collection":[{"href":"https:\/\/marekkuchcinski.pl\/sk\/wp-json\/wp\/v2\/posts"}],"about":[{"href":"https:\/\/marekkuchcinski.pl\/sk\/wp-json\/wp\/v2\/types\/post"}],"author":[{"embeddable":true,"href":"https:\/\/marekkuchcinski.pl\/sk\/wp-json\/wp\/v2\/users\/6"}],"replies":[{"embeddable":true,"href":"https:\/\/marekkuchcinski.pl\/sk\/wp-json\/wp\/v2\/comments?post=13499"}],"version-history":[{"count":1,"href":"https:\/\/marekkuchcinski.pl\/sk\/wp-json\/wp\/v2\/posts\/13499\/revisions"}],"predecessor-version":[{"id":13501,"href":"https:\/\/marekkuchcinski.pl\/sk\/wp-json\/wp\/v2\/posts\/13499\/revisions\/13501"}],"wp:featuredmedia":[{"embeddable":true,"href":"https:\/\/marekkuchcinski.pl\/sk\/wp-json\/wp\/v2\/media\/13506"}],"wp:attachment":[{"href":"https:\/\/marekkuchcinski.pl\/sk\/wp-json\/wp\/v2\/media?parent=13499"}],"wp:term":[{"taxonomy":"category","embeddable":true,"href":"https:\/\/marekkuchcinski.pl\/sk\/wp-json\/wp\/v2\/categories?post=13499"},{"taxonomy":"post_tag","embeddable":true,"href":"https:\/\/marekkuchcinski.pl\/sk\/wp-json\/wp\/v2\/tags?post=13499"}],"curies":[{"name":"wp","href":"https:\/\/api.w.org\/{rel}","templated":true}]}}