{"id":13489,"date":"2019-03-07T15:00:04","date_gmt":"2019-03-07T14:00:04","guid":{"rendered":"https:\/\/marekkuchcinski.pl\/?p=13489"},"modified":"2019-03-08T13:29:52","modified_gmt":"2019-03-08T12:29:52","slug":"obchody-100-rocznicy-smierci-plk-leopolda-lisa-kuli","status":"publish","type":"post","link":"https:\/\/marekkuchcinski.pl\/sk\/bez-kategorii\/lms\/obchody-100-rocznicy-smierci-plk-leopolda-lisa-kuli\/","title":{"rendered":"Oslavy 100. v\u00fdro\u010dia \u00famrtia plukovn\u00edka Leopolda Lis-Kulu"},"content":{"rendered":"<p style=\"text-align: left;\">P\u00e1n in\u0161pektor ZS Marek Matu\u0142a<\/p>\n<p style=\"text-align: left;\">Velite\u013e<\/p>\n<p style=\"text-align: left;\">\u00dastredie<\/p>\n<p style=\"text-align: left;\">Z.S. \"Strzelec\" JP<\/p>\n<p style=\"text-align: left;\">P\u00e1n in\u0161pektor ZS Marek Str\u0105czek<\/p>\n<p style=\"text-align: left;\">Velite\u013e juhov\u00fdchodnej \u010dasti. Okres<\/p>\n<p style=\"text-align: left;\">Z.S. \"Strzelec\" JP<\/p>\n<p><strong>\u00a0<\/strong><\/p>\n<p>D\u00e1my a p\u00e1ni,<\/p>\n<p>&nbsp;<\/p>\n<p>Chcel by som sa v\u00e1m \u00faprimne po\u010fakova\u0165 za pozvanie na oslavy 100. v\u00fdro\u010dia \u00famrtia plukovn\u00edka Leopolda Lis-Kulu. Ke\u010f\u017ee som sa nemohol z\u00fa\u010dastni\u0165 osl\u00e1v, chcel by som vyjadri\u0165 v\u010faku za pestovanie trad\u00edcie slobody a jej \u0161\u00edrenie medzi mlad\u00fdmi gener\u00e1ciami. Dedi\u010dstvo nez\u00e1vislosti je jedn\u00fdm z najd\u00f4le\u017eitej\u0161\u00edch prvkov n\u00e1rodnej identity, puto sp\u00e1jaj\u00face gener\u00e1cie. Toto puto poci\u0165ujeme v d\u0148och v\u00fdro\u010dia silnej\u0161ie ako zvy\u010dajne.<\/p>\n<p>Dnes mysl\u00edme na hrdinu boja za slobodu, plukovn\u00edka Leopolda Lis-Kulu. Na\u0161e srdcia sa p\u00fd\u0161ia hrdos\u0165ou, \u017ee tento v\u00fdnimo\u010dn\u00fd vojak bol synom Podkarpatskej Rusi. Medzi mlad\u00fdmi aj star\u00fdmi vojakmi vzbudzoval ve\u013ek\u00fd re\u0161pekt. Napriek svojmu mladistv\u00e9mu veku sa vyzna\u010doval nezlomnou pevnos\u0165ou a obdivuhodnou vytrvalos\u0165ou. U\u017e po\u010das svojho \u017eivota bol ve\u013ekou legendou, zatia\u013e \u010do po smrti sa stal symbolom vlasteneck\u00fdch hodn\u00f4t a vojensk\u00fdch cnost\u00ed. Za druhej republiky si ho mnoh\u00e9 \u0161koly zvolili za svojho patr\u00f3na. Bol to vidite\u013en\u00fd znak spomienky a z\u00e1rove\u0148 prejav \u00facty mlad\u00e9mu plukovn\u00edkovi.<\/p>\n<p>Leopold Lis-Kula je aj dnes vzorom hodn\u00fdm nasledovania. Jeho odhodlanie, tvrd\u00e1 pr\u00e1ca a vernos\u0165 svojim ide\u00e1lom by mali by\u0165 pre mlad\u00fdch \u013eud\u00ed, ktor\u00ed h\u013eadaj\u00fa svoju cestu \u017eivotom, vzorom.<\/p>\n<p>\u010eakujeme v\u0161etk\u00fdm, ktor\u00ed \u0161\u00edria ide\u00e1ly nez\u00e1vislosti a ctia si pamiatku hrdinov, ktor\u00ed viedli na\u0161u vlas\u0165 k slobode a nez\u00e1vislosti.<\/p>\n<p>&nbsp;<\/p>\n<p>S \u00factou<\/p>\n<p>&nbsp;<\/p>\n<p>&nbsp;<\/p>\n<p>Marek Kuchci\u0144ski<\/p>","protected":false},"excerpt":{"rendered":"<p>Pan insp. ZS Marek Matu\u0142a Komendant Komendy G\u0142\u00f3wnej Z.S. \u201eStrzelec\u201d JP Pan insp. ZS Marek Str\u0105czek Dow\u00f3dca P\u0142d.-Wsch. Okr\u0119gu Z.S. \u201eStrzelec\u201d JP \u00a0 Szanowni Pa\u0144stwo, &nbsp; serdecznie dzi\u0119kuj\u0119 za zaproszenie na obchody 100. rocznicy \u015bmierci p\u0142k. Leopolda Lisa-Kuli. Nie mog\u0105c wzi\u0105\u0107 udzia\u0142u w uroczysto\u015bciach, t\u0105 drog\u0105 chcia\u0142bym przekaza\u0107 wyrazy wdzi\u0119czno\u015bci za kultywowanie wolno\u015bciowej tradycji oraz [&hellip;]<\/p>\n","protected":false},"author":6,"featured_media":13506,"comment_status":"open","ping_status":"open","sticky":false,"template":"","format":"standard","meta":{"ngg_post_thumbnail":0,"footnotes":""},"categories":[104],"tags":[],"class_list":["post-13489","post","type-post","status-publish","format-standard","has-post-thumbnail","hentry","category-lms"],"_links":{"self":[{"href":"https:\/\/marekkuchcinski.pl\/sk\/wp-json\/wp\/v2\/posts\/13489","targetHints":{"allow":["GET"]}}],"collection":[{"href":"https:\/\/marekkuchcinski.pl\/sk\/wp-json\/wp\/v2\/posts"}],"about":[{"href":"https:\/\/marekkuchcinski.pl\/sk\/wp-json\/wp\/v2\/types\/post"}],"author":[{"embeddable":true,"href":"https:\/\/marekkuchcinski.pl\/sk\/wp-json\/wp\/v2\/users\/6"}],"replies":[{"embeddable":true,"href":"https:\/\/marekkuchcinski.pl\/sk\/wp-json\/wp\/v2\/comments?post=13489"}],"version-history":[{"count":8,"href":"https:\/\/marekkuchcinski.pl\/sk\/wp-json\/wp\/v2\/posts\/13489\/revisions"}],"predecessor-version":[{"id":13507,"href":"https:\/\/marekkuchcinski.pl\/sk\/wp-json\/wp\/v2\/posts\/13489\/revisions\/13507"}],"wp:featuredmedia":[{"embeddable":true,"href":"https:\/\/marekkuchcinski.pl\/sk\/wp-json\/wp\/v2\/media\/13506"}],"wp:attachment":[{"href":"https:\/\/marekkuchcinski.pl\/sk\/wp-json\/wp\/v2\/media?parent=13489"}],"wp:term":[{"taxonomy":"category","embeddable":true,"href":"https:\/\/marekkuchcinski.pl\/sk\/wp-json\/wp\/v2\/categories?post=13489"},{"taxonomy":"post_tag","embeddable":true,"href":"https:\/\/marekkuchcinski.pl\/sk\/wp-json\/wp\/v2\/tags?post=13489"}],"curies":[{"name":"wp","href":"https:\/\/api.w.org\/{rel}","templated":true}]}}