{"id":13481,"date":"2019-03-05T19:00:13","date_gmt":"2019-03-05T18:00:13","guid":{"rendered":"https:\/\/marekkuchcinski.pl\/?p=13481"},"modified":"2019-03-05T13:59:21","modified_gmt":"2019-03-05T12:59:21","slug":"rocznicowa-msza-swieta-katynska","status":"publish","type":"post","link":"https:\/\/marekkuchcinski.pl\/sk\/bez-kategorii\/lms\/rocznicowa-msza-swieta-katynska\/","title":{"rendered":"Sv\u00e4t\u00e1 om\u0161a pri pr\u00edle\u017eitosti v\u00fdro\u010dia Katyne"},"content":{"rendered":"<p><strong>P\u00e1n <\/strong><\/p>\n<p><strong>Andrzej Melak<\/strong><\/p>\n<p><strong>Poslanec po\u013esk\u00e9ho parlamentu<\/strong><\/p>\n<p><strong>\u00a0<\/strong><\/p>\n<p><strong>\u00a0\u00a0\u00a0\u00a0\u00a0\u00a0\u00a0\u00a0\u00a0\u00a0\u00a0 <\/strong>V\u00e1\u017een\u00fd p\u00e1n poslanec,<\/p>\n<p>&nbsp;<\/p>\n<p>Bazilika Sv\u00e4t\u00e9ho kr\u00ed\u017ea vo Var\u0161ave sa stala miestom, ktor\u00e9 upokojovalo boles\u0165 a utrpenie po\u013esk\u00fdch rod\u00edn, ktor\u00e9 stratili svojich bl\u00edzkych v \u010falekej cudzej krajine. Komunistick\u00e9 org\u00e1ny dlh\u00e9 desa\u0165ro\u010dia popierali pravdu a neumo\u017enili d\u00f4stojn\u00fa rozl\u00fa\u010dku. V masov\u00fdch hroboch v Katyni, Charkove, Tveri, Mednoje, Bykovni, Kuropate a na \u010fal\u0161\u00edch zatia\u013e nezn\u00e1mych miestach odpo\u010d\u00edvali t\u00ed, ktor\u00ed svojimi vedomos\u0165ami alebo vojenskou oddanos\u0165ou sl\u00fa\u017eili svojej vlasti. Ich smr\u0165 bola s\u00fa\u010das\u0165ou sovietskeho pl\u00e1nu na likvid\u00e1ciu intelektu\u00e1lnych el\u00edt Po\u013eskej republiky, na vyhladenie po\u013esk\u00e9ho n\u00e1roda.<\/p>\n<p>Rovnako bolestiv\u00e1 ako tento zlo\u010din bola aj katynsk\u00e1 lo\u017e. Rodiny roky bojovali za pravdu a nenechali sa zastra\u0161i\u0165 bezpe\u010dnostn\u00fdm apar\u00e1tom. Odvaha a odhodlanie, diktovan\u00e9 l\u00e1skou k najbli\u017e\u0161\u00edm a \u00factou k vlasti, v\u0161tepili Poliakom do v\u0161eobecn\u00e9ho povedomia historick\u00e9 vedomosti. Viedli k postaveniu pam\u00e4tn\u00edkov v krajine a predov\u0161etk\u00fdm na miestach vyhladzovania.<\/p>\n<p>Zavra\u017eden\u00fdm v Katynskom lese sme dl\u017en\u00ed \u00factu a nezmazate\u013en\u00fa pamiatku. Dlhujeme im aj pravdu o genoc\u00edde.<\/p>\n<p>Spolu s veriacimi sa modl\u00edm a skl\u00e1\u0148am sa v \u00facte k obetiam sovietskeho syst\u00e9mu.<\/p>\n<p>&nbsp;<\/p>\n<p>Marek Kuchci\u0144ski<\/p>","protected":false},"excerpt":{"rendered":"<p>Pan Andrzej Melak Pose\u0142 na Sejm RP \u00a0 \u00a0\u00a0\u00a0\u00a0\u00a0\u00a0\u00a0\u00a0\u00a0\u00a0\u00a0 Szanowny Panie Po\u015ble, &nbsp; Bazylika \u015aw. Krzy\u017ca w Warszawie sta\u0142a si\u0119 miejscem ukojenia b\u00f3lu i cierpienia polskich rodzin, kt\u00f3re na dalekiej, obcej ziemi stracili swoich najbli\u017cszych. Przez d\u0142ugie dekady komunistyczne w\u0142adze odmawia\u0142y prawdy, nie pozwala\u0142y r\u00f3wnie\u017c na godne po\u017cegnanie. W\u00a0zbiorowych mogi\u0142ach Katynia, Charkowa, Tweru, Miednoje, Bykowni, [&hellip;]<\/p>","protected":false},"author":6,"featured_media":0,"comment_status":"open","ping_status":"open","sticky":false,"template":"","format":"standard","meta":{"ngg_post_thumbnail":0,"footnotes":""},"categories":[104],"tags":[],"class_list":["post-13481","post","type-post","status-publish","format-standard","hentry","category-lms"],"yoast_head":"<!-- This site is optimized with the Yoast SEO plugin v24.7 - https:\/\/yoast.com\/wordpress\/plugins\/seo\/ -->\n<title>Rocznicowa Msza \u015awi\u0119ta Katy\u0144ska &#8211; Marek Kuchci\u0144ski<\/title>\n<meta name=\"robots\" content=\"index, follow, max-snippet:-1, max-image-preview:large, max-video-preview:-1\" \/>\n<link rel=\"canonical\" href=\"https:\/\/marekkuchcinski.pl\/sk\/bez-kategorii\/lms\/rocznicowa-msza-swieta-katynska\/\" \/>\n<meta property=\"og:locale\" content=\"sk_SK\" \/>\n<meta property=\"og:type\" content=\"article\" \/>\n<meta property=\"og:title\" content=\"Rocznicowa Msza \u015awi\u0119ta Katy\u0144ska &#8211; Marek Kuchci\u0144ski\" \/>\n<meta property=\"og:description\" content=\"Pan Andrzej Melak Pose\u0142 na Sejm RP \u00a0 \u00a0\u00a0\u00a0\u00a0\u00a0\u00a0\u00a0\u00a0\u00a0\u00a0\u00a0 Szanowny Panie Po\u015ble, &nbsp; Bazylika \u015aw. Krzy\u017ca w Warszawie sta\u0142a si\u0119 miejscem ukojenia b\u00f3lu i cierpienia polskich rodzin, kt\u00f3re na dalekiej, obcej ziemi stracili swoich najbli\u017cszych. Przez d\u0142ugie dekady komunistyczne w\u0142adze odmawia\u0142y prawdy, nie pozwala\u0142y r\u00f3wnie\u017c na godne po\u017cegnanie. W\u00a0zbiorowych mogi\u0142ach Katynia, Charkowa, Tweru, Miednoje, Bykowni, [&hellip;]\" \/>\n<meta property=\"og:url\" content=\"https:\/\/marekkuchcinski.pl\/sk\/bez-kategorii\/lms\/rocznicowa-msza-swieta-katynska\/\" \/>\n<meta property=\"og:site_name\" content=\"Marek Kuchci\u0144ski\" \/>\n<meta property=\"article:published_time\" content=\"2019-03-05T18:00:13+00:00\" \/>\n<meta property=\"og:image\" content=\"https:\/\/marekkuchcinski.pl\/wp-content\/uploads\/2022\/09\/Marek.jpg\" \/>\n\t<meta property=\"og:image:width\" content=\"1600\" \/>\n\t<meta property=\"og:image:height\" content=\"971\" \/>\n\t<meta property=\"og:image:type\" content=\"image\/jpeg\" \/>\n<meta name=\"author\" content=\"admin\" \/>\n<meta name=\"twitter:card\" content=\"summary_large_image\" \/>\n<meta name=\"twitter:label1\" content=\"Autor\" \/>\n\t<meta name=\"twitter:data1\" content=\"admin\" \/>\n\t<meta name=\"twitter:label2\" content=\"Predpokladan\u00fd \u010das \u010d\u00edtania\" \/>\n\t<meta name=\"twitter:data2\" content=\"1 min\u00fata\" \/>\n<script type=\"application\/ld+json\" class=\"yoast-schema-graph\">{\"@context\":\"https:\/\/schema.org\",\"@graph\":[{\"@type\":\"Article\",\"@id\":\"https:\/\/marekkuchcinski.pl\/hu\/bez-kategorii\/lms\/rocznicowa-msza-swieta-katynska\/#article\",\"isPartOf\":{\"@id\":\"https:\/\/marekkuchcinski.pl\/hu\/bez-kategorii\/lms\/rocznicowa-msza-swieta-katynska\/\"},\"author\":{\"name\":\"admin\",\"@id\":\"https:\/\/marekkuchcinski.pl\/#\/schema\/person\/6f62700996b4d950b6ea2d1183b6c6be\"},\"headline\":\"Rocznicowa Msza \u015awi\u0119ta Katy\u0144ska\",\"datePublished\":\"2019-03-05T18:00:13+00:00\",\"mainEntityOfPage\":{\"@id\":\"https:\/\/marekkuchcinski.pl\/hu\/bez-kategorii\/lms\/rocznicowa-msza-swieta-katynska\/\"},\"wordCount\":223,\"commentCount\":0,\"publisher\":{\"@id\":\"https:\/\/marekkuchcinski.pl\/#organization\"},\"articleSection\":[\"Listy Marsza\u0142ka Sejmu\"],\"inLanguage\":\"sk-SK\",\"potentialAction\":[{\"@type\":\"CommentAction\",\"name\":\"Comment\",\"target\":[\"https:\/\/marekkuchcinski.pl\/hu\/bez-kategorii\/lms\/rocznicowa-msza-swieta-katynska\/#respond\"]}]},{\"@type\":\"WebPage\",\"@id\":\"https:\/\/marekkuchcinski.pl\/hu\/bez-kategorii\/lms\/rocznicowa-msza-swieta-katynska\/\",\"url\":\"https:\/\/marekkuchcinski.pl\/hu\/bez-kategorii\/lms\/rocznicowa-msza-swieta-katynska\/\",\"name\":\"Rocznicowa Msza \u015awi\u0119ta Katy\u0144ska &#8211; Marek Kuchci\u0144ski\",\"isPartOf\":{\"@id\":\"https:\/\/marekkuchcinski.pl\/#website\"},\"datePublished\":\"2019-03-05T18:00:13+00:00\",\"breadcrumb\":{\"@id\":\"https:\/\/marekkuchcinski.pl\/hu\/bez-kategorii\/lms\/rocznicowa-msza-swieta-katynska\/#breadcrumb\"},\"inLanguage\":\"sk-SK\",\"potentialAction\":[{\"@type\":\"ReadAction\",\"target\":[\"https:\/\/marekkuchcinski.pl\/hu\/bez-kategorii\/lms\/rocznicowa-msza-swieta-katynska\/\"]}]},{\"@type\":\"BreadcrumbList\",\"@id\":\"https:\/\/marekkuchcinski.pl\/hu\/bez-kategorii\/lms\/rocznicowa-msza-swieta-katynska\/#breadcrumb\",\"itemListElement\":[{\"@type\":\"ListItem\",\"position\":1,\"name\":\"Strona g\u0142\u00f3wna\",\"item\":\"https:\/\/marekkuchcinski.pl\/\"},{\"@type\":\"ListItem\",\"position\":2,\"name\":\"Rocznicowa Msza \u015awi\u0119ta Katy\u0144ska\"}]},{\"@type\":\"WebSite\",\"@id\":\"https:\/\/marekkuchcinski.pl\/#website\",\"url\":\"https:\/\/marekkuchcinski.pl\/\",\"name\":\"Marek Kuchci\u0144ski\",\"description\":\"Pose\u0142 na sejm RP &ndash; okr\u0119g nr 22\",\"publisher\":{\"@id\":\"https:\/\/marekkuchcinski.pl\/#organization\"},\"potentialAction\":[{\"@type\":\"SearchAction\",\"target\":{\"@type\":\"EntryPoint\",\"urlTemplate\":\"https:\/\/marekkuchcinski.pl\/?s={search_term_string}\"},\"query-input\":{\"@type\":\"PropertyValueSpecification\",\"valueRequired\":true,\"valueName\":\"search_term_string\"}}],\"inLanguage\":\"sk-SK\"},{\"@type\":\"Organization\",\"@id\":\"https:\/\/marekkuchcinski.pl\/#organization\",\"name\":\"Marek Kuchci\u0144ski\",\"url\":\"https:\/\/marekkuchcinski.pl\/\",\"logo\":{\"@type\":\"ImageObject\",\"inLanguage\":\"sk-SK\",\"@id\":\"https:\/\/marekkuchcinski.pl\/#\/schema\/logo\/image\/\",\"url\":\"https:\/\/marekkuchcinski.pl\/wp-content\/uploads\/2022\/09\/Marek.jpg\",\"contentUrl\":\"https:\/\/marekkuchcinski.pl\/wp-content\/uploads\/2022\/09\/Marek.jpg\",\"width\":1600,\"height\":971,\"caption\":\"Marek Kuchci\u0144ski\"},\"image\":{\"@id\":\"https:\/\/marekkuchcinski.pl\/#\/schema\/logo\/image\/\"}},{\"@type\":\"Person\",\"@id\":\"https:\/\/marekkuchcinski.pl\/#\/schema\/person\/6f62700996b4d950b6ea2d1183b6c6be\",\"name\":\"admin\",\"image\":{\"@type\":\"ImageObject\",\"inLanguage\":\"sk-SK\",\"@id\":\"https:\/\/marekkuchcinski.pl\/#\/schema\/person\/image\/\",\"url\":\"https:\/\/secure.gravatar.com\/avatar\/4bab693b9d55c3d6b52c0296a8765085?s=96&d=mm&r=g\",\"contentUrl\":\"https:\/\/secure.gravatar.com\/avatar\/4bab693b9d55c3d6b52c0296a8765085?s=96&d=mm&r=g\",\"caption\":\"admin\"},\"url\":\"https:\/\/marekkuchcinski.pl\/sk\/author\/marta-olejnik\/\"}]}<\/script>\n<!-- \/ Yoast SEO plugin. -->","yoast_head_json":{"title":"Rocznicowa Msza \u015awi\u0119ta Katy\u0144ska &#8211; Marek Kuchci\u0144ski","robots":{"index":"index","follow":"follow","max-snippet":"max-snippet:-1","max-image-preview":"max-image-preview:large","max-video-preview":"max-video-preview:-1"},"canonical":"https:\/\/marekkuchcinski.pl\/sk\/bez-kategorii\/lms\/rocznicowa-msza-swieta-katynska\/","og_locale":"sk_SK","og_type":"article","og_title":"Rocznicowa Msza \u015awi\u0119ta Katy\u0144ska &#8211; Marek Kuchci\u0144ski","og_description":"Pan Andrzej Melak Pose\u0142 na Sejm RP \u00a0 \u00a0\u00a0\u00a0\u00a0\u00a0\u00a0\u00a0\u00a0\u00a0\u00a0\u00a0 Szanowny Panie Po\u015ble, &nbsp; Bazylika \u015aw. Krzy\u017ca w Warszawie sta\u0142a si\u0119 miejscem ukojenia b\u00f3lu i cierpienia polskich rodzin, kt\u00f3re na dalekiej, obcej ziemi stracili swoich najbli\u017cszych. Przez d\u0142ugie dekady komunistyczne w\u0142adze odmawia\u0142y prawdy, nie pozwala\u0142y r\u00f3wnie\u017c na godne po\u017cegnanie. W\u00a0zbiorowych mogi\u0142ach Katynia, Charkowa, Tweru, Miednoje, Bykowni, [&hellip;]","og_url":"https:\/\/marekkuchcinski.pl\/sk\/bez-kategorii\/lms\/rocznicowa-msza-swieta-katynska\/","og_site_name":"Marek Kuchci\u0144ski","article_published_time":"2019-03-05T18:00:13+00:00","og_image":[{"width":1600,"height":971,"url":"https:\/\/marekkuchcinski.pl\/wp-content\/uploads\/2022\/09\/Marek.jpg","type":"image\/jpeg"}],"author":"admin","twitter_card":"summary_large_image","twitter_misc":{"Autor":"admin","Predpokladan\u00fd \u010das \u010d\u00edtania":"1 min\u00fata"},"schema":{"@context":"https:\/\/schema.org","@graph":[{"@type":"Article","@id":"https:\/\/marekkuchcinski.pl\/hu\/bez-kategorii\/lms\/rocznicowa-msza-swieta-katynska\/#article","isPartOf":{"@id":"https:\/\/marekkuchcinski.pl\/hu\/bez-kategorii\/lms\/rocznicowa-msza-swieta-katynska\/"},"author":{"name":"admin","@id":"https:\/\/marekkuchcinski.pl\/#\/schema\/person\/6f62700996b4d950b6ea2d1183b6c6be"},"headline":"Rocznicowa Msza \u015awi\u0119ta Katy\u0144ska","datePublished":"2019-03-05T18:00:13+00:00","mainEntityOfPage":{"@id":"https:\/\/marekkuchcinski.pl\/hu\/bez-kategorii\/lms\/rocznicowa-msza-swieta-katynska\/"},"wordCount":223,"commentCount":0,"publisher":{"@id":"https:\/\/marekkuchcinski.pl\/#organization"},"articleSection":["Listy Marsza\u0142ka Sejmu"],"inLanguage":"sk-SK","potentialAction":[{"@type":"CommentAction","name":"Comment","target":["https:\/\/marekkuchcinski.pl\/hu\/bez-kategorii\/lms\/rocznicowa-msza-swieta-katynska\/#respond"]}]},{"@type":"WebPage","@id":"https:\/\/marekkuchcinski.pl\/hu\/bez-kategorii\/lms\/rocznicowa-msza-swieta-katynska\/","url":"https:\/\/marekkuchcinski.pl\/hu\/bez-kategorii\/lms\/rocznicowa-msza-swieta-katynska\/","name":"Rocznicowa Msza \u015awi\u0119ta Katy\u0144ska &#8211; Marek Kuchci\u0144ski","isPartOf":{"@id":"https:\/\/marekkuchcinski.pl\/#website"},"datePublished":"2019-03-05T18:00:13+00:00","breadcrumb":{"@id":"https:\/\/marekkuchcinski.pl\/hu\/bez-kategorii\/lms\/rocznicowa-msza-swieta-katynska\/#breadcrumb"},"inLanguage":"sk-SK","potentialAction":[{"@type":"ReadAction","target":["https:\/\/marekkuchcinski.pl\/hu\/bez-kategorii\/lms\/rocznicowa-msza-swieta-katynska\/"]}]},{"@type":"BreadcrumbList","@id":"https:\/\/marekkuchcinski.pl\/hu\/bez-kategorii\/lms\/rocznicowa-msza-swieta-katynska\/#breadcrumb","itemListElement":[{"@type":"ListItem","position":1,"name":"Strona g\u0142\u00f3wna","item":"https:\/\/marekkuchcinski.pl\/"},{"@type":"ListItem","position":2,"name":"Rocznicowa Msza \u015awi\u0119ta Katy\u0144ska"}]},{"@type":"WebSite","@id":"https:\/\/marekkuchcinski.pl\/#website","url":"https:\/\/marekkuchcinski.pl\/","name":"Marek Kuchci\u0144ski","description":"Pose\u0142 na sejm RP &ndash; okr\u0119g nr 22","publisher":{"@id":"https:\/\/marekkuchcinski.pl\/#organization"},"potentialAction":[{"@type":"SearchAction","target":{"@type":"EntryPoint","urlTemplate":"https:\/\/marekkuchcinski.pl\/?s={search_term_string}"},"query-input":{"@type":"PropertyValueSpecification","valueRequired":true,"valueName":"search_term_string"}}],"inLanguage":"sk-SK"},{"@type":"Organization","@id":"https:\/\/marekkuchcinski.pl\/#organization","name":"Marek Kuchci\u0144ski","url":"https:\/\/marekkuchcinski.pl\/","logo":{"@type":"ImageObject","inLanguage":"sk-SK","@id":"https:\/\/marekkuchcinski.pl\/#\/schema\/logo\/image\/","url":"https:\/\/marekkuchcinski.pl\/wp-content\/uploads\/2022\/09\/Marek.jpg","contentUrl":"https:\/\/marekkuchcinski.pl\/wp-content\/uploads\/2022\/09\/Marek.jpg","width":1600,"height":971,"caption":"Marek Kuchci\u0144ski"},"image":{"@id":"https:\/\/marekkuchcinski.pl\/#\/schema\/logo\/image\/"}},{"@type":"Person","@id":"https:\/\/marekkuchcinski.pl\/#\/schema\/person\/6f62700996b4d950b6ea2d1183b6c6be","name":"admin","image":{"@type":"ImageObject","inLanguage":"sk-SK","@id":"https:\/\/marekkuchcinski.pl\/#\/schema\/person\/image\/","url":"https:\/\/secure.gravatar.com\/avatar\/4bab693b9d55c3d6b52c0296a8765085?s=96&d=mm&r=g","contentUrl":"https:\/\/secure.gravatar.com\/avatar\/4bab693b9d55c3d6b52c0296a8765085?s=96&d=mm&r=g","caption":"admin"},"url":"https:\/\/marekkuchcinski.pl\/sk\/author\/marta-olejnik\/"}]}},"_links":{"self":[{"href":"https:\/\/marekkuchcinski.pl\/sk\/wp-json\/wp\/v2\/posts\/13481","targetHints":{"allow":["GET"]}}],"collection":[{"href":"https:\/\/marekkuchcinski.pl\/sk\/wp-json\/wp\/v2\/posts"}],"about":[{"href":"https:\/\/marekkuchcinski.pl\/sk\/wp-json\/wp\/v2\/types\/post"}],"author":[{"embeddable":true,"href":"https:\/\/marekkuchcinski.pl\/sk\/wp-json\/wp\/v2\/users\/6"}],"replies":[{"embeddable":true,"href":"https:\/\/marekkuchcinski.pl\/sk\/wp-json\/wp\/v2\/comments?post=13481"}],"version-history":[{"count":1,"href":"https:\/\/marekkuchcinski.pl\/sk\/wp-json\/wp\/v2\/posts\/13481\/revisions"}],"predecessor-version":[{"id":13482,"href":"https:\/\/marekkuchcinski.pl\/sk\/wp-json\/wp\/v2\/posts\/13481\/revisions\/13482"}],"wp:attachment":[{"href":"https:\/\/marekkuchcinski.pl\/sk\/wp-json\/wp\/v2\/media?parent=13481"}],"wp:term":[{"taxonomy":"category","embeddable":true,"href":"https:\/\/marekkuchcinski.pl\/sk\/wp-json\/wp\/v2\/categories?post=13481"},{"taxonomy":"post_tag","embeddable":true,"href":"https:\/\/marekkuchcinski.pl\/sk\/wp-json\/wp\/v2\/tags?post=13481"}],"curies":[{"name":"wp","href":"https:\/\/api.w.org\/{rel}","templated":true}]}}