{"id":13474,"date":"2019-03-03T14:00:57","date_gmt":"2019-03-03T13:00:57","guid":{"rendered":"https:\/\/marekkuchcinski.pl\/?p=13474"},"modified":"2019-03-03T14:01:13","modified_gmt":"2019-03-03T13:01:13","slug":"13474","status":"publish","type":"post","link":"https:\/\/marekkuchcinski.pl\/sk\/podkarpacie\/13474\/","title":{"rendered":"Eur\u00f3pske po\u013enohospod\u00e1rske f\u00f3rum"},"content":{"rendered":"<p>Krzysztof Podhajski<\/p>\n<p>Predseda Nad\u00e1cie Eur\u00f3psky fond<\/p>\n<p>Po\u013esk\u00e1 agent\u00fara pre rozvoj vidieka m\u00e1 tieto hlavn\u00e9 ciele<\/p>\n<p>&nbsp;<\/p>\n<p>V\u00e1\u017een\u00fd p\u00e1n predseda,<\/p>\n<p>&nbsp;<\/p>\n<p>Chcel by som sa v\u00e1m po\u010fakova\u0165 za pozvanie na Eur\u00f3pske po\u013enohospod\u00e1rske f\u00f3rum a mus\u00edm poveda\u0165, \u017ee ma ve\u013emi pote\u0161ila spr\u00e1va o jeho \u010fal\u0161om ro\u010dn\u00edku. V Jasionke sa po\u010das konferencie osobit\u00fdm sp\u00f4sobom sp\u00e1ja minulos\u0165 a bud\u00facnos\u0165, po\u013enohospod\u00e1rska trad\u00edcia a inov\u00e1cia.  Dovo\u013ete mi preto vzda\u0165 hold inici\u00e1torom a organiz\u00e1torom tohto v\u00fdro\u010dn\u00e9ho stretnutia. Je to f\u00f3rum na v\u00fdmenu n\u00e1zorov na najaktu\u00e1lnej\u0161ie t\u00e9my, pr\u00edle\u017eitos\u0165 prezentova\u0165 modern\u00e9 technologick\u00e9 rie\u0161enia v po\u013enohospod\u00e1rskom sektore a pr\u00edle\u017eitos\u0165 diskutova\u0165 o probl\u00e9moch a spolo\u010dne h\u013eada\u0165 dobr\u00e9 rie\u0161enia. Rie\u0161enia, ktor\u00e9 s\u00fa inovat\u00edvne a z\u00e1rove\u0148 zachov\u00e1vaj\u00fa pr\u00edrodn\u00e9 dedi\u010dstvo.<\/p>\n<p>Chcel by som tie\u017e zablaho\u017eela\u0165 v\u00ed\u0165azom s\u00fa\u0165a\u017ee \"Inovat\u00edvny farm\u00e1r\". Vybran\u00ed v\u00ed\u0165azi s\u00fa pr\u00edkladom toho, \u017ee kreativita v kombin\u00e1cii s odvahou prin\u00e1\u0161a vynikaj\u00face v\u00fdsledky. V\u00ed\u0165azom \u017eel\u00e1m ve\u013ea \u0161\u0165astia v ich \u010fal\u0161ej \u010dinnosti a predov\u0161etk\u00fdm spokojnos\u0165 s ich podnikmi. Moje slov\u00e1 uznania patria laure\u00e1tovi Ceny Jozefa \u015alisza. Toto \u010destn\u00e9 ocenenie je kr\u00e1snym vyznamenan\u00edm a z\u00e1rove\u0148 z\u00e1v\u00e4zkom pracova\u0165 e\u0161te intenz\u00edvnej\u0161ie v prospech in\u00fdch a propagova\u0165 my\u0161lienky bl\u00edzke J\u00f3zefovi \u015aliszovi. \u00daprimne d\u00fafam, \u017ee ocenen\u00ed bud\u00fa zdrojom hrdosti a sily pri svojich bud\u00facich projektoch.<\/p>\n<p>V\u0161etk\u00fdch \u00fa\u010dastn\u00edkov srde\u010dne pozdravujem a prajem im ve\u013ea zdravia.<\/p>\n<p>Marek Kuchci\u0144ski<\/p>","protected":false},"excerpt":{"rendered":"<p>Pan Krzysztof Podhajski Prezes Fundacji Europejski Fundusz Rozwoju Wsi\u00a0 Polskiej &nbsp; Szanowny Panie Prezesie, &nbsp; dzi\u0119kuj\u0119 za zaproszenie na Europejskie Forum Rolnicze i nie ukrywam, \u017ce z du\u017c\u0105 satysfakcj\u0105 przyj\u0105\u0142em wiadomo\u015b\u0107 o kolejnej jego edycji. W Jasionce podczas konferencyjnych obrad w swoisty spos\u00f3b \u0142\u0105czy si\u0119 przesz\u0142o\u015b\u0107 z przysz\u0142o\u015bci\u0105, rolnicza tradycja z\u00a0innowacyjno\u015bci\u0105.\u00a0 Prosz\u0119 wi\u0119c pozwoli\u0107, \u017ce [&hellip;]<\/p>","protected":false},"author":6,"featured_media":13476,"comment_status":"open","ping_status":"open","sticky":false,"template":"","format":"standard","meta":{"ngg_post_thumbnail":0,"footnotes":""},"categories":[104,49],"tags":[],"class_list":["post-13474","post","type-post","status-publish","format-standard","has-post-thumbnail","hentry","category-lms","category-podkarpacie"],"yoast_head":"<!-- This site is optimized with the Yoast SEO plugin v24.7 - https:\/\/yoast.com\/wordpress\/plugins\/seo\/ -->\n<title>Europejskie Forum Rolnicze &#8211; Marek Kuchci\u0144ski<\/title>\n<meta name=\"robots\" content=\"index, follow, max-snippet:-1, max-image-preview:large, max-video-preview:-1\" \/>\n<link rel=\"canonical\" href=\"https:\/\/marekkuchcinski.pl\/sk\/podkarpacie\/13474\/\" \/>\n<meta property=\"og:locale\" content=\"sk_SK\" \/>\n<meta property=\"og:type\" content=\"article\" \/>\n<meta property=\"og:title\" content=\"Europejskie Forum Rolnicze &#8211; Marek Kuchci\u0144ski\" \/>\n<meta property=\"og:description\" content=\"Pan Krzysztof Podhajski Prezes Fundacji Europejski Fundusz Rozwoju Wsi\u00a0 Polskiej &nbsp; Szanowny Panie Prezesie, &nbsp; dzi\u0119kuj\u0119 za zaproszenie na Europejskie Forum Rolnicze i nie ukrywam, \u017ce z du\u017c\u0105 satysfakcj\u0105 przyj\u0105\u0142em wiadomo\u015b\u0107 o kolejnej jego edycji. W Jasionce podczas konferencyjnych obrad w swoisty spos\u00f3b \u0142\u0105czy si\u0119 przesz\u0142o\u015b\u0107 z przysz\u0142o\u015bci\u0105, rolnicza tradycja z\u00a0innowacyjno\u015bci\u0105.\u00a0 Prosz\u0119 wi\u0119c pozwoli\u0107, \u017ce [&hellip;]\" \/>\n<meta property=\"og:url\" content=\"https:\/\/marekkuchcinski.pl\/sk\/podkarpacie\/13474\/\" \/>\n<meta property=\"og:site_name\" content=\"Marek Kuchci\u0144ski\" \/>\n<meta property=\"article:published_time\" content=\"2019-03-03T13:00:57+00:00\" \/>\n<meta property=\"article:modified_time\" content=\"2019-03-03T13:01:13+00:00\" \/>\n<meta property=\"og:image\" content=\"https:\/\/marekkuchcinski.pl\/wp-content\/uploads\/2019\/03\/forumart.jpg\" \/>\n\t<meta property=\"og:image:width\" content=\"780\" \/>\n\t<meta property=\"og:image:height\" content=\"500\" \/>\n\t<meta property=\"og:image:type\" content=\"image\/jpeg\" \/>\n<meta name=\"author\" content=\"admin\" \/>\n<meta name=\"twitter:card\" content=\"summary_large_image\" \/>\n<meta name=\"twitter:label1\" content=\"Autor\" \/>\n\t<meta name=\"twitter:data1\" content=\"admin\" \/>\n\t<meta name=\"twitter:label2\" content=\"Predpokladan\u00fd \u010das \u010d\u00edtania\" \/>\n\t<meta name=\"twitter:data2\" content=\"1 min\u00fata\" \/>\n<script type=\"application\/ld+json\" class=\"yoast-schema-graph\">{\"@context\":\"https:\/\/schema.org\",\"@graph\":[{\"@type\":\"Article\",\"@id\":\"https:\/\/marekkuchcinski.pl\/ro\/podkarpacie\/13474\/#article\",\"isPartOf\":{\"@id\":\"https:\/\/marekkuchcinski.pl\/ro\/podkarpacie\/13474\/\"},\"author\":{\"name\":\"admin\",\"@id\":\"https:\/\/marekkuchcinski.pl\/#\/schema\/person\/6f62700996b4d950b6ea2d1183b6c6be\"},\"headline\":\"Europejskie Forum Rolnicze\",\"datePublished\":\"2019-03-03T13:00:57+00:00\",\"dateModified\":\"2019-03-03T13:01:13+00:00\",\"mainEntityOfPage\":{\"@id\":\"https:\/\/marekkuchcinski.pl\/ro\/podkarpacie\/13474\/\"},\"wordCount\":253,\"commentCount\":0,\"publisher\":{\"@id\":\"https:\/\/marekkuchcinski.pl\/#organization\"},\"image\":{\"@id\":\"https:\/\/marekkuchcinski.pl\/ro\/podkarpacie\/13474\/#primaryimage\"},\"thumbnailUrl\":\"https:\/\/marekkuchcinski.pl\/wp-content\/uploads\/2019\/03\/forumart.jpg\",\"articleSection\":[\"Listy Marsza\u0142ka Sejmu\",\"Podkarpacie\"],\"inLanguage\":\"sk-SK\",\"potentialAction\":[{\"@type\":\"CommentAction\",\"name\":\"Comment\",\"target\":[\"https:\/\/marekkuchcinski.pl\/ro\/podkarpacie\/13474\/#respond\"]}]},{\"@type\":\"WebPage\",\"@id\":\"https:\/\/marekkuchcinski.pl\/ro\/podkarpacie\/13474\/\",\"url\":\"https:\/\/marekkuchcinski.pl\/ro\/podkarpacie\/13474\/\",\"name\":\"Europejskie Forum Rolnicze &#8211; Marek Kuchci\u0144ski\",\"isPartOf\":{\"@id\":\"https:\/\/marekkuchcinski.pl\/#website\"},\"primaryImageOfPage\":{\"@id\":\"https:\/\/marekkuchcinski.pl\/ro\/podkarpacie\/13474\/#primaryimage\"},\"image\":{\"@id\":\"https:\/\/marekkuchcinski.pl\/ro\/podkarpacie\/13474\/#primaryimage\"},\"thumbnailUrl\":\"https:\/\/marekkuchcinski.pl\/wp-content\/uploads\/2019\/03\/forumart.jpg\",\"datePublished\":\"2019-03-03T13:00:57+00:00\",\"dateModified\":\"2019-03-03T13:01:13+00:00\",\"breadcrumb\":{\"@id\":\"https:\/\/marekkuchcinski.pl\/ro\/podkarpacie\/13474\/#breadcrumb\"},\"inLanguage\":\"sk-SK\",\"potentialAction\":[{\"@type\":\"ReadAction\",\"target\":[\"https:\/\/marekkuchcinski.pl\/ro\/podkarpacie\/13474\/\"]}]},{\"@type\":\"ImageObject\",\"inLanguage\":\"sk-SK\",\"@id\":\"https:\/\/marekkuchcinski.pl\/ro\/podkarpacie\/13474\/#primaryimage\",\"url\":\"https:\/\/marekkuchcinski.pl\/wp-content\/uploads\/2019\/03\/forumart.jpg\",\"contentUrl\":\"https:\/\/marekkuchcinski.pl\/wp-content\/uploads\/2019\/03\/forumart.jpg\",\"width\":780,\"height\":500},{\"@type\":\"BreadcrumbList\",\"@id\":\"https:\/\/marekkuchcinski.pl\/ro\/podkarpacie\/13474\/#breadcrumb\",\"itemListElement\":[{\"@type\":\"ListItem\",\"position\":1,\"name\":\"Strona g\u0142\u00f3wna\",\"item\":\"https:\/\/marekkuchcinski.pl\/\"},{\"@type\":\"ListItem\",\"position\":2,\"name\":\"Europejskie Forum Rolnicze\"}]},{\"@type\":\"WebSite\",\"@id\":\"https:\/\/marekkuchcinski.pl\/#website\",\"url\":\"https:\/\/marekkuchcinski.pl\/\",\"name\":\"Marek Kuchci\u0144ski\",\"description\":\"Pose\u0142 na sejm RP &ndash; okr\u0119g nr 22\",\"publisher\":{\"@id\":\"https:\/\/marekkuchcinski.pl\/#organization\"},\"potentialAction\":[{\"@type\":\"SearchAction\",\"target\":{\"@type\":\"EntryPoint\",\"urlTemplate\":\"https:\/\/marekkuchcinski.pl\/?s={search_term_string}\"},\"query-input\":{\"@type\":\"PropertyValueSpecification\",\"valueRequired\":true,\"valueName\":\"search_term_string\"}}],\"inLanguage\":\"sk-SK\"},{\"@type\":\"Organization\",\"@id\":\"https:\/\/marekkuchcinski.pl\/#organization\",\"name\":\"Marek Kuchci\u0144ski\",\"url\":\"https:\/\/marekkuchcinski.pl\/\",\"logo\":{\"@type\":\"ImageObject\",\"inLanguage\":\"sk-SK\",\"@id\":\"https:\/\/marekkuchcinski.pl\/#\/schema\/logo\/image\/\",\"url\":\"https:\/\/marekkuchcinski.pl\/wp-content\/uploads\/2022\/09\/Marek.jpg\",\"contentUrl\":\"https:\/\/marekkuchcinski.pl\/wp-content\/uploads\/2022\/09\/Marek.jpg\",\"width\":1600,\"height\":971,\"caption\":\"Marek Kuchci\u0144ski\"},\"image\":{\"@id\":\"https:\/\/marekkuchcinski.pl\/#\/schema\/logo\/image\/\"}},{\"@type\":\"Person\",\"@id\":\"https:\/\/marekkuchcinski.pl\/#\/schema\/person\/6f62700996b4d950b6ea2d1183b6c6be\",\"name\":\"admin\",\"image\":{\"@type\":\"ImageObject\",\"inLanguage\":\"sk-SK\",\"@id\":\"https:\/\/marekkuchcinski.pl\/#\/schema\/person\/image\/\",\"url\":\"https:\/\/secure.gravatar.com\/avatar\/4bab693b9d55c3d6b52c0296a8765085?s=96&d=mm&r=g\",\"contentUrl\":\"https:\/\/secure.gravatar.com\/avatar\/4bab693b9d55c3d6b52c0296a8765085?s=96&d=mm&r=g\",\"caption\":\"admin\"},\"url\":\"https:\/\/marekkuchcinski.pl\/sk\/author\/marta-olejnik\/\"}]}<\/script>\n<!-- \/ Yoast SEO plugin. -->","yoast_head_json":{"title":"Europejskie Forum Rolnicze &#8211; Marek Kuchci\u0144ski","robots":{"index":"index","follow":"follow","max-snippet":"max-snippet:-1","max-image-preview":"max-image-preview:large","max-video-preview":"max-video-preview:-1"},"canonical":"https:\/\/marekkuchcinski.pl\/sk\/podkarpacie\/13474\/","og_locale":"sk_SK","og_type":"article","og_title":"Europejskie Forum Rolnicze &#8211; Marek Kuchci\u0144ski","og_description":"Pan Krzysztof Podhajski Prezes Fundacji Europejski Fundusz Rozwoju Wsi\u00a0 Polskiej &nbsp; Szanowny Panie Prezesie, &nbsp; dzi\u0119kuj\u0119 za zaproszenie na Europejskie Forum Rolnicze i nie ukrywam, \u017ce z du\u017c\u0105 satysfakcj\u0105 przyj\u0105\u0142em wiadomo\u015b\u0107 o kolejnej jego edycji. W Jasionce podczas konferencyjnych obrad w swoisty spos\u00f3b \u0142\u0105czy si\u0119 przesz\u0142o\u015b\u0107 z przysz\u0142o\u015bci\u0105, rolnicza tradycja z\u00a0innowacyjno\u015bci\u0105.\u00a0 Prosz\u0119 wi\u0119c pozwoli\u0107, \u017ce [&hellip;]","og_url":"https:\/\/marekkuchcinski.pl\/sk\/podkarpacie\/13474\/","og_site_name":"Marek Kuchci\u0144ski","article_published_time":"2019-03-03T13:00:57+00:00","article_modified_time":"2019-03-03T13:01:13+00:00","og_image":[{"width":780,"height":500,"url":"https:\/\/marekkuchcinski.pl\/wp-content\/uploads\/2019\/03\/forumart.jpg","type":"image\/jpeg"}],"author":"admin","twitter_card":"summary_large_image","twitter_misc":{"Autor":"admin","Predpokladan\u00fd \u010das \u010d\u00edtania":"1 min\u00fata"},"schema":{"@context":"https:\/\/schema.org","@graph":[{"@type":"Article","@id":"https:\/\/marekkuchcinski.pl\/ro\/podkarpacie\/13474\/#article","isPartOf":{"@id":"https:\/\/marekkuchcinski.pl\/ro\/podkarpacie\/13474\/"},"author":{"name":"admin","@id":"https:\/\/marekkuchcinski.pl\/#\/schema\/person\/6f62700996b4d950b6ea2d1183b6c6be"},"headline":"Europejskie Forum Rolnicze","datePublished":"2019-03-03T13:00:57+00:00","dateModified":"2019-03-03T13:01:13+00:00","mainEntityOfPage":{"@id":"https:\/\/marekkuchcinski.pl\/ro\/podkarpacie\/13474\/"},"wordCount":253,"commentCount":0,"publisher":{"@id":"https:\/\/marekkuchcinski.pl\/#organization"},"image":{"@id":"https:\/\/marekkuchcinski.pl\/ro\/podkarpacie\/13474\/#primaryimage"},"thumbnailUrl":"https:\/\/marekkuchcinski.pl\/wp-content\/uploads\/2019\/03\/forumart.jpg","articleSection":["Listy Marsza\u0142ka Sejmu","Podkarpacie"],"inLanguage":"sk-SK","potentialAction":[{"@type":"CommentAction","name":"Comment","target":["https:\/\/marekkuchcinski.pl\/ro\/podkarpacie\/13474\/#respond"]}]},{"@type":"WebPage","@id":"https:\/\/marekkuchcinski.pl\/ro\/podkarpacie\/13474\/","url":"https:\/\/marekkuchcinski.pl\/ro\/podkarpacie\/13474\/","name":"Europejskie Forum Rolnicze &#8211; Marek Kuchci\u0144ski","isPartOf":{"@id":"https:\/\/marekkuchcinski.pl\/#website"},"primaryImageOfPage":{"@id":"https:\/\/marekkuchcinski.pl\/ro\/podkarpacie\/13474\/#primaryimage"},"image":{"@id":"https:\/\/marekkuchcinski.pl\/ro\/podkarpacie\/13474\/#primaryimage"},"thumbnailUrl":"https:\/\/marekkuchcinski.pl\/wp-content\/uploads\/2019\/03\/forumart.jpg","datePublished":"2019-03-03T13:00:57+00:00","dateModified":"2019-03-03T13:01:13+00:00","breadcrumb":{"@id":"https:\/\/marekkuchcinski.pl\/ro\/podkarpacie\/13474\/#breadcrumb"},"inLanguage":"sk-SK","potentialAction":[{"@type":"ReadAction","target":["https:\/\/marekkuchcinski.pl\/ro\/podkarpacie\/13474\/"]}]},{"@type":"ImageObject","inLanguage":"sk-SK","@id":"https:\/\/marekkuchcinski.pl\/ro\/podkarpacie\/13474\/#primaryimage","url":"https:\/\/marekkuchcinski.pl\/wp-content\/uploads\/2019\/03\/forumart.jpg","contentUrl":"https:\/\/marekkuchcinski.pl\/wp-content\/uploads\/2019\/03\/forumart.jpg","width":780,"height":500},{"@type":"BreadcrumbList","@id":"https:\/\/marekkuchcinski.pl\/ro\/podkarpacie\/13474\/#breadcrumb","itemListElement":[{"@type":"ListItem","position":1,"name":"Strona g\u0142\u00f3wna","item":"https:\/\/marekkuchcinski.pl\/"},{"@type":"ListItem","position":2,"name":"Europejskie Forum Rolnicze"}]},{"@type":"WebSite","@id":"https:\/\/marekkuchcinski.pl\/#website","url":"https:\/\/marekkuchcinski.pl\/","name":"Marek Kuchci\u0144ski","description":"Pose\u0142 na sejm RP &ndash; okr\u0119g nr 22","publisher":{"@id":"https:\/\/marekkuchcinski.pl\/#organization"},"potentialAction":[{"@type":"SearchAction","target":{"@type":"EntryPoint","urlTemplate":"https:\/\/marekkuchcinski.pl\/?s={search_term_string}"},"query-input":{"@type":"PropertyValueSpecification","valueRequired":true,"valueName":"search_term_string"}}],"inLanguage":"sk-SK"},{"@type":"Organization","@id":"https:\/\/marekkuchcinski.pl\/#organization","name":"Marek Kuchci\u0144ski","url":"https:\/\/marekkuchcinski.pl\/","logo":{"@type":"ImageObject","inLanguage":"sk-SK","@id":"https:\/\/marekkuchcinski.pl\/#\/schema\/logo\/image\/","url":"https:\/\/marekkuchcinski.pl\/wp-content\/uploads\/2022\/09\/Marek.jpg","contentUrl":"https:\/\/marekkuchcinski.pl\/wp-content\/uploads\/2022\/09\/Marek.jpg","width":1600,"height":971,"caption":"Marek Kuchci\u0144ski"},"image":{"@id":"https:\/\/marekkuchcinski.pl\/#\/schema\/logo\/image\/"}},{"@type":"Person","@id":"https:\/\/marekkuchcinski.pl\/#\/schema\/person\/6f62700996b4d950b6ea2d1183b6c6be","name":"admin","image":{"@type":"ImageObject","inLanguage":"sk-SK","@id":"https:\/\/marekkuchcinski.pl\/#\/schema\/person\/image\/","url":"https:\/\/secure.gravatar.com\/avatar\/4bab693b9d55c3d6b52c0296a8765085?s=96&d=mm&r=g","contentUrl":"https:\/\/secure.gravatar.com\/avatar\/4bab693b9d55c3d6b52c0296a8765085?s=96&d=mm&r=g","caption":"admin"},"url":"https:\/\/marekkuchcinski.pl\/sk\/author\/marta-olejnik\/"}]}},"_links":{"self":[{"href":"https:\/\/marekkuchcinski.pl\/sk\/wp-json\/wp\/v2\/posts\/13474","targetHints":{"allow":["GET"]}}],"collection":[{"href":"https:\/\/marekkuchcinski.pl\/sk\/wp-json\/wp\/v2\/posts"}],"about":[{"href":"https:\/\/marekkuchcinski.pl\/sk\/wp-json\/wp\/v2\/types\/post"}],"author":[{"embeddable":true,"href":"https:\/\/marekkuchcinski.pl\/sk\/wp-json\/wp\/v2\/users\/6"}],"replies":[{"embeddable":true,"href":"https:\/\/marekkuchcinski.pl\/sk\/wp-json\/wp\/v2\/comments?post=13474"}],"version-history":[{"count":2,"href":"https:\/\/marekkuchcinski.pl\/sk\/wp-json\/wp\/v2\/posts\/13474\/revisions"}],"predecessor-version":[{"id":13478,"href":"https:\/\/marekkuchcinski.pl\/sk\/wp-json\/wp\/v2\/posts\/13474\/revisions\/13478"}],"wp:featuredmedia":[{"embeddable":true,"href":"https:\/\/marekkuchcinski.pl\/sk\/wp-json\/wp\/v2\/media\/13476"}],"wp:attachment":[{"href":"https:\/\/marekkuchcinski.pl\/sk\/wp-json\/wp\/v2\/media?parent=13474"}],"wp:term":[{"taxonomy":"category","embeddable":true,"href":"https:\/\/marekkuchcinski.pl\/sk\/wp-json\/wp\/v2\/categories?post=13474"},{"taxonomy":"post_tag","embeddable":true,"href":"https:\/\/marekkuchcinski.pl\/sk\/wp-json\/wp\/v2\/tags?post=13474"}],"curies":[{"name":"wp","href":"https:\/\/api.w.org\/{rel}","templated":true}]}}