{"id":13399,"date":"2019-02-28T12:09:23","date_gmt":"2019-02-28T11:09:23","guid":{"rendered":"https:\/\/marekkuchcinski.pl\/?p=13399"},"modified":"2019-02-28T12:11:50","modified_gmt":"2019-02-28T11:11:50","slug":"marek-kuchcinski-75-rocznice-pacyfikacji-huty-pieniackiej-splacany-obecnie-dlug-pamieci-wobec-niewinnych-dzieci-starcow-mezczyzn-kobiet-wszystkich-ktorzy-poniesli-niezasluzona-smierc","status":"publish","type":"post","link":"https:\/\/marekkuchcinski.pl\/sk\/wazne-daty\/marek-kuchcinski-75-rocznice-pacyfikacji-huty-pieniackiej-splacany-obecnie-dlug-pamieci-wobec-niewinnych-dzieci-starcow-mezczyzn-kobiet-wszystkich-ktorzy-poniesli-niezasluzona-smierc\/","title":{"rendered":"Marek Kuchci\u0144ski pri pr\u00edle\u017eitosti 75. v\u00fdro\u010dia pacifik\u00e1cie Huty Pieniacka: Spl\u00e1ca sa dlh pam\u00e4ti nevinn\u00fdm de\u0165om. star\u0161\u00edm \u013eu\u010fom, mu\u017eom a \u017een\u00e1m, v\u0161etk\u00fdm, ktor\u00ed utrpeli nezasl\u00fa\u017een\u00fa smr\u0165"},"content":{"rendered":"<p>28. febru\u00e1ra 1944 bolo v obci Huta Pieniacka zavra\u017eden\u00fdch viac ako tis\u00edc Poliakov. Vy\u0161etrovanie \u00dastavu pam\u00e4ti n\u00e1roda (\u00daPN) preuk\u00e1zalo, \u017ee pacifik\u00e1ciu vykonali ukrajinsk\u00ed dobrovo\u013en\u00edci zo 4. policajn\u00e9ho pluku SS spolu s oddielom Ukrajinskej povstaleckej arm\u00e1dy (UPA) a polovojenskou jednotkou zlo\u017eenou z ukrajinsk\u00fdch nacionalistov.<\/p>\n<p><strong>Pri pr\u00edle\u017eitosti 75. v\u00fdro\u010dia zlo\u010dinu predseda Sejmu Marek Kuchci\u0144ski odovzdal list, ktor\u00fd sa \u010d\u00edtal po\u010das \u0161t\u00e1tnych osl\u00e1v.<\/strong><\/p>\n<p><em>Udalosti z 28. febru\u00e1ra 1944 boli nepredstavite\u013enou trag\u00e9diou nielen pre t\u00fdch, ktor\u00ed pri\u0161li o svojich bl\u00edzkych. Smr\u0165 pribli\u017ene tis\u00edcky \u013eud\u00ed, po\u013esk\u00fdch obyvate\u013eov Huty Pieniacka a \u017didov, ktor\u00fdch ukr\u00fdvali, je pre n\u00e1s v\u0161etk\u00fdch st\u00e1le mimoriadne bolestivou a nezahojenou ranou. Je to o to hlb\u0161ie, \u017ee nieko\u013eko desa\u0165ro\u010d\u00ed existovalo sprisahanie ml\u010dania, z\u00e1kaz hovori\u0165 pravdu o desivej ohavnosti tohto zverstva.<\/em><\/p>\n<p><em>Spomienkov\u00fd dlh, ktor\u00fd sa teraz spl\u00e1ca nevinn\u00fdm de\u0165om. Je to na\u0161a povinnos\u0165 vo\u010di nim a ich rodin\u00e1m. Je to aj na\u0161a povinnos\u0165 vo\u010di bud\u00facnosti, ktor\u00e1 mus\u00ed by\u0165 zalo\u017een\u00e1 na re\u0161pektovan\u00ed hodn\u00f4t, ktor\u00e9 s\u00fa n\u00e1m najdrah\u0161ie, aby sa ni\u010d podobn\u00e9 u\u017e nikdy nezopakovalo.<\/em><\/p>\n<p><em>Som preto v\u010fa\u010dn\u00fd t\u00fdm, ktor\u00ed sa podie\u013eali na pr\u00edprave tejto sl\u00e1vnosti, a v\u0161etk\u00fdm, ktor\u00ed si v\u00e1\u017eia pamiatku tragick\u00e9ho osudu obet\u00ed zlo\u010dinu v Hute Pieniacka.<\/em><\/p>\n<p>&nbsp;<\/p>\n<p><em>S \u00factou<\/em><\/p>\n<p><em>Marek Kuchci\u0144ski<\/em><\/p>\n<p>&nbsp;<\/p>\n<p>&nbsp;<\/p>","protected":false},"excerpt":{"rendered":"<p>28 lutego 1944 roku we wsi\u00a0Huta Pieniacka\u00a0\u00a0dosz\u0142o do mordu na ponad tysi\u0105cu Polak\u00f3w. \u015aledztwo IPN dowiod\u0142o, \u017ce pacyfikacji dokonali ochotnicy ukrai\u0144scy z\u00a04. Pu\u0142ku Policyjnego SS\u00a0wraz z oddzia\u0142em\u00a0UPA\u00a0i sk\u0142adaj\u0105cym si\u0119 z nacjonalist\u00f3w ukrai\u0144skich oddzia\u0142em paramilitarnym. Z okazji 75. rocznicy zbrodni marsza\u0142ek Sejmu Marek Kuchci\u0144ski\u00a0przekaza\u0142 list odczytany podczas pa\u0144stwowych uroczysto\u015bci. Wydarzenia z 28 lutego 1944 roku by\u0142y [&hellip;]<\/p>","protected":false},"author":6,"featured_media":13401,"comment_status":"open","ping_status":"open","sticky":false,"template":"","format":"standard","meta":{"ngg_post_thumbnail":0,"footnotes":""},"categories":[104,77],"tags":[],"class_list":["post-13399","post","type-post","status-publish","format-standard","has-post-thumbnail","hentry","category-lms","category-wazne-daty"],"yoast_head":"<!-- This site is optimized with the Yoast SEO plugin v24.7 - https:\/\/yoast.com\/wordpress\/plugins\/seo\/ -->\n<title>Marek Kuchci\u0144ski w 75. rocznic\u0119 pacyfikacji Huty Pieniackiej: Sp\u0142acany d\u0142ug pami\u0119ci wobec niewinnych dzieci. starc\u00f3w, m\u0119\u017cczyzn i kobiet, wszystkich, kt\u00f3rzy ponie\u015bli niezas\u0142u\u017con\u0105 \u015bmier\u0107 &#8211; Marek Kuchci\u0144ski<\/title>\n<meta name=\"robots\" content=\"index, follow, max-snippet:-1, max-image-preview:large, max-video-preview:-1\" \/>\n<link rel=\"canonical\" href=\"https:\/\/marekkuchcinski.pl\/sk\/wazne-daty\/marek-kuchcinski-75-rocznice-pacyfikacji-huty-pieniackiej-splacany-obecnie-dlug-pamieci-wobec-niewinnych-dzieci-starcow-mezczyzn-kobiet-wszystkich-ktorzy-poniesli-niezasluzona-smierc\/\" \/>\n<meta property=\"og:locale\" content=\"sk_SK\" \/>\n<meta property=\"og:type\" content=\"article\" \/>\n<meta property=\"og:title\" content=\"Marek Kuchci\u0144ski w 75. rocznic\u0119 pacyfikacji Huty Pieniackiej: Sp\u0142acany d\u0142ug pami\u0119ci wobec niewinnych dzieci. starc\u00f3w, m\u0119\u017cczyzn i kobiet, wszystkich, kt\u00f3rzy ponie\u015bli niezas\u0142u\u017con\u0105 \u015bmier\u0107 &#8211; Marek Kuchci\u0144ski\" \/>\n<meta property=\"og:description\" content=\"28 lutego 1944 roku we wsi\u00a0Huta Pieniacka\u00a0\u00a0dosz\u0142o do mordu na ponad tysi\u0105cu Polak\u00f3w. \u015aledztwo IPN dowiod\u0142o, \u017ce pacyfikacji dokonali ochotnicy ukrai\u0144scy z\u00a04. Pu\u0142ku Policyjnego SS\u00a0wraz z oddzia\u0142em\u00a0UPA\u00a0i sk\u0142adaj\u0105cym si\u0119 z nacjonalist\u00f3w ukrai\u0144skich oddzia\u0142em paramilitarnym. Z okazji 75. rocznicy zbrodni marsza\u0142ek Sejmu Marek Kuchci\u0144ski\u00a0przekaza\u0142 list odczytany podczas pa\u0144stwowych uroczysto\u015bci. Wydarzenia z 28 lutego 1944 roku by\u0142y [&hellip;]\" \/>\n<meta property=\"og:url\" content=\"https:\/\/marekkuchcinski.pl\/sk\/wazne-daty\/marek-kuchcinski-75-rocznice-pacyfikacji-huty-pieniackiej-splacany-obecnie-dlug-pamieci-wobec-niewinnych-dzieci-starcow-mezczyzn-kobiet-wszystkich-ktorzy-poniesli-niezasluzona-smierc\/\" \/>\n<meta property=\"og:site_name\" content=\"Marek Kuchci\u0144ski\" \/>\n<meta property=\"article:published_time\" content=\"2019-02-28T11:09:23+00:00\" \/>\n<meta property=\"article:modified_time\" content=\"2019-02-28T11:11:50+00:00\" \/>\n<meta property=\"og:image\" content=\"https:\/\/marekkuchcinski.pl\/wp-content\/uploads\/2019\/02\/huta-p.jpeg\" \/>\n\t<meta property=\"og:image:width\" content=\"422\" \/>\n\t<meta property=\"og:image:height\" content=\"241\" \/>\n\t<meta property=\"og:image:type\" content=\"image\/jpeg\" \/>\n<meta name=\"author\" content=\"admin\" \/>\n<meta name=\"twitter:card\" content=\"summary_large_image\" \/>\n<meta name=\"twitter:label1\" content=\"Autor\" \/>\n\t<meta name=\"twitter:data1\" content=\"admin\" \/>\n\t<meta name=\"twitter:label2\" content=\"Predpokladan\u00fd \u010das \u010d\u00edtania\" \/>\n\t<meta name=\"twitter:data2\" content=\"1 min\u00fata\" \/>\n<script type=\"application\/ld+json\" class=\"yoast-schema-graph\">{\"@context\":\"https:\/\/schema.org\",\"@graph\":[{\"@type\":\"Article\",\"@id\":\"https:\/\/marekkuchcinski.pl\/wazne-daty\/marek-kuchcinski-75-rocznice-pacyfikacji-huty-pieniackiej-splacany-obecnie-dlug-pamieci-wobec-niewinnych-dzieci-starcow-mezczyzn-kobiet-wszystkich-ktorzy-poniesli-niezasluzona-smierc\/#article\",\"isPartOf\":{\"@id\":\"https:\/\/marekkuchcinski.pl\/wazne-daty\/marek-kuchcinski-75-rocznice-pacyfikacji-huty-pieniackiej-splacany-obecnie-dlug-pamieci-wobec-niewinnych-dzieci-starcow-mezczyzn-kobiet-wszystkich-ktorzy-poniesli-niezasluzona-smierc\/\"},\"author\":{\"name\":\"admin\",\"@id\":\"https:\/\/marekkuchcinski.pl\/#\/schema\/person\/6f62700996b4d950b6ea2d1183b6c6be\"},\"headline\":\"Marek Kuchci\u0144ski w 75. rocznic\u0119 pacyfikacji Huty Pieniackiej: Sp\u0142acany d\u0142ug pami\u0119ci wobec niewinnych dzieci. starc\u00f3w, m\u0119\u017cczyzn i kobiet, wszystkich, kt\u00f3rzy ponie\u015bli niezas\u0142u\u017con\u0105 \u015bmier\u0107\",\"datePublished\":\"2019-02-28T11:09:23+00:00\",\"dateModified\":\"2019-02-28T11:11:50+00:00\",\"mainEntityOfPage\":{\"@id\":\"https:\/\/marekkuchcinski.pl\/wazne-daty\/marek-kuchcinski-75-rocznice-pacyfikacji-huty-pieniackiej-splacany-obecnie-dlug-pamieci-wobec-niewinnych-dzieci-starcow-mezczyzn-kobiet-wszystkich-ktorzy-poniesli-niezasluzona-smierc\/\"},\"wordCount\":276,\"commentCount\":0,\"publisher\":{\"@id\":\"https:\/\/marekkuchcinski.pl\/#organization\"},\"image\":{\"@id\":\"https:\/\/marekkuchcinski.pl\/wazne-daty\/marek-kuchcinski-75-rocznice-pacyfikacji-huty-pieniackiej-splacany-obecnie-dlug-pamieci-wobec-niewinnych-dzieci-starcow-mezczyzn-kobiet-wszystkich-ktorzy-poniesli-niezasluzona-smierc\/#primaryimage\"},\"thumbnailUrl\":\"https:\/\/marekkuchcinski.pl\/wp-content\/uploads\/2019\/02\/huta-p.jpeg\",\"articleSection\":[\"Listy Marsza\u0142ka Sejmu\",\"Wa\u017cne daty\"],\"inLanguage\":\"sk-SK\",\"potentialAction\":[{\"@type\":\"CommentAction\",\"name\":\"Comment\",\"target\":[\"https:\/\/marekkuchcinski.pl\/wazne-daty\/marek-kuchcinski-75-rocznice-pacyfikacji-huty-pieniackiej-splacany-obecnie-dlug-pamieci-wobec-niewinnych-dzieci-starcow-mezczyzn-kobiet-wszystkich-ktorzy-poniesli-niezasluzona-smierc\/#respond\"]}]},{\"@type\":\"WebPage\",\"@id\":\"https:\/\/marekkuchcinski.pl\/wazne-daty\/marek-kuchcinski-75-rocznice-pacyfikacji-huty-pieniackiej-splacany-obecnie-dlug-pamieci-wobec-niewinnych-dzieci-starcow-mezczyzn-kobiet-wszystkich-ktorzy-poniesli-niezasluzona-smierc\/\",\"url\":\"https:\/\/marekkuchcinski.pl\/wazne-daty\/marek-kuchcinski-75-rocznice-pacyfikacji-huty-pieniackiej-splacany-obecnie-dlug-pamieci-wobec-niewinnych-dzieci-starcow-mezczyzn-kobiet-wszystkich-ktorzy-poniesli-niezasluzona-smierc\/\",\"name\":\"Marek Kuchci\u0144ski w 75. rocznic\u0119 pacyfikacji Huty Pieniackiej: Sp\u0142acany d\u0142ug pami\u0119ci wobec niewinnych dzieci. starc\u00f3w, m\u0119\u017cczyzn i kobiet, wszystkich, kt\u00f3rzy ponie\u015bli niezas\u0142u\u017con\u0105 \u015bmier\u0107 &#8211; Marek Kuchci\u0144ski\",\"isPartOf\":{\"@id\":\"https:\/\/marekkuchcinski.pl\/#website\"},\"primaryImageOfPage\":{\"@id\":\"https:\/\/marekkuchcinski.pl\/wazne-daty\/marek-kuchcinski-75-rocznice-pacyfikacji-huty-pieniackiej-splacany-obecnie-dlug-pamieci-wobec-niewinnych-dzieci-starcow-mezczyzn-kobiet-wszystkich-ktorzy-poniesli-niezasluzona-smierc\/#primaryimage\"},\"image\":{\"@id\":\"https:\/\/marekkuchcinski.pl\/wazne-daty\/marek-kuchcinski-75-rocznice-pacyfikacji-huty-pieniackiej-splacany-obecnie-dlug-pamieci-wobec-niewinnych-dzieci-starcow-mezczyzn-kobiet-wszystkich-ktorzy-poniesli-niezasluzona-smierc\/#primaryimage\"},\"thumbnailUrl\":\"https:\/\/marekkuchcinski.pl\/wp-content\/uploads\/2019\/02\/huta-p.jpeg\",\"datePublished\":\"2019-02-28T11:09:23+00:00\",\"dateModified\":\"2019-02-28T11:11:50+00:00\",\"breadcrumb\":{\"@id\":\"https:\/\/marekkuchcinski.pl\/wazne-daty\/marek-kuchcinski-75-rocznice-pacyfikacji-huty-pieniackiej-splacany-obecnie-dlug-pamieci-wobec-niewinnych-dzieci-starcow-mezczyzn-kobiet-wszystkich-ktorzy-poniesli-niezasluzona-smierc\/#breadcrumb\"},\"inLanguage\":\"sk-SK\",\"potentialAction\":[{\"@type\":\"ReadAction\",\"target\":[\"https:\/\/marekkuchcinski.pl\/wazne-daty\/marek-kuchcinski-75-rocznice-pacyfikacji-huty-pieniackiej-splacany-obecnie-dlug-pamieci-wobec-niewinnych-dzieci-starcow-mezczyzn-kobiet-wszystkich-ktorzy-poniesli-niezasluzona-smierc\/\"]}]},{\"@type\":\"ImageObject\",\"inLanguage\":\"sk-SK\",\"@id\":\"https:\/\/marekkuchcinski.pl\/wazne-daty\/marek-kuchcinski-75-rocznice-pacyfikacji-huty-pieniackiej-splacany-obecnie-dlug-pamieci-wobec-niewinnych-dzieci-starcow-mezczyzn-kobiet-wszystkich-ktorzy-poniesli-niezasluzona-smierc\/#primaryimage\",\"url\":\"https:\/\/marekkuchcinski.pl\/wp-content\/uploads\/2019\/02\/huta-p.jpeg\",\"contentUrl\":\"https:\/\/marekkuchcinski.pl\/wp-content\/uploads\/2019\/02\/huta-p.jpeg\",\"width\":422,\"height\":241},{\"@type\":\"BreadcrumbList\",\"@id\":\"https:\/\/marekkuchcinski.pl\/wazne-daty\/marek-kuchcinski-75-rocznice-pacyfikacji-huty-pieniackiej-splacany-obecnie-dlug-pamieci-wobec-niewinnych-dzieci-starcow-mezczyzn-kobiet-wszystkich-ktorzy-poniesli-niezasluzona-smierc\/#breadcrumb\",\"itemListElement\":[{\"@type\":\"ListItem\",\"position\":1,\"name\":\"Strona g\u0142\u00f3wna\",\"item\":\"https:\/\/marekkuchcinski.pl\/\"},{\"@type\":\"ListItem\",\"position\":2,\"name\":\"Marek Kuchci\u0144ski w 75. rocznic\u0119 pacyfikacji Huty Pieniackiej: Sp\u0142acany d\u0142ug pami\u0119ci wobec niewinnych dzieci. starc\u00f3w, m\u0119\u017cczyzn i kobiet, wszystkich, kt\u00f3rzy ponie\u015bli niezas\u0142u\u017con\u0105 \u015bmier\u0107\"}]},{\"@type\":\"WebSite\",\"@id\":\"https:\/\/marekkuchcinski.pl\/#website\",\"url\":\"https:\/\/marekkuchcinski.pl\/\",\"name\":\"Marek Kuchci\u0144ski\",\"description\":\"Pose\u0142 na sejm RP &ndash; okr\u0119g nr 22\",\"publisher\":{\"@id\":\"https:\/\/marekkuchcinski.pl\/#organization\"},\"potentialAction\":[{\"@type\":\"SearchAction\",\"target\":{\"@type\":\"EntryPoint\",\"urlTemplate\":\"https:\/\/marekkuchcinski.pl\/?s={search_term_string}\"},\"query-input\":{\"@type\":\"PropertyValueSpecification\",\"valueRequired\":true,\"valueName\":\"search_term_string\"}}],\"inLanguage\":\"sk-SK\"},{\"@type\":\"Organization\",\"@id\":\"https:\/\/marekkuchcinski.pl\/#organization\",\"name\":\"Marek Kuchci\u0144ski\",\"url\":\"https:\/\/marekkuchcinski.pl\/\",\"logo\":{\"@type\":\"ImageObject\",\"inLanguage\":\"sk-SK\",\"@id\":\"https:\/\/marekkuchcinski.pl\/#\/schema\/logo\/image\/\",\"url\":\"https:\/\/marekkuchcinski.pl\/wp-content\/uploads\/2022\/09\/Marek.jpg\",\"contentUrl\":\"https:\/\/marekkuchcinski.pl\/wp-content\/uploads\/2022\/09\/Marek.jpg\",\"width\":1600,\"height\":971,\"caption\":\"Marek Kuchci\u0144ski\"},\"image\":{\"@id\":\"https:\/\/marekkuchcinski.pl\/#\/schema\/logo\/image\/\"}},{\"@type\":\"Person\",\"@id\":\"https:\/\/marekkuchcinski.pl\/#\/schema\/person\/6f62700996b4d950b6ea2d1183b6c6be\",\"name\":\"admin\",\"image\":{\"@type\":\"ImageObject\",\"inLanguage\":\"sk-SK\",\"@id\":\"https:\/\/marekkuchcinski.pl\/#\/schema\/person\/image\/\",\"url\":\"https:\/\/secure.gravatar.com\/avatar\/4bab693b9d55c3d6b52c0296a8765085?s=96&d=mm&r=g\",\"contentUrl\":\"https:\/\/secure.gravatar.com\/avatar\/4bab693b9d55c3d6b52c0296a8765085?s=96&d=mm&r=g\",\"caption\":\"admin\"},\"url\":\"https:\/\/marekkuchcinski.pl\/sk\/author\/marta-olejnik\/\"}]}<\/script>\n<!-- \/ Yoast SEO plugin. -->","yoast_head_json":{"title":"Marek Kuchci\u0144ski w 75. rocznic\u0119 pacyfikacji Huty Pieniackiej: Sp\u0142acany d\u0142ug pami\u0119ci wobec niewinnych dzieci. starc\u00f3w, m\u0119\u017cczyzn i kobiet, wszystkich, kt\u00f3rzy ponie\u015bli niezas\u0142u\u017con\u0105 \u015bmier\u0107 &#8211; Marek Kuchci\u0144ski","robots":{"index":"index","follow":"follow","max-snippet":"max-snippet:-1","max-image-preview":"max-image-preview:large","max-video-preview":"max-video-preview:-1"},"canonical":"https:\/\/marekkuchcinski.pl\/sk\/wazne-daty\/marek-kuchcinski-75-rocznice-pacyfikacji-huty-pieniackiej-splacany-obecnie-dlug-pamieci-wobec-niewinnych-dzieci-starcow-mezczyzn-kobiet-wszystkich-ktorzy-poniesli-niezasluzona-smierc\/","og_locale":"sk_SK","og_type":"article","og_title":"Marek Kuchci\u0144ski w 75. rocznic\u0119 pacyfikacji Huty Pieniackiej: Sp\u0142acany d\u0142ug pami\u0119ci wobec niewinnych dzieci. starc\u00f3w, m\u0119\u017cczyzn i kobiet, wszystkich, kt\u00f3rzy ponie\u015bli niezas\u0142u\u017con\u0105 \u015bmier\u0107 &#8211; Marek Kuchci\u0144ski","og_description":"28 lutego 1944 roku we wsi\u00a0Huta Pieniacka\u00a0\u00a0dosz\u0142o do mordu na ponad tysi\u0105cu Polak\u00f3w. \u015aledztwo IPN dowiod\u0142o, \u017ce pacyfikacji dokonali ochotnicy ukrai\u0144scy z\u00a04. Pu\u0142ku Policyjnego SS\u00a0wraz z oddzia\u0142em\u00a0UPA\u00a0i sk\u0142adaj\u0105cym si\u0119 z nacjonalist\u00f3w ukrai\u0144skich oddzia\u0142em paramilitarnym. Z okazji 75. rocznicy zbrodni marsza\u0142ek Sejmu Marek Kuchci\u0144ski\u00a0przekaza\u0142 list odczytany podczas pa\u0144stwowych uroczysto\u015bci. Wydarzenia z 28 lutego 1944 roku by\u0142y [&hellip;]","og_url":"https:\/\/marekkuchcinski.pl\/sk\/wazne-daty\/marek-kuchcinski-75-rocznice-pacyfikacji-huty-pieniackiej-splacany-obecnie-dlug-pamieci-wobec-niewinnych-dzieci-starcow-mezczyzn-kobiet-wszystkich-ktorzy-poniesli-niezasluzona-smierc\/","og_site_name":"Marek Kuchci\u0144ski","article_published_time":"2019-02-28T11:09:23+00:00","article_modified_time":"2019-02-28T11:11:50+00:00","og_image":[{"width":422,"height":241,"url":"https:\/\/marekkuchcinski.pl\/wp-content\/uploads\/2019\/02\/huta-p.jpeg","type":"image\/jpeg"}],"author":"admin","twitter_card":"summary_large_image","twitter_misc":{"Autor":"admin","Predpokladan\u00fd \u010das \u010d\u00edtania":"1 min\u00fata"},"schema":{"@context":"https:\/\/schema.org","@graph":[{"@type":"Article","@id":"https:\/\/marekkuchcinski.pl\/wazne-daty\/marek-kuchcinski-75-rocznice-pacyfikacji-huty-pieniackiej-splacany-obecnie-dlug-pamieci-wobec-niewinnych-dzieci-starcow-mezczyzn-kobiet-wszystkich-ktorzy-poniesli-niezasluzona-smierc\/#article","isPartOf":{"@id":"https:\/\/marekkuchcinski.pl\/wazne-daty\/marek-kuchcinski-75-rocznice-pacyfikacji-huty-pieniackiej-splacany-obecnie-dlug-pamieci-wobec-niewinnych-dzieci-starcow-mezczyzn-kobiet-wszystkich-ktorzy-poniesli-niezasluzona-smierc\/"},"author":{"name":"admin","@id":"https:\/\/marekkuchcinski.pl\/#\/schema\/person\/6f62700996b4d950b6ea2d1183b6c6be"},"headline":"Marek Kuchci\u0144ski w 75. rocznic\u0119 pacyfikacji Huty Pieniackiej: Sp\u0142acany d\u0142ug pami\u0119ci wobec niewinnych dzieci. starc\u00f3w, m\u0119\u017cczyzn i kobiet, wszystkich, kt\u00f3rzy ponie\u015bli niezas\u0142u\u017con\u0105 \u015bmier\u0107","datePublished":"2019-02-28T11:09:23+00:00","dateModified":"2019-02-28T11:11:50+00:00","mainEntityOfPage":{"@id":"https:\/\/marekkuchcinski.pl\/wazne-daty\/marek-kuchcinski-75-rocznice-pacyfikacji-huty-pieniackiej-splacany-obecnie-dlug-pamieci-wobec-niewinnych-dzieci-starcow-mezczyzn-kobiet-wszystkich-ktorzy-poniesli-niezasluzona-smierc\/"},"wordCount":276,"commentCount":0,"publisher":{"@id":"https:\/\/marekkuchcinski.pl\/#organization"},"image":{"@id":"https:\/\/marekkuchcinski.pl\/wazne-daty\/marek-kuchcinski-75-rocznice-pacyfikacji-huty-pieniackiej-splacany-obecnie-dlug-pamieci-wobec-niewinnych-dzieci-starcow-mezczyzn-kobiet-wszystkich-ktorzy-poniesli-niezasluzona-smierc\/#primaryimage"},"thumbnailUrl":"https:\/\/marekkuchcinski.pl\/wp-content\/uploads\/2019\/02\/huta-p.jpeg","articleSection":["Listy Marsza\u0142ka Sejmu","Wa\u017cne daty"],"inLanguage":"sk-SK","potentialAction":[{"@type":"CommentAction","name":"Comment","target":["https:\/\/marekkuchcinski.pl\/wazne-daty\/marek-kuchcinski-75-rocznice-pacyfikacji-huty-pieniackiej-splacany-obecnie-dlug-pamieci-wobec-niewinnych-dzieci-starcow-mezczyzn-kobiet-wszystkich-ktorzy-poniesli-niezasluzona-smierc\/#respond"]}]},{"@type":"WebPage","@id":"https:\/\/marekkuchcinski.pl\/wazne-daty\/marek-kuchcinski-75-rocznice-pacyfikacji-huty-pieniackiej-splacany-obecnie-dlug-pamieci-wobec-niewinnych-dzieci-starcow-mezczyzn-kobiet-wszystkich-ktorzy-poniesli-niezasluzona-smierc\/","url":"https:\/\/marekkuchcinski.pl\/wazne-daty\/marek-kuchcinski-75-rocznice-pacyfikacji-huty-pieniackiej-splacany-obecnie-dlug-pamieci-wobec-niewinnych-dzieci-starcow-mezczyzn-kobiet-wszystkich-ktorzy-poniesli-niezasluzona-smierc\/","name":"Marek Kuchci\u0144ski w 75. rocznic\u0119 pacyfikacji Huty Pieniackiej: Sp\u0142acany d\u0142ug pami\u0119ci wobec niewinnych dzieci. starc\u00f3w, m\u0119\u017cczyzn i kobiet, wszystkich, kt\u00f3rzy ponie\u015bli niezas\u0142u\u017con\u0105 \u015bmier\u0107 &#8211; Marek Kuchci\u0144ski","isPartOf":{"@id":"https:\/\/marekkuchcinski.pl\/#website"},"primaryImageOfPage":{"@id":"https:\/\/marekkuchcinski.pl\/wazne-daty\/marek-kuchcinski-75-rocznice-pacyfikacji-huty-pieniackiej-splacany-obecnie-dlug-pamieci-wobec-niewinnych-dzieci-starcow-mezczyzn-kobiet-wszystkich-ktorzy-poniesli-niezasluzona-smierc\/#primaryimage"},"image":{"@id":"https:\/\/marekkuchcinski.pl\/wazne-daty\/marek-kuchcinski-75-rocznice-pacyfikacji-huty-pieniackiej-splacany-obecnie-dlug-pamieci-wobec-niewinnych-dzieci-starcow-mezczyzn-kobiet-wszystkich-ktorzy-poniesli-niezasluzona-smierc\/#primaryimage"},"thumbnailUrl":"https:\/\/marekkuchcinski.pl\/wp-content\/uploads\/2019\/02\/huta-p.jpeg","datePublished":"2019-02-28T11:09:23+00:00","dateModified":"2019-02-28T11:11:50+00:00","breadcrumb":{"@id":"https:\/\/marekkuchcinski.pl\/wazne-daty\/marek-kuchcinski-75-rocznice-pacyfikacji-huty-pieniackiej-splacany-obecnie-dlug-pamieci-wobec-niewinnych-dzieci-starcow-mezczyzn-kobiet-wszystkich-ktorzy-poniesli-niezasluzona-smierc\/#breadcrumb"},"inLanguage":"sk-SK","potentialAction":[{"@type":"ReadAction","target":["https:\/\/marekkuchcinski.pl\/wazne-daty\/marek-kuchcinski-75-rocznice-pacyfikacji-huty-pieniackiej-splacany-obecnie-dlug-pamieci-wobec-niewinnych-dzieci-starcow-mezczyzn-kobiet-wszystkich-ktorzy-poniesli-niezasluzona-smierc\/"]}]},{"@type":"ImageObject","inLanguage":"sk-SK","@id":"https:\/\/marekkuchcinski.pl\/wazne-daty\/marek-kuchcinski-75-rocznice-pacyfikacji-huty-pieniackiej-splacany-obecnie-dlug-pamieci-wobec-niewinnych-dzieci-starcow-mezczyzn-kobiet-wszystkich-ktorzy-poniesli-niezasluzona-smierc\/#primaryimage","url":"https:\/\/marekkuchcinski.pl\/wp-content\/uploads\/2019\/02\/huta-p.jpeg","contentUrl":"https:\/\/marekkuchcinski.pl\/wp-content\/uploads\/2019\/02\/huta-p.jpeg","width":422,"height":241},{"@type":"BreadcrumbList","@id":"https:\/\/marekkuchcinski.pl\/wazne-daty\/marek-kuchcinski-75-rocznice-pacyfikacji-huty-pieniackiej-splacany-obecnie-dlug-pamieci-wobec-niewinnych-dzieci-starcow-mezczyzn-kobiet-wszystkich-ktorzy-poniesli-niezasluzona-smierc\/#breadcrumb","itemListElement":[{"@type":"ListItem","position":1,"name":"Strona g\u0142\u00f3wna","item":"https:\/\/marekkuchcinski.pl\/"},{"@type":"ListItem","position":2,"name":"Marek Kuchci\u0144ski w 75. rocznic\u0119 pacyfikacji Huty Pieniackiej: Sp\u0142acany d\u0142ug pami\u0119ci wobec niewinnych dzieci. starc\u00f3w, m\u0119\u017cczyzn i kobiet, wszystkich, kt\u00f3rzy ponie\u015bli niezas\u0142u\u017con\u0105 \u015bmier\u0107"}]},{"@type":"WebSite","@id":"https:\/\/marekkuchcinski.pl\/#website","url":"https:\/\/marekkuchcinski.pl\/","name":"Marek Kuchci\u0144ski","description":"Pose\u0142 na sejm RP &ndash; okr\u0119g nr 22","publisher":{"@id":"https:\/\/marekkuchcinski.pl\/#organization"},"potentialAction":[{"@type":"SearchAction","target":{"@type":"EntryPoint","urlTemplate":"https:\/\/marekkuchcinski.pl\/?s={search_term_string}"},"query-input":{"@type":"PropertyValueSpecification","valueRequired":true,"valueName":"search_term_string"}}],"inLanguage":"sk-SK"},{"@type":"Organization","@id":"https:\/\/marekkuchcinski.pl\/#organization","name":"Marek Kuchci\u0144ski","url":"https:\/\/marekkuchcinski.pl\/","logo":{"@type":"ImageObject","inLanguage":"sk-SK","@id":"https:\/\/marekkuchcinski.pl\/#\/schema\/logo\/image\/","url":"https:\/\/marekkuchcinski.pl\/wp-content\/uploads\/2022\/09\/Marek.jpg","contentUrl":"https:\/\/marekkuchcinski.pl\/wp-content\/uploads\/2022\/09\/Marek.jpg","width":1600,"height":971,"caption":"Marek Kuchci\u0144ski"},"image":{"@id":"https:\/\/marekkuchcinski.pl\/#\/schema\/logo\/image\/"}},{"@type":"Person","@id":"https:\/\/marekkuchcinski.pl\/#\/schema\/person\/6f62700996b4d950b6ea2d1183b6c6be","name":"admin","image":{"@type":"ImageObject","inLanguage":"sk-SK","@id":"https:\/\/marekkuchcinski.pl\/#\/schema\/person\/image\/","url":"https:\/\/secure.gravatar.com\/avatar\/4bab693b9d55c3d6b52c0296a8765085?s=96&d=mm&r=g","contentUrl":"https:\/\/secure.gravatar.com\/avatar\/4bab693b9d55c3d6b52c0296a8765085?s=96&d=mm&r=g","caption":"admin"},"url":"https:\/\/marekkuchcinski.pl\/sk\/author\/marta-olejnik\/"}]}},"_links":{"self":[{"href":"https:\/\/marekkuchcinski.pl\/sk\/wp-json\/wp\/v2\/posts\/13399","targetHints":{"allow":["GET"]}}],"collection":[{"href":"https:\/\/marekkuchcinski.pl\/sk\/wp-json\/wp\/v2\/posts"}],"about":[{"href":"https:\/\/marekkuchcinski.pl\/sk\/wp-json\/wp\/v2\/types\/post"}],"author":[{"embeddable":true,"href":"https:\/\/marekkuchcinski.pl\/sk\/wp-json\/wp\/v2\/users\/6"}],"replies":[{"embeddable":true,"href":"https:\/\/marekkuchcinski.pl\/sk\/wp-json\/wp\/v2\/comments?post=13399"}],"version-history":[{"count":5,"href":"https:\/\/marekkuchcinski.pl\/sk\/wp-json\/wp\/v2\/posts\/13399\/revisions"}],"predecessor-version":[{"id":13405,"href":"https:\/\/marekkuchcinski.pl\/sk\/wp-json\/wp\/v2\/posts\/13399\/revisions\/13405"}],"wp:featuredmedia":[{"embeddable":true,"href":"https:\/\/marekkuchcinski.pl\/sk\/wp-json\/wp\/v2\/media\/13401"}],"wp:attachment":[{"href":"https:\/\/marekkuchcinski.pl\/sk\/wp-json\/wp\/v2\/media?parent=13399"}],"wp:term":[{"taxonomy":"category","embeddable":true,"href":"https:\/\/marekkuchcinski.pl\/sk\/wp-json\/wp\/v2\/categories?post=13399"},{"taxonomy":"post_tag","embeddable":true,"href":"https:\/\/marekkuchcinski.pl\/sk\/wp-json\/wp\/v2\/tags?post=13399"}],"curies":[{"name":"wp","href":"https:\/\/api.w.org\/{rel}","templated":true}]}}