{"id":13260,"date":"2019-02-22T12:45:09","date_gmt":"2019-02-22T11:45:09","guid":{"rendered":"https:\/\/marekkuchcinski.pl\/?p=13260"},"modified":"2019-03-17T00:26:15","modified_gmt":"2019-03-16T23:26:15","slug":"odbudowujemy-wspolprace-litwa-marszalek-sejmu-spotkal-sie-prezydent-grybauskaite","status":"publish","type":"post","link":"https:\/\/marekkuchcinski.pl\/sk\/wydarzenia\/odbudowujemy-wspolprace-litwa-marszalek-sejmu-spotkal-sie-prezydent-grybauskaite\/","title":{"rendered":"Predseda Seimasu vyznamenan\u00fd Radom \"Za z\u00e1sluhy o Litvu\""},"content":{"rendered":"<p>Dalia Grybauskaiteov\u00e1, ktor\u00e1 je na ofici\u00e1lnej n\u00e1v\u0161teve Po\u013eska, sa vo \u0161tvrtok stretla s predsedom Sejmu Marekom Kuchcinsk\u00fdm. Medzi t\u00e9mami, ktor\u00e9 po\u010das rozhovoru zazneli, boli spolupr\u00e1ca na parlamentnej \u00farovni medzi Sejmom a Seimasom, bezpe\u010dnos\u0165, energetika, ako aj 450. v\u00fdro\u010die Lublinskej \u00fanie, ktor\u00e9 pripad\u00e1 na rok 2019.<br \/>\nMar\u0161al Kuchci\u0144ski zd\u00f4raznil, \u017ee je d\u00f4le\u017eit\u00e9 pokra\u010dova\u0165 v politike zosnul\u00e9ho Lecha Kaczy\u0144sk\u00e9ho, ktorej cie\u013eom bolo zbl\u00ed\u017ei\u0165 Po\u013esko, Litvu a \u010fal\u0161ie krajiny v na\u0161ej \u010dasti Eur\u00f3py. - Zintenz\u00edvnenie stretnut\u00ed je najlep\u0161\u00edm d\u00f4kazom toho, \u017ee obnovujeme na\u0161u spolupr\u00e1cu. Z na\u0161ej strany budeme \u010do najsk\u00f4r rozv\u00edja\u0165 r\u00f4zne formy spolupr\u00e1ce. Tie u\u017e prin\u00e1\u0161aj\u00fa ovocie, napr\u00edklad m\u00e1me ve\u013emi podobn\u00fd poh\u013ead na bezpe\u010dnostn\u00e9 ot\u00e1zky, ako je pr\u00edtomnos\u0165 vojsk NATO. Z poh\u013eadu na\u0161ich dej\u00edn od 14. storo\u010dia alebo z poh\u013eadu Lublinskej \u00fanie je nevyhnutnos\u0165 po\u013esko-litovskej spolupr\u00e1ce zrejm\u00e1. Ako sme hovorili, ke\u010f sme boli spolu, boli sme najv\u00e4\u010d\u0161ou silou v Eur\u00f3pe,\" povedal Marek Kuchci\u0144ski.<br \/>\nLitovsk\u00e1 prezidentka spomenula aj Lecha Kaczynsk\u00e9ho, s ktor\u00fdm sa, ako zd\u00f4raznila, stret\u00e1va ve\u013emi pravidelne. - A\u017e \u0161tyrikr\u00e1t po\u010das posledn\u00fdch \u00f4smich mesiacov jeho prezidentovania. Boli to ve\u013emi dobr\u00e9 vz\u0165ahy. Po\u013esko a Litva maj\u00fa rovnak\u00fd poh\u013ead na obrann\u00fa politiku, hospod\u00e1rske a energetick\u00e9 ot\u00e1zky. Mnoh\u00e9 probl\u00e9my m\u00f4\u017eeme vyrie\u0161i\u0165 spolo\u010dne,\" zd\u00f4raznila prezidentka Grybauskaite. - Aj na\u0161e z\u00e1ujmy v s\u00favislosti s plynovodom Nord Stream 2, ktor\u00fd sp\u00f4sob\u00ed, \u017ee Eur\u00f3pa bude z\u00e1visl\u00e1 od Ruska. Preto sa navz\u00e1jom podporujeme v rozhovoroch s NATO a E\u00da,\" dodal litovsk\u00fd politik.<br \/>\nPredseda Seimasu srde\u010dne po\u010fakoval litovsk\u00e9mu prezidentovi za iniciat\u00edvu ministrov kult\u00fary oboch kraj\u00edn, ktor\u00ed spolu s \u010fal\u0161\u00edmi ministrami stredoeur\u00f3pskych kraj\u00edn predlo\u017eili UNESCO n\u00e1vrh na z\u00e1pis Lublinskej \u00fanie do Zoznamu svetov\u00e9ho dedi\u010dstva. Predseda Sejmu tie\u017e poznamenal, \u017ee \"rozv\u00edjame spolupr\u00e1cu medzi parlamentmi v celej strednej Eur\u00f3pe. Podali sme \u017eiados\u0165 o \u010dlenstvo v Parlamentnom zhroma\u017eden\u00ed pobaltsk\u00fdch \u0161t\u00e1tov. - Sme presved\u010den\u00ed, \u017ee ide o d\u00f4le\u017eit\u00fd prvok spolupr\u00e1ce, a podporujeme aj n\u00e1vrh na vytvorenie parlamentn\u00e9ho rozmeru trojhoria. Na Eur\u00f3psku \u00faniu sa pozer\u00e1me cez prizmu potreby jej posilnenia v ka\u017edej oblasti,\" zd\u00f4raznil mar\u0161al Kuchci\u0144ski.<br \/>\nNa stretnut\u00ed sa z\u00fa\u010dastnila aj podpredsedn\u00ed\u010dka Sejmu Beata Mazurek a ved\u00faca Kancel\u00e1rie Sejmu Agnieszka Kaczmarska.<\/p>\n<p><strong>Ako osobnos\u0165 zasl\u00fa\u017eil\u00e1 o litovsk\u00fd \u0161t\u00e1t bol Marekovi Kuchcinsk\u00e9mu udelen\u00fd Rad \"Za z\u00e1sluhy o Litvu\".<\/strong><\/p>\n<p><em>Foto: Rafa\u0142 Zambrzycki<\/em><\/p>\n<p><a href=\"https:\/\/marekkuchcinski.pl\/wp-content\/uploads\/2019\/02\/prezydent-Litwy.jpg\"><img fetchpriority=\"high\" decoding=\"async\" class=\"alignnone size-full wp-image-13262\" src=\"https:\/\/marekkuchcinski.pl\/wp-content\/uploads\/2019\/02\/prezydent-Litwy.jpg\" alt=\"prezydent Litwy\" width=\"1200\" height=\"800\" srcset=\"https:\/\/marekkuchcinski.pl\/wp-content\/uploads\/2019\/02\/prezydent-Litwy.jpg 1200w, https:\/\/marekkuchcinski.pl\/wp-content\/uploads\/2019\/02\/prezydent-Litwy-300x200.jpg 300w, https:\/\/marekkuchcinski.pl\/wp-content\/uploads\/2019\/02\/prezydent-Litwy-768x512.jpg 768w, https:\/\/marekkuchcinski.pl\/wp-content\/uploads\/2019\/02\/prezydent-Litwy-1024x683.jpg 1024w\" sizes=\"(max-width: 1200px) 100vw, 1200px\" \/><\/a><\/p>\n<p><em>Foto: Marta Olejnik<\/em><\/p>\n<p><a href=\"https:\/\/marekkuchcinski.pl\/wp-content\/uploads\/2019\/02\/olit.jpg\"><img decoding=\"async\" class=\"alignnone size-full wp-image-13875\" src=\"https:\/\/marekkuchcinski.pl\/wp-content\/uploads\/2019\/02\/olit.jpg\" alt=\"olit\" width=\"2048\" height=\"1365\" srcset=\"https:\/\/marekkuchcinski.pl\/wp-content\/uploads\/2019\/02\/olit.jpg 2048w, https:\/\/marekkuchcinski.pl\/wp-content\/uploads\/2019\/02\/olit-300x200.jpg 300w, https:\/\/marekkuchcinski.pl\/wp-content\/uploads\/2019\/02\/olit-768x512.jpg 768w, https:\/\/marekkuchcinski.pl\/wp-content\/uploads\/2019\/02\/olit-1024x683.jpg 1024w\" sizes=\"(max-width: 2048px) 100vw, 2048px\" \/><\/a><\/p>\n<p>&nbsp;<\/p>","protected":false},"excerpt":{"rendered":"<p>Przebywaj\u0105ca z oficjaln\u0105 wizyt\u0105 w Polsce Dalia Grybauskait\u0117 w czwartek spotka\u0142a si\u0119 z marsza\u0142kiem Sejmu Markiem Kuchci\u0144skim. W\u015br\u00f3d temat\u00f3w, kt\u00f3re pojawi\u0142y si\u0119 podczas rozmowy, by\u0142y m.in. wsp\u00f3\u0142praca na poziomie parlamentarnym pomi\u0119dzy Sejmem a Seimasem, bezpiecze\u0144stwo, energetyka, a tak\u017ce 450-lecie Unii Lubelskiej, kt\u00f3re przypada w 2019 r. Marsza\u0142ek Kuchci\u0144ski podkre\u015bli\u0142, \u017ce wa\u017cna jest kontynuacja polityki \u015bp. [&hellip;]<\/p>\n","protected":false},"author":6,"featured_media":13875,"comment_status":"open","ping_status":"open","sticky":false,"template":"","format":"standard","meta":{"ngg_post_thumbnail":0,"footnotes":""},"categories":[81,50,3],"tags":[],"class_list":["post-13260","post","type-post","status-publish","format-standard","has-post-thumbnail","hentry","category-wiesci-z-sejmu","category-wspolpraca-miedzynarodowa","category-wydarzenia"],"_links":{"self":[{"href":"https:\/\/marekkuchcinski.pl\/sk\/wp-json\/wp\/v2\/posts\/13260","targetHints":{"allow":["GET"]}}],"collection":[{"href":"https:\/\/marekkuchcinski.pl\/sk\/wp-json\/wp\/v2\/posts"}],"about":[{"href":"https:\/\/marekkuchcinski.pl\/sk\/wp-json\/wp\/v2\/types\/post"}],"author":[{"embeddable":true,"href":"https:\/\/marekkuchcinski.pl\/sk\/wp-json\/wp\/v2\/users\/6"}],"replies":[{"embeddable":true,"href":"https:\/\/marekkuchcinski.pl\/sk\/wp-json\/wp\/v2\/comments?post=13260"}],"version-history":[{"count":12,"href":"https:\/\/marekkuchcinski.pl\/sk\/wp-json\/wp\/v2\/posts\/13260\/revisions"}],"predecessor-version":[{"id":13892,"href":"https:\/\/marekkuchcinski.pl\/sk\/wp-json\/wp\/v2\/posts\/13260\/revisions\/13892"}],"wp:featuredmedia":[{"embeddable":true,"href":"https:\/\/marekkuchcinski.pl\/sk\/wp-json\/wp\/v2\/media\/13875"}],"wp:attachment":[{"href":"https:\/\/marekkuchcinski.pl\/sk\/wp-json\/wp\/v2\/media?parent=13260"}],"wp:term":[{"taxonomy":"category","embeddable":true,"href":"https:\/\/marekkuchcinski.pl\/sk\/wp-json\/wp\/v2\/categories?post=13260"},{"taxonomy":"post_tag","embeddable":true,"href":"https:\/\/marekkuchcinski.pl\/sk\/wp-json\/wp\/v2\/tags?post=13260"}],"curies":[{"name":"wp","href":"https:\/\/api.w.org\/{rel}","templated":true}]}}