{"id":13255,"date":"2019-02-22T14:20:53","date_gmt":"2019-02-22T13:20:53","guid":{"rendered":"https:\/\/marekkuchcinski.pl\/?p=13255"},"modified":"2019-02-22T14:20:53","modified_gmt":"2019-02-22T13:20:53","slug":"marek-kuchcinski-dniu-mysli-braterskiej-zycze-wszystkim-skautom-aby-jasnymi-umyslami-goracymi-sercami-pomocnymi-dlonmi-wspaniale-sluzyli-naszej-ojczyznie","status":"publish","type":"post","link":"https:\/\/marekkuchcinski.pl\/sk\/wydarzenia\/marek-kuchcinski-dniu-mysli-braterskiej-zycze-wszystkim-skautom-aby-jasnymi-umyslami-goracymi-sercami-pomocnymi-dlonmi-wspaniale-sluzyli-naszej-ojczyznie\/","title":{"rendered":"Marek Kuchci\u0144ski v De\u0148 bratsk\u00fdch my\u0161lienok: \u017del\u00e1m v\u0161etk\u00fdm skautom, aby s \u010distou mys\u013eou, hor\u00facim srdcom a pom\u00e1haj\u00facimi rukami na\u010falej \u00fa\u017easne sl\u00fa\u017eili na\u0161ej vlasti."},"content":{"rendered":"<p><strong>22. febru\u00e1ra oslavuj\u00fa skauti na celom svete svoj sviatok. De\u0148 bratskej my\u0161lienky vznikol na po\u010des\u0165 v\u00fdro\u010dia narodenia zakladate\u013eov skautingu - Roberta Baden-Powella, hlavn\u00e9ho skauta sveta, a jeho man\u017eelky Olave Baden-Powellovej, hlavnej skautky sveta. Predseda Sejmu Marek Kuchci\u0144ski vyjadril uznanie Po\u013esk\u00e9mu skautsk\u00e9mu zv\u00e4zu. V liste adresovanom org\u00e1nom organiz\u00e1cie nap\u00edsal:<\/strong><\/p>\n<p><em>Tento v\u00fdnimo\u010dn\u00fd \u010das toti\u017e podnecuje k zamysleniu sa nad kr\u00e1snymi ide\u00e1lmi skautsk\u00e9ho hnutia a z\u00e1rove\u0148 poskytuje pr\u00edle\u017eitos\u0165 na posilnenie v\u00e4zieb medzi jeho \u010dlenmi. \u0160tipendium<br \/>\na priate\u013estvo sp\u00e1jaj\u00fa mnoh\u00fdch z v\u00e1s. Pripome\u0148me si teda d\u00f4le\u017eitos\u0165 t\u00fdchto n\u00e1dhern\u00fdch vz\u0165ahov, ktor\u00e9 robia n\u00e1\u0161 \u017eivot lep\u0161\u00edm a pln\u0161\u00edm.<\/em><\/p>\n<p><em>Dnes by som chcel vyjadri\u0165 ve\u013ek\u00e9 uznanie celej organiz\u00e1cii. T\u00fdm, \u017ee zdru\u017euje vo svojich radoch mnoho oddan\u00fdch \u013eud\u00ed, pre ktor\u00fdch je pr\u00edslu\u0161nos\u0165 k skautsk\u00e9mu bratstvu zdrojom hrdosti, vychov\u00e1va \u010fal\u0161ie gener\u00e1cie v duchu \u00facty k trad\u00edci\u00e1m a hodnot\u00e1m, formuje charakter, utu\u017euje ducha a umo\u017e\u0148uje \u010derpa\u0165 rados\u0165 zo spolo\u010dn\u00fdch aktiv\u00edt.<\/em><\/p>\n<p><em>Najv\u00e4\u010d\u0161\u00ed vplyv na postoj skautov maj\u00fa in\u0161truktori.<br \/>\nTieto v\u00fdnimo\u010dn\u00e9 osobnosti s\u00fa vzorom spr\u00e1vania a pokladnicou vedomost\u00ed. Titul \"Mimoriadny\" zd\u00f4raz\u0148uje ve\u013ek\u00e9 z\u00e1sluhy va\u0161ej skromnej slu\u017eby. Osobitne preto blaho\u017eel\u00e1m ocenen\u00fdm. Chcel by som sa v\u00e1m po\u010fakova\u0165 za va\u0161e nasadenie, spo\u013eahlivos\u0165, u\u0161\u013eachtilos\u0165 spr\u00e1vania a \u0161\u00edrenie dobr\u00fdch skautsk\u00fdch trad\u00edci\u00ed. Prajem v\u00e1m ve\u013ea \u0161\u0165astia a \u00faspechov v \u010fal\u0161ej in\u0161trukt\u00e1\u017enej pr\u00e1ci. <\/em><\/p>\n<p><em>V De\u0148 bratskej my\u0161lienky prajem v\u0161etk\u00fdm skautom, aby na\u010falej skvele sl\u00fa\u017eili na\u0161ej vlasti s jasnou mys\u013eou, hor\u00facim srdcom a pom\u00e1haj\u00facimi rukami. Prajem v\u00e1m n\u00e1dhern\u00fa oslavu a ve\u013ea nezabudnute\u013en\u00fdch em\u00f3ci\u00ed.<\/em><\/p>\n<p><em>S l\u00e1skav\u00fdm pozdravom a pozdravom.<\/em><\/p>\n<p><em>\u00a0<\/em><\/p>\n<p><em>\u00a0<\/em><\/p>\n<p><em>\u00a0<\/em><em>\u00a0\u00a0\u00a0\u00a0\u00a0\u00a0\u00a0\u00a0\u00a0\u00a0\u00a0\u00a0\u00a0\u00a0\u00a0\u00a0\u00a0\u00a0\u00a0\u00a0\u00a0\u00a0\u00a0\u00a0\u00a0\u00a0\u00a0\u00a0\u00a0\u00a0\u00a0\u00a0\u00a0\u00a0\u00a0\u00a0\u00a0\u00a0\u00a0\u00a0\u00a0\u00a0\u00a0\u00a0\u00a0\u00a0\u00a0\u00a0\u00a0\u00a0\u00a0\u00a0\u00a0\u00a0\u00a0\u00a0\u00a0\u00a0\u00a0\u00a0\u00a0\u00a0\u00a0\u00a0\u00a0\u00a0\u00a0\u00a0\u00a0\u00a0\u00a0\u00a0\u00a0\u00a0\u00a0\u00a0\u00a0\u00a0\u00a0\u00a0\u00a0\u00a0\u00a0\u00a0\u00a0\u00a0\u00a0\u00a0\u00a0\u00a0\u00a0\u00a0\u00a0 Marek Kuchci\u0144ski \u00a0\u00a0<\/em><\/p>\n<p>&nbsp;<\/p>\n<p><a href=\"https:\/\/marekkuchcinski.pl\/wp-content\/uploads\/2019\/02\/Obraz411.jpg\"><img fetchpriority=\"high\" decoding=\"async\" class=\"alignnone size-full wp-image-13256\" src=\"https:\/\/marekkuchcinski.pl\/wp-content\/uploads\/2019\/02\/Obraz411.jpg\" alt=\"Obraz411\" width=\"2844\" height=\"1775\" srcset=\"https:\/\/marekkuchcinski.pl\/wp-content\/uploads\/2019\/02\/Obraz411.jpg 2048w, https:\/\/marekkuchcinski.pl\/wp-content\/uploads\/2019\/02\/Obraz411-300x187.jpg 300w, https:\/\/marekkuchcinski.pl\/wp-content\/uploads\/2019\/02\/Obraz411-768x479.jpg 768w, https:\/\/marekkuchcinski.pl\/wp-content\/uploads\/2019\/02\/Obraz411-1024x639.jpg 1024w\" sizes=\"(max-width: 2844px) 100vw, 2844px\" \/><\/a><\/p>\n<p><em>1999: skauti a Marek Kuchci\u0144ski, podkarpatsk\u00fd viceguvern\u00e9r (\u0161iesty z\u013eava)<\/em><\/p>","protected":false},"excerpt":{"rendered":"<p>22 lutego skauci na ca\u0142ym \u015bwiecie obchodz\u0105 swoje \u015bwi\u0119to. Dzie\u0144 My\u015bli Braterskiej utworzono na pami\u0105tk\u0119 rocznicy urodzin za\u0142o\u017cycieli skautingu &#8211; Roberta Baden-Powella, Naczelnego Skauta \u015awiata i jego \u017cony Olave Baden-Powell Naczelnej Skautki \u015awiata. Swoje uznanie dla Zwi\u0105zku Harcerstwa Polskiego wyrazi\u0142 marsza\u0142ek Sejmu Marek Kuchci\u0144ski. W li\u015bcie skierowanym do w\u0142adz organizacji napisa\u0142: Ten wyj\u0105tkowy czas sk\u0142ania [&hellip;]<\/p>\n","protected":false},"author":6,"featured_media":13256,"comment_status":"open","ping_status":"open","sticky":false,"template":"","format":"standard","meta":{"ngg_post_thumbnail":0,"footnotes":""},"categories":[77,3],"tags":[],"class_list":["post-13255","post","type-post","status-publish","format-standard","has-post-thumbnail","hentry","category-wazne-daty","category-wydarzenia"],"_links":{"self":[{"href":"https:\/\/marekkuchcinski.pl\/sk\/wp-json\/wp\/v2\/posts\/13255","targetHints":{"allow":["GET"]}}],"collection":[{"href":"https:\/\/marekkuchcinski.pl\/sk\/wp-json\/wp\/v2\/posts"}],"about":[{"href":"https:\/\/marekkuchcinski.pl\/sk\/wp-json\/wp\/v2\/types\/post"}],"author":[{"embeddable":true,"href":"https:\/\/marekkuchcinski.pl\/sk\/wp-json\/wp\/v2\/users\/6"}],"replies":[{"embeddable":true,"href":"https:\/\/marekkuchcinski.pl\/sk\/wp-json\/wp\/v2\/comments?post=13255"}],"version-history":[{"count":1,"href":"https:\/\/marekkuchcinski.pl\/sk\/wp-json\/wp\/v2\/posts\/13255\/revisions"}],"predecessor-version":[{"id":13257,"href":"https:\/\/marekkuchcinski.pl\/sk\/wp-json\/wp\/v2\/posts\/13255\/revisions\/13257"}],"wp:featuredmedia":[{"embeddable":true,"href":"https:\/\/marekkuchcinski.pl\/sk\/wp-json\/wp\/v2\/media\/13256"}],"wp:attachment":[{"href":"https:\/\/marekkuchcinski.pl\/sk\/wp-json\/wp\/v2\/media?parent=13255"}],"wp:term":[{"taxonomy":"category","embeddable":true,"href":"https:\/\/marekkuchcinski.pl\/sk\/wp-json\/wp\/v2\/categories?post=13255"},{"taxonomy":"post_tag","embeddable":true,"href":"https:\/\/marekkuchcinski.pl\/sk\/wp-json\/wp\/v2\/tags?post=13255"}],"curies":[{"name":"wp","href":"https:\/\/api.w.org\/{rel}","templated":true}]}}