{"id":13123,"date":"2019-02-16T23:22:46","date_gmt":"2019-02-16T22:22:46","guid":{"rendered":"https:\/\/marekkuchcinski.pl\/?p=13123"},"modified":"2019-02-16T23:32:27","modified_gmt":"2019-02-16T22:32:27","slug":"ostatnia-droga-sp-premiera-jana-olszewskiego","status":"publish","type":"post","link":"https:\/\/marekkuchcinski.pl\/sk\/wydarzenia\/ostatnia-droga-sp-premiera-jana-olszewskiego\/","title":{"rendered":"Posledn\u00e1 cesta zosnul\u00e9ho premi\u00e9ra Jana Olszewsk\u00e9ho"},"content":{"rendered":"<p><strong>Jan Olszewski, vojak Siv\u00fdch plukov, premi\u00e9r, poslanec, advok\u00e1t, obhajca v politick\u00fdch procesoch, publicista. Ve\u013ek\u00fd mu\u017e.<\/strong><\/p>\n<p>O svojej vl\u00e1de (1991-1992) povedal:<br \/>\n<em>Domnievam sa, \u017ee to bol prv\u00fd pokus zvr\u00e1ti\u0165 priebeh po\u013esk\u00fdch dej\u00edn, ktor\u00fd bol podmienen\u00fd predpokladmi \u013eud\u00ed, ktor\u00ed si v 80. rokoch plne uvedomovali, \u017ee komunistick\u00fd syst\u00e9m sa nem\u00f4\u017ee udr\u017ea\u0165 v takej podobe, v akej existoval dovtedy...<\/em><br \/>\n<em> Z na\u0161ej strany to bol prv\u00fd pokus o zvr\u00e1tenie tejto situ\u00e1cie. Snaha zabr\u00e1ni\u0165 budovaniu oligarchick\u00e9ho \u0161t\u00e1tu na z\u00e1kladoch Po\u013eskej \u013eudovej republiky. Pokus o vybudovanie demokratick\u00e9ho ob\u010dianskeho \u0161t\u00e1tu. Pod\u013ea m\u00f4jho n\u00e1zoru mal tento pokus v tom \u010dase u\u017e najmenej dva roky me\u0161kanie. Ako tak\u00fd mal minim\u00e1lne \u0161ance na realiz\u00e1ciu. Ale muselo sa to urobi\u0165. Druh\u00e1 pr\u00edle\u017eitos\u0165 pri\u0161la a\u017e o 15 rokov nesk\u00f4r (vl\u00e1da PiS v rokoch 2005-2007) a tretia pr\u00edle\u017eitos\u0165 je tu teraz (vl\u00e1da PiS v roku 2015).<\/em><\/p>\n<p>Na poslednej ceste J\u00e1na Olszewsk\u00e9ho sprev\u00e1dzali jeho bl\u00edzki, prezident, predsedovia Sejmu a Sen\u00e1tu, premi\u00e9r, poslanci, veter\u00e1ni...<\/p>\n<p>Pochovali ho na vojenskom cintor\u00edne Powazki vo Var\u0161ave.<\/p>\n<p><a href=\"https:\/\/marekkuchcinski.pl\/wp-content\/uploads\/2019\/02\/46377380044_9bed857d27_o.view_.jpg\"><img fetchpriority=\"high\" decoding=\"async\" class=\"alignnone size-full wp-image-13125\" src=\"https:\/\/marekkuchcinski.pl\/wp-content\/uploads\/2019\/02\/46377380044_9bed857d27_o.view_.jpg\" alt=\"46377380044_9bed857d27_o.view\" width=\"800\" height=\"533\" srcset=\"https:\/\/marekkuchcinski.pl\/wp-content\/uploads\/2019\/02\/46377380044_9bed857d27_o.view_.jpg 800w, https:\/\/marekkuchcinski.pl\/wp-content\/uploads\/2019\/02\/46377380044_9bed857d27_o.view_-300x200.jpg 300w, https:\/\/marekkuchcinski.pl\/wp-content\/uploads\/2019\/02\/46377380044_9bed857d27_o.view_-768x512.jpg 768w\" sizes=\"(max-width: 800px) 100vw, 800px\" \/><\/a>KPRM: Piatok - poctu Janovi Olszewsk\u00e9mu vzd\u00e1va predseda Sejmu Marek Kuchci\u0144ski, <em>Foto: \u0141ukasz B\u0142asikiewicz<\/em><a href=\"https:\/\/marekkuchcinski.pl\/wp-content\/uploads\/2019\/02\/LB1_8611.view_.jpg\"><img decoding=\"async\" class=\"alignnone size-full wp-image-13124\" src=\"https:\/\/marekkuchcinski.pl\/wp-content\/uploads\/2019\/02\/LB1_8611.view_.jpg\" alt=\"LB1_8611.view\" width=\"800\" height=\"533\" srcset=\"https:\/\/marekkuchcinski.pl\/wp-content\/uploads\/2019\/02\/LB1_8611.view_.jpg 800w, https:\/\/marekkuchcinski.pl\/wp-content\/uploads\/2019\/02\/LB1_8611.view_-300x200.jpg 300w, https:\/\/marekkuchcinski.pl\/wp-content\/uploads\/2019\/02\/LB1_8611.view_-768x512.jpg 768w\" sizes=\"(max-width: 800px) 100vw, 800px\" \/><\/a><a href=\"https:\/\/marekkuchcinski.pl\/wp-content\/uploads\/2019\/02\/LB1_9376.view_.jpg\"><img decoding=\"async\" class=\"alignnone size-full wp-image-13131\" src=\"https:\/\/marekkuchcinski.pl\/wp-content\/uploads\/2019\/02\/LB1_9376.view_.jpg\" alt=\"LB1_9376.view\" width=\"800\" height=\"533\" srcset=\"https:\/\/marekkuchcinski.pl\/wp-content\/uploads\/2019\/02\/LB1_9376.view_.jpg 800w, https:\/\/marekkuchcinski.pl\/wp-content\/uploads\/2019\/02\/LB1_9376.view_-300x200.jpg 300w, https:\/\/marekkuchcinski.pl\/wp-content\/uploads\/2019\/02\/LB1_9376.view_-768x512.jpg 768w\" sizes=\"(max-width: 800px) 100vw, 800px\" \/><\/a> V sobotu r\u00e1no bola rakva J\u00e1na Olszewsk\u00e9ho prenesen\u00e1 do artikul\u00e1rnej baziliky sv\u00e4t\u00e9ho J\u00e1na Krstite\u013ea, kde sa konala pohrebn\u00e1 om\u0161a.<a href=\"https:\/\/marekkuchcinski.pl\/wp-content\/uploads\/2019\/02\/RZ__2195.view_.jpg\"><img loading=\"lazy\" decoding=\"async\" class=\"alignnone size-full wp-image-13126\" src=\"https:\/\/marekkuchcinski.pl\/wp-content\/uploads\/2019\/02\/RZ__2195.view_.jpg\" alt=\"RZ__2195.view\" width=\"800\" height=\"533\" srcset=\"https:\/\/marekkuchcinski.pl\/wp-content\/uploads\/2019\/02\/RZ__2195.view_.jpg 800w, https:\/\/marekkuchcinski.pl\/wp-content\/uploads\/2019\/02\/RZ__2195.view_-300x200.jpg 300w, https:\/\/marekkuchcinski.pl\/wp-content\/uploads\/2019\/02\/RZ__2195.view_-768x512.jpg 768w\" sizes=\"(max-width: 800px) 100vw, 800px\" \/><\/a>S premi\u00e9rom Olszewsk\u00fdm sa pri pam\u00e4tn\u00edku Var\u0161avsk\u00e9ho povstania rozl\u00fa\u010dili vojaci Armie Krajowej, var\u0161avsk\u00ed povstalci a aktivisti protikomunistickej opoz\u00edcie<a href=\"https:\/\/marekkuchcinski.pl\/wp-content\/uploads\/2019\/02\/RZ__1998.view_.jpg\"><img loading=\"lazy\" decoding=\"async\" class=\"alignnone size-full wp-image-13128\" src=\"https:\/\/marekkuchcinski.pl\/wp-content\/uploads\/2019\/02\/RZ__1998.view_.jpg\" alt=\"RZ__1998.view\" width=\"800\" height=\"533\" srcset=\"https:\/\/marekkuchcinski.pl\/wp-content\/uploads\/2019\/02\/RZ__1998.view_.jpg 800w, https:\/\/marekkuchcinski.pl\/wp-content\/uploads\/2019\/02\/RZ__1998.view_-300x200.jpg 300w, https:\/\/marekkuchcinski.pl\/wp-content\/uploads\/2019\/02\/RZ__1998.view_-768x512.jpg 768w\" sizes=\"(max-width: 800px) 100vw, 800px\" \/><\/a><em>Foto: Rafa\u0142 Zambrzycki\/ Sejm<\/em><\/p>\n<p><em>Pokus o vybudovanie ob\u010dianskeho \u0161t\u00e1tu - Piotr Woyciechowski v rozhovore s Janom Olszewsk\u00fdm<\/em><\/p>","protected":false},"excerpt":{"rendered":"<p>Jan Olszewski, \u017co\u0142nierz Szarych Szereg\u00f3w,\u00a0premier, pose\u0142, adwokat, obro\u0144ca w procesach politycznych, publicysta. Wielki cz\u0142owiek. O swoim rz\u0105dzie (1991\u20131992) m\u00f3wi\u0142: Uwa\u017cam, \u017ce by\u0142a to pierwsza pr\u00f3ba odwr\u00f3cenia biegu historii Polski, kt\u00f3ry zosta\u0142 zdeterminowany za\u0142o\u017ceniami ludzi maj\u0105cych w latach 80. ubieg\u0142ego wieku pe\u0142n\u0105 \u015bwiadomo\u015b\u0107, \u017ce ustroju komunistycznego nie da si\u0119 utrzyma\u0107 w takiej formie, w jakiej dotychczas [&hellip;]<\/p>\n","protected":false},"author":6,"featured_media":13125,"comment_status":"open","ping_status":"open","sticky":false,"template":"","format":"standard","meta":{"ngg_post_thumbnail":0,"footnotes":""},"categories":[3],"tags":[],"class_list":["post-13123","post","type-post","status-publish","format-standard","has-post-thumbnail","hentry","category-wydarzenia"],"_links":{"self":[{"href":"https:\/\/marekkuchcinski.pl\/sk\/wp-json\/wp\/v2\/posts\/13123","targetHints":{"allow":["GET"]}}],"collection":[{"href":"https:\/\/marekkuchcinski.pl\/sk\/wp-json\/wp\/v2\/posts"}],"about":[{"href":"https:\/\/marekkuchcinski.pl\/sk\/wp-json\/wp\/v2\/types\/post"}],"author":[{"embeddable":true,"href":"https:\/\/marekkuchcinski.pl\/sk\/wp-json\/wp\/v2\/users\/6"}],"replies":[{"embeddable":true,"href":"https:\/\/marekkuchcinski.pl\/sk\/wp-json\/wp\/v2\/comments?post=13123"}],"version-history":[{"count":12,"href":"https:\/\/marekkuchcinski.pl\/sk\/wp-json\/wp\/v2\/posts\/13123\/revisions"}],"predecessor-version":[{"id":13144,"href":"https:\/\/marekkuchcinski.pl\/sk\/wp-json\/wp\/v2\/posts\/13123\/revisions\/13144"}],"wp:featuredmedia":[{"embeddable":true,"href":"https:\/\/marekkuchcinski.pl\/sk\/wp-json\/wp\/v2\/media\/13125"}],"wp:attachment":[{"href":"https:\/\/marekkuchcinski.pl\/sk\/wp-json\/wp\/v2\/media?parent=13123"}],"wp:term":[{"taxonomy":"category","embeddable":true,"href":"https:\/\/marekkuchcinski.pl\/sk\/wp-json\/wp\/v2\/categories?post=13123"},{"taxonomy":"post_tag","embeddable":true,"href":"https:\/\/marekkuchcinski.pl\/sk\/wp-json\/wp\/v2\/tags?post=13123"}],"curies":[{"name":"wp","href":"https:\/\/api.w.org\/{rel}","templated":true}]}}