{"id":13117,"date":"2019-02-17T23:06:03","date_gmt":"2019-02-17T22:06:03","guid":{"rendered":"https:\/\/marekkuchcinski.pl\/?p=13117"},"modified":"2019-02-17T23:06:58","modified_gmt":"2019-02-17T22:06:58","slug":"porozumienia-rzeszowsko-ustrzyckie","status":"publish","type":"post","link":"https:\/\/marekkuchcinski.pl\/sk\/wydarzenia\/porozumienia-rzeszowsko-ustrzyckie\/","title":{"rendered":"38. v\u00fdro\u010die Rzeszowskej a Augusti\u010dskej dohody"},"content":{"rendered":"<p><strong>Pod \u010destn\u00fdm patron\u00e1tom predsedu Sejmu Mareka Kuchci\u0144sk\u00e9ho sa konali oslavy 38. v\u00fdro\u010dia podp\u00edsania Rzeszowsko-ostrihomsk\u00fdch doh\u00f4d.\u00a0<\/strong><\/p>\n<p>Dohody podp\u00edsan\u00e9 v noci z 18. na 19. a 20. febru\u00e1ra 1981 ukon\u010dili mesiac a pol trvaj\u00face \u0161trajky v po\u013enohospod\u00e1rstve v Rzeszowe a Ustrzykach Dolnych. Ako prv\u00ed zoh\u013eadnili po\u017eiadavky vidieckeho obyvate\u013estva a upozornili na jeho probl\u00e9my v takomto rozsahu. V\u00fdsledkom \u0161trajkov boli z\u00e1ruky nedotknute\u013enosti ro\u013en\u00edckeho majetku s dedi\u010dsk\u00fdmi pr\u00e1vami, zrovnopr\u00e1vnenie individu\u00e1lnych po\u013enohospod\u00e1rov so \u0161t\u00e1tnym a dru\u017estevn\u00fdm po\u013enohospod\u00e1rstvom a zru\u0161enie obmedzen\u00ed obchodovania s po\u013enohospod\u00e1rskou p\u00f4dou.<\/p>\n<p>V liste \u00fa\u010dastn\u00edkom sl\u00e1vnosti a konferencie v Rzeszowe Marek Kuchci\u0144ski nap\u00edsal, \u017ee sloboda je ve\u013ek\u00fdm dobrom - dobrom, ktor\u00e9 si treba v\u00e1\u017ei\u0165 a chr\u00e1ni\u0165 zo v\u0161etk\u00fdch s\u00edl. Dlh\u00fd pochod za slobodou zah\u0155\u0148a aj \u0161trajky po\u013enohospod\u00e1rov v Ustrzykach Dolnych a Rzeszowe v rokoch 1981\/1982, ke\u010f sa po\u013enohospod\u00e1ri odv\u00e1\u017ene do\u017eadovali vlastn\u00edctva p\u00f4dy a dodr\u017eiavania pr\u00e1va na slobodu prejavu a svedomia. Dosiahli ve\u013ek\u00fd \u00faspech a v\u00fdsledkom ich odhodlania boli dohody z Rzeszowa a Ustrzyk. - Toto ve\u013ek\u00e9 v\u00ed\u0165azstvo v n\u00e1s - obyvate\u013eoch Podkarpatskej Rusi - prebudilo pocit d\u00f4stojnosti, ako aj vieru vo vlastn\u00e9 schopnosti a silu. T\u00e1to viera n\u00e1m umo\u017enila pokra\u010dova\u0165 v boji proti komunistick\u00e9mu re\u017eimu po\u010das \u0165a\u017ek\u00fdch mesiacov vojnov\u00e9ho stavu a nasleduj\u00facich rokov,\" zd\u00f4raznil predseda Sejmu.<\/p>\n<p><em>Foto: IPN Rzesz\u00f3w<\/em><\/p>","protected":false},"excerpt":{"rendered":"<p>Pod honorowym patronatem marsza\u0142ka Sejmu Marka Kuchci\u0144skiego odby\u0142y si\u0119 uroczysto\u015bci zwi\u0105zane z 38. rocznic\u0105 porozumie\u0144 rzeszowsko-ustrzyckich.\u00a0 Podpisane w nocy z 18 na 19 i 20 lutego 1981 roku porozumienia ko\u0144czy\u0142y trwaj\u0105ce ponad p\u00f3\u0142tora miesi\u0105ca strajki rolnicze w Rzeszowie i Ustrzykach Dolnych. By\u0142y pierwszymi, w kt\u00f3rych uwzgl\u0119dniono postulaty mieszka\u0144c\u00f3w wsi i kt\u00f3re w takiej skali zwr\u00f3ci\u0142y [&hellip;]<\/p>\n","protected":false},"author":6,"featured_media":13155,"comment_status":"open","ping_status":"open","sticky":false,"template":"","format":"standard","meta":{"ngg_post_thumbnail":0,"footnotes":""},"categories":[49,77,3],"tags":[],"class_list":["post-13117","post","type-post","status-publish","format-standard","has-post-thumbnail","hentry","category-podkarpacie","category-wazne-daty","category-wydarzenia"],"_links":{"self":[{"href":"https:\/\/marekkuchcinski.pl\/sk\/wp-json\/wp\/v2\/posts\/13117","targetHints":{"allow":["GET"]}}],"collection":[{"href":"https:\/\/marekkuchcinski.pl\/sk\/wp-json\/wp\/v2\/posts"}],"about":[{"href":"https:\/\/marekkuchcinski.pl\/sk\/wp-json\/wp\/v2\/types\/post"}],"author":[{"embeddable":true,"href":"https:\/\/marekkuchcinski.pl\/sk\/wp-json\/wp\/v2\/users\/6"}],"replies":[{"embeddable":true,"href":"https:\/\/marekkuchcinski.pl\/sk\/wp-json\/wp\/v2\/comments?post=13117"}],"version-history":[{"count":5,"href":"https:\/\/marekkuchcinski.pl\/sk\/wp-json\/wp\/v2\/posts\/13117\/revisions"}],"predecessor-version":[{"id":13157,"href":"https:\/\/marekkuchcinski.pl\/sk\/wp-json\/wp\/v2\/posts\/13117\/revisions\/13157"}],"wp:featuredmedia":[{"embeddable":true,"href":"https:\/\/marekkuchcinski.pl\/sk\/wp-json\/wp\/v2\/media\/13155"}],"wp:attachment":[{"href":"https:\/\/marekkuchcinski.pl\/sk\/wp-json\/wp\/v2\/media?parent=13117"}],"wp:term":[{"taxonomy":"category","embeddable":true,"href":"https:\/\/marekkuchcinski.pl\/sk\/wp-json\/wp\/v2\/categories?post=13117"},{"taxonomy":"post_tag","embeddable":true,"href":"https:\/\/marekkuchcinski.pl\/sk\/wp-json\/wp\/v2\/tags?post=13117"}],"curies":[{"name":"wp","href":"https:\/\/api.w.org\/{rel}","templated":true}]}}